{"id":13834,"date":"2024-12-16T13:06:03","date_gmt":"2024-12-16T12:06:03","guid":{"rendered":"https:\/\/radiolitoral.com\/?p=13834"},"modified":"2024-12-16T13:06:03","modified_gmt":"2024-12-16T12:06:03","slug":"donacio-de-sang-especial-de-nadal-a-xabia-salva-vinyes-aquest-desembre","status":"publish","type":"post","link":"https:\/\/radiolitoral.com\/ca\/2024\/12\/donacio-de-sang-especial-de-nadal-a-xabia-salva-vides-aquest-desembre\/","title":{"rendered":"Donaci\u00f3 de sang especial de Nadal a X\u00e0bia: salva vinyes aquest desembre"},"content":{"rendered":"<p>El proper <strong>mi\u00e9rcoles, 18 de desembre de 2024<\/strong>, el <strong>Centre de Salut de X\u00e0bia<\/strong> ser\u00e0 lescenari duna jornada solid\u00e0ria. La campanya de <strong>donaci\u00f3 de sang<\/strong> \u00e9s dur\u00e0 a terme de <strong>17:00 a 20:30 hores<\/strong>.<\/p>\n<p>Aquesta iniciativa nadalenca est\u00e0 organitzada per la <strong>Creu Roja<\/strong> i compta amb el suport de l&#039;<a href=\"https:\/\/www.ajxabia.com\/\"><strong>Ajuntament de X\u00e0bia<\/strong><\/a>. L&#039;objectiu \u00e9s sumar el m\u00e0xim nom de donants possibles.<\/p>\n<h4><strong>Un obsequi per un gest solidari<\/strong><\/h4>\n<p>Durant la jornada, totes les persones que participin a la <strong>donaci\u00f3 de sang<\/strong> rebran un <strong>obsequi especial<\/strong>. Aquest detall \u00e9s un agra\u00efment de l&#039;Ajuntament. Per\u00f2, atenci\u00f3! Ser\u00e0 fins a agotar exist\u00e8ncies.<\/p>\n<p><strong>Donar sang<\/strong> \u00e9s senzill, r\u00e0pid i segur. A m\u00e9s, cada donaci\u00f3 pot ajudar a salvar diverses vinyes. Per aix\u00f2, aquesta acci\u00f3 \u00e9s imprescindible, especialment durant el Nadal.<\/p>\n<p>\u00c9s una ocasi\u00f3 perfecta per mostrar <strong>solidaritat<\/strong>. A m\u00e9s, \u00e9s una oportunitat per contribuir a una causa noble. En aquestes dates, el teu <strong>petit gest<\/strong> pot marcar una gran difer\u00e8ncia.<\/p>\n<p>No olvidis: <strong>mi\u00e9rcoles, 18 de desembre<\/strong>, tens una cita amb la solidaritat. <strong>Centre de Salut de X\u00e0bia<\/strong> i posa el teu granet de sorra.<\/p>","protected":false},"excerpt":{"rendered":"<p>El pr\u00f2xim dimecres, 18 de desembre de 2024, el Centre de Salut de X\u00e0bia ser\u00e0 l\u2019escenari d\u2019una jornada solid\u00e0ria. La campanya de donaci\u00f3 de sang es dur\u00e0 a terme de 17:00 a 20:30 hores. Aquesta iniciativa nadalenca est\u00e0 organitzada per la Creu Roja i compta amb el suport de l\u2019Ajuntament de X\u00e0bia. L\u2019objectiu \u00e9s sumar [&#8230;]<\/p>\n<p><a class=\"btn btn-secondary understrap-read-more-link\" href=\"https:\/\/radiolitoral.com\/ca\/2024\/12\/donacio-de-sang-especial-de-nadal-a-xabia-salva-vides-aquest-desembre\/\">Continua llegint&#8230;<span class=\"screen-reader-text\"> from Donaci\u00f3 de sang especial de Nadal a X\u00e0bia: salva vides aquest desembre<\/span><\/a><\/p>\n","protected":false},"author":13,"featured_media":13838,"comment_status":"open","ping_status":"closed","sticky":false,"template":"","format":"standard","meta":{"_acf_changed":false,"inline_featured_image":false,"footnotes":""},"categories":[855],"tags":[2157,2873,3026,3025,3030,3024,3027,3028,3029,196],"class_list":["post-13834","post","type-post","status-publish","format-standard","has-post-thumbnail","hentry","category-solidaridad","tag-ajuntament-de-xabia","tag-campanya-solidaria","tag-centre-de-salut","tag-creu-roja","tag-desembre-2024","tag-donacio-de-sang","tag-donacio-nadal","tag-obsequi-ajuntament","tag-salva-vides","tag-xabia","cobertura-xabia"],"acf":[],"yoast_head":"<!-- This site is optimized with the Yoast SEO plugin v27.5 - https:\/\/yoast.com\/product\/yoast-seo-wordpress\/ -->\n<title>Salva vides aquest desembre a la donaci\u00f3 de sang de X\u00e0bia | R\u00e0dio Litoral<\/title>\n<meta name=\"description\" content=\"Durant la jornada, totes les persones que participen en la donaci\u00f3 de sang rebran un obsequi especial per part de l&#039;Ajuntament de X\u00e0bia.\" \/>\n<meta name=\"robots\" content=\"index, follow, max-snippet:-1, max-image-preview:large, max-video-preview:-1\" \/>\n<link rel=\"canonical\" href=\"https:\/\/radiolitoral.com\/ca\/2024\/12\/donacio-de-sang-especial-de-nadal-a-xabia-salva-vinyes-aquest-desembre\/\" \/>\n<meta property=\"og:locale\" content=\"ca_ES\" \/>\n<meta property=\"og:type\" content=\"article\" \/>\n<meta property=\"og:title\" content=\"Salva vides aquest desembre a la donaci\u00f3 de sang de X\u00e0bia | R\u00e0dio Litoral\" \/>\n<meta property=\"og:description\" content=\"Durant la jornada, totes les persones que participen en la donaci\u00f3 de sang rebran un obsequi especial per part de l&#039;Ajuntament de X\u00e0bia.\" \/>\n<meta property=\"og:url\" content=\"https:\/\/radiolitoral.com\/ca\/2024\/12\/donacio-de-sang-especial-de-nadal-a-xabia-salva-vinyes-aquest-desembre\/\" \/>\n<meta property=\"og:site_name\" content=\"R\u00e0dio Litoral\" \/>\n<meta property=\"article:publisher\" content=\"https:\/\/www.facebook.com\/Laradiolitoral\/\" \/>\n<meta property=\"article:published_time\" content=\"2024-12-16T12:06:03+00:00\" \/>\n<meta property=\"og:image\" content=\"https:\/\/media.radiolitoral.com\/wp-content\/uploads\/2024\/12\/16130506\/imagen-archivo-persona-donando-sangre_98.webp\" \/>\n\t<meta property=\"og:image:width\" content=\"1900\" \/>\n\t<meta property=\"og:image:height\" content=\"1069\" \/>\n\t<meta property=\"og:image:type\" content=\"image\/webp\" \/>\n<meta name=\"author\" content=\"Redacci\u00f3n\" \/>\n<meta name=\"twitter:card\" content=\"summary_large_image\" \/>\n<meta name=\"twitter:label1\" content=\"Escrit per\" \/>\n\t<meta name=\"twitter:data1\" content=\"Redacci\u00f3n\" \/>\n\t<meta name=\"twitter:label2\" content=\"Temps estimat de lectura\" \/>\n\t<meta name=\"twitter:data2\" content=\"2 minuts\" \/>\n<script type=\"application\/ld+json\" class=\"yoast-schema-graph\">{\"@context\":\"https:\\\/\\\/schema.org\",\"@graph\":[{\"@type\":\"NewsArticle\",\"@id\":\"https:\\\/\\\/radiolitoral.com\\\/2024\\\/12\\\/donacio-de-sang-especial-de-nadal-a-xabia-salva-vides-aquest-desembre\\\/#article\",\"isPartOf\":{\"@id\":\"https:\\\/\\\/radiolitoral.com\\\/2024\\\/12\\\/donacio-de-sang-especial-de-nadal-a-xabia-salva-vides-aquest-desembre\\\/\"},\"author\":{\"name\":\"Redacci\u00f3n\",\"@id\":\"https:\\\/\\\/radiolitoral.com\\\/#\\\/schema\\\/person\\\/f2b2343c49b5d721857cc1002bfdb151\"},\"headline\":\"Donaci\u00f3 de sang especial de Nadal a X\u00e0bia: salva vides aquest desembre\",\"datePublished\":\"2024-12-16T12:06:03+00:00\",\"mainEntityOfPage\":{\"@id\":\"https:\\\/\\\/radiolitoral.com\\\/2024\\\/12\\\/donacio-de-sang-especial-de-nadal-a-xabia-salva-vides-aquest-desembre\\\/\"},\"wordCount\":206,\"commentCount\":0,\"publisher\":{\"@id\":\"https:\\\/\\\/radiolitoral.com\\\/#organization\"},\"image\":{\"@id\":\"https:\\\/\\\/radiolitoral.com\\\/2024\\\/12\\\/donacio-de-sang-especial-de-nadal-a-xabia-salva-vides-aquest-desembre\\\/#primaryimage\"},\"thumbnailUrl\":\"https:\\\/\\\/media.radiolitoral.com\\\/wp-content\\\/uploads\\\/2024\\\/12\\\/16130506\\\/imagen-archivo-persona-donando-sangre_98.webp\",\"keywords\":[\"Ajuntament de X\u00e0bia\",\"Campanya solidaria\",\"Centre de Salut\",\"Creu Roja\",\"desembre 2024\",\"donaci\u00f3 de sang\",\"donaci\u00f3 Nadal\",\"obsequi ajuntament\",\"salva vides\",\"X\u00e0bia.\"],\"articleSection\":[\"Solidaridad\"],\"inLanguage\":\"ca\",\"potentialAction\":[{\"@type\":\"CommentAction\",\"name\":\"Comment\",\"target\":[\"https:\\\/\\\/radiolitoral.com\\\/2024\\\/12\\\/donacio-de-sang-especial-de-nadal-a-xabia-salva-vides-aquest-desembre\\\/#respond\"]}]},{\"@type\":[\"WebPage\",\"ItemPage\"],\"@id\":\"https:\\\/\\\/radiolitoral.com\\\/2024\\\/12\\\/donacio-de-sang-especial-de-nadal-a-xabia-salva-vides-aquest-desembre\\\/\",\"url\":\"https:\\\/\\\/radiolitoral.com\\\/2024\\\/12\\\/donacio-de-sang-especial-de-nadal-a-xabia-salva-vides-aquest-desembre\\\/\",\"name\":\"Salva vides aquest desembre a la donaci\u00f3 de sang de X\u00e0bia | R\u00e0dio Litoral\",\"isPartOf\":{\"@id\":\"https:\\\/\\\/radiolitoral.com\\\/#website\"},\"primaryImageOfPage\":{\"@id\":\"https:\\\/\\\/radiolitoral.com\\\/2024\\\/12\\\/donacio-de-sang-especial-de-nadal-a-xabia-salva-vides-aquest-desembre\\\/#primaryimage\"},\"image\":{\"@id\":\"https:\\\/\\\/radiolitoral.com\\\/2024\\\/12\\\/donacio-de-sang-especial-de-nadal-a-xabia-salva-vides-aquest-desembre\\\/#primaryimage\"},\"thumbnailUrl\":\"https:\\\/\\\/media.radiolitoral.com\\\/wp-content\\\/uploads\\\/2024\\\/12\\\/16130506\\\/imagen-archivo-persona-donando-sangre_98.webp\",\"datePublished\":\"2024-12-16T12:06:03+00:00\",\"description\":\"Durant la jornada, totes les persones que participen en la donaci\u00f3 de sang rebran un obsequi especial per part de l'Ajuntament de X\u00e0bia.\",\"breadcrumb\":{\"@id\":\"https:\\\/\\\/radiolitoral.com\\\/2024\\\/12\\\/donacio-de-sang-especial-de-nadal-a-xabia-salva-vides-aquest-desembre\\\/#breadcrumb\"},\"inLanguage\":\"ca\",\"potentialAction\":[{\"@type\":\"ReadAction\",\"target\":[\"https:\\\/\\\/radiolitoral.com\\\/2024\\\/12\\\/donacio-de-sang-especial-de-nadal-a-xabia-salva-vides-aquest-desembre\\\/\"]}]},{\"@type\":\"ImageObject\",\"inLanguage\":\"ca\",\"@id\":\"https:\\\/\\\/radiolitoral.com\\\/2024\\\/12\\\/donacio-de-sang-especial-de-nadal-a-xabia-salva-vides-aquest-desembre\\\/#primaryimage\",\"url\":\"https:\\\/\\\/media.radiolitoral.com\\\/wp-content\\\/uploads\\\/2024\\\/12\\\/16130506\\\/imagen-archivo-persona-donando-sangre_98.webp\",\"contentUrl\":\"https:\\\/\\\/media.radiolitoral.com\\\/wp-content\\\/uploads\\\/2024\\\/12\\\/16130506\\\/imagen-archivo-persona-donando-sangre_98.webp\",\"width\":1900,\"height\":1069,\"caption\":\"donaci\u00f3-sang-x\u00e0bia\"},{\"@type\":\"BreadcrumbList\",\"@id\":\"https:\\\/\\\/radiolitoral.com\\\/2024\\\/12\\\/donacio-de-sang-especial-de-nadal-a-xabia-salva-vides-aquest-desembre\\\/#breadcrumb\",\"itemListElement\":[{\"@type\":\"ListItem\",\"position\":1,\"name\":\"Portada\",\"item\":\"https:\\\/\\\/radiolitoral.com\\\/\"},{\"@type\":\"ListItem\",\"position\":2,\"name\":\"Donaci\u00f3 de sang especial de Nadal a X\u00e0bia: salva vides aquest desembre\"}]},{\"@type\":\"WebSite\",\"@id\":\"https:\\\/\\\/radiolitoral.com\\\/#website\",\"url\":\"https:\\\/\\\/radiolitoral.com\\\/\",\"name\":\"Radio Litoral\",\"description\":\"La radio local de la Marina Alta\",\"publisher\":{\"@id\":\"https:\\\/\\\/radiolitoral.com\\\/#organization\"},\"alternateName\":\"Litoral FM\",\"potentialAction\":[{\"@type\":\"SearchAction\",\"target\":{\"@type\":\"EntryPoint\",\"urlTemplate\":\"https:\\\/\\\/radiolitoral.com\\\/?s={search_term_string}\"},\"query-input\":{\"@type\":\"PropertyValueSpecification\",\"valueRequired\":true,\"valueName\":\"search_term_string\"}}],\"inLanguage\":\"ca\"},{\"@type\":\"Organization\",\"@id\":\"https:\\\/\\\/radiolitoral.com\\\/#organization\",\"name\":\"Radio Litoral\",\"url\":\"https:\\\/\\\/radiolitoral.com\\\/\",\"logo\":{\"@type\":\"ImageObject\",\"inLanguage\":\"ca\",\"@id\":\"https:\\\/\\\/radiolitoral.com\\\/#\\\/schema\\\/logo\\\/image\\\/\",\"url\":\"https:\\\/\\\/media.radiolitoral.com\\\/wp-content\\\/uploads\\\/2023\\\/02\\\/24143238\\\/CL-V-RadioLitoral696.png\",\"contentUrl\":\"https:\\\/\\\/media.radiolitoral.com\\\/wp-content\\\/uploads\\\/2023\\\/02\\\/24143238\\\/CL-V-RadioLitoral696.png\",\"width\":696,\"height\":696,\"caption\":\"Radio Litoral\"},\"image\":{\"@id\":\"https:\\\/\\\/radiolitoral.com\\\/#\\\/schema\\\/logo\\\/image\\\/\"},\"sameAs\":[\"https:\\\/\\\/www.facebook.com\\\/Laradiolitoral\\\/\"]},{\"@type\":\"Person\",\"@id\":\"https:\\\/\\\/radiolitoral.com\\\/#\\\/schema\\\/person\\\/f2b2343c49b5d721857cc1002bfdb151\",\"name\":\"Redacci\u00f3n\",\"image\":{\"@type\":\"ImageObject\",\"inLanguage\":\"ca\",\"@id\":\"https:\\\/\\\/secure.gravatar.com\\\/avatar\\\/f771d896c203ad8b3382d7905cfcce5a5c9b008b84b3cd9114e9b9f4cb63f789?s=96&d=mm&r=g\",\"url\":\"https:\\\/\\\/secure.gravatar.com\\\/avatar\\\/f771d896c203ad8b3382d7905cfcce5a5c9b008b84b3cd9114e9b9f4cb63f789?s=96&d=mm&r=g\",\"contentUrl\":\"https:\\\/\\\/secure.gravatar.com\\\/avatar\\\/f771d896c203ad8b3382d7905cfcce5a5c9b008b84b3cd9114e9b9f4cb63f789?s=96&d=mm&r=g\",\"caption\":\"Redacci\u00f3n\"},\"url\":\"https:\\\/\\\/radiolitoral.com\\\/ca\\\/author\\\/miriam-pagan\\\/\"}]}<\/script>\n<!-- \/ Yoast SEO plugin. -->","yoast_head_json":{"title":"Salva vinyes aquest desembre a la donaci\u00f3 de sang de X\u00e0bia | R\u00e0dio Litoral","description":"Durant la jornada, totes les persones que participin a la donaci\u00f3 de sang rebran un obsequi especial per part de l&#039;Ajuntament de X\u00e0bia.","robots":{"index":"index","follow":"follow","max-snippet":"max-snippet:-1","max-image-preview":"max-image-preview:large","max-video-preview":"max-video-preview:-1"},"canonical":"https:\/\/radiolitoral.com\/ca\/2024\/12\/donacio-de-sang-especial-de-nadal-a-xabia-salva-vinyes-aquest-desembre\/","og_locale":"ca_ES","og_type":"article","og_title":"Salva vides aquest desembre a la donaci\u00f3 de sang de X\u00e0bia | R\u00e0dio Litoral","og_description":"Durant la jornada, totes les persones que participen en la donaci\u00f3 de sang rebran un obsequi especial per part de l'Ajuntament de X\u00e0bia.","og_url":"https:\/\/radiolitoral.com\/ca\/2024\/12\/donacio-de-sang-especial-de-nadal-a-xabia-salva-vinyes-aquest-desembre\/","og_site_name":"R\u00e0dio Litoral","article_publisher":"https:\/\/www.facebook.com\/Laradiolitoral\/","article_published_time":"2024-12-16T12:06:03+00:00","og_image":[{"width":1900,"height":1069,"url":"https:\/\/media.radiolitoral.com\/wp-content\/uploads\/2024\/12\/16130506\/imagen-archivo-persona-donando-sangre_98.webp","type":"image\/webp"}],"author":"Redacci\u00f3n","twitter_card":"summary_large_image","twitter_misc":{"Escrit per":"Redacci\u00f3n","Temps estimat de lectura":"2 minuts"},"schema":{"@context":"https:\/\/schema.org","@graph":[{"@type":"NewsArticle","@id":"https:\/\/radiolitoral.com\/2024\/12\/donacio-de-sang-especial-de-nadal-a-xabia-salva-vides-aquest-desembre\/#article","isPartOf":{"@id":"https:\/\/radiolitoral.com\/2024\/12\/donacio-de-sang-especial-de-nadal-a-xabia-salva-vides-aquest-desembre\/"},"author":{"name":"Redacci\u00f3n","@id":"https:\/\/radiolitoral.com\/#\/schema\/person\/f2b2343c49b5d721857cc1002bfdb151"},"headline":"Donaci\u00f3 de sang especial de Nadal a X\u00e0bia: salva vides aquest desembre","datePublished":"2024-12-16T12:06:03+00:00","mainEntityOfPage":{"@id":"https:\/\/radiolitoral.com\/2024\/12\/donacio-de-sang-especial-de-nadal-a-xabia-salva-vides-aquest-desembre\/"},"wordCount":206,"commentCount":0,"publisher":{"@id":"https:\/\/radiolitoral.com\/#organization"},"image":{"@id":"https:\/\/radiolitoral.com\/2024\/12\/donacio-de-sang-especial-de-nadal-a-xabia-salva-vides-aquest-desembre\/#primaryimage"},"thumbnailUrl":"https:\/\/media.radiolitoral.com\/wp-content\/uploads\/2024\/12\/16130506\/imagen-archivo-persona-donando-sangre_98.webp","keywords":["Ajuntament de X\u00e0bia","Campanya solidaria","Centre de Salut","Creu Roja","desembre 2024","donaci\u00f3 de sang","donaci\u00f3 Nadal","obsequi ajuntament","salva vides","X\u00e0bia."],"articleSection":["Solidaridad"],"inLanguage":"ca","potentialAction":[{"@type":"CommentAction","name":"Comment","target":["https:\/\/radiolitoral.com\/2024\/12\/donacio-de-sang-especial-de-nadal-a-xabia-salva-vides-aquest-desembre\/#respond"]}]},{"@type":["WebPage","ItemPage"],"@id":"https:\/\/radiolitoral.com\/2024\/12\/donacio-de-sang-especial-de-nadal-a-xabia-salva-vides-aquest-desembre\/","url":"https:\/\/radiolitoral.com\/2024\/12\/donacio-de-sang-especial-de-nadal-a-xabia-salva-vides-aquest-desembre\/","name":"Salva vinyes aquest desembre a la donaci\u00f3 de sang de X\u00e0bia | R\u00e0dio Litoral","isPartOf":{"@id":"https:\/\/radiolitoral.com\/#website"},"primaryImageOfPage":{"@id":"https:\/\/radiolitoral.com\/2024\/12\/donacio-de-sang-especial-de-nadal-a-xabia-salva-vides-aquest-desembre\/#primaryimage"},"image":{"@id":"https:\/\/radiolitoral.com\/2024\/12\/donacio-de-sang-especial-de-nadal-a-xabia-salva-vides-aquest-desembre\/#primaryimage"},"thumbnailUrl":"https:\/\/media.radiolitoral.com\/wp-content\/uploads\/2024\/12\/16130506\/imagen-archivo-persona-donando-sangre_98.webp","datePublished":"2024-12-16T12:06:03+00:00","description":"Durant la jornada, totes les persones que participin a la donaci\u00f3 de sang rebran un obsequi especial per part de l&#039;Ajuntament de X\u00e0bia.","breadcrumb":{"@id":"https:\/\/radiolitoral.com\/2024\/12\/donacio-de-sang-especial-de-nadal-a-xabia-salva-vides-aquest-desembre\/#breadcrumb"},"inLanguage":"ca","potentialAction":[{"@type":"ReadAction","target":["https:\/\/radiolitoral.com\/2024\/12\/donacio-de-sang-especial-de-nadal-a-xabia-salva-vides-aquest-desembre\/"]}]},{"@type":"ImageObject","inLanguage":"ca","@id":"https:\/\/radiolitoral.com\/2024\/12\/donacio-de-sang-especial-de-nadal-a-xabia-salva-vides-aquest-desembre\/#primaryimage","url":"https:\/\/media.radiolitoral.com\/wp-content\/uploads\/2024\/12\/16130506\/imagen-archivo-persona-donando-sangre_98.webp","contentUrl":"https:\/\/media.radiolitoral.com\/wp-content\/uploads\/2024\/12\/16130506\/imagen-archivo-persona-donando-sangre_98.webp","width":1900,"height":1069,"caption":"donaci\u00f3-sang-x\u00e0bia"},{"@type":"BreadcrumbList","@id":"https:\/\/radiolitoral.com\/2024\/12\/donacio-de-sang-especial-de-nadal-a-xabia-salva-vides-aquest-desembre\/#breadcrumb","itemListElement":[{"@type":"ListItem","position":1,"name":"Portada","item":"https:\/\/radiolitoral.com\/"},{"@type":"ListItem","position":2,"name":"Donaci\u00f3 de sang especial de Nadal a X\u00e0bia: salva vides aquest desembre"}]},{"@type":"WebSite","@id":"https:\/\/radiolitoral.com\/#website","url":"https:\/\/radiolitoral.com\/","name":"R\u00e0dio Litoral","description":"La r\u00e0dio local de la Marina Alta","publisher":{"@id":"https:\/\/radiolitoral.com\/#organization"},"alternateName":"Litoral FM","potentialAction":[{"@type":"SearchAction","target":{"@type":"EntryPoint","urlTemplate":"https:\/\/radiolitoral.com\/?s={search_term_string}"},"query-input":{"@type":"PropertyValueSpecification","valueRequired":true,"valueName":"search_term_string"}}],"inLanguage":"ca"},{"@type":"Organization","@id":"https:\/\/radiolitoral.com\/#organization","name":"R\u00e0dio Litoral","url":"https:\/\/radiolitoral.com\/","logo":{"@type":"ImageObject","inLanguage":"ca","@id":"https:\/\/radiolitoral.com\/#\/schema\/logo\/image\/","url":"https:\/\/media.radiolitoral.com\/wp-content\/uploads\/2023\/02\/24143238\/CL-V-RadioLitoral696.png","contentUrl":"https:\/\/media.radiolitoral.com\/wp-content\/uploads\/2023\/02\/24143238\/CL-V-RadioLitoral696.png","width":696,"height":696,"caption":"Radio Litoral"},"image":{"@id":"https:\/\/radiolitoral.com\/#\/schema\/logo\/image\/"},"sameAs":["https:\/\/www.facebook.com\/Laradiolitoral\/"]},{"@type":"Person","@id":"https:\/\/radiolitoral.com\/#\/schema\/person\/f2b2343c49b5d721857cc1002bfdb151","name":"Redacci\u00f3","image":{"@type":"ImageObject","inLanguage":"ca","@id":"https:\/\/secure.gravatar.com\/avatar\/f771d896c203ad8b3382d7905cfcce5a5c9b008b84b3cd9114e9b9f4cb63f789?s=96&d=mm&r=g","url":"https:\/\/secure.gravatar.com\/avatar\/f771d896c203ad8b3382d7905cfcce5a5c9b008b84b3cd9114e9b9f4cb63f789?s=96&d=mm&r=g","contentUrl":"https:\/\/secure.gravatar.com\/avatar\/f771d896c203ad8b3382d7905cfcce5a5c9b008b84b3cd9114e9b9f4cb63f789?s=96&d=mm&r=g","caption":"Redacci\u00f3n"},"url":"https:\/\/radiolitoral.com\/ca\/author\/miriam-pagan\/"}]}},"_links":{"self":[{"href":"https:\/\/radiolitoral.com\/ca\/wp-json\/wp\/v2\/posts\/13834","targetHints":{"allow":["GET"]}}],"collection":[{"href":"https:\/\/radiolitoral.com\/ca\/wp-json\/wp\/v2\/posts"}],"about":[{"href":"https:\/\/radiolitoral.com\/ca\/wp-json\/wp\/v2\/types\/post"}],"author":[{"embeddable":true,"href":"https:\/\/radiolitoral.com\/ca\/wp-json\/wp\/v2\/users\/13"}],"replies":[{"embeddable":true,"href":"https:\/\/radiolitoral.com\/ca\/wp-json\/wp\/v2\/comments?post=13834"}],"version-history":[{"count":2,"href":"https:\/\/radiolitoral.com\/ca\/wp-json\/wp\/v2\/posts\/13834\/revisions"}],"predecessor-version":[{"id":13836,"href":"https:\/\/radiolitoral.com\/ca\/wp-json\/wp\/v2\/posts\/13834\/revisions\/13836"}],"wp:featuredmedia":[{"embeddable":true,"href":"https:\/\/radiolitoral.com\/ca\/wp-json\/wp\/v2\/media\/13838"}],"wp:attachment":[{"href":"https:\/\/radiolitoral.com\/ca\/wp-json\/wp\/v2\/media?parent=13834"}],"wp:term":[{"taxonomy":"category","embeddable":true,"href":"https:\/\/radiolitoral.com\/ca\/wp-json\/wp\/v2\/categories?post=13834"},{"taxonomy":"post_tag","embeddable":true,"href":"https:\/\/radiolitoral.com\/ca\/wp-json\/wp\/v2\/tags?post=13834"}],"curies":[{"name":"wp","href":"https:\/\/api.w.org\/{rel}","templated":true}]}}