{"id":13812,"date":"2024-12-16T11:04:25","date_gmt":"2024-12-16T10:04:25","guid":{"rendered":"https:\/\/radiolitoral.com\/?p=13812"},"modified":"2024-12-16T11:04:25","modified_gmt":"2024-12-16T10:04:25","slug":"la-gran-nit-de-maite-ferra","status":"publish","type":"post","link":"https:\/\/radiolitoral.com\/ca\/2024\/12\/la-gran-nit-de-maite-ferra\/","title":{"rendered":"La gran nit de Maite Ferr\u00e0"},"content":{"rendered":"<p>La nit del 13 de desembre, el Palau Sant Pere de Benissa va acollir la <strong>I Gala de l&#039;Esport de Benissa<\/strong>, un esdeveniment on es van homenatjar els \u00e8xits aconseguits per clubs i escoles esportives municipals durant la temporada 2023-2024. Un gran nom de disciplines esportives van estar representades, amb la pres\u00e8ncia de membres d&#039;escoles i clubs de b\u00e0squet, futbol, atletisme, futbol sala, pilota valenciana, ciclisme, gimn\u00e0stica r\u00edtmica,\u00a0<span class=\"hiddenSuggestion\">boxeig<\/span>,\u00a0<span class=\"hiddenSuggestion\">volei<\/span>, nataci\u00f3, karate,\u00a0<span class=\"hiddenSuggestion\">tennis<\/span>\u00a0taula, tir amb arc, automobilisme, esports n\u00e0utics, golf i h\u00edpica.<\/p>\n<p>L&#039;esdeveniment va comen\u00e7ar amb un emotiu homenatge a les v\u00edctimes de la devastadora\u00a0<span class=\"hiddenSpellError\">DANA<\/span>\u00a0que va colpejar la Comunitat Valenciana el passat 29 d&#039;octubre, un moment que va commoure els assistents. El trompetista Llu\u00eds Berenguer va interpretar l&#039;himne de la Comunitat Valenciana davant d&#039;un Palau Sant Pere en silenci.<\/p>\n<p>Un dels moments m\u00e9s destacats va ser l&#039;homenatge a<strong> Maite Ferr\u00e0<\/strong>, atleta del <strong>Ginestar Atletisme Benissa<\/strong>, triada <strong>Esportista de l&#039;Any<\/strong> per la\u00a0<span class=\"hiddenSuggestion\">seva<\/span>\u00a0capacitat de superar qualsevol repte i per ser un gran exemple de superaci\u00f3. Ferr\u00e0 va rebre el guarda acompanyada pel seu germ\u00e0,\u00a0<strong><span class=\"hiddenSpellError\">MarcosGinestar Atletisme Benissa<\/span>\u00a0Ferr\u00e0<\/strong>, qui \u00e9s tamb\u00e9 el seu guia a les carreres.<\/p>\n<figure id=\"attachment_13814\" aria-describedby=\"caption-attachment-13814\" style=\"width: 1024px\" class=\"wp-caption alignnone\"><img loading=\"lazy\" decoding=\"async\" class=\"wp-image-13814 size-full\" src=\"https:\/\/media.radiolitoral.com\/wp-content\/uploads\/2024\/12\/16110024\/Benjamin-A.-Futbol-Campeon-de-la-Liga.jpg\" alt=\"\" width=\"1024\" height=\"683\" srcset=\"https:\/\/media.radiolitoral.com\/wp-content\/uploads\/2024\/12\/16110024\/Benjamin-A.-Futbol-Campeon-de-la-Liga.jpg 1024w, https:\/\/media.radiolitoral.com\/wp-content\/uploads\/2024\/12\/16110024\/Benjamin-A.-Futbol-Campeon-de-la-Liga-300x200.jpg 300w, https:\/\/media.radiolitoral.com\/wp-content\/uploads\/2024\/12\/16110024\/Benjamin-A.-Futbol-Campeon-de-la-Liga-768x512.jpg 768w, https:\/\/media.radiolitoral.com\/wp-content\/uploads\/2024\/12\/16110024\/Benjamin-A.-Futbol-Campeon-de-la-Liga-18x12.jpg 18w, https:\/\/media.radiolitoral.com\/wp-content\/uploads\/2024\/12\/16110024\/Benjamin-A.-Futbol-Campeon-de-la-Liga-1000x667.jpg 1000w, https:\/\/media.radiolitoral.com\/wp-content\/uploads\/2024\/12\/16110024\/Benjamin-A.-Futbol-Campeon-de-la-Liga-100x67.jpg 100w, https:\/\/media.radiolitoral.com\/wp-content\/uploads\/2024\/12\/16110024\/Benjamin-A.-Futbol-Campeon-de-la-Liga-200x133.jpg 200w\" sizes=\"auto, (max-width: 1024px) 100vw, 1024px\" \/><figcaption id=\"caption-attachment-13814\" class=\"wp-caption-text\">Benjamin A. Futbol Campi\u00f3 de la Lliga<\/figcaption><\/figure>\n<p>Durant la gala es lliuraran reconeixements a tots els equips de les <strong>Escoles Esportives Municipals<\/strong> que van aconseguir grans fites durant la temporada. A m\u00e9s, es van fer Mencions Especials a membres dels clubs del municipi que van destacar la temporada passada.<\/p>\n<p>La gala tamb\u00e9 comptar\u00e0 amb tres reconeixements especials a\u00a0<strong><span class=\"hiddenSpellError\">Carles<\/span>\u00a0Sifre<\/strong>, campi\u00f3 d&#039;Espanya de full\u00a0<span class=\"hiddenSuggestion\">contacte<\/span>\u00a0professional despr\u00e9s de 9 anys sense competir; <strong>Pere Ribes<\/strong>, pilotari guanyador de la Copa Caixa Popular el 17 de novembre; i <strong>Irina\u00a0<span class=\"hiddenSpellError\">Garcia<\/span><\/strong>, campiona d&#039;Espanya en gimn\u00e0stica r\u00edtmica en categoria Benjam\u00ed.<\/p>\n<div class=\"mceTemp\"><\/div>\n<figure id=\"attachment_13815\" aria-describedby=\"caption-attachment-13815\" style=\"width: 1024px\" class=\"wp-caption alignnone\"><img loading=\"lazy\" decoding=\"async\" class=\"wp-image-13815 size-full\" src=\"https:\/\/media.radiolitoral.com\/wp-content\/uploads\/2024\/12\/16110113\/Irina-Garcia.jpg\" alt=\"\" width=\"1024\" height=\"683\" srcset=\"https:\/\/media.radiolitoral.com\/wp-content\/uploads\/2024\/12\/16110113\/Irina-Garcia.jpg 1024w, https:\/\/media.radiolitoral.com\/wp-content\/uploads\/2024\/12\/16110113\/Irina-Garcia-300x200.jpg 300w, https:\/\/media.radiolitoral.com\/wp-content\/uploads\/2024\/12\/16110113\/Irina-Garcia-768x512.jpg 768w, https:\/\/media.radiolitoral.com\/wp-content\/uploads\/2024\/12\/16110113\/Irina-Garcia-18x12.jpg 18w, https:\/\/media.radiolitoral.com\/wp-content\/uploads\/2024\/12\/16110113\/Irina-Garcia-1000x667.jpg 1000w, https:\/\/media.radiolitoral.com\/wp-content\/uploads\/2024\/12\/16110113\/Irina-Garcia-100x67.jpg 100w, https:\/\/media.radiolitoral.com\/wp-content\/uploads\/2024\/12\/16110113\/Irina-Garcia-200x133.jpg 200w\" sizes=\"auto, (max-width: 1024px) 100vw, 1024px\" \/><figcaption id=\"caption-attachment-13815\" class=\"wp-caption-text\">Irina Garc\u00eda<\/figcaption><\/figure>\n<p>L&#039;impulsor d&#039;aquesta primera edici\u00f3 de la gala, el Regidor d&#039;Esports,\u00a0<strong><span class=\"hiddenSpellError\">Adri\u00e0<\/span>\u00a0Cabrera<\/strong>, va expressar que \u201c2024 ha estat un any ple de reptes i desafiaments. Els nostres esportistes han demostrat que el veritable triomf va m\u00e9s enll\u00e0 dels p\u00f2diums\u201d, afegint tamb\u00e9 \u201cavui els fem un homenatge pel seu coratge per intentar, la seva humilitat per aprendre i la seva grandesa per inspirar\u201d.<\/p>\n<p>Per la seva banda, l&#039;alcalde de Benissa,\u00a0<strong><span class=\"hiddenSpellError\">Arturo<\/span>\u00a0Poquet<\/strong>, va assegurar que \u201caquesta \u00e9s la primera gala de moltes\u201d i va subrayar la gran riquesa de l&#039;esport benisser, destacant que \u201c\u00e9s un orgull veure la gran quantitat d&#039;esportistes que tenim al nostre municipi de tantes disciplines\u201d.<\/p>","protected":false},"excerpt":{"rendered":"<p>La nit del 13 de desembre, el Palau Sant Pere de Benissa va acollir la I Gala de l\u2019Esport de Benissa, un esdeveniment en qu\u00e8 es van homenatjar els \u00e8xits aconseguits per clubs i escoles esportives municipals durant la temporada 2023-2024. Un gran nombre de disciplines esportives van estar representades, amb la pres\u00e8ncia de membres [&#8230;]<\/p>\n<p><a class=\"btn btn-secondary understrap-read-more-link\" href=\"https:\/\/radiolitoral.com\/ca\/2024\/12\/la-gran-nit-de-maite-ferra\/\">Continua llegint&#8230;<span class=\"screen-reader-text\"> from La gran nit de Maite Ferr\u00e0<\/span><\/a><\/p>\n","protected":false},"author":12,"featured_media":13813,"comment_status":"open","ping_status":"closed","sticky":false,"template":"","format":"standard","meta":{"_acf_changed":false,"inline_featured_image":false,"footnotes":""},"categories":[5],"tags":[886,1209,3020,6,3019,3017,3021,3018,2811],"class_list":["post-13812","post","type-post","status-publish","format-standard","has-post-thumbnail","hentry","category-deportes","tag-adrian-cabrera","tag-arturo-poquet","tag-carlos-sifre","tag-deportes","tag-ginestar-atletisme-benissa","tag-i-gala-de-lesport-de-benissa","tag-irina-garcia","tag-maite-ferra","tag-pere-ribes","cobertura-benissa"],"acf":[],"yoast_head":"<!-- This site is optimized with the Yoast SEO plugin v27.5 - https:\/\/yoast.com\/product\/yoast-seo-wordpress\/ -->\n<title>La gran nit de Maite Ferr\u00e0 | R\u00e0dio Litoral<\/title>\n<meta name=\"description\" content=\"Va ser triada Millor Esportista de l&#039;any en la Gala Esportiva de BenissaVa ser triada Millor Esportista de l&#039;any en la Gala Esportiva de Benissa\" \/>\n<meta name=\"robots\" content=\"index, follow, max-snippet:-1, max-image-preview:large, max-video-preview:-1\" \/>\n<link rel=\"canonical\" href=\"https:\/\/radiolitoral.com\/ca\/2024\/12\/la-gran-nit-de-maite-ferra\/\" \/>\n<meta property=\"og:locale\" content=\"ca_ES\" \/>\n<meta property=\"og:type\" content=\"article\" \/>\n<meta property=\"og:title\" content=\"La gran nit de Maite Ferr\u00e0 | R\u00e0dio Litoral\" \/>\n<meta property=\"og:description\" content=\"Va ser triada Millor Esportista de l&#039;any en la Gala Esportiva de BenissaVa ser triada Millor Esportista de l&#039;any en la Gala Esportiva de Benissa\" \/>\n<meta property=\"og:url\" content=\"https:\/\/radiolitoral.com\/ca\/2024\/12\/la-gran-nit-de-maite-ferra\/\" \/>\n<meta property=\"og:site_name\" content=\"R\u00e0dio Litoral\" \/>\n<meta property=\"article:publisher\" content=\"https:\/\/www.facebook.com\/Laradiolitoral\/\" \/>\n<meta property=\"article:published_time\" content=\"2024-12-16T10:04:25+00:00\" \/>\n<meta property=\"og:image\" content=\"https:\/\/media.radiolitoral.com\/wp-content\/uploads\/2024\/12\/16105903\/Arturo-Poquet-Marcos-Ferra-Maite-Ferra-y-Adrian-Cabrera.jpg\" \/>\n\t<meta property=\"og:image:width\" content=\"1024\" \/>\n\t<meta property=\"og:image:height\" content=\"683\" \/>\n\t<meta property=\"og:image:type\" content=\"image\/jpeg\" \/>\n<meta name=\"author\" content=\"Javier Zamora\" \/>\n<meta name=\"twitter:card\" content=\"summary_large_image\" \/>\n<meta name=\"twitter:label1\" content=\"Escrit per\" \/>\n\t<meta name=\"twitter:data1\" content=\"Javier Zamora\" \/>\n\t<meta name=\"twitter:label2\" content=\"Temps estimat de lectura\" \/>\n\t<meta name=\"twitter:data2\" content=\"3 minuts\" \/>\n<script type=\"application\/ld+json\" class=\"yoast-schema-graph\">{\"@context\":\"https:\\\/\\\/schema.org\",\"@graph\":[{\"@type\":\"NewsArticle\",\"@id\":\"https:\\\/\\\/radiolitoral.com\\\/2024\\\/12\\\/la-gran-nit-de-maite-ferra\\\/#article\",\"isPartOf\":{\"@id\":\"https:\\\/\\\/radiolitoral.com\\\/2024\\\/12\\\/la-gran-nit-de-maite-ferra\\\/\"},\"author\":{\"name\":\"Javier Zamora\",\"@id\":\"https:\\\/\\\/radiolitoral.com\\\/#\\\/schema\\\/person\\\/7b1480b5caeb5acdd4ec6379caf62b22\"},\"headline\":\"La gran nit de Maite Ferr\u00e0\",\"datePublished\":\"2024-12-16T10:04:25+00:00\",\"mainEntityOfPage\":{\"@id\":\"https:\\\/\\\/radiolitoral.com\\\/2024\\\/12\\\/la-gran-nit-de-maite-ferra\\\/\"},\"wordCount\":450,\"commentCount\":0,\"publisher\":{\"@id\":\"https:\\\/\\\/radiolitoral.com\\\/#organization\"},\"image\":{\"@id\":\"https:\\\/\\\/radiolitoral.com\\\/2024\\\/12\\\/la-gran-nit-de-maite-ferra\\\/#primaryimage\"},\"thumbnailUrl\":\"https:\\\/\\\/media.radiolitoral.com\\\/wp-content\\\/uploads\\\/2024\\\/12\\\/16105903\\\/Arturo-Poquet-Marcos-Ferra-Maite-Ferra-y-Adrian-Cabrera.jpg\",\"keywords\":[\"Adri\u00e1n Cabrera\",\"Arturo Poquet\",\"Carlos\u00a0Sifre\",\"deportes\",\"Ginestar Atletisme Benissa\",\"I Gala de l\u2019Esport de Benissa\",\"Irina\u00a0Garc\u00eda\",\"Maite Ferr\u00e0\",\"Pere Ribes\"],\"articleSection\":[\"Deportes\"],\"inLanguage\":\"ca\",\"potentialAction\":[{\"@type\":\"CommentAction\",\"name\":\"Comment\",\"target\":[\"https:\\\/\\\/radiolitoral.com\\\/2024\\\/12\\\/la-gran-nit-de-maite-ferra\\\/#respond\"]}]},{\"@type\":[\"WebPage\",\"ItemPage\"],\"@id\":\"https:\\\/\\\/radiolitoral.com\\\/2024\\\/12\\\/la-gran-nit-de-maite-ferra\\\/\",\"url\":\"https:\\\/\\\/radiolitoral.com\\\/2024\\\/12\\\/la-gran-nit-de-maite-ferra\\\/\",\"name\":\"La gran nit de Maite Ferr\u00e0 | R\u00e0dio Litoral\",\"isPartOf\":{\"@id\":\"https:\\\/\\\/radiolitoral.com\\\/#website\"},\"primaryImageOfPage\":{\"@id\":\"https:\\\/\\\/radiolitoral.com\\\/2024\\\/12\\\/la-gran-nit-de-maite-ferra\\\/#primaryimage\"},\"image\":{\"@id\":\"https:\\\/\\\/radiolitoral.com\\\/2024\\\/12\\\/la-gran-nit-de-maite-ferra\\\/#primaryimage\"},\"thumbnailUrl\":\"https:\\\/\\\/media.radiolitoral.com\\\/wp-content\\\/uploads\\\/2024\\\/12\\\/16105903\\\/Arturo-Poquet-Marcos-Ferra-Maite-Ferra-y-Adrian-Cabrera.jpg\",\"datePublished\":\"2024-12-16T10:04:25+00:00\",\"description\":\"Va ser triada Millor Esportista de l'any en la Gala Esportiva de BenissaVa ser triada Millor Esportista de l'any en la Gala Esportiva de Benissa\",\"breadcrumb\":{\"@id\":\"https:\\\/\\\/radiolitoral.com\\\/2024\\\/12\\\/la-gran-nit-de-maite-ferra\\\/#breadcrumb\"},\"inLanguage\":\"ca\",\"potentialAction\":[{\"@type\":\"ReadAction\",\"target\":[\"https:\\\/\\\/radiolitoral.com\\\/2024\\\/12\\\/la-gran-nit-de-maite-ferra\\\/\"]}]},{\"@type\":\"ImageObject\",\"inLanguage\":\"ca\",\"@id\":\"https:\\\/\\\/radiolitoral.com\\\/2024\\\/12\\\/la-gran-nit-de-maite-ferra\\\/#primaryimage\",\"url\":\"https:\\\/\\\/media.radiolitoral.com\\\/wp-content\\\/uploads\\\/2024\\\/12\\\/16105903\\\/Arturo-Poquet-Marcos-Ferra-Maite-Ferra-y-Adrian-Cabrera.jpg\",\"contentUrl\":\"https:\\\/\\\/media.radiolitoral.com\\\/wp-content\\\/uploads\\\/2024\\\/12\\\/16105903\\\/Arturo-Poquet-Marcos-Ferra-Maite-Ferra-y-Adrian-Cabrera.jpg\",\"width\":1024,\"height\":683},{\"@type\":\"BreadcrumbList\",\"@id\":\"https:\\\/\\\/radiolitoral.com\\\/2024\\\/12\\\/la-gran-nit-de-maite-ferra\\\/#breadcrumb\",\"itemListElement\":[{\"@type\":\"ListItem\",\"position\":1,\"name\":\"Portada\",\"item\":\"https:\\\/\\\/radiolitoral.com\\\/\"},{\"@type\":\"ListItem\",\"position\":2,\"name\":\"La gran nit de Maite Ferr\u00e0\"}]},{\"@type\":\"WebSite\",\"@id\":\"https:\\\/\\\/radiolitoral.com\\\/#website\",\"url\":\"https:\\\/\\\/radiolitoral.com\\\/\",\"name\":\"Radio Litoral\",\"description\":\"La radio local de la Marina Alta\",\"publisher\":{\"@id\":\"https:\\\/\\\/radiolitoral.com\\\/#organization\"},\"alternateName\":\"Litoral FM\",\"potentialAction\":[{\"@type\":\"SearchAction\",\"target\":{\"@type\":\"EntryPoint\",\"urlTemplate\":\"https:\\\/\\\/radiolitoral.com\\\/?s={search_term_string}\"},\"query-input\":{\"@type\":\"PropertyValueSpecification\",\"valueRequired\":true,\"valueName\":\"search_term_string\"}}],\"inLanguage\":\"ca\"},{\"@type\":\"Organization\",\"@id\":\"https:\\\/\\\/radiolitoral.com\\\/#organization\",\"name\":\"Radio Litoral\",\"url\":\"https:\\\/\\\/radiolitoral.com\\\/\",\"logo\":{\"@type\":\"ImageObject\",\"inLanguage\":\"ca\",\"@id\":\"https:\\\/\\\/radiolitoral.com\\\/#\\\/schema\\\/logo\\\/image\\\/\",\"url\":\"https:\\\/\\\/media.radiolitoral.com\\\/wp-content\\\/uploads\\\/2023\\\/02\\\/24143238\\\/CL-V-RadioLitoral696.png\",\"contentUrl\":\"https:\\\/\\\/media.radiolitoral.com\\\/wp-content\\\/uploads\\\/2023\\\/02\\\/24143238\\\/CL-V-RadioLitoral696.png\",\"width\":696,\"height\":696,\"caption\":\"Radio Litoral\"},\"image\":{\"@id\":\"https:\\\/\\\/radiolitoral.com\\\/#\\\/schema\\\/logo\\\/image\\\/\"},\"sameAs\":[\"https:\\\/\\\/www.facebook.com\\\/Laradiolitoral\\\/\"]},{\"@type\":\"Person\",\"@id\":\"https:\\\/\\\/radiolitoral.com\\\/#\\\/schema\\\/person\\\/7b1480b5caeb5acdd4ec6379caf62b22\",\"name\":\"Javier Zamora\",\"image\":{\"@type\":\"ImageObject\",\"inLanguage\":\"ca\",\"@id\":\"https:\\\/\\\/secure.gravatar.com\\\/avatar\\\/467a11f6918c7d619c4043fc6fa2d3853053107973f05b6e9c04ea6c4e3a7b3f?s=96&d=mm&r=g\",\"url\":\"https:\\\/\\\/secure.gravatar.com\\\/avatar\\\/467a11f6918c7d619c4043fc6fa2d3853053107973f05b6e9c04ea6c4e3a7b3f?s=96&d=mm&r=g\",\"contentUrl\":\"https:\\\/\\\/secure.gravatar.com\\\/avatar\\\/467a11f6918c7d619c4043fc6fa2d3853053107973f05b6e9c04ea6c4e3a7b3f?s=96&d=mm&r=g\",\"caption\":\"Javier Zamora\"},\"url\":\"https:\\\/\\\/radiolitoral.com\\\/ca\\\/author\\\/javier-zamora\\\/\"}]}<\/script>\n<!-- \/ Yoast SEO plugin. -->","yoast_head_json":{"title":"La gran nit de Maite Ferr\u00e0 | R\u00e0dio Litoral","description":"Va ser escollida Millor Esportista de l&#039;any a la Gala Esportiva de BenissaVa ser triada Millor Esportista de l&#039;any a la Gala Esportiva de Benissa","robots":{"index":"index","follow":"follow","max-snippet":"max-snippet:-1","max-image-preview":"max-image-preview:large","max-video-preview":"max-video-preview:-1"},"canonical":"https:\/\/radiolitoral.com\/ca\/2024\/12\/la-gran-nit-de-maite-ferra\/","og_locale":"ca_ES","og_type":"article","og_title":"La gran nit de Maite Ferr\u00e0 | R\u00e0dio Litoral","og_description":"Va ser triada Millor Esportista de l'any en la Gala Esportiva de BenissaVa ser triada Millor Esportista de l'any en la Gala Esportiva de Benissa","og_url":"https:\/\/radiolitoral.com\/ca\/2024\/12\/la-gran-nit-de-maite-ferra\/","og_site_name":"R\u00e0dio Litoral","article_publisher":"https:\/\/www.facebook.com\/Laradiolitoral\/","article_published_time":"2024-12-16T10:04:25+00:00","og_image":[{"width":1024,"height":683,"url":"https:\/\/media.radiolitoral.com\/wp-content\/uploads\/2024\/12\/16105903\/Arturo-Poquet-Marcos-Ferra-Maite-Ferra-y-Adrian-Cabrera.jpg","type":"image\/jpeg"}],"author":"Javier Zamora","twitter_card":"summary_large_image","twitter_misc":{"Escrit per":"Javier Zamora","Temps estimat de lectura":"3 minuts"},"schema":{"@context":"https:\/\/schema.org","@graph":[{"@type":"NewsArticle","@id":"https:\/\/radiolitoral.com\/2024\/12\/la-gran-nit-de-maite-ferra\/#article","isPartOf":{"@id":"https:\/\/radiolitoral.com\/2024\/12\/la-gran-nit-de-maite-ferra\/"},"author":{"name":"Javier Zamora","@id":"https:\/\/radiolitoral.com\/#\/schema\/person\/7b1480b5caeb5acdd4ec6379caf62b22"},"headline":"La gran nit de Maite Ferr\u00e0","datePublished":"2024-12-16T10:04:25+00:00","mainEntityOfPage":{"@id":"https:\/\/radiolitoral.com\/2024\/12\/la-gran-nit-de-maite-ferra\/"},"wordCount":450,"commentCount":0,"publisher":{"@id":"https:\/\/radiolitoral.com\/#organization"},"image":{"@id":"https:\/\/radiolitoral.com\/2024\/12\/la-gran-nit-de-maite-ferra\/#primaryimage"},"thumbnailUrl":"https:\/\/media.radiolitoral.com\/wp-content\/uploads\/2024\/12\/16105903\/Arturo-Poquet-Marcos-Ferra-Maite-Ferra-y-Adrian-Cabrera.jpg","keywords":["Adri\u00e1n Cabrera","Arturo Poquet","Carlos\u00a0Sifre","deportes","Ginestar Atletisme Benissa","I Gala de l\u2019Esport de Benissa","Irina\u00a0Garc\u00eda","Maite Ferr\u00e0","Pere Ribes"],"articleSection":["Deportes"],"inLanguage":"ca","potentialAction":[{"@type":"CommentAction","name":"Comment","target":["https:\/\/radiolitoral.com\/2024\/12\/la-gran-nit-de-maite-ferra\/#respond"]}]},{"@type":["WebPage","ItemPage"],"@id":"https:\/\/radiolitoral.com\/2024\/12\/la-gran-nit-de-maite-ferra\/","url":"https:\/\/radiolitoral.com\/2024\/12\/la-gran-nit-de-maite-ferra\/","name":"La gran nit de Maite Ferr\u00e0 | R\u00e0dio Litoral","isPartOf":{"@id":"https:\/\/radiolitoral.com\/#website"},"primaryImageOfPage":{"@id":"https:\/\/radiolitoral.com\/2024\/12\/la-gran-nit-de-maite-ferra\/#primaryimage"},"image":{"@id":"https:\/\/radiolitoral.com\/2024\/12\/la-gran-nit-de-maite-ferra\/#primaryimage"},"thumbnailUrl":"https:\/\/media.radiolitoral.com\/wp-content\/uploads\/2024\/12\/16105903\/Arturo-Poquet-Marcos-Ferra-Maite-Ferra-y-Adrian-Cabrera.jpg","datePublished":"2024-12-16T10:04:25+00:00","description":"Va ser escollida Millor Esportista de l&#039;any a la Gala Esportiva de BenissaVa ser triada Millor Esportista de l&#039;any a la Gala Esportiva de Benissa","breadcrumb":{"@id":"https:\/\/radiolitoral.com\/2024\/12\/la-gran-nit-de-maite-ferra\/#breadcrumb"},"inLanguage":"ca","potentialAction":[{"@type":"ReadAction","target":["https:\/\/radiolitoral.com\/2024\/12\/la-gran-nit-de-maite-ferra\/"]}]},{"@type":"ImageObject","inLanguage":"ca","@id":"https:\/\/radiolitoral.com\/2024\/12\/la-gran-nit-de-maite-ferra\/#primaryimage","url":"https:\/\/media.radiolitoral.com\/wp-content\/uploads\/2024\/12\/16105903\/Arturo-Poquet-Marcos-Ferra-Maite-Ferra-y-Adrian-Cabrera.jpg","contentUrl":"https:\/\/media.radiolitoral.com\/wp-content\/uploads\/2024\/12\/16105903\/Arturo-Poquet-Marcos-Ferra-Maite-Ferra-y-Adrian-Cabrera.jpg","width":1024,"height":683},{"@type":"BreadcrumbList","@id":"https:\/\/radiolitoral.com\/2024\/12\/la-gran-nit-de-maite-ferra\/#breadcrumb","itemListElement":[{"@type":"ListItem","position":1,"name":"Portada","item":"https:\/\/radiolitoral.com\/"},{"@type":"ListItem","position":2,"name":"La gran nit de Maite Ferr\u00e0"}]},{"@type":"WebSite","@id":"https:\/\/radiolitoral.com\/#website","url":"https:\/\/radiolitoral.com\/","name":"R\u00e0dio Litoral","description":"La r\u00e0dio local de la Marina Alta","publisher":{"@id":"https:\/\/radiolitoral.com\/#organization"},"alternateName":"Litoral FM","potentialAction":[{"@type":"SearchAction","target":{"@type":"EntryPoint","urlTemplate":"https:\/\/radiolitoral.com\/?s={search_term_string}"},"query-input":{"@type":"PropertyValueSpecification","valueRequired":true,"valueName":"search_term_string"}}],"inLanguage":"ca"},{"@type":"Organization","@id":"https:\/\/radiolitoral.com\/#organization","name":"R\u00e0dio Litoral","url":"https:\/\/radiolitoral.com\/","logo":{"@type":"ImageObject","inLanguage":"ca","@id":"https:\/\/radiolitoral.com\/#\/schema\/logo\/image\/","url":"https:\/\/media.radiolitoral.com\/wp-content\/uploads\/2023\/02\/24143238\/CL-V-RadioLitoral696.png","contentUrl":"https:\/\/media.radiolitoral.com\/wp-content\/uploads\/2023\/02\/24143238\/CL-V-RadioLitoral696.png","width":696,"height":696,"caption":"Radio Litoral"},"image":{"@id":"https:\/\/radiolitoral.com\/#\/schema\/logo\/image\/"},"sameAs":["https:\/\/www.facebook.com\/Laradiolitoral\/"]},{"@type":"Person","@id":"https:\/\/radiolitoral.com\/#\/schema\/person\/7b1480b5caeb5acdd4ec6379caf62b22","name":"Javier Zamora","image":{"@type":"ImageObject","inLanguage":"ca","@id":"https:\/\/secure.gravatar.com\/avatar\/467a11f6918c7d619c4043fc6fa2d3853053107973f05b6e9c04ea6c4e3a7b3f?s=96&d=mm&r=g","url":"https:\/\/secure.gravatar.com\/avatar\/467a11f6918c7d619c4043fc6fa2d3853053107973f05b6e9c04ea6c4e3a7b3f?s=96&d=mm&r=g","contentUrl":"https:\/\/secure.gravatar.com\/avatar\/467a11f6918c7d619c4043fc6fa2d3853053107973f05b6e9c04ea6c4e3a7b3f?s=96&d=mm&r=g","caption":"Javier Zamora"},"url":"https:\/\/radiolitoral.com\/ca\/author\/javier-zamora\/"}]}},"_links":{"self":[{"href":"https:\/\/radiolitoral.com\/ca\/wp-json\/wp\/v2\/posts\/13812","targetHints":{"allow":["GET"]}}],"collection":[{"href":"https:\/\/radiolitoral.com\/ca\/wp-json\/wp\/v2\/posts"}],"about":[{"href":"https:\/\/radiolitoral.com\/ca\/wp-json\/wp\/v2\/types\/post"}],"author":[{"embeddable":true,"href":"https:\/\/radiolitoral.com\/ca\/wp-json\/wp\/v2\/users\/12"}],"replies":[{"embeddable":true,"href":"https:\/\/radiolitoral.com\/ca\/wp-json\/wp\/v2\/comments?post=13812"}],"version-history":[{"count":1,"href":"https:\/\/radiolitoral.com\/ca\/wp-json\/wp\/v2\/posts\/13812\/revisions"}],"predecessor-version":[{"id":13816,"href":"https:\/\/radiolitoral.com\/ca\/wp-json\/wp\/v2\/posts\/13812\/revisions\/13816"}],"wp:featuredmedia":[{"embeddable":true,"href":"https:\/\/radiolitoral.com\/ca\/wp-json\/wp\/v2\/media\/13813"}],"wp:attachment":[{"href":"https:\/\/radiolitoral.com\/ca\/wp-json\/wp\/v2\/media?parent=13812"}],"wp:term":[{"taxonomy":"category","embeddable":true,"href":"https:\/\/radiolitoral.com\/ca\/wp-json\/wp\/v2\/categories?post=13812"},{"taxonomy":"post_tag","embeddable":true,"href":"https:\/\/radiolitoral.com\/ca\/wp-json\/wp\/v2\/tags?post=13812"}],"curies":[{"name":"wp","href":"https:\/\/api.w.org\/{rel}","templated":true}]}}