{"id":13809,"date":"2024-12-15T13:05:53","date_gmt":"2024-12-15T12:05:53","guid":{"rendered":"https:\/\/radiolitoral.com\/?p=13809"},"modified":"2024-12-15T13:05:53","modified_gmt":"2024-12-15T12:05:53","slug":"un-fugitiu-holandes-detingut-a-moraira-per-trafic-de-drogues","status":"publish","type":"post","link":"https:\/\/radiolitoral.com\/ca\/2024\/12\/un-fugitiu-holandes-detingut-a-moraira-per-trafic-de-drogues\/","title":{"rendered":"Un fugitiu holand\u00e8s detingut Moraira per tr\u00e0fic de drogues"},"content":{"rendered":"<p>Un fugitiu holand\u00e8s va detenir Moraira per <span style=\"font-family: var(--bs-body-font-family); font-size: var(--bs-body-font-size); text-align: var(--bs-body-text-align); -webkit-tap-highlight-color: transparent;\">Agents de la Policia Nacional han detingut Moraira (Alacant) un home de 43 anys.<\/span><\/p>\n<p><span style=\"font-family: var(--bs-body-font-family); font-size: var(--bs-body-font-size); text-align: var(--bs-body-text-align); -webkit-tap-highlight-color: transparent;\">L&#039;ordre europea de detenci\u00f3 i extradici\u00f3 (OEDE) es va emetre per tr\u00e0fic de droges i organitzaci\u00f3 criminal. la droga i empreses pantalla per gestionar els enviaments. fugitiu s&#039;enfronta a una condena de seis anys de pres\u00f3.<\/span><\/p>\n<h3><strong>Localitzat a Moraira<\/strong><\/h3>\n<p>Les autoritats van descobrir que el fugitiu s?havia establert a la prov\u00edncia d?Alacant per evitar la just\u00edcia. Despr\u00e9s de les investigacions, la Policia Nacional va establir un dispositiu de vigil\u00e0ncia a Moraira, on va ser finalment detingut.<\/p>\n<p>Un cop arrestat, el detingut va ser posat a disposici\u00f3 del Jutjat Central d&#039;Instrucci\u00f3 de l&#039;Audi\u00e8ncia Nacional. Aquest \u00f2rgan s&#039;encarregar\u00e0 de tramitar els procediments per a la seva extradici\u00f3 a Holanda.<\/p>\n<p>La col\u00b7laboraci\u00f3 internacional ha estat essencial per a la detenci\u00f3. La coordinaci\u00f3 entre la Policia Nacional i les autoritats holandeses ha perm\u00e8s localitzar i aturar aquest perill\u00f3s fugitiu.<\/p>","protected":false},"excerpt":{"rendered":"<p>Un fugitiu holand\u00e9s detingut a Moraira per Agents de la Policia Nacional han detingut a Moraira (Alacant) un home de 43 anys. L\u2019arrestat estava reclamat per les autoritats. L\u2019ordre europea de detenci\u00f3 i extradici\u00f3 (OEDE) es va emetre per tr\u00e0fic de drogues i organitzaci\u00f3 criminal. Segons les investigacions, el detingut va introduir quatre tones de [&#8230;]<\/p>\n<p><a class=\"btn btn-secondary understrap-read-more-link\" href=\"https:\/\/radiolitoral.com\/ca\/2024\/12\/un-fugitiu-holandes-detingut-a-moraira-per-trafic-de-drogues\/\">Continua llegint&#8230;<span class=\"screen-reader-text\"> from Un fugitiu holand\u00e9s detingut a Moraira per tr\u00e0fic de drogues<\/span><\/a><\/p>\n","protected":false},"author":13,"featured_media":9427,"comment_status":"open","ping_status":"closed","sticky":false,"template":"","format":"standard","meta":{"_acf_changed":false,"inline_featured_image":false,"footnotes":""},"categories":[8],"tags":[3014,3016,3011,3015,3009,3013,3012,1022,3010],"class_list":["post-13809","post","type-post","status-publish","format-standard","has-post-thumbnail","hentry","category-sucesos","tag-audiencia-nacional","tag-delictes-internacionals","tag-detencio-a-moraira","tag-extradicio","tag-fugitiu-holandes","tag-ordre-de-detencio","tag-organitzacio-criminal","tag-policia-nacional","tag-trafic-de-drogues","cobertura-teulada-moraira"],"acf":[],"yoast_head":"<!-- This site is optimized with the Yoast SEO plugin v27.5 - https:\/\/yoast.com\/product\/yoast-seo-wordpress\/ -->\n<title>Un fugitiu holand\u00e9s detingut a Moraira per tr\u00e0fic de drogues | R\u00e0dio Litoral<\/title>\n<meta name=\"description\" content=\"La Policia Nacional det\u00e9 a Moraira un home buscat per Holanda per tr\u00e0fic de drogues i organitzaci\u00f3 criminal.\" \/>\n<meta name=\"robots\" content=\"index, follow, max-snippet:-1, max-image-preview:large, max-video-preview:-1\" \/>\n<link rel=\"canonical\" href=\"https:\/\/radiolitoral.com\/ca\/2024\/12\/un-fugitiu-holandes-detingut-a-moraira-per-trafic-de-drogues\/\" \/>\n<meta property=\"og:locale\" content=\"ca_ES\" \/>\n<meta property=\"og:type\" content=\"article\" \/>\n<meta property=\"og:title\" content=\"Un fugitiu holand\u00e9s detingut a Moraira per tr\u00e0fic de drogues | R\u00e0dio Litoral\" \/>\n<meta property=\"og:description\" content=\"La Policia Nacional det\u00e9 a Moraira un home buscat per Holanda per tr\u00e0fic de drogues i organitzaci\u00f3 criminal.\" \/>\n<meta property=\"og:url\" content=\"https:\/\/radiolitoral.com\/ca\/2024\/12\/un-fugitiu-holandes-detingut-a-moraira-per-trafic-de-drogues\/\" \/>\n<meta property=\"og:site_name\" content=\"R\u00e0dio Litoral\" \/>\n<meta property=\"article:publisher\" content=\"https:\/\/www.facebook.com\/Laradiolitoral\/\" \/>\n<meta property=\"article:published_time\" content=\"2024-12-15T12:05:53+00:00\" \/>\n<meta property=\"og:image\" content=\"https:\/\/media.radiolitoral.com\/wp-content\/uploads\/2024\/06\/06185449\/policia-nacional-e1717692901790.jpg\" \/>\n\t<meta property=\"og:image:width\" content=\"690\" \/>\n\t<meta property=\"og:image:height\" content=\"495\" \/>\n\t<meta property=\"og:image:type\" content=\"image\/jpeg\" \/>\n<meta name=\"author\" content=\"Redacci\u00f3n\" \/>\n<meta name=\"twitter:card\" content=\"summary_large_image\" \/>\n<meta name=\"twitter:label1\" content=\"Escrit per\" \/>\n\t<meta name=\"twitter:data1\" content=\"Redacci\u00f3n\" \/>\n\t<meta name=\"twitter:label2\" content=\"Temps estimat de lectura\" \/>\n\t<meta name=\"twitter:data2\" content=\"2 minuts\" \/>\n<script type=\"application\/ld+json\" class=\"yoast-schema-graph\">{\"@context\":\"https:\\\/\\\/schema.org\",\"@graph\":[{\"@type\":\"NewsArticle\",\"@id\":\"https:\\\/\\\/radiolitoral.com\\\/2024\\\/12\\\/un-fugitiu-holandes-detingut-a-moraira-per-trafic-de-drogues\\\/#article\",\"isPartOf\":{\"@id\":\"https:\\\/\\\/radiolitoral.com\\\/2024\\\/12\\\/un-fugitiu-holandes-detingut-a-moraira-per-trafic-de-drogues\\\/\"},\"author\":{\"name\":\"Redacci\u00f3n\",\"@id\":\"https:\\\/\\\/radiolitoral.com\\\/#\\\/schema\\\/person\\\/f2b2343c49b5d721857cc1002bfdb151\"},\"headline\":\"Un fugitiu holand\u00e9s detingut a Moraira per tr\u00e0fic de drogues\",\"datePublished\":\"2024-12-15T12:05:53+00:00\",\"mainEntityOfPage\":{\"@id\":\"https:\\\/\\\/radiolitoral.com\\\/2024\\\/12\\\/un-fugitiu-holandes-detingut-a-moraira-per-trafic-de-drogues\\\/\"},\"wordCount\":226,\"commentCount\":0,\"publisher\":{\"@id\":\"https:\\\/\\\/radiolitoral.com\\\/#organization\"},\"image\":{\"@id\":\"https:\\\/\\\/radiolitoral.com\\\/2024\\\/12\\\/un-fugitiu-holandes-detingut-a-moraira-per-trafic-de-drogues\\\/#primaryimage\"},\"thumbnailUrl\":\"https:\\\/\\\/media.radiolitoral.com\\\/wp-content\\\/uploads\\\/2024\\\/06\\\/06185449\\\/policia-nacional-e1717692901790.jpg\",\"keywords\":[\"Audi\u00e8ncia Nacional\",\"delictes internacionals\",\"detenci\u00f3 a Moraira\",\"extradici\u00f3\",\"fugitiu holand\u00e9s\",\"ordre de detenci\u00f3\",\"organitzaci\u00f3 criminal\",\"Polic\u00eda nacional\",\"tr\u00e0fic de drogues\"],\"articleSection\":[\"Sucesos\"],\"inLanguage\":\"ca\",\"potentialAction\":[{\"@type\":\"CommentAction\",\"name\":\"Comment\",\"target\":[\"https:\\\/\\\/radiolitoral.com\\\/2024\\\/12\\\/un-fugitiu-holandes-detingut-a-moraira-per-trafic-de-drogues\\\/#respond\"]}]},{\"@type\":[\"WebPage\",\"ItemPage\"],\"@id\":\"https:\\\/\\\/radiolitoral.com\\\/2024\\\/12\\\/un-fugitiu-holandes-detingut-a-moraira-per-trafic-de-drogues\\\/\",\"url\":\"https:\\\/\\\/radiolitoral.com\\\/2024\\\/12\\\/un-fugitiu-holandes-detingut-a-moraira-per-trafic-de-drogues\\\/\",\"name\":\"Un fugitiu holand\u00e9s detingut a Moraira per tr\u00e0fic de drogues | R\u00e0dio Litoral\",\"isPartOf\":{\"@id\":\"https:\\\/\\\/radiolitoral.com\\\/#website\"},\"primaryImageOfPage\":{\"@id\":\"https:\\\/\\\/radiolitoral.com\\\/2024\\\/12\\\/un-fugitiu-holandes-detingut-a-moraira-per-trafic-de-drogues\\\/#primaryimage\"},\"image\":{\"@id\":\"https:\\\/\\\/radiolitoral.com\\\/2024\\\/12\\\/un-fugitiu-holandes-detingut-a-moraira-per-trafic-de-drogues\\\/#primaryimage\"},\"thumbnailUrl\":\"https:\\\/\\\/media.radiolitoral.com\\\/wp-content\\\/uploads\\\/2024\\\/06\\\/06185449\\\/policia-nacional-e1717692901790.jpg\",\"datePublished\":\"2024-12-15T12:05:53+00:00\",\"description\":\"La Policia Nacional det\u00e9 a Moraira un home buscat per Holanda per tr\u00e0fic de drogues i organitzaci\u00f3 criminal.\",\"breadcrumb\":{\"@id\":\"https:\\\/\\\/radiolitoral.com\\\/2024\\\/12\\\/un-fugitiu-holandes-detingut-a-moraira-per-trafic-de-drogues\\\/#breadcrumb\"},\"inLanguage\":\"ca\",\"potentialAction\":[{\"@type\":\"ReadAction\",\"target\":[\"https:\\\/\\\/radiolitoral.com\\\/2024\\\/12\\\/un-fugitiu-holandes-detingut-a-moraira-per-trafic-de-drogues\\\/\"]}]},{\"@type\":\"ImageObject\",\"inLanguage\":\"ca\",\"@id\":\"https:\\\/\\\/radiolitoral.com\\\/2024\\\/12\\\/un-fugitiu-holandes-detingut-a-moraira-per-trafic-de-drogues\\\/#primaryimage\",\"url\":\"https:\\\/\\\/media.radiolitoral.com\\\/wp-content\\\/uploads\\\/2024\\\/06\\\/06185449\\\/policia-nacional-e1717692901790.jpg\",\"contentUrl\":\"https:\\\/\\\/media.radiolitoral.com\\\/wp-content\\\/uploads\\\/2024\\\/06\\\/06185449\\\/policia-nacional-e1717692901790.jpg\",\"width\":690,\"height\":495},{\"@type\":\"BreadcrumbList\",\"@id\":\"https:\\\/\\\/radiolitoral.com\\\/2024\\\/12\\\/un-fugitiu-holandes-detingut-a-moraira-per-trafic-de-drogues\\\/#breadcrumb\",\"itemListElement\":[{\"@type\":\"ListItem\",\"position\":1,\"name\":\"Portada\",\"item\":\"https:\\\/\\\/radiolitoral.com\\\/\"},{\"@type\":\"ListItem\",\"position\":2,\"name\":\"Un fugitiu holand\u00e9s detingut a Moraira per tr\u00e0fic de drogues\"}]},{\"@type\":\"WebSite\",\"@id\":\"https:\\\/\\\/radiolitoral.com\\\/#website\",\"url\":\"https:\\\/\\\/radiolitoral.com\\\/\",\"name\":\"Radio Litoral\",\"description\":\"La radio local de la Marina Alta\",\"publisher\":{\"@id\":\"https:\\\/\\\/radiolitoral.com\\\/#organization\"},\"alternateName\":\"Litoral FM\",\"potentialAction\":[{\"@type\":\"SearchAction\",\"target\":{\"@type\":\"EntryPoint\",\"urlTemplate\":\"https:\\\/\\\/radiolitoral.com\\\/?s={search_term_string}\"},\"query-input\":{\"@type\":\"PropertyValueSpecification\",\"valueRequired\":true,\"valueName\":\"search_term_string\"}}],\"inLanguage\":\"ca\"},{\"@type\":\"Organization\",\"@id\":\"https:\\\/\\\/radiolitoral.com\\\/#organization\",\"name\":\"Radio Litoral\",\"url\":\"https:\\\/\\\/radiolitoral.com\\\/\",\"logo\":{\"@type\":\"ImageObject\",\"inLanguage\":\"ca\",\"@id\":\"https:\\\/\\\/radiolitoral.com\\\/#\\\/schema\\\/logo\\\/image\\\/\",\"url\":\"https:\\\/\\\/media.radiolitoral.com\\\/wp-content\\\/uploads\\\/2023\\\/02\\\/24143238\\\/CL-V-RadioLitoral696.png\",\"contentUrl\":\"https:\\\/\\\/media.radiolitoral.com\\\/wp-content\\\/uploads\\\/2023\\\/02\\\/24143238\\\/CL-V-RadioLitoral696.png\",\"width\":696,\"height\":696,\"caption\":\"Radio Litoral\"},\"image\":{\"@id\":\"https:\\\/\\\/radiolitoral.com\\\/#\\\/schema\\\/logo\\\/image\\\/\"},\"sameAs\":[\"https:\\\/\\\/www.facebook.com\\\/Laradiolitoral\\\/\"]},{\"@type\":\"Person\",\"@id\":\"https:\\\/\\\/radiolitoral.com\\\/#\\\/schema\\\/person\\\/f2b2343c49b5d721857cc1002bfdb151\",\"name\":\"Redacci\u00f3n\",\"image\":{\"@type\":\"ImageObject\",\"inLanguage\":\"ca\",\"@id\":\"https:\\\/\\\/secure.gravatar.com\\\/avatar\\\/f771d896c203ad8b3382d7905cfcce5a5c9b008b84b3cd9114e9b9f4cb63f789?s=96&d=mm&r=g\",\"url\":\"https:\\\/\\\/secure.gravatar.com\\\/avatar\\\/f771d896c203ad8b3382d7905cfcce5a5c9b008b84b3cd9114e9b9f4cb63f789?s=96&d=mm&r=g\",\"contentUrl\":\"https:\\\/\\\/secure.gravatar.com\\\/avatar\\\/f771d896c203ad8b3382d7905cfcce5a5c9b008b84b3cd9114e9b9f4cb63f789?s=96&d=mm&r=g\",\"caption\":\"Redacci\u00f3n\"},\"url\":\"https:\\\/\\\/radiolitoral.com\\\/ca\\\/author\\\/miriam-pagan\\\/\"}]}<\/script>\n<!-- \/ Yoast SEO plugin. -->","yoast_head_json":{"title":"Un fugitiu holand\u00e8s detingut Moraira per tr\u00e0nsit de droges | R\u00e0dio Litoral","description":"La Policia Nacional va detenir Moraira un home buscat per Holanda per tr\u00e0nsit de droges i organitzaci\u00f3 criminal.","robots":{"index":"index","follow":"follow","max-snippet":"max-snippet:-1","max-image-preview":"max-image-preview:large","max-video-preview":"max-video-preview:-1"},"canonical":"https:\/\/radiolitoral.com\/ca\/2024\/12\/un-fugitiu-holandes-detingut-a-moraira-per-trafic-de-drogues\/","og_locale":"ca_ES","og_type":"article","og_title":"Un fugitiu holand\u00e9s detingut a Moraira per tr\u00e0fic de drogues | R\u00e0dio Litoral","og_description":"La Policia Nacional det\u00e9 a Moraira un home buscat per Holanda per tr\u00e0fic de drogues i organitzaci\u00f3 criminal.","og_url":"https:\/\/radiolitoral.com\/ca\/2024\/12\/un-fugitiu-holandes-detingut-a-moraira-per-trafic-de-drogues\/","og_site_name":"R\u00e0dio Litoral","article_publisher":"https:\/\/www.facebook.com\/Laradiolitoral\/","article_published_time":"2024-12-15T12:05:53+00:00","og_image":[{"width":690,"height":495,"url":"https:\/\/media.radiolitoral.com\/wp-content\/uploads\/2024\/06\/06185449\/policia-nacional-e1717692901790.jpg","type":"image\/jpeg"}],"author":"Redacci\u00f3n","twitter_card":"summary_large_image","twitter_misc":{"Escrit per":"Redacci\u00f3n","Temps estimat de lectura":"2 minuts"},"schema":{"@context":"https:\/\/schema.org","@graph":[{"@type":"NewsArticle","@id":"https:\/\/radiolitoral.com\/2024\/12\/un-fugitiu-holandes-detingut-a-moraira-per-trafic-de-drogues\/#article","isPartOf":{"@id":"https:\/\/radiolitoral.com\/2024\/12\/un-fugitiu-holandes-detingut-a-moraira-per-trafic-de-drogues\/"},"author":{"name":"Redacci\u00f3n","@id":"https:\/\/radiolitoral.com\/#\/schema\/person\/f2b2343c49b5d721857cc1002bfdb151"},"headline":"Un fugitiu holand\u00e9s detingut a Moraira per tr\u00e0fic de drogues","datePublished":"2024-12-15T12:05:53+00:00","mainEntityOfPage":{"@id":"https:\/\/radiolitoral.com\/2024\/12\/un-fugitiu-holandes-detingut-a-moraira-per-trafic-de-drogues\/"},"wordCount":226,"commentCount":0,"publisher":{"@id":"https:\/\/radiolitoral.com\/#organization"},"image":{"@id":"https:\/\/radiolitoral.com\/2024\/12\/un-fugitiu-holandes-detingut-a-moraira-per-trafic-de-drogues\/#primaryimage"},"thumbnailUrl":"https:\/\/media.radiolitoral.com\/wp-content\/uploads\/2024\/06\/06185449\/policia-nacional-e1717692901790.jpg","keywords":["Audi\u00e8ncia Nacional","delictes internacionals","detenci\u00f3 a Moraira","extradici\u00f3","fugitiu holand\u00e9s","ordre de detenci\u00f3","organitzaci\u00f3 criminal","Polic\u00eda nacional","tr\u00e0fic de drogues"],"articleSection":["Sucesos"],"inLanguage":"ca","potentialAction":[{"@type":"CommentAction","name":"Comment","target":["https:\/\/radiolitoral.com\/2024\/12\/un-fugitiu-holandes-detingut-a-moraira-per-trafic-de-drogues\/#respond"]}]},{"@type":["WebPage","ItemPage"],"@id":"https:\/\/radiolitoral.com\/2024\/12\/un-fugitiu-holandes-detingut-a-moraira-per-trafic-de-drogues\/","url":"https:\/\/radiolitoral.com\/2024\/12\/un-fugitiu-holandes-detingut-a-moraira-per-trafic-de-drogues\/","name":"Un fugitiu holand\u00e8s detingut Moraira per tr\u00e0nsit de droges | R\u00e0dio Litoral","isPartOf":{"@id":"https:\/\/radiolitoral.com\/#website"},"primaryImageOfPage":{"@id":"https:\/\/radiolitoral.com\/2024\/12\/un-fugitiu-holandes-detingut-a-moraira-per-trafic-de-drogues\/#primaryimage"},"image":{"@id":"https:\/\/radiolitoral.com\/2024\/12\/un-fugitiu-holandes-detingut-a-moraira-per-trafic-de-drogues\/#primaryimage"},"thumbnailUrl":"https:\/\/media.radiolitoral.com\/wp-content\/uploads\/2024\/06\/06185449\/policia-nacional-e1717692901790.jpg","datePublished":"2024-12-15T12:05:53+00:00","description":"La Policia Nacional va detenir Moraira un home buscat per Holanda per tr\u00e0nsit de droges i organitzaci\u00f3 criminal.","breadcrumb":{"@id":"https:\/\/radiolitoral.com\/2024\/12\/un-fugitiu-holandes-detingut-a-moraira-per-trafic-de-drogues\/#breadcrumb"},"inLanguage":"ca","potentialAction":[{"@type":"ReadAction","target":["https:\/\/radiolitoral.com\/2024\/12\/un-fugitiu-holandes-detingut-a-moraira-per-trafic-de-drogues\/"]}]},{"@type":"ImageObject","inLanguage":"ca","@id":"https:\/\/radiolitoral.com\/2024\/12\/un-fugitiu-holandes-detingut-a-moraira-per-trafic-de-drogues\/#primaryimage","url":"https:\/\/media.radiolitoral.com\/wp-content\/uploads\/2024\/06\/06185449\/policia-nacional-e1717692901790.jpg","contentUrl":"https:\/\/media.radiolitoral.com\/wp-content\/uploads\/2024\/06\/06185449\/policia-nacional-e1717692901790.jpg","width":690,"height":495},{"@type":"BreadcrumbList","@id":"https:\/\/radiolitoral.com\/2024\/12\/un-fugitiu-holandes-detingut-a-moraira-per-trafic-de-drogues\/#breadcrumb","itemListElement":[{"@type":"ListItem","position":1,"name":"Portada","item":"https:\/\/radiolitoral.com\/"},{"@type":"ListItem","position":2,"name":"Un fugitiu holand\u00e9s detingut a Moraira per tr\u00e0fic de drogues"}]},{"@type":"WebSite","@id":"https:\/\/radiolitoral.com\/#website","url":"https:\/\/radiolitoral.com\/","name":"R\u00e0dio Litoral","description":"La r\u00e0dio local de la Marina Alta","publisher":{"@id":"https:\/\/radiolitoral.com\/#organization"},"alternateName":"Litoral FM","potentialAction":[{"@type":"SearchAction","target":{"@type":"EntryPoint","urlTemplate":"https:\/\/radiolitoral.com\/?s={search_term_string}"},"query-input":{"@type":"PropertyValueSpecification","valueRequired":true,"valueName":"search_term_string"}}],"inLanguage":"ca"},{"@type":"Organization","@id":"https:\/\/radiolitoral.com\/#organization","name":"R\u00e0dio Litoral","url":"https:\/\/radiolitoral.com\/","logo":{"@type":"ImageObject","inLanguage":"ca","@id":"https:\/\/radiolitoral.com\/#\/schema\/logo\/image\/","url":"https:\/\/media.radiolitoral.com\/wp-content\/uploads\/2023\/02\/24143238\/CL-V-RadioLitoral696.png","contentUrl":"https:\/\/media.radiolitoral.com\/wp-content\/uploads\/2023\/02\/24143238\/CL-V-RadioLitoral696.png","width":696,"height":696,"caption":"Radio Litoral"},"image":{"@id":"https:\/\/radiolitoral.com\/#\/schema\/logo\/image\/"},"sameAs":["https:\/\/www.facebook.com\/Laradiolitoral\/"]},{"@type":"Person","@id":"https:\/\/radiolitoral.com\/#\/schema\/person\/f2b2343c49b5d721857cc1002bfdb151","name":"Redacci\u00f3","image":{"@type":"ImageObject","inLanguage":"ca","@id":"https:\/\/secure.gravatar.com\/avatar\/f771d896c203ad8b3382d7905cfcce5a5c9b008b84b3cd9114e9b9f4cb63f789?s=96&d=mm&r=g","url":"https:\/\/secure.gravatar.com\/avatar\/f771d896c203ad8b3382d7905cfcce5a5c9b008b84b3cd9114e9b9f4cb63f789?s=96&d=mm&r=g","contentUrl":"https:\/\/secure.gravatar.com\/avatar\/f771d896c203ad8b3382d7905cfcce5a5c9b008b84b3cd9114e9b9f4cb63f789?s=96&d=mm&r=g","caption":"Redacci\u00f3n"},"url":"https:\/\/radiolitoral.com\/ca\/author\/miriam-pagan\/"}]}},"_links":{"self":[{"href":"https:\/\/radiolitoral.com\/ca\/wp-json\/wp\/v2\/posts\/13809","targetHints":{"allow":["GET"]}}],"collection":[{"href":"https:\/\/radiolitoral.com\/ca\/wp-json\/wp\/v2\/posts"}],"about":[{"href":"https:\/\/radiolitoral.com\/ca\/wp-json\/wp\/v2\/types\/post"}],"author":[{"embeddable":true,"href":"https:\/\/radiolitoral.com\/ca\/wp-json\/wp\/v2\/users\/13"}],"replies":[{"embeddable":true,"href":"https:\/\/radiolitoral.com\/ca\/wp-json\/wp\/v2\/comments?post=13809"}],"version-history":[{"count":1,"href":"https:\/\/radiolitoral.com\/ca\/wp-json\/wp\/v2\/posts\/13809\/revisions"}],"predecessor-version":[{"id":13810,"href":"https:\/\/radiolitoral.com\/ca\/wp-json\/wp\/v2\/posts\/13809\/revisions\/13810"}],"wp:featuredmedia":[{"embeddable":true,"href":"https:\/\/radiolitoral.com\/ca\/wp-json\/wp\/v2\/media\/9427"}],"wp:attachment":[{"href":"https:\/\/radiolitoral.com\/ca\/wp-json\/wp\/v2\/media?parent=13809"}],"wp:term":[{"taxonomy":"category","embeddable":true,"href":"https:\/\/radiolitoral.com\/ca\/wp-json\/wp\/v2\/categories?post=13809"},{"taxonomy":"post_tag","embeddable":true,"href":"https:\/\/radiolitoral.com\/ca\/wp-json\/wp\/v2\/tags?post=13809"}],"curies":[{"name":"wp","href":"https:\/\/api.w.org\/{rel}","templated":true}]}}