{"id":13785,"date":"2024-12-13T11:51:29","date_gmt":"2024-12-13T10:51:29","guid":{"rendered":"https:\/\/radiolitoral.com\/?p=13785"},"modified":"2024-12-13T11:51:29","modified_gmt":"2024-12-13T10:51:29","slug":"el-cd-denia-rendix-visita-al-complicat-camp-de-la-ud-tavernes","status":"publish","type":"post","link":"https:\/\/radiolitoral.com\/ca\/2024\/12\/el-cd-denia-rendix-visita-al-complicat-camp-de-la-ud-tavernes\/","title":{"rendered":"El CD D\u00e9nia rendix visita el complicat camp de la UD Tavernes"},"content":{"rendered":"<p>El <strong>CD D\u00e9nia<\/strong> viatja fins al camp municipal de <strong>Tavernes de la Valldigna<\/strong> per jugar davant la <strong>UD Tavernes<\/strong>, aquest <strong>dissabte a les 17 hores<\/strong>, davant la formaci\u00f3 local. <strong>Penalba\u00a0<span class=\"hiddenSpellError\">Bernabeu<\/span><\/strong>.<\/p>\n<p>Els\u00a0<span class=\"hiddenSpellError\">dianencs<\/span>\u00a0hauran d&#039;estar molt atents a la zona defensiva per controlar uns delanters que s\u00f3n molt perillosos. Menci\u00f3 especial mereix l&#039;ariet Joan\u00a0<span class=\"hiddenSpellError\">Talens<\/span>\u00a0que amb 7 dians est\u00e0 entre els m\u00e9s realitzadors del grup.<\/p>\n<p>Al conjunt que dirigeix\u00a0<strong><span class=\"hiddenSpellError\">Juanjo<\/span>\u00a0Antol\u00ed<\/strong> veu de caure a la <strong>Nostra Copa<\/strong> i d&#039;empatar al seu darrer partit de lliga. La preocupaci\u00f3 d&#039;Antol\u00ed \u00e9s la manca de punteria que estan mostrant els seus davanters. Mentrestant, quin en l&#039;aspecte defensiu, el seu equip ha aconseguit millorar i ara es mostra ferm i serios.<\/p>\n<p>L&#039;objectiu per al combinat\u00a0<span class=\"hiddenSpellError\">denier<\/span>\u00a0\u00e9s tractar de portar algun punt en un feu molt complicat, ja que la pressi\u00f3 que exerceix l&#039;afici\u00f3 vallera \u00e9s important i no \u00e9s senzill jugar en aquest camp.<\/p>","protected":false},"excerpt":{"rendered":"<p>El CD D\u00e9nia viatja fins al camp municipal de Tavernes de la Valldigna per a jugar davant la UD Tavernes, este dissabte a les 17 hores, davant la formaci\u00f3 local. Este dol estar\u00e0 arbitrat pel col\u00b7legiat, Penalba\u00a0Bernabeu. Els\u00a0dianenses\u00a0hauran d&#8217;estar molt atents en la seua zona defensiva per a controlar a uns davanters que s\u00f3n molt [&#8230;]<\/p>\n<p><a class=\"btn btn-secondary understrap-read-more-link\" href=\"https:\/\/radiolitoral.com\/ca\/2024\/12\/el-cd-denia-rendix-visita-al-complicat-camp-de-la-ud-tavernes\/\">Continua llegint&#8230;<span class=\"screen-reader-text\"> from El CD D\u00e9nia rendix visita al complicat camp de la UD Tavernes<\/span><\/a><\/p>\n","protected":false},"author":12,"featured_media":13786,"comment_status":"open","ping_status":"closed","sticky":false,"template":"","format":"standard","meta":{"_acf_changed":false,"inline_featured_image":false,"footnotes":""},"categories":[5],"tags":[893,6,895,2934,1334],"class_list":["post-13785","post","type-post","status-publish","format-standard","has-post-thumbnail","hentry","category-deportes","tag-cd-denia","tag-deportes","tag-juanjo-antoli","tag-nostra-copa","tag-ud-tavernes","cobertura-denia"],"acf":[],"yoast_head":"<!-- This site is optimized with the Yoast SEO plugin v27.5 - https:\/\/yoast.com\/product\/yoast-seo-wordpress\/ -->\n<title>El CD D\u00e9nia rendix visita al complicat camp de la UD Tavernes | R\u00e0dio Litoral<\/title>\n<meta name=\"description\" content=\"Juanjo Antol\u00ed ha demanat als seus jugadors que estiguen molt atents al joc ofensiu del seu rivalJuanjo Antol\u00ed ha demanat als seus jugadors que estiguen molt atents al joc ofensiu del seu rival\" \/>\n<meta name=\"robots\" content=\"index, follow, max-snippet:-1, max-image-preview:large, max-video-preview:-1\" \/>\n<link rel=\"canonical\" href=\"https:\/\/radiolitoral.com\/ca\/2024\/12\/el-cd-denia-rendix-visita-al-complicat-camp-de-la-ud-tavernes\/\" \/>\n<meta property=\"og:locale\" content=\"ca_ES\" \/>\n<meta property=\"og:type\" content=\"article\" \/>\n<meta property=\"og:title\" content=\"El CD D\u00e9nia rendix visita al complicat camp de la UD Tavernes | R\u00e0dio Litoral\" \/>\n<meta property=\"og:description\" content=\"Juanjo Antol\u00ed ha demanat als seus jugadors que estiguen molt atents al joc ofensiu del seu rivalJuanjo Antol\u00ed ha demanat als seus jugadors que estiguen molt atents al joc ofensiu del seu rival\" \/>\n<meta property=\"og:url\" content=\"https:\/\/radiolitoral.com\/ca\/2024\/12\/el-cd-denia-rendix-visita-al-complicat-camp-de-la-ud-tavernes\/\" \/>\n<meta property=\"og:site_name\" content=\"R\u00e0dio Litoral\" \/>\n<meta property=\"article:publisher\" content=\"https:\/\/www.facebook.com\/Laradiolitoral\/\" \/>\n<meta property=\"article:published_time\" content=\"2024-12-13T10:51:29+00:00\" \/>\n<meta property=\"og:image\" content=\"https:\/\/media.radiolitoral.com\/wp-content\/uploads\/2024\/12\/13115101\/Jugadores-dianenes-abrazandose-scaled.jpg\" \/>\n\t<meta property=\"og:image:width\" content=\"2560\" \/>\n\t<meta property=\"og:image:height\" content=\"1707\" \/>\n\t<meta property=\"og:image:type\" content=\"image\/jpeg\" \/>\n<meta name=\"author\" content=\"Javier Zamora\" \/>\n<meta name=\"twitter:card\" content=\"summary_large_image\" \/>\n<meta name=\"twitter:label1\" content=\"Escrit per\" \/>\n\t<meta name=\"twitter:data1\" content=\"Javier Zamora\" \/>\n\t<meta name=\"twitter:label2\" content=\"Temps estimat de lectura\" \/>\n\t<meta name=\"twitter:data2\" content=\"2 minuts\" \/>\n<script type=\"application\/ld+json\" class=\"yoast-schema-graph\">{\"@context\":\"https:\\\/\\\/schema.org\",\"@graph\":[{\"@type\":\"NewsArticle\",\"@id\":\"https:\\\/\\\/radiolitoral.com\\\/2024\\\/12\\\/el-cd-denia-rendix-visita-al-complicat-camp-de-la-ud-tavernes\\\/#article\",\"isPartOf\":{\"@id\":\"https:\\\/\\\/radiolitoral.com\\\/2024\\\/12\\\/el-cd-denia-rendix-visita-al-complicat-camp-de-la-ud-tavernes\\\/\"},\"author\":{\"name\":\"Javier Zamora\",\"@id\":\"https:\\\/\\\/radiolitoral.com\\\/#\\\/schema\\\/person\\\/7b1480b5caeb5acdd4ec6379caf62b22\"},\"headline\":\"El CD D\u00e9nia rendix visita al complicat camp de la UD Tavernes\",\"datePublished\":\"2024-12-13T10:51:29+00:00\",\"mainEntityOfPage\":{\"@id\":\"https:\\\/\\\/radiolitoral.com\\\/2024\\\/12\\\/el-cd-denia-rendix-visita-al-complicat-camp-de-la-ud-tavernes\\\/\"},\"wordCount\":188,\"commentCount\":0,\"publisher\":{\"@id\":\"https:\\\/\\\/radiolitoral.com\\\/#organization\"},\"image\":{\"@id\":\"https:\\\/\\\/radiolitoral.com\\\/2024\\\/12\\\/el-cd-denia-rendix-visita-al-complicat-camp-de-la-ud-tavernes\\\/#primaryimage\"},\"thumbnailUrl\":\"https:\\\/\\\/media.radiolitoral.com\\\/wp-content\\\/uploads\\\/2024\\\/12\\\/13115101\\\/Jugadores-dianenes-abrazandose-scaled.jpg\",\"keywords\":[\"CD D\u00e9nia\",\"deportes\",\"Juanjo Antol\u00ed.\",\"Nostra Copa\",\"UD Tavernes\"],\"articleSection\":[\"Deportes\"],\"inLanguage\":\"ca\",\"potentialAction\":[{\"@type\":\"CommentAction\",\"name\":\"Comment\",\"target\":[\"https:\\\/\\\/radiolitoral.com\\\/2024\\\/12\\\/el-cd-denia-rendix-visita-al-complicat-camp-de-la-ud-tavernes\\\/#respond\"]}]},{\"@type\":[\"WebPage\",\"ItemPage\"],\"@id\":\"https:\\\/\\\/radiolitoral.com\\\/2024\\\/12\\\/el-cd-denia-rendix-visita-al-complicat-camp-de-la-ud-tavernes\\\/\",\"url\":\"https:\\\/\\\/radiolitoral.com\\\/2024\\\/12\\\/el-cd-denia-rendix-visita-al-complicat-camp-de-la-ud-tavernes\\\/\",\"name\":\"El CD D\u00e9nia rendix visita al complicat camp de la UD Tavernes | R\u00e0dio Litoral\",\"isPartOf\":{\"@id\":\"https:\\\/\\\/radiolitoral.com\\\/#website\"},\"primaryImageOfPage\":{\"@id\":\"https:\\\/\\\/radiolitoral.com\\\/2024\\\/12\\\/el-cd-denia-rendix-visita-al-complicat-camp-de-la-ud-tavernes\\\/#primaryimage\"},\"image\":{\"@id\":\"https:\\\/\\\/radiolitoral.com\\\/2024\\\/12\\\/el-cd-denia-rendix-visita-al-complicat-camp-de-la-ud-tavernes\\\/#primaryimage\"},\"thumbnailUrl\":\"https:\\\/\\\/media.radiolitoral.com\\\/wp-content\\\/uploads\\\/2024\\\/12\\\/13115101\\\/Jugadores-dianenes-abrazandose-scaled.jpg\",\"datePublished\":\"2024-12-13T10:51:29+00:00\",\"description\":\"Juanjo Antol\u00ed ha demanat als seus jugadors que estiguen molt atents al joc ofensiu del seu rivalJuanjo Antol\u00ed ha demanat als seus jugadors que estiguen molt atents al joc ofensiu del seu rival\",\"breadcrumb\":{\"@id\":\"https:\\\/\\\/radiolitoral.com\\\/2024\\\/12\\\/el-cd-denia-rendix-visita-al-complicat-camp-de-la-ud-tavernes\\\/#breadcrumb\"},\"inLanguage\":\"ca\",\"potentialAction\":[{\"@type\":\"ReadAction\",\"target\":[\"https:\\\/\\\/radiolitoral.com\\\/2024\\\/12\\\/el-cd-denia-rendix-visita-al-complicat-camp-de-la-ud-tavernes\\\/\"]}]},{\"@type\":\"ImageObject\",\"inLanguage\":\"ca\",\"@id\":\"https:\\\/\\\/radiolitoral.com\\\/2024\\\/12\\\/el-cd-denia-rendix-visita-al-complicat-camp-de-la-ud-tavernes\\\/#primaryimage\",\"url\":\"https:\\\/\\\/media.radiolitoral.com\\\/wp-content\\\/uploads\\\/2024\\\/12\\\/13115101\\\/Jugadores-dianenes-abrazandose-scaled.jpg\",\"contentUrl\":\"https:\\\/\\\/media.radiolitoral.com\\\/wp-content\\\/uploads\\\/2024\\\/12\\\/13115101\\\/Jugadores-dianenes-abrazandose-scaled.jpg\",\"width\":2560,\"height\":1707},{\"@type\":\"BreadcrumbList\",\"@id\":\"https:\\\/\\\/radiolitoral.com\\\/2024\\\/12\\\/el-cd-denia-rendix-visita-al-complicat-camp-de-la-ud-tavernes\\\/#breadcrumb\",\"itemListElement\":[{\"@type\":\"ListItem\",\"position\":1,\"name\":\"Portada\",\"item\":\"https:\\\/\\\/radiolitoral.com\\\/\"},{\"@type\":\"ListItem\",\"position\":2,\"name\":\"El CD D\u00e9nia rendix visita al complicat camp de la UD Tavernes\"}]},{\"@type\":\"WebSite\",\"@id\":\"https:\\\/\\\/radiolitoral.com\\\/#website\",\"url\":\"https:\\\/\\\/radiolitoral.com\\\/\",\"name\":\"Radio Litoral\",\"description\":\"La radio local de la Marina Alta\",\"publisher\":{\"@id\":\"https:\\\/\\\/radiolitoral.com\\\/#organization\"},\"alternateName\":\"Litoral FM\",\"potentialAction\":[{\"@type\":\"SearchAction\",\"target\":{\"@type\":\"EntryPoint\",\"urlTemplate\":\"https:\\\/\\\/radiolitoral.com\\\/?s={search_term_string}\"},\"query-input\":{\"@type\":\"PropertyValueSpecification\",\"valueRequired\":true,\"valueName\":\"search_term_string\"}}],\"inLanguage\":\"ca\"},{\"@type\":\"Organization\",\"@id\":\"https:\\\/\\\/radiolitoral.com\\\/#organization\",\"name\":\"Radio Litoral\",\"url\":\"https:\\\/\\\/radiolitoral.com\\\/\",\"logo\":{\"@type\":\"ImageObject\",\"inLanguage\":\"ca\",\"@id\":\"https:\\\/\\\/radiolitoral.com\\\/#\\\/schema\\\/logo\\\/image\\\/\",\"url\":\"https:\\\/\\\/media.radiolitoral.com\\\/wp-content\\\/uploads\\\/2023\\\/02\\\/24143238\\\/CL-V-RadioLitoral696.png\",\"contentUrl\":\"https:\\\/\\\/media.radiolitoral.com\\\/wp-content\\\/uploads\\\/2023\\\/02\\\/24143238\\\/CL-V-RadioLitoral696.png\",\"width\":696,\"height\":696,\"caption\":\"Radio Litoral\"},\"image\":{\"@id\":\"https:\\\/\\\/radiolitoral.com\\\/#\\\/schema\\\/logo\\\/image\\\/\"},\"sameAs\":[\"https:\\\/\\\/www.facebook.com\\\/Laradiolitoral\\\/\"]},{\"@type\":\"Person\",\"@id\":\"https:\\\/\\\/radiolitoral.com\\\/#\\\/schema\\\/person\\\/7b1480b5caeb5acdd4ec6379caf62b22\",\"name\":\"Javier Zamora\",\"image\":{\"@type\":\"ImageObject\",\"inLanguage\":\"ca\",\"@id\":\"https:\\\/\\\/secure.gravatar.com\\\/avatar\\\/467a11f6918c7d619c4043fc6fa2d3853053107973f05b6e9c04ea6c4e3a7b3f?s=96&d=mm&r=g\",\"url\":\"https:\\\/\\\/secure.gravatar.com\\\/avatar\\\/467a11f6918c7d619c4043fc6fa2d3853053107973f05b6e9c04ea6c4e3a7b3f?s=96&d=mm&r=g\",\"contentUrl\":\"https:\\\/\\\/secure.gravatar.com\\\/avatar\\\/467a11f6918c7d619c4043fc6fa2d3853053107973f05b6e9c04ea6c4e3a7b3f?s=96&d=mm&r=g\",\"caption\":\"Javier Zamora\"},\"url\":\"https:\\\/\\\/radiolitoral.com\\\/ca\\\/author\\\/javier-zamora\\\/\"}]}<\/script>\n<!-- \/ Yoast SEO plugin. -->","yoast_head_json":{"title":"El CD D\u00e9nia rendix visita el complicat camp de la UD Tavernes | R\u00e0dio Litoral","description":"Juanjo Antol\u00ed ha demanat als seus jugadors que estiguin molt atents al joc ofensiu del seu rivalJuanjo Antol\u00ed ha demanat als seus jugadors que estiguin molt atents al joc ofensiu del seu rival","robots":{"index":"index","follow":"follow","max-snippet":"max-snippet:-1","max-image-preview":"max-image-preview:large","max-video-preview":"max-video-preview:-1"},"canonical":"https:\/\/radiolitoral.com\/ca\/2024\/12\/el-cd-denia-rendix-visita-al-complicat-camp-de-la-ud-tavernes\/","og_locale":"ca_ES","og_type":"article","og_title":"El CD D\u00e9nia rendix visita al complicat camp de la UD Tavernes | R\u00e0dio Litoral","og_description":"Juanjo Antol\u00ed ha demanat als seus jugadors que estiguen molt atents al joc ofensiu del seu rivalJuanjo Antol\u00ed ha demanat als seus jugadors que estiguen molt atents al joc ofensiu del seu rival","og_url":"https:\/\/radiolitoral.com\/ca\/2024\/12\/el-cd-denia-rendix-visita-al-complicat-camp-de-la-ud-tavernes\/","og_site_name":"R\u00e0dio Litoral","article_publisher":"https:\/\/www.facebook.com\/Laradiolitoral\/","article_published_time":"2024-12-13T10:51:29+00:00","og_image":[{"width":2560,"height":1707,"url":"https:\/\/media.radiolitoral.com\/wp-content\/uploads\/2024\/12\/13115101\/Jugadores-dianenes-abrazandose-scaled.jpg","type":"image\/jpeg"}],"author":"Javier Zamora","twitter_card":"summary_large_image","twitter_misc":{"Escrit per":"Javier Zamora","Temps estimat de lectura":"2 minuts"},"schema":{"@context":"https:\/\/schema.org","@graph":[{"@type":"NewsArticle","@id":"https:\/\/radiolitoral.com\/2024\/12\/el-cd-denia-rendix-visita-al-complicat-camp-de-la-ud-tavernes\/#article","isPartOf":{"@id":"https:\/\/radiolitoral.com\/2024\/12\/el-cd-denia-rendix-visita-al-complicat-camp-de-la-ud-tavernes\/"},"author":{"name":"Javier Zamora","@id":"https:\/\/radiolitoral.com\/#\/schema\/person\/7b1480b5caeb5acdd4ec6379caf62b22"},"headline":"El CD D\u00e9nia rendix visita al complicat camp de la UD Tavernes","datePublished":"2024-12-13T10:51:29+00:00","mainEntityOfPage":{"@id":"https:\/\/radiolitoral.com\/2024\/12\/el-cd-denia-rendix-visita-al-complicat-camp-de-la-ud-tavernes\/"},"wordCount":188,"commentCount":0,"publisher":{"@id":"https:\/\/radiolitoral.com\/#organization"},"image":{"@id":"https:\/\/radiolitoral.com\/2024\/12\/el-cd-denia-rendix-visita-al-complicat-camp-de-la-ud-tavernes\/#primaryimage"},"thumbnailUrl":"https:\/\/media.radiolitoral.com\/wp-content\/uploads\/2024\/12\/13115101\/Jugadores-dianenes-abrazandose-scaled.jpg","keywords":["CD D\u00e9nia","deportes","Juanjo Antol\u00ed.","Nostra Copa","UD Tavernes"],"articleSection":["Deportes"],"inLanguage":"ca","potentialAction":[{"@type":"CommentAction","name":"Comment","target":["https:\/\/radiolitoral.com\/2024\/12\/el-cd-denia-rendix-visita-al-complicat-camp-de-la-ud-tavernes\/#respond"]}]},{"@type":["WebPage","ItemPage"],"@id":"https:\/\/radiolitoral.com\/2024\/12\/el-cd-denia-rendix-visita-al-complicat-camp-de-la-ud-tavernes\/","url":"https:\/\/radiolitoral.com\/2024\/12\/el-cd-denia-rendix-visita-al-complicat-camp-de-la-ud-tavernes\/","name":"El CD D\u00e9nia rendix visita el complicat camp de la UD Tavernes | R\u00e0dio Litoral","isPartOf":{"@id":"https:\/\/radiolitoral.com\/#website"},"primaryImageOfPage":{"@id":"https:\/\/radiolitoral.com\/2024\/12\/el-cd-denia-rendix-visita-al-complicat-camp-de-la-ud-tavernes\/#primaryimage"},"image":{"@id":"https:\/\/radiolitoral.com\/2024\/12\/el-cd-denia-rendix-visita-al-complicat-camp-de-la-ud-tavernes\/#primaryimage"},"thumbnailUrl":"https:\/\/media.radiolitoral.com\/wp-content\/uploads\/2024\/12\/13115101\/Jugadores-dianenes-abrazandose-scaled.jpg","datePublished":"2024-12-13T10:51:29+00:00","description":"Juanjo Antol\u00ed ha demanat als seus jugadors que estiguin molt atents al joc ofensiu del seu rivalJuanjo Antol\u00ed ha demanat als seus jugadors que estiguin molt atents al joc ofensiu del seu rival","breadcrumb":{"@id":"https:\/\/radiolitoral.com\/2024\/12\/el-cd-denia-rendix-visita-al-complicat-camp-de-la-ud-tavernes\/#breadcrumb"},"inLanguage":"ca","potentialAction":[{"@type":"ReadAction","target":["https:\/\/radiolitoral.com\/2024\/12\/el-cd-denia-rendix-visita-al-complicat-camp-de-la-ud-tavernes\/"]}]},{"@type":"ImageObject","inLanguage":"ca","@id":"https:\/\/radiolitoral.com\/2024\/12\/el-cd-denia-rendix-visita-al-complicat-camp-de-la-ud-tavernes\/#primaryimage","url":"https:\/\/media.radiolitoral.com\/wp-content\/uploads\/2024\/12\/13115101\/Jugadores-dianenes-abrazandose-scaled.jpg","contentUrl":"https:\/\/media.radiolitoral.com\/wp-content\/uploads\/2024\/12\/13115101\/Jugadores-dianenes-abrazandose-scaled.jpg","width":2560,"height":1707},{"@type":"BreadcrumbList","@id":"https:\/\/radiolitoral.com\/2024\/12\/el-cd-denia-rendix-visita-al-complicat-camp-de-la-ud-tavernes\/#breadcrumb","itemListElement":[{"@type":"ListItem","position":1,"name":"Portada","item":"https:\/\/radiolitoral.com\/"},{"@type":"ListItem","position":2,"name":"El CD D\u00e9nia rendix visita al complicat camp de la UD Tavernes"}]},{"@type":"WebSite","@id":"https:\/\/radiolitoral.com\/#website","url":"https:\/\/radiolitoral.com\/","name":"R\u00e0dio Litoral","description":"La r\u00e0dio local de la Marina Alta","publisher":{"@id":"https:\/\/radiolitoral.com\/#organization"},"alternateName":"Litoral FM","potentialAction":[{"@type":"SearchAction","target":{"@type":"EntryPoint","urlTemplate":"https:\/\/radiolitoral.com\/?s={search_term_string}"},"query-input":{"@type":"PropertyValueSpecification","valueRequired":true,"valueName":"search_term_string"}}],"inLanguage":"ca"},{"@type":"Organization","@id":"https:\/\/radiolitoral.com\/#organization","name":"R\u00e0dio Litoral","url":"https:\/\/radiolitoral.com\/","logo":{"@type":"ImageObject","inLanguage":"ca","@id":"https:\/\/radiolitoral.com\/#\/schema\/logo\/image\/","url":"https:\/\/media.radiolitoral.com\/wp-content\/uploads\/2023\/02\/24143238\/CL-V-RadioLitoral696.png","contentUrl":"https:\/\/media.radiolitoral.com\/wp-content\/uploads\/2023\/02\/24143238\/CL-V-RadioLitoral696.png","width":696,"height":696,"caption":"Radio Litoral"},"image":{"@id":"https:\/\/radiolitoral.com\/#\/schema\/logo\/image\/"},"sameAs":["https:\/\/www.facebook.com\/Laradiolitoral\/"]},{"@type":"Person","@id":"https:\/\/radiolitoral.com\/#\/schema\/person\/7b1480b5caeb5acdd4ec6379caf62b22","name":"Javier Zamora","image":{"@type":"ImageObject","inLanguage":"ca","@id":"https:\/\/secure.gravatar.com\/avatar\/467a11f6918c7d619c4043fc6fa2d3853053107973f05b6e9c04ea6c4e3a7b3f?s=96&d=mm&r=g","url":"https:\/\/secure.gravatar.com\/avatar\/467a11f6918c7d619c4043fc6fa2d3853053107973f05b6e9c04ea6c4e3a7b3f?s=96&d=mm&r=g","contentUrl":"https:\/\/secure.gravatar.com\/avatar\/467a11f6918c7d619c4043fc6fa2d3853053107973f05b6e9c04ea6c4e3a7b3f?s=96&d=mm&r=g","caption":"Javier Zamora"},"url":"https:\/\/radiolitoral.com\/ca\/author\/javier-zamora\/"}]}},"_links":{"self":[{"href":"https:\/\/radiolitoral.com\/ca\/wp-json\/wp\/v2\/posts\/13785","targetHints":{"allow":["GET"]}}],"collection":[{"href":"https:\/\/radiolitoral.com\/ca\/wp-json\/wp\/v2\/posts"}],"about":[{"href":"https:\/\/radiolitoral.com\/ca\/wp-json\/wp\/v2\/types\/post"}],"author":[{"embeddable":true,"href":"https:\/\/radiolitoral.com\/ca\/wp-json\/wp\/v2\/users\/12"}],"replies":[{"embeddable":true,"href":"https:\/\/radiolitoral.com\/ca\/wp-json\/wp\/v2\/comments?post=13785"}],"version-history":[{"count":2,"href":"https:\/\/radiolitoral.com\/ca\/wp-json\/wp\/v2\/posts\/13785\/revisions"}],"predecessor-version":[{"id":13788,"href":"https:\/\/radiolitoral.com\/ca\/wp-json\/wp\/v2\/posts\/13785\/revisions\/13788"}],"wp:featuredmedia":[{"embeddable":true,"href":"https:\/\/radiolitoral.com\/ca\/wp-json\/wp\/v2\/media\/13786"}],"wp:attachment":[{"href":"https:\/\/radiolitoral.com\/ca\/wp-json\/wp\/v2\/media?parent=13785"}],"wp:term":[{"taxonomy":"category","embeddable":true,"href":"https:\/\/radiolitoral.com\/ca\/wp-json\/wp\/v2\/categories?post=13785"},{"taxonomy":"post_tag","embeddable":true,"href":"https:\/\/radiolitoral.com\/ca\/wp-json\/wp\/v2\/tags?post=13785"}],"curies":[{"name":"wp","href":"https:\/\/api.w.org\/{rel}","templated":true}]}}