{"id":1378,"date":"2023-03-16T14:24:32","date_gmt":"2023-03-16T13:24:32","guid":{"rendered":"https:\/\/radiolitoral.com\/?p=1378"},"modified":"2023-03-16T15:04:30","modified_gmt":"2023-03-16T14:04:30","slug":"el-psoe-de-calp-denuncia-una-pintada-dodi-cap-al-col%c2%b7lectiu-lgtbi","status":"publish","type":"post","link":"https:\/\/radiolitoral.com\/ca\/2023\/03\/el-psoe-de-calp-denuncia-una-pintada-de-odio-hacia-el-colectivo-lgtbi\/","title":{"rendered":"El PSOE de Calp denuncia una pintada d&#039;odi cap al col\u00b7lectiu LGTBI"},"content":{"rendered":"<p>El <strong>n\u00famero u del PSOE calp\u00ed, Guillermo Sendra<\/strong>, ha denunciat l&#039;acte de <strong>vandalisme hom\u00f2fob<\/strong> que s&#039;ha produ\u00eft davant la <strong>espiral multicolor, per aparcar bicis<\/strong>, a la pla\u00e7a Colom. Un mobiliari urb\u00e0 que fa tot just uns dies va ser instal\u00b7lat per l?ajuntament. I davant el que n&#039;ha aparegut una <strong>pintada d&#039;odi cap al col\u00b7lectiu LGTBI<\/strong>. Una den\u00fancia que arriba just uns dies despr\u00e9s que el PSOE traur\u00e0 per unanimitat al ple una proposta per fer un diagn\u00f2stic institucional de les pol\u00edtiques p\u00fabliques orientades a la inclusi\u00f3 ia la diversitat.<\/p>\n<p>El candidat Guillermo Sendra ha mostrat la seva repulsa per aquests fets i insta els serveis municipals que eliminin els missatges d&#039;odi. El n\u00famero u dels socialistes considera que si no es denuncien en p\u00fablic el vandalisme i les agressions hom\u00f2fobes seguirem tenint un problema som societat.<\/p>\n<p>&nbsp;<\/p>","protected":false},"excerpt":{"rendered":"<p>El n\u00famero uno del PSOE calpino, Guillermo Sendra, ha denunciado el acto de vandalismo hom\u00f3fobo que se ha producido ante la espiral multicolor, para aparcar bicis, en la plaza Col\u00f3n. Un mobiliario urbano que hace apenas unos d\u00edas fue instalado por el ayuntamiento. Y ante el que ha aparecido una pintada de odio hacia el [&#8230;]<\/p>\n<p><a class=\"btn btn-secondary understrap-read-more-link\" href=\"https:\/\/radiolitoral.com\/ca\/2023\/03\/el-psoe-de-calp-denuncia-una-pintada-de-odio-hacia-el-colectivo-lgtbi\/\">Continua llegint&#8230;<span class=\"screen-reader-text\"> from El PSOE de Calp denuncia una pintada de odio hacia el colectivo LGTBI<\/span><\/a><\/p>\n","protected":false},"author":21,"featured_media":1380,"comment_status":"open","ping_status":"closed","sticky":false,"template":"","format":"standard","meta":{"_acf_changed":false,"inline_featured_image":false,"footnotes":""},"categories":[8],"tags":[],"class_list":["post-1378","post","type-post","status-publish","format-standard","has-post-thumbnail","hentry","category-sucesos","cobertura-calp"],"acf":[],"yoast_head":"<!-- This site is optimized with the Yoast SEO plugin v27.5 - https:\/\/yoast.com\/product\/yoast-seo-wordpress\/ -->\n<title>El PSOE de Calp denuncia una pintada de odio hacia el colectivo LGTBI | R\u00e0dio Litoral<\/title>\n<meta name=\"robots\" content=\"index, follow, max-snippet:-1, max-image-preview:large, max-video-preview:-1\" \/>\n<link rel=\"canonical\" href=\"https:\/\/radiolitoral.com\/ca\/2023\/03\/el-psoe-de-calp-denuncia-una-pintada-dodi-cap-al-col\u00b7lectiu-lgtbi\/\" \/>\n<meta property=\"og:locale\" content=\"ca_ES\" \/>\n<meta property=\"og:type\" content=\"article\" \/>\n<meta property=\"og:title\" content=\"El PSOE de Calp denuncia una pintada de odio hacia el colectivo LGTBI | R\u00e0dio Litoral\" \/>\n<meta property=\"og:url\" content=\"https:\/\/radiolitoral.com\/ca\/2023\/03\/el-psoe-de-calp-denuncia-una-pintada-dodi-cap-al-col\u00b7lectiu-lgtbi\/\" \/>\n<meta property=\"og:site_name\" content=\"R\u00e0dio Litoral\" \/>\n<meta property=\"article:publisher\" content=\"https:\/\/www.facebook.com\/Laradiolitoral\/\" \/>\n<meta property=\"article:published_time\" content=\"2023-03-16T13:24:32+00:00\" \/>\n<meta property=\"article:modified_time\" content=\"2023-03-16T14:04:30+00:00\" \/>\n<meta property=\"og:image\" content=\"https:\/\/media.radiolitoral.com\/wp-content\/uploads\/2023\/03\/16143144\/guillermo.jpeg\" \/>\n\t<meta property=\"og:image:width\" content=\"1320\" \/>\n\t<meta property=\"og:image:height\" content=\"991\" \/>\n\t<meta property=\"og:image:type\" content=\"image\/jpeg\" \/>\n<meta name=\"author\" content=\"Mel Pescuezo\" \/>\n<meta name=\"twitter:card\" content=\"summary_large_image\" \/>\n<meta name=\"twitter:label1\" content=\"Escrit per\" \/>\n\t<meta name=\"twitter:data1\" content=\"Mel Pescuezo\" \/>\n\t<meta name=\"twitter:label2\" content=\"Temps estimat de lectura\" \/>\n\t<meta name=\"twitter:data2\" content=\"1 minut\" \/>\n<script type=\"application\/ld+json\" class=\"yoast-schema-graph\">{\"@context\":\"https:\\\/\\\/schema.org\",\"@graph\":[{\"@type\":\"NewsArticle\",\"@id\":\"https:\\\/\\\/radiolitoral.com\\\/2023\\\/03\\\/el-psoe-de-calp-denuncia-una-pintada-de-odio-hacia-el-colectivo-lgtbi\\\/#article\",\"isPartOf\":{\"@id\":\"https:\\\/\\\/radiolitoral.com\\\/2023\\\/03\\\/el-psoe-de-calp-denuncia-una-pintada-de-odio-hacia-el-colectivo-lgtbi\\\/\"},\"author\":{\"name\":\"Mel Pescuezo\",\"@id\":\"https:\\\/\\\/radiolitoral.com\\\/#\\\/schema\\\/person\\\/aad4f72efa404f85b68e832d24cac059\"},\"headline\":\"El PSOE de Calp denuncia una pintada de odio hacia el colectivo LGTBI\",\"datePublished\":\"2023-03-16T13:24:32+00:00\",\"dateModified\":\"2023-03-16T14:04:30+00:00\",\"mainEntityOfPage\":{\"@id\":\"https:\\\/\\\/radiolitoral.com\\\/2023\\\/03\\\/el-psoe-de-calp-denuncia-una-pintada-de-odio-hacia-el-colectivo-lgtbi\\\/\"},\"wordCount\":170,\"commentCount\":0,\"publisher\":{\"@id\":\"https:\\\/\\\/radiolitoral.com\\\/#organization\"},\"image\":{\"@id\":\"https:\\\/\\\/radiolitoral.com\\\/2023\\\/03\\\/el-psoe-de-calp-denuncia-una-pintada-de-odio-hacia-el-colectivo-lgtbi\\\/#primaryimage\"},\"thumbnailUrl\":\"https:\\\/\\\/media.radiolitoral.com\\\/wp-content\\\/uploads\\\/2023\\\/03\\\/16143144\\\/guillermo.jpeg\",\"articleSection\":[\"Sucesos\"],\"inLanguage\":\"ca\",\"potentialAction\":[{\"@type\":\"CommentAction\",\"name\":\"Comment\",\"target\":[\"https:\\\/\\\/radiolitoral.com\\\/2023\\\/03\\\/el-psoe-de-calp-denuncia-una-pintada-de-odio-hacia-el-colectivo-lgtbi\\\/#respond\"]}]},{\"@type\":[\"WebPage\",\"ItemPage\"],\"@id\":\"https:\\\/\\\/radiolitoral.com\\\/2023\\\/03\\\/el-psoe-de-calp-denuncia-una-pintada-de-odio-hacia-el-colectivo-lgtbi\\\/\",\"url\":\"https:\\\/\\\/radiolitoral.com\\\/2023\\\/03\\\/el-psoe-de-calp-denuncia-una-pintada-de-odio-hacia-el-colectivo-lgtbi\\\/\",\"name\":\"El PSOE de Calp denuncia una pintada de odio hacia el colectivo LGTBI | R\u00e0dio Litoral\",\"isPartOf\":{\"@id\":\"https:\\\/\\\/radiolitoral.com\\\/#website\"},\"primaryImageOfPage\":{\"@id\":\"https:\\\/\\\/radiolitoral.com\\\/2023\\\/03\\\/el-psoe-de-calp-denuncia-una-pintada-de-odio-hacia-el-colectivo-lgtbi\\\/#primaryimage\"},\"image\":{\"@id\":\"https:\\\/\\\/radiolitoral.com\\\/2023\\\/03\\\/el-psoe-de-calp-denuncia-una-pintada-de-odio-hacia-el-colectivo-lgtbi\\\/#primaryimage\"},\"thumbnailUrl\":\"https:\\\/\\\/media.radiolitoral.com\\\/wp-content\\\/uploads\\\/2023\\\/03\\\/16143144\\\/guillermo.jpeg\",\"datePublished\":\"2023-03-16T13:24:32+00:00\",\"dateModified\":\"2023-03-16T14:04:30+00:00\",\"breadcrumb\":{\"@id\":\"https:\\\/\\\/radiolitoral.com\\\/2023\\\/03\\\/el-psoe-de-calp-denuncia-una-pintada-de-odio-hacia-el-colectivo-lgtbi\\\/#breadcrumb\"},\"inLanguage\":\"ca\",\"potentialAction\":[{\"@type\":\"ReadAction\",\"target\":[\"https:\\\/\\\/radiolitoral.com\\\/2023\\\/03\\\/el-psoe-de-calp-denuncia-una-pintada-de-odio-hacia-el-colectivo-lgtbi\\\/\"]}]},{\"@type\":\"ImageObject\",\"inLanguage\":\"ca\",\"@id\":\"https:\\\/\\\/radiolitoral.com\\\/2023\\\/03\\\/el-psoe-de-calp-denuncia-una-pintada-de-odio-hacia-el-colectivo-lgtbi\\\/#primaryimage\",\"url\":\"https:\\\/\\\/media.radiolitoral.com\\\/wp-content\\\/uploads\\\/2023\\\/03\\\/16143144\\\/guillermo.jpeg\",\"contentUrl\":\"https:\\\/\\\/media.radiolitoral.com\\\/wp-content\\\/uploads\\\/2023\\\/03\\\/16143144\\\/guillermo.jpeg\",\"width\":1320,\"height\":991},{\"@type\":\"BreadcrumbList\",\"@id\":\"https:\\\/\\\/radiolitoral.com\\\/2023\\\/03\\\/el-psoe-de-calp-denuncia-una-pintada-de-odio-hacia-el-colectivo-lgtbi\\\/#breadcrumb\",\"itemListElement\":[{\"@type\":\"ListItem\",\"position\":1,\"name\":\"Portada\",\"item\":\"https:\\\/\\\/radiolitoral.com\\\/\"},{\"@type\":\"ListItem\",\"position\":2,\"name\":\"El PSOE de Calp denuncia una pintada de odio hacia el colectivo LGTBI\"}]},{\"@type\":\"WebSite\",\"@id\":\"https:\\\/\\\/radiolitoral.com\\\/#website\",\"url\":\"https:\\\/\\\/radiolitoral.com\\\/\",\"name\":\"Radio Litoral\",\"description\":\"La radio local de la Marina Alta\",\"publisher\":{\"@id\":\"https:\\\/\\\/radiolitoral.com\\\/#organization\"},\"alternateName\":\"Litoral FM\",\"potentialAction\":[{\"@type\":\"SearchAction\",\"target\":{\"@type\":\"EntryPoint\",\"urlTemplate\":\"https:\\\/\\\/radiolitoral.com\\\/?s={search_term_string}\"},\"query-input\":{\"@type\":\"PropertyValueSpecification\",\"valueRequired\":true,\"valueName\":\"search_term_string\"}}],\"inLanguage\":\"ca\"},{\"@type\":\"Organization\",\"@id\":\"https:\\\/\\\/radiolitoral.com\\\/#organization\",\"name\":\"Radio Litoral\",\"url\":\"https:\\\/\\\/radiolitoral.com\\\/\",\"logo\":{\"@type\":\"ImageObject\",\"inLanguage\":\"ca\",\"@id\":\"https:\\\/\\\/radiolitoral.com\\\/#\\\/schema\\\/logo\\\/image\\\/\",\"url\":\"https:\\\/\\\/media.radiolitoral.com\\\/wp-content\\\/uploads\\\/2023\\\/02\\\/24143238\\\/CL-V-RadioLitoral696.png\",\"contentUrl\":\"https:\\\/\\\/media.radiolitoral.com\\\/wp-content\\\/uploads\\\/2023\\\/02\\\/24143238\\\/CL-V-RadioLitoral696.png\",\"width\":696,\"height\":696,\"caption\":\"Radio Litoral\"},\"image\":{\"@id\":\"https:\\\/\\\/radiolitoral.com\\\/#\\\/schema\\\/logo\\\/image\\\/\"},\"sameAs\":[\"https:\\\/\\\/www.facebook.com\\\/Laradiolitoral\\\/\"]},{\"@type\":\"Person\",\"@id\":\"https:\\\/\\\/radiolitoral.com\\\/#\\\/schema\\\/person\\\/aad4f72efa404f85b68e832d24cac059\",\"name\":\"Mel Pescuezo\",\"image\":{\"@type\":\"ImageObject\",\"inLanguage\":\"ca\",\"@id\":\"https:\\\/\\\/secure.gravatar.com\\\/avatar\\\/993975ae489c70cb0dd9bfa9413a082f0bd276582dac13661af7b33f161e7eea?s=96&d=mm&r=g\",\"url\":\"https:\\\/\\\/secure.gravatar.com\\\/avatar\\\/993975ae489c70cb0dd9bfa9413a082f0bd276582dac13661af7b33f161e7eea?s=96&d=mm&r=g\",\"contentUrl\":\"https:\\\/\\\/secure.gravatar.com\\\/avatar\\\/993975ae489c70cb0dd9bfa9413a082f0bd276582dac13661af7b33f161e7eea?s=96&d=mm&r=g\",\"caption\":\"Mel Pescuezo\"},\"url\":\"https:\\\/\\\/radiolitoral.com\\\/ca\\\/author\\\/serviciospararadios\\\/\"}]}<\/script>\n<!-- \/ Yoast SEO plugin. -->","yoast_head_json":{"title":"El PSOE de Calp denuncia una pintada d&#039;odi cap al col\u00b7lectiu LGTBI | R\u00e0dio Litoral","robots":{"index":"index","follow":"follow","max-snippet":"max-snippet:-1","max-image-preview":"max-image-preview:large","max-video-preview":"max-video-preview:-1"},"canonical":"https:\/\/radiolitoral.com\/ca\/2023\/03\/el-psoe-de-calp-denuncia-una-pintada-dodi-cap-al-col\u00b7lectiu-lgtbi\/","og_locale":"ca_ES","og_type":"article","og_title":"El PSOE de Calp denuncia una pintada de odio hacia el colectivo LGTBI | R\u00e0dio Litoral","og_url":"https:\/\/radiolitoral.com\/ca\/2023\/03\/el-psoe-de-calp-denuncia-una-pintada-dodi-cap-al-col\u00b7lectiu-lgtbi\/","og_site_name":"R\u00e0dio Litoral","article_publisher":"https:\/\/www.facebook.com\/Laradiolitoral\/","article_published_time":"2023-03-16T13:24:32+00:00","article_modified_time":"2023-03-16T14:04:30+00:00","og_image":[{"width":1320,"height":991,"url":"https:\/\/media.radiolitoral.com\/wp-content\/uploads\/2023\/03\/16143144\/guillermo.jpeg","type":"image\/jpeg"}],"author":"Mel Pescuezo","twitter_card":"summary_large_image","twitter_misc":{"Escrit per":"Mel Pescuezo","Temps estimat de lectura":"1 minut"},"schema":{"@context":"https:\/\/schema.org","@graph":[{"@type":"NewsArticle","@id":"https:\/\/radiolitoral.com\/2023\/03\/el-psoe-de-calp-denuncia-una-pintada-de-odio-hacia-el-colectivo-lgtbi\/#article","isPartOf":{"@id":"https:\/\/radiolitoral.com\/2023\/03\/el-psoe-de-calp-denuncia-una-pintada-de-odio-hacia-el-colectivo-lgtbi\/"},"author":{"name":"Mel Pescuezo","@id":"https:\/\/radiolitoral.com\/#\/schema\/person\/aad4f72efa404f85b68e832d24cac059"},"headline":"El PSOE de Calp denuncia una pintada de odio hacia el colectivo LGTBI","datePublished":"2023-03-16T13:24:32+00:00","dateModified":"2023-03-16T14:04:30+00:00","mainEntityOfPage":{"@id":"https:\/\/radiolitoral.com\/2023\/03\/el-psoe-de-calp-denuncia-una-pintada-de-odio-hacia-el-colectivo-lgtbi\/"},"wordCount":170,"commentCount":0,"publisher":{"@id":"https:\/\/radiolitoral.com\/#organization"},"image":{"@id":"https:\/\/radiolitoral.com\/2023\/03\/el-psoe-de-calp-denuncia-una-pintada-de-odio-hacia-el-colectivo-lgtbi\/#primaryimage"},"thumbnailUrl":"https:\/\/media.radiolitoral.com\/wp-content\/uploads\/2023\/03\/16143144\/guillermo.jpeg","articleSection":["Sucesos"],"inLanguage":"ca","potentialAction":[{"@type":"CommentAction","name":"Comment","target":["https:\/\/radiolitoral.com\/2023\/03\/el-psoe-de-calp-denuncia-una-pintada-de-odio-hacia-el-colectivo-lgtbi\/#respond"]}]},{"@type":["WebPage","ItemPage"],"@id":"https:\/\/radiolitoral.com\/2023\/03\/el-psoe-de-calp-denuncia-una-pintada-de-odio-hacia-el-colectivo-lgtbi\/","url":"https:\/\/radiolitoral.com\/2023\/03\/el-psoe-de-calp-denuncia-una-pintada-de-odio-hacia-el-colectivo-lgtbi\/","name":"El PSOE de Calp denuncia una pintada d&#039;odi cap al col\u00b7lectiu LGTBI | R\u00e0dio Litoral","isPartOf":{"@id":"https:\/\/radiolitoral.com\/#website"},"primaryImageOfPage":{"@id":"https:\/\/radiolitoral.com\/2023\/03\/el-psoe-de-calp-denuncia-una-pintada-de-odio-hacia-el-colectivo-lgtbi\/#primaryimage"},"image":{"@id":"https:\/\/radiolitoral.com\/2023\/03\/el-psoe-de-calp-denuncia-una-pintada-de-odio-hacia-el-colectivo-lgtbi\/#primaryimage"},"thumbnailUrl":"https:\/\/media.radiolitoral.com\/wp-content\/uploads\/2023\/03\/16143144\/guillermo.jpeg","datePublished":"2023-03-16T13:24:32+00:00","dateModified":"2023-03-16T14:04:30+00:00","breadcrumb":{"@id":"https:\/\/radiolitoral.com\/2023\/03\/el-psoe-de-calp-denuncia-una-pintada-de-odio-hacia-el-colectivo-lgtbi\/#breadcrumb"},"inLanguage":"ca","potentialAction":[{"@type":"ReadAction","target":["https:\/\/radiolitoral.com\/2023\/03\/el-psoe-de-calp-denuncia-una-pintada-de-odio-hacia-el-colectivo-lgtbi\/"]}]},{"@type":"ImageObject","inLanguage":"ca","@id":"https:\/\/radiolitoral.com\/2023\/03\/el-psoe-de-calp-denuncia-una-pintada-de-odio-hacia-el-colectivo-lgtbi\/#primaryimage","url":"https:\/\/media.radiolitoral.com\/wp-content\/uploads\/2023\/03\/16143144\/guillermo.jpeg","contentUrl":"https:\/\/media.radiolitoral.com\/wp-content\/uploads\/2023\/03\/16143144\/guillermo.jpeg","width":1320,"height":991},{"@type":"BreadcrumbList","@id":"https:\/\/radiolitoral.com\/2023\/03\/el-psoe-de-calp-denuncia-una-pintada-de-odio-hacia-el-colectivo-lgtbi\/#breadcrumb","itemListElement":[{"@type":"ListItem","position":1,"name":"Portada","item":"https:\/\/radiolitoral.com\/"},{"@type":"ListItem","position":2,"name":"El PSOE de Calp denuncia una pintada de odio hacia el colectivo LGTBI"}]},{"@type":"WebSite","@id":"https:\/\/radiolitoral.com\/#website","url":"https:\/\/radiolitoral.com\/","name":"R\u00e0dio Litoral","description":"La r\u00e0dio local de la Marina Alta","publisher":{"@id":"https:\/\/radiolitoral.com\/#organization"},"alternateName":"Litoral FM","potentialAction":[{"@type":"SearchAction","target":{"@type":"EntryPoint","urlTemplate":"https:\/\/radiolitoral.com\/?s={search_term_string}"},"query-input":{"@type":"PropertyValueSpecification","valueRequired":true,"valueName":"search_term_string"}}],"inLanguage":"ca"},{"@type":"Organization","@id":"https:\/\/radiolitoral.com\/#organization","name":"R\u00e0dio Litoral","url":"https:\/\/radiolitoral.com\/","logo":{"@type":"ImageObject","inLanguage":"ca","@id":"https:\/\/radiolitoral.com\/#\/schema\/logo\/image\/","url":"https:\/\/media.radiolitoral.com\/wp-content\/uploads\/2023\/02\/24143238\/CL-V-RadioLitoral696.png","contentUrl":"https:\/\/media.radiolitoral.com\/wp-content\/uploads\/2023\/02\/24143238\/CL-V-RadioLitoral696.png","width":696,"height":696,"caption":"Radio Litoral"},"image":{"@id":"https:\/\/radiolitoral.com\/#\/schema\/logo\/image\/"},"sameAs":["https:\/\/www.facebook.com\/Laradiolitoral\/"]},{"@type":"Person","@id":"https:\/\/radiolitoral.com\/#\/schema\/person\/aad4f72efa404f85b68e832d24cac059","name":"Mel Pescuezo","image":{"@type":"ImageObject","inLanguage":"ca","@id":"https:\/\/secure.gravatar.com\/avatar\/993975ae489c70cb0dd9bfa9413a082f0bd276582dac13661af7b33f161e7eea?s=96&d=mm&r=g","url":"https:\/\/secure.gravatar.com\/avatar\/993975ae489c70cb0dd9bfa9413a082f0bd276582dac13661af7b33f161e7eea?s=96&d=mm&r=g","contentUrl":"https:\/\/secure.gravatar.com\/avatar\/993975ae489c70cb0dd9bfa9413a082f0bd276582dac13661af7b33f161e7eea?s=96&d=mm&r=g","caption":"Mel Pescuezo"},"url":"https:\/\/radiolitoral.com\/ca\/author\/serviciospararadios\/"}]}},"_links":{"self":[{"href":"https:\/\/radiolitoral.com\/ca\/wp-json\/wp\/v2\/posts\/1378","targetHints":{"allow":["GET"]}}],"collection":[{"href":"https:\/\/radiolitoral.com\/ca\/wp-json\/wp\/v2\/posts"}],"about":[{"href":"https:\/\/radiolitoral.com\/ca\/wp-json\/wp\/v2\/types\/post"}],"author":[{"embeddable":true,"href":"https:\/\/radiolitoral.com\/ca\/wp-json\/wp\/v2\/users\/21"}],"replies":[{"embeddable":true,"href":"https:\/\/radiolitoral.com\/ca\/wp-json\/wp\/v2\/comments?post=1378"}],"version-history":[{"count":1,"href":"https:\/\/radiolitoral.com\/ca\/wp-json\/wp\/v2\/posts\/1378\/revisions"}],"predecessor-version":[{"id":1379,"href":"https:\/\/radiolitoral.com\/ca\/wp-json\/wp\/v2\/posts\/1378\/revisions\/1379"}],"wp:featuredmedia":[{"embeddable":true,"href":"https:\/\/radiolitoral.com\/ca\/wp-json\/wp\/v2\/media\/1380"}],"wp:attachment":[{"href":"https:\/\/radiolitoral.com\/ca\/wp-json\/wp\/v2\/media?parent=1378"}],"wp:term":[{"taxonomy":"category","embeddable":true,"href":"https:\/\/radiolitoral.com\/ca\/wp-json\/wp\/v2\/categories?post=1378"},{"taxonomy":"post_tag","embeddable":true,"href":"https:\/\/radiolitoral.com\/ca\/wp-json\/wp\/v2\/tags?post=1378"}],"curies":[{"name":"wp","href":"https:\/\/api.w.org\/{rel}","templated":true}]}}