{"id":13728,"date":"2024-12-12T10:18:07","date_gmt":"2024-12-12T09:18:07","guid":{"rendered":"https:\/\/radiolitoral.com\/?p=13728"},"modified":"2024-12-12T10:18:07","modified_gmt":"2024-12-12T09:18:07","slug":"benissa-despide-lany-amb-la-sant-silvestre","status":"publish","type":"post","link":"https:\/\/radiolitoral.com\/ca\/2024\/12\/benissa-acomiada-lany-amb-la-sant-silvestre\/","title":{"rendered":"Benissa despide l&#039;any amb la Sant Silvestre"},"content":{"rendered":"<p>Els escolars de Benissa \u00e9s preparin per disputar la <strong>III Sant Silvestre<\/strong> que tindr\u00e0 lloc el dilluns 16 de desembre Aquesta prova, que ha esdevingut una cita anual molt esperada, uneix l&#039;aspecte esportiu amb el component l\u00fadic, ja que els escolars del municipi participaran en una cursa festiva pels <strong>carrers de Benissa<\/strong>. Els alumnes del<strong> CEIP Manuel Bru<\/strong>, <strong>CEIP Pare Melcior<\/strong>, <strong>CEE Gargasindi<\/strong>, <strong>IES Josep Iborra<\/strong> i <strong>Escola Infantil La Pur\u00edssima<\/strong> seran els protagonistes d&#039;una jornada en qu\u00e8 els participants competiran en divertits <strong>disfresses<\/strong>, com a les edicions anteriors.<\/p>\n<h2>XII S. Silvestre solid\u00e0ria<\/h2>\n<p>El <strong>Club Atletisme Benissa<\/strong> te tot a punt per a la <strong>XXII Sant Silvestre Benissa<\/strong>, que se celebrar\u00e0 el proper <strong>29 <\/strong>de desembre.<\/p>\n<p>La prova escolar, que passar\u00e0 per les carrers Pare Andr\u00e9s, Sant Antoni i Pur\u00edssima, cerca oferir una activitat nadalenca que fomenti l&#039;esport entre els m\u00e9s joves.<\/p>\n<p>Solidaritat i esport s\u00f3n els eixos centrals d&#039;aquesta edici\u00f3 de la <strong>Sant Silvestre Benissa<\/strong>, ja que la recaptaci\u00f3 de la prova anir\u00e0 destinada a les v\u00edctimas de la <strong>DANA<\/strong>, que afectaran diversos municipis valencians.<\/p>\n<p>A m\u00e9s, aquest any, com a novetat, tamb\u00e9 s&#039;ha creat una modalitat de caminants, en qu\u00e8 els participants podran rec\u00f3rrer <strong>1.900 <\/strong>metres caminant D&#039;altra banda, els corredors cobreixen els <strong>3.800 metres<\/strong> del recorregut habitual.<\/p>\n<p>L&#039;horari de la prova ser\u00e0 als <strong>10 hores<\/strong> per als corredors, mentre que els caminants tindran la sortida <strong>meia hora despr\u00e9s<\/strong>. Les inscripcions estan obertes a la p\u00e0gina de <strong>Somesport<\/strong> amb un cost de <strong>5 euros <\/strong>per als adults i gratu\u00efta per als nens. En acabar la cursa, els participants podran gaudir d&#039;una xocolata i dol\u00e7os a la l\u00ednia de meta.<\/p>\n<figure id=\"attachment_13730\" aria-describedby=\"caption-attachment-13730\" style=\"width: 1080px\" class=\"wp-caption alignnone\"><img loading=\"lazy\" decoding=\"async\" class=\"wp-image-13730 size-full\" src=\"https:\/\/media.radiolitoral.com\/wp-content\/uploads\/2024\/12\/12101651\/469648951_1010865344415874_3838839631149923910_n.jpg\" alt=\"\" width=\"1080\" height=\"1080\" srcset=\"https:\/\/media.radiolitoral.com\/wp-content\/uploads\/2024\/12\/12101651\/469648951_1010865344415874_3838839631149923910_n.jpg 1080w, https:\/\/media.radiolitoral.com\/wp-content\/uploads\/2024\/12\/12101651\/469648951_1010865344415874_3838839631149923910_n-300x300.jpg 300w, https:\/\/media.radiolitoral.com\/wp-content\/uploads\/2024\/12\/12101651\/469648951_1010865344415874_3838839631149923910_n-1024x1024.jpg 1024w, https:\/\/media.radiolitoral.com\/wp-content\/uploads\/2024\/12\/12101651\/469648951_1010865344415874_3838839631149923910_n-150x150.jpg 150w, https:\/\/media.radiolitoral.com\/wp-content\/uploads\/2024\/12\/12101651\/469648951_1010865344415874_3838839631149923910_n-768x768.jpg 768w, https:\/\/media.radiolitoral.com\/wp-content\/uploads\/2024\/12\/12101651\/469648951_1010865344415874_3838839631149923910_n-12x12.jpg 12w, https:\/\/media.radiolitoral.com\/wp-content\/uploads\/2024\/12\/12101651\/469648951_1010865344415874_3838839631149923910_n-1000x1000.jpg 1000w, https:\/\/media.radiolitoral.com\/wp-content\/uploads\/2024\/12\/12101651\/469648951_1010865344415874_3838839631149923910_n-100x100.jpg 100w, https:\/\/media.radiolitoral.com\/wp-content\/uploads\/2024\/12\/12101651\/469648951_1010865344415874_3838839631149923910_n-200x200.jpg 200w\" sizes=\"auto, (max-width: 1080px) 100vw, 1080px\" \/><figcaption id=\"caption-attachment-13730\" class=\"wp-caption-text\">Cartell | Ajuntament. Benissa<\/figcaption><\/figure>\n<h2><strong>I Sant Silvestre Aqu\u00e0tica<\/strong><\/h2>\n<p>El proper <strong>dissabte 4 de gener<\/strong> \u00e9s celebrar\u00e0 la <strong>II Sant Silvestre Aqu\u00e0tica<\/strong> a la Piscina Municipal de Benissa. En aquesta edici\u00f3, el <strong>100% de la recaptaci\u00f3<\/strong> anir\u00e0 destinada al <strong>Club Nataci\u00f3 Sedav\u00ed<\/strong>, per ajudar a la reconstrucci\u00f3 de la seva piscina.<\/p>\n<div class=\"mceTemp\"><\/div>\n<p>Si vols col\u00b7laborar sense participar, el <strong>Club Nataci\u00f3 Benissa<\/strong> ha habilitat el n\u00famero de tel\u00e8fon <strong>617 48 95 28<\/strong> per realitzar donacions a trav\u00e9s de <strong>Bizum<\/strong>.<\/p>\n<p>Amb aquestes dues activitats, Benissa es prepara per acabar l&#039;any amb una gran festa esportiva i solid\u00e0ria, celebrant el Nadal d&#039;una manera activa i comprometida amb els altres.<\/p>","protected":false},"excerpt":{"rendered":"<p>Els escolars de Benissa es preparen per a disputar la III Sant Silvestre que tindr\u00e0 lloc el dilluns 16 de desembre\u00a0Aquesta prova, que ha esdevingut una cita anual molt esperada, uneix l\u2019aspecte esportiu amb el component l\u00fadic, ja que els escolars del municipi participaran en una cursa festiva per les carrers de Benissa. Els alumnes [&#8230;]<\/p>\n<p><a class=\"btn btn-secondary understrap-read-more-link\" href=\"https:\/\/radiolitoral.com\/ca\/2024\/12\/benissa-acomiada-lany-amb-la-sant-silvestre\/\">Continua llegint&#8230;<span class=\"screen-reader-text\"> from Benissa acomiada l&#8217;any amb la Sant Silvestre<\/span><\/a><\/p>\n","protected":false},"author":12,"featured_media":13729,"comment_status":"open","ping_status":"closed","sticky":false,"template":"","format":"standard","meta":{"_acf_changed":false,"inline_featured_image":false,"footnotes":""},"categories":[5],"tags":[1522,1521,2984,2986,2990,2989,6,2985,1523,2988,2987],"class_list":["post-13728","post","type-post","status-publish","format-standard","has-post-thumbnail","hentry","category-deportes","tag-cee-gargasindi","tag-ceip-manuel-bru","tag-ceip-pare-melchor","tag-club-atletisme-benissa","tag-club-natacio-benissa","tag-club-natacio-sedavi","tag-deportes","tag-escola-infantil-la-purissima","tag-ies-josep-iborra","tag-somesport","tag-xxii-san-silvestre-benissa","cobertura-benissa"],"acf":[],"yoast_head":"<!-- This site is optimized with the Yoast SEO plugin v27.5 - https:\/\/yoast.com\/product\/yoast-seo-wordpress\/ -->\n<title>Benissa acomiada l&#039;any amb la Sant Silvestre | R\u00e0dio Litoral<\/title>\n<meta name=\"description\" content=\"Esta edici\u00f3 \u00e9s solid\u00e0ria amb els afectats de la DANA en els municipis valencians\" \/>\n<meta name=\"robots\" content=\"index, follow, max-snippet:-1, max-image-preview:large, max-video-preview:-1\" \/>\n<link rel=\"canonical\" href=\"https:\/\/radiolitoral.com\/ca\/2024\/12\/benissa-despide-lany-amb-la-sant-silvestre\/\" \/>\n<meta property=\"og:locale\" content=\"ca_ES\" \/>\n<meta property=\"og:type\" content=\"article\" \/>\n<meta property=\"og:title\" content=\"Benissa acomiada l&#039;any amb la Sant Silvestre | R\u00e0dio Litoral\" \/>\n<meta property=\"og:description\" content=\"Esta edici\u00f3 \u00e9s solid\u00e0ria amb els afectats de la DANA en els municipis valencians\" \/>\n<meta property=\"og:url\" content=\"https:\/\/radiolitoral.com\/ca\/2024\/12\/benissa-despide-lany-amb-la-sant-silvestre\/\" \/>\n<meta property=\"og:site_name\" content=\"R\u00e0dio Litoral\" \/>\n<meta property=\"article:publisher\" content=\"https:\/\/www.facebook.com\/Laradiolitoral\/\" \/>\n<meta property=\"article:published_time\" content=\"2024-12-12T09:18:07+00:00\" \/>\n<meta property=\"og:image\" content=\"https:\/\/media.radiolitoral.com\/wp-content\/uploads\/2024\/12\/12101322\/Miembros-del-CA-Ginestar-Benissa.jpg\" \/>\n\t<meta property=\"og:image:width\" content=\"1024\" \/>\n\t<meta property=\"og:image:height\" content=\"682\" \/>\n\t<meta property=\"og:image:type\" content=\"image\/jpeg\" \/>\n<meta name=\"author\" content=\"Javier Zamora\" \/>\n<meta name=\"twitter:card\" content=\"summary_large_image\" \/>\n<meta name=\"twitter:label1\" content=\"Escrit per\" \/>\n\t<meta name=\"twitter:data1\" content=\"Javier Zamora\" \/>\n\t<meta name=\"twitter:label2\" content=\"Temps estimat de lectura\" \/>\n\t<meta name=\"twitter:data2\" content=\"3 minuts\" \/>\n<script type=\"application\/ld+json\" class=\"yoast-schema-graph\">{\"@context\":\"https:\\\/\\\/schema.org\",\"@graph\":[{\"@type\":\"NewsArticle\",\"@id\":\"https:\\\/\\\/radiolitoral.com\\\/2024\\\/12\\\/benissa-acomiada-lany-amb-la-sant-silvestre\\\/#article\",\"isPartOf\":{\"@id\":\"https:\\\/\\\/radiolitoral.com\\\/2024\\\/12\\\/benissa-acomiada-lany-amb-la-sant-silvestre\\\/\"},\"author\":{\"name\":\"Javier Zamora\",\"@id\":\"https:\\\/\\\/radiolitoral.com\\\/#\\\/schema\\\/person\\\/7b1480b5caeb5acdd4ec6379caf62b22\"},\"headline\":\"Benissa acomiada l&#8217;any amb la Sant Silvestre\",\"datePublished\":\"2024-12-12T09:18:07+00:00\",\"mainEntityOfPage\":{\"@id\":\"https:\\\/\\\/radiolitoral.com\\\/2024\\\/12\\\/benissa-acomiada-lany-amb-la-sant-silvestre\\\/\"},\"wordCount\":417,\"commentCount\":0,\"publisher\":{\"@id\":\"https:\\\/\\\/radiolitoral.com\\\/#organization\"},\"image\":{\"@id\":\"https:\\\/\\\/radiolitoral.com\\\/2024\\\/12\\\/benissa-acomiada-lany-amb-la-sant-silvestre\\\/#primaryimage\"},\"thumbnailUrl\":\"https:\\\/\\\/media.radiolitoral.com\\\/wp-content\\\/uploads\\\/2024\\\/12\\\/12101322\\\/Miembros-del-CA-Ginestar-Benissa.jpg\",\"keywords\":[\"CEE Gargasindi\",\"CEIP Manuel Bru\",\"CEIP Pare Melchor\",\"Club Atletisme Benissa\",\"Club Nataci\u00f3 Benissa\",\"Club Nataci\u00f3 Sedav\u00ed\",\"deportes\",\"Escola Infantil La Pur\u00edssima\",\"IES Josep Iborra\",\"Somesport\",\"XXII San Silvestre Benissa\"],\"articleSection\":[\"Deportes\"],\"inLanguage\":\"ca\",\"potentialAction\":[{\"@type\":\"CommentAction\",\"name\":\"Comment\",\"target\":[\"https:\\\/\\\/radiolitoral.com\\\/2024\\\/12\\\/benissa-acomiada-lany-amb-la-sant-silvestre\\\/#respond\"]}]},{\"@type\":[\"WebPage\",\"ItemPage\"],\"@id\":\"https:\\\/\\\/radiolitoral.com\\\/2024\\\/12\\\/benissa-acomiada-lany-amb-la-sant-silvestre\\\/\",\"url\":\"https:\\\/\\\/radiolitoral.com\\\/2024\\\/12\\\/benissa-acomiada-lany-amb-la-sant-silvestre\\\/\",\"name\":\"Benissa acomiada l'any amb la Sant Silvestre | R\u00e0dio Litoral\",\"isPartOf\":{\"@id\":\"https:\\\/\\\/radiolitoral.com\\\/#website\"},\"primaryImageOfPage\":{\"@id\":\"https:\\\/\\\/radiolitoral.com\\\/2024\\\/12\\\/benissa-acomiada-lany-amb-la-sant-silvestre\\\/#primaryimage\"},\"image\":{\"@id\":\"https:\\\/\\\/radiolitoral.com\\\/2024\\\/12\\\/benissa-acomiada-lany-amb-la-sant-silvestre\\\/#primaryimage\"},\"thumbnailUrl\":\"https:\\\/\\\/media.radiolitoral.com\\\/wp-content\\\/uploads\\\/2024\\\/12\\\/12101322\\\/Miembros-del-CA-Ginestar-Benissa.jpg\",\"datePublished\":\"2024-12-12T09:18:07+00:00\",\"description\":\"Esta edici\u00f3 \u00e9s solid\u00e0ria amb els afectats de la DANA en els municipis valencians\",\"breadcrumb\":{\"@id\":\"https:\\\/\\\/radiolitoral.com\\\/2024\\\/12\\\/benissa-acomiada-lany-amb-la-sant-silvestre\\\/#breadcrumb\"},\"inLanguage\":\"ca\",\"potentialAction\":[{\"@type\":\"ReadAction\",\"target\":[\"https:\\\/\\\/radiolitoral.com\\\/2024\\\/12\\\/benissa-acomiada-lany-amb-la-sant-silvestre\\\/\"]}]},{\"@type\":\"ImageObject\",\"inLanguage\":\"ca\",\"@id\":\"https:\\\/\\\/radiolitoral.com\\\/2024\\\/12\\\/benissa-acomiada-lany-amb-la-sant-silvestre\\\/#primaryimage\",\"url\":\"https:\\\/\\\/media.radiolitoral.com\\\/wp-content\\\/uploads\\\/2024\\\/12\\\/12101322\\\/Miembros-del-CA-Ginestar-Benissa.jpg\",\"contentUrl\":\"https:\\\/\\\/media.radiolitoral.com\\\/wp-content\\\/uploads\\\/2024\\\/12\\\/12101322\\\/Miembros-del-CA-Ginestar-Benissa.jpg\",\"width\":1024,\"height\":682},{\"@type\":\"BreadcrumbList\",\"@id\":\"https:\\\/\\\/radiolitoral.com\\\/2024\\\/12\\\/benissa-acomiada-lany-amb-la-sant-silvestre\\\/#breadcrumb\",\"itemListElement\":[{\"@type\":\"ListItem\",\"position\":1,\"name\":\"Portada\",\"item\":\"https:\\\/\\\/radiolitoral.com\\\/\"},{\"@type\":\"ListItem\",\"position\":2,\"name\":\"Benissa acomiada l&#8217;any amb la Sant Silvestre\"}]},{\"@type\":\"WebSite\",\"@id\":\"https:\\\/\\\/radiolitoral.com\\\/#website\",\"url\":\"https:\\\/\\\/radiolitoral.com\\\/\",\"name\":\"Radio Litoral\",\"description\":\"La radio local de la Marina Alta\",\"publisher\":{\"@id\":\"https:\\\/\\\/radiolitoral.com\\\/#organization\"},\"alternateName\":\"Litoral FM\",\"potentialAction\":[{\"@type\":\"SearchAction\",\"target\":{\"@type\":\"EntryPoint\",\"urlTemplate\":\"https:\\\/\\\/radiolitoral.com\\\/?s={search_term_string}\"},\"query-input\":{\"@type\":\"PropertyValueSpecification\",\"valueRequired\":true,\"valueName\":\"search_term_string\"}}],\"inLanguage\":\"ca\"},{\"@type\":\"Organization\",\"@id\":\"https:\\\/\\\/radiolitoral.com\\\/#organization\",\"name\":\"Radio Litoral\",\"url\":\"https:\\\/\\\/radiolitoral.com\\\/\",\"logo\":{\"@type\":\"ImageObject\",\"inLanguage\":\"ca\",\"@id\":\"https:\\\/\\\/radiolitoral.com\\\/#\\\/schema\\\/logo\\\/image\\\/\",\"url\":\"https:\\\/\\\/media.radiolitoral.com\\\/wp-content\\\/uploads\\\/2023\\\/02\\\/24143238\\\/CL-V-RadioLitoral696.png\",\"contentUrl\":\"https:\\\/\\\/media.radiolitoral.com\\\/wp-content\\\/uploads\\\/2023\\\/02\\\/24143238\\\/CL-V-RadioLitoral696.png\",\"width\":696,\"height\":696,\"caption\":\"Radio Litoral\"},\"image\":{\"@id\":\"https:\\\/\\\/radiolitoral.com\\\/#\\\/schema\\\/logo\\\/image\\\/\"},\"sameAs\":[\"https:\\\/\\\/www.facebook.com\\\/Laradiolitoral\\\/\"]},{\"@type\":\"Person\",\"@id\":\"https:\\\/\\\/radiolitoral.com\\\/#\\\/schema\\\/person\\\/7b1480b5caeb5acdd4ec6379caf62b22\",\"name\":\"Javier Zamora\",\"image\":{\"@type\":\"ImageObject\",\"inLanguage\":\"ca\",\"@id\":\"https:\\\/\\\/secure.gravatar.com\\\/avatar\\\/467a11f6918c7d619c4043fc6fa2d3853053107973f05b6e9c04ea6c4e3a7b3f?s=96&d=mm&r=g\",\"url\":\"https:\\\/\\\/secure.gravatar.com\\\/avatar\\\/467a11f6918c7d619c4043fc6fa2d3853053107973f05b6e9c04ea6c4e3a7b3f?s=96&d=mm&r=g\",\"contentUrl\":\"https:\\\/\\\/secure.gravatar.com\\\/avatar\\\/467a11f6918c7d619c4043fc6fa2d3853053107973f05b6e9c04ea6c4e3a7b3f?s=96&d=mm&r=g\",\"caption\":\"Javier Zamora\"},\"url\":\"https:\\\/\\\/radiolitoral.com\\\/ca\\\/author\\\/javier-zamora\\\/\"}]}<\/script>\n<!-- \/ Yoast SEO plugin. -->","yoast_head_json":{"title":"Benissa despide l&#039;any amb la Sant Silvestre | R\u00e0dio Litoral","description":"Aquesta edici\u00f3 \u00e9s solid\u00e0ria amb els afectats de la DANA als municipis valencians","robots":{"index":"index","follow":"follow","max-snippet":"max-snippet:-1","max-image-preview":"max-image-preview:large","max-video-preview":"max-video-preview:-1"},"canonical":"https:\/\/radiolitoral.com\/ca\/2024\/12\/benissa-despide-lany-amb-la-sant-silvestre\/","og_locale":"ca_ES","og_type":"article","og_title":"Benissa acomiada l'any amb la Sant Silvestre | R\u00e0dio Litoral","og_description":"Esta edici\u00f3 \u00e9s solid\u00e0ria amb els afectats de la DANA en els municipis valencians","og_url":"https:\/\/radiolitoral.com\/ca\/2024\/12\/benissa-despide-lany-amb-la-sant-silvestre\/","og_site_name":"R\u00e0dio Litoral","article_publisher":"https:\/\/www.facebook.com\/Laradiolitoral\/","article_published_time":"2024-12-12T09:18:07+00:00","og_image":[{"width":1024,"height":682,"url":"https:\/\/media.radiolitoral.com\/wp-content\/uploads\/2024\/12\/12101322\/Miembros-del-CA-Ginestar-Benissa.jpg","type":"image\/jpeg"}],"author":"Javier Zamora","twitter_card":"summary_large_image","twitter_misc":{"Escrit per":"Javier Zamora","Temps estimat de lectura":"3 minuts"},"schema":{"@context":"https:\/\/schema.org","@graph":[{"@type":"NewsArticle","@id":"https:\/\/radiolitoral.com\/2024\/12\/benissa-acomiada-lany-amb-la-sant-silvestre\/#article","isPartOf":{"@id":"https:\/\/radiolitoral.com\/2024\/12\/benissa-acomiada-lany-amb-la-sant-silvestre\/"},"author":{"name":"Javier Zamora","@id":"https:\/\/radiolitoral.com\/#\/schema\/person\/7b1480b5caeb5acdd4ec6379caf62b22"},"headline":"Benissa acomiada l&#8217;any amb la Sant Silvestre","datePublished":"2024-12-12T09:18:07+00:00","mainEntityOfPage":{"@id":"https:\/\/radiolitoral.com\/2024\/12\/benissa-acomiada-lany-amb-la-sant-silvestre\/"},"wordCount":417,"commentCount":0,"publisher":{"@id":"https:\/\/radiolitoral.com\/#organization"},"image":{"@id":"https:\/\/radiolitoral.com\/2024\/12\/benissa-acomiada-lany-amb-la-sant-silvestre\/#primaryimage"},"thumbnailUrl":"https:\/\/media.radiolitoral.com\/wp-content\/uploads\/2024\/12\/12101322\/Miembros-del-CA-Ginestar-Benissa.jpg","keywords":["CEE Gargasindi","CEIP Manuel Bru","CEIP Pare Melchor","Club Atletisme Benissa","Club Nataci\u00f3 Benissa","Club Nataci\u00f3 Sedav\u00ed","deportes","Escola Infantil La Pur\u00edssima","IES Josep Iborra","Somesport","XXII San Silvestre Benissa"],"articleSection":["Deportes"],"inLanguage":"ca","potentialAction":[{"@type":"CommentAction","name":"Comment","target":["https:\/\/radiolitoral.com\/2024\/12\/benissa-acomiada-lany-amb-la-sant-silvestre\/#respond"]}]},{"@type":["WebPage","ItemPage"],"@id":"https:\/\/radiolitoral.com\/2024\/12\/benissa-acomiada-lany-amb-la-sant-silvestre\/","url":"https:\/\/radiolitoral.com\/2024\/12\/benissa-acomiada-lany-amb-la-sant-silvestre\/","name":"Benissa despide l&#039;any amb la Sant Silvestre | R\u00e0dio Litoral","isPartOf":{"@id":"https:\/\/radiolitoral.com\/#website"},"primaryImageOfPage":{"@id":"https:\/\/radiolitoral.com\/2024\/12\/benissa-acomiada-lany-amb-la-sant-silvestre\/#primaryimage"},"image":{"@id":"https:\/\/radiolitoral.com\/2024\/12\/benissa-acomiada-lany-amb-la-sant-silvestre\/#primaryimage"},"thumbnailUrl":"https:\/\/media.radiolitoral.com\/wp-content\/uploads\/2024\/12\/12101322\/Miembros-del-CA-Ginestar-Benissa.jpg","datePublished":"2024-12-12T09:18:07+00:00","description":"Aquesta edici\u00f3 \u00e9s solid\u00e0ria amb els afectats de la DANA als municipis valencians","breadcrumb":{"@id":"https:\/\/radiolitoral.com\/2024\/12\/benissa-acomiada-lany-amb-la-sant-silvestre\/#breadcrumb"},"inLanguage":"ca","potentialAction":[{"@type":"ReadAction","target":["https:\/\/radiolitoral.com\/2024\/12\/benissa-acomiada-lany-amb-la-sant-silvestre\/"]}]},{"@type":"ImageObject","inLanguage":"ca","@id":"https:\/\/radiolitoral.com\/2024\/12\/benissa-acomiada-lany-amb-la-sant-silvestre\/#primaryimage","url":"https:\/\/media.radiolitoral.com\/wp-content\/uploads\/2024\/12\/12101322\/Miembros-del-CA-Ginestar-Benissa.jpg","contentUrl":"https:\/\/media.radiolitoral.com\/wp-content\/uploads\/2024\/12\/12101322\/Miembros-del-CA-Ginestar-Benissa.jpg","width":1024,"height":682},{"@type":"BreadcrumbList","@id":"https:\/\/radiolitoral.com\/2024\/12\/benissa-acomiada-lany-amb-la-sant-silvestre\/#breadcrumb","itemListElement":[{"@type":"ListItem","position":1,"name":"Portada","item":"https:\/\/radiolitoral.com\/"},{"@type":"ListItem","position":2,"name":"Benissa acomiada l&#8217;any amb la Sant Silvestre"}]},{"@type":"WebSite","@id":"https:\/\/radiolitoral.com\/#website","url":"https:\/\/radiolitoral.com\/","name":"R\u00e0dio Litoral","description":"La r\u00e0dio local de la Marina Alta","publisher":{"@id":"https:\/\/radiolitoral.com\/#organization"},"alternateName":"Litoral FM","potentialAction":[{"@type":"SearchAction","target":{"@type":"EntryPoint","urlTemplate":"https:\/\/radiolitoral.com\/?s={search_term_string}"},"query-input":{"@type":"PropertyValueSpecification","valueRequired":true,"valueName":"search_term_string"}}],"inLanguage":"ca"},{"@type":"Organization","@id":"https:\/\/radiolitoral.com\/#organization","name":"R\u00e0dio Litoral","url":"https:\/\/radiolitoral.com\/","logo":{"@type":"ImageObject","inLanguage":"ca","@id":"https:\/\/radiolitoral.com\/#\/schema\/logo\/image\/","url":"https:\/\/media.radiolitoral.com\/wp-content\/uploads\/2023\/02\/24143238\/CL-V-RadioLitoral696.png","contentUrl":"https:\/\/media.radiolitoral.com\/wp-content\/uploads\/2023\/02\/24143238\/CL-V-RadioLitoral696.png","width":696,"height":696,"caption":"Radio Litoral"},"image":{"@id":"https:\/\/radiolitoral.com\/#\/schema\/logo\/image\/"},"sameAs":["https:\/\/www.facebook.com\/Laradiolitoral\/"]},{"@type":"Person","@id":"https:\/\/radiolitoral.com\/#\/schema\/person\/7b1480b5caeb5acdd4ec6379caf62b22","name":"Javier Zamora","image":{"@type":"ImageObject","inLanguage":"ca","@id":"https:\/\/secure.gravatar.com\/avatar\/467a11f6918c7d619c4043fc6fa2d3853053107973f05b6e9c04ea6c4e3a7b3f?s=96&d=mm&r=g","url":"https:\/\/secure.gravatar.com\/avatar\/467a11f6918c7d619c4043fc6fa2d3853053107973f05b6e9c04ea6c4e3a7b3f?s=96&d=mm&r=g","contentUrl":"https:\/\/secure.gravatar.com\/avatar\/467a11f6918c7d619c4043fc6fa2d3853053107973f05b6e9c04ea6c4e3a7b3f?s=96&d=mm&r=g","caption":"Javier Zamora"},"url":"https:\/\/radiolitoral.com\/ca\/author\/javier-zamora\/"}]}},"_links":{"self":[{"href":"https:\/\/radiolitoral.com\/ca\/wp-json\/wp\/v2\/posts\/13728","targetHints":{"allow":["GET"]}}],"collection":[{"href":"https:\/\/radiolitoral.com\/ca\/wp-json\/wp\/v2\/posts"}],"about":[{"href":"https:\/\/radiolitoral.com\/ca\/wp-json\/wp\/v2\/types\/post"}],"author":[{"embeddable":true,"href":"https:\/\/radiolitoral.com\/ca\/wp-json\/wp\/v2\/users\/12"}],"replies":[{"embeddable":true,"href":"https:\/\/radiolitoral.com\/ca\/wp-json\/wp\/v2\/comments?post=13728"}],"version-history":[{"count":2,"href":"https:\/\/radiolitoral.com\/ca\/wp-json\/wp\/v2\/posts\/13728\/revisions"}],"predecessor-version":[{"id":13732,"href":"https:\/\/radiolitoral.com\/ca\/wp-json\/wp\/v2\/posts\/13728\/revisions\/13732"}],"wp:featuredmedia":[{"embeddable":true,"href":"https:\/\/radiolitoral.com\/ca\/wp-json\/wp\/v2\/media\/13729"}],"wp:attachment":[{"href":"https:\/\/radiolitoral.com\/ca\/wp-json\/wp\/v2\/media?parent=13728"}],"wp:term":[{"taxonomy":"category","embeddable":true,"href":"https:\/\/radiolitoral.com\/ca\/wp-json\/wp\/v2\/categories?post=13728"},{"taxonomy":"post_tag","embeddable":true,"href":"https:\/\/radiolitoral.com\/ca\/wp-json\/wp\/v2\/tags?post=13728"}],"curies":[{"name":"wp","href":"https:\/\/api.w.org\/{rel}","templated":true}]}}