{"id":13703,"date":"2024-12-11T10:40:31","date_gmt":"2024-12-11T09:40:31","guid":{"rendered":"https:\/\/radiolitoral.com\/?p=13703"},"modified":"2024-12-11T11:25:29","modified_gmt":"2024-12-11T10:25:29","slug":"gran-exit-dorganitzacio-i-participacio-al-xx-trail-serra-dolta","status":"publish","type":"post","link":"https:\/\/radiolitoral.com\/ca\/2024\/12\/gran-exit-dorganitzacio-i-participacio-en-el-xx-trail-serra-dolta\/","title":{"rendered":"Gran \u00e8xit d&#039;organitzaci\u00f3 i participaci\u00f3 al XX Trail Serra d&#039;Olt\u00e0"},"content":{"rendered":"<div class=\"flex max-w-full flex-col flex-grow\">\n<div class=\"min-h-8 text-message flex w-full flex-col items-end gap-2 whitespace-normal break-words text-start [.text-message+&amp;]:mt-5\" dir=\"auto\" data-message-author-role=\"assistant\" data-message-id=\"df93a5c7-0468-47f5-ab71-65c6199e8697\" data-message-model-slug=\"gpt-4o-mini\">\n<div class=\"flex w-full flex-col gap-1 empty:hidden first:pt-[3px]\">\n<div class=\"markdown prose w-full break-words dark:prose-invert light\">\n<p>El <strong>XX Trail Serra d\u2019Olt\u00e0<\/strong>, celebrat recentment a Calp i organitzat pel <strong>Grup de Muntanya de Calp<\/strong>, va comptar amb una participaci\u00f3 destacada d&#8217;atletes que van competir en diverses dist\u00e0ncies. En la prova de la <strong>marat\u00f3 de 42 km<\/strong>, els triomfadors van ser <strong>Vicent Navarro<\/strong> en categoria masculina i <strong>Nuria Orta<\/strong> en categoria femenina. Amb un total de<strong> 84 atletes<\/strong> a la sortida, Navarro va ser el primer en creuar la meta amb un temps de <strong>4:28:53<\/strong>, seguit de <strong>Yurii Klym<\/strong> del New Balance, qui va aconseguir la segona posici\u00f3 amb un temps de 4:29:27. El tercer lloc va ser per a <strong>Ignacio Cardona<\/strong>, del <strong>CE Llebeig X\u00e0bia<\/strong>, amb un registre de 4:31:37, a m\u00e9s de ser el millor en la categoria <strong>Veterans 50<\/strong>.<\/p>\n<figure id=\"attachment_13706\" aria-describedby=\"caption-attachment-13706\" style=\"width: 1024px\" class=\"wp-caption alignnone\"><img loading=\"lazy\" decoding=\"async\" class=\"wp-image-13706 size-full\" src=\"https:\/\/media.radiolitoral.com\/wp-content\/uploads\/2024\/12\/11103851\/Nuria-Orta-cruzado-meta.jpg\" alt=\"\" width=\"1024\" height=\"610\" srcset=\"https:\/\/media.radiolitoral.com\/wp-content\/uploads\/2024\/12\/11103851\/Nuria-Orta-cruzado-meta.jpg 1024w, https:\/\/media.radiolitoral.com\/wp-content\/uploads\/2024\/12\/11103851\/Nuria-Orta-cruzado-meta-300x179.jpg 300w, https:\/\/media.radiolitoral.com\/wp-content\/uploads\/2024\/12\/11103851\/Nuria-Orta-cruzado-meta-768x458.jpg 768w, https:\/\/media.radiolitoral.com\/wp-content\/uploads\/2024\/12\/11103851\/Nuria-Orta-cruzado-meta-18x12.jpg 18w, https:\/\/media.radiolitoral.com\/wp-content\/uploads\/2024\/12\/11103851\/Nuria-Orta-cruzado-meta-1000x596.jpg 1000w, https:\/\/media.radiolitoral.com\/wp-content\/uploads\/2024\/12\/11103851\/Nuria-Orta-cruzado-meta-100x60.jpg 100w, https:\/\/media.radiolitoral.com\/wp-content\/uploads\/2024\/12\/11103851\/Nuria-Orta-cruzado-meta-200x119.jpg 200w\" sizes=\"auto, (max-width: 1024px) 100vw, 1024px\" \/><figcaption id=\"caption-attachment-13706\" class=\"wp-caption-text\">N\u00faria Orta entrant en meta | GM Calp<\/figcaption><\/figure>\n<p>En la categoria femenina, Nuria Orta, del SM CA Marat\u00f3n Crevillente, va aconseguir la vict\u00f2ria amb un temps de <strong>5:25:34<\/strong>. <strong>Cindy Van Gerwen<\/strong>, de <strong>CA Publidom<\/strong>, va quedar en segona posici\u00f3 amb 5:42:53, mentre que <strong>Natalia Amores<\/strong>, del Triatl\u00f3 Petrer, va aconseguir el tercer lloc amb un temps de 6:24:52.<\/p>\n<h3><strong>Carrera de 22 km: Mario Granero i Mar\u00eda Bel\u00e9n Mart\u00ednez, els m\u00e9s r\u00e0pids<\/strong><\/h3>\n<p>A la <strong>carrera de 22 km<\/strong>, <strong>Mario Granero<\/strong>, del SM CA Marat\u00f3n, va ser el primer a creuar la meta amb un temps de <strong>2:03:02<\/strong>, seguit de <strong>Iker Chavarria<\/strong> del CA Marathon Crevillent, amb 2:07:27. <strong>Ander Iza Rekakoetxea<\/strong>, del Osasunalde Garendi, va aconseguir el tercer lloc amb un temps de 2:11:30.<\/p>\n<p>En la categoria femenina, <strong>Mar\u00eda Bel\u00e9n Mart\u00ednez<\/strong>, del Trail Running Onil, va ser la guanyadora amb <strong>2:56:44<\/strong>, seguida de <strong>Macarena Mart\u00edn Sempere<\/strong>, del M\u00e0s Trainer, amb 2:56:47, i <strong>Aloma Albero Sampedro<\/strong>, tamb\u00e9 del Trail Running Onil, que va creuar la meta amb 2:58:43. En aquesta dist\u00e0ncia, <strong>223 atletes<\/strong> van participar, dels quals <strong>210 <\/strong>van aconseguir completar el recorregut.<\/p>\n<h3><strong>Classificaci\u00f3 de 14 km: Adri\u00e1n Ivars i Rosa Lara, els l\u00edders en la dist\u00e0ncia curta<\/strong><\/h3>\n<p>Finalment, en la <strong>dist\u00e0ncia de 14 km<\/strong>, un total de <strong>310 atletes<\/strong> van competir, amb <strong>307 arribant a la meta<\/strong>. En categoria masculina, <strong>Adri\u00e1n Ivars<\/strong>, del Kamikazes Gang, va ser el primer a creuar la l\u00ednia de meta amb <strong>1:13:34<\/strong>, seguit per <strong>Eusebio Faus<\/strong>, atleta independent, amb 1:15:14, i <strong>Fran De La Cruz<\/strong>, del <strong>Entrena Benissa<\/strong>, amb 1:18:24.<\/p>\n<p>En dones, <strong>Rosa Lara<\/strong>, de Compresport, va ser la m\u00e9s r\u00e0pida amb <strong>1:15:23<\/strong>, seguida per <strong>Hanan Et Tabaa<\/strong>, amb 1:24:25, i <strong>Elisa Castilla<\/strong>, del Club Training Alicante, amb 1:37:53.<\/p>\n<p>El<strong> XX Trail Serra d\u2019Olt\u00e0<\/strong> va ser una jornada d&#8217;\u00e8xit, amb una gran participaci\u00f3 i resultats destacats per a molts atletes, que continuaran competint en futures proves de gran nivell.<\/p>\n<\/div>\n<\/div>\n<\/div>\n<\/div>\n<div class=\"mb-2 flex gap-3 empty:hidden -ml-2\">\n<div class=\"items-center justify-start rounded-xl p-1 flex\">\n<div class=\"flex items-center\">\n<div class=\"flex items-center pb-0\"><\/div>\n<\/div>\n<\/div>\n<\/div>\n","protected":false},"excerpt":{"rendered":"<p>El XX Trail Serra d\u2019Olt\u00e0, celebrat recentment a Calp i organitzat pel Grup de Muntanya de Calp, va comptar amb una participaci\u00f3 destacada d&#8217;atletes que van competir en diverses dist\u00e0ncies. En la prova de la marat\u00f3 de 42 km, els triomfadors van ser Vicent Navarro en categoria masculina i Nuria Orta en categoria femenina. Amb [&#8230;]<\/p>\n<p><a class=\"btn btn-secondary understrap-read-more-link\" href=\"https:\/\/radiolitoral.com\/ca\/2024\/12\/gran-exit-dorganitzacio-i-participacio-en-el-xx-trail-serra-dolta\/\">Continua llegint&#8230;<span class=\"screen-reader-text\"> from Gran \u00e8xit d&#8217;organitzaci\u00f3 i participaci\u00f3 en el XX Trail Serra d&#8217;Olt\u00e0<\/span><\/a><\/p>\n","protected":false},"author":12,"featured_media":13705,"comment_status":"open","ping_status":"closed","sticky":false,"template":"","format":"standard","meta":{"_acf_changed":false,"inline_featured_image":false,"footnotes":""},"categories":[5],"tags":[1266,2971,2968,1292,1213,2964,6,2976,2972,2973,2827,2975,1492,2967,2970,2969,2966,2965,2962,2974,2961,2826,2963],"class_list":["post-13703","post","type-post","status-publish","format-standard","has-post-thumbnail","hentry","category-deportes","tag-adrian-ivars","tag-aloma-albero-sampedro","tag-ander-iza-rekakoetxea","tag-ca-publidom","tag-ce-llebeig-xabia","tag-cindy-van-gerwen","tag-deportes","tag-elisa-castilla","tag-eusebio-faus","tag-fran-de-la-cruz","tag-grup-de-muntanya-de-calp","tag-hanan-et-tabaa","tag-ignacio-cardona","tag-iker-chavarria","tag-macarena-martin-sempere","tag-maria-belen-martinez","tag-mario-granero","tag-natalia-amores","tag-nuria-orta","tag-rosa-lara","tag-vicent-navarro","tag-xx-trail-serra-dolta","tag-yurii-klym","cobertura-calp"],"acf":[],"yoast_head":"<!-- This site is optimized with the Yoast SEO plugin v27.5 - https:\/\/yoast.com\/product\/yoast-seo-wordpress\/ -->\n<title>Gran \u00e8xit d&#039;organitzaci\u00f3 i participaci\u00f3 en el XX Trail Serra d&#039;Olt\u00e0 | R\u00e0dio Litoral<\/title>\n<meta name=\"description\" content=\"Vicent Navarro i Nuria Orta triomfadors en la dist\u00e0ncia de marat\u00f3 en la qual va destacar el xabiero Ignacio Cardona Vicent Navarro i Nuria Orta triomfadors en la dist\u00e0ncia de marat\u00f3 en la qual va destacar el xabiero Ignacio Cardona\" \/>\n<meta name=\"robots\" content=\"index, follow, max-snippet:-1, max-image-preview:large, max-video-preview:-1\" \/>\n<link rel=\"canonical\" href=\"https:\/\/radiolitoral.com\/ca\/2024\/12\/gran-exit-dorganitzacio-i-participacio-al-xx-trail-serra-dolta\/\" \/>\n<meta property=\"og:locale\" content=\"ca_ES\" \/>\n<meta property=\"og:type\" content=\"article\" \/>\n<meta property=\"og:title\" content=\"Gran \u00e8xit d&#039;organitzaci\u00f3 i participaci\u00f3 en el XX Trail Serra d&#039;Olt\u00e0 | R\u00e0dio Litoral\" \/>\n<meta property=\"og:description\" content=\"Vicent Navarro i Nuria Orta triomfadors en la dist\u00e0ncia de marat\u00f3 en la qual va destacar el xabiero Ignacio Cardona Vicent Navarro i Nuria Orta triomfadors en la dist\u00e0ncia de marat\u00f3 en la qual va destacar el xabiero Ignacio Cardona\" \/>\n<meta property=\"og:url\" content=\"https:\/\/radiolitoral.com\/ca\/2024\/12\/gran-exit-dorganitzacio-i-participacio-al-xx-trail-serra-dolta\/\" \/>\n<meta property=\"og:site_name\" content=\"R\u00e0dio Litoral\" \/>\n<meta property=\"article:publisher\" content=\"https:\/\/www.facebook.com\/Laradiolitoral\/\" \/>\n<meta property=\"article:published_time\" content=\"2024-12-11T09:40:31+00:00\" \/>\n<meta property=\"article:modified_time\" content=\"2024-12-11T10:25:29+00:00\" \/>\n<meta property=\"og:image\" content=\"https:\/\/media.radiolitoral.com\/wp-content\/uploads\/2024\/12\/11103827\/podio-media-maraton.jpg\" \/>\n\t<meta property=\"og:image:width\" content=\"1024\" \/>\n\t<meta property=\"og:image:height\" content=\"545\" \/>\n\t<meta property=\"og:image:type\" content=\"image\/jpeg\" \/>\n<meta name=\"author\" content=\"Javier Zamora\" \/>\n<meta name=\"twitter:card\" content=\"summary_large_image\" \/>\n<meta name=\"twitter:label1\" content=\"Escrit per\" \/>\n\t<meta name=\"twitter:data1\" content=\"Javier Zamora\" \/>\n\t<meta name=\"twitter:label2\" content=\"Temps estimat de lectura\" \/>\n\t<meta name=\"twitter:data2\" content=\"3 minuts\" \/>\n<script type=\"application\/ld+json\" class=\"yoast-schema-graph\">{\"@context\":\"https:\\\/\\\/schema.org\",\"@graph\":[{\"@type\":\"NewsArticle\",\"@id\":\"https:\\\/\\\/radiolitoral.com\\\/2024\\\/12\\\/gran-exit-dorganitzacio-i-participacio-en-el-xx-trail-serra-dolta\\\/#article\",\"isPartOf\":{\"@id\":\"https:\\\/\\\/radiolitoral.com\\\/2024\\\/12\\\/gran-exit-dorganitzacio-i-participacio-en-el-xx-trail-serra-dolta\\\/\"},\"author\":{\"name\":\"Javier Zamora\",\"@id\":\"https:\\\/\\\/radiolitoral.com\\\/#\\\/schema\\\/person\\\/7b1480b5caeb5acdd4ec6379caf62b22\"},\"headline\":\"Gran \u00e8xit d&#8217;organitzaci\u00f3 i participaci\u00f3 en el XX Trail Serra d&#8217;Olt\u00e0\",\"datePublished\":\"2024-12-11T09:40:31+00:00\",\"dateModified\":\"2024-12-11T10:25:29+00:00\",\"mainEntityOfPage\":{\"@id\":\"https:\\\/\\\/radiolitoral.com\\\/2024\\\/12\\\/gran-exit-dorganitzacio-i-participacio-en-el-xx-trail-serra-dolta\\\/\"},\"wordCount\":456,\"commentCount\":0,\"publisher\":{\"@id\":\"https:\\\/\\\/radiolitoral.com\\\/#organization\"},\"image\":{\"@id\":\"https:\\\/\\\/radiolitoral.com\\\/2024\\\/12\\\/gran-exit-dorganitzacio-i-participacio-en-el-xx-trail-serra-dolta\\\/#primaryimage\"},\"thumbnailUrl\":\"https:\\\/\\\/media.radiolitoral.com\\\/wp-content\\\/uploads\\\/2024\\\/12\\\/11103827\\\/podio-media-maraton.jpg\",\"keywords\":[\"Adri\u00e1n Ivars\",\"Aloma Albero Sampedro\",\"Ander Iza Rekakoetxea\",\"CA Publidom\",\"CE Llebeig X\u00e1bia\",\"Cindy Van Gerwen\",\"deportes\",\"Elisa Castilla\",\"Eusebio Faus\",\"Fran De La Cruz\",\"Grup de Muntanya de Calp\",\"Hanan Et Tabaa\",\"Ignacio Cardona\",\"Iker Chavarria\",\"Macarena Mart\u00edn Sempere\",\"Mar\u00eda Bel\u00e9n Mart\u00ednez\",\"Mario Granero\",\"Natalia Amores\",\"Nuria Orta\",\"Rosa Lara\",\"Vicent Navarro\",\"XX Trail Serra d'Olt\u00e0\",\"Yurii Klym\"],\"articleSection\":[\"Deportes\"],\"inLanguage\":\"ca\",\"potentialAction\":[{\"@type\":\"CommentAction\",\"name\":\"Comment\",\"target\":[\"https:\\\/\\\/radiolitoral.com\\\/2024\\\/12\\\/gran-exit-dorganitzacio-i-participacio-en-el-xx-trail-serra-dolta\\\/#respond\"]}]},{\"@type\":[\"WebPage\",\"ItemPage\"],\"@id\":\"https:\\\/\\\/radiolitoral.com\\\/2024\\\/12\\\/gran-exit-dorganitzacio-i-participacio-en-el-xx-trail-serra-dolta\\\/\",\"url\":\"https:\\\/\\\/radiolitoral.com\\\/2024\\\/12\\\/gran-exit-dorganitzacio-i-participacio-en-el-xx-trail-serra-dolta\\\/\",\"name\":\"Gran \u00e8xit d'organitzaci\u00f3 i participaci\u00f3 en el XX Trail Serra d'Olt\u00e0 | R\u00e0dio Litoral\",\"isPartOf\":{\"@id\":\"https:\\\/\\\/radiolitoral.com\\\/#website\"},\"primaryImageOfPage\":{\"@id\":\"https:\\\/\\\/radiolitoral.com\\\/2024\\\/12\\\/gran-exit-dorganitzacio-i-participacio-en-el-xx-trail-serra-dolta\\\/#primaryimage\"},\"image\":{\"@id\":\"https:\\\/\\\/radiolitoral.com\\\/2024\\\/12\\\/gran-exit-dorganitzacio-i-participacio-en-el-xx-trail-serra-dolta\\\/#primaryimage\"},\"thumbnailUrl\":\"https:\\\/\\\/media.radiolitoral.com\\\/wp-content\\\/uploads\\\/2024\\\/12\\\/11103827\\\/podio-media-maraton.jpg\",\"datePublished\":\"2024-12-11T09:40:31+00:00\",\"dateModified\":\"2024-12-11T10:25:29+00:00\",\"description\":\"Vicent Navarro i Nuria Orta triomfadors en la dist\u00e0ncia de marat\u00f3 en la qual va destacar el xabiero Ignacio Cardona Vicent Navarro i Nuria Orta triomfadors en la dist\u00e0ncia de marat\u00f3 en la qual va destacar el xabiero Ignacio Cardona\",\"breadcrumb\":{\"@id\":\"https:\\\/\\\/radiolitoral.com\\\/2024\\\/12\\\/gran-exit-dorganitzacio-i-participacio-en-el-xx-trail-serra-dolta\\\/#breadcrumb\"},\"inLanguage\":\"ca\",\"potentialAction\":[{\"@type\":\"ReadAction\",\"target\":[\"https:\\\/\\\/radiolitoral.com\\\/2024\\\/12\\\/gran-exit-dorganitzacio-i-participacio-en-el-xx-trail-serra-dolta\\\/\"]}]},{\"@type\":\"ImageObject\",\"inLanguage\":\"ca\",\"@id\":\"https:\\\/\\\/radiolitoral.com\\\/2024\\\/12\\\/gran-exit-dorganitzacio-i-participacio-en-el-xx-trail-serra-dolta\\\/#primaryimage\",\"url\":\"https:\\\/\\\/media.radiolitoral.com\\\/wp-content\\\/uploads\\\/2024\\\/12\\\/11103827\\\/podio-media-maraton.jpg\",\"contentUrl\":\"https:\\\/\\\/media.radiolitoral.com\\\/wp-content\\\/uploads\\\/2024\\\/12\\\/11103827\\\/podio-media-maraton.jpg\",\"width\":1024,\"height\":545},{\"@type\":\"BreadcrumbList\",\"@id\":\"https:\\\/\\\/radiolitoral.com\\\/2024\\\/12\\\/gran-exit-dorganitzacio-i-participacio-en-el-xx-trail-serra-dolta\\\/#breadcrumb\",\"itemListElement\":[{\"@type\":\"ListItem\",\"position\":1,\"name\":\"Portada\",\"item\":\"https:\\\/\\\/radiolitoral.com\\\/\"},{\"@type\":\"ListItem\",\"position\":2,\"name\":\"Gran \u00e8xit d&#8217;organitzaci\u00f3 i participaci\u00f3 en el XX Trail Serra d&#8217;Olt\u00e0\"}]},{\"@type\":\"WebSite\",\"@id\":\"https:\\\/\\\/radiolitoral.com\\\/#website\",\"url\":\"https:\\\/\\\/radiolitoral.com\\\/\",\"name\":\"Radio Litoral\",\"description\":\"La radio local de la Marina Alta\",\"publisher\":{\"@id\":\"https:\\\/\\\/radiolitoral.com\\\/#organization\"},\"alternateName\":\"Litoral FM\",\"potentialAction\":[{\"@type\":\"SearchAction\",\"target\":{\"@type\":\"EntryPoint\",\"urlTemplate\":\"https:\\\/\\\/radiolitoral.com\\\/?s={search_term_string}\"},\"query-input\":{\"@type\":\"PropertyValueSpecification\",\"valueRequired\":true,\"valueName\":\"search_term_string\"}}],\"inLanguage\":\"ca\"},{\"@type\":\"Organization\",\"@id\":\"https:\\\/\\\/radiolitoral.com\\\/#organization\",\"name\":\"Radio Litoral\",\"url\":\"https:\\\/\\\/radiolitoral.com\\\/\",\"logo\":{\"@type\":\"ImageObject\",\"inLanguage\":\"ca\",\"@id\":\"https:\\\/\\\/radiolitoral.com\\\/#\\\/schema\\\/logo\\\/image\\\/\",\"url\":\"https:\\\/\\\/media.radiolitoral.com\\\/wp-content\\\/uploads\\\/2023\\\/02\\\/24143238\\\/CL-V-RadioLitoral696.png\",\"contentUrl\":\"https:\\\/\\\/media.radiolitoral.com\\\/wp-content\\\/uploads\\\/2023\\\/02\\\/24143238\\\/CL-V-RadioLitoral696.png\",\"width\":696,\"height\":696,\"caption\":\"Radio Litoral\"},\"image\":{\"@id\":\"https:\\\/\\\/radiolitoral.com\\\/#\\\/schema\\\/logo\\\/image\\\/\"},\"sameAs\":[\"https:\\\/\\\/www.facebook.com\\\/Laradiolitoral\\\/\"]},{\"@type\":\"Person\",\"@id\":\"https:\\\/\\\/radiolitoral.com\\\/#\\\/schema\\\/person\\\/7b1480b5caeb5acdd4ec6379caf62b22\",\"name\":\"Javier Zamora\",\"image\":{\"@type\":\"ImageObject\",\"inLanguage\":\"ca\",\"@id\":\"https:\\\/\\\/secure.gravatar.com\\\/avatar\\\/467a11f6918c7d619c4043fc6fa2d3853053107973f05b6e9c04ea6c4e3a7b3f?s=96&d=mm&r=g\",\"url\":\"https:\\\/\\\/secure.gravatar.com\\\/avatar\\\/467a11f6918c7d619c4043fc6fa2d3853053107973f05b6e9c04ea6c4e3a7b3f?s=96&d=mm&r=g\",\"contentUrl\":\"https:\\\/\\\/secure.gravatar.com\\\/avatar\\\/467a11f6918c7d619c4043fc6fa2d3853053107973f05b6e9c04ea6c4e3a7b3f?s=96&d=mm&r=g\",\"caption\":\"Javier Zamora\"},\"url\":\"https:\\\/\\\/radiolitoral.com\\\/ca\\\/author\\\/javier-zamora\\\/\"}]}<\/script>\n<!-- \/ Yoast SEO plugin. -->","yoast_head_json":{"title":"Gran \u00e8xit d&#039;organitzaci\u00f3 i participaci\u00f3 al XX Trail Serra d&#039;Olt\u00e0 | R\u00e0dio Litoral","description":"Vicent Navarro i Nuria Orta triomfadors a la dist\u00e0ncia de marat\u00f3 en qu\u00e8 va destacar el xaiber Ignacio Cardona Vicent Navarro i Nuria Orta triomfadors a la dist\u00e0ncia de marat\u00f3 en qu\u00e8 va destacar el xaiber Ignacio Cardona","robots":{"index":"index","follow":"follow","max-snippet":"max-snippet:-1","max-image-preview":"max-image-preview:large","max-video-preview":"max-video-preview:-1"},"canonical":"https:\/\/radiolitoral.com\/ca\/2024\/12\/gran-exit-dorganitzacio-i-participacio-al-xx-trail-serra-dolta\/","og_locale":"ca_ES","og_type":"article","og_title":"Gran \u00e8xit d'organitzaci\u00f3 i participaci\u00f3 en el XX Trail Serra d'Olt\u00e0 | R\u00e0dio Litoral","og_description":"Vicent Navarro i Nuria Orta triomfadors en la dist\u00e0ncia de marat\u00f3 en la qual va destacar el xabiero Ignacio Cardona Vicent Navarro i Nuria Orta triomfadors en la dist\u00e0ncia de marat\u00f3 en la qual va destacar el xabiero Ignacio Cardona","og_url":"https:\/\/radiolitoral.com\/ca\/2024\/12\/gran-exit-dorganitzacio-i-participacio-al-xx-trail-serra-dolta\/","og_site_name":"R\u00e0dio Litoral","article_publisher":"https:\/\/www.facebook.com\/Laradiolitoral\/","article_published_time":"2024-12-11T09:40:31+00:00","article_modified_time":"2024-12-11T10:25:29+00:00","og_image":[{"width":1024,"height":545,"url":"https:\/\/media.radiolitoral.com\/wp-content\/uploads\/2024\/12\/11103827\/podio-media-maraton.jpg","type":"image\/jpeg"}],"author":"Javier Zamora","twitter_card":"summary_large_image","twitter_misc":{"Escrit per":"Javier Zamora","Temps estimat de lectura":"3 minuts"},"schema":{"@context":"https:\/\/schema.org","@graph":[{"@type":"NewsArticle","@id":"https:\/\/radiolitoral.com\/2024\/12\/gran-exit-dorganitzacio-i-participacio-en-el-xx-trail-serra-dolta\/#article","isPartOf":{"@id":"https:\/\/radiolitoral.com\/2024\/12\/gran-exit-dorganitzacio-i-participacio-en-el-xx-trail-serra-dolta\/"},"author":{"name":"Javier Zamora","@id":"https:\/\/radiolitoral.com\/#\/schema\/person\/7b1480b5caeb5acdd4ec6379caf62b22"},"headline":"Gran \u00e8xit d&#8217;organitzaci\u00f3 i participaci\u00f3 en el XX Trail Serra d&#8217;Olt\u00e0","datePublished":"2024-12-11T09:40:31+00:00","dateModified":"2024-12-11T10:25:29+00:00","mainEntityOfPage":{"@id":"https:\/\/radiolitoral.com\/2024\/12\/gran-exit-dorganitzacio-i-participacio-en-el-xx-trail-serra-dolta\/"},"wordCount":456,"commentCount":0,"publisher":{"@id":"https:\/\/radiolitoral.com\/#organization"},"image":{"@id":"https:\/\/radiolitoral.com\/2024\/12\/gran-exit-dorganitzacio-i-participacio-en-el-xx-trail-serra-dolta\/#primaryimage"},"thumbnailUrl":"https:\/\/media.radiolitoral.com\/wp-content\/uploads\/2024\/12\/11103827\/podio-media-maraton.jpg","keywords":["Adri\u00e1n Ivars","Aloma Albero Sampedro","Ander Iza Rekakoetxea","CA Publidom","CE Llebeig X\u00e1bia","Cindy Van Gerwen","deportes","Elisa Castilla","Eusebio Faus","Fran De La Cruz","Grup de Muntanya de Calp","Hanan Et Tabaa","Ignacio Cardona","Iker Chavarria","Macarena Mart\u00edn Sempere","Mar\u00eda Bel\u00e9n Mart\u00ednez","Mario Granero","Natalia Amores","Nuria Orta","Rosa Lara","Vicent Navarro","XX Trail Serra d'Olt\u00e0","Yurii Klym"],"articleSection":["Deportes"],"inLanguage":"ca","potentialAction":[{"@type":"CommentAction","name":"Comment","target":["https:\/\/radiolitoral.com\/2024\/12\/gran-exit-dorganitzacio-i-participacio-en-el-xx-trail-serra-dolta\/#respond"]}]},{"@type":["WebPage","ItemPage"],"@id":"https:\/\/radiolitoral.com\/2024\/12\/gran-exit-dorganitzacio-i-participacio-en-el-xx-trail-serra-dolta\/","url":"https:\/\/radiolitoral.com\/2024\/12\/gran-exit-dorganitzacio-i-participacio-en-el-xx-trail-serra-dolta\/","name":"Gran \u00e8xit d&#039;organitzaci\u00f3 i participaci\u00f3 al XX Trail Serra d&#039;Olt\u00e0 | R\u00e0dio Litoral","isPartOf":{"@id":"https:\/\/radiolitoral.com\/#website"},"primaryImageOfPage":{"@id":"https:\/\/radiolitoral.com\/2024\/12\/gran-exit-dorganitzacio-i-participacio-en-el-xx-trail-serra-dolta\/#primaryimage"},"image":{"@id":"https:\/\/radiolitoral.com\/2024\/12\/gran-exit-dorganitzacio-i-participacio-en-el-xx-trail-serra-dolta\/#primaryimage"},"thumbnailUrl":"https:\/\/media.radiolitoral.com\/wp-content\/uploads\/2024\/12\/11103827\/podio-media-maraton.jpg","datePublished":"2024-12-11T09:40:31+00:00","dateModified":"2024-12-11T10:25:29+00:00","description":"Vicent Navarro i Nuria Orta triomfadors a la dist\u00e0ncia de marat\u00f3 en qu\u00e8 va destacar el xaiber Ignacio Cardona Vicent Navarro i Nuria Orta triomfadors a la dist\u00e0ncia de marat\u00f3 en qu\u00e8 va destacar el xaiber Ignacio Cardona","breadcrumb":{"@id":"https:\/\/radiolitoral.com\/2024\/12\/gran-exit-dorganitzacio-i-participacio-en-el-xx-trail-serra-dolta\/#breadcrumb"},"inLanguage":"ca","potentialAction":[{"@type":"ReadAction","target":["https:\/\/radiolitoral.com\/2024\/12\/gran-exit-dorganitzacio-i-participacio-en-el-xx-trail-serra-dolta\/"]}]},{"@type":"ImageObject","inLanguage":"ca","@id":"https:\/\/radiolitoral.com\/2024\/12\/gran-exit-dorganitzacio-i-participacio-en-el-xx-trail-serra-dolta\/#primaryimage","url":"https:\/\/media.radiolitoral.com\/wp-content\/uploads\/2024\/12\/11103827\/podio-media-maraton.jpg","contentUrl":"https:\/\/media.radiolitoral.com\/wp-content\/uploads\/2024\/12\/11103827\/podio-media-maraton.jpg","width":1024,"height":545},{"@type":"BreadcrumbList","@id":"https:\/\/radiolitoral.com\/2024\/12\/gran-exit-dorganitzacio-i-participacio-en-el-xx-trail-serra-dolta\/#breadcrumb","itemListElement":[{"@type":"ListItem","position":1,"name":"Portada","item":"https:\/\/radiolitoral.com\/"},{"@type":"ListItem","position":2,"name":"Gran \u00e8xit d&#8217;organitzaci\u00f3 i participaci\u00f3 en el XX Trail Serra d&#8217;Olt\u00e0"}]},{"@type":"WebSite","@id":"https:\/\/radiolitoral.com\/#website","url":"https:\/\/radiolitoral.com\/","name":"R\u00e0dio Litoral","description":"La r\u00e0dio local de la Marina Alta","publisher":{"@id":"https:\/\/radiolitoral.com\/#organization"},"alternateName":"Litoral FM","potentialAction":[{"@type":"SearchAction","target":{"@type":"EntryPoint","urlTemplate":"https:\/\/radiolitoral.com\/?s={search_term_string}"},"query-input":{"@type":"PropertyValueSpecification","valueRequired":true,"valueName":"search_term_string"}}],"inLanguage":"ca"},{"@type":"Organization","@id":"https:\/\/radiolitoral.com\/#organization","name":"R\u00e0dio Litoral","url":"https:\/\/radiolitoral.com\/","logo":{"@type":"ImageObject","inLanguage":"ca","@id":"https:\/\/radiolitoral.com\/#\/schema\/logo\/image\/","url":"https:\/\/media.radiolitoral.com\/wp-content\/uploads\/2023\/02\/24143238\/CL-V-RadioLitoral696.png","contentUrl":"https:\/\/media.radiolitoral.com\/wp-content\/uploads\/2023\/02\/24143238\/CL-V-RadioLitoral696.png","width":696,"height":696,"caption":"Radio Litoral"},"image":{"@id":"https:\/\/radiolitoral.com\/#\/schema\/logo\/image\/"},"sameAs":["https:\/\/www.facebook.com\/Laradiolitoral\/"]},{"@type":"Person","@id":"https:\/\/radiolitoral.com\/#\/schema\/person\/7b1480b5caeb5acdd4ec6379caf62b22","name":"Javier Zamora","image":{"@type":"ImageObject","inLanguage":"ca","@id":"https:\/\/secure.gravatar.com\/avatar\/467a11f6918c7d619c4043fc6fa2d3853053107973f05b6e9c04ea6c4e3a7b3f?s=96&d=mm&r=g","url":"https:\/\/secure.gravatar.com\/avatar\/467a11f6918c7d619c4043fc6fa2d3853053107973f05b6e9c04ea6c4e3a7b3f?s=96&d=mm&r=g","contentUrl":"https:\/\/secure.gravatar.com\/avatar\/467a11f6918c7d619c4043fc6fa2d3853053107973f05b6e9c04ea6c4e3a7b3f?s=96&d=mm&r=g","caption":"Javier Zamora"},"url":"https:\/\/radiolitoral.com\/ca\/author\/javier-zamora\/"}]}},"_links":{"self":[{"href":"https:\/\/radiolitoral.com\/ca\/wp-json\/wp\/v2\/posts\/13703","targetHints":{"allow":["GET"]}}],"collection":[{"href":"https:\/\/radiolitoral.com\/ca\/wp-json\/wp\/v2\/posts"}],"about":[{"href":"https:\/\/radiolitoral.com\/ca\/wp-json\/wp\/v2\/types\/post"}],"author":[{"embeddable":true,"href":"https:\/\/radiolitoral.com\/ca\/wp-json\/wp\/v2\/users\/12"}],"replies":[{"embeddable":true,"href":"https:\/\/radiolitoral.com\/ca\/wp-json\/wp\/v2\/comments?post=13703"}],"version-history":[{"count":3,"href":"https:\/\/radiolitoral.com\/ca\/wp-json\/wp\/v2\/posts\/13703\/revisions"}],"predecessor-version":[{"id":13708,"href":"https:\/\/radiolitoral.com\/ca\/wp-json\/wp\/v2\/posts\/13703\/revisions\/13708"}],"wp:featuredmedia":[{"embeddable":true,"href":"https:\/\/radiolitoral.com\/ca\/wp-json\/wp\/v2\/media\/13705"}],"wp:attachment":[{"href":"https:\/\/radiolitoral.com\/ca\/wp-json\/wp\/v2\/media?parent=13703"}],"wp:term":[{"taxonomy":"category","embeddable":true,"href":"https:\/\/radiolitoral.com\/ca\/wp-json\/wp\/v2\/categories?post=13703"},{"taxonomy":"post_tag","embeddable":true,"href":"https:\/\/radiolitoral.com\/ca\/wp-json\/wp\/v2\/tags?post=13703"}],"curies":[{"name":"wp","href":"https:\/\/api.w.org\/{rel}","templated":true}]}}