{"id":13672,"date":"2024-12-10T10:41:22","date_gmt":"2024-12-10T09:41:22","guid":{"rendered":"https:\/\/radiolitoral.com\/?p=13672"},"modified":"2024-12-10T10:41:22","modified_gmt":"2024-12-10T09:41:22","slug":"tercera-victoria-per-al-denia-basquet-a-primera-zonal","status":"publish","type":"post","link":"https:\/\/radiolitoral.com\/ca\/2024\/12\/tercera-victoria-per-al-denia-basquet-en-primera-zonal\/","title":{"rendered":"Tercera vict\u00f2ria per al D\u00e9nia B\u00e0squet a Primera Zonal"},"content":{"rendered":"<p>El <strong>D\u00e9nia BC<\/strong> va rebre al <strong>CB Aielo<\/strong> al pavell\u00f3 de <strong>Joan Fuster<\/strong>, un equip que encara no coneixia la vict\u00f2ria a la present temporada a la <strong>Primera Zonal<\/strong>, i els va derrotar per un clar <strong>82 a 46<\/strong>. Conscients que l&#039;exc\u00e9s de confian\u00e7a en altres ocasions els havia jugat mals passos, els jugadors del D\u00e9nia sortiran al camp amb la m\u00e0xima concentraci\u00f3 per evitar que els rivals juguessin c\u00f2modes.<\/p>\n<p>Tot i comen\u00e7ar el partit amb gran encert des del triple i tenir la avantatge al marcador des del principi, els locals no aconseguien imposar el ritme que m\u00e9s els convinia. Va ser a partir del segon per\u00edode quan el D\u00e9nia BC va comen\u00e7ar a mostrar la seva millor versi\u00f3 defensiva, amb una major consist\u00e8ncia que els va permetre llan\u00e7ar r\u00e0pides ofensives a partir del control del rebot defensiu. Els locals van controlar molt b\u00e9 els rebots en ambdues zones, el que els va permetre realitzar r\u00e0pids contraatacs.<\/p>\n<p>Amb aquest joc, el D\u00e9nia BC va arribar al descans amb una difer\u00e8ncia de 17 punts, avantatge que van ampliar al tercer quart gr\u00e0cies a un gran nivell de joc. Els visitants, tot i intentar-ho, no van poder posar en perill la vict\u00f2ria local, acabant el partit amb un quart parcial m\u00e9s igualat.<\/p>\n<p>En definitiva, es va tractar d&#039;un partit en qu\u00e8 tots els jugadors de <strong>Carlos Vila<\/strong> presents a la pista van poder aportar en totes les facetes del joc, aconseguint aix\u00ed la tercera vict\u00f2ria de la temporada, la qual cosa fa que el D\u00e9nia BC entre a la zona temperada de la classificaci\u00f3.<\/p>\n<p>El proper <strong>dissabte a les 18:30 hores<\/strong>, el D\u00e9nia BC visitar\u00e0 la pista de Tavernes de la Valldigna, on s&#039;enfrontar\u00e0 a un altre dels equips forts de la lliga. Els locals nom\u00e9s han perdut un partit en qu\u00e8 portem de temporada, per la qual cosa ser\u00e0 una gran oportunitat per mesurar el nivell de competitivitat del grup fora de casa.<\/p>","protected":false},"excerpt":{"rendered":"<p>El D\u00e9nia BC va rebre al CB Aielo al pavell\u00f3 de Joan Fuster, un equip que encara no coneixia la vict\u00f2ria en la present temporada a la Primera Zonal, i els va derrotar per un clar 82 a 46. Conscients que l&#8217;exc\u00e9s de confian\u00e7a en altres ocasions els havia jugat males passades, els jugadors del [&#8230;]<\/p>\n<p><a class=\"btn btn-secondary understrap-read-more-link\" href=\"https:\/\/radiolitoral.com\/ca\/2024\/12\/tercera-victoria-per-al-denia-basquet-en-primera-zonal\/\">Continua llegint&#8230;<span class=\"screen-reader-text\"> from Tercera vict\u00f2ria per al D\u00e9nia B\u00e1squet en Primera Zonal<\/span><\/a><\/p>\n","protected":false},"author":12,"featured_media":13673,"comment_status":"open","ping_status":"closed","sticky":false,"template":"","format":"standard","meta":{"_acf_changed":false,"inline_featured_image":false,"footnotes":""},"categories":[5],"tags":[2513,2953,1788,6],"class_list":["post-13672","post","type-post","status-publish","format-standard","has-post-thumbnail","hentry","category-deportes","tag-carlos-vila","tag-cb-aielo","tag-denia-basquet","tag-deportes","cobertura-denia"],"acf":[],"yoast_head":"<!-- This site is optimized with the Yoast SEO plugin v27.5 - https:\/\/yoast.com\/product\/yoast-seo-wordpress\/ -->\n<title>Tercera vict\u00f2ria per al D\u00e9nia B\u00e1squet en Primera Zonal | R\u00e0dio Litoral<\/title>\n<meta name=\"description\" content=\"Els dianenses van v\u00e9ncer en el pavell\u00f3 de Joan Fuster al CB Aielo per 82 a 46Els dianenses van v\u00e9ncer en el pavell\u00f3 de Joan Fuster al CB Aielo per 82 a 46\" \/>\n<meta name=\"robots\" content=\"index, follow, max-snippet:-1, max-image-preview:large, max-video-preview:-1\" \/>\n<link rel=\"canonical\" href=\"https:\/\/radiolitoral.com\/ca\/2024\/12\/tercera-victoria-per-al-denia-basquet-a-primera-zonal\/\" \/>\n<meta property=\"og:locale\" content=\"ca_ES\" \/>\n<meta property=\"og:type\" content=\"article\" \/>\n<meta property=\"og:title\" content=\"Tercera vict\u00f2ria per al D\u00e9nia B\u00e1squet en Primera Zonal | R\u00e0dio Litoral\" \/>\n<meta property=\"og:description\" content=\"Els dianenses van v\u00e9ncer en el pavell\u00f3 de Joan Fuster al CB Aielo per 82 a 46Els dianenses van v\u00e9ncer en el pavell\u00f3 de Joan Fuster al CB Aielo per 82 a 46\" \/>\n<meta property=\"og:url\" content=\"https:\/\/radiolitoral.com\/ca\/2024\/12\/tercera-victoria-per-al-denia-basquet-a-primera-zonal\/\" \/>\n<meta property=\"og:site_name\" content=\"R\u00e0dio Litoral\" \/>\n<meta property=\"article:publisher\" content=\"https:\/\/www.facebook.com\/Laradiolitoral\/\" \/>\n<meta property=\"article:published_time\" content=\"2024-12-10T09:41:22+00:00\" \/>\n<meta property=\"og:image\" content=\"https:\/\/media.radiolitoral.com\/wp-content\/uploads\/2024\/12\/10103158\/DBC-SENIOR-MASC.-1o-ZONAL-VENCE-A-AIELO-DE-MALFERIT.jpg\" \/>\n\t<meta property=\"og:image:width\" content=\"1872\" \/>\n\t<meta property=\"og:image:height\" content=\"1248\" \/>\n\t<meta property=\"og:image:type\" content=\"image\/jpeg\" \/>\n<meta name=\"author\" content=\"Javier Zamora\" \/>\n<meta name=\"twitter:card\" content=\"summary_large_image\" \/>\n<meta name=\"twitter:label1\" content=\"Escrit per\" \/>\n\t<meta name=\"twitter:data1\" content=\"Javier Zamora\" \/>\n\t<meta name=\"twitter:label2\" content=\"Temps estimat de lectura\" \/>\n\t<meta name=\"twitter:data2\" content=\"2 minuts\" \/>\n<script type=\"application\/ld+json\" class=\"yoast-schema-graph\">{\"@context\":\"https:\\\/\\\/schema.org\",\"@graph\":[{\"@type\":\"NewsArticle\",\"@id\":\"https:\\\/\\\/radiolitoral.com\\\/2024\\\/12\\\/tercera-victoria-per-al-denia-basquet-en-primera-zonal\\\/#article\",\"isPartOf\":{\"@id\":\"https:\\\/\\\/radiolitoral.com\\\/2024\\\/12\\\/tercera-victoria-per-al-denia-basquet-en-primera-zonal\\\/\"},\"author\":{\"name\":\"Javier Zamora\",\"@id\":\"https:\\\/\\\/radiolitoral.com\\\/#\\\/schema\\\/person\\\/7b1480b5caeb5acdd4ec6379caf62b22\"},\"headline\":\"Tercera vict\u00f2ria per al D\u00e9nia B\u00e1squet en Primera Zonal\",\"datePublished\":\"2024-12-10T09:41:22+00:00\",\"mainEntityOfPage\":{\"@id\":\"https:\\\/\\\/radiolitoral.com\\\/2024\\\/12\\\/tercera-victoria-per-al-denia-basquet-en-primera-zonal\\\/\"},\"wordCount\":361,\"commentCount\":0,\"publisher\":{\"@id\":\"https:\\\/\\\/radiolitoral.com\\\/#organization\"},\"image\":{\"@id\":\"https:\\\/\\\/radiolitoral.com\\\/2024\\\/12\\\/tercera-victoria-per-al-denia-basquet-en-primera-zonal\\\/#primaryimage\"},\"thumbnailUrl\":\"https:\\\/\\\/media.radiolitoral.com\\\/wp-content\\\/uploads\\\/2024\\\/12\\\/10103158\\\/DBC-SENIOR-MASC.-1o-ZONAL-VENCE-A-AIELO-DE-MALFERIT.jpg\",\"keywords\":[\"Carlos Vila\",\"CB Aielo\",\"D\u00e9nia B\u00e0squet\",\"deportes\"],\"articleSection\":[\"Deportes\"],\"inLanguage\":\"ca\",\"potentialAction\":[{\"@type\":\"CommentAction\",\"name\":\"Comment\",\"target\":[\"https:\\\/\\\/radiolitoral.com\\\/2024\\\/12\\\/tercera-victoria-per-al-denia-basquet-en-primera-zonal\\\/#respond\"]}]},{\"@type\":[\"WebPage\",\"ItemPage\"],\"@id\":\"https:\\\/\\\/radiolitoral.com\\\/2024\\\/12\\\/tercera-victoria-per-al-denia-basquet-en-primera-zonal\\\/\",\"url\":\"https:\\\/\\\/radiolitoral.com\\\/2024\\\/12\\\/tercera-victoria-per-al-denia-basquet-en-primera-zonal\\\/\",\"name\":\"Tercera vict\u00f2ria per al D\u00e9nia B\u00e1squet en Primera Zonal | R\u00e0dio Litoral\",\"isPartOf\":{\"@id\":\"https:\\\/\\\/radiolitoral.com\\\/#website\"},\"primaryImageOfPage\":{\"@id\":\"https:\\\/\\\/radiolitoral.com\\\/2024\\\/12\\\/tercera-victoria-per-al-denia-basquet-en-primera-zonal\\\/#primaryimage\"},\"image\":{\"@id\":\"https:\\\/\\\/radiolitoral.com\\\/2024\\\/12\\\/tercera-victoria-per-al-denia-basquet-en-primera-zonal\\\/#primaryimage\"},\"thumbnailUrl\":\"https:\\\/\\\/media.radiolitoral.com\\\/wp-content\\\/uploads\\\/2024\\\/12\\\/10103158\\\/DBC-SENIOR-MASC.-1o-ZONAL-VENCE-A-AIELO-DE-MALFERIT.jpg\",\"datePublished\":\"2024-12-10T09:41:22+00:00\",\"description\":\"Els dianenses van v\u00e9ncer en el pavell\u00f3 de Joan Fuster al CB Aielo per 82 a 46Els dianenses van v\u00e9ncer en el pavell\u00f3 de Joan Fuster al CB Aielo per 82 a 46\",\"breadcrumb\":{\"@id\":\"https:\\\/\\\/radiolitoral.com\\\/2024\\\/12\\\/tercera-victoria-per-al-denia-basquet-en-primera-zonal\\\/#breadcrumb\"},\"inLanguage\":\"ca\",\"potentialAction\":[{\"@type\":\"ReadAction\",\"target\":[\"https:\\\/\\\/radiolitoral.com\\\/2024\\\/12\\\/tercera-victoria-per-al-denia-basquet-en-primera-zonal\\\/\"]}]},{\"@type\":\"ImageObject\",\"inLanguage\":\"ca\",\"@id\":\"https:\\\/\\\/radiolitoral.com\\\/2024\\\/12\\\/tercera-victoria-per-al-denia-basquet-en-primera-zonal\\\/#primaryimage\",\"url\":\"https:\\\/\\\/media.radiolitoral.com\\\/wp-content\\\/uploads\\\/2024\\\/12\\\/10103158\\\/DBC-SENIOR-MASC.-1o-ZONAL-VENCE-A-AIELO-DE-MALFERIT.jpg\",\"contentUrl\":\"https:\\\/\\\/media.radiolitoral.com\\\/wp-content\\\/uploads\\\/2024\\\/12\\\/10103158\\\/DBC-SENIOR-MASC.-1o-ZONAL-VENCE-A-AIELO-DE-MALFERIT.jpg\",\"width\":1872,\"height\":1248},{\"@type\":\"BreadcrumbList\",\"@id\":\"https:\\\/\\\/radiolitoral.com\\\/2024\\\/12\\\/tercera-victoria-per-al-denia-basquet-en-primera-zonal\\\/#breadcrumb\",\"itemListElement\":[{\"@type\":\"ListItem\",\"position\":1,\"name\":\"Portada\",\"item\":\"https:\\\/\\\/radiolitoral.com\\\/\"},{\"@type\":\"ListItem\",\"position\":2,\"name\":\"Tercera vict\u00f2ria per al D\u00e9nia B\u00e1squet en Primera Zonal\"}]},{\"@type\":\"WebSite\",\"@id\":\"https:\\\/\\\/radiolitoral.com\\\/#website\",\"url\":\"https:\\\/\\\/radiolitoral.com\\\/\",\"name\":\"Radio Litoral\",\"description\":\"La radio local de la Marina Alta\",\"publisher\":{\"@id\":\"https:\\\/\\\/radiolitoral.com\\\/#organization\"},\"alternateName\":\"Litoral FM\",\"potentialAction\":[{\"@type\":\"SearchAction\",\"target\":{\"@type\":\"EntryPoint\",\"urlTemplate\":\"https:\\\/\\\/radiolitoral.com\\\/?s={search_term_string}\"},\"query-input\":{\"@type\":\"PropertyValueSpecification\",\"valueRequired\":true,\"valueName\":\"search_term_string\"}}],\"inLanguage\":\"ca\"},{\"@type\":\"Organization\",\"@id\":\"https:\\\/\\\/radiolitoral.com\\\/#organization\",\"name\":\"Radio Litoral\",\"url\":\"https:\\\/\\\/radiolitoral.com\\\/\",\"logo\":{\"@type\":\"ImageObject\",\"inLanguage\":\"ca\",\"@id\":\"https:\\\/\\\/radiolitoral.com\\\/#\\\/schema\\\/logo\\\/image\\\/\",\"url\":\"https:\\\/\\\/media.radiolitoral.com\\\/wp-content\\\/uploads\\\/2023\\\/02\\\/24143238\\\/CL-V-RadioLitoral696.png\",\"contentUrl\":\"https:\\\/\\\/media.radiolitoral.com\\\/wp-content\\\/uploads\\\/2023\\\/02\\\/24143238\\\/CL-V-RadioLitoral696.png\",\"width\":696,\"height\":696,\"caption\":\"Radio Litoral\"},\"image\":{\"@id\":\"https:\\\/\\\/radiolitoral.com\\\/#\\\/schema\\\/logo\\\/image\\\/\"},\"sameAs\":[\"https:\\\/\\\/www.facebook.com\\\/Laradiolitoral\\\/\"]},{\"@type\":\"Person\",\"@id\":\"https:\\\/\\\/radiolitoral.com\\\/#\\\/schema\\\/person\\\/7b1480b5caeb5acdd4ec6379caf62b22\",\"name\":\"Javier Zamora\",\"image\":{\"@type\":\"ImageObject\",\"inLanguage\":\"ca\",\"@id\":\"https:\\\/\\\/secure.gravatar.com\\\/avatar\\\/467a11f6918c7d619c4043fc6fa2d3853053107973f05b6e9c04ea6c4e3a7b3f?s=96&d=mm&r=g\",\"url\":\"https:\\\/\\\/secure.gravatar.com\\\/avatar\\\/467a11f6918c7d619c4043fc6fa2d3853053107973f05b6e9c04ea6c4e3a7b3f?s=96&d=mm&r=g\",\"contentUrl\":\"https:\\\/\\\/secure.gravatar.com\\\/avatar\\\/467a11f6918c7d619c4043fc6fa2d3853053107973f05b6e9c04ea6c4e3a7b3f?s=96&d=mm&r=g\",\"caption\":\"Javier Zamora\"},\"url\":\"https:\\\/\\\/radiolitoral.com\\\/ca\\\/author\\\/javier-zamora\\\/\"}]}<\/script>\n<!-- \/ Yoast SEO plugin. -->","yoast_head_json":{"title":"Tercera vict\u00f2ria per al D\u00e9nia B\u00e0squet a Primera Zonal | R\u00e0dio Litoral","description":"Els dianencs van v\u00e8ncer al pavell\u00f3 de Joan Fuster el CB Aielo per 82 a 46Els dianencs van v\u00e8ncer al pavell\u00f3 de Joan Fuster el CB Aielo per 82 a 46","robots":{"index":"index","follow":"follow","max-snippet":"max-snippet:-1","max-image-preview":"max-image-preview:large","max-video-preview":"max-video-preview:-1"},"canonical":"https:\/\/radiolitoral.com\/ca\/2024\/12\/tercera-victoria-per-al-denia-basquet-a-primera-zonal\/","og_locale":"ca_ES","og_type":"article","og_title":"Tercera vict\u00f2ria per al D\u00e9nia B\u00e1squet en Primera Zonal | R\u00e0dio Litoral","og_description":"Els dianenses van v\u00e9ncer en el pavell\u00f3 de Joan Fuster al CB Aielo per 82 a 46Els dianenses van v\u00e9ncer en el pavell\u00f3 de Joan Fuster al CB Aielo per 82 a 46","og_url":"https:\/\/radiolitoral.com\/ca\/2024\/12\/tercera-victoria-per-al-denia-basquet-a-primera-zonal\/","og_site_name":"R\u00e0dio Litoral","article_publisher":"https:\/\/www.facebook.com\/Laradiolitoral\/","article_published_time":"2024-12-10T09:41:22+00:00","og_image":[{"width":1872,"height":1248,"url":"https:\/\/media.radiolitoral.com\/wp-content\/uploads\/2024\/12\/10103158\/DBC-SENIOR-MASC.-1o-ZONAL-VENCE-A-AIELO-DE-MALFERIT.jpg","type":"image\/jpeg"}],"author":"Javier Zamora","twitter_card":"summary_large_image","twitter_misc":{"Escrit per":"Javier Zamora","Temps estimat de lectura":"2 minuts"},"schema":{"@context":"https:\/\/schema.org","@graph":[{"@type":"NewsArticle","@id":"https:\/\/radiolitoral.com\/2024\/12\/tercera-victoria-per-al-denia-basquet-en-primera-zonal\/#article","isPartOf":{"@id":"https:\/\/radiolitoral.com\/2024\/12\/tercera-victoria-per-al-denia-basquet-en-primera-zonal\/"},"author":{"name":"Javier Zamora","@id":"https:\/\/radiolitoral.com\/#\/schema\/person\/7b1480b5caeb5acdd4ec6379caf62b22"},"headline":"Tercera vict\u00f2ria per al D\u00e9nia B\u00e1squet en Primera Zonal","datePublished":"2024-12-10T09:41:22+00:00","mainEntityOfPage":{"@id":"https:\/\/radiolitoral.com\/2024\/12\/tercera-victoria-per-al-denia-basquet-en-primera-zonal\/"},"wordCount":361,"commentCount":0,"publisher":{"@id":"https:\/\/radiolitoral.com\/#organization"},"image":{"@id":"https:\/\/radiolitoral.com\/2024\/12\/tercera-victoria-per-al-denia-basquet-en-primera-zonal\/#primaryimage"},"thumbnailUrl":"https:\/\/media.radiolitoral.com\/wp-content\/uploads\/2024\/12\/10103158\/DBC-SENIOR-MASC.-1o-ZONAL-VENCE-A-AIELO-DE-MALFERIT.jpg","keywords":["Carlos Vila","CB Aielo","D\u00e9nia B\u00e0squet","deportes"],"articleSection":["Deportes"],"inLanguage":"ca","potentialAction":[{"@type":"CommentAction","name":"Comment","target":["https:\/\/radiolitoral.com\/2024\/12\/tercera-victoria-per-al-denia-basquet-en-primera-zonal\/#respond"]}]},{"@type":["WebPage","ItemPage"],"@id":"https:\/\/radiolitoral.com\/2024\/12\/tercera-victoria-per-al-denia-basquet-en-primera-zonal\/","url":"https:\/\/radiolitoral.com\/2024\/12\/tercera-victoria-per-al-denia-basquet-en-primera-zonal\/","name":"Tercera vict\u00f2ria per al D\u00e9nia B\u00e0squet a Primera Zonal | R\u00e0dio Litoral","isPartOf":{"@id":"https:\/\/radiolitoral.com\/#website"},"primaryImageOfPage":{"@id":"https:\/\/radiolitoral.com\/2024\/12\/tercera-victoria-per-al-denia-basquet-en-primera-zonal\/#primaryimage"},"image":{"@id":"https:\/\/radiolitoral.com\/2024\/12\/tercera-victoria-per-al-denia-basquet-en-primera-zonal\/#primaryimage"},"thumbnailUrl":"https:\/\/media.radiolitoral.com\/wp-content\/uploads\/2024\/12\/10103158\/DBC-SENIOR-MASC.-1o-ZONAL-VENCE-A-AIELO-DE-MALFERIT.jpg","datePublished":"2024-12-10T09:41:22+00:00","description":"Els dianencs van v\u00e8ncer al pavell\u00f3 de Joan Fuster el CB Aielo per 82 a 46Els dianencs van v\u00e8ncer al pavell\u00f3 de Joan Fuster el CB Aielo per 82 a 46","breadcrumb":{"@id":"https:\/\/radiolitoral.com\/2024\/12\/tercera-victoria-per-al-denia-basquet-en-primera-zonal\/#breadcrumb"},"inLanguage":"ca","potentialAction":[{"@type":"ReadAction","target":["https:\/\/radiolitoral.com\/2024\/12\/tercera-victoria-per-al-denia-basquet-en-primera-zonal\/"]}]},{"@type":"ImageObject","inLanguage":"ca","@id":"https:\/\/radiolitoral.com\/2024\/12\/tercera-victoria-per-al-denia-basquet-en-primera-zonal\/#primaryimage","url":"https:\/\/media.radiolitoral.com\/wp-content\/uploads\/2024\/12\/10103158\/DBC-SENIOR-MASC.-1o-ZONAL-VENCE-A-AIELO-DE-MALFERIT.jpg","contentUrl":"https:\/\/media.radiolitoral.com\/wp-content\/uploads\/2024\/12\/10103158\/DBC-SENIOR-MASC.-1o-ZONAL-VENCE-A-AIELO-DE-MALFERIT.jpg","width":1872,"height":1248},{"@type":"BreadcrumbList","@id":"https:\/\/radiolitoral.com\/2024\/12\/tercera-victoria-per-al-denia-basquet-en-primera-zonal\/#breadcrumb","itemListElement":[{"@type":"ListItem","position":1,"name":"Portada","item":"https:\/\/radiolitoral.com\/"},{"@type":"ListItem","position":2,"name":"Tercera vict\u00f2ria per al D\u00e9nia B\u00e1squet en Primera Zonal"}]},{"@type":"WebSite","@id":"https:\/\/radiolitoral.com\/#website","url":"https:\/\/radiolitoral.com\/","name":"R\u00e0dio Litoral","description":"La r\u00e0dio local de la Marina Alta","publisher":{"@id":"https:\/\/radiolitoral.com\/#organization"},"alternateName":"Litoral FM","potentialAction":[{"@type":"SearchAction","target":{"@type":"EntryPoint","urlTemplate":"https:\/\/radiolitoral.com\/?s={search_term_string}"},"query-input":{"@type":"PropertyValueSpecification","valueRequired":true,"valueName":"search_term_string"}}],"inLanguage":"ca"},{"@type":"Organization","@id":"https:\/\/radiolitoral.com\/#organization","name":"R\u00e0dio Litoral","url":"https:\/\/radiolitoral.com\/","logo":{"@type":"ImageObject","inLanguage":"ca","@id":"https:\/\/radiolitoral.com\/#\/schema\/logo\/image\/","url":"https:\/\/media.radiolitoral.com\/wp-content\/uploads\/2023\/02\/24143238\/CL-V-RadioLitoral696.png","contentUrl":"https:\/\/media.radiolitoral.com\/wp-content\/uploads\/2023\/02\/24143238\/CL-V-RadioLitoral696.png","width":696,"height":696,"caption":"Radio Litoral"},"image":{"@id":"https:\/\/radiolitoral.com\/#\/schema\/logo\/image\/"},"sameAs":["https:\/\/www.facebook.com\/Laradiolitoral\/"]},{"@type":"Person","@id":"https:\/\/radiolitoral.com\/#\/schema\/person\/7b1480b5caeb5acdd4ec6379caf62b22","name":"Javier Zamora","image":{"@type":"ImageObject","inLanguage":"ca","@id":"https:\/\/secure.gravatar.com\/avatar\/467a11f6918c7d619c4043fc6fa2d3853053107973f05b6e9c04ea6c4e3a7b3f?s=96&d=mm&r=g","url":"https:\/\/secure.gravatar.com\/avatar\/467a11f6918c7d619c4043fc6fa2d3853053107973f05b6e9c04ea6c4e3a7b3f?s=96&d=mm&r=g","contentUrl":"https:\/\/secure.gravatar.com\/avatar\/467a11f6918c7d619c4043fc6fa2d3853053107973f05b6e9c04ea6c4e3a7b3f?s=96&d=mm&r=g","caption":"Javier Zamora"},"url":"https:\/\/radiolitoral.com\/ca\/author\/javier-zamora\/"}]}},"_links":{"self":[{"href":"https:\/\/radiolitoral.com\/ca\/wp-json\/wp\/v2\/posts\/13672","targetHints":{"allow":["GET"]}}],"collection":[{"href":"https:\/\/radiolitoral.com\/ca\/wp-json\/wp\/v2\/posts"}],"about":[{"href":"https:\/\/radiolitoral.com\/ca\/wp-json\/wp\/v2\/types\/post"}],"author":[{"embeddable":true,"href":"https:\/\/radiolitoral.com\/ca\/wp-json\/wp\/v2\/users\/12"}],"replies":[{"embeddable":true,"href":"https:\/\/radiolitoral.com\/ca\/wp-json\/wp\/v2\/comments?post=13672"}],"version-history":[{"count":1,"href":"https:\/\/radiolitoral.com\/ca\/wp-json\/wp\/v2\/posts\/13672\/revisions"}],"predecessor-version":[{"id":13674,"href":"https:\/\/radiolitoral.com\/ca\/wp-json\/wp\/v2\/posts\/13672\/revisions\/13674"}],"wp:featuredmedia":[{"embeddable":true,"href":"https:\/\/radiolitoral.com\/ca\/wp-json\/wp\/v2\/media\/13673"}],"wp:attachment":[{"href":"https:\/\/radiolitoral.com\/ca\/wp-json\/wp\/v2\/media?parent=13672"}],"wp:term":[{"taxonomy":"category","embeddable":true,"href":"https:\/\/radiolitoral.com\/ca\/wp-json\/wp\/v2\/categories?post=13672"},{"taxonomy":"post_tag","embeddable":true,"href":"https:\/\/radiolitoral.com\/ca\/wp-json\/wp\/v2\/tags?post=13672"}],"curies":[{"name":"wp","href":"https:\/\/api.w.org\/{rel}","templated":true}]}}