{"id":13653,"date":"2024-12-09T18:55:36","date_gmt":"2024-12-09T17:55:36","guid":{"rendered":"https:\/\/radiolitoral.com\/?p=13653"},"modified":"2024-12-09T18:55:36","modified_gmt":"2024-12-09T17:55:36","slug":"el-cant-de-la-sibil%c2%b7la-tellada-moraira","status":"publish","type":"post","link":"https:\/\/radiolitoral.com\/ca\/2024\/12\/el-cant-de-la-sibila-teulada-moraira\/","title":{"rendered":"El Cant de la Sibil\u00b7la torna el proper 23 de desembre a Teulada Moraira"},"content":{"rendered":"<p>El proper <strong>23 de desembre<\/strong>, la localitat de <strong>Teulada<\/strong> es prepara per acollir una de les representacions m\u00e9s esperades de la temporada: <strong>&#039;La senyal del judici. El Cant de la Sibil\u00b7la&#039;<\/strong>, un cant de <strong>tradici\u00f3 medieval<\/strong> amb profundes ra\u00edces religioses que commemora el <strong>Ju\u00ed Final<\/strong> i el <strong>ren\u00e9ixer del m\u00f3n<\/strong>.<\/p>\n<p>Organitzat per la <strong>Colla de Dol\u00e7ainers i Tabaleters El Fal\u00e7\u00f3 de Teulada<\/strong>, aquest acte es mant\u00e9 com un dels elements m\u00e9s destacats del <strong>patrimoni immaterial<\/strong> del municipi, un s\u00edmbol viu de la seva identitat cultural.<\/p>\n<figure id=\"attachment_13654\" aria-describedby=\"caption-attachment-13654\" style=\"width: 960px\" class=\"wp-caption aligncenter\"><a href=\"https:\/\/media.radiolitoral.com\/wp-content\/uploads\/2024\/12\/09183536\/cant-de-la-sibila-1.jpg\"><img loading=\"lazy\" decoding=\"async\" class=\"wp-image-13654 size-full\" src=\"https:\/\/media.radiolitoral.com\/wp-content\/uploads\/2024\/12\/09183536\/cant-de-la-sibila-1.jpg\" alt=\"\" width=\"960\" height=\"640\" srcset=\"https:\/\/media.radiolitoral.com\/wp-content\/uploads\/2024\/12\/09183536\/cant-de-la-sibila-1.jpg 960w, https:\/\/media.radiolitoral.com\/wp-content\/uploads\/2024\/12\/09183536\/cant-de-la-sibila-1-300x200.jpg 300w, https:\/\/media.radiolitoral.com\/wp-content\/uploads\/2024\/12\/09183536\/cant-de-la-sibila-1-768x512.jpg 768w, https:\/\/media.radiolitoral.com\/wp-content\/uploads\/2024\/12\/09183536\/cant-de-la-sibila-1-18x12.jpg 18w, https:\/\/media.radiolitoral.com\/wp-content\/uploads\/2024\/12\/09183536\/cant-de-la-sibila-1-100x67.jpg 100w, https:\/\/media.radiolitoral.com\/wp-content\/uploads\/2024\/12\/09183536\/cant-de-la-sibila-1-200x133.jpg 200w\" sizes=\"auto, (max-width: 960px) 100vw, 960px\" \/><\/a><figcaption id=\"caption-attachment-13654\" class=\"wp-caption-text\">El Cant de la Sibil\u00b7la | Colla el Fal\u00e7\u00f3 de Teulada<\/figcaption><\/figure>\n<h4><strong>Un elenc de joves protagonistes<\/strong><\/h4>\n<p>La representaci\u00f3 d&#039;aquest any comptar\u00e0 amb la participaci\u00f3 de <strong>tres alumnes<\/strong> del <strong>Conservatori Professional de M\u00fasica &#039;Mestre Berenguer&#039;<\/strong>, que interpretaran els papers centrals de l&#039;obra. <strong>Marta Mu\u00f1oz Garc\u00eda<\/strong> ser\u00e0 l&#039;encarregada de portar a escena la <strong>Sibil\u00b7la<\/strong>, mentre que <strong>Claudia Devesa Soto<\/strong> i <strong>Daniela Bertomeu Ferrer<\/strong> donaran vida als <strong>\u00c0ngels Custodis<\/strong>.<\/p>\n<p>Aquestes joves promesos de la m\u00fasica, juntament amb el <strong>Cor de Cambra de la Sibil\u00b7la<\/strong>, el grup de <strong>trombons de l&#039;Agrupaci\u00f3 Musical Cultural de Teulada<\/strong> i el grup de <strong>m\u00fasica antiga Tresalen<\/strong>, faran vibrar la <strong>pla\u00e7a de l&#039;Esgl\u00e9sia<\/strong> amb la seva interpretaci\u00f3, sota la direcci\u00f3 de <strong>Rafael Soriano<\/strong>.<\/p>\n<h4><strong>L&#039;acte comen\u00e7ar\u00e0 amb un recorregut ple de simbolisme<\/strong><\/h4>\n<p>L&#039;espectacle arrencar\u00e0 a les <strong>20:00 h<\/strong> amb el primer <strong>toc de tempesta<\/strong>, anunciant l&#039;inici de l&#039;esdeveniment des de la <strong>pla\u00e7a de les Porxades<\/strong>. La festa continuar\u00e0 amb un <strong>cercavila de les antorxes<\/strong> a les <strong>20:05 h<\/strong> i un moment especialment espectacular, la <strong>Dansa de la Morte<\/strong>, que tindr\u00e0 lloc als <strong>20:15 h<\/strong> a la pla\u00e7a de l&#039;Esgl\u00e9sia, just abans de l&#039;inici de la representaci\u00f3 dins de l&#039;Esgl\u00e9sia de <strong>Santa Caterina M\u00e0rtir<\/strong>.<\/p>\n<p>Als <strong>20:30 h<\/strong>, s&#039;al\u00e7ar\u00e0 el tel\u00f3 de l&#039;\u00f2pera musical, amb el <strong>tercer toc de tempesta<\/strong> com a senyal de l&#039;inici de <strong>&#039;El Senyal del Judici. El Cant de la Sibil\u00b7la&#039;<\/strong>.<\/p>\n<p>La <strong>regidora de Cultura, Ver\u00f3nica Mart\u00ednez<\/strong>, ha destacat el valor d&#039;aquesta tradici\u00f3 com un element essencial per a <strong>consolidar la identitat cultural<\/strong> de Teulada.<strong>El Cant de la Sibil\u00b7la<\/strong> \u00e9s un punt de trobada entre les generacions passades i les actuals, i ens ajuda a mantenir viva la nostra hist\u00f2ria. \u00c9s una tradici\u00f3 que genera <strong>respecte i admiraci\u00f3<\/strong> i que ens permet unir la comunitat en una celebraci\u00f3 que supera el temps\u201d, ha explicat Mart\u00ednez.<\/p>\n<p>A m\u00e9s, ha animat a tots els <strong>ve\u00efns i ve\u00efns de Teulada Moraira<\/strong> a participar d&#039;aquesta representaci\u00f3 \u00fanica ia gaudir de la m\u00e0gia d&#039;una tradici\u00f3 que es mant\u00e9 ben viva al <strong>cor<\/strong> de la comunitat local.<\/p>\n<h4><strong>Acc\u00e9s limitat: les invitacions, gratu\u00eftes per\u00f2 numerades<\/strong><\/h4>\n<p>Per garantir el bon funcionament de l&#039;espectacle a l&#039;interior de l&#039;Esgl\u00e9sia, el p\u00fablic haur\u00e0 de sol\u00b7licitar-ne una <strong>invitaci\u00f3 pr\u00e8via i gratu\u00efta<\/strong> a trav\u00e9s del correu electr\u00f2nic <strong><a rel=\"noopener\">xirimitersdeteulada@gmail.com<\/a><\/strong>. Les invitacions, que seran numerades, es lliuraran per ordre de sol\u00b7licitud, i cada persona podr\u00e0 demanar un m\u00e0xim de <strong>dues invitacions<\/strong>. Un cop rebuda la invitaci\u00f3 personalitzada en format PDF, els assistents l&#039;han de presentar a l&#039;entrada de l&#039;Esgl\u00e9sia per accedir al recinte.<\/p>","protected":false},"excerpt":{"rendered":"<p>El proper 23 de desembre, la localitat de Teulada es prepara per acollir una de les representacions m\u00e9s esperades de la temporada: \u2018La senyal del judici. El Cant de la Sibil\u00b7la\u2019, un cant de tradici\u00f3 medieval amb profundes arrels religioses que commemora el Ju\u00ed Final i el ren\u00e9ixer del m\u00f3n. Organitzat per la Colla de [&#8230;]<\/p>\n<p><a class=\"btn btn-secondary understrap-read-more-link\" href=\"https:\/\/radiolitoral.com\/ca\/2024\/12\/el-cant-de-la-sibila-teulada-moraira\/\">Continua llegint&#8230;<span class=\"screen-reader-text\"> from El Cant de la Sibil\u00b7la torna el pr\u00f2xim 23 de desembre a Teulada Moraira<\/span><\/a><\/p>\n","protected":false},"author":14,"featured_media":13655,"comment_status":"open","ping_status":"closed","sticky":false,"template":"","format":"standard","meta":{"_acf_changed":false,"inline_featured_image":false,"footnotes":""},"categories":[55],"tags":[112,2950,2951,195],"class_list":["post-13653","post","type-post","status-publish","format-standard","has-post-thumbnail","hentry","category-cultura","tag-cultura","tag-el-cant-de-la-sibilla","tag-el-cant-de-la-sibila","tag-teulada-moraira","cobertura-teulada-moraira"],"acf":[],"yoast_head":"<!-- This site is optimized with the Yoast SEO plugin v27.5 - https:\/\/yoast.com\/product\/yoast-seo-wordpress\/ -->\n<title>El Cant de la Sibil\u00b7la torna el pr\u00f2xim 23 de desembre a Teulada Moraira | R\u00e0dio Litoral<\/title>\n<meta name=\"description\" content=\"La tradicional representaci\u00f3 medieval sobre el Ju\u00ed Final es celebra a la pla\u00e7a de l&#039;Esgl\u00e9sia\" \/>\n<meta name=\"robots\" content=\"index, follow, max-snippet:-1, max-image-preview:large, max-video-preview:-1\" \/>\n<link rel=\"canonical\" href=\"https:\/\/radiolitoral.com\/ca\/2024\/12\/el-cant-de-la-sibil\u00b7la-tellada-moraira\/\" \/>\n<meta property=\"og:locale\" content=\"ca_ES\" \/>\n<meta property=\"og:type\" content=\"article\" \/>\n<meta property=\"og:title\" content=\"El Cant de la Sibil\u00b7la torna el pr\u00f2xim 23 de desembre a Teulada Moraira | R\u00e0dio Litoral\" \/>\n<meta property=\"og:description\" content=\"La tradicional representaci\u00f3 medieval sobre el Ju\u00ed Final es celebra a la pla\u00e7a de l&#039;Esgl\u00e9sia\" \/>\n<meta property=\"og:url\" content=\"https:\/\/radiolitoral.com\/ca\/2024\/12\/el-cant-de-la-sibil\u00b7la-tellada-moraira\/\" \/>\n<meta property=\"og:site_name\" content=\"R\u00e0dio Litoral\" \/>\n<meta property=\"article:publisher\" content=\"https:\/\/www.facebook.com\/Laradiolitoral\/\" \/>\n<meta property=\"article:published_time\" content=\"2024-12-09T17:55:36+00:00\" \/>\n<meta property=\"og:image\" content=\"https:\/\/media.radiolitoral.com\/wp-content\/uploads\/2024\/12\/09183539\/cant-de-la-sibila-2.jpg\" \/>\n\t<meta property=\"og:image:width\" content=\"960\" \/>\n\t<meta property=\"og:image:height\" content=\"640\" \/>\n\t<meta property=\"og:image:type\" content=\"image\/jpeg\" \/>\n<meta name=\"author\" content=\"Redacci\u00f3n\" \/>\n<meta name=\"twitter:card\" content=\"summary_large_image\" \/>\n<meta name=\"twitter:label1\" content=\"Escrit per\" \/>\n\t<meta name=\"twitter:data1\" content=\"Redacci\u00f3n\" \/>\n\t<meta name=\"twitter:label2\" content=\"Temps estimat de lectura\" \/>\n\t<meta name=\"twitter:data2\" content=\"3 minuts\" \/>\n<script type=\"application\/ld+json\" class=\"yoast-schema-graph\">{\"@context\":\"https:\\\/\\\/schema.org\",\"@graph\":[{\"@type\":\"NewsArticle\",\"@id\":\"https:\\\/\\\/radiolitoral.com\\\/2024\\\/12\\\/el-cant-de-la-sibila-teulada-moraira\\\/#article\",\"isPartOf\":{\"@id\":\"https:\\\/\\\/radiolitoral.com\\\/2024\\\/12\\\/el-cant-de-la-sibila-teulada-moraira\\\/\"},\"author\":{\"name\":\"Redacci\u00f3n\",\"@id\":\"https:\\\/\\\/radiolitoral.com\\\/#\\\/schema\\\/person\\\/96b739642eb3bedb532aac3812d23307\"},\"headline\":\"El Cant de la Sibil\u00b7la torna el pr\u00f2xim 23 de desembre a Teulada Moraira\",\"datePublished\":\"2024-12-09T17:55:36+00:00\",\"mainEntityOfPage\":{\"@id\":\"https:\\\/\\\/radiolitoral.com\\\/2024\\\/12\\\/el-cant-de-la-sibila-teulada-moraira\\\/\"},\"wordCount\":587,\"commentCount\":0,\"publisher\":{\"@id\":\"https:\\\/\\\/radiolitoral.com\\\/#organization\"},\"image\":{\"@id\":\"https:\\\/\\\/radiolitoral.com\\\/2024\\\/12\\\/el-cant-de-la-sibila-teulada-moraira\\\/#primaryimage\"},\"thumbnailUrl\":\"https:\\\/\\\/media.radiolitoral.com\\\/wp-content\\\/uploads\\\/2024\\\/12\\\/09183539\\\/cant-de-la-sibila-2.jpg\",\"keywords\":[\"cultura\",\"El Cant de la Sibil\u00b7la\",\"el cant de la sibila\",\"Teulada-Moraira\"],\"articleSection\":[\"Cultura\"],\"inLanguage\":\"ca\",\"potentialAction\":[{\"@type\":\"CommentAction\",\"name\":\"Comment\",\"target\":[\"https:\\\/\\\/radiolitoral.com\\\/2024\\\/12\\\/el-cant-de-la-sibila-teulada-moraira\\\/#respond\"]}]},{\"@type\":[\"WebPage\",\"ItemPage\"],\"@id\":\"https:\\\/\\\/radiolitoral.com\\\/2024\\\/12\\\/el-cant-de-la-sibila-teulada-moraira\\\/\",\"url\":\"https:\\\/\\\/radiolitoral.com\\\/2024\\\/12\\\/el-cant-de-la-sibila-teulada-moraira\\\/\",\"name\":\"El Cant de la Sibil\u00b7la torna el pr\u00f2xim 23 de desembre a Teulada Moraira | R\u00e0dio Litoral\",\"isPartOf\":{\"@id\":\"https:\\\/\\\/radiolitoral.com\\\/#website\"},\"primaryImageOfPage\":{\"@id\":\"https:\\\/\\\/radiolitoral.com\\\/2024\\\/12\\\/el-cant-de-la-sibila-teulada-moraira\\\/#primaryimage\"},\"image\":{\"@id\":\"https:\\\/\\\/radiolitoral.com\\\/2024\\\/12\\\/el-cant-de-la-sibila-teulada-moraira\\\/#primaryimage\"},\"thumbnailUrl\":\"https:\\\/\\\/media.radiolitoral.com\\\/wp-content\\\/uploads\\\/2024\\\/12\\\/09183539\\\/cant-de-la-sibila-2.jpg\",\"datePublished\":\"2024-12-09T17:55:36+00:00\",\"description\":\"La tradicional representaci\u00f3 medieval sobre el Ju\u00ed Final es celebra a la pla\u00e7a de l'Esgl\u00e9sia\",\"breadcrumb\":{\"@id\":\"https:\\\/\\\/radiolitoral.com\\\/2024\\\/12\\\/el-cant-de-la-sibila-teulada-moraira\\\/#breadcrumb\"},\"inLanguage\":\"ca\",\"potentialAction\":[{\"@type\":\"ReadAction\",\"target\":[\"https:\\\/\\\/radiolitoral.com\\\/2024\\\/12\\\/el-cant-de-la-sibila-teulada-moraira\\\/\"]}]},{\"@type\":\"ImageObject\",\"inLanguage\":\"ca\",\"@id\":\"https:\\\/\\\/radiolitoral.com\\\/2024\\\/12\\\/el-cant-de-la-sibila-teulada-moraira\\\/#primaryimage\",\"url\":\"https:\\\/\\\/media.radiolitoral.com\\\/wp-content\\\/uploads\\\/2024\\\/12\\\/09183539\\\/cant-de-la-sibila-2.jpg\",\"contentUrl\":\"https:\\\/\\\/media.radiolitoral.com\\\/wp-content\\\/uploads\\\/2024\\\/12\\\/09183539\\\/cant-de-la-sibila-2.jpg\",\"width\":960,\"height\":640},{\"@type\":\"BreadcrumbList\",\"@id\":\"https:\\\/\\\/radiolitoral.com\\\/2024\\\/12\\\/el-cant-de-la-sibila-teulada-moraira\\\/#breadcrumb\",\"itemListElement\":[{\"@type\":\"ListItem\",\"position\":1,\"name\":\"Portada\",\"item\":\"https:\\\/\\\/radiolitoral.com\\\/\"},{\"@type\":\"ListItem\",\"position\":2,\"name\":\"El Cant de la Sibil\u00b7la torna el pr\u00f2xim 23 de desembre a Teulada Moraira\"}]},{\"@type\":\"WebSite\",\"@id\":\"https:\\\/\\\/radiolitoral.com\\\/#website\",\"url\":\"https:\\\/\\\/radiolitoral.com\\\/\",\"name\":\"Radio Litoral\",\"description\":\"La radio local de la Marina Alta\",\"publisher\":{\"@id\":\"https:\\\/\\\/radiolitoral.com\\\/#organization\"},\"alternateName\":\"Litoral FM\",\"potentialAction\":[{\"@type\":\"SearchAction\",\"target\":{\"@type\":\"EntryPoint\",\"urlTemplate\":\"https:\\\/\\\/radiolitoral.com\\\/?s={search_term_string}\"},\"query-input\":{\"@type\":\"PropertyValueSpecification\",\"valueRequired\":true,\"valueName\":\"search_term_string\"}}],\"inLanguage\":\"ca\"},{\"@type\":\"Organization\",\"@id\":\"https:\\\/\\\/radiolitoral.com\\\/#organization\",\"name\":\"Radio Litoral\",\"url\":\"https:\\\/\\\/radiolitoral.com\\\/\",\"logo\":{\"@type\":\"ImageObject\",\"inLanguage\":\"ca\",\"@id\":\"https:\\\/\\\/radiolitoral.com\\\/#\\\/schema\\\/logo\\\/image\\\/\",\"url\":\"https:\\\/\\\/media.radiolitoral.com\\\/wp-content\\\/uploads\\\/2023\\\/02\\\/24143238\\\/CL-V-RadioLitoral696.png\",\"contentUrl\":\"https:\\\/\\\/media.radiolitoral.com\\\/wp-content\\\/uploads\\\/2023\\\/02\\\/24143238\\\/CL-V-RadioLitoral696.png\",\"width\":696,\"height\":696,\"caption\":\"Radio Litoral\"},\"image\":{\"@id\":\"https:\\\/\\\/radiolitoral.com\\\/#\\\/schema\\\/logo\\\/image\\\/\"},\"sameAs\":[\"https:\\\/\\\/www.facebook.com\\\/Laradiolitoral\\\/\"]},{\"@type\":\"Person\",\"@id\":\"https:\\\/\\\/radiolitoral.com\\\/#\\\/schema\\\/person\\\/96b739642eb3bedb532aac3812d23307\",\"name\":\"Redacci\u00f3n\",\"image\":{\"@type\":\"ImageObject\",\"inLanguage\":\"ca\",\"@id\":\"https:\\\/\\\/secure.gravatar.com\\\/avatar\\\/30cd06129ee90411dd9c7cbdcf17464181d1a3c7b072e92070ea75a25cf0097e?s=96&d=mm&r=g\",\"url\":\"https:\\\/\\\/secure.gravatar.com\\\/avatar\\\/30cd06129ee90411dd9c7cbdcf17464181d1a3c7b072e92070ea75a25cf0097e?s=96&d=mm&r=g\",\"contentUrl\":\"https:\\\/\\\/secure.gravatar.com\\\/avatar\\\/30cd06129ee90411dd9c7cbdcf17464181d1a3c7b072e92070ea75a25cf0097e?s=96&d=mm&r=g\",\"caption\":\"Redacci\u00f3n\"},\"url\":\"https:\\\/\\\/radiolitoral.com\\\/ca\\\/author\\\/kevin-carrio\\\/\"}]}<\/script>\n<!-- \/ Yoast SEO plugin. -->","yoast_head_json":{"title":"El Cant de la Sibil\u00b7la torna el proper 23 de desembre a Teulada Moraira | R\u00e0dio Litoral","description":"La tradicional representaci\u00f3 medieval sobre el Ju\u00ed Final \u00e9s celebra a la pla\u00e7a de l&#039;Esgl\u00e9sia","robots":{"index":"index","follow":"follow","max-snippet":"max-snippet:-1","max-image-preview":"max-image-preview:large","max-video-preview":"max-video-preview:-1"},"canonical":"https:\/\/radiolitoral.com\/ca\/2024\/12\/el-cant-de-la-sibil\u00b7la-tellada-moraira\/","og_locale":"ca_ES","og_type":"article","og_title":"El Cant de la Sibil\u00b7la torna el pr\u00f2xim 23 de desembre a Teulada Moraira | R\u00e0dio Litoral","og_description":"La tradicional representaci\u00f3 medieval sobre el Ju\u00ed Final es celebra a la pla\u00e7a de l'Esgl\u00e9sia","og_url":"https:\/\/radiolitoral.com\/ca\/2024\/12\/el-cant-de-la-sibil\u00b7la-tellada-moraira\/","og_site_name":"R\u00e0dio Litoral","article_publisher":"https:\/\/www.facebook.com\/Laradiolitoral\/","article_published_time":"2024-12-09T17:55:36+00:00","og_image":[{"width":960,"height":640,"url":"https:\/\/media.radiolitoral.com\/wp-content\/uploads\/2024\/12\/09183539\/cant-de-la-sibila-2.jpg","type":"image\/jpeg"}],"author":"Redacci\u00f3n","twitter_card":"summary_large_image","twitter_misc":{"Escrit per":"Redacci\u00f3n","Temps estimat de lectura":"3 minuts"},"schema":{"@context":"https:\/\/schema.org","@graph":[{"@type":"NewsArticle","@id":"https:\/\/radiolitoral.com\/2024\/12\/el-cant-de-la-sibila-teulada-moraira\/#article","isPartOf":{"@id":"https:\/\/radiolitoral.com\/2024\/12\/el-cant-de-la-sibila-teulada-moraira\/"},"author":{"name":"Redacci\u00f3n","@id":"https:\/\/radiolitoral.com\/#\/schema\/person\/96b739642eb3bedb532aac3812d23307"},"headline":"El Cant de la Sibil\u00b7la torna el pr\u00f2xim 23 de desembre a Teulada Moraira","datePublished":"2024-12-09T17:55:36+00:00","mainEntityOfPage":{"@id":"https:\/\/radiolitoral.com\/2024\/12\/el-cant-de-la-sibila-teulada-moraira\/"},"wordCount":587,"commentCount":0,"publisher":{"@id":"https:\/\/radiolitoral.com\/#organization"},"image":{"@id":"https:\/\/radiolitoral.com\/2024\/12\/el-cant-de-la-sibila-teulada-moraira\/#primaryimage"},"thumbnailUrl":"https:\/\/media.radiolitoral.com\/wp-content\/uploads\/2024\/12\/09183539\/cant-de-la-sibila-2.jpg","keywords":["cultura","El Cant de la Sibil\u00b7la","el cant de la sibila","Teulada-Moraira"],"articleSection":["Cultura"],"inLanguage":"ca","potentialAction":[{"@type":"CommentAction","name":"Comment","target":["https:\/\/radiolitoral.com\/2024\/12\/el-cant-de-la-sibila-teulada-moraira\/#respond"]}]},{"@type":["WebPage","ItemPage"],"@id":"https:\/\/radiolitoral.com\/2024\/12\/el-cant-de-la-sibila-teulada-moraira\/","url":"https:\/\/radiolitoral.com\/2024\/12\/el-cant-de-la-sibila-teulada-moraira\/","name":"El Cant de la Sibil\u00b7la torna el proper 23 de desembre a Teulada Moraira | R\u00e0dio Litoral","isPartOf":{"@id":"https:\/\/radiolitoral.com\/#website"},"primaryImageOfPage":{"@id":"https:\/\/radiolitoral.com\/2024\/12\/el-cant-de-la-sibila-teulada-moraira\/#primaryimage"},"image":{"@id":"https:\/\/radiolitoral.com\/2024\/12\/el-cant-de-la-sibila-teulada-moraira\/#primaryimage"},"thumbnailUrl":"https:\/\/media.radiolitoral.com\/wp-content\/uploads\/2024\/12\/09183539\/cant-de-la-sibila-2.jpg","datePublished":"2024-12-09T17:55:36+00:00","description":"La tradicional representaci\u00f3 medieval sobre el Ju\u00ed Final \u00e9s celebra a la pla\u00e7a de l&#039;Esgl\u00e9sia","breadcrumb":{"@id":"https:\/\/radiolitoral.com\/2024\/12\/el-cant-de-la-sibila-teulada-moraira\/#breadcrumb"},"inLanguage":"ca","potentialAction":[{"@type":"ReadAction","target":["https:\/\/radiolitoral.com\/2024\/12\/el-cant-de-la-sibila-teulada-moraira\/"]}]},{"@type":"ImageObject","inLanguage":"ca","@id":"https:\/\/radiolitoral.com\/2024\/12\/el-cant-de-la-sibila-teulada-moraira\/#primaryimage","url":"https:\/\/media.radiolitoral.com\/wp-content\/uploads\/2024\/12\/09183539\/cant-de-la-sibila-2.jpg","contentUrl":"https:\/\/media.radiolitoral.com\/wp-content\/uploads\/2024\/12\/09183539\/cant-de-la-sibila-2.jpg","width":960,"height":640},{"@type":"BreadcrumbList","@id":"https:\/\/radiolitoral.com\/2024\/12\/el-cant-de-la-sibila-teulada-moraira\/#breadcrumb","itemListElement":[{"@type":"ListItem","position":1,"name":"Portada","item":"https:\/\/radiolitoral.com\/"},{"@type":"ListItem","position":2,"name":"El Cant de la Sibil\u00b7la torna el pr\u00f2xim 23 de desembre a Teulada Moraira"}]},{"@type":"WebSite","@id":"https:\/\/radiolitoral.com\/#website","url":"https:\/\/radiolitoral.com\/","name":"R\u00e0dio Litoral","description":"La r\u00e0dio local de la Marina Alta","publisher":{"@id":"https:\/\/radiolitoral.com\/#organization"},"alternateName":"Litoral FM","potentialAction":[{"@type":"SearchAction","target":{"@type":"EntryPoint","urlTemplate":"https:\/\/radiolitoral.com\/?s={search_term_string}"},"query-input":{"@type":"PropertyValueSpecification","valueRequired":true,"valueName":"search_term_string"}}],"inLanguage":"ca"},{"@type":"Organization","@id":"https:\/\/radiolitoral.com\/#organization","name":"R\u00e0dio Litoral","url":"https:\/\/radiolitoral.com\/","logo":{"@type":"ImageObject","inLanguage":"ca","@id":"https:\/\/radiolitoral.com\/#\/schema\/logo\/image\/","url":"https:\/\/media.radiolitoral.com\/wp-content\/uploads\/2023\/02\/24143238\/CL-V-RadioLitoral696.png","contentUrl":"https:\/\/media.radiolitoral.com\/wp-content\/uploads\/2023\/02\/24143238\/CL-V-RadioLitoral696.png","width":696,"height":696,"caption":"Radio Litoral"},"image":{"@id":"https:\/\/radiolitoral.com\/#\/schema\/logo\/image\/"},"sameAs":["https:\/\/www.facebook.com\/Laradiolitoral\/"]},{"@type":"Person","@id":"https:\/\/radiolitoral.com\/#\/schema\/person\/96b739642eb3bedb532aac3812d23307","name":"Redacci\u00f3","image":{"@type":"ImageObject","inLanguage":"ca","@id":"https:\/\/secure.gravatar.com\/avatar\/30cd06129ee90411dd9c7cbdcf17464181d1a3c7b072e92070ea75a25cf0097e?s=96&d=mm&r=g","url":"https:\/\/secure.gravatar.com\/avatar\/30cd06129ee90411dd9c7cbdcf17464181d1a3c7b072e92070ea75a25cf0097e?s=96&d=mm&r=g","contentUrl":"https:\/\/secure.gravatar.com\/avatar\/30cd06129ee90411dd9c7cbdcf17464181d1a3c7b072e92070ea75a25cf0097e?s=96&d=mm&r=g","caption":"Redacci\u00f3n"},"url":"https:\/\/radiolitoral.com\/ca\/author\/kevin-carrio\/"}]}},"_links":{"self":[{"href":"https:\/\/radiolitoral.com\/ca\/wp-json\/wp\/v2\/posts\/13653","targetHints":{"allow":["GET"]}}],"collection":[{"href":"https:\/\/radiolitoral.com\/ca\/wp-json\/wp\/v2\/posts"}],"about":[{"href":"https:\/\/radiolitoral.com\/ca\/wp-json\/wp\/v2\/types\/post"}],"author":[{"embeddable":true,"href":"https:\/\/radiolitoral.com\/ca\/wp-json\/wp\/v2\/users\/14"}],"replies":[{"embeddable":true,"href":"https:\/\/radiolitoral.com\/ca\/wp-json\/wp\/v2\/comments?post=13653"}],"version-history":[{"count":1,"href":"https:\/\/radiolitoral.com\/ca\/wp-json\/wp\/v2\/posts\/13653\/revisions"}],"predecessor-version":[{"id":13656,"href":"https:\/\/radiolitoral.com\/ca\/wp-json\/wp\/v2\/posts\/13653\/revisions\/13656"}],"wp:featuredmedia":[{"embeddable":true,"href":"https:\/\/radiolitoral.com\/ca\/wp-json\/wp\/v2\/media\/13655"}],"wp:attachment":[{"href":"https:\/\/radiolitoral.com\/ca\/wp-json\/wp\/v2\/media?parent=13653"}],"wp:term":[{"taxonomy":"category","embeddable":true,"href":"https:\/\/radiolitoral.com\/ca\/wp-json\/wp\/v2\/categories?post=13653"},{"taxonomy":"post_tag","embeddable":true,"href":"https:\/\/radiolitoral.com\/ca\/wp-json\/wp\/v2\/tags?post=13653"}],"curies":[{"name":"wp","href":"https:\/\/api.w.org\/{rel}","templated":true}]}}