{"id":13629,"date":"2024-12-09T10:33:55","date_gmt":"2024-12-09T09:33:55","guid":{"rendered":"https:\/\/radiolitoral.com\/?p=13629"},"modified":"2024-12-09T11:18:55","modified_gmt":"2024-12-09T10:18:55","slug":"derrota-amarga-del-denia-bc-davant-real-murcia","status":"publish","type":"post","link":"https:\/\/radiolitoral.com\/ca\/2024\/12\/derrota-amarga-del-denia-bc-davant-real-murcia\/","title":{"rendered":"Derrota amarga del D\u00e9nia BC davant de Real M\u00farcia"},"content":{"rendered":"<p>Mal gust de boca es va quedar l&#039;afici\u00f3 denier que va anar al <strong>pavell\u00f3 de Joan Fuster<\/strong> per veure el seu equip despr\u00e9s d&#039;un partit de gran intensitat davant <strong>Reial M\u00farcia<\/strong>, que va acabar amb una amarga derrota per <strong>78-79<\/strong> despr\u00e9s de dues pr\u00f2rrogues. Al final dels quatre temps reglamentaris, el marcador va indicar un empat a 68, for\u00e7ant una primera pr\u00f2rroga que tamb\u00e9 va acabar amb empat a 75, i una segona pr\u00f2rroga que va ser finalment per als visitants.<\/p>\n<p>El <strong>D\u00e9nia B\u00e0squet<\/strong> va comen\u00e7ar el partit amb molta intensitat, mostrant un bon percentatge d&#039;encert en atac. La reacci\u00f3 dels visitants va arribar gr\u00e0cies al seu poder rebotador, especialment en atac, la qual cosa permetr\u00e0 que es tanqu\u00e9s el primer parcial amb un 26-14 favorable als locals.<\/p>\n<p>Al segon quart, el D\u00e9nia B\u00e0squet va mantenir el control del partit, amb una bona defensa que va forzar els visitants a fer tirs mal seleccionats. En atac, els homes dirigits per\u00a0<strong>Eduardo Clavero<\/strong> van moure b\u00e9 la pilota, aconseguint un parcial de 15-14 i arribant al descans amb una c\u00f2moda avantatge de 41-28.<\/p>\n<h2>Canvi decisiu en defensa<\/h2>\n<p>Despr\u00e9s de la mitja part, els visitants van fer un canvi defensiu clau, implementant una defensa zonal que va desactivar completament l&#039;atac local. Cada atac dels dianencs es va convertir en una veritable tortura, sense encert i amb nombrosos errors. A m\u00e9s, algunes decisions arbitrals van perjudicar clarament el D\u00e9nia BC, tot i que aquesta circumst\u00e0ncia no hauria de ser vista com una excusa per analitzar la derrota. El tercer quart va acabar amb un parcial de 18-22 per als visitants.<\/p>\n<h2>Dificultats als moments clau<\/h2>\n<p>Al quart parcial, les coses empeoraran per als dianencs. El D\u00e9nia BC es va oblidar del seu joc col\u00b7lectiu i la manca d&#039;experi\u00e8ncia va quedar clara en els darrers minuts. Els visitants, amb molta m\u00e9s serenitat, tingueren l&#039;oportunitat de guanyar el partit a l&#039;\u00faltima possessi\u00f3, per\u00f2 el llan\u00e7ament triple sortir\u00e0 fora, for\u00e7ant la pr\u00f2rroga.<\/p>\n<p>A la pr\u00f2rroga inicial, tots dos equips van lluitar fins al final, amb el D\u00e9nia B\u00e0squet mostrant-se incapa\u00e7 de tancar el partit a favor. m\u00e9s resolutius en els moments decisius, la vict\u00f2ria hauria estat possible.<\/p>\n<p><strong>Pel D\u00e9nia B\u00e0squet van jugar i anotar:<\/strong> Dani P\u00e9rez (15), Richard (6), Ots (16), Alexandrov (7) i Toni P\u00e9rez (6), cinc inicials, i despr\u00e9s van jugar Vives (4), Sadoki (11), Zapata, Soler (4) i Climent (9).<\/p>\n<p>El D\u00e9nia BC va perdre una gran oportunitat de sumar una vict\u00f2ria, ja que va dominar gran part del partit, per\u00f2 va acabar sucumbint a la major experi\u00e8ncia i intensitat del rival en els moments clau. Una derrota que haur\u00e0 de servir per aprendre i seguir treballant per aconseguir millors resultats en els propers partits.<\/p>\n<p>&nbsp;<\/p>\n<p>&nbsp;<\/p>","protected":false},"excerpt":{"rendered":"<p>Mal sabor de boca es va quedar l&#8217;afici\u00f3 dianense que va acudir al pavell\u00f3 de Joan Fuster per veure el seu equip despr\u00e9s d&#8217;un partit de gran intensitat davant Real Murcia, que va acabar amb una amarga derrota per 78-79 despr\u00e9s de dues pr\u00f2rrogues. Al final dels quatre temps reglamentaris, el marcador va indicar un [&#8230;]<\/p>\n<p><a class=\"btn btn-secondary understrap-read-more-link\" href=\"https:\/\/radiolitoral.com\/ca\/2024\/12\/derrota-amarga-del-denia-bc-davant-real-murcia\/\">Continua llegint&#8230;<span class=\"screen-reader-text\"> from Derrota amarga del D\u00e9nia BC davant Real Murcia<\/span><\/a><\/p>\n","protected":false},"author":12,"featured_media":13631,"comment_status":"open","ping_status":"closed","sticky":false,"template":"","format":"standard","meta":{"_acf_changed":false,"inline_featured_image":false,"footnotes":""},"categories":[5],"tags":[1788,1355,6,965,2944,1790],"class_list":["post-13629","post","type-post","status-publish","format-standard","has-post-thumbnail","hentry","category-deportes","tag-denia-basquet","tag-denia-bc","tag-deportes","tag-eduardo-clavero","tag-pavello-de-joan-fuster","tag-real-murcia","cobertura-denia"],"acf":[],"yoast_head":"<!-- This site is optimized with the Yoast SEO plugin v27.5 - https:\/\/yoast.com\/product\/yoast-seo-wordpress\/ -->\n<title>Derrota amarga del D\u00e9nia BC davant Real Murcia | R\u00e0dio Litoral<\/title>\n<meta name=\"description\" content=\"L&#039;equip que dirigix Eduardo Clavero va ser de m\u00e9s a menys durant el partit i es va estavellar davant una defensa zonalL&#039;equip que dirigix Eduardo Clavero va ser de m\u00e9s a menys durant el partit i es va estavellar davant una defensa zonal\" \/>\n<meta name=\"robots\" content=\"index, follow, max-snippet:-1, max-image-preview:large, max-video-preview:-1\" \/>\n<link rel=\"canonical\" href=\"https:\/\/radiolitoral.com\/ca\/2024\/12\/derrota-amarga-del-denia-bc-davant-real-murcia\/\" \/>\n<meta property=\"og:locale\" content=\"ca_ES\" \/>\n<meta property=\"og:type\" content=\"article\" \/>\n<meta property=\"og:title\" content=\"Derrota amarga del D\u00e9nia BC davant Real Murcia | R\u00e0dio Litoral\" \/>\n<meta property=\"og:description\" content=\"L&#039;equip que dirigix Eduardo Clavero va ser de m\u00e9s a menys durant el partit i es va estavellar davant una defensa zonalL&#039;equip que dirigix Eduardo Clavero va ser de m\u00e9s a menys durant el partit i es va estavellar davant una defensa zonal\" \/>\n<meta property=\"og:url\" content=\"https:\/\/radiolitoral.com\/ca\/2024\/12\/derrota-amarga-del-denia-bc-davant-real-murcia\/\" \/>\n<meta property=\"og:site_name\" content=\"R\u00e0dio Litoral\" \/>\n<meta property=\"article:publisher\" content=\"https:\/\/www.facebook.com\/Laradiolitoral\/\" \/>\n<meta property=\"article:published_time\" content=\"2024-12-09T09:33:55+00:00\" \/>\n<meta property=\"article:modified_time\" content=\"2024-12-09T10:18:55+00:00\" \/>\n<meta property=\"og:image\" content=\"https:\/\/media.radiolitoral.com\/wp-content\/uploads\/2024\/12\/09102539\/Salto-inicial-ante-R-Murcia.jpg\" \/>\n\t<meta property=\"og:image:width\" content=\"1024\" \/>\n\t<meta property=\"og:image:height\" content=\"659\" \/>\n\t<meta property=\"og:image:type\" content=\"image\/jpeg\" \/>\n<meta name=\"author\" content=\"Javier Zamora\" \/>\n<meta name=\"twitter:card\" content=\"summary_large_image\" \/>\n<meta name=\"twitter:label1\" content=\"Escrit per\" \/>\n\t<meta name=\"twitter:data1\" content=\"Javier Zamora\" \/>\n\t<meta name=\"twitter:label2\" content=\"Temps estimat de lectura\" \/>\n\t<meta name=\"twitter:data2\" content=\"3 minuts\" \/>\n<script type=\"application\/ld+json\" class=\"yoast-schema-graph\">{\"@context\":\"https:\\\/\\\/schema.org\",\"@graph\":[{\"@type\":\"NewsArticle\",\"@id\":\"https:\\\/\\\/radiolitoral.com\\\/2024\\\/12\\\/derrota-amarga-del-denia-bc-davant-real-murcia\\\/#article\",\"isPartOf\":{\"@id\":\"https:\\\/\\\/radiolitoral.com\\\/2024\\\/12\\\/derrota-amarga-del-denia-bc-davant-real-murcia\\\/\"},\"author\":{\"name\":\"Javier Zamora\",\"@id\":\"https:\\\/\\\/radiolitoral.com\\\/#\\\/schema\\\/person\\\/7b1480b5caeb5acdd4ec6379caf62b22\"},\"headline\":\"Derrota amarga del D\u00e9nia BC davant Real Murcia\",\"datePublished\":\"2024-12-09T09:33:55+00:00\",\"dateModified\":\"2024-12-09T10:18:55+00:00\",\"mainEntityOfPage\":{\"@id\":\"https:\\\/\\\/radiolitoral.com\\\/2024\\\/12\\\/derrota-amarga-del-denia-bc-davant-real-murcia\\\/\"},\"wordCount\":562,\"commentCount\":0,\"publisher\":{\"@id\":\"https:\\\/\\\/radiolitoral.com\\\/#organization\"},\"image\":{\"@id\":\"https:\\\/\\\/radiolitoral.com\\\/2024\\\/12\\\/derrota-amarga-del-denia-bc-davant-real-murcia\\\/#primaryimage\"},\"thumbnailUrl\":\"https:\\\/\\\/media.radiolitoral.com\\\/wp-content\\\/uploads\\\/2024\\\/12\\\/09102539\\\/Salto-inicial-ante-R-Murcia.jpg\",\"keywords\":[\"D\u00e9nia B\u00e0squet\",\"D\u00e9nia BC\",\"deportes\",\"Eduardo Clavero\",\"pavell\u00f3 de Joan Fuster\",\"Real M\u00farcia\"],\"articleSection\":[\"Deportes\"],\"inLanguage\":\"ca\",\"potentialAction\":[{\"@type\":\"CommentAction\",\"name\":\"Comment\",\"target\":[\"https:\\\/\\\/radiolitoral.com\\\/2024\\\/12\\\/derrota-amarga-del-denia-bc-davant-real-murcia\\\/#respond\"]}]},{\"@type\":[\"WebPage\",\"ItemPage\"],\"@id\":\"https:\\\/\\\/radiolitoral.com\\\/2024\\\/12\\\/derrota-amarga-del-denia-bc-davant-real-murcia\\\/\",\"url\":\"https:\\\/\\\/radiolitoral.com\\\/2024\\\/12\\\/derrota-amarga-del-denia-bc-davant-real-murcia\\\/\",\"name\":\"Derrota amarga del D\u00e9nia BC davant Real Murcia | R\u00e0dio Litoral\",\"isPartOf\":{\"@id\":\"https:\\\/\\\/radiolitoral.com\\\/#website\"},\"primaryImageOfPage\":{\"@id\":\"https:\\\/\\\/radiolitoral.com\\\/2024\\\/12\\\/derrota-amarga-del-denia-bc-davant-real-murcia\\\/#primaryimage\"},\"image\":{\"@id\":\"https:\\\/\\\/radiolitoral.com\\\/2024\\\/12\\\/derrota-amarga-del-denia-bc-davant-real-murcia\\\/#primaryimage\"},\"thumbnailUrl\":\"https:\\\/\\\/media.radiolitoral.com\\\/wp-content\\\/uploads\\\/2024\\\/12\\\/09102539\\\/Salto-inicial-ante-R-Murcia.jpg\",\"datePublished\":\"2024-12-09T09:33:55+00:00\",\"dateModified\":\"2024-12-09T10:18:55+00:00\",\"description\":\"L'equip que dirigix Eduardo Clavero va ser de m\u00e9s a menys durant el partit i es va estavellar davant una defensa zonalL'equip que dirigix Eduardo Clavero va ser de m\u00e9s a menys durant el partit i es va estavellar davant una defensa zonal\",\"breadcrumb\":{\"@id\":\"https:\\\/\\\/radiolitoral.com\\\/2024\\\/12\\\/derrota-amarga-del-denia-bc-davant-real-murcia\\\/#breadcrumb\"},\"inLanguage\":\"ca\",\"potentialAction\":[{\"@type\":\"ReadAction\",\"target\":[\"https:\\\/\\\/radiolitoral.com\\\/2024\\\/12\\\/derrota-amarga-del-denia-bc-davant-real-murcia\\\/\"]}]},{\"@type\":\"ImageObject\",\"inLanguage\":\"ca\",\"@id\":\"https:\\\/\\\/radiolitoral.com\\\/2024\\\/12\\\/derrota-amarga-del-denia-bc-davant-real-murcia\\\/#primaryimage\",\"url\":\"https:\\\/\\\/media.radiolitoral.com\\\/wp-content\\\/uploads\\\/2024\\\/12\\\/09102539\\\/Salto-inicial-ante-R-Murcia.jpg\",\"contentUrl\":\"https:\\\/\\\/media.radiolitoral.com\\\/wp-content\\\/uploads\\\/2024\\\/12\\\/09102539\\\/Salto-inicial-ante-R-Murcia.jpg\",\"width\":1024,\"height\":659},{\"@type\":\"BreadcrumbList\",\"@id\":\"https:\\\/\\\/radiolitoral.com\\\/2024\\\/12\\\/derrota-amarga-del-denia-bc-davant-real-murcia\\\/#breadcrumb\",\"itemListElement\":[{\"@type\":\"ListItem\",\"position\":1,\"name\":\"Portada\",\"item\":\"https:\\\/\\\/radiolitoral.com\\\/\"},{\"@type\":\"ListItem\",\"position\":2,\"name\":\"Derrota amarga del D\u00e9nia BC davant Real Murcia\"}]},{\"@type\":\"WebSite\",\"@id\":\"https:\\\/\\\/radiolitoral.com\\\/#website\",\"url\":\"https:\\\/\\\/radiolitoral.com\\\/\",\"name\":\"Radio Litoral\",\"description\":\"La radio local de la Marina Alta\",\"publisher\":{\"@id\":\"https:\\\/\\\/radiolitoral.com\\\/#organization\"},\"alternateName\":\"Litoral FM\",\"potentialAction\":[{\"@type\":\"SearchAction\",\"target\":{\"@type\":\"EntryPoint\",\"urlTemplate\":\"https:\\\/\\\/radiolitoral.com\\\/?s={search_term_string}\"},\"query-input\":{\"@type\":\"PropertyValueSpecification\",\"valueRequired\":true,\"valueName\":\"search_term_string\"}}],\"inLanguage\":\"ca\"},{\"@type\":\"Organization\",\"@id\":\"https:\\\/\\\/radiolitoral.com\\\/#organization\",\"name\":\"Radio Litoral\",\"url\":\"https:\\\/\\\/radiolitoral.com\\\/\",\"logo\":{\"@type\":\"ImageObject\",\"inLanguage\":\"ca\",\"@id\":\"https:\\\/\\\/radiolitoral.com\\\/#\\\/schema\\\/logo\\\/image\\\/\",\"url\":\"https:\\\/\\\/media.radiolitoral.com\\\/wp-content\\\/uploads\\\/2023\\\/02\\\/24143238\\\/CL-V-RadioLitoral696.png\",\"contentUrl\":\"https:\\\/\\\/media.radiolitoral.com\\\/wp-content\\\/uploads\\\/2023\\\/02\\\/24143238\\\/CL-V-RadioLitoral696.png\",\"width\":696,\"height\":696,\"caption\":\"Radio Litoral\"},\"image\":{\"@id\":\"https:\\\/\\\/radiolitoral.com\\\/#\\\/schema\\\/logo\\\/image\\\/\"},\"sameAs\":[\"https:\\\/\\\/www.facebook.com\\\/Laradiolitoral\\\/\"]},{\"@type\":\"Person\",\"@id\":\"https:\\\/\\\/radiolitoral.com\\\/#\\\/schema\\\/person\\\/7b1480b5caeb5acdd4ec6379caf62b22\",\"name\":\"Javier Zamora\",\"image\":{\"@type\":\"ImageObject\",\"inLanguage\":\"ca\",\"@id\":\"https:\\\/\\\/secure.gravatar.com\\\/avatar\\\/467a11f6918c7d619c4043fc6fa2d3853053107973f05b6e9c04ea6c4e3a7b3f?s=96&d=mm&r=g\",\"url\":\"https:\\\/\\\/secure.gravatar.com\\\/avatar\\\/467a11f6918c7d619c4043fc6fa2d3853053107973f05b6e9c04ea6c4e3a7b3f?s=96&d=mm&r=g\",\"contentUrl\":\"https:\\\/\\\/secure.gravatar.com\\\/avatar\\\/467a11f6918c7d619c4043fc6fa2d3853053107973f05b6e9c04ea6c4e3a7b3f?s=96&d=mm&r=g\",\"caption\":\"Javier Zamora\"},\"url\":\"https:\\\/\\\/radiolitoral.com\\\/ca\\\/author\\\/javier-zamora\\\/\"}]}<\/script>\n<!-- \/ Yoast SEO plugin. -->","yoast_head_json":{"title":"Derrota amarga del D\u00e9nia BC davant de Real M\u00farcia |","description":"L&#039;equip que dirigeix Eduardo Clavero va ser de m\u00e9s a menys durant el partit i es va estavellar davant una defensa zonal.","robots":{"index":"index","follow":"follow","max-snippet":"max-snippet:-1","max-image-preview":"max-image-preview:large","max-video-preview":"max-video-preview:-1"},"canonical":"https:\/\/radiolitoral.com\/ca\/2024\/12\/derrota-amarga-del-denia-bc-davant-real-murcia\/","og_locale":"ca_ES","og_type":"article","og_title":"Derrota amarga del D\u00e9nia BC davant Real Murcia | R\u00e0dio Litoral","og_description":"L'equip que dirigix Eduardo Clavero va ser de m\u00e9s a menys durant el partit i es va estavellar davant una defensa zonalL'equip que dirigix Eduardo Clavero va ser de m\u00e9s a menys durant el partit i es va estavellar davant una defensa zonal","og_url":"https:\/\/radiolitoral.com\/ca\/2024\/12\/derrota-amarga-del-denia-bc-davant-real-murcia\/","og_site_name":"R\u00e0dio Litoral","article_publisher":"https:\/\/www.facebook.com\/Laradiolitoral\/","article_published_time":"2024-12-09T09:33:55+00:00","article_modified_time":"2024-12-09T10:18:55+00:00","og_image":[{"width":1024,"height":659,"url":"https:\/\/media.radiolitoral.com\/wp-content\/uploads\/2024\/12\/09102539\/Salto-inicial-ante-R-Murcia.jpg","type":"image\/jpeg"}],"author":"Javier Zamora","twitter_card":"summary_large_image","twitter_misc":{"Escrit per":"Javier Zamora","Temps estimat de lectura":"3 minuts"},"schema":{"@context":"https:\/\/schema.org","@graph":[{"@type":"NewsArticle","@id":"https:\/\/radiolitoral.com\/2024\/12\/derrota-amarga-del-denia-bc-davant-real-murcia\/#article","isPartOf":{"@id":"https:\/\/radiolitoral.com\/2024\/12\/derrota-amarga-del-denia-bc-davant-real-murcia\/"},"author":{"name":"Javier Zamora","@id":"https:\/\/radiolitoral.com\/#\/schema\/person\/7b1480b5caeb5acdd4ec6379caf62b22"},"headline":"Derrota amarga del D\u00e9nia BC davant Real Murcia","datePublished":"2024-12-09T09:33:55+00:00","dateModified":"2024-12-09T10:18:55+00:00","mainEntityOfPage":{"@id":"https:\/\/radiolitoral.com\/2024\/12\/derrota-amarga-del-denia-bc-davant-real-murcia\/"},"wordCount":562,"commentCount":0,"publisher":{"@id":"https:\/\/radiolitoral.com\/#organization"},"image":{"@id":"https:\/\/radiolitoral.com\/2024\/12\/derrota-amarga-del-denia-bc-davant-real-murcia\/#primaryimage"},"thumbnailUrl":"https:\/\/media.radiolitoral.com\/wp-content\/uploads\/2024\/12\/09102539\/Salto-inicial-ante-R-Murcia.jpg","keywords":["D\u00e9nia B\u00e0squet","D\u00e9nia BC","deportes","Eduardo Clavero","pavell\u00f3 de Joan Fuster","Real M\u00farcia"],"articleSection":["Deportes"],"inLanguage":"ca","potentialAction":[{"@type":"CommentAction","name":"Comment","target":["https:\/\/radiolitoral.com\/2024\/12\/derrota-amarga-del-denia-bc-davant-real-murcia\/#respond"]}]},{"@type":["WebPage","ItemPage"],"@id":"https:\/\/radiolitoral.com\/2024\/12\/derrota-amarga-del-denia-bc-davant-real-murcia\/","url":"https:\/\/radiolitoral.com\/2024\/12\/derrota-amarga-del-denia-bc-davant-real-murcia\/","name":"Derrota amarga del D\u00e9nia BC davant de Real M\u00farcia |","isPartOf":{"@id":"https:\/\/radiolitoral.com\/#website"},"primaryImageOfPage":{"@id":"https:\/\/radiolitoral.com\/2024\/12\/derrota-amarga-del-denia-bc-davant-real-murcia\/#primaryimage"},"image":{"@id":"https:\/\/radiolitoral.com\/2024\/12\/derrota-amarga-del-denia-bc-davant-real-murcia\/#primaryimage"},"thumbnailUrl":"https:\/\/media.radiolitoral.com\/wp-content\/uploads\/2024\/12\/09102539\/Salto-inicial-ante-R-Murcia.jpg","datePublished":"2024-12-09T09:33:55+00:00","dateModified":"2024-12-09T10:18:55+00:00","description":"L&#039;equip que dirigeix Eduardo Clavero va ser de m\u00e9s a menys durant el partit i es va estavellar davant una defensa zonal.","breadcrumb":{"@id":"https:\/\/radiolitoral.com\/2024\/12\/derrota-amarga-del-denia-bc-davant-real-murcia\/#breadcrumb"},"inLanguage":"ca","potentialAction":[{"@type":"ReadAction","target":["https:\/\/radiolitoral.com\/2024\/12\/derrota-amarga-del-denia-bc-davant-real-murcia\/"]}]},{"@type":"ImageObject","inLanguage":"ca","@id":"https:\/\/radiolitoral.com\/2024\/12\/derrota-amarga-del-denia-bc-davant-real-murcia\/#primaryimage","url":"https:\/\/media.radiolitoral.com\/wp-content\/uploads\/2024\/12\/09102539\/Salto-inicial-ante-R-Murcia.jpg","contentUrl":"https:\/\/media.radiolitoral.com\/wp-content\/uploads\/2024\/12\/09102539\/Salto-inicial-ante-R-Murcia.jpg","width":1024,"height":659},{"@type":"BreadcrumbList","@id":"https:\/\/radiolitoral.com\/2024\/12\/derrota-amarga-del-denia-bc-davant-real-murcia\/#breadcrumb","itemListElement":[{"@type":"ListItem","position":1,"name":"Portada","item":"https:\/\/radiolitoral.com\/"},{"@type":"ListItem","position":2,"name":"Derrota amarga del D\u00e9nia BC davant Real Murcia"}]},{"@type":"WebSite","@id":"https:\/\/radiolitoral.com\/#website","url":"https:\/\/radiolitoral.com\/","name":"R\u00e0dio Litoral","description":"La r\u00e0dio local de la Marina Alta","publisher":{"@id":"https:\/\/radiolitoral.com\/#organization"},"alternateName":"Litoral FM","potentialAction":[{"@type":"SearchAction","target":{"@type":"EntryPoint","urlTemplate":"https:\/\/radiolitoral.com\/?s={search_term_string}"},"query-input":{"@type":"PropertyValueSpecification","valueRequired":true,"valueName":"search_term_string"}}],"inLanguage":"ca"},{"@type":"Organization","@id":"https:\/\/radiolitoral.com\/#organization","name":"R\u00e0dio Litoral","url":"https:\/\/radiolitoral.com\/","logo":{"@type":"ImageObject","inLanguage":"ca","@id":"https:\/\/radiolitoral.com\/#\/schema\/logo\/image\/","url":"https:\/\/media.radiolitoral.com\/wp-content\/uploads\/2023\/02\/24143238\/CL-V-RadioLitoral696.png","contentUrl":"https:\/\/media.radiolitoral.com\/wp-content\/uploads\/2023\/02\/24143238\/CL-V-RadioLitoral696.png","width":696,"height":696,"caption":"Radio Litoral"},"image":{"@id":"https:\/\/radiolitoral.com\/#\/schema\/logo\/image\/"},"sameAs":["https:\/\/www.facebook.com\/Laradiolitoral\/"]},{"@type":"Person","@id":"https:\/\/radiolitoral.com\/#\/schema\/person\/7b1480b5caeb5acdd4ec6379caf62b22","name":"Javier Zamora","image":{"@type":"ImageObject","inLanguage":"ca","@id":"https:\/\/secure.gravatar.com\/avatar\/467a11f6918c7d619c4043fc6fa2d3853053107973f05b6e9c04ea6c4e3a7b3f?s=96&d=mm&r=g","url":"https:\/\/secure.gravatar.com\/avatar\/467a11f6918c7d619c4043fc6fa2d3853053107973f05b6e9c04ea6c4e3a7b3f?s=96&d=mm&r=g","contentUrl":"https:\/\/secure.gravatar.com\/avatar\/467a11f6918c7d619c4043fc6fa2d3853053107973f05b6e9c04ea6c4e3a7b3f?s=96&d=mm&r=g","caption":"Javier Zamora"},"url":"https:\/\/radiolitoral.com\/ca\/author\/javier-zamora\/"}]}},"_links":{"self":[{"href":"https:\/\/radiolitoral.com\/ca\/wp-json\/wp\/v2\/posts\/13629","targetHints":{"allow":["GET"]}}],"collection":[{"href":"https:\/\/radiolitoral.com\/ca\/wp-json\/wp\/v2\/posts"}],"about":[{"href":"https:\/\/radiolitoral.com\/ca\/wp-json\/wp\/v2\/types\/post"}],"author":[{"embeddable":true,"href":"https:\/\/radiolitoral.com\/ca\/wp-json\/wp\/v2\/users\/12"}],"replies":[{"embeddable":true,"href":"https:\/\/radiolitoral.com\/ca\/wp-json\/wp\/v2\/comments?post=13629"}],"version-history":[{"count":2,"href":"https:\/\/radiolitoral.com\/ca\/wp-json\/wp\/v2\/posts\/13629\/revisions"}],"predecessor-version":[{"id":13645,"href":"https:\/\/radiolitoral.com\/ca\/wp-json\/wp\/v2\/posts\/13629\/revisions\/13645"}],"wp:featuredmedia":[{"embeddable":true,"href":"https:\/\/radiolitoral.com\/ca\/wp-json\/wp\/v2\/media\/13631"}],"wp:attachment":[{"href":"https:\/\/radiolitoral.com\/ca\/wp-json\/wp\/v2\/media?parent=13629"}],"wp:term":[{"taxonomy":"category","embeddable":true,"href":"https:\/\/radiolitoral.com\/ca\/wp-json\/wp\/v2\/categories?post=13629"},{"taxonomy":"post_tag","embeddable":true,"href":"https:\/\/radiolitoral.com\/ca\/wp-json\/wp\/v2\/tags?post=13629"}],"curies":[{"name":"wp","href":"https:\/\/api.w.org\/{rel}","templated":true}]}}