{"id":13592,"date":"2024-12-05T12:41:19","date_gmt":"2024-12-05T11:41:19","guid":{"rendered":"https:\/\/radiolitoral.com\/?p=13592"},"modified":"2024-12-05T12:41:19","modified_gmt":"2024-12-05T11:41:19","slug":"bon-paper-del-rcn-calp-en-lautonomic-de-rematle","status":"publish","type":"post","link":"https:\/\/radiolitoral.com\/ca\/2024\/12\/bon-paper-del-rcn-calpe-en-lautonomic-de-rematlo\/","title":{"rendered":"Bon paper del RCN Calp a l&#039;Auton\u00f2mic de Rematl\u00f3"},"content":{"rendered":"<p>El <strong>Reial Club N\u00e0utic Calp<\/strong> va brillar amb llum pr\u00f2pia al <strong>I Campionat Auton\u00f2mic de Rematl\u00f3<\/strong>, celebrat a <strong>Novelda<\/strong>, on es van reunir els millors esportistes de la Comunitat Valenciana. Un total de <strong>30 representants<\/strong> del club calp\u00ed competiran amb un nivell sobresortint a totes les categories, des d&#039;alevins fins a veterans, destacant-se especialment en les proves de llarga dist\u00e0ncia i esprint.<\/p>\n<h4><strong>Prueba de Llarga Dist\u00e0ncia<\/strong><\/h4>\n<p><strong>Subcampeona Auton\u00f2mica<\/strong>: Ainoha Ant\u00f3n Iuga<\/p>\n<p><strong>Tercera Auton\u00f2mica<\/strong>: Paula Ib\u00e1\u00f1ez Villa<\/p>\n<p><strong>Cadet Femen\u00ed<\/strong>:<\/p>\n<p><strong>Subcampeona Auton\u00f2mica<\/strong>: Alba L\u00f3pez Jim\u00e9nez<\/p>\n<h4><strong>Modalitat Sprint<\/strong><\/h4>\n<p><strong>Infantil Femen\u00ed<\/strong>:<\/p>\n<p><strong>Subcampeona Auton\u00f2mica<\/strong>: Ainoha Ant\u00f3n Iuga<\/p>\n<p><strong>Tercera Auton\u00f2mica<\/strong>: Paula Ib\u00e1\u00f1ez Villa<\/p>\n<p><strong>Cadet Femen\u00ed<\/strong>:<\/p>\n<p><strong>Subcampeona Auton\u00f2mica<\/strong>: Alba L\u00f3pez Jim\u00e9nez<\/p>\n<p>Des de la directiva del <strong>Reial Club N\u00e0utic Calp<\/strong> es va felicitar a aquestes joves promeses pel seu esfor\u00e7 i dedicaci\u00f3, que es van veure reflectits en els <strong>extraordinaris resultats<\/strong> obtinguts. Aquestes vict\u00f2ries no nom\u00e9s s\u00f3n un reflex de l&#039;alt nivell competitiu del club, sin\u00f3 tamb\u00e9 de la seva aposta per formar i fomentar nous talents al m\u00f3n del <strong>va rematar<\/strong>.<\/p>\n<p>Aquestes fites col\u00b7lectives i individuals s\u00f3n nom\u00e9s un avan\u00e7 de tot el potencial que continua creixent al <strong>Reial Club N\u00e0utic Calp<\/strong>, que es consolida com un referent en aquest esport a nivell auton\u00f2mic.<\/p>\n<div id='gallery-1' class='gallery galleryid-13592 gallery-columns-3 gallery-size-large'><figure class='gallery-item'>\n\t\t\t<div class='gallery-icon landscape'>\n\t\t\t\t<a href='https:\/\/radiolitoral.com\/ca\/2024\/12\/bon-paper-del-rcn-calpe-en-lautonomic-de-rematlo\/469021643_1104197955043745_1280206234572374194_n\/'><img loading=\"lazy\" decoding=\"async\" width=\"640\" height=\"361\" src=\"https:\/\/media.radiolitoral.com\/wp-content\/uploads\/2024\/12\/05124048\/469021643_1104197955043745_1280206234572374194_n-1024x577.jpg\" class=\"attachment-large size-large\" alt=\"\" srcset=\"https:\/\/media.radiolitoral.com\/wp-content\/uploads\/2024\/12\/05124048\/469021643_1104197955043745_1280206234572374194_n-1024x577.jpg 1024w, https:\/\/media.radiolitoral.com\/wp-content\/uploads\/2024\/12\/05124048\/469021643_1104197955043745_1280206234572374194_n-300x169.jpg 300w, https:\/\/media.radiolitoral.com\/wp-content\/uploads\/2024\/12\/05124048\/469021643_1104197955043745_1280206234572374194_n-768x432.jpg 768w, https:\/\/media.radiolitoral.com\/wp-content\/uploads\/2024\/12\/05124048\/469021643_1104197955043745_1280206234572374194_n-1536x865.jpg 1536w, https:\/\/media.radiolitoral.com\/wp-content\/uploads\/2024\/12\/05124048\/469021643_1104197955043745_1280206234572374194_n-18x10.jpg 18w, https:\/\/media.radiolitoral.com\/wp-content\/uploads\/2024\/12\/05124048\/469021643_1104197955043745_1280206234572374194_n-1000x563.jpg 1000w, https:\/\/media.radiolitoral.com\/wp-content\/uploads\/2024\/12\/05124048\/469021643_1104197955043745_1280206234572374194_n-100x56.jpg 100w, https:\/\/media.radiolitoral.com\/wp-content\/uploads\/2024\/12\/05124048\/469021643_1104197955043745_1280206234572374194_n-200x113.jpg 200w, https:\/\/media.radiolitoral.com\/wp-content\/uploads\/2024\/12\/05124048\/469021643_1104197955043745_1280206234572374194_n.jpg 2048w\" sizes=\"auto, (max-width: 640px) 100vw, 640px\" \/><\/a>\n\t\t\t<\/div><\/figure><figure class='gallery-item'>\n\t\t\t<div class='gallery-icon landscape'>\n\t\t\t\t<a href='https:\/\/radiolitoral.com\/ca\/2024\/12\/bon-paper-del-rcn-calpe-en-lautonomic-de-rematlo\/469038748_1104180631712144_3958947713569252518_n\/'><img loading=\"lazy\" decoding=\"async\" width=\"640\" height=\"427\" src=\"https:\/\/media.radiolitoral.com\/wp-content\/uploads\/2024\/12\/05123959\/469038748_1104180631712144_3958947713569252518_n-1024x683.jpg\" class=\"attachment-large size-large\" alt=\"\" srcset=\"https:\/\/media.radiolitoral.com\/wp-content\/uploads\/2024\/12\/05123959\/469038748_1104180631712144_3958947713569252518_n-1024x683.jpg 1024w, https:\/\/media.radiolitoral.com\/wp-content\/uploads\/2024\/12\/05123959\/469038748_1104180631712144_3958947713569252518_n-300x200.jpg 300w, https:\/\/media.radiolitoral.com\/wp-content\/uploads\/2024\/12\/05123959\/469038748_1104180631712144_3958947713569252518_n-768x512.jpg 768w, https:\/\/media.radiolitoral.com\/wp-content\/uploads\/2024\/12\/05123959\/469038748_1104180631712144_3958947713569252518_n-1536x1024.jpg 1536w, https:\/\/media.radiolitoral.com\/wp-content\/uploads\/2024\/12\/05123959\/469038748_1104180631712144_3958947713569252518_n-18x12.jpg 18w, https:\/\/media.radiolitoral.com\/wp-content\/uploads\/2024\/12\/05123959\/469038748_1104180631712144_3958947713569252518_n-1000x667.jpg 1000w, https:\/\/media.radiolitoral.com\/wp-content\/uploads\/2024\/12\/05123959\/469038748_1104180631712144_3958947713569252518_n-100x67.jpg 100w, https:\/\/media.radiolitoral.com\/wp-content\/uploads\/2024\/12\/05123959\/469038748_1104180631712144_3958947713569252518_n-200x133.jpg 200w, https:\/\/media.radiolitoral.com\/wp-content\/uploads\/2024\/12\/05123959\/469038748_1104180631712144_3958947713569252518_n.jpg 2048w\" sizes=\"auto, (max-width: 640px) 100vw, 640px\" \/><\/a>\n\t\t\t<\/div><\/figure><figure class='gallery-item'>\n\t\t\t<div class='gallery-icon landscape'>\n\t\t\t\t<a href='https:\/\/radiolitoral.com\/ca\/2024\/12\/bon-paper-del-rcn-calpe-en-lautonomic-de-rematlo\/468955969_1104193385044202_1622669114273178125_n\/'><img loading=\"lazy\" decoding=\"async\" width=\"640\" height=\"361\" src=\"https:\/\/media.radiolitoral.com\/wp-content\/uploads\/2024\/12\/05123940\/468955969_1104193385044202_1622669114273178125_n-1024x577.jpg\" class=\"attachment-large size-large\" alt=\"\" srcset=\"https:\/\/media.radiolitoral.com\/wp-content\/uploads\/2024\/12\/05123940\/468955969_1104193385044202_1622669114273178125_n-1024x577.jpg 1024w, https:\/\/media.radiolitoral.com\/wp-content\/uploads\/2024\/12\/05123940\/468955969_1104193385044202_1622669114273178125_n-300x169.jpg 300w, https:\/\/media.radiolitoral.com\/wp-content\/uploads\/2024\/12\/05123940\/468955969_1104193385044202_1622669114273178125_n-768x432.jpg 768w, https:\/\/media.radiolitoral.com\/wp-content\/uploads\/2024\/12\/05123940\/468955969_1104193385044202_1622669114273178125_n-1536x865.jpg 1536w, https:\/\/media.radiolitoral.com\/wp-content\/uploads\/2024\/12\/05123940\/468955969_1104193385044202_1622669114273178125_n-18x10.jpg 18w, https:\/\/media.radiolitoral.com\/wp-content\/uploads\/2024\/12\/05123940\/468955969_1104193385044202_1622669114273178125_n-1000x563.jpg 1000w, https:\/\/media.radiolitoral.com\/wp-content\/uploads\/2024\/12\/05123940\/468955969_1104193385044202_1622669114273178125_n-100x56.jpg 100w, https:\/\/media.radiolitoral.com\/wp-content\/uploads\/2024\/12\/05123940\/468955969_1104193385044202_1622669114273178125_n-200x113.jpg 200w, https:\/\/media.radiolitoral.com\/wp-content\/uploads\/2024\/12\/05123940\/468955969_1104193385044202_1622669114273178125_n.jpg 2048w\" sizes=\"auto, (max-width: 640px) 100vw, 640px\" \/><\/a>\n\t\t\t<\/div><\/figure><figure class='gallery-item'>\n\t\t\t<div class='gallery-icon landscape'>\n\t\t\t\t<a href='https:\/\/radiolitoral.com\/ca\/2024\/12\/bon-paper-del-rcn-calpe-en-lautonomic-de-rematlo\/whatsapp-image-2024-12-03-at-20-04-18-10\/'><img loading=\"lazy\" decoding=\"async\" width=\"640\" height=\"391\" src=\"https:\/\/media.radiolitoral.com\/wp-content\/uploads\/2024\/12\/05123916\/WhatsApp-Image-2024-12-03-at-20.04.18-10-1024x625.jpeg\" class=\"attachment-large size-large\" alt=\"\" srcset=\"https:\/\/media.radiolitoral.com\/wp-content\/uploads\/2024\/12\/05123916\/WhatsApp-Image-2024-12-03-at-20.04.18-10-1024x625.jpeg 1024w, https:\/\/media.radiolitoral.com\/wp-content\/uploads\/2024\/12\/05123916\/WhatsApp-Image-2024-12-03-at-20.04.18-10-300x183.jpeg 300w, https:\/\/media.radiolitoral.com\/wp-content\/uploads\/2024\/12\/05123916\/WhatsApp-Image-2024-12-03-at-20.04.18-10-768x468.jpeg 768w, https:\/\/media.radiolitoral.com\/wp-content\/uploads\/2024\/12\/05123916\/WhatsApp-Image-2024-12-03-at-20.04.18-10-18x12.jpeg 18w, https:\/\/media.radiolitoral.com\/wp-content\/uploads\/2024\/12\/05123916\/WhatsApp-Image-2024-12-03-at-20.04.18-10-1000x610.jpeg 1000w, https:\/\/media.radiolitoral.com\/wp-content\/uploads\/2024\/12\/05123916\/WhatsApp-Image-2024-12-03-at-20.04.18-10-100x61.jpeg 100w, https:\/\/media.radiolitoral.com\/wp-content\/uploads\/2024\/12\/05123916\/WhatsApp-Image-2024-12-03-at-20.04.18-10-200x122.jpeg 200w, https:\/\/media.radiolitoral.com\/wp-content\/uploads\/2024\/12\/05123916\/WhatsApp-Image-2024-12-03-at-20.04.18-10.jpeg 1200w\" sizes=\"auto, (max-width: 640px) 100vw, 640px\" \/><\/a>\n\t\t\t<\/div><\/figure><figure class='gallery-item'>\n\t\t\t<div class='gallery-icon landscape'>\n\t\t\t\t<a href='https:\/\/radiolitoral.com\/ca\/2024\/12\/bon-paper-del-rcn-calpe-en-lautonomic-de-rematlo\/pequenos\/'><img loading=\"lazy\" decoding=\"async\" width=\"640\" height=\"480\" src=\"https:\/\/media.radiolitoral.com\/wp-content\/uploads\/2024\/12\/05123853\/Pequenos-1024x768.jpeg\" class=\"attachment-large size-large\" alt=\"\" srcset=\"https:\/\/media.radiolitoral.com\/wp-content\/uploads\/2024\/12\/05123853\/Pequenos-1024x768.jpeg 1024w, https:\/\/media.radiolitoral.com\/wp-content\/uploads\/2024\/12\/05123853\/Pequenos-300x225.jpeg 300w, https:\/\/media.radiolitoral.com\/wp-content\/uploads\/2024\/12\/05123853\/Pequenos-768x576.jpeg 768w, https:\/\/media.radiolitoral.com\/wp-content\/uploads\/2024\/12\/05123853\/Pequenos-1536x1152.jpeg 1536w, https:\/\/media.radiolitoral.com\/wp-content\/uploads\/2024\/12\/05123853\/Pequenos-16x12.jpeg 16w, https:\/\/media.radiolitoral.com\/wp-content\/uploads\/2024\/12\/05123853\/Pequenos-1000x750.jpeg 1000w, https:\/\/media.radiolitoral.com\/wp-content\/uploads\/2024\/12\/05123853\/Pequenos-100x75.jpeg 100w, https:\/\/media.radiolitoral.com\/wp-content\/uploads\/2024\/12\/05123853\/Pequenos-200x150.jpeg 200w, https:\/\/media.radiolitoral.com\/wp-content\/uploads\/2024\/12\/05123853\/Pequenos.jpeg 1600w\" sizes=\"auto, (max-width: 640px) 100vw, 640px\" \/><\/a>\n\t\t\t<\/div><\/figure><figure class='gallery-item'>\n\t\t\t<div class='gallery-icon landscape'>\n\t\t\t\t<a href='https:\/\/radiolitoral.com\/ca\/2024\/12\/bon-paper-del-rcn-calpe-en-lautonomic-de-rematlo\/mayores\/'><img loading=\"lazy\" decoding=\"async\" width=\"640\" height=\"480\" src=\"https:\/\/media.radiolitoral.com\/wp-content\/uploads\/2024\/12\/05123840\/Mayores-1024x768.jpeg\" class=\"attachment-large size-large\" alt=\"\" srcset=\"https:\/\/media.radiolitoral.com\/wp-content\/uploads\/2024\/12\/05123840\/Mayores-1024x768.jpeg 1024w, https:\/\/media.radiolitoral.com\/wp-content\/uploads\/2024\/12\/05123840\/Mayores-300x225.jpeg 300w, https:\/\/media.radiolitoral.com\/wp-content\/uploads\/2024\/12\/05123840\/Mayores-768x576.jpeg 768w, https:\/\/media.radiolitoral.com\/wp-content\/uploads\/2024\/12\/05123840\/Mayores-1536x1152.jpeg 1536w, https:\/\/media.radiolitoral.com\/wp-content\/uploads\/2024\/12\/05123840\/Mayores-16x12.jpeg 16w, https:\/\/media.radiolitoral.com\/wp-content\/uploads\/2024\/12\/05123840\/Mayores-1000x750.jpeg 1000w, https:\/\/media.radiolitoral.com\/wp-content\/uploads\/2024\/12\/05123840\/Mayores-100x75.jpeg 100w, https:\/\/media.radiolitoral.com\/wp-content\/uploads\/2024\/12\/05123840\/Mayores-200x150.jpeg 200w, https:\/\/media.radiolitoral.com\/wp-content\/uploads\/2024\/12\/05123840\/Mayores.jpeg 1600w\" sizes=\"auto, (max-width: 640px) 100vw, 640px\" \/><\/a>\n\t\t\t<\/div><\/figure><figure class='gallery-item'>\n\t\t\t<div class='gallery-icon landscape'>\n\t\t\t\t<a href='https:\/\/radiolitoral.com\/ca\/2024\/12\/bon-paper-del-rcn-calpe-en-lautonomic-de-rematlo\/calpina-en-el-podio\/'><img loading=\"lazy\" decoding=\"async\" width=\"640\" height=\"361\" src=\"https:\/\/media.radiolitoral.com\/wp-content\/uploads\/2024\/12\/05123830\/Calpina-en-el-podio-1024x577.jpg\" class=\"attachment-large size-large\" alt=\"\" srcset=\"https:\/\/media.radiolitoral.com\/wp-content\/uploads\/2024\/12\/05123830\/Calpina-en-el-podio-1024x577.jpg 1024w, https:\/\/media.radiolitoral.com\/wp-content\/uploads\/2024\/12\/05123830\/Calpina-en-el-podio-300x169.jpg 300w, https:\/\/media.radiolitoral.com\/wp-content\/uploads\/2024\/12\/05123830\/Calpina-en-el-podio-768x432.jpg 768w, https:\/\/media.radiolitoral.com\/wp-content\/uploads\/2024\/12\/05123830\/Calpina-en-el-podio-1536x865.jpg 1536w, https:\/\/media.radiolitoral.com\/wp-content\/uploads\/2024\/12\/05123830\/Calpina-en-el-podio-18x10.jpg 18w, https:\/\/media.radiolitoral.com\/wp-content\/uploads\/2024\/12\/05123830\/Calpina-en-el-podio-1000x563.jpg 1000w, https:\/\/media.radiolitoral.com\/wp-content\/uploads\/2024\/12\/05123830\/Calpina-en-el-podio-100x56.jpg 100w, https:\/\/media.radiolitoral.com\/wp-content\/uploads\/2024\/12\/05123830\/Calpina-en-el-podio-200x113.jpg 200w, https:\/\/media.radiolitoral.com\/wp-content\/uploads\/2024\/12\/05123830\/Calpina-en-el-podio.jpg 2048w\" sizes=\"auto, (max-width: 640px) 100vw, 640px\" \/><\/a>\n\t\t\t<\/div><\/figure><figure class='gallery-item'>\n\t\t\t<div class='gallery-icon landscape'>\n\t\t\t\t<a href='https:\/\/radiolitoral.com\/ca\/2024\/12\/bon-paper-del-rcn-calpe-en-lautonomic-de-rematlo\/469450346_1104194425044098_7969169065481900198_n\/'><img loading=\"lazy\" decoding=\"async\" width=\"640\" height=\"361\" src=\"https:\/\/media.radiolitoral.com\/wp-content\/uploads\/2024\/12\/05123821\/469450346_1104194425044098_7969169065481900198_n-1024x577.jpg\" class=\"attachment-large size-large\" alt=\"\" srcset=\"https:\/\/media.radiolitoral.com\/wp-content\/uploads\/2024\/12\/05123821\/469450346_1104194425044098_7969169065481900198_n-1024x577.jpg 1024w, https:\/\/media.radiolitoral.com\/wp-content\/uploads\/2024\/12\/05123821\/469450346_1104194425044098_7969169065481900198_n-300x169.jpg 300w, https:\/\/media.radiolitoral.com\/wp-content\/uploads\/2024\/12\/05123821\/469450346_1104194425044098_7969169065481900198_n-768x432.jpg 768w, https:\/\/media.radiolitoral.com\/wp-content\/uploads\/2024\/12\/05123821\/469450346_1104194425044098_7969169065481900198_n-1536x865.jpg 1536w, https:\/\/media.radiolitoral.com\/wp-content\/uploads\/2024\/12\/05123821\/469450346_1104194425044098_7969169065481900198_n-18x10.jpg 18w, https:\/\/media.radiolitoral.com\/wp-content\/uploads\/2024\/12\/05123821\/469450346_1104194425044098_7969169065481900198_n-1000x563.jpg 1000w, https:\/\/media.radiolitoral.com\/wp-content\/uploads\/2024\/12\/05123821\/469450346_1104194425044098_7969169065481900198_n-100x56.jpg 100w, https:\/\/media.radiolitoral.com\/wp-content\/uploads\/2024\/12\/05123821\/469450346_1104194425044098_7969169065481900198_n-200x113.jpg 200w, https:\/\/media.radiolitoral.com\/wp-content\/uploads\/2024\/12\/05123821\/469450346_1104194425044098_7969169065481900198_n.jpg 2048w\" sizes=\"auto, (max-width: 640px) 100vw, 640px\" \/><\/a>\n\t\t\t<\/div><\/figure><figure class='gallery-item'>\n\t\t\t<div class='gallery-icon landscape'>\n\t\t\t\t<a href='https:\/\/radiolitoral.com\/ca\/2024\/12\/bon-paper-del-rcn-calpe-en-lautonomic-de-rematlo\/469341753_1104195101710697_8713386533313493171_n\/'><img loading=\"lazy\" decoding=\"async\" width=\"640\" height=\"361\" src=\"https:\/\/media.radiolitoral.com\/wp-content\/uploads\/2024\/12\/05123814\/469341753_1104195101710697_8713386533313493171_n-1024x577.jpg\" class=\"attachment-large size-large\" alt=\"\" srcset=\"https:\/\/media.radiolitoral.com\/wp-content\/uploads\/2024\/12\/05123814\/469341753_1104195101710697_8713386533313493171_n-1024x577.jpg 1024w, https:\/\/media.radiolitoral.com\/wp-content\/uploads\/2024\/12\/05123814\/469341753_1104195101710697_8713386533313493171_n-300x169.jpg 300w, https:\/\/media.radiolitoral.com\/wp-content\/uploads\/2024\/12\/05123814\/469341753_1104195101710697_8713386533313493171_n-768x432.jpg 768w, https:\/\/media.radiolitoral.com\/wp-content\/uploads\/2024\/12\/05123814\/469341753_1104195101710697_8713386533313493171_n-1536x865.jpg 1536w, https:\/\/media.radiolitoral.com\/wp-content\/uploads\/2024\/12\/05123814\/469341753_1104195101710697_8713386533313493171_n-18x10.jpg 18w, https:\/\/media.radiolitoral.com\/wp-content\/uploads\/2024\/12\/05123814\/469341753_1104195101710697_8713386533313493171_n-1000x563.jpg 1000w, https:\/\/media.radiolitoral.com\/wp-content\/uploads\/2024\/12\/05123814\/469341753_1104195101710697_8713386533313493171_n-100x56.jpg 100w, https:\/\/media.radiolitoral.com\/wp-content\/uploads\/2024\/12\/05123814\/469341753_1104195101710697_8713386533313493171_n-200x113.jpg 200w, https:\/\/media.radiolitoral.com\/wp-content\/uploads\/2024\/12\/05123814\/469341753_1104195101710697_8713386533313493171_n.jpg 2048w\" sizes=\"auto, (max-width: 640px) 100vw, 640px\" \/><\/a>\n\t\t\t<\/div><\/figure>\n\t\t<\/div>","protected":false},"excerpt":{"rendered":"<p>El Real Club N\u00e1utico Calpe va brillar amb llum pr\u00f2pia al I Campionat Auton\u00f2mic de Rematl\u00f3, celebrat a Novelda, on es van reunir els millors esportistes de la Comunitat Valenciana. Un total de 30 representants del club calp\u00ed van competir amb un nivell sobresortint en totes les categories, des d\u2019alevins fins a veterans, destacant-se especialment [&#8230;]<\/p>\n<p><a class=\"btn btn-secondary understrap-read-more-link\" href=\"https:\/\/radiolitoral.com\/ca\/2024\/12\/bon-paper-del-rcn-calpe-en-lautonomic-de-rematlo\/\">Continua llegint&#8230;<span class=\"screen-reader-text\"> from Bon paper del RCN Calpe en l&#8217;Auton\u00f2mic de Rematl\u00f3<\/span><\/a><\/p>\n","protected":false},"author":12,"featured_media":13593,"comment_status":"open","ping_status":"closed","sticky":false,"template":"","format":"standard","meta":{"_acf_changed":false,"inline_featured_image":false,"footnotes":""},"categories":[5],"tags":[2938,2940,6,2937,2939,1048],"class_list":["post-13592","post","type-post","status-publish","format-standard","has-post-thumbnail","hentry","category-deportes","tag-ainoha-anton-iuga","tag-alba-lopez-jimenez","tag-deportes","tag-i-campionat-autonomic-de-rematlo","tag-paula-ibanez-villa","tag-real-club-nautico-calpe","cobertura-calp"],"acf":[],"yoast_head":"<!-- This site is optimized with the Yoast SEO plugin v27.5 - https:\/\/yoast.com\/product\/yoast-seo-wordpress\/ -->\n<title>Bon paper del RCN Calpe en l&#039;Auton\u00f2mic de Rematl\u00f3 | R\u00e0dio Litoral<\/title>\n<meta name=\"description\" content=\"Ainoha Ant\u00f3n i Alba L\u00f3pez van ser subcampiones en llarga dist\u00e0ncia i sprint\" \/>\n<meta name=\"robots\" content=\"index, follow, max-snippet:-1, max-image-preview:large, max-video-preview:-1\" \/>\n<link rel=\"canonical\" href=\"https:\/\/radiolitoral.com\/ca\/2024\/12\/bon-paper-del-rcn-calp-en-lautonomic-de-rematle\/\" \/>\n<meta property=\"og:locale\" content=\"ca_ES\" \/>\n<meta property=\"og:type\" content=\"article\" \/>\n<meta property=\"og:title\" content=\"Bon paper del RCN Calpe en l&#039;Auton\u00f2mic de Rematl\u00f3 | R\u00e0dio Litoral\" \/>\n<meta property=\"og:description\" content=\"Ainoha Ant\u00f3n i Alba L\u00f3pez van ser subcampiones en llarga dist\u00e0ncia i sprint\" \/>\n<meta property=\"og:url\" content=\"https:\/\/radiolitoral.com\/ca\/2024\/12\/bon-paper-del-rcn-calp-en-lautonomic-de-rematle\/\" \/>\n<meta property=\"og:site_name\" content=\"R\u00e0dio Litoral\" \/>\n<meta property=\"article:publisher\" content=\"https:\/\/www.facebook.com\/Laradiolitoral\/\" \/>\n<meta property=\"article:published_time\" content=\"2024-12-05T11:41:19+00:00\" \/>\n<meta property=\"og:image\" content=\"https:\/\/media.radiolitoral.com\/wp-content\/uploads\/2024\/12\/05123423\/Podio.jpg\" \/>\n\t<meta property=\"og:image:width\" content=\"2048\" \/>\n\t<meta property=\"og:image:height\" content=\"1153\" \/>\n\t<meta property=\"og:image:type\" content=\"image\/jpeg\" \/>\n<meta name=\"author\" content=\"Javier Zamora\" \/>\n<meta name=\"twitter:card\" content=\"summary_large_image\" \/>\n<meta name=\"twitter:label1\" content=\"Escrit per\" \/>\n\t<meta name=\"twitter:data1\" content=\"Javier Zamora\" \/>\n\t<meta name=\"twitter:label2\" content=\"Temps estimat de lectura\" \/>\n\t<meta name=\"twitter:data2\" content=\"2 minuts\" \/>\n<script type=\"application\/ld+json\" class=\"yoast-schema-graph\">{\"@context\":\"https:\\\/\\\/schema.org\",\"@graph\":[{\"@type\":\"NewsArticle\",\"@id\":\"https:\\\/\\\/radiolitoral.com\\\/2024\\\/12\\\/bon-paper-del-rcn-calpe-en-lautonomic-de-rematlo\\\/#article\",\"isPartOf\":{\"@id\":\"https:\\\/\\\/radiolitoral.com\\\/2024\\\/12\\\/bon-paper-del-rcn-calpe-en-lautonomic-de-rematlo\\\/\"},\"author\":{\"name\":\"Javier Zamora\",\"@id\":\"https:\\\/\\\/radiolitoral.com\\\/#\\\/schema\\\/person\\\/7b1480b5caeb5acdd4ec6379caf62b22\"},\"headline\":\"Bon paper del RCN Calpe en l&#8217;Auton\u00f2mic de Rematl\u00f3\",\"datePublished\":\"2024-12-05T11:41:19+00:00\",\"mainEntityOfPage\":{\"@id\":\"https:\\\/\\\/radiolitoral.com\\\/2024\\\/12\\\/bon-paper-del-rcn-calpe-en-lautonomic-de-rematlo\\\/\"},\"wordCount\":244,\"commentCount\":0,\"publisher\":{\"@id\":\"https:\\\/\\\/radiolitoral.com\\\/#organization\"},\"image\":{\"@id\":\"https:\\\/\\\/radiolitoral.com\\\/2024\\\/12\\\/bon-paper-del-rcn-calpe-en-lautonomic-de-rematlo\\\/#primaryimage\"},\"thumbnailUrl\":\"https:\\\/\\\/media.radiolitoral.com\\\/wp-content\\\/uploads\\\/2024\\\/12\\\/05123423\\\/Podio.jpg\",\"keywords\":[\"Ainoha Ant\u00f3n Iuga\",\"Alba L\u00f3pez Jim\u00e9nez\",\"deportes\",\"I Campionat Auton\u00f2mic de Rematl\u00f3\",\"Paula Ib\u00e1\u00f1ez Villa\",\"Real Club N\u00e1utico Calpe\"],\"articleSection\":[\"Deportes\"],\"inLanguage\":\"ca\",\"potentialAction\":[{\"@type\":\"CommentAction\",\"name\":\"Comment\",\"target\":[\"https:\\\/\\\/radiolitoral.com\\\/2024\\\/12\\\/bon-paper-del-rcn-calpe-en-lautonomic-de-rematlo\\\/#respond\"]}]},{\"@type\":[\"WebPage\",\"ItemPage\"],\"@id\":\"https:\\\/\\\/radiolitoral.com\\\/2024\\\/12\\\/bon-paper-del-rcn-calpe-en-lautonomic-de-rematlo\\\/\",\"url\":\"https:\\\/\\\/radiolitoral.com\\\/2024\\\/12\\\/bon-paper-del-rcn-calpe-en-lautonomic-de-rematlo\\\/\",\"name\":\"Bon paper del RCN Calpe en l'Auton\u00f2mic de Rematl\u00f3 | R\u00e0dio Litoral\",\"isPartOf\":{\"@id\":\"https:\\\/\\\/radiolitoral.com\\\/#website\"},\"primaryImageOfPage\":{\"@id\":\"https:\\\/\\\/radiolitoral.com\\\/2024\\\/12\\\/bon-paper-del-rcn-calpe-en-lautonomic-de-rematlo\\\/#primaryimage\"},\"image\":{\"@id\":\"https:\\\/\\\/radiolitoral.com\\\/2024\\\/12\\\/bon-paper-del-rcn-calpe-en-lautonomic-de-rematlo\\\/#primaryimage\"},\"thumbnailUrl\":\"https:\\\/\\\/media.radiolitoral.com\\\/wp-content\\\/uploads\\\/2024\\\/12\\\/05123423\\\/Podio.jpg\",\"datePublished\":\"2024-12-05T11:41:19+00:00\",\"description\":\"Ainoha Ant\u00f3n i Alba L\u00f3pez van ser subcampiones en llarga dist\u00e0ncia i sprint\",\"breadcrumb\":{\"@id\":\"https:\\\/\\\/radiolitoral.com\\\/2024\\\/12\\\/bon-paper-del-rcn-calpe-en-lautonomic-de-rematlo\\\/#breadcrumb\"},\"inLanguage\":\"ca\",\"potentialAction\":[{\"@type\":\"ReadAction\",\"target\":[\"https:\\\/\\\/radiolitoral.com\\\/2024\\\/12\\\/bon-paper-del-rcn-calpe-en-lautonomic-de-rematlo\\\/\"]}]},{\"@type\":\"ImageObject\",\"inLanguage\":\"ca\",\"@id\":\"https:\\\/\\\/radiolitoral.com\\\/2024\\\/12\\\/bon-paper-del-rcn-calpe-en-lautonomic-de-rematlo\\\/#primaryimage\",\"url\":\"https:\\\/\\\/media.radiolitoral.com\\\/wp-content\\\/uploads\\\/2024\\\/12\\\/05123423\\\/Podio.jpg\",\"contentUrl\":\"https:\\\/\\\/media.radiolitoral.com\\\/wp-content\\\/uploads\\\/2024\\\/12\\\/05123423\\\/Podio.jpg\",\"width\":2048,\"height\":1153},{\"@type\":\"BreadcrumbList\",\"@id\":\"https:\\\/\\\/radiolitoral.com\\\/2024\\\/12\\\/bon-paper-del-rcn-calpe-en-lautonomic-de-rematlo\\\/#breadcrumb\",\"itemListElement\":[{\"@type\":\"ListItem\",\"position\":1,\"name\":\"Portada\",\"item\":\"https:\\\/\\\/radiolitoral.com\\\/\"},{\"@type\":\"ListItem\",\"position\":2,\"name\":\"Bon paper del RCN Calpe en l&#8217;Auton\u00f2mic de Rematl\u00f3\"}]},{\"@type\":\"WebSite\",\"@id\":\"https:\\\/\\\/radiolitoral.com\\\/#website\",\"url\":\"https:\\\/\\\/radiolitoral.com\\\/\",\"name\":\"Radio Litoral\",\"description\":\"La radio local de la Marina Alta\",\"publisher\":{\"@id\":\"https:\\\/\\\/radiolitoral.com\\\/#organization\"},\"alternateName\":\"Litoral FM\",\"potentialAction\":[{\"@type\":\"SearchAction\",\"target\":{\"@type\":\"EntryPoint\",\"urlTemplate\":\"https:\\\/\\\/radiolitoral.com\\\/?s={search_term_string}\"},\"query-input\":{\"@type\":\"PropertyValueSpecification\",\"valueRequired\":true,\"valueName\":\"search_term_string\"}}],\"inLanguage\":\"ca\"},{\"@type\":\"Organization\",\"@id\":\"https:\\\/\\\/radiolitoral.com\\\/#organization\",\"name\":\"Radio Litoral\",\"url\":\"https:\\\/\\\/radiolitoral.com\\\/\",\"logo\":{\"@type\":\"ImageObject\",\"inLanguage\":\"ca\",\"@id\":\"https:\\\/\\\/radiolitoral.com\\\/#\\\/schema\\\/logo\\\/image\\\/\",\"url\":\"https:\\\/\\\/media.radiolitoral.com\\\/wp-content\\\/uploads\\\/2023\\\/02\\\/24143238\\\/CL-V-RadioLitoral696.png\",\"contentUrl\":\"https:\\\/\\\/media.radiolitoral.com\\\/wp-content\\\/uploads\\\/2023\\\/02\\\/24143238\\\/CL-V-RadioLitoral696.png\",\"width\":696,\"height\":696,\"caption\":\"Radio Litoral\"},\"image\":{\"@id\":\"https:\\\/\\\/radiolitoral.com\\\/#\\\/schema\\\/logo\\\/image\\\/\"},\"sameAs\":[\"https:\\\/\\\/www.facebook.com\\\/Laradiolitoral\\\/\"]},{\"@type\":\"Person\",\"@id\":\"https:\\\/\\\/radiolitoral.com\\\/#\\\/schema\\\/person\\\/7b1480b5caeb5acdd4ec6379caf62b22\",\"name\":\"Javier Zamora\",\"image\":{\"@type\":\"ImageObject\",\"inLanguage\":\"ca\",\"@id\":\"https:\\\/\\\/secure.gravatar.com\\\/avatar\\\/467a11f6918c7d619c4043fc6fa2d3853053107973f05b6e9c04ea6c4e3a7b3f?s=96&d=mm&r=g\",\"url\":\"https:\\\/\\\/secure.gravatar.com\\\/avatar\\\/467a11f6918c7d619c4043fc6fa2d3853053107973f05b6e9c04ea6c4e3a7b3f?s=96&d=mm&r=g\",\"contentUrl\":\"https:\\\/\\\/secure.gravatar.com\\\/avatar\\\/467a11f6918c7d619c4043fc6fa2d3853053107973f05b6e9c04ea6c4e3a7b3f?s=96&d=mm&r=g\",\"caption\":\"Javier Zamora\"},\"url\":\"https:\\\/\\\/radiolitoral.com\\\/ca\\\/author\\\/javier-zamora\\\/\"}]}<\/script>\n<!-- \/ Yoast SEO plugin. -->","yoast_head_json":{"title":"Bon paper del RCN Calp a l&#039;Auton\u00f2mic de Rematl\u00f3 | R\u00e0dio Litoral","description":"Ainoha Ant\u00f3n i Alba L\u00f3pez van ser subcampions a llarga dist\u00e0ncia i sprint","robots":{"index":"index","follow":"follow","max-snippet":"max-snippet:-1","max-image-preview":"max-image-preview:large","max-video-preview":"max-video-preview:-1"},"canonical":"https:\/\/radiolitoral.com\/ca\/2024\/12\/bon-paper-del-rcn-calp-en-lautonomic-de-rematle\/","og_locale":"ca_ES","og_type":"article","og_title":"Bon paper del RCN Calpe en l'Auton\u00f2mic de Rematl\u00f3 | R\u00e0dio Litoral","og_description":"Ainoha Ant\u00f3n i Alba L\u00f3pez van ser subcampiones en llarga dist\u00e0ncia i sprint","og_url":"https:\/\/radiolitoral.com\/ca\/2024\/12\/bon-paper-del-rcn-calp-en-lautonomic-de-rematle\/","og_site_name":"R\u00e0dio Litoral","article_publisher":"https:\/\/www.facebook.com\/Laradiolitoral\/","article_published_time":"2024-12-05T11:41:19+00:00","og_image":[{"width":2048,"height":1153,"url":"https:\/\/media.radiolitoral.com\/wp-content\/uploads\/2024\/12\/05123423\/Podio.jpg","type":"image\/jpeg"}],"author":"Javier Zamora","twitter_card":"summary_large_image","twitter_misc":{"Escrit per":"Javier Zamora","Temps estimat de lectura":"2 minuts"},"schema":{"@context":"https:\/\/schema.org","@graph":[{"@type":"NewsArticle","@id":"https:\/\/radiolitoral.com\/2024\/12\/bon-paper-del-rcn-calpe-en-lautonomic-de-rematlo\/#article","isPartOf":{"@id":"https:\/\/radiolitoral.com\/2024\/12\/bon-paper-del-rcn-calpe-en-lautonomic-de-rematlo\/"},"author":{"name":"Javier Zamora","@id":"https:\/\/radiolitoral.com\/#\/schema\/person\/7b1480b5caeb5acdd4ec6379caf62b22"},"headline":"Bon paper del RCN Calpe en l&#8217;Auton\u00f2mic de Rematl\u00f3","datePublished":"2024-12-05T11:41:19+00:00","mainEntityOfPage":{"@id":"https:\/\/radiolitoral.com\/2024\/12\/bon-paper-del-rcn-calpe-en-lautonomic-de-rematlo\/"},"wordCount":244,"commentCount":0,"publisher":{"@id":"https:\/\/radiolitoral.com\/#organization"},"image":{"@id":"https:\/\/radiolitoral.com\/2024\/12\/bon-paper-del-rcn-calpe-en-lautonomic-de-rematlo\/#primaryimage"},"thumbnailUrl":"https:\/\/media.radiolitoral.com\/wp-content\/uploads\/2024\/12\/05123423\/Podio.jpg","keywords":["Ainoha Ant\u00f3n Iuga","Alba L\u00f3pez Jim\u00e9nez","deportes","I Campionat Auton\u00f2mic de Rematl\u00f3","Paula Ib\u00e1\u00f1ez Villa","Real Club N\u00e1utico Calpe"],"articleSection":["Deportes"],"inLanguage":"ca","potentialAction":[{"@type":"CommentAction","name":"Comment","target":["https:\/\/radiolitoral.com\/2024\/12\/bon-paper-del-rcn-calpe-en-lautonomic-de-rematlo\/#respond"]}]},{"@type":["WebPage","ItemPage"],"@id":"https:\/\/radiolitoral.com\/2024\/12\/bon-paper-del-rcn-calpe-en-lautonomic-de-rematlo\/","url":"https:\/\/radiolitoral.com\/2024\/12\/bon-paper-del-rcn-calpe-en-lautonomic-de-rematlo\/","name":"Bon paper del RCN Calp a l&#039;Auton\u00f2mic de Rematl\u00f3 | R\u00e0dio Litoral","isPartOf":{"@id":"https:\/\/radiolitoral.com\/#website"},"primaryImageOfPage":{"@id":"https:\/\/radiolitoral.com\/2024\/12\/bon-paper-del-rcn-calpe-en-lautonomic-de-rematlo\/#primaryimage"},"image":{"@id":"https:\/\/radiolitoral.com\/2024\/12\/bon-paper-del-rcn-calpe-en-lautonomic-de-rematlo\/#primaryimage"},"thumbnailUrl":"https:\/\/media.radiolitoral.com\/wp-content\/uploads\/2024\/12\/05123423\/Podio.jpg","datePublished":"2024-12-05T11:41:19+00:00","description":"Ainoha Ant\u00f3n i Alba L\u00f3pez van ser subcampions a llarga dist\u00e0ncia i sprint","breadcrumb":{"@id":"https:\/\/radiolitoral.com\/2024\/12\/bon-paper-del-rcn-calpe-en-lautonomic-de-rematlo\/#breadcrumb"},"inLanguage":"ca","potentialAction":[{"@type":"ReadAction","target":["https:\/\/radiolitoral.com\/2024\/12\/bon-paper-del-rcn-calpe-en-lautonomic-de-rematlo\/"]}]},{"@type":"ImageObject","inLanguage":"ca","@id":"https:\/\/radiolitoral.com\/2024\/12\/bon-paper-del-rcn-calpe-en-lautonomic-de-rematlo\/#primaryimage","url":"https:\/\/media.radiolitoral.com\/wp-content\/uploads\/2024\/12\/05123423\/Podio.jpg","contentUrl":"https:\/\/media.radiolitoral.com\/wp-content\/uploads\/2024\/12\/05123423\/Podio.jpg","width":2048,"height":1153},{"@type":"BreadcrumbList","@id":"https:\/\/radiolitoral.com\/2024\/12\/bon-paper-del-rcn-calpe-en-lautonomic-de-rematlo\/#breadcrumb","itemListElement":[{"@type":"ListItem","position":1,"name":"Portada","item":"https:\/\/radiolitoral.com\/"},{"@type":"ListItem","position":2,"name":"Bon paper del RCN Calpe en l&#8217;Auton\u00f2mic de Rematl\u00f3"}]},{"@type":"WebSite","@id":"https:\/\/radiolitoral.com\/#website","url":"https:\/\/radiolitoral.com\/","name":"R\u00e0dio Litoral","description":"La r\u00e0dio local de la Marina Alta","publisher":{"@id":"https:\/\/radiolitoral.com\/#organization"},"alternateName":"Litoral FM","potentialAction":[{"@type":"SearchAction","target":{"@type":"EntryPoint","urlTemplate":"https:\/\/radiolitoral.com\/?s={search_term_string}"},"query-input":{"@type":"PropertyValueSpecification","valueRequired":true,"valueName":"search_term_string"}}],"inLanguage":"ca"},{"@type":"Organization","@id":"https:\/\/radiolitoral.com\/#organization","name":"R\u00e0dio Litoral","url":"https:\/\/radiolitoral.com\/","logo":{"@type":"ImageObject","inLanguage":"ca","@id":"https:\/\/radiolitoral.com\/#\/schema\/logo\/image\/","url":"https:\/\/media.radiolitoral.com\/wp-content\/uploads\/2023\/02\/24143238\/CL-V-RadioLitoral696.png","contentUrl":"https:\/\/media.radiolitoral.com\/wp-content\/uploads\/2023\/02\/24143238\/CL-V-RadioLitoral696.png","width":696,"height":696,"caption":"Radio Litoral"},"image":{"@id":"https:\/\/radiolitoral.com\/#\/schema\/logo\/image\/"},"sameAs":["https:\/\/www.facebook.com\/Laradiolitoral\/"]},{"@type":"Person","@id":"https:\/\/radiolitoral.com\/#\/schema\/person\/7b1480b5caeb5acdd4ec6379caf62b22","name":"Javier Zamora","image":{"@type":"ImageObject","inLanguage":"ca","@id":"https:\/\/secure.gravatar.com\/avatar\/467a11f6918c7d619c4043fc6fa2d3853053107973f05b6e9c04ea6c4e3a7b3f?s=96&d=mm&r=g","url":"https:\/\/secure.gravatar.com\/avatar\/467a11f6918c7d619c4043fc6fa2d3853053107973f05b6e9c04ea6c4e3a7b3f?s=96&d=mm&r=g","contentUrl":"https:\/\/secure.gravatar.com\/avatar\/467a11f6918c7d619c4043fc6fa2d3853053107973f05b6e9c04ea6c4e3a7b3f?s=96&d=mm&r=g","caption":"Javier Zamora"},"url":"https:\/\/radiolitoral.com\/ca\/author\/javier-zamora\/"}]}},"_links":{"self":[{"href":"https:\/\/radiolitoral.com\/ca\/wp-json\/wp\/v2\/posts\/13592","targetHints":{"allow":["GET"]}}],"collection":[{"href":"https:\/\/radiolitoral.com\/ca\/wp-json\/wp\/v2\/posts"}],"about":[{"href":"https:\/\/radiolitoral.com\/ca\/wp-json\/wp\/v2\/types\/post"}],"author":[{"embeddable":true,"href":"https:\/\/radiolitoral.com\/ca\/wp-json\/wp\/v2\/users\/12"}],"replies":[{"embeddable":true,"href":"https:\/\/radiolitoral.com\/ca\/wp-json\/wp\/v2\/comments?post=13592"}],"version-history":[{"count":1,"href":"https:\/\/radiolitoral.com\/ca\/wp-json\/wp\/v2\/posts\/13592\/revisions"}],"predecessor-version":[{"id":13604,"href":"https:\/\/radiolitoral.com\/ca\/wp-json\/wp\/v2\/posts\/13592\/revisions\/13604"}],"wp:featuredmedia":[{"embeddable":true,"href":"https:\/\/radiolitoral.com\/ca\/wp-json\/wp\/v2\/media\/13593"}],"wp:attachment":[{"href":"https:\/\/radiolitoral.com\/ca\/wp-json\/wp\/v2\/media?parent=13592"}],"wp:term":[{"taxonomy":"category","embeddable":true,"href":"https:\/\/radiolitoral.com\/ca\/wp-json\/wp\/v2\/categories?post=13592"},{"taxonomy":"post_tag","embeddable":true,"href":"https:\/\/radiolitoral.com\/ca\/wp-json\/wp\/v2\/tags?post=13592"}],"curies":[{"name":"wp","href":"https:\/\/api.w.org\/{rel}","templated":true}]}}