{"id":13569,"date":"2024-12-05T00:03:20","date_gmt":"2024-12-04T23:03:20","guid":{"rendered":"https:\/\/radiolitoral.com\/?p=13569"},"modified":"2024-12-05T00:16:30","modified_gmt":"2024-12-04T23:16:30","slug":"empat-sense-gols-entre-cd-denia-i-hercules-b","status":"publish","type":"post","link":"https:\/\/radiolitoral.com\/ca\/2024\/12\/empat-sense-gols-entre-cd-denia-i-hercules-b\/","title":{"rendered":"Empat sense gols entre CD D\u00e9nia i H\u00e8rcules B"},"content":{"rendered":"<p>El <strong>CD D\u00e9nia<\/strong> i l&#039;<strong><span class=\"hiddenSpellError\">H\u00e8rcules<\/span>\u00a0B<\/strong> van disputar anit el partit corresponent a la jornada 8, que havia quedat ajornat per la <strong>DANA<\/strong>, en un <strong>camp Diego Mena<\/strong> que va registrar una pobre entrada i va patir les conseq\u00fc\u00e8ncies de la humitat, que va afectar el desenvolupament de l&#039;encontre i va deixar congelades les cames dels jugadors de tots dos equips. El resultat final, un empat a zero, va ser el reflex de la manca d&#039;efectivitat ofensiva d&#039;ambdues formacions.<\/p>\n<p>La primera meitat va ser una batalla al centre del camp, amb poc joc directe cap a les \u00e0rees. L&#039;\u00fanica oportunitat destacada va arribar al minut 30, quan\u00a0<span class=\"hiddenSpellError\">Ferran<\/span>\u00a0va disparar fort des de fora de l&#039;\u00e0rea, per\u00f2 la pilota se&#039;n va anar fregant el travesser. Per la\u00a0<span class=\"hiddenSuggestion\">seva<\/span>\u00a0banda, l&#039;<span class=\"hiddenSpellError\">H\u00e8rcules<\/span>\u00a0B tamb\u00e9 va\u00a0<span class=\"hiddenSuggestion\">tenir<\/span>\u00a0la\u00a0<span class=\"hiddenSuggestion\">seva<\/span>\u00a0oportunitat, en una errada defensiva local que permetr\u00e0 a\u00a0<span class=\"hiddenGrammarError\">Peregr\u00ed<\/span> quedar-se sol davant del porter, per\u00f2 el seu xut sortir\u00e0 desviat.<\/p>\n<p>A la segona part, el CD D\u00e9nia va comen\u00e7ar dominant i va intentar posar-se per davant al marcador, per\u00f2 la situaci\u00f3 es va complicar quan\u00a0<span class=\"hiddenSpellError\">\u00d3scar<\/span>\u00a0va ser expulsat per doble targeta groga al minut 65. Amb un jugador menys, els locals van haver de replegar-se davant d&#039;un rival que, tot i l&#039;avantatge num\u00e8ric, no va aconseguir imposar-se. L&#039;H\u00e8rcules B va mantenir una actitud poc ambiciosa i no va saber aprofitar l&#039;ocasi\u00f3\u00a0<span class=\"hiddenGrammarError\">per<\/span>\u00a0atacar amb m\u00e9s intensitat.<\/p>\n<p>L&#039;empat a zero va ser el resultat m\u00e9s just per un partit on cap dels dos equips va obtenir generar ocasions clars per marcar. Amb\u00a0<span class=\"hiddenSuggestion\">aquest<\/span>\u00a0resultat, tant el D\u00e9nia com l&#039;H\u00e8rcules B continuen sense sumar els tres punts, en un encontre marcat per la manca de flu\u00efdesa ofensiva i les condicions dif\u00edcils sobre el terreny de joc.<\/p>","protected":false},"excerpt":{"rendered":"<p>El CD D\u00e9nia i l\u2019H\u00e9rcules\u00a0B van disputar anit\u00a0el partit corresponent a la jornada 8, que havia quedat ajornat per la DANA, en un camp Diego Mena que va registrar una pobra entrada i va patir les conseq\u00fc\u00e8ncies de la humitat, que va afectar el desenvolupament de l\u2019encontre i va deixar congelades les cames dels jugadors [&#8230;]<\/p>\n<p><a class=\"btn btn-secondary understrap-read-more-link\" href=\"https:\/\/radiolitoral.com\/ca\/2024\/12\/empat-sense-gols-entre-cd-denia-i-hercules-b\/\">Continua llegint&#8230;<span class=\"screen-reader-text\"> from Empat sense gols entre CD D\u00e9nia i H\u00e8rcules B<\/span><\/a><\/p>\n","protected":false},"author":12,"featured_media":13570,"comment_status":"open","ping_status":"closed","sticky":false,"template":"","format":"standard","meta":{"_acf_changed":false,"inline_featured_image":false,"footnotes":""},"categories":[5],"tags":[893,6,1333],"class_list":["post-13569","post","type-post","status-publish","format-standard","has-post-thumbnail","hentry","category-deportes","tag-cd-denia","tag-deportes","tag-hercules-b","cobertura-denia"],"acf":[],"yoast_head":"<!-- This site is optimized with the Yoast SEO plugin v27.5 - https:\/\/yoast.com\/product\/yoast-seo-wordpress\/ -->\n<title>Empat sense gols entre CD D\u00e9nia i H\u00e8rcules B | R\u00e0dio Litoral<\/title>\n<meta name=\"description\" content=\"Totes dues formacions es van perdre en una lluita sense control en el centre del camp otes dues formacions es van perdre en una lluita sense control en el centre del camp\" \/>\n<meta name=\"robots\" content=\"index, follow, max-snippet:-1, max-image-preview:large, max-video-preview:-1\" \/>\n<link rel=\"canonical\" href=\"https:\/\/radiolitoral.com\/ca\/2024\/12\/empat-sense-gols-entre-cd-denia-i-hercules-b\/\" \/>\n<meta property=\"og:locale\" content=\"ca_ES\" \/>\n<meta property=\"og:type\" content=\"article\" \/>\n<meta property=\"og:title\" content=\"Empat sense gols entre CD D\u00e9nia i H\u00e8rcules B | R\u00e0dio Litoral\" \/>\n<meta property=\"og:description\" content=\"Totes dues formacions es van perdre en una lluita sense control en el centre del camp otes dues formacions es van perdre en una lluita sense control en el centre del camp\" \/>\n<meta property=\"og:url\" content=\"https:\/\/radiolitoral.com\/ca\/2024\/12\/empat-sense-gols-entre-cd-denia-i-hercules-b\/\" \/>\n<meta property=\"og:site_name\" content=\"R\u00e0dio Litoral\" \/>\n<meta property=\"article:publisher\" content=\"https:\/\/www.facebook.com\/Laradiolitoral\/\" \/>\n<meta property=\"article:published_time\" content=\"2024-12-04T23:03:20+00:00\" \/>\n<meta property=\"article:modified_time\" content=\"2024-12-04T23:16:30+00:00\" \/>\n<meta property=\"og:image\" content=\"https:\/\/media.radiolitoral.com\/wp-content\/uploads\/2024\/12\/04234455\/DSC_0549-scaled.jpg\" \/>\n\t<meta property=\"og:image:width\" content=\"2560\" \/>\n\t<meta property=\"og:image:height\" content=\"1707\" \/>\n\t<meta property=\"og:image:type\" content=\"image\/jpeg\" \/>\n<meta name=\"author\" content=\"Javier Zamora\" \/>\n<meta name=\"twitter:card\" content=\"summary_large_image\" \/>\n<meta name=\"twitter:label1\" content=\"Escrit per\" \/>\n\t<meta name=\"twitter:data1\" content=\"Javier Zamora\" \/>\n\t<meta name=\"twitter:label2\" content=\"Temps estimat de lectura\" \/>\n\t<meta name=\"twitter:data2\" content=\"2 minuts\" \/>\n<script type=\"application\/ld+json\" class=\"yoast-schema-graph\">{\"@context\":\"https:\\\/\\\/schema.org\",\"@graph\":[{\"@type\":\"NewsArticle\",\"@id\":\"https:\\\/\\\/radiolitoral.com\\\/2024\\\/12\\\/empat-sense-gols-entre-cd-denia-i-hercules-b\\\/#article\",\"isPartOf\":{\"@id\":\"https:\\\/\\\/radiolitoral.com\\\/2024\\\/12\\\/empat-sense-gols-entre-cd-denia-i-hercules-b\\\/\"},\"author\":{\"name\":\"Javier Zamora\",\"@id\":\"https:\\\/\\\/radiolitoral.com\\\/#\\\/schema\\\/person\\\/7b1480b5caeb5acdd4ec6379caf62b22\"},\"headline\":\"Empat sense gols entre CD D\u00e9nia i H\u00e8rcules B\",\"datePublished\":\"2024-12-04T23:03:20+00:00\",\"dateModified\":\"2024-12-04T23:16:30+00:00\",\"mainEntityOfPage\":{\"@id\":\"https:\\\/\\\/radiolitoral.com\\\/2024\\\/12\\\/empat-sense-gols-entre-cd-denia-i-hercules-b\\\/\"},\"wordCount\":333,\"commentCount\":0,\"publisher\":{\"@id\":\"https:\\\/\\\/radiolitoral.com\\\/#organization\"},\"image\":{\"@id\":\"https:\\\/\\\/radiolitoral.com\\\/2024\\\/12\\\/empat-sense-gols-entre-cd-denia-i-hercules-b\\\/#primaryimage\"},\"thumbnailUrl\":\"https:\\\/\\\/media.radiolitoral.com\\\/wp-content\\\/uploads\\\/2024\\\/12\\\/04234455\\\/DSC_0549-scaled.jpg\",\"keywords\":[\"CD D\u00e9nia\",\"deportes\",\"H\u00e9rcules B\"],\"articleSection\":[\"Deportes\"],\"inLanguage\":\"ca\",\"potentialAction\":[{\"@type\":\"CommentAction\",\"name\":\"Comment\",\"target\":[\"https:\\\/\\\/radiolitoral.com\\\/2024\\\/12\\\/empat-sense-gols-entre-cd-denia-i-hercules-b\\\/#respond\"]}]},{\"@type\":[\"WebPage\",\"ItemPage\"],\"@id\":\"https:\\\/\\\/radiolitoral.com\\\/2024\\\/12\\\/empat-sense-gols-entre-cd-denia-i-hercules-b\\\/\",\"url\":\"https:\\\/\\\/radiolitoral.com\\\/2024\\\/12\\\/empat-sense-gols-entre-cd-denia-i-hercules-b\\\/\",\"name\":\"Empat sense gols entre CD D\u00e9nia i H\u00e8rcules B | R\u00e0dio Litoral\",\"isPartOf\":{\"@id\":\"https:\\\/\\\/radiolitoral.com\\\/#website\"},\"primaryImageOfPage\":{\"@id\":\"https:\\\/\\\/radiolitoral.com\\\/2024\\\/12\\\/empat-sense-gols-entre-cd-denia-i-hercules-b\\\/#primaryimage\"},\"image\":{\"@id\":\"https:\\\/\\\/radiolitoral.com\\\/2024\\\/12\\\/empat-sense-gols-entre-cd-denia-i-hercules-b\\\/#primaryimage\"},\"thumbnailUrl\":\"https:\\\/\\\/media.radiolitoral.com\\\/wp-content\\\/uploads\\\/2024\\\/12\\\/04234455\\\/DSC_0549-scaled.jpg\",\"datePublished\":\"2024-12-04T23:03:20+00:00\",\"dateModified\":\"2024-12-04T23:16:30+00:00\",\"description\":\"Totes dues formacions es van perdre en una lluita sense control en el centre del camp otes dues formacions es van perdre en una lluita sense control en el centre del camp\",\"breadcrumb\":{\"@id\":\"https:\\\/\\\/radiolitoral.com\\\/2024\\\/12\\\/empat-sense-gols-entre-cd-denia-i-hercules-b\\\/#breadcrumb\"},\"inLanguage\":\"ca\",\"potentialAction\":[{\"@type\":\"ReadAction\",\"target\":[\"https:\\\/\\\/radiolitoral.com\\\/2024\\\/12\\\/empat-sense-gols-entre-cd-denia-i-hercules-b\\\/\"]}]},{\"@type\":\"ImageObject\",\"inLanguage\":\"ca\",\"@id\":\"https:\\\/\\\/radiolitoral.com\\\/2024\\\/12\\\/empat-sense-gols-entre-cd-denia-i-hercules-b\\\/#primaryimage\",\"url\":\"https:\\\/\\\/media.radiolitoral.com\\\/wp-content\\\/uploads\\\/2024\\\/12\\\/04234455\\\/DSC_0549-scaled.jpg\",\"contentUrl\":\"https:\\\/\\\/media.radiolitoral.com\\\/wp-content\\\/uploads\\\/2024\\\/12\\\/04234455\\\/DSC_0549-scaled.jpg\",\"width\":2560,\"height\":1707},{\"@type\":\"BreadcrumbList\",\"@id\":\"https:\\\/\\\/radiolitoral.com\\\/2024\\\/12\\\/empat-sense-gols-entre-cd-denia-i-hercules-b\\\/#breadcrumb\",\"itemListElement\":[{\"@type\":\"ListItem\",\"position\":1,\"name\":\"Portada\",\"item\":\"https:\\\/\\\/radiolitoral.com\\\/\"},{\"@type\":\"ListItem\",\"position\":2,\"name\":\"Empat sense gols entre CD D\u00e9nia i H\u00e8rcules B\"}]},{\"@type\":\"WebSite\",\"@id\":\"https:\\\/\\\/radiolitoral.com\\\/#website\",\"url\":\"https:\\\/\\\/radiolitoral.com\\\/\",\"name\":\"Radio Litoral\",\"description\":\"La radio local de la Marina Alta\",\"publisher\":{\"@id\":\"https:\\\/\\\/radiolitoral.com\\\/#organization\"},\"alternateName\":\"Litoral FM\",\"potentialAction\":[{\"@type\":\"SearchAction\",\"target\":{\"@type\":\"EntryPoint\",\"urlTemplate\":\"https:\\\/\\\/radiolitoral.com\\\/?s={search_term_string}\"},\"query-input\":{\"@type\":\"PropertyValueSpecification\",\"valueRequired\":true,\"valueName\":\"search_term_string\"}}],\"inLanguage\":\"ca\"},{\"@type\":\"Organization\",\"@id\":\"https:\\\/\\\/radiolitoral.com\\\/#organization\",\"name\":\"Radio Litoral\",\"url\":\"https:\\\/\\\/radiolitoral.com\\\/\",\"logo\":{\"@type\":\"ImageObject\",\"inLanguage\":\"ca\",\"@id\":\"https:\\\/\\\/radiolitoral.com\\\/#\\\/schema\\\/logo\\\/image\\\/\",\"url\":\"https:\\\/\\\/media.radiolitoral.com\\\/wp-content\\\/uploads\\\/2023\\\/02\\\/24143238\\\/CL-V-RadioLitoral696.png\",\"contentUrl\":\"https:\\\/\\\/media.radiolitoral.com\\\/wp-content\\\/uploads\\\/2023\\\/02\\\/24143238\\\/CL-V-RadioLitoral696.png\",\"width\":696,\"height\":696,\"caption\":\"Radio Litoral\"},\"image\":{\"@id\":\"https:\\\/\\\/radiolitoral.com\\\/#\\\/schema\\\/logo\\\/image\\\/\"},\"sameAs\":[\"https:\\\/\\\/www.facebook.com\\\/Laradiolitoral\\\/\"]},{\"@type\":\"Person\",\"@id\":\"https:\\\/\\\/radiolitoral.com\\\/#\\\/schema\\\/person\\\/7b1480b5caeb5acdd4ec6379caf62b22\",\"name\":\"Javier Zamora\",\"image\":{\"@type\":\"ImageObject\",\"inLanguage\":\"ca\",\"@id\":\"https:\\\/\\\/secure.gravatar.com\\\/avatar\\\/467a11f6918c7d619c4043fc6fa2d3853053107973f05b6e9c04ea6c4e3a7b3f?s=96&d=mm&r=g\",\"url\":\"https:\\\/\\\/secure.gravatar.com\\\/avatar\\\/467a11f6918c7d619c4043fc6fa2d3853053107973f05b6e9c04ea6c4e3a7b3f?s=96&d=mm&r=g\",\"contentUrl\":\"https:\\\/\\\/secure.gravatar.com\\\/avatar\\\/467a11f6918c7d619c4043fc6fa2d3853053107973f05b6e9c04ea6c4e3a7b3f?s=96&d=mm&r=g\",\"caption\":\"Javier Zamora\"},\"url\":\"https:\\\/\\\/radiolitoral.com\\\/ca\\\/author\\\/javier-zamora\\\/\"}]}<\/script>\n<!-- \/ Yoast SEO plugin. -->","yoast_head_json":{"title":"Empat sense gols entre CD D\u00e9nia i H\u00e8rcules B | R\u00e0dio Litoral","description":"Totes dues formacions es van perdre en una lluita sense control al centre del camp otes dues formacions es van perdre en una lluita sense control al centre del camp","robots":{"index":"index","follow":"follow","max-snippet":"max-snippet:-1","max-image-preview":"max-image-preview:large","max-video-preview":"max-video-preview:-1"},"canonical":"https:\/\/radiolitoral.com\/ca\/2024\/12\/empat-sense-gols-entre-cd-denia-i-hercules-b\/","og_locale":"ca_ES","og_type":"article","og_title":"Empat sense gols entre CD D\u00e9nia i H\u00e8rcules B | R\u00e0dio Litoral","og_description":"Totes dues formacions es van perdre en una lluita sense control en el centre del camp otes dues formacions es van perdre en una lluita sense control en el centre del camp","og_url":"https:\/\/radiolitoral.com\/ca\/2024\/12\/empat-sense-gols-entre-cd-denia-i-hercules-b\/","og_site_name":"R\u00e0dio Litoral","article_publisher":"https:\/\/www.facebook.com\/Laradiolitoral\/","article_published_time":"2024-12-04T23:03:20+00:00","article_modified_time":"2024-12-04T23:16:30+00:00","og_image":[{"width":2560,"height":1707,"url":"https:\/\/media.radiolitoral.com\/wp-content\/uploads\/2024\/12\/04234455\/DSC_0549-scaled.jpg","type":"image\/jpeg"}],"author":"Javier Zamora","twitter_card":"summary_large_image","twitter_misc":{"Escrit per":"Javier Zamora","Temps estimat de lectura":"2 minuts"},"schema":{"@context":"https:\/\/schema.org","@graph":[{"@type":"NewsArticle","@id":"https:\/\/radiolitoral.com\/2024\/12\/empat-sense-gols-entre-cd-denia-i-hercules-b\/#article","isPartOf":{"@id":"https:\/\/radiolitoral.com\/2024\/12\/empat-sense-gols-entre-cd-denia-i-hercules-b\/"},"author":{"name":"Javier Zamora","@id":"https:\/\/radiolitoral.com\/#\/schema\/person\/7b1480b5caeb5acdd4ec6379caf62b22"},"headline":"Empat sense gols entre CD D\u00e9nia i H\u00e8rcules B","datePublished":"2024-12-04T23:03:20+00:00","dateModified":"2024-12-04T23:16:30+00:00","mainEntityOfPage":{"@id":"https:\/\/radiolitoral.com\/2024\/12\/empat-sense-gols-entre-cd-denia-i-hercules-b\/"},"wordCount":333,"commentCount":0,"publisher":{"@id":"https:\/\/radiolitoral.com\/#organization"},"image":{"@id":"https:\/\/radiolitoral.com\/2024\/12\/empat-sense-gols-entre-cd-denia-i-hercules-b\/#primaryimage"},"thumbnailUrl":"https:\/\/media.radiolitoral.com\/wp-content\/uploads\/2024\/12\/04234455\/DSC_0549-scaled.jpg","keywords":["CD D\u00e9nia","deportes","H\u00e9rcules B"],"articleSection":["Deportes"],"inLanguage":"ca","potentialAction":[{"@type":"CommentAction","name":"Comment","target":["https:\/\/radiolitoral.com\/2024\/12\/empat-sense-gols-entre-cd-denia-i-hercules-b\/#respond"]}]},{"@type":["WebPage","ItemPage"],"@id":"https:\/\/radiolitoral.com\/2024\/12\/empat-sense-gols-entre-cd-denia-i-hercules-b\/","url":"https:\/\/radiolitoral.com\/2024\/12\/empat-sense-gols-entre-cd-denia-i-hercules-b\/","name":"Empat sense gols entre CD D\u00e9nia i H\u00e8rcules B | R\u00e0dio Litoral","isPartOf":{"@id":"https:\/\/radiolitoral.com\/#website"},"primaryImageOfPage":{"@id":"https:\/\/radiolitoral.com\/2024\/12\/empat-sense-gols-entre-cd-denia-i-hercules-b\/#primaryimage"},"image":{"@id":"https:\/\/radiolitoral.com\/2024\/12\/empat-sense-gols-entre-cd-denia-i-hercules-b\/#primaryimage"},"thumbnailUrl":"https:\/\/media.radiolitoral.com\/wp-content\/uploads\/2024\/12\/04234455\/DSC_0549-scaled.jpg","datePublished":"2024-12-04T23:03:20+00:00","dateModified":"2024-12-04T23:16:30+00:00","description":"Totes dues formacions es van perdre en una lluita sense control al centre del camp otes dues formacions es van perdre en una lluita sense control al centre del camp","breadcrumb":{"@id":"https:\/\/radiolitoral.com\/2024\/12\/empat-sense-gols-entre-cd-denia-i-hercules-b\/#breadcrumb"},"inLanguage":"ca","potentialAction":[{"@type":"ReadAction","target":["https:\/\/radiolitoral.com\/2024\/12\/empat-sense-gols-entre-cd-denia-i-hercules-b\/"]}]},{"@type":"ImageObject","inLanguage":"ca","@id":"https:\/\/radiolitoral.com\/2024\/12\/empat-sense-gols-entre-cd-denia-i-hercules-b\/#primaryimage","url":"https:\/\/media.radiolitoral.com\/wp-content\/uploads\/2024\/12\/04234455\/DSC_0549-scaled.jpg","contentUrl":"https:\/\/media.radiolitoral.com\/wp-content\/uploads\/2024\/12\/04234455\/DSC_0549-scaled.jpg","width":2560,"height":1707},{"@type":"BreadcrumbList","@id":"https:\/\/radiolitoral.com\/2024\/12\/empat-sense-gols-entre-cd-denia-i-hercules-b\/#breadcrumb","itemListElement":[{"@type":"ListItem","position":1,"name":"Portada","item":"https:\/\/radiolitoral.com\/"},{"@type":"ListItem","position":2,"name":"Empat sense gols entre CD D\u00e9nia i H\u00e8rcules B"}]},{"@type":"WebSite","@id":"https:\/\/radiolitoral.com\/#website","url":"https:\/\/radiolitoral.com\/","name":"R\u00e0dio Litoral","description":"La r\u00e0dio local de la Marina Alta","publisher":{"@id":"https:\/\/radiolitoral.com\/#organization"},"alternateName":"Litoral FM","potentialAction":[{"@type":"SearchAction","target":{"@type":"EntryPoint","urlTemplate":"https:\/\/radiolitoral.com\/?s={search_term_string}"},"query-input":{"@type":"PropertyValueSpecification","valueRequired":true,"valueName":"search_term_string"}}],"inLanguage":"ca"},{"@type":"Organization","@id":"https:\/\/radiolitoral.com\/#organization","name":"R\u00e0dio Litoral","url":"https:\/\/radiolitoral.com\/","logo":{"@type":"ImageObject","inLanguage":"ca","@id":"https:\/\/radiolitoral.com\/#\/schema\/logo\/image\/","url":"https:\/\/media.radiolitoral.com\/wp-content\/uploads\/2023\/02\/24143238\/CL-V-RadioLitoral696.png","contentUrl":"https:\/\/media.radiolitoral.com\/wp-content\/uploads\/2023\/02\/24143238\/CL-V-RadioLitoral696.png","width":696,"height":696,"caption":"Radio Litoral"},"image":{"@id":"https:\/\/radiolitoral.com\/#\/schema\/logo\/image\/"},"sameAs":["https:\/\/www.facebook.com\/Laradiolitoral\/"]},{"@type":"Person","@id":"https:\/\/radiolitoral.com\/#\/schema\/person\/7b1480b5caeb5acdd4ec6379caf62b22","name":"Javier Zamora","image":{"@type":"ImageObject","inLanguage":"ca","@id":"https:\/\/secure.gravatar.com\/avatar\/467a11f6918c7d619c4043fc6fa2d3853053107973f05b6e9c04ea6c4e3a7b3f?s=96&d=mm&r=g","url":"https:\/\/secure.gravatar.com\/avatar\/467a11f6918c7d619c4043fc6fa2d3853053107973f05b6e9c04ea6c4e3a7b3f?s=96&d=mm&r=g","contentUrl":"https:\/\/secure.gravatar.com\/avatar\/467a11f6918c7d619c4043fc6fa2d3853053107973f05b6e9c04ea6c4e3a7b3f?s=96&d=mm&r=g","caption":"Javier Zamora"},"url":"https:\/\/radiolitoral.com\/ca\/author\/javier-zamora\/"}]}},"_links":{"self":[{"href":"https:\/\/radiolitoral.com\/ca\/wp-json\/wp\/v2\/posts\/13569","targetHints":{"allow":["GET"]}}],"collection":[{"href":"https:\/\/radiolitoral.com\/ca\/wp-json\/wp\/v2\/posts"}],"about":[{"href":"https:\/\/radiolitoral.com\/ca\/wp-json\/wp\/v2\/types\/post"}],"author":[{"embeddable":true,"href":"https:\/\/radiolitoral.com\/ca\/wp-json\/wp\/v2\/users\/12"}],"replies":[{"embeddable":true,"href":"https:\/\/radiolitoral.com\/ca\/wp-json\/wp\/v2\/comments?post=13569"}],"version-history":[{"count":4,"href":"https:\/\/radiolitoral.com\/ca\/wp-json\/wp\/v2\/posts\/13569\/revisions"}],"predecessor-version":[{"id":13575,"href":"https:\/\/radiolitoral.com\/ca\/wp-json\/wp\/v2\/posts\/13569\/revisions\/13575"}],"wp:featuredmedia":[{"embeddable":true,"href":"https:\/\/radiolitoral.com\/ca\/wp-json\/wp\/v2\/media\/13570"}],"wp:attachment":[{"href":"https:\/\/radiolitoral.com\/ca\/wp-json\/wp\/v2\/media?parent=13569"}],"wp:term":[{"taxonomy":"category","embeddable":true,"href":"https:\/\/radiolitoral.com\/ca\/wp-json\/wp\/v2\/categories?post=13569"},{"taxonomy":"post_tag","embeddable":true,"href":"https:\/\/radiolitoral.com\/ca\/wp-json\/wp\/v2\/tags?post=13569"}],"curies":[{"name":"wp","href":"https:\/\/api.w.org\/{rel}","templated":true}]}}