{"id":13565,"date":"2024-12-04T19:54:22","date_gmt":"2024-12-04T18:54:22","guid":{"rendered":"https:\/\/radiolitoral.com\/?p=13565"},"modified":"2024-12-05T12:23:16","modified_gmt":"2024-12-05T11:23:16","slug":"pspv-centre-salut-teulada-moraira","status":"publish","type":"post","link":"https:\/\/radiolitoral.com\/ca\/2024\/12\/pspv-centro-salud-teulada-moraira\/","title":{"rendered":"PSPV Teuldada: \u00abPosar-se enferm Teulada \u00e9s una q\u00fcesti\u00f3 d&#039;agenda\u00bb"},"content":{"rendered":"<p>\u00ab\u00c9s un silenci a veus el problema que tenim als Centres M\u00e8dics\u00bb. Aix\u00ed arrenca el comunicat que el\u00a0<strong>PSPV-PSOE<\/strong>\u00a0de Teulada Moraira ha compartit sobre\u00a0<strong>l&#039;estat de la sanitat p\u00fablica a la localitat<\/strong>.<\/p>\n<p>Asseguren que despr\u00e9s de la jubilaci\u00f3 de dos doctors, i la propera d&#039;una tercera, la\u00a0<strong>manca de personal sanitari<\/strong>\u00a0\u00e9s un dels problemes m\u00e9s agreujants del municipi. El Centre M\u00e8dic de Teulada continua amb llargues llistes d&#039;espera i des dels socialistes asseguren que \u00abposar-se enferm a Teulada \u00e9s una q\u00fcesti\u00f3 d&#039;agenda\u00bb.<\/p>\n<p>Aqu\u00ed pots llegir el comunicat \u00edntegre:<\/p>\n<p>\u00ab\u00c9s un silenci a crits el problema que tenim als Centres M\u00e8dics de Teulada Moraira (perqu\u00e8 ning\u00fa no ho diu en veu alta, per\u00f2 tothom \u00e9s queixa\u2026 a \u00abpetit comit\u00e8\u00bb). Des de l&#039;estiu passat falten metges de fam\u00edlia al Centre M\u00e8dic de Teulada. A partir de juliol, els doctors que ocupin la pla\u00e7a de medicina general a Teulada gaudeixen de les seves ben merescudes vacances, com cada estiu. Per\u00f2 sembla que ning\u00fa ho sap, ja que faltin els substituts repetidament cada any.<\/p>\n<p>Ara, per q\u00fcestions de la vida, ha arribat per a les dues facultatives locals la seva m\u00e9s que merescuda jubilaci\u00f3, despr\u00e9s d&#039;una vida dedicada a cuidar la salut de tots els habitants de Teulada Moraira. malalt a Teulada Moraira \u00e9s una q\u00fcesti\u00f3 d&#039;agenda, ja que per la manca de substituts continuem amb UN SOL metge de medicina general per a tots els habitants de Teulada.<\/p>\n<p>Segons algunes informacions, la titular de la pla\u00e7a de pediatria al Centre M\u00e8dic de Teulada tamb\u00e9 t\u00e9 a prop la seva tan merescuda jubilaci\u00f3, i per tant ens quedarem sense servei de medicina pedi\u00e0trica per als nostres menors.<\/p>\n<p>Quan la gesti\u00f3 de la sanitat a la Marina Alta estava a c\u00e0rrec de Marina Salut durant l&#039;\u00e8poca estival, patim repetidament el problema de la manca de facultatius al Centre M\u00e8dic de Teulada perqu\u00e8, com hem dit abans, els doctors gaudien de les seves vacances i l&#039;empresa adjudicat\u00e0ria de la gesti\u00f3 de Marina Salut no contractava substituts amb l&#039;excusa de la manca de pressupost.<\/p>\n<p>En aquest cas, recordarem que GR\u00c0CIES al govern del Bot\u00e0nic amb Ximo Puig com a president de la Generalitat Valenciana, es va revertir la gesti\u00f3 de la sanitat de privada a p\u00fablica, per la qual cosa la contractaci\u00f3 de nous facultatius, metges, infermers\/es , etc., fins i tot per substitucions temporals o fixes, \u00e9s responsabilitat de la Generalitat Valenciana, que recordem que ara est\u00e0 governada pel PP amb Carlos Maz\u00f3n com a president.<\/p>\n<p>\u00c9s cert que a l&#039;Hospital de la Marina Alta s&#039;han contractat una trentena de persones per cobrir algunes de les places que aquest estiu es van quedar sense personal, amb la qual cosa es va haver d&#039;ajornar visites, revisions i fins i tot. totes les operacions quir\u00fargiques, que han hagut d&#039;esperar fins al vespre per comen\u00e7ar a cridar els pacients i posar-se al dia. No cal dir que l&#039;Hospital Marina Alta continua amb una llista d&#039;espera que es fa eterna per a molts, ja que la manca de metges especialistes continua sent un problema m\u00e9s que greu.<\/p>\n<p>L&#039;APP de la Generalitat Valenciana per gestionar tot el relacionat amb visites m\u00e8diques i receptes directament et diu que has de trucar o acudir presencialment al Centre M\u00e8dic si vols una cita de medicina general. Si et poses malalt, et manen directament al servei d&#039;urg\u00e8ncies, perqu\u00e8 l&#039;\u00daNIC METGE que hi ha al Centre M\u00e8dic de Teulada no d\u00f3na a l&#039;abast amb el volum de pacients que ha d&#039;atendre, mentre esperem els\/les substituts \/es per cobrir les places vacants per jubilaci\u00f3.<\/p>\n<p>Com hem vingut dient, portem mesos aix\u00ed i ara estem a ple hivern, amb el que les recaigudes de COVID, grip, ratetes, angines, etc. col\u00b7lapsen normalment els nostres centres m\u00e8dics, sense oblidar que el personal facultatiu est\u00e0 al l\u00edmit o treballant amb m\u00ednims.<\/p>\n<p>Sabem que les places a cobrir han de fer-se mitjan\u00e7ant un examen d&#039;oposici\u00f3 per a pla\u00e7a fixa, ja que s\u00f3n funcionaris de l&#039;estat, per\u00f2 que no ens venguin la moto\u2026 existeix una bossa de treball amb facultatius per cobrir substitucions amb contractes interins.<\/p>\n<p><strong>IMPORTANT RECORDAR:<\/strong>\u00a0Les compet\u00e8ncies a:<\/p>\n<ul>\n<li><strong>SANITAT<\/strong><\/li>\n<li><strong>FEINA\/ATUR<\/strong><\/li>\n<li><strong>EMERG\u00c8NCIES<\/strong><\/li>\n<li><strong>EDUCACI\u00d3<\/strong><\/li>\n<\/ul>\n<p>S\u00f3n EXCLUSIVES de la Generalitat Valenciana i, per tant, del partit al govern resultat de les eleccions democr\u00e0tiques. Des de juliol del 2023, qui ostenta el govern de la Generalitat Valenciana \u00e9s el PP amb Carlos Maz\u00f3n al capdavant.<\/p>\n<p>Qui va donar la gesti\u00f3 a empreses privades de l&#039;Hospital Comarcal constru\u00eft amb diners p\u00fablics, amb tot el material necessari per al seu correcte funcionament tamb\u00e9 pagat amb diners p\u00fablics, i amb un contracte que deia que si l&#039;empresa presentava p\u00e8rdues era la Generalitat qui havia d&#039;afrontar els impagaments, va ser el PP el 2006. La reversi\u00f3 de privat a p\u00fablic la va aconseguir Ximo Puig (PSPV-PSOE) el 2023.<\/p>\n<p>Qui est\u00e0 incomplint les seves obligacions (de nou, o no\u2026) cap als habitants de la Marina Alta, i en concret amb els de Teulada Moraira (malgrat el que li agrada al Sr. Maz\u00f3n venir a Moraira a gaudir, paraules textuals), \u00e9s el govern del PP des de juliol de 2023.<\/p>\n<p>Clarament, veient la gesti\u00f3 que estan fent amb altres problemes m\u00e9s greus a la comunitat aut\u00f2noma, la situaci\u00f3 sembla que va per llarg.<\/p>\n<p>I tot aix\u00f2\u2026 qu\u00e8 t\u00e9 a dir el nostre alcalde, el Sr. Ra\u00fal Llobell, tamb\u00e9 del PP?<br \/>\n<strong>RES<\/strong>, sobre el problema de gesti\u00f3 sanit\u00e0ria que tenim a Teulada, el Sr. Ra\u00fal Llobell no ha dit\u00a0<strong>RES<\/strong>. B\u00e9, sempre te la possibilitat de llen\u00e7ar-li la culpa a Pedro S\u00e1nchez, com ja ens te acostumats\u00bb.<\/p>\n<p><strong>PSPV-PSOE Teulada Moraira<\/strong><\/p>","protected":false},"excerpt":{"rendered":"<p>\u00ab\u00c9s un silenci a veus el problema que tenim en els Centres M\u00e8dics\u00bb. Aix\u00ed arranca el comunicat que el\u00a0PSPV-PSOE\u00a0de Teulada Moraira ha compartit sobre\u00a0l\u2019estat de la sanitat p\u00fablica en la localitat. Asseguren que despr\u00e9s de la jubilaci\u00f3 de dos doctores, i la pr\u00f2xima d\u2019una tercera, la\u00a0falta de personal sanitari\u00a0\u00e9s un dels problemes m\u00e9s agreujants del [&#8230;]<\/p>\n<p><a class=\"btn btn-secondary understrap-read-more-link\" href=\"https:\/\/radiolitoral.com\/ca\/2024\/12\/pspv-centro-salud-teulada-moraira\/\">Continua llegint&#8230;<span class=\"screen-reader-text\"> from PSPV Teuldada: \u00abPosar-se malalt a Teulada \u00e9s una q\u00fcesti\u00f3 d\u2019agenda\u00bb<\/span><\/a><\/p>\n","protected":false},"author":14,"featured_media":13591,"comment_status":"open","ping_status":"closed","sticky":false,"template":"","format":"standard","meta":{"_acf_changed":false,"inline_featured_image":false,"footnotes":""},"categories":[380],"tags":[2932,2933,65,146],"class_list":["post-13565","post","type-post","status-publish","format-standard","has-post-thumbnail","hentry","category-sanidad","tag-centro-medico-teulada","tag-pspv-teulada","tag-sanidad","tag-teulada","cobertura-teulada-moraira"],"acf":[],"yoast_head":"<!-- This site is optimized with the Yoast SEO plugin v27.5 - https:\/\/yoast.com\/product\/yoast-seo-wordpress\/ -->\n<title>PSPV Teuldada: \u00abPosar-se malalt a Teulada \u00e9s una q\u00fcesti\u00f3 d\u2019agenda\u00bb | R\u00e0dio Litoral<\/title>\n<meta name=\"description\" content=\"Els socialistes exposen la falta de facultatius en la localitat despr\u00e9s de diverses jubilacions\" \/>\n<meta name=\"robots\" content=\"index, follow, max-snippet:-1, max-image-preview:large, max-video-preview:-1\" \/>\n<link rel=\"canonical\" href=\"https:\/\/radiolitoral.com\/ca\/2024\/12\/pspv-centre-salut-teulada-moraira\/\" \/>\n<meta property=\"og:locale\" content=\"ca_ES\" \/>\n<meta property=\"og:type\" content=\"article\" \/>\n<meta property=\"og:title\" content=\"PSPV Teuldada: \u00abPosar-se malalt a Teulada \u00e9s una q\u00fcesti\u00f3 d\u2019agenda\u00bb | R\u00e0dio Litoral\" \/>\n<meta property=\"og:description\" content=\"Els socialistes exposen la falta de facultatius en la localitat despr\u00e9s de diverses jubilacions\" \/>\n<meta property=\"og:url\" content=\"https:\/\/radiolitoral.com\/ca\/2024\/12\/pspv-centre-salut-teulada-moraira\/\" \/>\n<meta property=\"og:site_name\" content=\"R\u00e0dio Litoral\" \/>\n<meta property=\"article:publisher\" content=\"https:\/\/www.facebook.com\/Laradiolitoral\/\" \/>\n<meta property=\"article:published_time\" content=\"2024-12-04T18:54:22+00:00\" \/>\n<meta property=\"article:modified_time\" content=\"2024-12-05T11:23:16+00:00\" \/>\n<meta property=\"og:image\" content=\"https:\/\/media.radiolitoral.com\/wp-content\/uploads\/2024\/12\/05122309\/Centro-medico-Teulada.jpeg\" \/>\n\t<meta property=\"og:image:width\" content=\"1360\" \/>\n\t<meta property=\"og:image:height\" content=\"1020\" \/>\n\t<meta property=\"og:image:type\" content=\"image\/jpeg\" \/>\n<meta name=\"author\" content=\"Redacci\u00f3n\" \/>\n<meta name=\"twitter:card\" content=\"summary_large_image\" \/>\n<meta name=\"twitter:label1\" content=\"Escrit per\" \/>\n\t<meta name=\"twitter:data1\" content=\"Redacci\u00f3n\" \/>\n\t<meta name=\"twitter:label2\" content=\"Temps estimat de lectura\" \/>\n\t<meta name=\"twitter:data2\" content=\"5 minuts\" \/>\n<script type=\"application\/ld+json\" class=\"yoast-schema-graph\">{\"@context\":\"https:\\\/\\\/schema.org\",\"@graph\":[{\"@type\":\"NewsArticle\",\"@id\":\"https:\\\/\\\/radiolitoral.com\\\/2024\\\/12\\\/pspv-centro-salud-teulada-moraira\\\/#article\",\"isPartOf\":{\"@id\":\"https:\\\/\\\/radiolitoral.com\\\/2024\\\/12\\\/pspv-centro-salud-teulada-moraira\\\/\"},\"author\":{\"name\":\"Redacci\u00f3n\",\"@id\":\"https:\\\/\\\/radiolitoral.com\\\/#\\\/schema\\\/person\\\/96b739642eb3bedb532aac3812d23307\"},\"headline\":\"PSPV Teuldada: \u00abPosar-se malalt a Teulada \u00e9s una q\u00fcesti\u00f3 d\u2019agenda\u00bb\",\"datePublished\":\"2024-12-04T18:54:22+00:00\",\"dateModified\":\"2024-12-05T11:23:16+00:00\",\"mainEntityOfPage\":{\"@id\":\"https:\\\/\\\/radiolitoral.com\\\/2024\\\/12\\\/pspv-centro-salud-teulada-moraira\\\/\"},\"wordCount\":1023,\"commentCount\":0,\"publisher\":{\"@id\":\"https:\\\/\\\/radiolitoral.com\\\/#organization\"},\"image\":{\"@id\":\"https:\\\/\\\/radiolitoral.com\\\/2024\\\/12\\\/pspv-centro-salud-teulada-moraira\\\/#primaryimage\"},\"thumbnailUrl\":\"https:\\\/\\\/media.radiolitoral.com\\\/wp-content\\\/uploads\\\/2024\\\/12\\\/05122309\\\/Centro-medico-Teulada.jpeg\",\"keywords\":[\"Centro M\u00e9dico Teulada\",\"PSPV Teulada\",\"Sanidad\",\"Teulada\"],\"articleSection\":[\"Sanidad\"],\"inLanguage\":\"ca\",\"potentialAction\":[{\"@type\":\"CommentAction\",\"name\":\"Comment\",\"target\":[\"https:\\\/\\\/radiolitoral.com\\\/2024\\\/12\\\/pspv-centro-salud-teulada-moraira\\\/#respond\"]}]},{\"@type\":[\"WebPage\",\"ItemPage\"],\"@id\":\"https:\\\/\\\/radiolitoral.com\\\/2024\\\/12\\\/pspv-centro-salud-teulada-moraira\\\/\",\"url\":\"https:\\\/\\\/radiolitoral.com\\\/2024\\\/12\\\/pspv-centro-salud-teulada-moraira\\\/\",\"name\":\"PSPV Teuldada: \u00abPosar-se malalt a Teulada \u00e9s una q\u00fcesti\u00f3 d\u2019agenda\u00bb | R\u00e0dio Litoral\",\"isPartOf\":{\"@id\":\"https:\\\/\\\/radiolitoral.com\\\/#website\"},\"primaryImageOfPage\":{\"@id\":\"https:\\\/\\\/radiolitoral.com\\\/2024\\\/12\\\/pspv-centro-salud-teulada-moraira\\\/#primaryimage\"},\"image\":{\"@id\":\"https:\\\/\\\/radiolitoral.com\\\/2024\\\/12\\\/pspv-centro-salud-teulada-moraira\\\/#primaryimage\"},\"thumbnailUrl\":\"https:\\\/\\\/media.radiolitoral.com\\\/wp-content\\\/uploads\\\/2024\\\/12\\\/05122309\\\/Centro-medico-Teulada.jpeg\",\"datePublished\":\"2024-12-04T18:54:22+00:00\",\"dateModified\":\"2024-12-05T11:23:16+00:00\",\"description\":\"Els socialistes exposen la falta de facultatius en la localitat despr\u00e9s de diverses jubilacions\",\"breadcrumb\":{\"@id\":\"https:\\\/\\\/radiolitoral.com\\\/2024\\\/12\\\/pspv-centro-salud-teulada-moraira\\\/#breadcrumb\"},\"inLanguage\":\"ca\",\"potentialAction\":[{\"@type\":\"ReadAction\",\"target\":[\"https:\\\/\\\/radiolitoral.com\\\/2024\\\/12\\\/pspv-centro-salud-teulada-moraira\\\/\"]}]},{\"@type\":\"ImageObject\",\"inLanguage\":\"ca\",\"@id\":\"https:\\\/\\\/radiolitoral.com\\\/2024\\\/12\\\/pspv-centro-salud-teulada-moraira\\\/#primaryimage\",\"url\":\"https:\\\/\\\/media.radiolitoral.com\\\/wp-content\\\/uploads\\\/2024\\\/12\\\/05122309\\\/Centro-medico-Teulada.jpeg\",\"contentUrl\":\"https:\\\/\\\/media.radiolitoral.com\\\/wp-content\\\/uploads\\\/2024\\\/12\\\/05122309\\\/Centro-medico-Teulada.jpeg\",\"width\":1360,\"height\":1020},{\"@type\":\"BreadcrumbList\",\"@id\":\"https:\\\/\\\/radiolitoral.com\\\/2024\\\/12\\\/pspv-centro-salud-teulada-moraira\\\/#breadcrumb\",\"itemListElement\":[{\"@type\":\"ListItem\",\"position\":1,\"name\":\"Portada\",\"item\":\"https:\\\/\\\/radiolitoral.com\\\/\"},{\"@type\":\"ListItem\",\"position\":2,\"name\":\"PSPV Teuldada: \u00abPosar-se malalt a Teulada \u00e9s una q\u00fcesti\u00f3 d\u2019agenda\u00bb\"}]},{\"@type\":\"WebSite\",\"@id\":\"https:\\\/\\\/radiolitoral.com\\\/#website\",\"url\":\"https:\\\/\\\/radiolitoral.com\\\/\",\"name\":\"Radio Litoral\",\"description\":\"La radio local de la Marina Alta\",\"publisher\":{\"@id\":\"https:\\\/\\\/radiolitoral.com\\\/#organization\"},\"alternateName\":\"Litoral FM\",\"potentialAction\":[{\"@type\":\"SearchAction\",\"target\":{\"@type\":\"EntryPoint\",\"urlTemplate\":\"https:\\\/\\\/radiolitoral.com\\\/?s={search_term_string}\"},\"query-input\":{\"@type\":\"PropertyValueSpecification\",\"valueRequired\":true,\"valueName\":\"search_term_string\"}}],\"inLanguage\":\"ca\"},{\"@type\":\"Organization\",\"@id\":\"https:\\\/\\\/radiolitoral.com\\\/#organization\",\"name\":\"Radio Litoral\",\"url\":\"https:\\\/\\\/radiolitoral.com\\\/\",\"logo\":{\"@type\":\"ImageObject\",\"inLanguage\":\"ca\",\"@id\":\"https:\\\/\\\/radiolitoral.com\\\/#\\\/schema\\\/logo\\\/image\\\/\",\"url\":\"https:\\\/\\\/media.radiolitoral.com\\\/wp-content\\\/uploads\\\/2023\\\/02\\\/24143238\\\/CL-V-RadioLitoral696.png\",\"contentUrl\":\"https:\\\/\\\/media.radiolitoral.com\\\/wp-content\\\/uploads\\\/2023\\\/02\\\/24143238\\\/CL-V-RadioLitoral696.png\",\"width\":696,\"height\":696,\"caption\":\"Radio Litoral\"},\"image\":{\"@id\":\"https:\\\/\\\/radiolitoral.com\\\/#\\\/schema\\\/logo\\\/image\\\/\"},\"sameAs\":[\"https:\\\/\\\/www.facebook.com\\\/Laradiolitoral\\\/\"]},{\"@type\":\"Person\",\"@id\":\"https:\\\/\\\/radiolitoral.com\\\/#\\\/schema\\\/person\\\/96b739642eb3bedb532aac3812d23307\",\"name\":\"Redacci\u00f3n\",\"image\":{\"@type\":\"ImageObject\",\"inLanguage\":\"ca\",\"@id\":\"https:\\\/\\\/secure.gravatar.com\\\/avatar\\\/30cd06129ee90411dd9c7cbdcf17464181d1a3c7b072e92070ea75a25cf0097e?s=96&d=mm&r=g\",\"url\":\"https:\\\/\\\/secure.gravatar.com\\\/avatar\\\/30cd06129ee90411dd9c7cbdcf17464181d1a3c7b072e92070ea75a25cf0097e?s=96&d=mm&r=g\",\"contentUrl\":\"https:\\\/\\\/secure.gravatar.com\\\/avatar\\\/30cd06129ee90411dd9c7cbdcf17464181d1a3c7b072e92070ea75a25cf0097e?s=96&d=mm&r=g\",\"caption\":\"Redacci\u00f3n\"},\"url\":\"https:\\\/\\\/radiolitoral.com\\\/ca\\\/author\\\/kevin-carrio\\\/\"}]}<\/script>\n<!-- \/ Yoast SEO plugin. -->","yoast_head_json":{"title":"PSPV Teuldada: \u00abPosar-se enferm Teulada \u00e9s una q\u00fcesti\u00f3 d&#039;agenda\u00bb | R\u00e0dio Litoral","description":"Els socialistes exposen la manca de facultatius a la localitat despr\u00e9s de diverses jubilacions","robots":{"index":"index","follow":"follow","max-snippet":"max-snippet:-1","max-image-preview":"max-image-preview:large","max-video-preview":"max-video-preview:-1"},"canonical":"https:\/\/radiolitoral.com\/ca\/2024\/12\/pspv-centre-salut-teulada-moraira\/","og_locale":"ca_ES","og_type":"article","og_title":"PSPV Teuldada: \u00abPosar-se malalt a Teulada \u00e9s una q\u00fcesti\u00f3 d\u2019agenda\u00bb | R\u00e0dio Litoral","og_description":"Els socialistes exposen la falta de facultatius en la localitat despr\u00e9s de diverses jubilacions","og_url":"https:\/\/radiolitoral.com\/ca\/2024\/12\/pspv-centre-salut-teulada-moraira\/","og_site_name":"R\u00e0dio Litoral","article_publisher":"https:\/\/www.facebook.com\/Laradiolitoral\/","article_published_time":"2024-12-04T18:54:22+00:00","article_modified_time":"2024-12-05T11:23:16+00:00","og_image":[{"width":1360,"height":1020,"url":"https:\/\/media.radiolitoral.com\/wp-content\/uploads\/2024\/12\/05122309\/Centro-medico-Teulada.jpeg","type":"image\/jpeg"}],"author":"Redacci\u00f3n","twitter_card":"summary_large_image","twitter_misc":{"Escrit per":"Redacci\u00f3n","Temps estimat de lectura":"5 minuts"},"schema":{"@context":"https:\/\/schema.org","@graph":[{"@type":"NewsArticle","@id":"https:\/\/radiolitoral.com\/2024\/12\/pspv-centro-salud-teulada-moraira\/#article","isPartOf":{"@id":"https:\/\/radiolitoral.com\/2024\/12\/pspv-centro-salud-teulada-moraira\/"},"author":{"name":"Redacci\u00f3n","@id":"https:\/\/radiolitoral.com\/#\/schema\/person\/96b739642eb3bedb532aac3812d23307"},"headline":"PSPV Teuldada: \u00abPosar-se malalt a Teulada \u00e9s una q\u00fcesti\u00f3 d\u2019agenda\u00bb","datePublished":"2024-12-04T18:54:22+00:00","dateModified":"2024-12-05T11:23:16+00:00","mainEntityOfPage":{"@id":"https:\/\/radiolitoral.com\/2024\/12\/pspv-centro-salud-teulada-moraira\/"},"wordCount":1023,"commentCount":0,"publisher":{"@id":"https:\/\/radiolitoral.com\/#organization"},"image":{"@id":"https:\/\/radiolitoral.com\/2024\/12\/pspv-centro-salud-teulada-moraira\/#primaryimage"},"thumbnailUrl":"https:\/\/media.radiolitoral.com\/wp-content\/uploads\/2024\/12\/05122309\/Centro-medico-Teulada.jpeg","keywords":["Centro M\u00e9dico Teulada","PSPV Teulada","Sanidad","Teulada"],"articleSection":["Sanidad"],"inLanguage":"ca","potentialAction":[{"@type":"CommentAction","name":"Comment","target":["https:\/\/radiolitoral.com\/2024\/12\/pspv-centro-salud-teulada-moraira\/#respond"]}]},{"@type":["WebPage","ItemPage"],"@id":"https:\/\/radiolitoral.com\/2024\/12\/pspv-centro-salud-teulada-moraira\/","url":"https:\/\/radiolitoral.com\/2024\/12\/pspv-centro-salud-teulada-moraira\/","name":"PSPV Teuldada: \u00abPosar-se enferm Teulada \u00e9s una q\u00fcesti\u00f3 d&#039;agenda\u00bb | R\u00e0dio Litoral","isPartOf":{"@id":"https:\/\/radiolitoral.com\/#website"},"primaryImageOfPage":{"@id":"https:\/\/radiolitoral.com\/2024\/12\/pspv-centro-salud-teulada-moraira\/#primaryimage"},"image":{"@id":"https:\/\/radiolitoral.com\/2024\/12\/pspv-centro-salud-teulada-moraira\/#primaryimage"},"thumbnailUrl":"https:\/\/media.radiolitoral.com\/wp-content\/uploads\/2024\/12\/05122309\/Centro-medico-Teulada.jpeg","datePublished":"2024-12-04T18:54:22+00:00","dateModified":"2024-12-05T11:23:16+00:00","description":"Els socialistes exposen la manca de facultatius a la localitat despr\u00e9s de diverses jubilacions","breadcrumb":{"@id":"https:\/\/radiolitoral.com\/2024\/12\/pspv-centro-salud-teulada-moraira\/#breadcrumb"},"inLanguage":"ca","potentialAction":[{"@type":"ReadAction","target":["https:\/\/radiolitoral.com\/2024\/12\/pspv-centro-salud-teulada-moraira\/"]}]},{"@type":"ImageObject","inLanguage":"ca","@id":"https:\/\/radiolitoral.com\/2024\/12\/pspv-centro-salud-teulada-moraira\/#primaryimage","url":"https:\/\/media.radiolitoral.com\/wp-content\/uploads\/2024\/12\/05122309\/Centro-medico-Teulada.jpeg","contentUrl":"https:\/\/media.radiolitoral.com\/wp-content\/uploads\/2024\/12\/05122309\/Centro-medico-Teulada.jpeg","width":1360,"height":1020},{"@type":"BreadcrumbList","@id":"https:\/\/radiolitoral.com\/2024\/12\/pspv-centro-salud-teulada-moraira\/#breadcrumb","itemListElement":[{"@type":"ListItem","position":1,"name":"Portada","item":"https:\/\/radiolitoral.com\/"},{"@type":"ListItem","position":2,"name":"PSPV Teuldada: \u00abPosar-se malalt a Teulada \u00e9s una q\u00fcesti\u00f3 d\u2019agenda\u00bb"}]},{"@type":"WebSite","@id":"https:\/\/radiolitoral.com\/#website","url":"https:\/\/radiolitoral.com\/","name":"R\u00e0dio Litoral","description":"La r\u00e0dio local de la Marina Alta","publisher":{"@id":"https:\/\/radiolitoral.com\/#organization"},"alternateName":"Litoral FM","potentialAction":[{"@type":"SearchAction","target":{"@type":"EntryPoint","urlTemplate":"https:\/\/radiolitoral.com\/?s={search_term_string}"},"query-input":{"@type":"PropertyValueSpecification","valueRequired":true,"valueName":"search_term_string"}}],"inLanguage":"ca"},{"@type":"Organization","@id":"https:\/\/radiolitoral.com\/#organization","name":"R\u00e0dio Litoral","url":"https:\/\/radiolitoral.com\/","logo":{"@type":"ImageObject","inLanguage":"ca","@id":"https:\/\/radiolitoral.com\/#\/schema\/logo\/image\/","url":"https:\/\/media.radiolitoral.com\/wp-content\/uploads\/2023\/02\/24143238\/CL-V-RadioLitoral696.png","contentUrl":"https:\/\/media.radiolitoral.com\/wp-content\/uploads\/2023\/02\/24143238\/CL-V-RadioLitoral696.png","width":696,"height":696,"caption":"Radio Litoral"},"image":{"@id":"https:\/\/radiolitoral.com\/#\/schema\/logo\/image\/"},"sameAs":["https:\/\/www.facebook.com\/Laradiolitoral\/"]},{"@type":"Person","@id":"https:\/\/radiolitoral.com\/#\/schema\/person\/96b739642eb3bedb532aac3812d23307","name":"Redacci\u00f3","image":{"@type":"ImageObject","inLanguage":"ca","@id":"https:\/\/secure.gravatar.com\/avatar\/30cd06129ee90411dd9c7cbdcf17464181d1a3c7b072e92070ea75a25cf0097e?s=96&d=mm&r=g","url":"https:\/\/secure.gravatar.com\/avatar\/30cd06129ee90411dd9c7cbdcf17464181d1a3c7b072e92070ea75a25cf0097e?s=96&d=mm&r=g","contentUrl":"https:\/\/secure.gravatar.com\/avatar\/30cd06129ee90411dd9c7cbdcf17464181d1a3c7b072e92070ea75a25cf0097e?s=96&d=mm&r=g","caption":"Redacci\u00f3n"},"url":"https:\/\/radiolitoral.com\/ca\/author\/kevin-carrio\/"}]}},"_links":{"self":[{"href":"https:\/\/radiolitoral.com\/ca\/wp-json\/wp\/v2\/posts\/13565","targetHints":{"allow":["GET"]}}],"collection":[{"href":"https:\/\/radiolitoral.com\/ca\/wp-json\/wp\/v2\/posts"}],"about":[{"href":"https:\/\/radiolitoral.com\/ca\/wp-json\/wp\/v2\/types\/post"}],"author":[{"embeddable":true,"href":"https:\/\/radiolitoral.com\/ca\/wp-json\/wp\/v2\/users\/14"}],"replies":[{"embeddable":true,"href":"https:\/\/radiolitoral.com\/ca\/wp-json\/wp\/v2\/comments?post=13565"}],"version-history":[{"count":1,"href":"https:\/\/radiolitoral.com\/ca\/wp-json\/wp\/v2\/posts\/13565\/revisions"}],"predecessor-version":[{"id":13567,"href":"https:\/\/radiolitoral.com\/ca\/wp-json\/wp\/v2\/posts\/13565\/revisions\/13567"}],"wp:featuredmedia":[{"embeddable":true,"href":"https:\/\/radiolitoral.com\/ca\/wp-json\/wp\/v2\/media\/13591"}],"wp:attachment":[{"href":"https:\/\/radiolitoral.com\/ca\/wp-json\/wp\/v2\/media?parent=13565"}],"wp:term":[{"taxonomy":"category","embeddable":true,"href":"https:\/\/radiolitoral.com\/ca\/wp-json\/wp\/v2\/categories?post=13565"},{"taxonomy":"post_tag","embeddable":true,"href":"https:\/\/radiolitoral.com\/ca\/wp-json\/wp\/v2\/tags?post=13565"}],"curies":[{"name":"wp","href":"https:\/\/api.w.org\/{rel}","templated":true}]}}