{"id":13561,"date":"2024-12-04T16:28:31","date_gmt":"2024-12-04T15:28:31","guid":{"rendered":"https:\/\/radiolitoral.com\/?p=13561"},"modified":"2024-12-04T16:28:31","modified_gmt":"2024-12-04T15:28:31","slug":"recaptacio-benissa-canta-per-la-dana-2024","status":"publish","type":"post","link":"https:\/\/radiolitoral.com\/ca\/2024\/12\/recaudacion-benissa-canta-per-la-dana-2024\/","title":{"rendered":"Benissa aconsegueix 8.000 euros en solidaritat gr\u00e0cies al concert Benissa Canta per la DANA"},"content":{"rendered":"<p>Aquest cap de setmana, el concert ben\u00e8fic \u201c<strong>Benissa Canta per la DANA<\/strong>\u201d va ser un gran \u00e8xit, superant totes les expectatives. La gala, que comptar\u00e0 amb la participaci\u00f3 de veus destacades del concurs musical local i convidats especials, va ser una mostra de solidaritat en un ambient de gran emoci\u00f3 i unitat. Els organitzadors van anunciar inicialment que s&#039;havien recaptat 7.000 euros, per\u00f2 el gest inesperat del p\u00fablic va permetre sumar 1.000 euros m\u00e9s, aconseguint un<strong> total de 8.000 euros<\/strong>.<\/p>\n<p>Aquests fons es destinaran de manera equitativa a dues causes. <strong>4.000 euros aniran a l&#039;escola infantil \u201cEscoleta de Maru\u201d de Catarroja,<\/strong> que ha estat clau en la recuperaci\u00f3 dels infants afectats per les inundacions de la DANA. L&#039;altre 4.000 euros seran donats a l&#039;<strong>Associaci\u00f3 de Familiars de Malalts d&#039;Alzheimer i altres dem\u00e8ncies (AFAC)<\/strong>, que d\u00f3na suport a fam\u00edlies de diversos municipis valencians que lluiten contra aquestes malalties.<\/p>\n<p>Els organitzadors van expressar el seu profund agra\u00efment a tots els que van fer possible aquesta nit inoblidable, destacant la generositat del p\u00fablic i l&#039;altruisme dels artistes. Aquest concert ha estat un exemple de com la m\u00fasica pot ajudar a guarir les ferides d&#039;una comunitat i transformar una trag\u00e8dia en un acte d&#039;esperan\u00e7a.<\/p>","protected":false},"excerpt":{"rendered":"<p>Aquest cap de setmana, el concert ben\u00e8fic \u201cBenissa Canta per la DANA\u201d va ser un gran \u00e8xit, superant totes les expectatives. La gala, que va comptar amb la participaci\u00f3 de veus destacades del concurs musical local i convidats especials, va ser una mostra de solidaritat en un ambient de gran emoci\u00f3 i unitat. Els organitzadors [&#8230;]<\/p>\n<p><a class=\"btn btn-secondary understrap-read-more-link\" href=\"https:\/\/radiolitoral.com\/ca\/2024\/12\/recaudacion-benissa-canta-per-la-dana-2024\/\">Continua llegint&#8230;<span class=\"screen-reader-text\"> from Benissa aconsegueix 8.000 euros en solidaritat gr\u00e0cies al concert \u00abBenissa Canta per la DANA\u00bb<\/span><\/a><\/p>\n","protected":false},"author":11,"featured_media":13562,"comment_status":"open","ping_status":"closed","sticky":false,"template":"","format":"standard","meta":{"_acf_changed":false,"inline_featured_image":false,"footnotes":""},"categories":[46],"tags":[2416,2706],"class_list":["post-13561","post","type-post","status-publish","format-standard","has-post-thumbnail","hentry","category-sociedad","tag-benissa-canta","tag-dana","cobertura-benissa"],"acf":[],"yoast_head":"<!-- This site is optimized with the Yoast SEO plugin v27.5 - https:\/\/yoast.com\/product\/yoast-seo-wordpress\/ -->\n<title>Benissa aconsegueix 8.000 euros en solidaritat gr\u00e0cies al concert &quot;Benissa Canta per la DANA&quot; | R\u00e0dio Litoral<\/title>\n<meta name=\"description\" content=\"El municipi s&#039;uneix per oferir ajuda a les v\u00edctimes de la DANA i a persones amb Alzheimer a trav\u00e9s de la m\u00fasica\" \/>\n<meta name=\"robots\" content=\"index, follow, max-snippet:-1, max-image-preview:large, max-video-preview:-1\" \/>\n<link rel=\"canonical\" href=\"https:\/\/radiolitoral.com\/ca\/2024\/12\/recaptacio-benissa-canta-per-la-dana-2024\/\" \/>\n<meta property=\"og:locale\" content=\"ca_ES\" \/>\n<meta property=\"og:type\" content=\"article\" \/>\n<meta property=\"og:title\" content=\"Benissa aconsegueix 8.000 euros en solidaritat gr\u00e0cies al concert &quot;Benissa Canta per la DANA&quot; | R\u00e0dio Litoral\" \/>\n<meta property=\"og:description\" content=\"El municipi s&#039;uneix per oferir ajuda a les v\u00edctimes de la DANA i a persones amb Alzheimer a trav\u00e9s de la m\u00fasica\" \/>\n<meta property=\"og:url\" content=\"https:\/\/radiolitoral.com\/ca\/2024\/12\/recaptacio-benissa-canta-per-la-dana-2024\/\" \/>\n<meta property=\"og:site_name\" content=\"R\u00e0dio Litoral\" \/>\n<meta property=\"article:publisher\" content=\"https:\/\/www.facebook.com\/Laradiolitoral\/\" \/>\n<meta property=\"article:published_time\" content=\"2024-12-04T15:28:31+00:00\" \/>\n<meta property=\"og:image\" content=\"https:\/\/media.radiolitoral.com\/wp-content\/uploads\/2024\/12\/04162331\/PHOTO-2024-12-01-23-33-12.jpg\" \/>\n\t<meta property=\"og:image:width\" content=\"2048\" \/>\n\t<meta property=\"og:image:height\" content=\"1536\" \/>\n\t<meta property=\"og:image:type\" content=\"image\/jpeg\" \/>\n<meta name=\"author\" content=\"Redacci\u00f3n\" \/>\n<meta name=\"twitter:card\" content=\"summary_large_image\" \/>\n<meta name=\"twitter:label1\" content=\"Escrit per\" \/>\n\t<meta name=\"twitter:data1\" content=\"Redacci\u00f3n\" \/>\n\t<meta name=\"twitter:label2\" content=\"Temps estimat de lectura\" \/>\n\t<meta name=\"twitter:data2\" content=\"2 minuts\" \/>\n<script type=\"application\/ld+json\" class=\"yoast-schema-graph\">{\"@context\":\"https:\\\/\\\/schema.org\",\"@graph\":[{\"@type\":\"NewsArticle\",\"@id\":\"https:\\\/\\\/radiolitoral.com\\\/2024\\\/12\\\/recaudacion-benissa-canta-per-la-dana-2024\\\/#article\",\"isPartOf\":{\"@id\":\"https:\\\/\\\/radiolitoral.com\\\/2024\\\/12\\\/recaudacion-benissa-canta-per-la-dana-2024\\\/\"},\"author\":{\"name\":\"Redacci\u00f3n\",\"@id\":\"https:\\\/\\\/radiolitoral.com\\\/#\\\/schema\\\/person\\\/aaadc9e35663a92bd94a05f5816f296d\"},\"headline\":\"Benissa aconsegueix 8.000 euros en solidaritat gr\u00e0cies al concert \u00abBenissa Canta per la DANA\u00bb\",\"datePublished\":\"2024-12-04T15:28:31+00:00\",\"mainEntityOfPage\":{\"@id\":\"https:\\\/\\\/radiolitoral.com\\\/2024\\\/12\\\/recaudacion-benissa-canta-per-la-dana-2024\\\/\"},\"wordCount\":228,\"commentCount\":0,\"publisher\":{\"@id\":\"https:\\\/\\\/radiolitoral.com\\\/#organization\"},\"image\":{\"@id\":\"https:\\\/\\\/radiolitoral.com\\\/2024\\\/12\\\/recaudacion-benissa-canta-per-la-dana-2024\\\/#primaryimage\"},\"thumbnailUrl\":\"https:\\\/\\\/media.radiolitoral.com\\\/wp-content\\\/uploads\\\/2024\\\/12\\\/04162331\\\/PHOTO-2024-12-01-23-33-12.jpg\",\"keywords\":[\"Benissa Canta\",\"DANA\"],\"articleSection\":[\"Sociedad\"],\"inLanguage\":\"ca\",\"potentialAction\":[{\"@type\":\"CommentAction\",\"name\":\"Comment\",\"target\":[\"https:\\\/\\\/radiolitoral.com\\\/2024\\\/12\\\/recaudacion-benissa-canta-per-la-dana-2024\\\/#respond\"]}]},{\"@type\":[\"WebPage\",\"ItemPage\"],\"@id\":\"https:\\\/\\\/radiolitoral.com\\\/2024\\\/12\\\/recaudacion-benissa-canta-per-la-dana-2024\\\/\",\"url\":\"https:\\\/\\\/radiolitoral.com\\\/2024\\\/12\\\/recaudacion-benissa-canta-per-la-dana-2024\\\/\",\"name\":\"Benissa aconsegueix 8.000 euros en solidaritat gr\u00e0cies al concert \\\"Benissa Canta per la DANA\\\" | R\u00e0dio Litoral\",\"isPartOf\":{\"@id\":\"https:\\\/\\\/radiolitoral.com\\\/#website\"},\"primaryImageOfPage\":{\"@id\":\"https:\\\/\\\/radiolitoral.com\\\/2024\\\/12\\\/recaudacion-benissa-canta-per-la-dana-2024\\\/#primaryimage\"},\"image\":{\"@id\":\"https:\\\/\\\/radiolitoral.com\\\/2024\\\/12\\\/recaudacion-benissa-canta-per-la-dana-2024\\\/#primaryimage\"},\"thumbnailUrl\":\"https:\\\/\\\/media.radiolitoral.com\\\/wp-content\\\/uploads\\\/2024\\\/12\\\/04162331\\\/PHOTO-2024-12-01-23-33-12.jpg\",\"datePublished\":\"2024-12-04T15:28:31+00:00\",\"description\":\"El municipi s'uneix per oferir ajuda a les v\u00edctimes de la DANA i a persones amb Alzheimer a trav\u00e9s de la m\u00fasica\",\"breadcrumb\":{\"@id\":\"https:\\\/\\\/radiolitoral.com\\\/2024\\\/12\\\/recaudacion-benissa-canta-per-la-dana-2024\\\/#breadcrumb\"},\"inLanguage\":\"ca\",\"potentialAction\":[{\"@type\":\"ReadAction\",\"target\":[\"https:\\\/\\\/radiolitoral.com\\\/2024\\\/12\\\/recaudacion-benissa-canta-per-la-dana-2024\\\/\"]}]},{\"@type\":\"ImageObject\",\"inLanguage\":\"ca\",\"@id\":\"https:\\\/\\\/radiolitoral.com\\\/2024\\\/12\\\/recaudacion-benissa-canta-per-la-dana-2024\\\/#primaryimage\",\"url\":\"https:\\\/\\\/media.radiolitoral.com\\\/wp-content\\\/uploads\\\/2024\\\/12\\\/04162331\\\/PHOTO-2024-12-01-23-33-12.jpg\",\"contentUrl\":\"https:\\\/\\\/media.radiolitoral.com\\\/wp-content\\\/uploads\\\/2024\\\/12\\\/04162331\\\/PHOTO-2024-12-01-23-33-12.jpg\",\"width\":2048,\"height\":1536},{\"@type\":\"BreadcrumbList\",\"@id\":\"https:\\\/\\\/radiolitoral.com\\\/2024\\\/12\\\/recaudacion-benissa-canta-per-la-dana-2024\\\/#breadcrumb\",\"itemListElement\":[{\"@type\":\"ListItem\",\"position\":1,\"name\":\"Portada\",\"item\":\"https:\\\/\\\/radiolitoral.com\\\/\"},{\"@type\":\"ListItem\",\"position\":2,\"name\":\"Benissa aconsegueix 8.000 euros en solidaritat gr\u00e0cies al concert \u00abBenissa Canta per la DANA\u00bb\"}]},{\"@type\":\"WebSite\",\"@id\":\"https:\\\/\\\/radiolitoral.com\\\/#website\",\"url\":\"https:\\\/\\\/radiolitoral.com\\\/\",\"name\":\"Radio Litoral\",\"description\":\"La radio local de la Marina Alta\",\"publisher\":{\"@id\":\"https:\\\/\\\/radiolitoral.com\\\/#organization\"},\"alternateName\":\"Litoral FM\",\"potentialAction\":[{\"@type\":\"SearchAction\",\"target\":{\"@type\":\"EntryPoint\",\"urlTemplate\":\"https:\\\/\\\/radiolitoral.com\\\/?s={search_term_string}\"},\"query-input\":{\"@type\":\"PropertyValueSpecification\",\"valueRequired\":true,\"valueName\":\"search_term_string\"}}],\"inLanguage\":\"ca\"},{\"@type\":\"Organization\",\"@id\":\"https:\\\/\\\/radiolitoral.com\\\/#organization\",\"name\":\"Radio Litoral\",\"url\":\"https:\\\/\\\/radiolitoral.com\\\/\",\"logo\":{\"@type\":\"ImageObject\",\"inLanguage\":\"ca\",\"@id\":\"https:\\\/\\\/radiolitoral.com\\\/#\\\/schema\\\/logo\\\/image\\\/\",\"url\":\"https:\\\/\\\/media.radiolitoral.com\\\/wp-content\\\/uploads\\\/2023\\\/02\\\/24143238\\\/CL-V-RadioLitoral696.png\",\"contentUrl\":\"https:\\\/\\\/media.radiolitoral.com\\\/wp-content\\\/uploads\\\/2023\\\/02\\\/24143238\\\/CL-V-RadioLitoral696.png\",\"width\":696,\"height\":696,\"caption\":\"Radio Litoral\"},\"image\":{\"@id\":\"https:\\\/\\\/radiolitoral.com\\\/#\\\/schema\\\/logo\\\/image\\\/\"},\"sameAs\":[\"https:\\\/\\\/www.facebook.com\\\/Laradiolitoral\\\/\"]},{\"@type\":\"Person\",\"@id\":\"https:\\\/\\\/radiolitoral.com\\\/#\\\/schema\\\/person\\\/aaadc9e35663a92bd94a05f5816f296d\",\"name\":\"Redacci\u00f3n\",\"image\":{\"@type\":\"ImageObject\",\"inLanguage\":\"ca\",\"@id\":\"https:\\\/\\\/secure.gravatar.com\\\/avatar\\\/e4e253cf49afb8c76a2aca487577f1ff5c098c82b3cf2b0a85f03f83dcb96c31?s=96&d=mm&r=g\",\"url\":\"https:\\\/\\\/secure.gravatar.com\\\/avatar\\\/e4e253cf49afb8c76a2aca487577f1ff5c098c82b3cf2b0a85f03f83dcb96c31?s=96&d=mm&r=g\",\"contentUrl\":\"https:\\\/\\\/secure.gravatar.com\\\/avatar\\\/e4e253cf49afb8c76a2aca487577f1ff5c098c82b3cf2b0a85f03f83dcb96c31?s=96&d=mm&r=g\",\"caption\":\"Redacci\u00f3n\"},\"url\":\"https:\\\/\\\/radiolitoral.com\\\/ca\\\/author\\\/alba-alborch\\\/\"}]}<\/script>\n<!-- \/ Yoast SEO plugin. -->","yoast_head_json":{"title":"Benissa aconsegueix 8.000 euros en solidaritat gr\u00e0cies al concert &quot;Benissa Canta per la DANA&quot; | R\u00e0dio Litoral","description":"El municipi s&#039;uneix per oferir ajuda a les v\u00edctimes de la DANA ia persones amb Alzheimer a trav\u00e9s de la m\u00fasica","robots":{"index":"index","follow":"follow","max-snippet":"max-snippet:-1","max-image-preview":"max-image-preview:large","max-video-preview":"max-video-preview:-1"},"canonical":"https:\/\/radiolitoral.com\/ca\/2024\/12\/recaptacio-benissa-canta-per-la-dana-2024\/","og_locale":"ca_ES","og_type":"article","og_title":"Benissa aconsegueix 8.000 euros en solidaritat gr\u00e0cies al concert \"Benissa Canta per la DANA\" | R\u00e0dio Litoral","og_description":"El municipi s'uneix per oferir ajuda a les v\u00edctimes de la DANA i a persones amb Alzheimer a trav\u00e9s de la m\u00fasica","og_url":"https:\/\/radiolitoral.com\/ca\/2024\/12\/recaptacio-benissa-canta-per-la-dana-2024\/","og_site_name":"R\u00e0dio Litoral","article_publisher":"https:\/\/www.facebook.com\/Laradiolitoral\/","article_published_time":"2024-12-04T15:28:31+00:00","og_image":[{"width":2048,"height":1536,"url":"https:\/\/media.radiolitoral.com\/wp-content\/uploads\/2024\/12\/04162331\/PHOTO-2024-12-01-23-33-12.jpg","type":"image\/jpeg"}],"author":"Redacci\u00f3n","twitter_card":"summary_large_image","twitter_misc":{"Escrit per":"Redacci\u00f3n","Temps estimat de lectura":"2 minuts"},"schema":{"@context":"https:\/\/schema.org","@graph":[{"@type":"NewsArticle","@id":"https:\/\/radiolitoral.com\/2024\/12\/recaudacion-benissa-canta-per-la-dana-2024\/#article","isPartOf":{"@id":"https:\/\/radiolitoral.com\/2024\/12\/recaudacion-benissa-canta-per-la-dana-2024\/"},"author":{"name":"Redacci\u00f3n","@id":"https:\/\/radiolitoral.com\/#\/schema\/person\/aaadc9e35663a92bd94a05f5816f296d"},"headline":"Benissa aconsegueix 8.000 euros en solidaritat gr\u00e0cies al concert \u00abBenissa Canta per la DANA\u00bb","datePublished":"2024-12-04T15:28:31+00:00","mainEntityOfPage":{"@id":"https:\/\/radiolitoral.com\/2024\/12\/recaudacion-benissa-canta-per-la-dana-2024\/"},"wordCount":228,"commentCount":0,"publisher":{"@id":"https:\/\/radiolitoral.com\/#organization"},"image":{"@id":"https:\/\/radiolitoral.com\/2024\/12\/recaudacion-benissa-canta-per-la-dana-2024\/#primaryimage"},"thumbnailUrl":"https:\/\/media.radiolitoral.com\/wp-content\/uploads\/2024\/12\/04162331\/PHOTO-2024-12-01-23-33-12.jpg","keywords":["Benissa Canta","DANA"],"articleSection":["Sociedad"],"inLanguage":"ca","potentialAction":[{"@type":"CommentAction","name":"Comment","target":["https:\/\/radiolitoral.com\/2024\/12\/recaudacion-benissa-canta-per-la-dana-2024\/#respond"]}]},{"@type":["WebPage","ItemPage"],"@id":"https:\/\/radiolitoral.com\/2024\/12\/recaudacion-benissa-canta-per-la-dana-2024\/","url":"https:\/\/radiolitoral.com\/2024\/12\/recaudacion-benissa-canta-per-la-dana-2024\/","name":"Benissa aconsegueix 8.000 euros en solidaritat gr\u00e0cies al concert &quot;Benissa Canta per la DANA&quot; | R\u00e0dio Litoral","isPartOf":{"@id":"https:\/\/radiolitoral.com\/#website"},"primaryImageOfPage":{"@id":"https:\/\/radiolitoral.com\/2024\/12\/recaudacion-benissa-canta-per-la-dana-2024\/#primaryimage"},"image":{"@id":"https:\/\/radiolitoral.com\/2024\/12\/recaudacion-benissa-canta-per-la-dana-2024\/#primaryimage"},"thumbnailUrl":"https:\/\/media.radiolitoral.com\/wp-content\/uploads\/2024\/12\/04162331\/PHOTO-2024-12-01-23-33-12.jpg","datePublished":"2024-12-04T15:28:31+00:00","description":"El municipi s&#039;uneix per oferir ajuda a les v\u00edctimes de la DANA ia persones amb Alzheimer a trav\u00e9s de la m\u00fasica","breadcrumb":{"@id":"https:\/\/radiolitoral.com\/2024\/12\/recaudacion-benissa-canta-per-la-dana-2024\/#breadcrumb"},"inLanguage":"ca","potentialAction":[{"@type":"ReadAction","target":["https:\/\/radiolitoral.com\/2024\/12\/recaudacion-benissa-canta-per-la-dana-2024\/"]}]},{"@type":"ImageObject","inLanguage":"ca","@id":"https:\/\/radiolitoral.com\/2024\/12\/recaudacion-benissa-canta-per-la-dana-2024\/#primaryimage","url":"https:\/\/media.radiolitoral.com\/wp-content\/uploads\/2024\/12\/04162331\/PHOTO-2024-12-01-23-33-12.jpg","contentUrl":"https:\/\/media.radiolitoral.com\/wp-content\/uploads\/2024\/12\/04162331\/PHOTO-2024-12-01-23-33-12.jpg","width":2048,"height":1536},{"@type":"BreadcrumbList","@id":"https:\/\/radiolitoral.com\/2024\/12\/recaudacion-benissa-canta-per-la-dana-2024\/#breadcrumb","itemListElement":[{"@type":"ListItem","position":1,"name":"Portada","item":"https:\/\/radiolitoral.com\/"},{"@type":"ListItem","position":2,"name":"Benissa aconsegueix 8.000 euros en solidaritat gr\u00e0cies al concert \u00abBenissa Canta per la DANA\u00bb"}]},{"@type":"WebSite","@id":"https:\/\/radiolitoral.com\/#website","url":"https:\/\/radiolitoral.com\/","name":"R\u00e0dio Litoral","description":"La r\u00e0dio local de la Marina Alta","publisher":{"@id":"https:\/\/radiolitoral.com\/#organization"},"alternateName":"Litoral FM","potentialAction":[{"@type":"SearchAction","target":{"@type":"EntryPoint","urlTemplate":"https:\/\/radiolitoral.com\/?s={search_term_string}"},"query-input":{"@type":"PropertyValueSpecification","valueRequired":true,"valueName":"search_term_string"}}],"inLanguage":"ca"},{"@type":"Organization","@id":"https:\/\/radiolitoral.com\/#organization","name":"R\u00e0dio Litoral","url":"https:\/\/radiolitoral.com\/","logo":{"@type":"ImageObject","inLanguage":"ca","@id":"https:\/\/radiolitoral.com\/#\/schema\/logo\/image\/","url":"https:\/\/media.radiolitoral.com\/wp-content\/uploads\/2023\/02\/24143238\/CL-V-RadioLitoral696.png","contentUrl":"https:\/\/media.radiolitoral.com\/wp-content\/uploads\/2023\/02\/24143238\/CL-V-RadioLitoral696.png","width":696,"height":696,"caption":"Radio Litoral"},"image":{"@id":"https:\/\/radiolitoral.com\/#\/schema\/logo\/image\/"},"sameAs":["https:\/\/www.facebook.com\/Laradiolitoral\/"]},{"@type":"Person","@id":"https:\/\/radiolitoral.com\/#\/schema\/person\/aaadc9e35663a92bd94a05f5816f296d","name":"Redacci\u00f3","image":{"@type":"ImageObject","inLanguage":"ca","@id":"https:\/\/secure.gravatar.com\/avatar\/e4e253cf49afb8c76a2aca487577f1ff5c098c82b3cf2b0a85f03f83dcb96c31?s=96&d=mm&r=g","url":"https:\/\/secure.gravatar.com\/avatar\/e4e253cf49afb8c76a2aca487577f1ff5c098c82b3cf2b0a85f03f83dcb96c31?s=96&d=mm&r=g","contentUrl":"https:\/\/secure.gravatar.com\/avatar\/e4e253cf49afb8c76a2aca487577f1ff5c098c82b3cf2b0a85f03f83dcb96c31?s=96&d=mm&r=g","caption":"Redacci\u00f3n"},"url":"https:\/\/radiolitoral.com\/ca\/author\/alba-alborch\/"}]}},"_links":{"self":[{"href":"https:\/\/radiolitoral.com\/ca\/wp-json\/wp\/v2\/posts\/13561","targetHints":{"allow":["GET"]}}],"collection":[{"href":"https:\/\/radiolitoral.com\/ca\/wp-json\/wp\/v2\/posts"}],"about":[{"href":"https:\/\/radiolitoral.com\/ca\/wp-json\/wp\/v2\/types\/post"}],"author":[{"embeddable":true,"href":"https:\/\/radiolitoral.com\/ca\/wp-json\/wp\/v2\/users\/11"}],"replies":[{"embeddable":true,"href":"https:\/\/radiolitoral.com\/ca\/wp-json\/wp\/v2\/comments?post=13561"}],"version-history":[{"count":1,"href":"https:\/\/radiolitoral.com\/ca\/wp-json\/wp\/v2\/posts\/13561\/revisions"}],"predecessor-version":[{"id":13563,"href":"https:\/\/radiolitoral.com\/ca\/wp-json\/wp\/v2\/posts\/13561\/revisions\/13563"}],"wp:featuredmedia":[{"embeddable":true,"href":"https:\/\/radiolitoral.com\/ca\/wp-json\/wp\/v2\/media\/13562"}],"wp:attachment":[{"href":"https:\/\/radiolitoral.com\/ca\/wp-json\/wp\/v2\/media?parent=13561"}],"wp:term":[{"taxonomy":"category","embeddable":true,"href":"https:\/\/radiolitoral.com\/ca\/wp-json\/wp\/v2\/categories?post=13561"},{"taxonomy":"post_tag","embeddable":true,"href":"https:\/\/radiolitoral.com\/ca\/wp-json\/wp\/v2\/tags?post=13561"}],"curies":[{"name":"wp","href":"https:\/\/api.w.org\/{rel}","templated":true}]}}