{"id":13542,"date":"2024-12-04T10:55:22","date_gmt":"2024-12-04T09:55:22","guid":{"rendered":"https:\/\/radiolitoral.com\/?p=13542"},"modified":"2024-12-04T13:27:49","modified_gmt":"2024-12-04T12:27:49","slug":"mari-angels-la-coral-es-de-tots-la-coral-es-calp-en-un-poble-music-no-hi-poden-faltar-les-veus","status":"publish","type":"post","link":"https:\/\/radiolitoral.com\/ca\/2024\/12\/mari-angeles-la-coral-es-de-tots-la-coral-es-calp-en-un-poble-music-no-hi-poden-faltar-les-veus\/","title":{"rendered":"Mari \u00c1ngeles Garc\u00eda: \u201cLa Coral \u00e9s de tots, la Coral \u00e9s Calp, en un poble m\u00fasic no hi poden faltar les veus\u201d"},"content":{"rendered":"<p>Fugi al <strong>Primer Caf\u00e8 de R\u00e0dio Litoral<\/strong> hem parlat de m\u00fasica, cant coral, veus, cultura, propostes d&#039;agenda i solidaritat\u2026 i tot aix\u00f2 en una \u00fanica entrevista. I \u00e9s que avui hem rebut als nostres estudis, en directe, dos representants de la<strong> Coral Ifach<\/strong>, la <strong>vicepresidenta, Christina Kehl<\/strong>, i la <strong>secretaria de l&#039;agrupaci\u00f3, Mari \u00c0ngels Garc\u00ed<\/strong>a. Amb elles hem conegut aquesta agrupaci\u00f3, amb m\u00e9s de 30 anys de traject\u00f2ria, omplint d&#039;harmonia i bellesa musical la localitat de Calp.<\/p>\n<p>Ens han parlat dels seus viatges, dels integrants de la coral i de l&#039;actual campanya per a la captaci\u00f3 de noves veus, especialment masculins, amb qu\u00e8 sumar noves \u00e0nimes apassionades pel cant i continuar creixent. A les noves incorporacions se&#039;ls requereix un comprom\u00eds amb la Coral, als assajos i actuacions, i gust per la m\u00fasica. D&#039;altra banda, no se&#039;ls exigeix \u200b\u200btenir nocions musicals.<\/p>\n<p><strong>CONCERTS<\/strong><\/p>\n<p>Entre els concerts que tenen a agenda, destaquen per a aquest mes de desembre, l&#039;actuaci\u00f3 conjunta amb altres corals, prevista per al dia 14, a Alf\u00e0s del Pi. I el diumenge 15 de desembre es far\u00e0 el tradicional concert de Nadal a l&#039;esgl\u00e9sia de Calp. Dues convocat\u00f2ries en qu\u00e8 els assistents a m\u00e9s de gaudir del cant coral podran recolzar una causa solid\u00e0ria.<\/p>\n<p>La Coral Ifac de Calp ja compta amb una llarga traject\u00f2ria, va ser fundada el 1989, de la m\u00e0 de Josep Ord\u00ednez i Ximo Sastre. S\u00f3n ja 35 anys dedicats a la m\u00fasica coral. I la intenci\u00f3 \u00e9s continuar sumant m\u00e9s anys. De fet, les nostres convidades ens han avan\u00e7at que entre els projectes futurs, previstos per la Coral Ifach, s&#039;hi inclou la creaci\u00f3 d&#039;una coral infantil.<\/p>\n<p>Podeu tornar a escortar l&#039;entrevista \u00edntegra aqu\u00ed.<\/p>\n<audio class=\"wp-audio-shortcode\" id=\"audio-13542-1\" preload=\"none\" style=\"width: 100%;\" controls=\"controls\"><source type=\"audio\/mpeg\" src=\"https:\/\/media.radiolitoral.com\/wp-content\/uploads\/2024\/12\/04104810\/Primer-Cafe-Coral-Ifach.mp3?_=1\" \/><a href=\"https:\/\/media.radiolitoral.com\/wp-content\/uploads\/2024\/12\/04104810\/Primer-Cafe-Coral-Ifach.mp3\">https:\/\/media.radiolitoral.com\/wp-content\/uploads\/2024\/12\/04104810\/Primer-Cafe-Coral-Ifach.mp3<\/a><\/audio>","protected":false},"excerpt":{"rendered":"<p>Hui al Primer Caf\u00e8 de R\u00e0dio Litoral hem parlat de m\u00fasica, de cant coral, de veus, de cultura, de propostes d&#8217;agenda i de solidaritat\u2026 i tot aix\u00f2 en una \u00fanica entrevista. I \u00e9s que hui hem rebut als nostres estudis, en directe, a dues representants de la Coral Ifach, la vicepresidenta, Christina Kehl, i la [&#8230;]<\/p>\n<p><a class=\"btn btn-secondary understrap-read-more-link\" href=\"https:\/\/radiolitoral.com\/ca\/2024\/12\/mari-angeles-la-coral-es-de-tots-la-coral-es-calp-en-un-poble-music-no-hi-poden-faltar-les-veus\/\">Continua llegint&#8230;<span class=\"screen-reader-text\"> from Mari \u00c1ngeles Garc\u00eda: \u201cLa Coral \u00e9s de tots, la Coral \u00e9s Calp, en un poble m\u00fasic no hi poden faltar les veus\u201d<\/span><\/a><\/p>\n","protected":false},"author":13,"featured_media":13544,"comment_status":"open","ping_status":"closed","sticky":false,"template":"","format":"standard","meta":{"_acf_changed":false,"inline_featured_image":false,"footnotes":""},"categories":[55,2753],"tags":[2927,110,2926,112,2929,2312,2928],"class_list":["post-13542","post","type-post","status-publish","format-standard","has-post-thumbnail","hentry","category-cultura","category-entrevistas","tag-canto-coral","tag-conciertos","tag-coral-ifach","tag-cultura","tag-mari-angeles-garcia","tag-primer-cafe","tag-voces","cobertura-calp"],"acf":[],"yoast_head":"<!-- This site is optimized with the Yoast SEO plugin v27.5 - https:\/\/yoast.com\/product\/yoast-seo-wordpress\/ -->\n<title>Mari \u00c1ngeles Garc\u00eda: \u201cLa Coral \u00e9s de tots, la Coral \u00e9s Calp, en un poble m\u00fasic no hi poden faltar les veus\u201d | R\u00e0dio Litoral<\/title>\n<meta name=\"description\" content=\"La Coral Ifach de Calp posa en marxa una campanya de captaci\u00f3 de veus, principalment masculines i presenta dos concerts solidaris\" \/>\n<meta name=\"robots\" content=\"index, follow, max-snippet:-1, max-image-preview:large, max-video-preview:-1\" \/>\n<link rel=\"canonical\" href=\"https:\/\/radiolitoral.com\/ca\/2024\/12\/mari-angels-la-coral-es-de-tots-la-coral-es-calp-en-un-poble-music-no-hi-poden-faltar-les-veus\/\" \/>\n<meta property=\"og:locale\" content=\"ca_ES\" \/>\n<meta property=\"og:type\" content=\"article\" \/>\n<meta property=\"og:title\" content=\"Mari \u00c1ngeles Garc\u00eda: \u201cLa Coral \u00e9s de tots, la Coral \u00e9s Calp, en un poble m\u00fasic no hi poden faltar les veus\u201d | R\u00e0dio Litoral\" \/>\n<meta property=\"og:description\" content=\"La Coral Ifach de Calp posa en marxa una campanya de captaci\u00f3 de veus, principalment masculines i presenta dos concerts solidaris\" \/>\n<meta property=\"og:url\" content=\"https:\/\/radiolitoral.com\/ca\/2024\/12\/mari-angels-la-coral-es-de-tots-la-coral-es-calp-en-un-poble-music-no-hi-poden-faltar-les-veus\/\" \/>\n<meta property=\"og:site_name\" content=\"R\u00e0dio Litoral\" \/>\n<meta property=\"article:publisher\" content=\"https:\/\/www.facebook.com\/Laradiolitoral\/\" \/>\n<meta property=\"article:published_time\" content=\"2024-12-04T09:55:22+00:00\" \/>\n<meta property=\"article:modified_time\" content=\"2024-12-04T12:27:49+00:00\" \/>\n<meta property=\"og:image\" content=\"https:\/\/media.radiolitoral.com\/wp-content\/uploads\/2024\/12\/04105025\/Mari-Angeles-Garcia-y-Christina-Kehl-de-la-Coral-Ifach.jpg\" \/>\n\t<meta property=\"og:image:width\" content=\"2000\" \/>\n\t<meta property=\"og:image:height\" content=\"1125\" \/>\n\t<meta property=\"og:image:type\" content=\"image\/jpeg\" \/>\n<meta name=\"author\" content=\"Redacci\u00f3n\" \/>\n<meta name=\"twitter:card\" content=\"summary_large_image\" \/>\n<meta name=\"twitter:label1\" content=\"Escrit per\" \/>\n\t<meta name=\"twitter:data1\" content=\"Redacci\u00f3n\" \/>\n\t<meta name=\"twitter:label2\" content=\"Temps estimat de lectura\" \/>\n\t<meta name=\"twitter:data2\" content=\"2 minuts\" \/>\n<script type=\"application\/ld+json\" class=\"yoast-schema-graph\">{\"@context\":\"https:\\\/\\\/schema.org\",\"@graph\":[{\"@type\":\"NewsArticle\",\"@id\":\"https:\\\/\\\/radiolitoral.com\\\/2024\\\/12\\\/mari-angeles-la-coral-es-de-tots-la-coral-es-calp-en-un-poble-music-no-hi-poden-faltar-les-veus\\\/#article\",\"isPartOf\":{\"@id\":\"https:\\\/\\\/radiolitoral.com\\\/2024\\\/12\\\/mari-angeles-la-coral-es-de-tots-la-coral-es-calp-en-un-poble-music-no-hi-poden-faltar-les-veus\\\/\"},\"author\":{\"name\":\"Redacci\u00f3n\",\"@id\":\"https:\\\/\\\/radiolitoral.com\\\/#\\\/schema\\\/person\\\/f2b2343c49b5d721857cc1002bfdb151\"},\"headline\":\"Mari \u00c1ngeles Garc\u00eda: \u201cLa Coral \u00e9s de tots, la Coral \u00e9s Calp, en un poble m\u00fasic no hi poden faltar les veus\u201d\",\"datePublished\":\"2024-12-04T09:55:22+00:00\",\"dateModified\":\"2024-12-04T12:27:49+00:00\",\"mainEntityOfPage\":{\"@id\":\"https:\\\/\\\/radiolitoral.com\\\/2024\\\/12\\\/mari-angeles-la-coral-es-de-tots-la-coral-es-calp-en-un-poble-music-no-hi-poden-faltar-les-veus\\\/\"},\"wordCount\":345,\"commentCount\":0,\"publisher\":{\"@id\":\"https:\\\/\\\/radiolitoral.com\\\/#organization\"},\"image\":{\"@id\":\"https:\\\/\\\/radiolitoral.com\\\/2024\\\/12\\\/mari-angeles-la-coral-es-de-tots-la-coral-es-calp-en-un-poble-music-no-hi-poden-faltar-les-veus\\\/#primaryimage\"},\"thumbnailUrl\":\"https:\\\/\\\/media.radiolitoral.com\\\/wp-content\\\/uploads\\\/2024\\\/12\\\/04105025\\\/Mari-Angeles-Garcia-y-Christina-Kehl-de-la-Coral-Ifach.jpg\",\"keywords\":[\"canto coral\",\"conciertos\",\"Coral Ifach\",\"cultura\",\"Mari \u00c1ngeles Garc\u00eda\",\"Primer Caf\u00e9\",\"voces\"],\"articleSection\":[\"Cultura\",\"Entrevistas\"],\"inLanguage\":\"ca\",\"potentialAction\":[{\"@type\":\"CommentAction\",\"name\":\"Comment\",\"target\":[\"https:\\\/\\\/radiolitoral.com\\\/2024\\\/12\\\/mari-angeles-la-coral-es-de-tots-la-coral-es-calp-en-un-poble-music-no-hi-poden-faltar-les-veus\\\/#respond\"]}]},{\"@type\":[\"WebPage\",\"ItemPage\"],\"@id\":\"https:\\\/\\\/radiolitoral.com\\\/2024\\\/12\\\/mari-angeles-la-coral-es-de-tots-la-coral-es-calp-en-un-poble-music-no-hi-poden-faltar-les-veus\\\/\",\"url\":\"https:\\\/\\\/radiolitoral.com\\\/2024\\\/12\\\/mari-angeles-la-coral-es-de-tots-la-coral-es-calp-en-un-poble-music-no-hi-poden-faltar-les-veus\\\/\",\"name\":\"Mari \u00c1ngeles Garc\u00eda: \u201cLa Coral \u00e9s de tots, la Coral \u00e9s Calp, en un poble m\u00fasic no hi poden faltar les veus\u201d | R\u00e0dio Litoral\",\"isPartOf\":{\"@id\":\"https:\\\/\\\/radiolitoral.com\\\/#website\"},\"primaryImageOfPage\":{\"@id\":\"https:\\\/\\\/radiolitoral.com\\\/2024\\\/12\\\/mari-angeles-la-coral-es-de-tots-la-coral-es-calp-en-un-poble-music-no-hi-poden-faltar-les-veus\\\/#primaryimage\"},\"image\":{\"@id\":\"https:\\\/\\\/radiolitoral.com\\\/2024\\\/12\\\/mari-angeles-la-coral-es-de-tots-la-coral-es-calp-en-un-poble-music-no-hi-poden-faltar-les-veus\\\/#primaryimage\"},\"thumbnailUrl\":\"https:\\\/\\\/media.radiolitoral.com\\\/wp-content\\\/uploads\\\/2024\\\/12\\\/04105025\\\/Mari-Angeles-Garcia-y-Christina-Kehl-de-la-Coral-Ifach.jpg\",\"datePublished\":\"2024-12-04T09:55:22+00:00\",\"dateModified\":\"2024-12-04T12:27:49+00:00\",\"description\":\"La Coral Ifach de Calp posa en marxa una campanya de captaci\u00f3 de veus, principalment masculines i presenta dos concerts solidaris\",\"breadcrumb\":{\"@id\":\"https:\\\/\\\/radiolitoral.com\\\/2024\\\/12\\\/mari-angeles-la-coral-es-de-tots-la-coral-es-calp-en-un-poble-music-no-hi-poden-faltar-les-veus\\\/#breadcrumb\"},\"inLanguage\":\"ca\",\"potentialAction\":[{\"@type\":\"ReadAction\",\"target\":[\"https:\\\/\\\/radiolitoral.com\\\/2024\\\/12\\\/mari-angeles-la-coral-es-de-tots-la-coral-es-calp-en-un-poble-music-no-hi-poden-faltar-les-veus\\\/\"]}]},{\"@type\":\"ImageObject\",\"inLanguage\":\"ca\",\"@id\":\"https:\\\/\\\/radiolitoral.com\\\/2024\\\/12\\\/mari-angeles-la-coral-es-de-tots-la-coral-es-calp-en-un-poble-music-no-hi-poden-faltar-les-veus\\\/#primaryimage\",\"url\":\"https:\\\/\\\/media.radiolitoral.com\\\/wp-content\\\/uploads\\\/2024\\\/12\\\/04105025\\\/Mari-Angeles-Garcia-y-Christina-Kehl-de-la-Coral-Ifach.jpg\",\"contentUrl\":\"https:\\\/\\\/media.radiolitoral.com\\\/wp-content\\\/uploads\\\/2024\\\/12\\\/04105025\\\/Mari-Angeles-Garcia-y-Christina-Kehl-de-la-Coral-Ifach.jpg\",\"width\":2000,\"height\":1125},{\"@type\":\"BreadcrumbList\",\"@id\":\"https:\\\/\\\/radiolitoral.com\\\/2024\\\/12\\\/mari-angeles-la-coral-es-de-tots-la-coral-es-calp-en-un-poble-music-no-hi-poden-faltar-les-veus\\\/#breadcrumb\",\"itemListElement\":[{\"@type\":\"ListItem\",\"position\":1,\"name\":\"Portada\",\"item\":\"https:\\\/\\\/radiolitoral.com\\\/\"},{\"@type\":\"ListItem\",\"position\":2,\"name\":\"Mari \u00c1ngeles Garc\u00eda: \u201cLa Coral \u00e9s de tots, la Coral \u00e9s Calp, en un poble m\u00fasic no hi poden faltar les veus\u201d\"}]},{\"@type\":\"WebSite\",\"@id\":\"https:\\\/\\\/radiolitoral.com\\\/#website\",\"url\":\"https:\\\/\\\/radiolitoral.com\\\/\",\"name\":\"Radio Litoral\",\"description\":\"La radio local de la Marina Alta\",\"publisher\":{\"@id\":\"https:\\\/\\\/radiolitoral.com\\\/#organization\"},\"alternateName\":\"Litoral FM\",\"potentialAction\":[{\"@type\":\"SearchAction\",\"target\":{\"@type\":\"EntryPoint\",\"urlTemplate\":\"https:\\\/\\\/radiolitoral.com\\\/?s={search_term_string}\"},\"query-input\":{\"@type\":\"PropertyValueSpecification\",\"valueRequired\":true,\"valueName\":\"search_term_string\"}}],\"inLanguage\":\"ca\"},{\"@type\":\"Organization\",\"@id\":\"https:\\\/\\\/radiolitoral.com\\\/#organization\",\"name\":\"Radio Litoral\",\"url\":\"https:\\\/\\\/radiolitoral.com\\\/\",\"logo\":{\"@type\":\"ImageObject\",\"inLanguage\":\"ca\",\"@id\":\"https:\\\/\\\/radiolitoral.com\\\/#\\\/schema\\\/logo\\\/image\\\/\",\"url\":\"https:\\\/\\\/media.radiolitoral.com\\\/wp-content\\\/uploads\\\/2023\\\/02\\\/24143238\\\/CL-V-RadioLitoral696.png\",\"contentUrl\":\"https:\\\/\\\/media.radiolitoral.com\\\/wp-content\\\/uploads\\\/2023\\\/02\\\/24143238\\\/CL-V-RadioLitoral696.png\",\"width\":696,\"height\":696,\"caption\":\"Radio Litoral\"},\"image\":{\"@id\":\"https:\\\/\\\/radiolitoral.com\\\/#\\\/schema\\\/logo\\\/image\\\/\"},\"sameAs\":[\"https:\\\/\\\/www.facebook.com\\\/Laradiolitoral\\\/\"]},{\"@type\":\"Person\",\"@id\":\"https:\\\/\\\/radiolitoral.com\\\/#\\\/schema\\\/person\\\/f2b2343c49b5d721857cc1002bfdb151\",\"name\":\"Redacci\u00f3n\",\"image\":{\"@type\":\"ImageObject\",\"inLanguage\":\"ca\",\"@id\":\"https:\\\/\\\/secure.gravatar.com\\\/avatar\\\/f771d896c203ad8b3382d7905cfcce5a5c9b008b84b3cd9114e9b9f4cb63f789?s=96&d=mm&r=g\",\"url\":\"https:\\\/\\\/secure.gravatar.com\\\/avatar\\\/f771d896c203ad8b3382d7905cfcce5a5c9b008b84b3cd9114e9b9f4cb63f789?s=96&d=mm&r=g\",\"contentUrl\":\"https:\\\/\\\/secure.gravatar.com\\\/avatar\\\/f771d896c203ad8b3382d7905cfcce5a5c9b008b84b3cd9114e9b9f4cb63f789?s=96&d=mm&r=g\",\"caption\":\"Redacci\u00f3n\"},\"url\":\"https:\\\/\\\/radiolitoral.com\\\/ca\\\/author\\\/miriam-pagan\\\/\"}]}<\/script>\n<!-- \/ Yoast SEO plugin. -->","yoast_head_json":{"title":"Mari \u00c1ngeles Garc\u00eda: \u201cLa Coral \u00e9s de tots, la Coral \u00e9s Calp, en un poble m\u00fasic no hi poden faltar les veus\u201d | R\u00e0dio Litoral","description":"La Coral Ifac de Calp posa en marxa una campanya de captaci\u00f3 de veus, principalment masculins i presenta dos concerts solidaris","robots":{"index":"index","follow":"follow","max-snippet":"max-snippet:-1","max-image-preview":"max-image-preview:large","max-video-preview":"max-video-preview:-1"},"canonical":"https:\/\/radiolitoral.com\/ca\/2024\/12\/mari-angels-la-coral-es-de-tots-la-coral-es-calp-en-un-poble-music-no-hi-poden-faltar-les-veus\/","og_locale":"ca_ES","og_type":"article","og_title":"Mari \u00c1ngeles Garc\u00eda: \u201cLa Coral \u00e9s de tots, la Coral \u00e9s Calp, en un poble m\u00fasic no hi poden faltar les veus\u201d | R\u00e0dio Litoral","og_description":"La Coral Ifach de Calp posa en marxa una campanya de captaci\u00f3 de veus, principalment masculines i presenta dos concerts solidaris","og_url":"https:\/\/radiolitoral.com\/ca\/2024\/12\/mari-angels-la-coral-es-de-tots-la-coral-es-calp-en-un-poble-music-no-hi-poden-faltar-les-veus\/","og_site_name":"R\u00e0dio Litoral","article_publisher":"https:\/\/www.facebook.com\/Laradiolitoral\/","article_published_time":"2024-12-04T09:55:22+00:00","article_modified_time":"2024-12-04T12:27:49+00:00","og_image":[{"width":2000,"height":1125,"url":"https:\/\/media.radiolitoral.com\/wp-content\/uploads\/2024\/12\/04105025\/Mari-Angeles-Garcia-y-Christina-Kehl-de-la-Coral-Ifach.jpg","type":"image\/jpeg"}],"author":"Redacci\u00f3n","twitter_card":"summary_large_image","twitter_misc":{"Escrit per":"Redacci\u00f3n","Temps estimat de lectura":"2 minuts"},"schema":{"@context":"https:\/\/schema.org","@graph":[{"@type":"NewsArticle","@id":"https:\/\/radiolitoral.com\/2024\/12\/mari-angeles-la-coral-es-de-tots-la-coral-es-calp-en-un-poble-music-no-hi-poden-faltar-les-veus\/#article","isPartOf":{"@id":"https:\/\/radiolitoral.com\/2024\/12\/mari-angeles-la-coral-es-de-tots-la-coral-es-calp-en-un-poble-music-no-hi-poden-faltar-les-veus\/"},"author":{"name":"Redacci\u00f3n","@id":"https:\/\/radiolitoral.com\/#\/schema\/person\/f2b2343c49b5d721857cc1002bfdb151"},"headline":"Mari \u00c1ngeles Garc\u00eda: \u201cLa Coral \u00e9s de tots, la Coral \u00e9s Calp, en un poble m\u00fasic no hi poden faltar les veus\u201d","datePublished":"2024-12-04T09:55:22+00:00","dateModified":"2024-12-04T12:27:49+00:00","mainEntityOfPage":{"@id":"https:\/\/radiolitoral.com\/2024\/12\/mari-angeles-la-coral-es-de-tots-la-coral-es-calp-en-un-poble-music-no-hi-poden-faltar-les-veus\/"},"wordCount":345,"commentCount":0,"publisher":{"@id":"https:\/\/radiolitoral.com\/#organization"},"image":{"@id":"https:\/\/radiolitoral.com\/2024\/12\/mari-angeles-la-coral-es-de-tots-la-coral-es-calp-en-un-poble-music-no-hi-poden-faltar-les-veus\/#primaryimage"},"thumbnailUrl":"https:\/\/media.radiolitoral.com\/wp-content\/uploads\/2024\/12\/04105025\/Mari-Angeles-Garcia-y-Christina-Kehl-de-la-Coral-Ifach.jpg","keywords":["canto coral","conciertos","Coral Ifach","cultura","Mari \u00c1ngeles Garc\u00eda","Primer Caf\u00e9","voces"],"articleSection":["Cultura","Entrevistas"],"inLanguage":"ca","potentialAction":[{"@type":"CommentAction","name":"Comment","target":["https:\/\/radiolitoral.com\/2024\/12\/mari-angeles-la-coral-es-de-tots-la-coral-es-calp-en-un-poble-music-no-hi-poden-faltar-les-veus\/#respond"]}]},{"@type":["WebPage","ItemPage"],"@id":"https:\/\/radiolitoral.com\/2024\/12\/mari-angeles-la-coral-es-de-tots-la-coral-es-calp-en-un-poble-music-no-hi-poden-faltar-les-veus\/","url":"https:\/\/radiolitoral.com\/2024\/12\/mari-angeles-la-coral-es-de-tots-la-coral-es-calp-en-un-poble-music-no-hi-poden-faltar-les-veus\/","name":"Mari \u00c1ngeles Garc\u00eda: \u201cLa Coral \u00e9s de tots, la Coral \u00e9s Calp, en un poble m\u00fasic no hi poden faltar les veus\u201d | R\u00e0dio Litoral","isPartOf":{"@id":"https:\/\/radiolitoral.com\/#website"},"primaryImageOfPage":{"@id":"https:\/\/radiolitoral.com\/2024\/12\/mari-angeles-la-coral-es-de-tots-la-coral-es-calp-en-un-poble-music-no-hi-poden-faltar-les-veus\/#primaryimage"},"image":{"@id":"https:\/\/radiolitoral.com\/2024\/12\/mari-angeles-la-coral-es-de-tots-la-coral-es-calp-en-un-poble-music-no-hi-poden-faltar-les-veus\/#primaryimage"},"thumbnailUrl":"https:\/\/media.radiolitoral.com\/wp-content\/uploads\/2024\/12\/04105025\/Mari-Angeles-Garcia-y-Christina-Kehl-de-la-Coral-Ifach.jpg","datePublished":"2024-12-04T09:55:22+00:00","dateModified":"2024-12-04T12:27:49+00:00","description":"La Coral Ifac de Calp posa en marxa una campanya de captaci\u00f3 de veus, principalment masculins i presenta dos concerts solidaris","breadcrumb":{"@id":"https:\/\/radiolitoral.com\/2024\/12\/mari-angeles-la-coral-es-de-tots-la-coral-es-calp-en-un-poble-music-no-hi-poden-faltar-les-veus\/#breadcrumb"},"inLanguage":"ca","potentialAction":[{"@type":"ReadAction","target":["https:\/\/radiolitoral.com\/2024\/12\/mari-angeles-la-coral-es-de-tots-la-coral-es-calp-en-un-poble-music-no-hi-poden-faltar-les-veus\/"]}]},{"@type":"ImageObject","inLanguage":"ca","@id":"https:\/\/radiolitoral.com\/2024\/12\/mari-angeles-la-coral-es-de-tots-la-coral-es-calp-en-un-poble-music-no-hi-poden-faltar-les-veus\/#primaryimage","url":"https:\/\/media.radiolitoral.com\/wp-content\/uploads\/2024\/12\/04105025\/Mari-Angeles-Garcia-y-Christina-Kehl-de-la-Coral-Ifach.jpg","contentUrl":"https:\/\/media.radiolitoral.com\/wp-content\/uploads\/2024\/12\/04105025\/Mari-Angeles-Garcia-y-Christina-Kehl-de-la-Coral-Ifach.jpg","width":2000,"height":1125},{"@type":"BreadcrumbList","@id":"https:\/\/radiolitoral.com\/2024\/12\/mari-angeles-la-coral-es-de-tots-la-coral-es-calp-en-un-poble-music-no-hi-poden-faltar-les-veus\/#breadcrumb","itemListElement":[{"@type":"ListItem","position":1,"name":"Portada","item":"https:\/\/radiolitoral.com\/"},{"@type":"ListItem","position":2,"name":"Mari \u00c1ngeles Garc\u00eda: \u201cLa Coral \u00e9s de tots, la Coral \u00e9s Calp, en un poble m\u00fasic no hi poden faltar les veus\u201d"}]},{"@type":"WebSite","@id":"https:\/\/radiolitoral.com\/#website","url":"https:\/\/radiolitoral.com\/","name":"R\u00e0dio Litoral","description":"La r\u00e0dio local de la Marina Alta","publisher":{"@id":"https:\/\/radiolitoral.com\/#organization"},"alternateName":"Litoral FM","potentialAction":[{"@type":"SearchAction","target":{"@type":"EntryPoint","urlTemplate":"https:\/\/radiolitoral.com\/?s={search_term_string}"},"query-input":{"@type":"PropertyValueSpecification","valueRequired":true,"valueName":"search_term_string"}}],"inLanguage":"ca"},{"@type":"Organization","@id":"https:\/\/radiolitoral.com\/#organization","name":"R\u00e0dio Litoral","url":"https:\/\/radiolitoral.com\/","logo":{"@type":"ImageObject","inLanguage":"ca","@id":"https:\/\/radiolitoral.com\/#\/schema\/logo\/image\/","url":"https:\/\/media.radiolitoral.com\/wp-content\/uploads\/2023\/02\/24143238\/CL-V-RadioLitoral696.png","contentUrl":"https:\/\/media.radiolitoral.com\/wp-content\/uploads\/2023\/02\/24143238\/CL-V-RadioLitoral696.png","width":696,"height":696,"caption":"Radio Litoral"},"image":{"@id":"https:\/\/radiolitoral.com\/#\/schema\/logo\/image\/"},"sameAs":["https:\/\/www.facebook.com\/Laradiolitoral\/"]},{"@type":"Person","@id":"https:\/\/radiolitoral.com\/#\/schema\/person\/f2b2343c49b5d721857cc1002bfdb151","name":"Redacci\u00f3","image":{"@type":"ImageObject","inLanguage":"ca","@id":"https:\/\/secure.gravatar.com\/avatar\/f771d896c203ad8b3382d7905cfcce5a5c9b008b84b3cd9114e9b9f4cb63f789?s=96&d=mm&r=g","url":"https:\/\/secure.gravatar.com\/avatar\/f771d896c203ad8b3382d7905cfcce5a5c9b008b84b3cd9114e9b9f4cb63f789?s=96&d=mm&r=g","contentUrl":"https:\/\/secure.gravatar.com\/avatar\/f771d896c203ad8b3382d7905cfcce5a5c9b008b84b3cd9114e9b9f4cb63f789?s=96&d=mm&r=g","caption":"Redacci\u00f3n"},"url":"https:\/\/radiolitoral.com\/ca\/author\/miriam-pagan\/"}]}},"_links":{"self":[{"href":"https:\/\/radiolitoral.com\/ca\/wp-json\/wp\/v2\/posts\/13542","targetHints":{"allow":["GET"]}}],"collection":[{"href":"https:\/\/radiolitoral.com\/ca\/wp-json\/wp\/v2\/posts"}],"about":[{"href":"https:\/\/radiolitoral.com\/ca\/wp-json\/wp\/v2\/types\/post"}],"author":[{"embeddable":true,"href":"https:\/\/radiolitoral.com\/ca\/wp-json\/wp\/v2\/users\/13"}],"replies":[{"embeddable":true,"href":"https:\/\/radiolitoral.com\/ca\/wp-json\/wp\/v2\/comments?post=13542"}],"version-history":[{"count":3,"href":"https:\/\/radiolitoral.com\/ca\/wp-json\/wp\/v2\/posts\/13542\/revisions"}],"predecessor-version":[{"id":13555,"href":"https:\/\/radiolitoral.com\/ca\/wp-json\/wp\/v2\/posts\/13542\/revisions\/13555"}],"wp:featuredmedia":[{"embeddable":true,"href":"https:\/\/radiolitoral.com\/ca\/wp-json\/wp\/v2\/media\/13544"}],"wp:attachment":[{"href":"https:\/\/radiolitoral.com\/ca\/wp-json\/wp\/v2\/media?parent=13542"}],"wp:term":[{"taxonomy":"category","embeddable":true,"href":"https:\/\/radiolitoral.com\/ca\/wp-json\/wp\/v2\/categories?post=13542"},{"taxonomy":"post_tag","embeddable":true,"href":"https:\/\/radiolitoral.com\/ca\/wp-json\/wp\/v2\/tags?post=13542"}],"curies":[{"name":"wp","href":"https:\/\/api.w.org\/{rel}","templated":true}]}}