{"id":13530,"date":"2024-12-04T10:25:20","date_gmt":"2024-12-04T09:25:20","guid":{"rendered":"https:\/\/radiolitoral.com\/?p=13530"},"modified":"2024-12-04T10:25:20","modified_gmt":"2024-12-04T09:25:20","slug":"finalitzen-les-obres-al-camp-de-futbol-dondara","status":"publish","type":"post","link":"https:\/\/radiolitoral.com\/ca\/2024\/12\/finalitzen-les-obres-en-el-camp-de-futbol-dondara\/","title":{"rendered":"Finalitzen les obres al camp de futbol d&#039;Ondara"},"content":{"rendered":"<p>L&#039;<strong>Ajuntament d&#039;Ondara<\/strong> ha recepcionat les obres de renovaci\u00f3 de la <strong>gespa artificial<\/strong> del <strong>Camp de Futbol del Poliesportiu Municipal Vicent Saragossa<\/strong> d&#039;Ondara. Un projecte finan\u00e7at \u00edntegrament per la <strong>Diputaci\u00f3 Provincial d&#039;Alacant<\/strong>, que s&#039;ha fet c\u00e0rrec de la contractaci\u00f3 del projecte i la direcci\u00f3 d&#039;obra. Avui, despr\u00e9s de resoldre les \u00faltimes defici\u00e8ncies dins del termini previst de <strong>tres mesos<\/strong> (les obres van comen\u00e7ar el <strong>1 de setembre<\/strong>), la Diputaci\u00f3 ha lliurat oficialment les obres a l&#039;Ajuntament.<\/p>\n<p>L&#039;<strong>Alcalde, Jos\u00e9 Ramiro<\/strong>, el <strong>Regidor d&#039;Esports, Jordi Ruiz<\/strong>, i el <strong>Regidor de Manteniment, Miguel Gomis<\/strong>, van visitar la setmana passada l&#039;avan\u00e7 de les obres, acompanyats pels t\u00e8cnics de la Diputaci\u00f3, per rebre les explicacions sobre l&#039;estat de les tasques realitzades. Els t\u00e8cnics de la Diputaci\u00f3 han destacat que les obres compten amb <strong>un any de garantia<\/strong>.<\/p>\n<p>Finalment, les darreres defici\u00e8ncies detectades en el projecte han estat solucionades segons el comprom\u00eds adquirit per la <strong>Diputaci\u00f3<\/strong>, i el <strong>camp de futbol d&#039;Ondara<\/strong> reobrir\u00e0 les portes aquest dimarts, <strong>3 de desembre<\/strong>, per al gaudi dels seus usuaris. Fins ara, els equips s&#039;havien vist obligats a traslladar-se a altres poblacions per als partits i entrenaments, una situaci\u00f3 que va comen\u00e7ar a principis de setembre.<\/p>\n<p>Des de la <strong>Regidoria d&#039;Esports<\/strong> s&#039;ha informat que els entrenaments es reprendran al camp de futbol a partir del <strong>dimarts 3 de desembre<\/strong>. Els partits es tornaran a disputar amb normalitat a <strong>Ondara<\/strong> una vegada es comuniquin les dates a les <strong>federacions<\/strong> corresponents.<\/p>\n<p>Pel que fa als <strong>vestuaris<\/strong>, estaran en funcionament des del mateix dimarts, tot i que els <strong>dutxes<\/strong> no es podran utilitzar fins que no arribin els resultats dels an\u00e0lisis de les aig\u00fces. <strong>tres mesos de des\u00fas<\/strong> de les instal\u00b7lacions, amb l&#039;objectiu d&#039;evitar possibles problemes de salut i garantir la seguretat davant de possibles casos de <strong>legionel\u00b7la<\/strong>. Per aquest motiu, les dutxes estaran precintades fins que es garanteixi la seva seguretat.<\/p>\n<h2>Agra\u00efments per la paci\u00e8ncia dels usuaris<\/h2>\n<p>El <strong>Regidor d&#039;Esports, Jordi Ruiz<\/strong>, ha volgut agrader la paci\u00e8ncia dels usuaris i les seves fam\u00edlies, que durant aquests darrers tres mesos han hagut de despla\u00e7ar-se a altres poblacions per practicar futbol. Amb aquesta renovaci\u00f3 i el compliment dels terminis, l&#039;<strong>Ajuntament d&#039;Ondara<\/strong> \u00e9s mostra satisfet de poder reprendre l&#039;activitat al <strong>Camp de Futbol Vicent Saragossa<\/strong>, oferint aix\u00ed un espai modernitzat i de qualitat per als esportistes de la localitat.<\/p>","protected":false},"excerpt":{"rendered":"<p>L&#8217;Ajuntament d&#8217;Ondara ha recepcionat les obres de renovaci\u00f3 de la gespa artificial del Camp de Futbol del Poliesportiu Municipal Vicent Zaragoza d&#8217;Ondara. Un projecte finan\u00e7at \u00edntegrament per la Diputaci\u00f3 Provincial d&#8217;Alacant, que s&#8217;ha fet c\u00e0rrec de la contractaci\u00f3 del projecte i la direcci\u00f3 d&#8217;obra. Avui, despr\u00e9s de resoldre les \u00faltimes defici\u00e8ncies dins del termini previst [&#8230;]<\/p>\n<p><a class=\"btn btn-secondary understrap-read-more-link\" href=\"https:\/\/radiolitoral.com\/ca\/2024\/12\/finalitzen-les-obres-en-el-camp-de-futbol-dondara\/\">Continua llegint&#8230;<span class=\"screen-reader-text\"> from Finalitzen les obres en el camp de futbol d&#8217;Ondara<\/span><\/a><\/p>\n","protected":false},"author":12,"featured_media":13531,"comment_status":"open","ping_status":"closed","sticky":false,"template":"","format":"standard","meta":{"_acf_changed":false,"inline_featured_image":false,"footnotes":""},"categories":[5],"tags":[2075,2923,6,1862,771,2922],"class_list":["post-13530","post","type-post","status-publish","format-standard","has-post-thumbnail","hentry","category-deportes","tag-ajuntament-dondara","tag-camp-de-futbol-dondara","tag-deportes","tag-jordi-ruiz","tag-jose-ramiro","tag-miguel-gomis","cobertura-ondara"],"acf":[],"yoast_head":"<!-- This site is optimized with the Yoast SEO plugin v27.5 - https:\/\/yoast.com\/product\/yoast-seo-wordpress\/ -->\n<title>Finalitzen les obres en el camp de futbol d&#039;Ondara | R\u00e0dio Litoral<\/title>\n<meta name=\"description\" content=\"L&#039;ajuntament ha recepcionat les obres i reobri la instal\u00b7laci\u00f3 per als usuaris\" \/>\n<meta name=\"robots\" content=\"index, follow, max-snippet:-1, max-image-preview:large, max-video-preview:-1\" \/>\n<link rel=\"canonical\" href=\"https:\/\/radiolitoral.com\/ca\/2024\/12\/finalitzen-les-obres-al-camp-de-futbol-dondara\/\" \/>\n<meta property=\"og:locale\" content=\"ca_ES\" \/>\n<meta property=\"og:type\" content=\"article\" \/>\n<meta property=\"og:title\" content=\"Finalitzen les obres en el camp de futbol d&#039;Ondara | R\u00e0dio Litoral\" \/>\n<meta property=\"og:description\" content=\"L&#039;ajuntament ha recepcionat les obres i reobri la instal\u00b7laci\u00f3 per als usuaris\" \/>\n<meta property=\"og:url\" content=\"https:\/\/radiolitoral.com\/ca\/2024\/12\/finalitzen-les-obres-al-camp-de-futbol-dondara\/\" \/>\n<meta property=\"og:site_name\" content=\"R\u00e0dio Litoral\" \/>\n<meta property=\"article:publisher\" content=\"https:\/\/www.facebook.com\/Laradiolitoral\/\" \/>\n<meta property=\"article:published_time\" content=\"2024-12-04T09:25:20+00:00\" \/>\n<meta property=\"og:image\" content=\"https:\/\/media.radiolitoral.com\/wp-content\/uploads\/2024\/12\/04102459\/gespa-futbol-acabada-17.jpg\" \/>\n\t<meta property=\"og:image:width\" content=\"1024\" \/>\n\t<meta property=\"og:image:height\" content=\"683\" \/>\n\t<meta property=\"og:image:type\" content=\"image\/jpeg\" \/>\n<meta name=\"author\" content=\"Javier Zamora\" \/>\n<meta name=\"twitter:card\" content=\"summary_large_image\" \/>\n<meta name=\"twitter:label1\" content=\"Escrit per\" \/>\n\t<meta name=\"twitter:data1\" content=\"Javier Zamora\" \/>\n\t<meta name=\"twitter:label2\" content=\"Temps estimat de lectura\" \/>\n\t<meta name=\"twitter:data2\" content=\"3 minuts\" \/>\n<script type=\"application\/ld+json\" class=\"yoast-schema-graph\">{\"@context\":\"https:\\\/\\\/schema.org\",\"@graph\":[{\"@type\":\"NewsArticle\",\"@id\":\"https:\\\/\\\/radiolitoral.com\\\/2024\\\/12\\\/finalitzen-les-obres-en-el-camp-de-futbol-dondara\\\/#article\",\"isPartOf\":{\"@id\":\"https:\\\/\\\/radiolitoral.com\\\/2024\\\/12\\\/finalitzen-les-obres-en-el-camp-de-futbol-dondara\\\/\"},\"author\":{\"name\":\"Javier Zamora\",\"@id\":\"https:\\\/\\\/radiolitoral.com\\\/#\\\/schema\\\/person\\\/7b1480b5caeb5acdd4ec6379caf62b22\"},\"headline\":\"Finalitzen les obres en el camp de futbol d&#8217;Ondara\",\"datePublished\":\"2024-12-04T09:25:20+00:00\",\"mainEntityOfPage\":{\"@id\":\"https:\\\/\\\/radiolitoral.com\\\/2024\\\/12\\\/finalitzen-les-obres-en-el-camp-de-futbol-dondara\\\/\"},\"wordCount\":444,\"commentCount\":0,\"publisher\":{\"@id\":\"https:\\\/\\\/radiolitoral.com\\\/#organization\"},\"image\":{\"@id\":\"https:\\\/\\\/radiolitoral.com\\\/2024\\\/12\\\/finalitzen-les-obres-en-el-camp-de-futbol-dondara\\\/#primaryimage\"},\"thumbnailUrl\":\"https:\\\/\\\/media.radiolitoral.com\\\/wp-content\\\/uploads\\\/2024\\\/12\\\/04102459\\\/gespa-futbol-acabada-17.jpg\",\"keywords\":[\"Ajuntament d\u2019Ondara\",\"camp de futbol d'Ondara\",\"deportes\",\"Jordi Ruiz\",\"Jos\u00e9 Ramiro\",\"Miguel Gomis\"],\"articleSection\":[\"Deportes\"],\"inLanguage\":\"ca\",\"potentialAction\":[{\"@type\":\"CommentAction\",\"name\":\"Comment\",\"target\":[\"https:\\\/\\\/radiolitoral.com\\\/2024\\\/12\\\/finalitzen-les-obres-en-el-camp-de-futbol-dondara\\\/#respond\"]}]},{\"@type\":[\"WebPage\",\"ItemPage\"],\"@id\":\"https:\\\/\\\/radiolitoral.com\\\/2024\\\/12\\\/finalitzen-les-obres-en-el-camp-de-futbol-dondara\\\/\",\"url\":\"https:\\\/\\\/radiolitoral.com\\\/2024\\\/12\\\/finalitzen-les-obres-en-el-camp-de-futbol-dondara\\\/\",\"name\":\"Finalitzen les obres en el camp de futbol d'Ondara | R\u00e0dio Litoral\",\"isPartOf\":{\"@id\":\"https:\\\/\\\/radiolitoral.com\\\/#website\"},\"primaryImageOfPage\":{\"@id\":\"https:\\\/\\\/radiolitoral.com\\\/2024\\\/12\\\/finalitzen-les-obres-en-el-camp-de-futbol-dondara\\\/#primaryimage\"},\"image\":{\"@id\":\"https:\\\/\\\/radiolitoral.com\\\/2024\\\/12\\\/finalitzen-les-obres-en-el-camp-de-futbol-dondara\\\/#primaryimage\"},\"thumbnailUrl\":\"https:\\\/\\\/media.radiolitoral.com\\\/wp-content\\\/uploads\\\/2024\\\/12\\\/04102459\\\/gespa-futbol-acabada-17.jpg\",\"datePublished\":\"2024-12-04T09:25:20+00:00\",\"description\":\"L'ajuntament ha recepcionat les obres i reobri la instal\u00b7laci\u00f3 per als usuaris\",\"breadcrumb\":{\"@id\":\"https:\\\/\\\/radiolitoral.com\\\/2024\\\/12\\\/finalitzen-les-obres-en-el-camp-de-futbol-dondara\\\/#breadcrumb\"},\"inLanguage\":\"ca\",\"potentialAction\":[{\"@type\":\"ReadAction\",\"target\":[\"https:\\\/\\\/radiolitoral.com\\\/2024\\\/12\\\/finalitzen-les-obres-en-el-camp-de-futbol-dondara\\\/\"]}]},{\"@type\":\"ImageObject\",\"inLanguage\":\"ca\",\"@id\":\"https:\\\/\\\/radiolitoral.com\\\/2024\\\/12\\\/finalitzen-les-obres-en-el-camp-de-futbol-dondara\\\/#primaryimage\",\"url\":\"https:\\\/\\\/media.radiolitoral.com\\\/wp-content\\\/uploads\\\/2024\\\/12\\\/04102459\\\/gespa-futbol-acabada-17.jpg\",\"contentUrl\":\"https:\\\/\\\/media.radiolitoral.com\\\/wp-content\\\/uploads\\\/2024\\\/12\\\/04102459\\\/gespa-futbol-acabada-17.jpg\",\"width\":1024,\"height\":683},{\"@type\":\"BreadcrumbList\",\"@id\":\"https:\\\/\\\/radiolitoral.com\\\/2024\\\/12\\\/finalitzen-les-obres-en-el-camp-de-futbol-dondara\\\/#breadcrumb\",\"itemListElement\":[{\"@type\":\"ListItem\",\"position\":1,\"name\":\"Portada\",\"item\":\"https:\\\/\\\/radiolitoral.com\\\/\"},{\"@type\":\"ListItem\",\"position\":2,\"name\":\"Finalitzen les obres en el camp de futbol d&#8217;Ondara\"}]},{\"@type\":\"WebSite\",\"@id\":\"https:\\\/\\\/radiolitoral.com\\\/#website\",\"url\":\"https:\\\/\\\/radiolitoral.com\\\/\",\"name\":\"Radio Litoral\",\"description\":\"La radio local de la Marina Alta\",\"publisher\":{\"@id\":\"https:\\\/\\\/radiolitoral.com\\\/#organization\"},\"alternateName\":\"Litoral FM\",\"potentialAction\":[{\"@type\":\"SearchAction\",\"target\":{\"@type\":\"EntryPoint\",\"urlTemplate\":\"https:\\\/\\\/radiolitoral.com\\\/?s={search_term_string}\"},\"query-input\":{\"@type\":\"PropertyValueSpecification\",\"valueRequired\":true,\"valueName\":\"search_term_string\"}}],\"inLanguage\":\"ca\"},{\"@type\":\"Organization\",\"@id\":\"https:\\\/\\\/radiolitoral.com\\\/#organization\",\"name\":\"Radio Litoral\",\"url\":\"https:\\\/\\\/radiolitoral.com\\\/\",\"logo\":{\"@type\":\"ImageObject\",\"inLanguage\":\"ca\",\"@id\":\"https:\\\/\\\/radiolitoral.com\\\/#\\\/schema\\\/logo\\\/image\\\/\",\"url\":\"https:\\\/\\\/media.radiolitoral.com\\\/wp-content\\\/uploads\\\/2023\\\/02\\\/24143238\\\/CL-V-RadioLitoral696.png\",\"contentUrl\":\"https:\\\/\\\/media.radiolitoral.com\\\/wp-content\\\/uploads\\\/2023\\\/02\\\/24143238\\\/CL-V-RadioLitoral696.png\",\"width\":696,\"height\":696,\"caption\":\"Radio Litoral\"},\"image\":{\"@id\":\"https:\\\/\\\/radiolitoral.com\\\/#\\\/schema\\\/logo\\\/image\\\/\"},\"sameAs\":[\"https:\\\/\\\/www.facebook.com\\\/Laradiolitoral\\\/\"]},{\"@type\":\"Person\",\"@id\":\"https:\\\/\\\/radiolitoral.com\\\/#\\\/schema\\\/person\\\/7b1480b5caeb5acdd4ec6379caf62b22\",\"name\":\"Javier Zamora\",\"image\":{\"@type\":\"ImageObject\",\"inLanguage\":\"ca\",\"@id\":\"https:\\\/\\\/secure.gravatar.com\\\/avatar\\\/467a11f6918c7d619c4043fc6fa2d3853053107973f05b6e9c04ea6c4e3a7b3f?s=96&d=mm&r=g\",\"url\":\"https:\\\/\\\/secure.gravatar.com\\\/avatar\\\/467a11f6918c7d619c4043fc6fa2d3853053107973f05b6e9c04ea6c4e3a7b3f?s=96&d=mm&r=g\",\"contentUrl\":\"https:\\\/\\\/secure.gravatar.com\\\/avatar\\\/467a11f6918c7d619c4043fc6fa2d3853053107973f05b6e9c04ea6c4e3a7b3f?s=96&d=mm&r=g\",\"caption\":\"Javier Zamora\"},\"url\":\"https:\\\/\\\/radiolitoral.com\\\/ca\\\/author\\\/javier-zamora\\\/\"}]}<\/script>\n<!-- \/ Yoast SEO plugin. -->","yoast_head_json":{"title":"Finalitzen les obres al camp de futbol d&#039;Ondara | R\u00e0dio Litoral","description":"L&#039;ajuntament ha rebut les obres i reobre la instal\u00b7laci\u00f3 per als usuaris","robots":{"index":"index","follow":"follow","max-snippet":"max-snippet:-1","max-image-preview":"max-image-preview:large","max-video-preview":"max-video-preview:-1"},"canonical":"https:\/\/radiolitoral.com\/ca\/2024\/12\/finalitzen-les-obres-al-camp-de-futbol-dondara\/","og_locale":"ca_ES","og_type":"article","og_title":"Finalitzen les obres en el camp de futbol d'Ondara | R\u00e0dio Litoral","og_description":"L'ajuntament ha recepcionat les obres i reobri la instal\u00b7laci\u00f3 per als usuaris","og_url":"https:\/\/radiolitoral.com\/ca\/2024\/12\/finalitzen-les-obres-al-camp-de-futbol-dondara\/","og_site_name":"R\u00e0dio Litoral","article_publisher":"https:\/\/www.facebook.com\/Laradiolitoral\/","article_published_time":"2024-12-04T09:25:20+00:00","og_image":[{"width":1024,"height":683,"url":"https:\/\/media.radiolitoral.com\/wp-content\/uploads\/2024\/12\/04102459\/gespa-futbol-acabada-17.jpg","type":"image\/jpeg"}],"author":"Javier Zamora","twitter_card":"summary_large_image","twitter_misc":{"Escrit per":"Javier Zamora","Temps estimat de lectura":"3 minuts"},"schema":{"@context":"https:\/\/schema.org","@graph":[{"@type":"NewsArticle","@id":"https:\/\/radiolitoral.com\/2024\/12\/finalitzen-les-obres-en-el-camp-de-futbol-dondara\/#article","isPartOf":{"@id":"https:\/\/radiolitoral.com\/2024\/12\/finalitzen-les-obres-en-el-camp-de-futbol-dondara\/"},"author":{"name":"Javier Zamora","@id":"https:\/\/radiolitoral.com\/#\/schema\/person\/7b1480b5caeb5acdd4ec6379caf62b22"},"headline":"Finalitzen les obres en el camp de futbol d&#8217;Ondara","datePublished":"2024-12-04T09:25:20+00:00","mainEntityOfPage":{"@id":"https:\/\/radiolitoral.com\/2024\/12\/finalitzen-les-obres-en-el-camp-de-futbol-dondara\/"},"wordCount":444,"commentCount":0,"publisher":{"@id":"https:\/\/radiolitoral.com\/#organization"},"image":{"@id":"https:\/\/radiolitoral.com\/2024\/12\/finalitzen-les-obres-en-el-camp-de-futbol-dondara\/#primaryimage"},"thumbnailUrl":"https:\/\/media.radiolitoral.com\/wp-content\/uploads\/2024\/12\/04102459\/gespa-futbol-acabada-17.jpg","keywords":["Ajuntament d\u2019Ondara","camp de futbol d'Ondara","deportes","Jordi Ruiz","Jos\u00e9 Ramiro","Miguel Gomis"],"articleSection":["Deportes"],"inLanguage":"ca","potentialAction":[{"@type":"CommentAction","name":"Comment","target":["https:\/\/radiolitoral.com\/2024\/12\/finalitzen-les-obres-en-el-camp-de-futbol-dondara\/#respond"]}]},{"@type":["WebPage","ItemPage"],"@id":"https:\/\/radiolitoral.com\/2024\/12\/finalitzen-les-obres-en-el-camp-de-futbol-dondara\/","url":"https:\/\/radiolitoral.com\/2024\/12\/finalitzen-les-obres-en-el-camp-de-futbol-dondara\/","name":"Finalitzen les obres al camp de futbol d&#039;Ondara | R\u00e0dio Litoral","isPartOf":{"@id":"https:\/\/radiolitoral.com\/#website"},"primaryImageOfPage":{"@id":"https:\/\/radiolitoral.com\/2024\/12\/finalitzen-les-obres-en-el-camp-de-futbol-dondara\/#primaryimage"},"image":{"@id":"https:\/\/radiolitoral.com\/2024\/12\/finalitzen-les-obres-en-el-camp-de-futbol-dondara\/#primaryimage"},"thumbnailUrl":"https:\/\/media.radiolitoral.com\/wp-content\/uploads\/2024\/12\/04102459\/gespa-futbol-acabada-17.jpg","datePublished":"2024-12-04T09:25:20+00:00","description":"L&#039;ajuntament ha rebut les obres i reobre la instal\u00b7laci\u00f3 per als usuaris","breadcrumb":{"@id":"https:\/\/radiolitoral.com\/2024\/12\/finalitzen-les-obres-en-el-camp-de-futbol-dondara\/#breadcrumb"},"inLanguage":"ca","potentialAction":[{"@type":"ReadAction","target":["https:\/\/radiolitoral.com\/2024\/12\/finalitzen-les-obres-en-el-camp-de-futbol-dondara\/"]}]},{"@type":"ImageObject","inLanguage":"ca","@id":"https:\/\/radiolitoral.com\/2024\/12\/finalitzen-les-obres-en-el-camp-de-futbol-dondara\/#primaryimage","url":"https:\/\/media.radiolitoral.com\/wp-content\/uploads\/2024\/12\/04102459\/gespa-futbol-acabada-17.jpg","contentUrl":"https:\/\/media.radiolitoral.com\/wp-content\/uploads\/2024\/12\/04102459\/gespa-futbol-acabada-17.jpg","width":1024,"height":683},{"@type":"BreadcrumbList","@id":"https:\/\/radiolitoral.com\/2024\/12\/finalitzen-les-obres-en-el-camp-de-futbol-dondara\/#breadcrumb","itemListElement":[{"@type":"ListItem","position":1,"name":"Portada","item":"https:\/\/radiolitoral.com\/"},{"@type":"ListItem","position":2,"name":"Finalitzen les obres en el camp de futbol d&#8217;Ondara"}]},{"@type":"WebSite","@id":"https:\/\/radiolitoral.com\/#website","url":"https:\/\/radiolitoral.com\/","name":"R\u00e0dio Litoral","description":"La r\u00e0dio local de la Marina Alta","publisher":{"@id":"https:\/\/radiolitoral.com\/#organization"},"alternateName":"Litoral FM","potentialAction":[{"@type":"SearchAction","target":{"@type":"EntryPoint","urlTemplate":"https:\/\/radiolitoral.com\/?s={search_term_string}"},"query-input":{"@type":"PropertyValueSpecification","valueRequired":true,"valueName":"search_term_string"}}],"inLanguage":"ca"},{"@type":"Organization","@id":"https:\/\/radiolitoral.com\/#organization","name":"R\u00e0dio Litoral","url":"https:\/\/radiolitoral.com\/","logo":{"@type":"ImageObject","inLanguage":"ca","@id":"https:\/\/radiolitoral.com\/#\/schema\/logo\/image\/","url":"https:\/\/media.radiolitoral.com\/wp-content\/uploads\/2023\/02\/24143238\/CL-V-RadioLitoral696.png","contentUrl":"https:\/\/media.radiolitoral.com\/wp-content\/uploads\/2023\/02\/24143238\/CL-V-RadioLitoral696.png","width":696,"height":696,"caption":"Radio Litoral"},"image":{"@id":"https:\/\/radiolitoral.com\/#\/schema\/logo\/image\/"},"sameAs":["https:\/\/www.facebook.com\/Laradiolitoral\/"]},{"@type":"Person","@id":"https:\/\/radiolitoral.com\/#\/schema\/person\/7b1480b5caeb5acdd4ec6379caf62b22","name":"Javier Zamora","image":{"@type":"ImageObject","inLanguage":"ca","@id":"https:\/\/secure.gravatar.com\/avatar\/467a11f6918c7d619c4043fc6fa2d3853053107973f05b6e9c04ea6c4e3a7b3f?s=96&d=mm&r=g","url":"https:\/\/secure.gravatar.com\/avatar\/467a11f6918c7d619c4043fc6fa2d3853053107973f05b6e9c04ea6c4e3a7b3f?s=96&d=mm&r=g","contentUrl":"https:\/\/secure.gravatar.com\/avatar\/467a11f6918c7d619c4043fc6fa2d3853053107973f05b6e9c04ea6c4e3a7b3f?s=96&d=mm&r=g","caption":"Javier Zamora"},"url":"https:\/\/radiolitoral.com\/ca\/author\/javier-zamora\/"}]}},"_links":{"self":[{"href":"https:\/\/radiolitoral.com\/ca\/wp-json\/wp\/v2\/posts\/13530","targetHints":{"allow":["GET"]}}],"collection":[{"href":"https:\/\/radiolitoral.com\/ca\/wp-json\/wp\/v2\/posts"}],"about":[{"href":"https:\/\/radiolitoral.com\/ca\/wp-json\/wp\/v2\/types\/post"}],"author":[{"embeddable":true,"href":"https:\/\/radiolitoral.com\/ca\/wp-json\/wp\/v2\/users\/12"}],"replies":[{"embeddable":true,"href":"https:\/\/radiolitoral.com\/ca\/wp-json\/wp\/v2\/comments?post=13530"}],"version-history":[{"count":2,"href":"https:\/\/radiolitoral.com\/ca\/wp-json\/wp\/v2\/posts\/13530\/revisions"}],"predecessor-version":[{"id":13533,"href":"https:\/\/radiolitoral.com\/ca\/wp-json\/wp\/v2\/posts\/13530\/revisions\/13533"}],"wp:featuredmedia":[{"embeddable":true,"href":"https:\/\/radiolitoral.com\/ca\/wp-json\/wp\/v2\/media\/13531"}],"wp:attachment":[{"href":"https:\/\/radiolitoral.com\/ca\/wp-json\/wp\/v2\/media?parent=13530"}],"wp:term":[{"taxonomy":"category","embeddable":true,"href":"https:\/\/radiolitoral.com\/ca\/wp-json\/wp\/v2\/categories?post=13530"},{"taxonomy":"post_tag","embeddable":true,"href":"https:\/\/radiolitoral.com\/ca\/wp-json\/wp\/v2\/tags?post=13530"}],"curies":[{"name":"wp","href":"https:\/\/api.w.org\/{rel}","templated":true}]}}