{"id":13525,"date":"2024-12-04T10:15:05","date_gmt":"2024-12-04T09:15:05","guid":{"rendered":"https:\/\/radiolitoral.com\/?p=13525"},"modified":"2024-12-04T10:15:05","modified_gmt":"2024-12-04T09:15:05","slug":"el-cd-denia-rep-la-visita-de-lhercules-b","status":"publish","type":"post","link":"https:\/\/radiolitoral.com\/ca\/2024\/12\/el-cd-denia-rep-la-visita-de-lhercules-b\/","title":{"rendered":"El CD D\u00e9nia rep la visita de l&#039;H\u00e8rcules B"},"content":{"rendered":"<p>El <strong>CD D\u00e9nia<\/strong> aborda aquest <strong>mi\u00e9rcoles<\/strong>, al camp Diego Mena, a les <strong>20 hores<\/strong>, un dol molt interessant davant l&#039;<strong>H\u00e8rcules B<\/strong>. Aquest partit correspon a la jornada 8, primera que va quedar ajornada per la\u00a0<span class=\"hiddenSpellError\">DANA<\/span>. El partit estar\u00e0 arbitrat pel col\u00b7legiat,\u00a0<strong><span class=\"hiddenSpellError\">Tarik<\/span>\u00a0<span class=\"hiddenSpellError\">Hendel<\/span><\/strong>.<\/p>\n<p>Els\u00a0<span class=\"hiddenSpellError\">dianencs<\/span>\u00a0despr\u00e9s de la pobre imatge donada el diumenge passat davant L&#039;<strong>Olleria\u00a0<span class=\"hiddenSpellError\">CF<\/span><\/strong>, busquin redimir-se de la seva afici\u00f3, per a qui han treballat amb intensitat amb l&#039;objectiu de sumar els tres punts en joc.<\/p>\n<p>Amb vista a aquest enfrontament, l&#039;entrenador\u00a0<strong><span class=\"hiddenSpellError\">Juanjo<\/span>\u00a0Antol\u00ed<\/strong>, sembla que continua confiant plenament en l&#039;equip que va sortir d&#039;inici a l&#039;\u00faltima jornada pel que no sembla que hi hagi canvis.<\/p>\n<p>El xoc es presenta complicat, ja que els\u00a0<span class=\"hiddenSpellError\">herculans<\/span>\u00a0arribin en un bon moment de forma, han guanyat els tres darrers partits que han jugat, dos d&#039;ells actuant com a visitants. Una traject\u00f2ria positiva que els ha portat a situar-se al tercer lloc de la classificaci\u00f3.<\/p>\n<p>L&#039;horari del partit sembla que ser\u00e0 un h\u00e0ndicap per als aficionats, ja que a les 20 hores sol fer for\u00e7a humitat i fred perqu\u00e8 \u00e9s presumeix que l&#039;entrada no ser\u00e0 nombrosa.<\/p>","protected":false},"excerpt":{"rendered":"<p>El CD D\u00e9nia aborda este dimecres, en el camp Diego Mena, a les 20 hores, un dol molt interessant davant l&#8217;H\u00e8rcules B. Este partit correspon a la jornada 8, primera que va quedar ajornada per la\u00a0DANA. El partit estar\u00e0 arbitrat pel col\u00b7legiat,\u00a0Tarik\u00a0Hendel. Els\u00a0dianenses\u00a0despr\u00e9s de la pobra imatge donada diumenge passat davant L&#8217;Olleria\u00a0CF, busquen redimir-se de [&#8230;]<\/p>\n<p><a class=\"btn btn-secondary understrap-read-more-link\" href=\"https:\/\/radiolitoral.com\/ca\/2024\/12\/el-cd-denia-rep-la-visita-de-lhercules-b\/\">Continua llegint&#8230;<span class=\"screen-reader-text\"> from El CD D\u00e9nia rep la visita de l&#8217;H\u00e8rcules B<\/span><\/a><\/p>\n","protected":false},"author":12,"featured_media":13526,"comment_status":"open","ping_status":"closed","sticky":false,"template":"","format":"standard","meta":{"_acf_changed":false,"inline_featured_image":false,"footnotes":""},"categories":[5],"tags":[893,6,1333,895,1248],"class_list":["post-13525","post","type-post","status-publish","format-standard","has-post-thumbnail","hentry","category-deportes","tag-cd-denia","tag-deportes","tag-hercules-b","tag-juanjo-antoli","tag-lolleria-cf","cobertura-denia"],"acf":[],"yoast_head":"<!-- This site is optimized with the Yoast SEO plugin v27.5 - https:\/\/yoast.com\/product\/yoast-seo-wordpress\/ -->\n<title>El CD D\u00e9nia rep la visita de l&#039;H\u00e8rcules B | R\u00e0dio Litoral<\/title>\n<meta name=\"description\" content=\"Partit complicat per als locals en mesurar-se a un rival que travessa un bon moment de jocPartit complicat per als locals en mesurar-se a un rival que travessa un bon moment de joc\" \/>\n<meta name=\"robots\" content=\"index, follow, max-snippet:-1, max-image-preview:large, max-video-preview:-1\" \/>\n<link rel=\"canonical\" href=\"https:\/\/radiolitoral.com\/ca\/2024\/12\/el-cd-denia-rep-la-visita-de-lhercules-b\/\" \/>\n<meta property=\"og:locale\" content=\"ca_ES\" \/>\n<meta property=\"og:type\" content=\"article\" \/>\n<meta property=\"og:title\" content=\"El CD D\u00e9nia rep la visita de l&#039;H\u00e8rcules B | R\u00e0dio Litoral\" \/>\n<meta property=\"og:description\" content=\"Partit complicat per als locals en mesurar-se a un rival que travessa un bon moment de jocPartit complicat per als locals en mesurar-se a un rival que travessa un bon moment de joc\" \/>\n<meta property=\"og:url\" content=\"https:\/\/radiolitoral.com\/ca\/2024\/12\/el-cd-denia-rep-la-visita-de-lhercules-b\/\" \/>\n<meta property=\"og:site_name\" content=\"R\u00e0dio Litoral\" \/>\n<meta property=\"article:publisher\" content=\"https:\/\/www.facebook.com\/Laradiolitoral\/\" \/>\n<meta property=\"article:published_time\" content=\"2024-12-04T09:15:05+00:00\" \/>\n<meta property=\"og:image\" content=\"https:\/\/media.radiolitoral.com\/wp-content\/uploads\/2024\/12\/04101336\/DSC_0274-scaled.jpg\" \/>\n\t<meta property=\"og:image:width\" content=\"2560\" \/>\n\t<meta property=\"og:image:height\" content=\"1707\" \/>\n\t<meta property=\"og:image:type\" content=\"image\/jpeg\" \/>\n<meta name=\"author\" content=\"Javier Zamora\" \/>\n<meta name=\"twitter:card\" content=\"summary_large_image\" \/>\n<meta name=\"twitter:label1\" content=\"Escrit per\" \/>\n\t<meta name=\"twitter:data1\" content=\"Javier Zamora\" \/>\n\t<meta name=\"twitter:label2\" content=\"Temps estimat de lectura\" \/>\n\t<meta name=\"twitter:data2\" content=\"2 minuts\" \/>\n<script type=\"application\/ld+json\" class=\"yoast-schema-graph\">{\"@context\":\"https:\\\/\\\/schema.org\",\"@graph\":[{\"@type\":\"NewsArticle\",\"@id\":\"https:\\\/\\\/radiolitoral.com\\\/2024\\\/12\\\/el-cd-denia-rep-la-visita-de-lhercules-b\\\/#article\",\"isPartOf\":{\"@id\":\"https:\\\/\\\/radiolitoral.com\\\/2024\\\/12\\\/el-cd-denia-rep-la-visita-de-lhercules-b\\\/\"},\"author\":{\"name\":\"Javier Zamora\",\"@id\":\"https:\\\/\\\/radiolitoral.com\\\/#\\\/schema\\\/person\\\/7b1480b5caeb5acdd4ec6379caf62b22\"},\"headline\":\"El CD D\u00e9nia rep la visita de l&#8217;H\u00e8rcules B\",\"datePublished\":\"2024-12-04T09:15:05+00:00\",\"mainEntityOfPage\":{\"@id\":\"https:\\\/\\\/radiolitoral.com\\\/2024\\\/12\\\/el-cd-denia-rep-la-visita-de-lhercules-b\\\/\"},\"wordCount\":214,\"commentCount\":0,\"publisher\":{\"@id\":\"https:\\\/\\\/radiolitoral.com\\\/#organization\"},\"image\":{\"@id\":\"https:\\\/\\\/radiolitoral.com\\\/2024\\\/12\\\/el-cd-denia-rep-la-visita-de-lhercules-b\\\/#primaryimage\"},\"thumbnailUrl\":\"https:\\\/\\\/media.radiolitoral.com\\\/wp-content\\\/uploads\\\/2024\\\/12\\\/04101336\\\/DSC_0274-scaled.jpg\",\"keywords\":[\"CD D\u00e9nia\",\"deportes\",\"H\u00e9rcules B\",\"Juanjo Antol\u00ed.\",\"L'Olleria CF\"],\"articleSection\":[\"Deportes\"],\"inLanguage\":\"ca\",\"potentialAction\":[{\"@type\":\"CommentAction\",\"name\":\"Comment\",\"target\":[\"https:\\\/\\\/radiolitoral.com\\\/2024\\\/12\\\/el-cd-denia-rep-la-visita-de-lhercules-b\\\/#respond\"]}]},{\"@type\":[\"WebPage\",\"ItemPage\"],\"@id\":\"https:\\\/\\\/radiolitoral.com\\\/2024\\\/12\\\/el-cd-denia-rep-la-visita-de-lhercules-b\\\/\",\"url\":\"https:\\\/\\\/radiolitoral.com\\\/2024\\\/12\\\/el-cd-denia-rep-la-visita-de-lhercules-b\\\/\",\"name\":\"El CD D\u00e9nia rep la visita de l'H\u00e8rcules B | R\u00e0dio Litoral\",\"isPartOf\":{\"@id\":\"https:\\\/\\\/radiolitoral.com\\\/#website\"},\"primaryImageOfPage\":{\"@id\":\"https:\\\/\\\/radiolitoral.com\\\/2024\\\/12\\\/el-cd-denia-rep-la-visita-de-lhercules-b\\\/#primaryimage\"},\"image\":{\"@id\":\"https:\\\/\\\/radiolitoral.com\\\/2024\\\/12\\\/el-cd-denia-rep-la-visita-de-lhercules-b\\\/#primaryimage\"},\"thumbnailUrl\":\"https:\\\/\\\/media.radiolitoral.com\\\/wp-content\\\/uploads\\\/2024\\\/12\\\/04101336\\\/DSC_0274-scaled.jpg\",\"datePublished\":\"2024-12-04T09:15:05+00:00\",\"description\":\"Partit complicat per als locals en mesurar-se a un rival que travessa un bon moment de jocPartit complicat per als locals en mesurar-se a un rival que travessa un bon moment de joc\",\"breadcrumb\":{\"@id\":\"https:\\\/\\\/radiolitoral.com\\\/2024\\\/12\\\/el-cd-denia-rep-la-visita-de-lhercules-b\\\/#breadcrumb\"},\"inLanguage\":\"ca\",\"potentialAction\":[{\"@type\":\"ReadAction\",\"target\":[\"https:\\\/\\\/radiolitoral.com\\\/2024\\\/12\\\/el-cd-denia-rep-la-visita-de-lhercules-b\\\/\"]}]},{\"@type\":\"ImageObject\",\"inLanguage\":\"ca\",\"@id\":\"https:\\\/\\\/radiolitoral.com\\\/2024\\\/12\\\/el-cd-denia-rep-la-visita-de-lhercules-b\\\/#primaryimage\",\"url\":\"https:\\\/\\\/media.radiolitoral.com\\\/wp-content\\\/uploads\\\/2024\\\/12\\\/04101336\\\/DSC_0274-scaled.jpg\",\"contentUrl\":\"https:\\\/\\\/media.radiolitoral.com\\\/wp-content\\\/uploads\\\/2024\\\/12\\\/04101336\\\/DSC_0274-scaled.jpg\",\"width\":2560,\"height\":1707},{\"@type\":\"BreadcrumbList\",\"@id\":\"https:\\\/\\\/radiolitoral.com\\\/2024\\\/12\\\/el-cd-denia-rep-la-visita-de-lhercules-b\\\/#breadcrumb\",\"itemListElement\":[{\"@type\":\"ListItem\",\"position\":1,\"name\":\"Portada\",\"item\":\"https:\\\/\\\/radiolitoral.com\\\/\"},{\"@type\":\"ListItem\",\"position\":2,\"name\":\"El CD D\u00e9nia rep la visita de l&#8217;H\u00e8rcules B\"}]},{\"@type\":\"WebSite\",\"@id\":\"https:\\\/\\\/radiolitoral.com\\\/#website\",\"url\":\"https:\\\/\\\/radiolitoral.com\\\/\",\"name\":\"Radio Litoral\",\"description\":\"La radio local de la Marina Alta\",\"publisher\":{\"@id\":\"https:\\\/\\\/radiolitoral.com\\\/#organization\"},\"alternateName\":\"Litoral FM\",\"potentialAction\":[{\"@type\":\"SearchAction\",\"target\":{\"@type\":\"EntryPoint\",\"urlTemplate\":\"https:\\\/\\\/radiolitoral.com\\\/?s={search_term_string}\"},\"query-input\":{\"@type\":\"PropertyValueSpecification\",\"valueRequired\":true,\"valueName\":\"search_term_string\"}}],\"inLanguage\":\"ca\"},{\"@type\":\"Organization\",\"@id\":\"https:\\\/\\\/radiolitoral.com\\\/#organization\",\"name\":\"Radio Litoral\",\"url\":\"https:\\\/\\\/radiolitoral.com\\\/\",\"logo\":{\"@type\":\"ImageObject\",\"inLanguage\":\"ca\",\"@id\":\"https:\\\/\\\/radiolitoral.com\\\/#\\\/schema\\\/logo\\\/image\\\/\",\"url\":\"https:\\\/\\\/media.radiolitoral.com\\\/wp-content\\\/uploads\\\/2023\\\/02\\\/24143238\\\/CL-V-RadioLitoral696.png\",\"contentUrl\":\"https:\\\/\\\/media.radiolitoral.com\\\/wp-content\\\/uploads\\\/2023\\\/02\\\/24143238\\\/CL-V-RadioLitoral696.png\",\"width\":696,\"height\":696,\"caption\":\"Radio Litoral\"},\"image\":{\"@id\":\"https:\\\/\\\/radiolitoral.com\\\/#\\\/schema\\\/logo\\\/image\\\/\"},\"sameAs\":[\"https:\\\/\\\/www.facebook.com\\\/Laradiolitoral\\\/\"]},{\"@type\":\"Person\",\"@id\":\"https:\\\/\\\/radiolitoral.com\\\/#\\\/schema\\\/person\\\/7b1480b5caeb5acdd4ec6379caf62b22\",\"name\":\"Javier Zamora\",\"image\":{\"@type\":\"ImageObject\",\"inLanguage\":\"ca\",\"@id\":\"https:\\\/\\\/secure.gravatar.com\\\/avatar\\\/467a11f6918c7d619c4043fc6fa2d3853053107973f05b6e9c04ea6c4e3a7b3f?s=96&d=mm&r=g\",\"url\":\"https:\\\/\\\/secure.gravatar.com\\\/avatar\\\/467a11f6918c7d619c4043fc6fa2d3853053107973f05b6e9c04ea6c4e3a7b3f?s=96&d=mm&r=g\",\"contentUrl\":\"https:\\\/\\\/secure.gravatar.com\\\/avatar\\\/467a11f6918c7d619c4043fc6fa2d3853053107973f05b6e9c04ea6c4e3a7b3f?s=96&d=mm&r=g\",\"caption\":\"Javier Zamora\"},\"url\":\"https:\\\/\\\/radiolitoral.com\\\/ca\\\/author\\\/javier-zamora\\\/\"}]}<\/script>\n<!-- \/ Yoast SEO plugin. -->","yoast_head_json":{"title":"El CD D\u00e9nia rep la visita de l&#039;H\u00e8rcules B | R\u00e0dio Litoral","description":"Partit complicat per als locals a mesurar-se a un rival que travessa un bon moment de jocPartit complicat per als locals a mesurar-se a un rival que travessa un bon moment de joc","robots":{"index":"index","follow":"follow","max-snippet":"max-snippet:-1","max-image-preview":"max-image-preview:large","max-video-preview":"max-video-preview:-1"},"canonical":"https:\/\/radiolitoral.com\/ca\/2024\/12\/el-cd-denia-rep-la-visita-de-lhercules-b\/","og_locale":"ca_ES","og_type":"article","og_title":"El CD D\u00e9nia rep la visita de l'H\u00e8rcules B | R\u00e0dio Litoral","og_description":"Partit complicat per als locals en mesurar-se a un rival que travessa un bon moment de jocPartit complicat per als locals en mesurar-se a un rival que travessa un bon moment de joc","og_url":"https:\/\/radiolitoral.com\/ca\/2024\/12\/el-cd-denia-rep-la-visita-de-lhercules-b\/","og_site_name":"R\u00e0dio Litoral","article_publisher":"https:\/\/www.facebook.com\/Laradiolitoral\/","article_published_time":"2024-12-04T09:15:05+00:00","og_image":[{"width":2560,"height":1707,"url":"https:\/\/media.radiolitoral.com\/wp-content\/uploads\/2024\/12\/04101336\/DSC_0274-scaled.jpg","type":"image\/jpeg"}],"author":"Javier Zamora","twitter_card":"summary_large_image","twitter_misc":{"Escrit per":"Javier Zamora","Temps estimat de lectura":"2 minuts"},"schema":{"@context":"https:\/\/schema.org","@graph":[{"@type":"NewsArticle","@id":"https:\/\/radiolitoral.com\/2024\/12\/el-cd-denia-rep-la-visita-de-lhercules-b\/#article","isPartOf":{"@id":"https:\/\/radiolitoral.com\/2024\/12\/el-cd-denia-rep-la-visita-de-lhercules-b\/"},"author":{"name":"Javier Zamora","@id":"https:\/\/radiolitoral.com\/#\/schema\/person\/7b1480b5caeb5acdd4ec6379caf62b22"},"headline":"El CD D\u00e9nia rep la visita de l&#8217;H\u00e8rcules B","datePublished":"2024-12-04T09:15:05+00:00","mainEntityOfPage":{"@id":"https:\/\/radiolitoral.com\/2024\/12\/el-cd-denia-rep-la-visita-de-lhercules-b\/"},"wordCount":214,"commentCount":0,"publisher":{"@id":"https:\/\/radiolitoral.com\/#organization"},"image":{"@id":"https:\/\/radiolitoral.com\/2024\/12\/el-cd-denia-rep-la-visita-de-lhercules-b\/#primaryimage"},"thumbnailUrl":"https:\/\/media.radiolitoral.com\/wp-content\/uploads\/2024\/12\/04101336\/DSC_0274-scaled.jpg","keywords":["CD D\u00e9nia","deportes","H\u00e9rcules B","Juanjo Antol\u00ed.","L'Olleria CF"],"articleSection":["Deportes"],"inLanguage":"ca","potentialAction":[{"@type":"CommentAction","name":"Comment","target":["https:\/\/radiolitoral.com\/2024\/12\/el-cd-denia-rep-la-visita-de-lhercules-b\/#respond"]}]},{"@type":["WebPage","ItemPage"],"@id":"https:\/\/radiolitoral.com\/2024\/12\/el-cd-denia-rep-la-visita-de-lhercules-b\/","url":"https:\/\/radiolitoral.com\/2024\/12\/el-cd-denia-rep-la-visita-de-lhercules-b\/","name":"El CD D\u00e9nia rep la visita de l&#039;H\u00e8rcules B | R\u00e0dio Litoral","isPartOf":{"@id":"https:\/\/radiolitoral.com\/#website"},"primaryImageOfPage":{"@id":"https:\/\/radiolitoral.com\/2024\/12\/el-cd-denia-rep-la-visita-de-lhercules-b\/#primaryimage"},"image":{"@id":"https:\/\/radiolitoral.com\/2024\/12\/el-cd-denia-rep-la-visita-de-lhercules-b\/#primaryimage"},"thumbnailUrl":"https:\/\/media.radiolitoral.com\/wp-content\/uploads\/2024\/12\/04101336\/DSC_0274-scaled.jpg","datePublished":"2024-12-04T09:15:05+00:00","description":"Partit complicat per als locals a mesurar-se a un rival que travessa un bon moment de jocPartit complicat per als locals a mesurar-se a un rival que travessa un bon moment de joc","breadcrumb":{"@id":"https:\/\/radiolitoral.com\/2024\/12\/el-cd-denia-rep-la-visita-de-lhercules-b\/#breadcrumb"},"inLanguage":"ca","potentialAction":[{"@type":"ReadAction","target":["https:\/\/radiolitoral.com\/2024\/12\/el-cd-denia-rep-la-visita-de-lhercules-b\/"]}]},{"@type":"ImageObject","inLanguage":"ca","@id":"https:\/\/radiolitoral.com\/2024\/12\/el-cd-denia-rep-la-visita-de-lhercules-b\/#primaryimage","url":"https:\/\/media.radiolitoral.com\/wp-content\/uploads\/2024\/12\/04101336\/DSC_0274-scaled.jpg","contentUrl":"https:\/\/media.radiolitoral.com\/wp-content\/uploads\/2024\/12\/04101336\/DSC_0274-scaled.jpg","width":2560,"height":1707},{"@type":"BreadcrumbList","@id":"https:\/\/radiolitoral.com\/2024\/12\/el-cd-denia-rep-la-visita-de-lhercules-b\/#breadcrumb","itemListElement":[{"@type":"ListItem","position":1,"name":"Portada","item":"https:\/\/radiolitoral.com\/"},{"@type":"ListItem","position":2,"name":"El CD D\u00e9nia rep la visita de l&#8217;H\u00e8rcules B"}]},{"@type":"WebSite","@id":"https:\/\/radiolitoral.com\/#website","url":"https:\/\/radiolitoral.com\/","name":"R\u00e0dio Litoral","description":"La r\u00e0dio local de la Marina Alta","publisher":{"@id":"https:\/\/radiolitoral.com\/#organization"},"alternateName":"Litoral FM","potentialAction":[{"@type":"SearchAction","target":{"@type":"EntryPoint","urlTemplate":"https:\/\/radiolitoral.com\/?s={search_term_string}"},"query-input":{"@type":"PropertyValueSpecification","valueRequired":true,"valueName":"search_term_string"}}],"inLanguage":"ca"},{"@type":"Organization","@id":"https:\/\/radiolitoral.com\/#organization","name":"R\u00e0dio Litoral","url":"https:\/\/radiolitoral.com\/","logo":{"@type":"ImageObject","inLanguage":"ca","@id":"https:\/\/radiolitoral.com\/#\/schema\/logo\/image\/","url":"https:\/\/media.radiolitoral.com\/wp-content\/uploads\/2023\/02\/24143238\/CL-V-RadioLitoral696.png","contentUrl":"https:\/\/media.radiolitoral.com\/wp-content\/uploads\/2023\/02\/24143238\/CL-V-RadioLitoral696.png","width":696,"height":696,"caption":"Radio Litoral"},"image":{"@id":"https:\/\/radiolitoral.com\/#\/schema\/logo\/image\/"},"sameAs":["https:\/\/www.facebook.com\/Laradiolitoral\/"]},{"@type":"Person","@id":"https:\/\/radiolitoral.com\/#\/schema\/person\/7b1480b5caeb5acdd4ec6379caf62b22","name":"Javier Zamora","image":{"@type":"ImageObject","inLanguage":"ca","@id":"https:\/\/secure.gravatar.com\/avatar\/467a11f6918c7d619c4043fc6fa2d3853053107973f05b6e9c04ea6c4e3a7b3f?s=96&d=mm&r=g","url":"https:\/\/secure.gravatar.com\/avatar\/467a11f6918c7d619c4043fc6fa2d3853053107973f05b6e9c04ea6c4e3a7b3f?s=96&d=mm&r=g","contentUrl":"https:\/\/secure.gravatar.com\/avatar\/467a11f6918c7d619c4043fc6fa2d3853053107973f05b6e9c04ea6c4e3a7b3f?s=96&d=mm&r=g","caption":"Javier Zamora"},"url":"https:\/\/radiolitoral.com\/ca\/author\/javier-zamora\/"}]}},"_links":{"self":[{"href":"https:\/\/radiolitoral.com\/ca\/wp-json\/wp\/v2\/posts\/13525","targetHints":{"allow":["GET"]}}],"collection":[{"href":"https:\/\/radiolitoral.com\/ca\/wp-json\/wp\/v2\/posts"}],"about":[{"href":"https:\/\/radiolitoral.com\/ca\/wp-json\/wp\/v2\/types\/post"}],"author":[{"embeddable":true,"href":"https:\/\/radiolitoral.com\/ca\/wp-json\/wp\/v2\/users\/12"}],"replies":[{"embeddable":true,"href":"https:\/\/radiolitoral.com\/ca\/wp-json\/wp\/v2\/comments?post=13525"}],"version-history":[{"count":2,"href":"https:\/\/radiolitoral.com\/ca\/wp-json\/wp\/v2\/posts\/13525\/revisions"}],"predecessor-version":[{"id":13528,"href":"https:\/\/radiolitoral.com\/ca\/wp-json\/wp\/v2\/posts\/13525\/revisions\/13528"}],"wp:featuredmedia":[{"embeddable":true,"href":"https:\/\/radiolitoral.com\/ca\/wp-json\/wp\/v2\/media\/13526"}],"wp:attachment":[{"href":"https:\/\/radiolitoral.com\/ca\/wp-json\/wp\/v2\/media?parent=13525"}],"wp:term":[{"taxonomy":"category","embeddable":true,"href":"https:\/\/radiolitoral.com\/ca\/wp-json\/wp\/v2\/categories?post=13525"},{"taxonomy":"post_tag","embeddable":true,"href":"https:\/\/radiolitoral.com\/ca\/wp-json\/wp\/v2\/tags?post=13525"}],"curies":[{"name":"wp","href":"https:\/\/api.w.org\/{rel}","templated":true}]}}