{"id":13477,"date":"2024-12-02T14:23:59","date_gmt":"2024-12-02T13:23:59","guid":{"rendered":"https:\/\/radiolitoral.com\/?p=13477"},"modified":"2024-12-02T14:23:59","modified_gmt":"2024-12-02T13:23:59","slug":"lhospital-de-diania-commemora-el-dia-mundial-de-la-sida-amb-una-jornada-centrada-en-avancos-i-educacio-sobre-el-vih","status":"publish","type":"post","link":"https:\/\/radiolitoral.com\/ca\/2024\/12\/lhospital-de-denia-commemora-el-dia-mundial-de-la-sida-amb-una-jornada-centrada-en-avancos-i-educacio-sobre-el-vih\/","title":{"rendered":"L&#039;Hospital de D\u00e9nia commemora el Dia Mundial de la SIDA amb una jornada centrada en aven\u00e7os i educaci\u00f3 sobre el VIH"},"content":{"rendered":"<p>Amb motiu del<strong> Dia Mundial de la Lluita contra la SIDA 2024<\/strong>, l&#039;<strong>Hospital de D\u00e9nia<\/strong> <strong>celebrar\u00e0 el proper mi\u00e9rcoles, 4 de desembre<\/strong>, una jornada informativa adre\u00e7ada a professionals de la salut, pacients, representants d&#039;associacions i poblaci\u00f3 general.<\/p>\n<p>Sota <strong>el lema de l&#039;OMS per a aquest any, \u201cEmprenguem el cam\u00ed dels drets: La meva salut, el meu dret\u201d<\/strong>, l&#039;esdeveniment abordar\u00e0 els <strong>avan\u00e7os<\/strong> a l&#039;atenci\u00f3 al VIH, la <strong>prevenci\u00f3 d&#039;infeccions<\/strong> de transmissi\u00f3 sexual (<span class=\"hiddenSpellError\">ITS<\/span>) i l&#039;<strong>educaci\u00f3 afectiu-sexual.<\/strong><\/p>\n<p>El Departament de Salut de D\u00e9nia treballa activament en la prevenci\u00f3, el diagn\u00f2stic preco\u00e7 i el tractament del VIH, incorporant innovacions com el tractament antiretroviral intramuscular d&#039;acci\u00f3 prolongada.<\/p>\n<p><span class=\"hiddenSuggestion\">Aquesta<\/span> modalitat, introdu\u00efda el 2023, millora l&#039;adher\u00e8ncia terap\u00e8utica i redu\u00efx l&#039;impacte de la malaltia a la vida di\u00e0ria dels pacients, beneficiant-los <strong>463 persones que conviuen amb el VIH a la Marina Alta.<\/strong><\/p>\n<h3>Programa de la jornada: enfocament multidisciplinari i educatiu<\/h3>\n<p>L&#039;esdeveniment comen\u00e7ar\u00e0 amb les intervencions de <span class=\"hiddenSpellError\">Joan<\/span> Puig, Gerent del Departament de Salut de D\u00e9nia; <span class=\"hiddenSpellError\">\u00c0ngel<\/span> Pellicer, cap del Servei de Medicina Interna; <span class=\"hiddenSpellError\">Carles<\/span> <span class=\"hiddenGrammarError\">d&#039;Andreu<\/span>, Coordinador de la Unitat de Malalties Infeccioses; i <span class=\"hiddenSpellError\">Carles<\/span> Manuel G\u00f3mez, <span class=\"hiddenGrammarError\">President<\/span> de <span class=\"hiddenSpellError\">CALCSICOVA<\/span>, entitat que coordina associacions en defensa de les persones amb VIH.<\/p>\n<h3>Blocs tem\u00e0tics destacats<\/h3>\n<p><strong>Actualitzaci\u00f3 a l&#039;atenci\u00f3 al VIH:<\/strong><br \/>\n<span class=\"hiddenSpellError\">Immaculada<\/span> Poquet i Elena Hern\u00e1ndez presentaran un model d&#039;atenci\u00f3 basat en la cronicitat, centrat en un enfocament personalitzat per a les persones amb VIH.<br \/>\nMarina <span class=\"hiddenSpellError\">Llinars<\/span> exposar\u00e0 les innovacions a la gesti\u00f3 farmac\u00e8utica per millorar l&#039;acc\u00e9s als tractaments.<\/p>\n<p><strong>Prevenci\u00f3 d&#039;<span class=\"hiddenSpellError\">ITS<\/span> i <span class=\"hiddenGrammarError\">profilaxi preexposici\u00f3<\/span> (<span class=\"hiddenSpellError\">PrEP<\/span>):<\/strong><br \/>\n<span class=\"hiddenSpellError\">Karenina<\/span> <span class=\"hiddenSpellError\">Abans<\/span> actualitzar\u00e0 els protocols per a la profilaxi preexposici\u00f3 (<span class=\"hiddenSpellError\">PrEP<\/span>).<br \/>\n<span class=\"hiddenSpellError\">Immaculada<\/span> Camacho parlar\u00e0 sobre l&#039;impacte del <span class=\"hiddenSpellError\">ChemSex<\/span> en la transmissi\u00f3 del VIH i altres <span class=\"hiddenSpellError\">ITS<\/span>.<br \/>\n<span class=\"hiddenSpellError\">Sergi<\/span> Rivera i Antonio Valdivia analitzaran estrat\u00e8gies per a la prevenci\u00f3 primerenca d&#039;<span class=\"hiddenSpellError\">ITS<\/span> i l&#039;impacte del virus del papil\u00b7loma hum\u00e0 (VPH).<\/p>\n<p><strong>Impacte social i educaci\u00f3 sexual:<\/strong><br \/>\nUn pacient compartir\u00e0 la seva experi\u00e8ncia convivint amb el VIH.<br \/>\nTeresa de la <span class=\"hiddenSpellError\">Creu<\/span> presentar\u00e0 iniciatives d&#039;educaci\u00f3 afectiu-sexual desenvolupades pel Servei Jove d&#039;Atenci\u00f3 a les Sexualitats.<br \/>\n<span class=\"hiddenSpellError\">Ricardo<\/span> <span class=\"hiddenSpellError\">Rizzo<\/span> destacar\u00e0 els punts de salut sexual promoguts per <span class=\"hiddenSpellError\">CALCSICOVA<\/span>.<br \/>\n<span class=\"hiddenSpellError\">Marcela<\/span> <span class=\"hiddenSpellError\">Matxeres<\/span> introduir\u00e0 el programa PARES, en conveni amb l&#039;Hospital de D\u00e9nia, per oferir suport psicosocial gratu\u00eft a persones amb VIH.<\/p>\n<p>Amb <span class=\"hiddenSuggestion\">aquest<\/span> trobada, l&#039;Hospital de D\u00e9nia refor\u00e7a el seu comprom\u00eds amb la prevenci\u00f3, el tractament i l&#039;educaci\u00f3 en la lluita contra el VIH, alineant-se amb els objectius de l&#039;OMS i adaptant-se a les necessitats espec\u00edfiques dels pacients a la Marina Alta.<\/p>","protected":false},"excerpt":{"rendered":"<p>Amb motiu del Dia Mundial de la Lluita contra la SIDA 2024, l&#8217;Hospital de D\u00e9nia celebrar\u00e0 el pr\u00f2xim dimecres, 4 de desembre, una jornada informativa adre\u00e7ada a professionals de la salut, pacients, representants d&#8217;associacions i poblaci\u00f3 general. Sota el lema de l&#8217;OMS per a enguany, \u201cEmprenguem el cam\u00ed dels drets: La meua salut, el meu [&#8230;]<\/p>\n<p><a class=\"btn btn-secondary understrap-read-more-link\" href=\"https:\/\/radiolitoral.com\/ca\/2024\/12\/lhospital-de-denia-commemora-el-dia-mundial-de-la-sida-amb-una-jornada-centrada-en-avancos-i-educacio-sobre-el-vih\/\">Continua llegint&#8230;<span class=\"screen-reader-text\"> from L&#8217;Hospital de D\u00e9nia commemora el Dia Mundial de la SIDA amb una jornada centrada en avan\u00e7os i educaci\u00f3 sobre el VIH<\/span><\/a><\/p>\n","protected":false},"author":13,"featured_media":13474,"comment_status":"open","ping_status":"closed","sticky":false,"template":"","format":"standard","meta":{"_acf_changed":false,"inline_featured_image":false,"footnotes":""},"categories":[380],"tags":[191,2902,490,314,65,2901],"class_list":["post-13477","post","type-post","status-publish","format-standard","has-post-thumbnail","hentry","category-sanidad","tag-denia","tag-dia-mundial-contra-sida","tag-hospital-denia","tag-marina-alta","tag-sanidad","tag-sida","cobertura-denia"],"acf":[],"yoast_head":"<!-- This site is optimized with the Yoast SEO plugin v27.5 - https:\/\/yoast.com\/product\/yoast-seo-wordpress\/ -->\n<title>L&#039;Hospital de D\u00e9nia commemora el Dia Mundial de la SIDA amb una jornada centrada en avan\u00e7os i educaci\u00f3 sobre el VIH | R\u00e0dio Litoral<\/title>\n<meta name=\"description\" content=\"M\u00e9s de 400 pacients a la Marina Alta es beneficien del tractament antiretroviral intramuscular d&#039;acci\u00f3 prolongada M\u00e9s de 400 pacients a la Marina Alta es beneficien del tractament antiretroviral intramuscular d&#039;acci\u00f3 prolongada\" \/>\n<meta name=\"robots\" content=\"index, follow, max-snippet:-1, max-image-preview:large, max-video-preview:-1\" \/>\n<link rel=\"canonical\" href=\"https:\/\/radiolitoral.com\/ca\/2024\/12\/lhospital-de-diania-commemora-el-dia-mundial-de-la-sida-amb-una-jornada-centrada-en-avancos-i-educacio-sobre-el-vih\/\" \/>\n<meta property=\"og:locale\" content=\"ca_ES\" \/>\n<meta property=\"og:type\" content=\"article\" \/>\n<meta property=\"og:title\" content=\"L&#039;Hospital de D\u00e9nia commemora el Dia Mundial de la SIDA amb una jornada centrada en avan\u00e7os i educaci\u00f3 sobre el VIH | R\u00e0dio Litoral\" \/>\n<meta property=\"og:description\" content=\"M\u00e9s de 400 pacients a la Marina Alta es beneficien del tractament antiretroviral intramuscular d&#039;acci\u00f3 prolongada M\u00e9s de 400 pacients a la Marina Alta es beneficien del tractament antiretroviral intramuscular d&#039;acci\u00f3 prolongada\" \/>\n<meta property=\"og:url\" content=\"https:\/\/radiolitoral.com\/ca\/2024\/12\/lhospital-de-diania-commemora-el-dia-mundial-de-la-sida-amb-una-jornada-centrada-en-avancos-i-educacio-sobre-el-vih\/\" \/>\n<meta property=\"og:site_name\" content=\"R\u00e0dio Litoral\" \/>\n<meta property=\"article:publisher\" content=\"https:\/\/www.facebook.com\/Laradiolitoral\/\" \/>\n<meta property=\"article:published_time\" content=\"2024-12-02T13:23:59+00:00\" \/>\n<meta property=\"og:image\" content=\"https:\/\/media.radiolitoral.com\/wp-content\/uploads\/2024\/12\/02141621\/VIH.jpg\" \/>\n\t<meta property=\"og:image:width\" content=\"1621\" \/>\n\t<meta property=\"og:image:height\" content=\"1525\" \/>\n\t<meta property=\"og:image:type\" content=\"image\/jpeg\" \/>\n<meta name=\"author\" content=\"Redacci\u00f3n\" \/>\n<meta name=\"twitter:card\" content=\"summary_large_image\" \/>\n<meta name=\"twitter:label1\" content=\"Escrit per\" \/>\n\t<meta name=\"twitter:data1\" content=\"Redacci\u00f3n\" \/>\n\t<meta name=\"twitter:label2\" content=\"Temps estimat de lectura\" \/>\n\t<meta name=\"twitter:data2\" content=\"3 minuts\" \/>\n<script type=\"application\/ld+json\" class=\"yoast-schema-graph\">{\"@context\":\"https:\\\/\\\/schema.org\",\"@graph\":[{\"@type\":\"NewsArticle\",\"@id\":\"https:\\\/\\\/radiolitoral.com\\\/2024\\\/12\\\/lhospital-de-denia-commemora-el-dia-mundial-de-la-sida-amb-una-jornada-centrada-en-avancos-i-educacio-sobre-el-vih\\\/#article\",\"isPartOf\":{\"@id\":\"https:\\\/\\\/radiolitoral.com\\\/2024\\\/12\\\/lhospital-de-denia-commemora-el-dia-mundial-de-la-sida-amb-una-jornada-centrada-en-avancos-i-educacio-sobre-el-vih\\\/\"},\"author\":{\"name\":\"Redacci\u00f3n\",\"@id\":\"https:\\\/\\\/radiolitoral.com\\\/#\\\/schema\\\/person\\\/f2b2343c49b5d721857cc1002bfdb151\"},\"headline\":\"L&#8217;Hospital de D\u00e9nia commemora el Dia Mundial de la SIDA amb una jornada centrada en avan\u00e7os i educaci\u00f3 sobre el VIH\",\"datePublished\":\"2024-12-02T13:23:59+00:00\",\"mainEntityOfPage\":{\"@id\":\"https:\\\/\\\/radiolitoral.com\\\/2024\\\/12\\\/lhospital-de-denia-commemora-el-dia-mundial-de-la-sida-amb-una-jornada-centrada-en-avancos-i-educacio-sobre-el-vih\\\/\"},\"wordCount\":469,\"commentCount\":0,\"publisher\":{\"@id\":\"https:\\\/\\\/radiolitoral.com\\\/#organization\"},\"image\":{\"@id\":\"https:\\\/\\\/radiolitoral.com\\\/2024\\\/12\\\/lhospital-de-denia-commemora-el-dia-mundial-de-la-sida-amb-una-jornada-centrada-en-avancos-i-educacio-sobre-el-vih\\\/#primaryimage\"},\"thumbnailUrl\":\"https:\\\/\\\/media.radiolitoral.com\\\/wp-content\\\/uploads\\\/2024\\\/12\\\/02141621\\\/VIH.jpg\",\"keywords\":[\"D\u00e9nia\",\"D\u00eda Mundial contra SIDA\",\"Hospital D\u00e9nia\",\"Marina Alta\",\"Sanidad\",\"SIDA\"],\"articleSection\":[\"Sanidad\"],\"inLanguage\":\"ca\",\"potentialAction\":[{\"@type\":\"CommentAction\",\"name\":\"Comment\",\"target\":[\"https:\\\/\\\/radiolitoral.com\\\/2024\\\/12\\\/lhospital-de-denia-commemora-el-dia-mundial-de-la-sida-amb-una-jornada-centrada-en-avancos-i-educacio-sobre-el-vih\\\/#respond\"]}]},{\"@type\":[\"WebPage\",\"ItemPage\"],\"@id\":\"https:\\\/\\\/radiolitoral.com\\\/2024\\\/12\\\/lhospital-de-denia-commemora-el-dia-mundial-de-la-sida-amb-una-jornada-centrada-en-avancos-i-educacio-sobre-el-vih\\\/\",\"url\":\"https:\\\/\\\/radiolitoral.com\\\/2024\\\/12\\\/lhospital-de-denia-commemora-el-dia-mundial-de-la-sida-amb-una-jornada-centrada-en-avancos-i-educacio-sobre-el-vih\\\/\",\"name\":\"L'Hospital de D\u00e9nia commemora el Dia Mundial de la SIDA amb una jornada centrada en avan\u00e7os i educaci\u00f3 sobre el VIH | R\u00e0dio Litoral\",\"isPartOf\":{\"@id\":\"https:\\\/\\\/radiolitoral.com\\\/#website\"},\"primaryImageOfPage\":{\"@id\":\"https:\\\/\\\/radiolitoral.com\\\/2024\\\/12\\\/lhospital-de-denia-commemora-el-dia-mundial-de-la-sida-amb-una-jornada-centrada-en-avancos-i-educacio-sobre-el-vih\\\/#primaryimage\"},\"image\":{\"@id\":\"https:\\\/\\\/radiolitoral.com\\\/2024\\\/12\\\/lhospital-de-denia-commemora-el-dia-mundial-de-la-sida-amb-una-jornada-centrada-en-avancos-i-educacio-sobre-el-vih\\\/#primaryimage\"},\"thumbnailUrl\":\"https:\\\/\\\/media.radiolitoral.com\\\/wp-content\\\/uploads\\\/2024\\\/12\\\/02141621\\\/VIH.jpg\",\"datePublished\":\"2024-12-02T13:23:59+00:00\",\"description\":\"M\u00e9s de 400 pacients a la Marina Alta es beneficien del tractament antiretroviral intramuscular d'acci\u00f3 prolongada M\u00e9s de 400 pacients a la Marina Alta es beneficien del tractament antiretroviral intramuscular d'acci\u00f3 prolongada\",\"breadcrumb\":{\"@id\":\"https:\\\/\\\/radiolitoral.com\\\/2024\\\/12\\\/lhospital-de-denia-commemora-el-dia-mundial-de-la-sida-amb-una-jornada-centrada-en-avancos-i-educacio-sobre-el-vih\\\/#breadcrumb\"},\"inLanguage\":\"ca\",\"potentialAction\":[{\"@type\":\"ReadAction\",\"target\":[\"https:\\\/\\\/radiolitoral.com\\\/2024\\\/12\\\/lhospital-de-denia-commemora-el-dia-mundial-de-la-sida-amb-una-jornada-centrada-en-avancos-i-educacio-sobre-el-vih\\\/\"]}]},{\"@type\":\"ImageObject\",\"inLanguage\":\"ca\",\"@id\":\"https:\\\/\\\/radiolitoral.com\\\/2024\\\/12\\\/lhospital-de-denia-commemora-el-dia-mundial-de-la-sida-amb-una-jornada-centrada-en-avancos-i-educacio-sobre-el-vih\\\/#primaryimage\",\"url\":\"https:\\\/\\\/media.radiolitoral.com\\\/wp-content\\\/uploads\\\/2024\\\/12\\\/02141621\\\/VIH.jpg\",\"contentUrl\":\"https:\\\/\\\/media.radiolitoral.com\\\/wp-content\\\/uploads\\\/2024\\\/12\\\/02141621\\\/VIH.jpg\",\"width\":1621,\"height\":1525},{\"@type\":\"BreadcrumbList\",\"@id\":\"https:\\\/\\\/radiolitoral.com\\\/2024\\\/12\\\/lhospital-de-denia-commemora-el-dia-mundial-de-la-sida-amb-una-jornada-centrada-en-avancos-i-educacio-sobre-el-vih\\\/#breadcrumb\",\"itemListElement\":[{\"@type\":\"ListItem\",\"position\":1,\"name\":\"Portada\",\"item\":\"https:\\\/\\\/radiolitoral.com\\\/\"},{\"@type\":\"ListItem\",\"position\":2,\"name\":\"L&#8217;Hospital de D\u00e9nia commemora el Dia Mundial de la SIDA amb una jornada centrada en avan\u00e7os i educaci\u00f3 sobre el VIH\"}]},{\"@type\":\"WebSite\",\"@id\":\"https:\\\/\\\/radiolitoral.com\\\/#website\",\"url\":\"https:\\\/\\\/radiolitoral.com\\\/\",\"name\":\"Radio Litoral\",\"description\":\"La radio local de la Marina Alta\",\"publisher\":{\"@id\":\"https:\\\/\\\/radiolitoral.com\\\/#organization\"},\"alternateName\":\"Litoral FM\",\"potentialAction\":[{\"@type\":\"SearchAction\",\"target\":{\"@type\":\"EntryPoint\",\"urlTemplate\":\"https:\\\/\\\/radiolitoral.com\\\/?s={search_term_string}\"},\"query-input\":{\"@type\":\"PropertyValueSpecification\",\"valueRequired\":true,\"valueName\":\"search_term_string\"}}],\"inLanguage\":\"ca\"},{\"@type\":\"Organization\",\"@id\":\"https:\\\/\\\/radiolitoral.com\\\/#organization\",\"name\":\"Radio Litoral\",\"url\":\"https:\\\/\\\/radiolitoral.com\\\/\",\"logo\":{\"@type\":\"ImageObject\",\"inLanguage\":\"ca\",\"@id\":\"https:\\\/\\\/radiolitoral.com\\\/#\\\/schema\\\/logo\\\/image\\\/\",\"url\":\"https:\\\/\\\/media.radiolitoral.com\\\/wp-content\\\/uploads\\\/2023\\\/02\\\/24143238\\\/CL-V-RadioLitoral696.png\",\"contentUrl\":\"https:\\\/\\\/media.radiolitoral.com\\\/wp-content\\\/uploads\\\/2023\\\/02\\\/24143238\\\/CL-V-RadioLitoral696.png\",\"width\":696,\"height\":696,\"caption\":\"Radio Litoral\"},\"image\":{\"@id\":\"https:\\\/\\\/radiolitoral.com\\\/#\\\/schema\\\/logo\\\/image\\\/\"},\"sameAs\":[\"https:\\\/\\\/www.facebook.com\\\/Laradiolitoral\\\/\"]},{\"@type\":\"Person\",\"@id\":\"https:\\\/\\\/radiolitoral.com\\\/#\\\/schema\\\/person\\\/f2b2343c49b5d721857cc1002bfdb151\",\"name\":\"Redacci\u00f3n\",\"image\":{\"@type\":\"ImageObject\",\"inLanguage\":\"ca\",\"@id\":\"https:\\\/\\\/secure.gravatar.com\\\/avatar\\\/f771d896c203ad8b3382d7905cfcce5a5c9b008b84b3cd9114e9b9f4cb63f789?s=96&d=mm&r=g\",\"url\":\"https:\\\/\\\/secure.gravatar.com\\\/avatar\\\/f771d896c203ad8b3382d7905cfcce5a5c9b008b84b3cd9114e9b9f4cb63f789?s=96&d=mm&r=g\",\"contentUrl\":\"https:\\\/\\\/secure.gravatar.com\\\/avatar\\\/f771d896c203ad8b3382d7905cfcce5a5c9b008b84b3cd9114e9b9f4cb63f789?s=96&d=mm&r=g\",\"caption\":\"Redacci\u00f3n\"},\"url\":\"https:\\\/\\\/radiolitoral.com\\\/ca\\\/author\\\/miriam-pagan\\\/\"}]}<\/script>\n<!-- \/ Yoast SEO plugin. -->","yoast_head_json":{"title":"L&#039;Hospital de D\u00e9nia commemora el Dia Mundial de la SIDA amb una jornada centrada en aven\u00e7os i educaci\u00f3 sobre el VIH | R\u00e0dio Litoral","description":"M\u00e9s de 400 pacients a la Marina Alta es benefici\u00efn del tractament antiretroviral intramuscular d&#039;acci\u00f3 perllongada M\u00e9s de 400 pacients a la Marina Alta es benefici\u00efn del tractament antiretroviral intramuscular d&#039;acci\u00f3 perllongada","robots":{"index":"index","follow":"follow","max-snippet":"max-snippet:-1","max-image-preview":"max-image-preview:large","max-video-preview":"max-video-preview:-1"},"canonical":"https:\/\/radiolitoral.com\/ca\/2024\/12\/lhospital-de-diania-commemora-el-dia-mundial-de-la-sida-amb-una-jornada-centrada-en-avancos-i-educacio-sobre-el-vih\/","og_locale":"ca_ES","og_type":"article","og_title":"L'Hospital de D\u00e9nia commemora el Dia Mundial de la SIDA amb una jornada centrada en avan\u00e7os i educaci\u00f3 sobre el VIH | R\u00e0dio Litoral","og_description":"M\u00e9s de 400 pacients a la Marina Alta es beneficien del tractament antiretroviral intramuscular d'acci\u00f3 prolongada M\u00e9s de 400 pacients a la Marina Alta es beneficien del tractament antiretroviral intramuscular d'acci\u00f3 prolongada","og_url":"https:\/\/radiolitoral.com\/ca\/2024\/12\/lhospital-de-diania-commemora-el-dia-mundial-de-la-sida-amb-una-jornada-centrada-en-avancos-i-educacio-sobre-el-vih\/","og_site_name":"R\u00e0dio Litoral","article_publisher":"https:\/\/www.facebook.com\/Laradiolitoral\/","article_published_time":"2024-12-02T13:23:59+00:00","og_image":[{"width":1621,"height":1525,"url":"https:\/\/media.radiolitoral.com\/wp-content\/uploads\/2024\/12\/02141621\/VIH.jpg","type":"image\/jpeg"}],"author":"Redacci\u00f3n","twitter_card":"summary_large_image","twitter_misc":{"Escrit per":"Redacci\u00f3n","Temps estimat de lectura":"3 minuts"},"schema":{"@context":"https:\/\/schema.org","@graph":[{"@type":"NewsArticle","@id":"https:\/\/radiolitoral.com\/2024\/12\/lhospital-de-denia-commemora-el-dia-mundial-de-la-sida-amb-una-jornada-centrada-en-avancos-i-educacio-sobre-el-vih\/#article","isPartOf":{"@id":"https:\/\/radiolitoral.com\/2024\/12\/lhospital-de-denia-commemora-el-dia-mundial-de-la-sida-amb-una-jornada-centrada-en-avancos-i-educacio-sobre-el-vih\/"},"author":{"name":"Redacci\u00f3n","@id":"https:\/\/radiolitoral.com\/#\/schema\/person\/f2b2343c49b5d721857cc1002bfdb151"},"headline":"L&#8217;Hospital de D\u00e9nia commemora el Dia Mundial de la SIDA amb una jornada centrada en avan\u00e7os i educaci\u00f3 sobre el VIH","datePublished":"2024-12-02T13:23:59+00:00","mainEntityOfPage":{"@id":"https:\/\/radiolitoral.com\/2024\/12\/lhospital-de-denia-commemora-el-dia-mundial-de-la-sida-amb-una-jornada-centrada-en-avancos-i-educacio-sobre-el-vih\/"},"wordCount":469,"commentCount":0,"publisher":{"@id":"https:\/\/radiolitoral.com\/#organization"},"image":{"@id":"https:\/\/radiolitoral.com\/2024\/12\/lhospital-de-denia-commemora-el-dia-mundial-de-la-sida-amb-una-jornada-centrada-en-avancos-i-educacio-sobre-el-vih\/#primaryimage"},"thumbnailUrl":"https:\/\/media.radiolitoral.com\/wp-content\/uploads\/2024\/12\/02141621\/VIH.jpg","keywords":["D\u00e9nia","D\u00eda Mundial contra SIDA","Hospital D\u00e9nia","Marina Alta","Sanidad","SIDA"],"articleSection":["Sanidad"],"inLanguage":"ca","potentialAction":[{"@type":"CommentAction","name":"Comment","target":["https:\/\/radiolitoral.com\/2024\/12\/lhospital-de-denia-commemora-el-dia-mundial-de-la-sida-amb-una-jornada-centrada-en-avancos-i-educacio-sobre-el-vih\/#respond"]}]},{"@type":["WebPage","ItemPage"],"@id":"https:\/\/radiolitoral.com\/2024\/12\/lhospital-de-denia-commemora-el-dia-mundial-de-la-sida-amb-una-jornada-centrada-en-avancos-i-educacio-sobre-el-vih\/","url":"https:\/\/radiolitoral.com\/2024\/12\/lhospital-de-denia-commemora-el-dia-mundial-de-la-sida-amb-una-jornada-centrada-en-avancos-i-educacio-sobre-el-vih\/","name":"L&#039;Hospital de D\u00e9nia commemora el Dia Mundial de la SIDA amb una jornada centrada en aven\u00e7os i educaci\u00f3 sobre el VIH | R\u00e0dio Litoral","isPartOf":{"@id":"https:\/\/radiolitoral.com\/#website"},"primaryImageOfPage":{"@id":"https:\/\/radiolitoral.com\/2024\/12\/lhospital-de-denia-commemora-el-dia-mundial-de-la-sida-amb-una-jornada-centrada-en-avancos-i-educacio-sobre-el-vih\/#primaryimage"},"image":{"@id":"https:\/\/radiolitoral.com\/2024\/12\/lhospital-de-denia-commemora-el-dia-mundial-de-la-sida-amb-una-jornada-centrada-en-avancos-i-educacio-sobre-el-vih\/#primaryimage"},"thumbnailUrl":"https:\/\/media.radiolitoral.com\/wp-content\/uploads\/2024\/12\/02141621\/VIH.jpg","datePublished":"2024-12-02T13:23:59+00:00","description":"M\u00e9s de 400 pacients a la Marina Alta es benefici\u00efn del tractament antiretroviral intramuscular d&#039;acci\u00f3 perllongada M\u00e9s de 400 pacients a la Marina Alta es benefici\u00efn del tractament antiretroviral intramuscular d&#039;acci\u00f3 perllongada","breadcrumb":{"@id":"https:\/\/radiolitoral.com\/2024\/12\/lhospital-de-denia-commemora-el-dia-mundial-de-la-sida-amb-una-jornada-centrada-en-avancos-i-educacio-sobre-el-vih\/#breadcrumb"},"inLanguage":"ca","potentialAction":[{"@type":"ReadAction","target":["https:\/\/radiolitoral.com\/2024\/12\/lhospital-de-denia-commemora-el-dia-mundial-de-la-sida-amb-una-jornada-centrada-en-avancos-i-educacio-sobre-el-vih\/"]}]},{"@type":"ImageObject","inLanguage":"ca","@id":"https:\/\/radiolitoral.com\/2024\/12\/lhospital-de-denia-commemora-el-dia-mundial-de-la-sida-amb-una-jornada-centrada-en-avancos-i-educacio-sobre-el-vih\/#primaryimage","url":"https:\/\/media.radiolitoral.com\/wp-content\/uploads\/2024\/12\/02141621\/VIH.jpg","contentUrl":"https:\/\/media.radiolitoral.com\/wp-content\/uploads\/2024\/12\/02141621\/VIH.jpg","width":1621,"height":1525},{"@type":"BreadcrumbList","@id":"https:\/\/radiolitoral.com\/2024\/12\/lhospital-de-denia-commemora-el-dia-mundial-de-la-sida-amb-una-jornada-centrada-en-avancos-i-educacio-sobre-el-vih\/#breadcrumb","itemListElement":[{"@type":"ListItem","position":1,"name":"Portada","item":"https:\/\/radiolitoral.com\/"},{"@type":"ListItem","position":2,"name":"L&#8217;Hospital de D\u00e9nia commemora el Dia Mundial de la SIDA amb una jornada centrada en avan\u00e7os i educaci\u00f3 sobre el VIH"}]},{"@type":"WebSite","@id":"https:\/\/radiolitoral.com\/#website","url":"https:\/\/radiolitoral.com\/","name":"R\u00e0dio Litoral","description":"La r\u00e0dio local de la Marina Alta","publisher":{"@id":"https:\/\/radiolitoral.com\/#organization"},"alternateName":"Litoral FM","potentialAction":[{"@type":"SearchAction","target":{"@type":"EntryPoint","urlTemplate":"https:\/\/radiolitoral.com\/?s={search_term_string}"},"query-input":{"@type":"PropertyValueSpecification","valueRequired":true,"valueName":"search_term_string"}}],"inLanguage":"ca"},{"@type":"Organization","@id":"https:\/\/radiolitoral.com\/#organization","name":"R\u00e0dio Litoral","url":"https:\/\/radiolitoral.com\/","logo":{"@type":"ImageObject","inLanguage":"ca","@id":"https:\/\/radiolitoral.com\/#\/schema\/logo\/image\/","url":"https:\/\/media.radiolitoral.com\/wp-content\/uploads\/2023\/02\/24143238\/CL-V-RadioLitoral696.png","contentUrl":"https:\/\/media.radiolitoral.com\/wp-content\/uploads\/2023\/02\/24143238\/CL-V-RadioLitoral696.png","width":696,"height":696,"caption":"Radio Litoral"},"image":{"@id":"https:\/\/radiolitoral.com\/#\/schema\/logo\/image\/"},"sameAs":["https:\/\/www.facebook.com\/Laradiolitoral\/"]},{"@type":"Person","@id":"https:\/\/radiolitoral.com\/#\/schema\/person\/f2b2343c49b5d721857cc1002bfdb151","name":"Redacci\u00f3","image":{"@type":"ImageObject","inLanguage":"ca","@id":"https:\/\/secure.gravatar.com\/avatar\/f771d896c203ad8b3382d7905cfcce5a5c9b008b84b3cd9114e9b9f4cb63f789?s=96&d=mm&r=g","url":"https:\/\/secure.gravatar.com\/avatar\/f771d896c203ad8b3382d7905cfcce5a5c9b008b84b3cd9114e9b9f4cb63f789?s=96&d=mm&r=g","contentUrl":"https:\/\/secure.gravatar.com\/avatar\/f771d896c203ad8b3382d7905cfcce5a5c9b008b84b3cd9114e9b9f4cb63f789?s=96&d=mm&r=g","caption":"Redacci\u00f3n"},"url":"https:\/\/radiolitoral.com\/ca\/author\/miriam-pagan\/"}]}},"_links":{"self":[{"href":"https:\/\/radiolitoral.com\/ca\/wp-json\/wp\/v2\/posts\/13477","targetHints":{"allow":["GET"]}}],"collection":[{"href":"https:\/\/radiolitoral.com\/ca\/wp-json\/wp\/v2\/posts"}],"about":[{"href":"https:\/\/radiolitoral.com\/ca\/wp-json\/wp\/v2\/types\/post"}],"author":[{"embeddable":true,"href":"https:\/\/radiolitoral.com\/ca\/wp-json\/wp\/v2\/users\/13"}],"replies":[{"embeddable":true,"href":"https:\/\/radiolitoral.com\/ca\/wp-json\/wp\/v2\/comments?post=13477"}],"version-history":[{"count":1,"href":"https:\/\/radiolitoral.com\/ca\/wp-json\/wp\/v2\/posts\/13477\/revisions"}],"predecessor-version":[{"id":13479,"href":"https:\/\/radiolitoral.com\/ca\/wp-json\/wp\/v2\/posts\/13477\/revisions\/13479"}],"wp:featuredmedia":[{"embeddable":true,"href":"https:\/\/radiolitoral.com\/ca\/wp-json\/wp\/v2\/media\/13474"}],"wp:attachment":[{"href":"https:\/\/radiolitoral.com\/ca\/wp-json\/wp\/v2\/media?parent=13477"}],"wp:term":[{"taxonomy":"category","embeddable":true,"href":"https:\/\/radiolitoral.com\/ca\/wp-json\/wp\/v2\/categories?post=13477"},{"taxonomy":"post_tag","embeddable":true,"href":"https:\/\/radiolitoral.com\/ca\/wp-json\/wp\/v2\/tags?post=13477"}],"curies":[{"name":"wp","href":"https:\/\/api.w.org\/{rel}","templated":true}]}}