{"id":13473,"date":"2024-12-02T14:19:18","date_gmt":"2024-12-02T13:19:18","guid":{"rendered":"https:\/\/radiolitoral.com\/?p=13473"},"modified":"2024-12-02T14:19:18","modified_gmt":"2024-12-02T13:19:18","slug":"benissa-enlluerna-amb-viu-el-nadal-i-una-programacio-magica","status":"publish","type":"post","link":"https:\/\/radiolitoral.com\/ca\/2024\/12\/benissa-enlluerna-amb-viu-el-nadal-i-una-programacio-magica\/","title":{"rendered":"Benissa enlluerna amb &#039;Viu el Nadal&#039; i una programaci\u00f3 m\u00e0gica"},"content":{"rendered":"<p><strong>Benissa<\/strong> es prepara per a viure un Nadal inoblidable amb una programaci\u00f3 plena d&#039;<strong>espectacles<\/strong>, <strong>mercats<\/strong> i <strong>activitats<\/strong> per a tota la fam\u00edlia. Amb el lema <strong>\u00abViu el Nadal a Benissa\u00bb<\/strong>, el municipi ofereix un ampli ventall de propostes durant tot el desembre.<\/p>\n<h3><strong>Inici m\u00e0gic a Benissa amb l&#039;encesa de llums<\/strong><\/h3>\n<p>El jueus <strong>5 de desembre<\/strong>, Benissa donar\u00e0 el tret d&#039;eixida a les festes amb l&#039;<strong>encens de les llums navidenques<\/strong>. Als <strong>19.30 hores<\/strong>, els carrers brillaran amb <strong>il\u00b7luminaci\u00f3 renovada<\/strong>. <strong>Adri\u00e1n Cabrera<\/strong>, regidor de Festes, ha destacat: <strong>\u00abAquest any hem ampliat la il\u00b7luminaci\u00f3 a m\u00e9s carrers i hem fet canvis sorprenents\u00bb<\/strong>.<br \/>\nA m\u00e9s, hi haur\u00e0 una <strong>xocolatada<\/strong> i un <strong>espectacle especial<\/strong> amb la participaci\u00f3 de <strong>Pentatonic<\/strong>, <strong>Mestresses de Casa<\/strong> i <strong>escolars<\/strong>.<\/p>\n<h3><strong>Mercat de Nadal i activitats infantils\u00a0<\/strong><\/h3>\n<p>El divendres <strong>6 de desembre<\/strong>, el <strong>Mercat de Nadal<\/strong> s&#039;instal\u00b7lar\u00e0 al <strong>Passeig Joaquim Piera i Mariana Torres<\/strong>. De <strong>10.00 a 19.00 hores<\/strong>, m\u00e9s de <strong>25 comer\u00e7os i associacions<\/strong> oferiran <strong>productes i regals \u00fanics<\/strong>.<\/p>\n<p>Els m\u00e9s menuts podran visitar la <strong>Casa del Pare Noel<\/strong> al <strong>Casal Jove<\/strong> els dies <strong>13 i 14 de desembre<\/strong>. El <strong>15 de desembre<\/strong>, el <strong>Sal\u00f3 Cultural<\/strong> acollir\u00e0 <strong>\u00abEl Show de Zapatones\u00bb<\/strong>.<\/p>\n<h3><strong>Espectacles i tradici\u00f3 nadalenca<\/strong><\/h3>\n<p><strong>Pap\u00e0 Noel<\/strong> visitar\u00e0 la <strong>pla\u00e7a Jaume I<\/strong> el <strong>21 de desembre<\/strong>. El <strong>Cinema Municipal<\/strong> projectar\u00e0 <strong>&#039;Vaiana 2&#039;<\/strong> durant tot el cap de setmana. A m\u00e9s, el <strong>28 de desembre<\/strong>, el <strong>Centre d&#039;Art Taller d&#039;Ivars<\/strong> oferir\u00e0 l&#039;espectacle <strong>El Grinch<\/strong>.<\/p>\n<p>El <strong>patge real<\/strong> arribar\u00e0 el <strong>27 de desembre<\/strong> i el <strong>3 de gener<\/strong> a les <strong>19.00 hores<\/strong>. Les festes culminaran amb la <strong>Cavalcada dels Reis Mags<\/strong> el <strong>5 de gener<\/strong> i la <strong>missa de Reis<\/strong> el <strong>6 de gener<\/strong>.<\/p>\n<p>L&#039;<strong>alcalde de <a href=\"https:\/\/www.benissa.net\/\">Benissa<\/a><\/strong>, <strong>Arturo Poquet<\/strong>, anima tots a participar: <strong>\u00abVolem que gaudiu d&#039;aquesta \u00e8poca m\u00e0gica amb nosaltres\u00bb<\/strong>.<\/p>","protected":false},"excerpt":{"rendered":"<p>Benissa es prepara per a viure un Nadal inoblidable amb una programaci\u00f3 plena d\u2019espectacles, mercats i activitats per a tota la fam\u00edlia. Amb el lema \u00abViu el Nadal a Benissa\u00bb, el municipi ofereix un ampli ventall de propostes durant tot el desembre. Inici m\u00e0gic a Benissa amb l&#8217;encesa de llums El dijous 5 de desembre, [&#8230;]<\/p>\n<p><a class=\"btn btn-secondary understrap-read-more-link\" href=\"https:\/\/radiolitoral.com\/ca\/2024\/12\/benissa-enlluerna-amb-viu-el-nadal-i-una-programacio-magica\/\">Continua llegint&#8230;<span class=\"screen-reader-text\"> from Benissa enlluerna amb \u2018Viu el Nadal\u2019 i una programaci\u00f3 m\u00e0gica<\/span><\/a><\/p>\n","protected":false},"author":13,"featured_media":13475,"comment_status":"open","ping_status":"closed","sticky":false,"template":"","format":"standard","meta":{"_acf_changed":false,"inline_featured_image":false,"footnotes":""},"categories":[276],"tags":[2467,2896,2898,2897,2899,2620,2895,2900],"class_list":["post-13473","post","type-post","status-publish","format-standard","has-post-thumbnail","hentry","category-fiestas","tag-activitats-infantils","tag-activitats-nadalenques","tag-benissa-nadal","tag-cavalcada-reis-mags","tag-esdeveniments-benissa","tag-mercat-de-nadal","tag-nadal-a-benissa","tag-tradicio-nadalenca","cobertura-benissa"],"acf":[],"yoast_head":"<!-- This site is optimized with the Yoast SEO plugin v27.5 - https:\/\/yoast.com\/product\/yoast-seo-wordpress\/ -->\n<title>Benissa enlluerna amb \u2018Viu el Nadal\u2019 i una programaci\u00f3 m\u00e0gica | R\u00e0dio Litoral<\/title>\n<meta name=\"description\" content=\"El dijous 5 de desembre, Benissa donar\u00e0 el tret d\u2019eixida a les festes amb l\u2019encesa de les llums nadalenques.\" \/>\n<meta name=\"robots\" content=\"index, follow, max-snippet:-1, max-image-preview:large, max-video-preview:-1\" \/>\n<link rel=\"canonical\" href=\"https:\/\/radiolitoral.com\/ca\/2024\/12\/benissa-enlluerna-amb-viu-el-nadal-i-una-programacio-magica\/\" \/>\n<meta property=\"og:locale\" content=\"ca_ES\" \/>\n<meta property=\"og:type\" content=\"article\" \/>\n<meta property=\"og:title\" content=\"Benissa enlluerna amb \u2018Viu el Nadal\u2019 i una programaci\u00f3 m\u00e0gica | R\u00e0dio Litoral\" \/>\n<meta property=\"og:description\" content=\"El dijous 5 de desembre, Benissa donar\u00e0 el tret d\u2019eixida a les festes amb l\u2019encesa de les llums nadalenques.\" \/>\n<meta property=\"og:url\" content=\"https:\/\/radiolitoral.com\/ca\/2024\/12\/benissa-enlluerna-amb-viu-el-nadal-i-una-programacio-magica\/\" \/>\n<meta property=\"og:site_name\" content=\"R\u00e0dio Litoral\" \/>\n<meta property=\"article:publisher\" content=\"https:\/\/www.facebook.com\/Laradiolitoral\/\" \/>\n<meta property=\"article:published_time\" content=\"2024-12-02T13:19:18+00:00\" \/>\n<meta property=\"og:image\" content=\"https:\/\/media.radiolitoral.com\/wp-content\/uploads\/2024\/12\/02141911\/descarga.jpg\" \/>\n\t<meta property=\"og:image:width\" content=\"1200\" \/>\n\t<meta property=\"og:image:height\" content=\"675\" \/>\n\t<meta property=\"og:image:type\" content=\"image\/jpeg\" \/>\n<meta name=\"author\" content=\"Redacci\u00f3n\" \/>\n<meta name=\"twitter:card\" content=\"summary_large_image\" \/>\n<meta name=\"twitter:label1\" content=\"Escrit per\" \/>\n\t<meta name=\"twitter:data1\" content=\"Redacci\u00f3n\" \/>\n\t<meta name=\"twitter:label2\" content=\"Temps estimat de lectura\" \/>\n\t<meta name=\"twitter:data2\" content=\"2 minuts\" \/>\n<script type=\"application\/ld+json\" class=\"yoast-schema-graph\">{\"@context\":\"https:\\\/\\\/schema.org\",\"@graph\":[{\"@type\":\"NewsArticle\",\"@id\":\"https:\\\/\\\/radiolitoral.com\\\/2024\\\/12\\\/benissa-enlluerna-amb-viu-el-nadal-i-una-programacio-magica\\\/#article\",\"isPartOf\":{\"@id\":\"https:\\\/\\\/radiolitoral.com\\\/2024\\\/12\\\/benissa-enlluerna-amb-viu-el-nadal-i-una-programacio-magica\\\/\"},\"author\":{\"name\":\"Redacci\u00f3n\",\"@id\":\"https:\\\/\\\/radiolitoral.com\\\/#\\\/schema\\\/person\\\/f2b2343c49b5d721857cc1002bfdb151\"},\"headline\":\"Benissa enlluerna amb \u2018Viu el Nadal\u2019 i una programaci\u00f3 m\u00e0gica\",\"datePublished\":\"2024-12-02T13:19:18+00:00\",\"mainEntityOfPage\":{\"@id\":\"https:\\\/\\\/radiolitoral.com\\\/2024\\\/12\\\/benissa-enlluerna-amb-viu-el-nadal-i-una-programacio-magica\\\/\"},\"wordCount\":308,\"commentCount\":0,\"publisher\":{\"@id\":\"https:\\\/\\\/radiolitoral.com\\\/#organization\"},\"image\":{\"@id\":\"https:\\\/\\\/radiolitoral.com\\\/2024\\\/12\\\/benissa-enlluerna-amb-viu-el-nadal-i-una-programacio-magica\\\/#primaryimage\"},\"thumbnailUrl\":\"https:\\\/\\\/media.radiolitoral.com\\\/wp-content\\\/uploads\\\/2024\\\/12\\\/02141911\\\/descarga.jpg\",\"keywords\":[\"activitats infantils\",\"activitats nadalenques\",\"Benissa Nadal\",\"Cavalcada Reis Mags\",\"esdeveniments Benissa\",\"Mercat de Nadal\",\"Nadal a Benissa\",\"tradici\u00f3 nadalenca\"],\"articleSection\":[\"Fiestas\"],\"inLanguage\":\"ca\",\"potentialAction\":[{\"@type\":\"CommentAction\",\"name\":\"Comment\",\"target\":[\"https:\\\/\\\/radiolitoral.com\\\/2024\\\/12\\\/benissa-enlluerna-amb-viu-el-nadal-i-una-programacio-magica\\\/#respond\"]}]},{\"@type\":[\"WebPage\",\"ItemPage\"],\"@id\":\"https:\\\/\\\/radiolitoral.com\\\/2024\\\/12\\\/benissa-enlluerna-amb-viu-el-nadal-i-una-programacio-magica\\\/\",\"url\":\"https:\\\/\\\/radiolitoral.com\\\/2024\\\/12\\\/benissa-enlluerna-amb-viu-el-nadal-i-una-programacio-magica\\\/\",\"name\":\"Benissa enlluerna amb \u2018Viu el Nadal\u2019 i una programaci\u00f3 m\u00e0gica | R\u00e0dio Litoral\",\"isPartOf\":{\"@id\":\"https:\\\/\\\/radiolitoral.com\\\/#website\"},\"primaryImageOfPage\":{\"@id\":\"https:\\\/\\\/radiolitoral.com\\\/2024\\\/12\\\/benissa-enlluerna-amb-viu-el-nadal-i-una-programacio-magica\\\/#primaryimage\"},\"image\":{\"@id\":\"https:\\\/\\\/radiolitoral.com\\\/2024\\\/12\\\/benissa-enlluerna-amb-viu-el-nadal-i-una-programacio-magica\\\/#primaryimage\"},\"thumbnailUrl\":\"https:\\\/\\\/media.radiolitoral.com\\\/wp-content\\\/uploads\\\/2024\\\/12\\\/02141911\\\/descarga.jpg\",\"datePublished\":\"2024-12-02T13:19:18+00:00\",\"description\":\"El dijous 5 de desembre, Benissa donar\u00e0 el tret d\u2019eixida a les festes amb l\u2019encesa de les llums nadalenques.\",\"breadcrumb\":{\"@id\":\"https:\\\/\\\/radiolitoral.com\\\/2024\\\/12\\\/benissa-enlluerna-amb-viu-el-nadal-i-una-programacio-magica\\\/#breadcrumb\"},\"inLanguage\":\"ca\",\"potentialAction\":[{\"@type\":\"ReadAction\",\"target\":[\"https:\\\/\\\/radiolitoral.com\\\/2024\\\/12\\\/benissa-enlluerna-amb-viu-el-nadal-i-una-programacio-magica\\\/\"]}]},{\"@type\":\"ImageObject\",\"inLanguage\":\"ca\",\"@id\":\"https:\\\/\\\/radiolitoral.com\\\/2024\\\/12\\\/benissa-enlluerna-amb-viu-el-nadal-i-una-programacio-magica\\\/#primaryimage\",\"url\":\"https:\\\/\\\/media.radiolitoral.com\\\/wp-content\\\/uploads\\\/2024\\\/12\\\/02141911\\\/descarga.jpg\",\"contentUrl\":\"https:\\\/\\\/media.radiolitoral.com\\\/wp-content\\\/uploads\\\/2024\\\/12\\\/02141911\\\/descarga.jpg\",\"width\":1200,\"height\":675},{\"@type\":\"BreadcrumbList\",\"@id\":\"https:\\\/\\\/radiolitoral.com\\\/2024\\\/12\\\/benissa-enlluerna-amb-viu-el-nadal-i-una-programacio-magica\\\/#breadcrumb\",\"itemListElement\":[{\"@type\":\"ListItem\",\"position\":1,\"name\":\"Portada\",\"item\":\"https:\\\/\\\/radiolitoral.com\\\/\"},{\"@type\":\"ListItem\",\"position\":2,\"name\":\"Benissa enlluerna amb \u2018Viu el Nadal\u2019 i una programaci\u00f3 m\u00e0gica\"}]},{\"@type\":\"WebSite\",\"@id\":\"https:\\\/\\\/radiolitoral.com\\\/#website\",\"url\":\"https:\\\/\\\/radiolitoral.com\\\/\",\"name\":\"Radio Litoral\",\"description\":\"La radio local de la Marina Alta\",\"publisher\":{\"@id\":\"https:\\\/\\\/radiolitoral.com\\\/#organization\"},\"alternateName\":\"Litoral FM\",\"potentialAction\":[{\"@type\":\"SearchAction\",\"target\":{\"@type\":\"EntryPoint\",\"urlTemplate\":\"https:\\\/\\\/radiolitoral.com\\\/?s={search_term_string}\"},\"query-input\":{\"@type\":\"PropertyValueSpecification\",\"valueRequired\":true,\"valueName\":\"search_term_string\"}}],\"inLanguage\":\"ca\"},{\"@type\":\"Organization\",\"@id\":\"https:\\\/\\\/radiolitoral.com\\\/#organization\",\"name\":\"Radio Litoral\",\"url\":\"https:\\\/\\\/radiolitoral.com\\\/\",\"logo\":{\"@type\":\"ImageObject\",\"inLanguage\":\"ca\",\"@id\":\"https:\\\/\\\/radiolitoral.com\\\/#\\\/schema\\\/logo\\\/image\\\/\",\"url\":\"https:\\\/\\\/media.radiolitoral.com\\\/wp-content\\\/uploads\\\/2023\\\/02\\\/24143238\\\/CL-V-RadioLitoral696.png\",\"contentUrl\":\"https:\\\/\\\/media.radiolitoral.com\\\/wp-content\\\/uploads\\\/2023\\\/02\\\/24143238\\\/CL-V-RadioLitoral696.png\",\"width\":696,\"height\":696,\"caption\":\"Radio Litoral\"},\"image\":{\"@id\":\"https:\\\/\\\/radiolitoral.com\\\/#\\\/schema\\\/logo\\\/image\\\/\"},\"sameAs\":[\"https:\\\/\\\/www.facebook.com\\\/Laradiolitoral\\\/\"]},{\"@type\":\"Person\",\"@id\":\"https:\\\/\\\/radiolitoral.com\\\/#\\\/schema\\\/person\\\/f2b2343c49b5d721857cc1002bfdb151\",\"name\":\"Redacci\u00f3n\",\"image\":{\"@type\":\"ImageObject\",\"inLanguage\":\"ca\",\"@id\":\"https:\\\/\\\/secure.gravatar.com\\\/avatar\\\/f771d896c203ad8b3382d7905cfcce5a5c9b008b84b3cd9114e9b9f4cb63f789?s=96&d=mm&r=g\",\"url\":\"https:\\\/\\\/secure.gravatar.com\\\/avatar\\\/f771d896c203ad8b3382d7905cfcce5a5c9b008b84b3cd9114e9b9f4cb63f789?s=96&d=mm&r=g\",\"contentUrl\":\"https:\\\/\\\/secure.gravatar.com\\\/avatar\\\/f771d896c203ad8b3382d7905cfcce5a5c9b008b84b3cd9114e9b9f4cb63f789?s=96&d=mm&r=g\",\"caption\":\"Redacci\u00f3n\"},\"url\":\"https:\\\/\\\/radiolitoral.com\\\/ca\\\/author\\\/miriam-pagan\\\/\"}]}<\/script>\n<!-- \/ Yoast SEO plugin. -->","yoast_head_json":{"title":"Benissa enlluerna amb &#039;Viu el Nadal&#039; i una programaci\u00f3 m\u00e0gica | R\u00e0dio Litoral","description":"El dijous 5 de desembre, Benissa donar\u00e0 el tret d&#039;eixida a les festes amb l&#039;encesa de les llums nadalenques.","robots":{"index":"index","follow":"follow","max-snippet":"max-snippet:-1","max-image-preview":"max-image-preview:large","max-video-preview":"max-video-preview:-1"},"canonical":"https:\/\/radiolitoral.com\/ca\/2024\/12\/benissa-enlluerna-amb-viu-el-nadal-i-una-programacio-magica\/","og_locale":"ca_ES","og_type":"article","og_title":"Benissa enlluerna amb \u2018Viu el Nadal\u2019 i una programaci\u00f3 m\u00e0gica | R\u00e0dio Litoral","og_description":"El dijous 5 de desembre, Benissa donar\u00e0 el tret d\u2019eixida a les festes amb l\u2019encesa de les llums nadalenques.","og_url":"https:\/\/radiolitoral.com\/ca\/2024\/12\/benissa-enlluerna-amb-viu-el-nadal-i-una-programacio-magica\/","og_site_name":"R\u00e0dio Litoral","article_publisher":"https:\/\/www.facebook.com\/Laradiolitoral\/","article_published_time":"2024-12-02T13:19:18+00:00","og_image":[{"width":1200,"height":675,"url":"https:\/\/media.radiolitoral.com\/wp-content\/uploads\/2024\/12\/02141911\/descarga.jpg","type":"image\/jpeg"}],"author":"Redacci\u00f3n","twitter_card":"summary_large_image","twitter_misc":{"Escrit per":"Redacci\u00f3n","Temps estimat de lectura":"2 minuts"},"schema":{"@context":"https:\/\/schema.org","@graph":[{"@type":"NewsArticle","@id":"https:\/\/radiolitoral.com\/2024\/12\/benissa-enlluerna-amb-viu-el-nadal-i-una-programacio-magica\/#article","isPartOf":{"@id":"https:\/\/radiolitoral.com\/2024\/12\/benissa-enlluerna-amb-viu-el-nadal-i-una-programacio-magica\/"},"author":{"name":"Redacci\u00f3n","@id":"https:\/\/radiolitoral.com\/#\/schema\/person\/f2b2343c49b5d721857cc1002bfdb151"},"headline":"Benissa enlluerna amb \u2018Viu el Nadal\u2019 i una programaci\u00f3 m\u00e0gica","datePublished":"2024-12-02T13:19:18+00:00","mainEntityOfPage":{"@id":"https:\/\/radiolitoral.com\/2024\/12\/benissa-enlluerna-amb-viu-el-nadal-i-una-programacio-magica\/"},"wordCount":308,"commentCount":0,"publisher":{"@id":"https:\/\/radiolitoral.com\/#organization"},"image":{"@id":"https:\/\/radiolitoral.com\/2024\/12\/benissa-enlluerna-amb-viu-el-nadal-i-una-programacio-magica\/#primaryimage"},"thumbnailUrl":"https:\/\/media.radiolitoral.com\/wp-content\/uploads\/2024\/12\/02141911\/descarga.jpg","keywords":["activitats infantils","activitats nadalenques","Benissa Nadal","Cavalcada Reis Mags","esdeveniments Benissa","Mercat de Nadal","Nadal a Benissa","tradici\u00f3 nadalenca"],"articleSection":["Fiestas"],"inLanguage":"ca","potentialAction":[{"@type":"CommentAction","name":"Comment","target":["https:\/\/radiolitoral.com\/2024\/12\/benissa-enlluerna-amb-viu-el-nadal-i-una-programacio-magica\/#respond"]}]},{"@type":["WebPage","ItemPage"],"@id":"https:\/\/radiolitoral.com\/2024\/12\/benissa-enlluerna-amb-viu-el-nadal-i-una-programacio-magica\/","url":"https:\/\/radiolitoral.com\/2024\/12\/benissa-enlluerna-amb-viu-el-nadal-i-una-programacio-magica\/","name":"Benissa enlluerna amb &#039;Viu el Nadal&#039; i una programaci\u00f3 m\u00e0gica | R\u00e0dio Litoral","isPartOf":{"@id":"https:\/\/radiolitoral.com\/#website"},"primaryImageOfPage":{"@id":"https:\/\/radiolitoral.com\/2024\/12\/benissa-enlluerna-amb-viu-el-nadal-i-una-programacio-magica\/#primaryimage"},"image":{"@id":"https:\/\/radiolitoral.com\/2024\/12\/benissa-enlluerna-amb-viu-el-nadal-i-una-programacio-magica\/#primaryimage"},"thumbnailUrl":"https:\/\/media.radiolitoral.com\/wp-content\/uploads\/2024\/12\/02141911\/descarga.jpg","datePublished":"2024-12-02T13:19:18+00:00","description":"El dijous 5 de desembre, Benissa donar\u00e0 el tret d&#039;eixida a les festes amb l&#039;encesa de les llums nadalenques.","breadcrumb":{"@id":"https:\/\/radiolitoral.com\/2024\/12\/benissa-enlluerna-amb-viu-el-nadal-i-una-programacio-magica\/#breadcrumb"},"inLanguage":"ca","potentialAction":[{"@type":"ReadAction","target":["https:\/\/radiolitoral.com\/2024\/12\/benissa-enlluerna-amb-viu-el-nadal-i-una-programacio-magica\/"]}]},{"@type":"ImageObject","inLanguage":"ca","@id":"https:\/\/radiolitoral.com\/2024\/12\/benissa-enlluerna-amb-viu-el-nadal-i-una-programacio-magica\/#primaryimage","url":"https:\/\/media.radiolitoral.com\/wp-content\/uploads\/2024\/12\/02141911\/descarga.jpg","contentUrl":"https:\/\/media.radiolitoral.com\/wp-content\/uploads\/2024\/12\/02141911\/descarga.jpg","width":1200,"height":675},{"@type":"BreadcrumbList","@id":"https:\/\/radiolitoral.com\/2024\/12\/benissa-enlluerna-amb-viu-el-nadal-i-una-programacio-magica\/#breadcrumb","itemListElement":[{"@type":"ListItem","position":1,"name":"Portada","item":"https:\/\/radiolitoral.com\/"},{"@type":"ListItem","position":2,"name":"Benissa enlluerna amb \u2018Viu el Nadal\u2019 i una programaci\u00f3 m\u00e0gica"}]},{"@type":"WebSite","@id":"https:\/\/radiolitoral.com\/#website","url":"https:\/\/radiolitoral.com\/","name":"R\u00e0dio Litoral","description":"La r\u00e0dio local de la Marina Alta","publisher":{"@id":"https:\/\/radiolitoral.com\/#organization"},"alternateName":"Litoral FM","potentialAction":[{"@type":"SearchAction","target":{"@type":"EntryPoint","urlTemplate":"https:\/\/radiolitoral.com\/?s={search_term_string}"},"query-input":{"@type":"PropertyValueSpecification","valueRequired":true,"valueName":"search_term_string"}}],"inLanguage":"ca"},{"@type":"Organization","@id":"https:\/\/radiolitoral.com\/#organization","name":"R\u00e0dio Litoral","url":"https:\/\/radiolitoral.com\/","logo":{"@type":"ImageObject","inLanguage":"ca","@id":"https:\/\/radiolitoral.com\/#\/schema\/logo\/image\/","url":"https:\/\/media.radiolitoral.com\/wp-content\/uploads\/2023\/02\/24143238\/CL-V-RadioLitoral696.png","contentUrl":"https:\/\/media.radiolitoral.com\/wp-content\/uploads\/2023\/02\/24143238\/CL-V-RadioLitoral696.png","width":696,"height":696,"caption":"Radio Litoral"},"image":{"@id":"https:\/\/radiolitoral.com\/#\/schema\/logo\/image\/"},"sameAs":["https:\/\/www.facebook.com\/Laradiolitoral\/"]},{"@type":"Person","@id":"https:\/\/radiolitoral.com\/#\/schema\/person\/f2b2343c49b5d721857cc1002bfdb151","name":"Redacci\u00f3","image":{"@type":"ImageObject","inLanguage":"ca","@id":"https:\/\/secure.gravatar.com\/avatar\/f771d896c203ad8b3382d7905cfcce5a5c9b008b84b3cd9114e9b9f4cb63f789?s=96&d=mm&r=g","url":"https:\/\/secure.gravatar.com\/avatar\/f771d896c203ad8b3382d7905cfcce5a5c9b008b84b3cd9114e9b9f4cb63f789?s=96&d=mm&r=g","contentUrl":"https:\/\/secure.gravatar.com\/avatar\/f771d896c203ad8b3382d7905cfcce5a5c9b008b84b3cd9114e9b9f4cb63f789?s=96&d=mm&r=g","caption":"Redacci\u00f3n"},"url":"https:\/\/radiolitoral.com\/ca\/author\/miriam-pagan\/"}]}},"_links":{"self":[{"href":"https:\/\/radiolitoral.com\/ca\/wp-json\/wp\/v2\/posts\/13473","targetHints":{"allow":["GET"]}}],"collection":[{"href":"https:\/\/radiolitoral.com\/ca\/wp-json\/wp\/v2\/posts"}],"about":[{"href":"https:\/\/radiolitoral.com\/ca\/wp-json\/wp\/v2\/types\/post"}],"author":[{"embeddable":true,"href":"https:\/\/radiolitoral.com\/ca\/wp-json\/wp\/v2\/users\/13"}],"replies":[{"embeddable":true,"href":"https:\/\/radiolitoral.com\/ca\/wp-json\/wp\/v2\/comments?post=13473"}],"version-history":[{"count":1,"href":"https:\/\/radiolitoral.com\/ca\/wp-json\/wp\/v2\/posts\/13473\/revisions"}],"predecessor-version":[{"id":13476,"href":"https:\/\/radiolitoral.com\/ca\/wp-json\/wp\/v2\/posts\/13473\/revisions\/13476"}],"wp:featuredmedia":[{"embeddable":true,"href":"https:\/\/radiolitoral.com\/ca\/wp-json\/wp\/v2\/media\/13475"}],"wp:attachment":[{"href":"https:\/\/radiolitoral.com\/ca\/wp-json\/wp\/v2\/media?parent=13473"}],"wp:term":[{"taxonomy":"category","embeddable":true,"href":"https:\/\/radiolitoral.com\/ca\/wp-json\/wp\/v2\/categories?post=13473"},{"taxonomy":"post_tag","embeddable":true,"href":"https:\/\/radiolitoral.com\/ca\/wp-json\/wp\/v2\/tags?post=13473"}],"curies":[{"name":"wp","href":"https:\/\/api.w.org\/{rel}","templated":true}]}}