{"id":13468,"date":"2024-12-03T09:57:11","date_gmt":"2024-12-03T08:57:11","guid":{"rendered":"https:\/\/radiolitoral.com\/?p=13468"},"modified":"2024-12-03T09:57:11","modified_gmt":"2024-12-03T08:57:11","slug":"el-denia-bc-lluita-fins-al-final-pero-cau-davant-cb-benidorm-53-73","status":"publish","type":"post","link":"https:\/\/radiolitoral.com\/ca\/2024\/12\/el-denia-bc-lluita-fins-al-final-pero-cau-davant-cb-benidorm-53-73\/","title":{"rendered":"El D\u00e9nia BC lluita fins al final per\u00f2 va caure davant CB Benidorm (53-73)"},"content":{"rendered":"<p>El <strong>D\u00e9nia B\u00e0squet<\/strong> va recuperar la Jornada 4 de la lliga suspesa per la\u00a0<span class=\"hiddenSpellError\">DANA<\/span>\u00a0a l&#039;\u00faltim cap de setmana d&#039;octubre, rebent la visita del <strong>CB Benidorm<\/strong> despr\u00e9s que tots dos clubs acordessin invertir l&#039;ordre de joc a causa de la manca de disponibilitat del Pavell\u00f3 L&#039;Illa.<\/p>\n<p>Tot i el resultat final <strong>(53-73)<\/strong>, que va ser similar al de la setmana anterior davant un altre rival potent com <strong>CB Alginet<\/strong>, el gui\u00f3 del partit va ser completament diferent, tant en nivell de joc com en sensacions. El D\u00e9nia B\u00e0squet va estar connectat des de l&#039;inici fins al final, amb una nova grada plena, que va viure el partit amb una entrega total.<\/p>\n<h4>Un partit que estar\u00e0 completament obert fins a l&#039;\u00faltim moment<\/h4>\n<p>El partit va estar completament obert fins al minut 2 del darrer per\u00edode, moment en qu\u00e8 nom\u00e9s un punt separava els dos equips al marcador (48-49). Els homes d&#039;<strong>Eduardo\u00a0<span class=\"hiddenSpellError\">Clavero<\/span><\/strong>\u00a0contindran en tot moment Benidorm gr\u00e0cies a una gran defensa i un enorme esfor\u00e7 en el rebot. A l&#039;atac, els\u00a0<span class=\"hiddenSpellError\">dianencs<\/span>\u00a0van saber treballar amb molt d&#039;equilibri i intel\u00b7lig\u00e8ncia.<\/p>\n<p>Per\u00f2 a partir d&#039;aqu\u00ed, els visitants, que fins aquell moment nom\u00e9s havia anotat tres triples, va encertar quatre tires decisius des de la l\u00ednia de 6,75 metres, dos d&#039;ells al l\u00edmit de la possessi\u00f3 despr\u00e9s d&#039;excel\u00b7 lents defenses locals.<\/p>\n<h4>El partit s&#039;escapa malgrat la lluita constant<\/h4>\n<p>Tot i que el D\u00e9nia\u00a0<span class=\"hiddenSpellError\">B\u00e0squet<\/span>\u00a0seleccionava b\u00e9 els seus tirs, els percentatges de l&#039;equip es van reduir i van veure com el partit se&#039;ls escapava lentament, tot i seguir lluitant fins al darrer segon del xoc.<\/p>\n<p>Tot i el resultat, els\u00a0<span class=\"hiddenSpellError\">dianencs<\/span>\u00a0van fer un excel\u00b7lent partit, amb una grata demostraci\u00f3 del nivell de joc i de la confian\u00e7a que est\u00e0 adquirint l&#039;equip.\u00a0<span class=\"hiddenSuggestion\">Aquesta<\/span>\u00a0actuaci\u00f3 els deixa en una bona situaci\u00f3 per afrontar el partit decisiu de la setmana que ve, de nou a Joan Fuster, davant <strong>Reial\u00a0<span class=\"hiddenSpellError\">M\u00farcia<\/span><\/strong>, rival directe en la lluita per la perman\u00e8ncia en el retorn de D\u00e9nia a les competicions nacionals.<\/p>","protected":false},"excerpt":{"rendered":"<p>El D\u00e9nia B\u00e0squet va recuperar la Jornada 4 de la lliga suspesa per la\u00a0DANA\u00a0a l&#8217;\u00faltim cap de setmana d&#8217;octubre, rebent la visita del CB Benidorm despr\u00e9s que ambd\u00f3s clubs acordaren invertir l&#8217;ordre de joc a causa de la falta de disponibilitat del Pavell\u00f3 L&#8217;Illa. Tot i el resultat final (53-73), que va ser similar al [&#8230;]<\/p>\n<p><a class=\"btn btn-secondary understrap-read-more-link\" href=\"https:\/\/radiolitoral.com\/ca\/2024\/12\/el-denia-bc-lluita-fins-al-final-pero-cau-davant-cb-benidorm-53-73\/\">Continua llegint&#8230;<span class=\"screen-reader-text\"> from El D\u00e9nia BC lluita fins al final per\u00f2 cau davant CB Benidorm (53-73)<\/span><\/a><\/p>\n","protected":false},"author":12,"featured_media":13469,"comment_status":"open","ping_status":"closed","sticky":false,"template":"","format":"standard","meta":{"_acf_changed":false,"inline_featured_image":false,"footnotes":""},"categories":[5],"tags":[1384,1796,1788,6,965,1790],"class_list":["post-13468","post","type-post","status-publish","format-standard","has-post-thumbnail","hentry","category-deportes","tag-cb-alginet","tag-cb-benidorm","tag-denia-basquet","tag-deportes","tag-eduardo-clavero","tag-real-murcia","cobertura-denia"],"acf":[],"yoast_head":"<!-- This site is optimized with the Yoast SEO plugin v27.5 - https:\/\/yoast.com\/product\/yoast-seo-wordpress\/ -->\n<title>El D\u00e9nia BC lluita fins al final per\u00f2 cau davant CB Benidorm (53-73) | R\u00e0dio Litoral<\/title>\n<meta name=\"description\" content=\"D\u00e9nia B\u00e0squet es deixa el millor de si mateix davant un potent Benidorm, amb una gran demostraci\u00f3 de joc i esfor\u00e7 col\u00b7lectiu D\u00e9nia B\u00e0squet es deixa el millor de si mateix davant un potent Benidorm, amb una gran demostraci\u00f3 de joc i esfor\u00e7 col\u00b7lectiu\" \/>\n<meta name=\"robots\" content=\"index, follow, max-snippet:-1, max-image-preview:large, max-video-preview:-1\" \/>\n<link rel=\"canonical\" href=\"https:\/\/radiolitoral.com\/ca\/2024\/12\/el-denia-bc-lluita-fins-al-final-pero-cau-davant-cb-benidorm-53-73\/\" \/>\n<meta property=\"og:locale\" content=\"ca_ES\" \/>\n<meta property=\"og:type\" content=\"article\" \/>\n<meta property=\"og:title\" content=\"El D\u00e9nia BC lluita fins al final per\u00f2 cau davant CB Benidorm (53-73) | R\u00e0dio Litoral\" \/>\n<meta property=\"og:description\" content=\"D\u00e9nia B\u00e0squet es deixa el millor de si mateix davant un potent Benidorm, amb una gran demostraci\u00f3 de joc i esfor\u00e7 col\u00b7lectiu D\u00e9nia B\u00e0squet es deixa el millor de si mateix davant un potent Benidorm, amb una gran demostraci\u00f3 de joc i esfor\u00e7 col\u00b7lectiu\" \/>\n<meta property=\"og:url\" content=\"https:\/\/radiolitoral.com\/ca\/2024\/12\/el-denia-bc-lluita-fins-al-final-pero-cau-davant-cb-benidorm-53-73\/\" \/>\n<meta property=\"og:site_name\" content=\"R\u00e0dio Litoral\" \/>\n<meta property=\"article:publisher\" content=\"https:\/\/www.facebook.com\/Laradiolitoral\/\" \/>\n<meta property=\"article:published_time\" content=\"2024-12-03T08:57:11+00:00\" \/>\n<meta property=\"og:image\" content=\"https:\/\/media.radiolitoral.com\/wp-content\/uploads\/2024\/12\/02140543\/Entrada-a-canasta-de-un-jugador-dianense.jpg\" \/>\n\t<meta property=\"og:image:width\" content=\"1024\" \/>\n\t<meta property=\"og:image:height\" content=\"683\" \/>\n\t<meta property=\"og:image:type\" content=\"image\/jpeg\" \/>\n<meta name=\"author\" content=\"Javier Zamora\" \/>\n<meta name=\"twitter:card\" content=\"summary_large_image\" \/>\n<meta name=\"twitter:label1\" content=\"Escrit per\" \/>\n\t<meta name=\"twitter:data1\" content=\"Javier Zamora\" \/>\n\t<meta name=\"twitter:label2\" content=\"Temps estimat de lectura\" \/>\n\t<meta name=\"twitter:data2\" content=\"2 minuts\" \/>\n<script type=\"application\/ld+json\" class=\"yoast-schema-graph\">{\"@context\":\"https:\\\/\\\/schema.org\",\"@graph\":[{\"@type\":\"NewsArticle\",\"@id\":\"https:\\\/\\\/radiolitoral.com\\\/2024\\\/12\\\/el-denia-bc-lluita-fins-al-final-pero-cau-davant-cb-benidorm-53-73\\\/#article\",\"isPartOf\":{\"@id\":\"https:\\\/\\\/radiolitoral.com\\\/2024\\\/12\\\/el-denia-bc-lluita-fins-al-final-pero-cau-davant-cb-benidorm-53-73\\\/\"},\"author\":{\"name\":\"Javier Zamora\",\"@id\":\"https:\\\/\\\/radiolitoral.com\\\/#\\\/schema\\\/person\\\/7b1480b5caeb5acdd4ec6379caf62b22\"},\"headline\":\"El D\u00e9nia BC lluita fins al final per\u00f2 cau davant CB Benidorm (53-73)\",\"datePublished\":\"2024-12-03T08:57:11+00:00\",\"mainEntityOfPage\":{\"@id\":\"https:\\\/\\\/radiolitoral.com\\\/2024\\\/12\\\/el-denia-bc-lluita-fins-al-final-pero-cau-davant-cb-benidorm-53-73\\\/\"},\"wordCount\":382,\"commentCount\":0,\"publisher\":{\"@id\":\"https:\\\/\\\/radiolitoral.com\\\/#organization\"},\"image\":{\"@id\":\"https:\\\/\\\/radiolitoral.com\\\/2024\\\/12\\\/el-denia-bc-lluita-fins-al-final-pero-cau-davant-cb-benidorm-53-73\\\/#primaryimage\"},\"thumbnailUrl\":\"https:\\\/\\\/media.radiolitoral.com\\\/wp-content\\\/uploads\\\/2024\\\/12\\\/02140543\\\/Entrada-a-canasta-de-un-jugador-dianense.jpg\",\"keywords\":[\"CB Alginet\",\"CB\u00a0Benidorm\",\"D\u00e9nia B\u00e0squet\",\"deportes\",\"Eduardo Clavero\",\"Real M\u00farcia\"],\"articleSection\":[\"Deportes\"],\"inLanguage\":\"ca\",\"potentialAction\":[{\"@type\":\"CommentAction\",\"name\":\"Comment\",\"target\":[\"https:\\\/\\\/radiolitoral.com\\\/2024\\\/12\\\/el-denia-bc-lluita-fins-al-final-pero-cau-davant-cb-benidorm-53-73\\\/#respond\"]}]},{\"@type\":[\"WebPage\",\"ItemPage\"],\"@id\":\"https:\\\/\\\/radiolitoral.com\\\/2024\\\/12\\\/el-denia-bc-lluita-fins-al-final-pero-cau-davant-cb-benidorm-53-73\\\/\",\"url\":\"https:\\\/\\\/radiolitoral.com\\\/2024\\\/12\\\/el-denia-bc-lluita-fins-al-final-pero-cau-davant-cb-benidorm-53-73\\\/\",\"name\":\"El D\u00e9nia BC lluita fins al final per\u00f2 cau davant CB Benidorm (53-73) | R\u00e0dio Litoral\",\"isPartOf\":{\"@id\":\"https:\\\/\\\/radiolitoral.com\\\/#website\"},\"primaryImageOfPage\":{\"@id\":\"https:\\\/\\\/radiolitoral.com\\\/2024\\\/12\\\/el-denia-bc-lluita-fins-al-final-pero-cau-davant-cb-benidorm-53-73\\\/#primaryimage\"},\"image\":{\"@id\":\"https:\\\/\\\/radiolitoral.com\\\/2024\\\/12\\\/el-denia-bc-lluita-fins-al-final-pero-cau-davant-cb-benidorm-53-73\\\/#primaryimage\"},\"thumbnailUrl\":\"https:\\\/\\\/media.radiolitoral.com\\\/wp-content\\\/uploads\\\/2024\\\/12\\\/02140543\\\/Entrada-a-canasta-de-un-jugador-dianense.jpg\",\"datePublished\":\"2024-12-03T08:57:11+00:00\",\"description\":\"D\u00e9nia B\u00e0squet es deixa el millor de si mateix davant un potent Benidorm, amb una gran demostraci\u00f3 de joc i esfor\u00e7 col\u00b7lectiu D\u00e9nia B\u00e0squet es deixa el millor de si mateix davant un potent Benidorm, amb una gran demostraci\u00f3 de joc i esfor\u00e7 col\u00b7lectiu\",\"breadcrumb\":{\"@id\":\"https:\\\/\\\/radiolitoral.com\\\/2024\\\/12\\\/el-denia-bc-lluita-fins-al-final-pero-cau-davant-cb-benidorm-53-73\\\/#breadcrumb\"},\"inLanguage\":\"ca\",\"potentialAction\":[{\"@type\":\"ReadAction\",\"target\":[\"https:\\\/\\\/radiolitoral.com\\\/2024\\\/12\\\/el-denia-bc-lluita-fins-al-final-pero-cau-davant-cb-benidorm-53-73\\\/\"]}]},{\"@type\":\"ImageObject\",\"inLanguage\":\"ca\",\"@id\":\"https:\\\/\\\/radiolitoral.com\\\/2024\\\/12\\\/el-denia-bc-lluita-fins-al-final-pero-cau-davant-cb-benidorm-53-73\\\/#primaryimage\",\"url\":\"https:\\\/\\\/media.radiolitoral.com\\\/wp-content\\\/uploads\\\/2024\\\/12\\\/02140543\\\/Entrada-a-canasta-de-un-jugador-dianense.jpg\",\"contentUrl\":\"https:\\\/\\\/media.radiolitoral.com\\\/wp-content\\\/uploads\\\/2024\\\/12\\\/02140543\\\/Entrada-a-canasta-de-un-jugador-dianense.jpg\",\"width\":1024,\"height\":683},{\"@type\":\"BreadcrumbList\",\"@id\":\"https:\\\/\\\/radiolitoral.com\\\/2024\\\/12\\\/el-denia-bc-lluita-fins-al-final-pero-cau-davant-cb-benidorm-53-73\\\/#breadcrumb\",\"itemListElement\":[{\"@type\":\"ListItem\",\"position\":1,\"name\":\"Portada\",\"item\":\"https:\\\/\\\/radiolitoral.com\\\/\"},{\"@type\":\"ListItem\",\"position\":2,\"name\":\"El D\u00e9nia BC lluita fins al final per\u00f2 cau davant CB Benidorm (53-73)\"}]},{\"@type\":\"WebSite\",\"@id\":\"https:\\\/\\\/radiolitoral.com\\\/#website\",\"url\":\"https:\\\/\\\/radiolitoral.com\\\/\",\"name\":\"Radio Litoral\",\"description\":\"La radio local de la Marina Alta\",\"publisher\":{\"@id\":\"https:\\\/\\\/radiolitoral.com\\\/#organization\"},\"alternateName\":\"Litoral FM\",\"potentialAction\":[{\"@type\":\"SearchAction\",\"target\":{\"@type\":\"EntryPoint\",\"urlTemplate\":\"https:\\\/\\\/radiolitoral.com\\\/?s={search_term_string}\"},\"query-input\":{\"@type\":\"PropertyValueSpecification\",\"valueRequired\":true,\"valueName\":\"search_term_string\"}}],\"inLanguage\":\"ca\"},{\"@type\":\"Organization\",\"@id\":\"https:\\\/\\\/radiolitoral.com\\\/#organization\",\"name\":\"Radio Litoral\",\"url\":\"https:\\\/\\\/radiolitoral.com\\\/\",\"logo\":{\"@type\":\"ImageObject\",\"inLanguage\":\"ca\",\"@id\":\"https:\\\/\\\/radiolitoral.com\\\/#\\\/schema\\\/logo\\\/image\\\/\",\"url\":\"https:\\\/\\\/media.radiolitoral.com\\\/wp-content\\\/uploads\\\/2023\\\/02\\\/24143238\\\/CL-V-RadioLitoral696.png\",\"contentUrl\":\"https:\\\/\\\/media.radiolitoral.com\\\/wp-content\\\/uploads\\\/2023\\\/02\\\/24143238\\\/CL-V-RadioLitoral696.png\",\"width\":696,\"height\":696,\"caption\":\"Radio Litoral\"},\"image\":{\"@id\":\"https:\\\/\\\/radiolitoral.com\\\/#\\\/schema\\\/logo\\\/image\\\/\"},\"sameAs\":[\"https:\\\/\\\/www.facebook.com\\\/Laradiolitoral\\\/\"]},{\"@type\":\"Person\",\"@id\":\"https:\\\/\\\/radiolitoral.com\\\/#\\\/schema\\\/person\\\/7b1480b5caeb5acdd4ec6379caf62b22\",\"name\":\"Javier Zamora\",\"image\":{\"@type\":\"ImageObject\",\"inLanguage\":\"ca\",\"@id\":\"https:\\\/\\\/secure.gravatar.com\\\/avatar\\\/467a11f6918c7d619c4043fc6fa2d3853053107973f05b6e9c04ea6c4e3a7b3f?s=96&d=mm&r=g\",\"url\":\"https:\\\/\\\/secure.gravatar.com\\\/avatar\\\/467a11f6918c7d619c4043fc6fa2d3853053107973f05b6e9c04ea6c4e3a7b3f?s=96&d=mm&r=g\",\"contentUrl\":\"https:\\\/\\\/secure.gravatar.com\\\/avatar\\\/467a11f6918c7d619c4043fc6fa2d3853053107973f05b6e9c04ea6c4e3a7b3f?s=96&d=mm&r=g\",\"caption\":\"Javier Zamora\"},\"url\":\"https:\\\/\\\/radiolitoral.com\\\/ca\\\/author\\\/javier-zamora\\\/\"}]}<\/script>\n<!-- \/ Yoast SEO plugin. -->","yoast_head_json":{"title":"El D\u00e9nia BC lluita fins al final, per\u00f2 cau davant CB Benidorm (53-73) | R\u00e0dio Litoral","description":"D\u00e9nia B\u00e0squet es deixa el millor de si mateix davant un potent Benidorm, amb una gran demostraci\u00f3 de joc i esfor\u00e7 col\u00b7lectiu D\u00e9nia B\u00e0squet \u00e9s deixa el millor de si mateix davant un potent Benidorm, amb una gran demostraci\u00f3 de joc i esfor\u00e7 col\u00b7lectiu","robots":{"index":"index","follow":"follow","max-snippet":"max-snippet:-1","max-image-preview":"max-image-preview:large","max-video-preview":"max-video-preview:-1"},"canonical":"https:\/\/radiolitoral.com\/ca\/2024\/12\/el-denia-bc-lluita-fins-al-final-pero-cau-davant-cb-benidorm-53-73\/","og_locale":"ca_ES","og_type":"article","og_title":"El D\u00e9nia BC lluita fins al final per\u00f2 cau davant CB Benidorm (53-73) | R\u00e0dio Litoral","og_description":"D\u00e9nia B\u00e0squet es deixa el millor de si mateix davant un potent Benidorm, amb una gran demostraci\u00f3 de joc i esfor\u00e7 col\u00b7lectiu D\u00e9nia B\u00e0squet es deixa el millor de si mateix davant un potent Benidorm, amb una gran demostraci\u00f3 de joc i esfor\u00e7 col\u00b7lectiu","og_url":"https:\/\/radiolitoral.com\/ca\/2024\/12\/el-denia-bc-lluita-fins-al-final-pero-cau-davant-cb-benidorm-53-73\/","og_site_name":"R\u00e0dio Litoral","article_publisher":"https:\/\/www.facebook.com\/Laradiolitoral\/","article_published_time":"2024-12-03T08:57:11+00:00","og_image":[{"width":1024,"height":683,"url":"https:\/\/media.radiolitoral.com\/wp-content\/uploads\/2024\/12\/02140543\/Entrada-a-canasta-de-un-jugador-dianense.jpg","type":"image\/jpeg"}],"author":"Javier Zamora","twitter_card":"summary_large_image","twitter_misc":{"Escrit per":"Javier Zamora","Temps estimat de lectura":"2 minuts"},"schema":{"@context":"https:\/\/schema.org","@graph":[{"@type":"NewsArticle","@id":"https:\/\/radiolitoral.com\/2024\/12\/el-denia-bc-lluita-fins-al-final-pero-cau-davant-cb-benidorm-53-73\/#article","isPartOf":{"@id":"https:\/\/radiolitoral.com\/2024\/12\/el-denia-bc-lluita-fins-al-final-pero-cau-davant-cb-benidorm-53-73\/"},"author":{"name":"Javier Zamora","@id":"https:\/\/radiolitoral.com\/#\/schema\/person\/7b1480b5caeb5acdd4ec6379caf62b22"},"headline":"El D\u00e9nia BC lluita fins al final per\u00f2 cau davant CB Benidorm (53-73)","datePublished":"2024-12-03T08:57:11+00:00","mainEntityOfPage":{"@id":"https:\/\/radiolitoral.com\/2024\/12\/el-denia-bc-lluita-fins-al-final-pero-cau-davant-cb-benidorm-53-73\/"},"wordCount":382,"commentCount":0,"publisher":{"@id":"https:\/\/radiolitoral.com\/#organization"},"image":{"@id":"https:\/\/radiolitoral.com\/2024\/12\/el-denia-bc-lluita-fins-al-final-pero-cau-davant-cb-benidorm-53-73\/#primaryimage"},"thumbnailUrl":"https:\/\/media.radiolitoral.com\/wp-content\/uploads\/2024\/12\/02140543\/Entrada-a-canasta-de-un-jugador-dianense.jpg","keywords":["CB Alginet","CB\u00a0Benidorm","D\u00e9nia B\u00e0squet","deportes","Eduardo Clavero","Real M\u00farcia"],"articleSection":["Deportes"],"inLanguage":"ca","potentialAction":[{"@type":"CommentAction","name":"Comment","target":["https:\/\/radiolitoral.com\/2024\/12\/el-denia-bc-lluita-fins-al-final-pero-cau-davant-cb-benidorm-53-73\/#respond"]}]},{"@type":["WebPage","ItemPage"],"@id":"https:\/\/radiolitoral.com\/2024\/12\/el-denia-bc-lluita-fins-al-final-pero-cau-davant-cb-benidorm-53-73\/","url":"https:\/\/radiolitoral.com\/2024\/12\/el-denia-bc-lluita-fins-al-final-pero-cau-davant-cb-benidorm-53-73\/","name":"El D\u00e9nia BC lluita fins al final, per\u00f2 cau davant CB Benidorm (53-73) | R\u00e0dio Litoral","isPartOf":{"@id":"https:\/\/radiolitoral.com\/#website"},"primaryImageOfPage":{"@id":"https:\/\/radiolitoral.com\/2024\/12\/el-denia-bc-lluita-fins-al-final-pero-cau-davant-cb-benidorm-53-73\/#primaryimage"},"image":{"@id":"https:\/\/radiolitoral.com\/2024\/12\/el-denia-bc-lluita-fins-al-final-pero-cau-davant-cb-benidorm-53-73\/#primaryimage"},"thumbnailUrl":"https:\/\/media.radiolitoral.com\/wp-content\/uploads\/2024\/12\/02140543\/Entrada-a-canasta-de-un-jugador-dianense.jpg","datePublished":"2024-12-03T08:57:11+00:00","description":"D\u00e9nia B\u00e0squet es deixa el millor de si mateix davant un potent Benidorm, amb una gran demostraci\u00f3 de joc i esfor\u00e7 col\u00b7lectiu D\u00e9nia B\u00e0squet \u00e9s deixa el millor de si mateix davant un potent Benidorm, amb una gran demostraci\u00f3 de joc i esfor\u00e7 col\u00b7lectiu","breadcrumb":{"@id":"https:\/\/radiolitoral.com\/2024\/12\/el-denia-bc-lluita-fins-al-final-pero-cau-davant-cb-benidorm-53-73\/#breadcrumb"},"inLanguage":"ca","potentialAction":[{"@type":"ReadAction","target":["https:\/\/radiolitoral.com\/2024\/12\/el-denia-bc-lluita-fins-al-final-pero-cau-davant-cb-benidorm-53-73\/"]}]},{"@type":"ImageObject","inLanguage":"ca","@id":"https:\/\/radiolitoral.com\/2024\/12\/el-denia-bc-lluita-fins-al-final-pero-cau-davant-cb-benidorm-53-73\/#primaryimage","url":"https:\/\/media.radiolitoral.com\/wp-content\/uploads\/2024\/12\/02140543\/Entrada-a-canasta-de-un-jugador-dianense.jpg","contentUrl":"https:\/\/media.radiolitoral.com\/wp-content\/uploads\/2024\/12\/02140543\/Entrada-a-canasta-de-un-jugador-dianense.jpg","width":1024,"height":683},{"@type":"BreadcrumbList","@id":"https:\/\/radiolitoral.com\/2024\/12\/el-denia-bc-lluita-fins-al-final-pero-cau-davant-cb-benidorm-53-73\/#breadcrumb","itemListElement":[{"@type":"ListItem","position":1,"name":"Portada","item":"https:\/\/radiolitoral.com\/"},{"@type":"ListItem","position":2,"name":"El D\u00e9nia BC lluita fins al final per\u00f2 cau davant CB Benidorm (53-73)"}]},{"@type":"WebSite","@id":"https:\/\/radiolitoral.com\/#website","url":"https:\/\/radiolitoral.com\/","name":"R\u00e0dio Litoral","description":"La r\u00e0dio local de la Marina Alta","publisher":{"@id":"https:\/\/radiolitoral.com\/#organization"},"alternateName":"Litoral FM","potentialAction":[{"@type":"SearchAction","target":{"@type":"EntryPoint","urlTemplate":"https:\/\/radiolitoral.com\/?s={search_term_string}"},"query-input":{"@type":"PropertyValueSpecification","valueRequired":true,"valueName":"search_term_string"}}],"inLanguage":"ca"},{"@type":"Organization","@id":"https:\/\/radiolitoral.com\/#organization","name":"R\u00e0dio Litoral","url":"https:\/\/radiolitoral.com\/","logo":{"@type":"ImageObject","inLanguage":"ca","@id":"https:\/\/radiolitoral.com\/#\/schema\/logo\/image\/","url":"https:\/\/media.radiolitoral.com\/wp-content\/uploads\/2023\/02\/24143238\/CL-V-RadioLitoral696.png","contentUrl":"https:\/\/media.radiolitoral.com\/wp-content\/uploads\/2023\/02\/24143238\/CL-V-RadioLitoral696.png","width":696,"height":696,"caption":"Radio Litoral"},"image":{"@id":"https:\/\/radiolitoral.com\/#\/schema\/logo\/image\/"},"sameAs":["https:\/\/www.facebook.com\/Laradiolitoral\/"]},{"@type":"Person","@id":"https:\/\/radiolitoral.com\/#\/schema\/person\/7b1480b5caeb5acdd4ec6379caf62b22","name":"Javier Zamora","image":{"@type":"ImageObject","inLanguage":"ca","@id":"https:\/\/secure.gravatar.com\/avatar\/467a11f6918c7d619c4043fc6fa2d3853053107973f05b6e9c04ea6c4e3a7b3f?s=96&d=mm&r=g","url":"https:\/\/secure.gravatar.com\/avatar\/467a11f6918c7d619c4043fc6fa2d3853053107973f05b6e9c04ea6c4e3a7b3f?s=96&d=mm&r=g","contentUrl":"https:\/\/secure.gravatar.com\/avatar\/467a11f6918c7d619c4043fc6fa2d3853053107973f05b6e9c04ea6c4e3a7b3f?s=96&d=mm&r=g","caption":"Javier Zamora"},"url":"https:\/\/radiolitoral.com\/ca\/author\/javier-zamora\/"}]}},"_links":{"self":[{"href":"https:\/\/radiolitoral.com\/ca\/wp-json\/wp\/v2\/posts\/13468","targetHints":{"allow":["GET"]}}],"collection":[{"href":"https:\/\/radiolitoral.com\/ca\/wp-json\/wp\/v2\/posts"}],"about":[{"href":"https:\/\/radiolitoral.com\/ca\/wp-json\/wp\/v2\/types\/post"}],"author":[{"embeddable":true,"href":"https:\/\/radiolitoral.com\/ca\/wp-json\/wp\/v2\/users\/12"}],"replies":[{"embeddable":true,"href":"https:\/\/radiolitoral.com\/ca\/wp-json\/wp\/v2\/comments?post=13468"}],"version-history":[{"count":2,"href":"https:\/\/radiolitoral.com\/ca\/wp-json\/wp\/v2\/posts\/13468\/revisions"}],"predecessor-version":[{"id":13471,"href":"https:\/\/radiolitoral.com\/ca\/wp-json\/wp\/v2\/posts\/13468\/revisions\/13471"}],"wp:featuredmedia":[{"embeddable":true,"href":"https:\/\/radiolitoral.com\/ca\/wp-json\/wp\/v2\/media\/13469"}],"wp:attachment":[{"href":"https:\/\/radiolitoral.com\/ca\/wp-json\/wp\/v2\/media?parent=13468"}],"wp:term":[{"taxonomy":"category","embeddable":true,"href":"https:\/\/radiolitoral.com\/ca\/wp-json\/wp\/v2\/categories?post=13468"},{"taxonomy":"post_tag","embeddable":true,"href":"https:\/\/radiolitoral.com\/ca\/wp-json\/wp\/v2\/tags?post=13468"}],"curies":[{"name":"wp","href":"https:\/\/api.w.org\/{rel}","templated":true}]}}