{"id":13445,"date":"2024-11-30T08:56:40","date_gmt":"2024-11-30T07:56:40","guid":{"rendered":"https:\/\/radiolitoral.com\/?p=13445"},"modified":"2024-11-30T08:56:40","modified_gmt":"2024-11-30T07:56:40","slug":"la-ud-calpe-vol-canviar-la-seva-sort-a-xativa","status":"publish","type":"post","link":"https:\/\/radiolitoral.com\/ca\/2024\/11\/la-ud-calpe-vol-canviar-la-seua-sort-a-xativa\/","title":{"rendered":"La UD Calp vol canviar la seva sort a X\u00e0tiva"},"content":{"rendered":"<div class=\"flex max-w-full flex-col flex-grow\">\n<div class=\"min-h-8 text-message flex w-full flex-col items-end gap-2 whitespace-normal break-words [.text-message+&amp;]:mt-5\" dir=\"auto\" data-message-author-role=\"assistant\" data-message-id=\"5ce1af93-b8f3-4bc8-8c14-2c5b25ff88a1\" data-message-model-slug=\"gpt-4o\">\n<div class=\"flex w-full flex-col gap-1 empty:hidden first:pt-[3px]\">\n<div class=\"markdown prose w-full break-words dark:prose-invert light\">\n<p>La <strong>UD Calpe<\/strong> afronta aquest diumenge un partit clau al camp de <strong>La Murta de X\u00e0tiva<\/strong>, on jugar\u00e0 a les 17 hores davant el <strong>CD<\/strong> <strong>Ol\u00edmpic de X\u00e0tiva<\/strong>. L&#8217;encontre estar\u00e0 dirigit pel col\u00b7legiat <strong>Gonz\u00e1lez Muiatos<\/strong>.<\/p>\n<p>El t\u00e8cnic calp\u00ed, <strong>Lauro Techeira<\/strong>, haur\u00e0 de rec\u00f3rrer al filial per completar la convocat\u00f2ria a causa de les nombroses baixes que t\u00e9 l\u2019equip. Per lesi\u00f3, es perdran el partit jugadors com <strong>Michael<\/strong>, <strong>Luis Garc\u00eda<\/strong>, <strong>Vergillos<\/strong>, <strong>Naim<\/strong> i <strong>Edu Serrano<\/strong>. A aquestes baixes se suma <strong>Paolo<\/strong>, que estar\u00e0 sis setmanes fora per un viatge, aix\u00ed com les sancions de <strong>Pablo Luna<\/strong> i <strong>David<\/strong>, amb dos partits de c\u00e0stig cadascun.<\/p>\n<p>A aquesta situaci\u00f3 complicada cal afegir el moment psicol\u00f2gic delicat que travessa la formaci\u00f3 calpina despr\u00e9s de les derrotes consecutives davant el <strong>CD<\/strong> <strong>D\u00e9nia<\/strong> i el passat diumenge contra la <strong>UD Benig\u00e0nim<\/strong>.<\/p>\n<p>Pel que fa al rival, l\u2019<strong>Ol\u00edmpic de X\u00e0tiva<\/strong> arriba a aquesta cita amb nom\u00e9s un punt m\u00e9s que la <strong>UD Calpe<\/strong> en la classificaci\u00f3, conscient que necessita millorar el seu rendiment per a col\u00b7locar-se en les posicions capdavanteres. El duel promet ser intens i decisiu per a ambd\u00f3s conjunts.<\/p>\n<\/div>\n<\/div>\n<\/div>\n<\/div>\n<div class=\"mb-2 flex gap-3 empty:hidden -ml-2\">\n<div class=\"items-center justify-start rounded-xl p-1 flex\">\n<div class=\"flex items-center\">\n<div class=\"flex\"><\/div>\n<div class=\"flex items-center pb-0\"><\/div>\n<\/div>\n<\/div>\n<\/div>\n","protected":false},"excerpt":{"rendered":"<p>La UD Calpe afronta aquest diumenge un partit clau al camp de La Murta de X\u00e0tiva, on jugar\u00e0 a les 17 hores davant el CD Ol\u00edmpic de X\u00e0tiva. L&#8217;encontre estar\u00e0 dirigit pel col\u00b7legiat Gonz\u00e1lez Muiatos. El t\u00e8cnic calp\u00ed, Lauro Techeira, haur\u00e0 de rec\u00f3rrer al filial per completar la convocat\u00f2ria a causa de les nombroses baixes [&#8230;]<\/p>\n<p><a class=\"btn btn-secondary understrap-read-more-link\" href=\"https:\/\/radiolitoral.com\/ca\/2024\/11\/la-ud-calpe-vol-canviar-la-seua-sort-a-xativa\/\">Continua llegint&#8230;<span class=\"screen-reader-text\"> from La UD Calpe vol canviar la seua sort a X\u00e0tiva<\/span><\/a><\/p>\n","protected":false},"author":12,"featured_media":13446,"comment_status":"open","ping_status":"closed","sticky":false,"template":"","format":"standard","meta":{"_acf_changed":false,"inline_featured_image":false,"footnotes":""},"categories":[5],"tags":[893,1256,6,2838,889],"class_list":["post-13445","post","type-post","status-publish","format-standard","has-post-thumbnail","hentry","category-deportes","tag-cd-denia","tag-cd-olimpic-xativa","tag-deportes","tag-ud-beniganim","tag-ud-calpe","cobertura-calp"],"acf":[],"yoast_head":"<!-- This site is optimized with the Yoast SEO plugin v27.5 - https:\/\/yoast.com\/product\/yoast-seo-wordpress\/ -->\n<title>La UD Calpe vol canviar la seua sort a X\u00e0tiva | R\u00e0dio Litoral<\/title>\n<meta name=\"description\" content=\"L&#039;equip de Lauro Techeira t\u00e9 un dur comprom\u00eds davant el CD Ol\u00edmpic X\u00e0tiva on haur\u00e0 de jugar amb intensitat per a no eixir derrotatL&#039;equip de Lauro Techeira t\u00e9 un dur comprom\u00eds davant el CD Ol\u00edmpic X\u00e0tiva on haur\u00e0 de jugar amb intensitat per a no eixir derrotat\" \/>\n<meta name=\"robots\" content=\"index, follow, max-snippet:-1, max-image-preview:large, max-video-preview:-1\" \/>\n<link rel=\"canonical\" href=\"https:\/\/radiolitoral.com\/ca\/2024\/11\/la-ud-calpe-vol-canviar-la-seva-sort-a-xativa\/\" \/>\n<meta property=\"og:locale\" content=\"ca_ES\" \/>\n<meta property=\"og:type\" content=\"article\" \/>\n<meta property=\"og:title\" content=\"La UD Calpe vol canviar la seua sort a X\u00e0tiva | R\u00e0dio Litoral\" \/>\n<meta property=\"og:description\" content=\"L&#039;equip de Lauro Techeira t\u00e9 un dur comprom\u00eds davant el CD Ol\u00edmpic X\u00e0tiva on haur\u00e0 de jugar amb intensitat per a no eixir derrotatL&#039;equip de Lauro Techeira t\u00e9 un dur comprom\u00eds davant el CD Ol\u00edmpic X\u00e0tiva on haur\u00e0 de jugar amb intensitat per a no eixir derrotat\" \/>\n<meta property=\"og:url\" content=\"https:\/\/radiolitoral.com\/ca\/2024\/11\/la-ud-calpe-vol-canviar-la-seva-sort-a-xativa\/\" \/>\n<meta property=\"og:site_name\" content=\"R\u00e0dio Litoral\" \/>\n<meta property=\"article:publisher\" content=\"https:\/\/www.facebook.com\/Laradiolitoral\/\" \/>\n<meta property=\"article:published_time\" content=\"2024-11-30T07:56:40+00:00\" \/>\n<meta property=\"og:image\" content=\"https:\/\/media.radiolitoral.com\/wp-content\/uploads\/2024\/11\/30085304\/Xaca-durante-un-partido.jpg\" \/>\n\t<meta property=\"og:image:width\" content=\"1024\" \/>\n\t<meta property=\"og:image:height\" content=\"689\" \/>\n\t<meta property=\"og:image:type\" content=\"image\/jpeg\" \/>\n<meta name=\"author\" content=\"Javier Zamora\" \/>\n<meta name=\"twitter:card\" content=\"summary_large_image\" \/>\n<meta name=\"twitter:label1\" content=\"Escrit per\" \/>\n\t<meta name=\"twitter:data1\" content=\"Javier Zamora\" \/>\n\t<meta name=\"twitter:label2\" content=\"Temps estimat de lectura\" \/>\n\t<meta name=\"twitter:data2\" content=\"2 minuts\" \/>\n<script type=\"application\/ld+json\" class=\"yoast-schema-graph\">{\"@context\":\"https:\\\/\\\/schema.org\",\"@graph\":[{\"@type\":\"NewsArticle\",\"@id\":\"https:\\\/\\\/radiolitoral.com\\\/2024\\\/11\\\/la-ud-calpe-vol-canviar-la-seua-sort-a-xativa\\\/#article\",\"isPartOf\":{\"@id\":\"https:\\\/\\\/radiolitoral.com\\\/2024\\\/11\\\/la-ud-calpe-vol-canviar-la-seua-sort-a-xativa\\\/\"},\"author\":{\"name\":\"Javier Zamora\",\"@id\":\"https:\\\/\\\/radiolitoral.com\\\/#\\\/schema\\\/person\\\/7b1480b5caeb5acdd4ec6379caf62b22\"},\"headline\":\"La UD Calpe vol canviar la seua sort a X\u00e0tiva\",\"datePublished\":\"2024-11-30T07:56:40+00:00\",\"mainEntityOfPage\":{\"@id\":\"https:\\\/\\\/radiolitoral.com\\\/2024\\\/11\\\/la-ud-calpe-vol-canviar-la-seua-sort-a-xativa\\\/\"},\"wordCount\":217,\"commentCount\":0,\"publisher\":{\"@id\":\"https:\\\/\\\/radiolitoral.com\\\/#organization\"},\"image\":{\"@id\":\"https:\\\/\\\/radiolitoral.com\\\/2024\\\/11\\\/la-ud-calpe-vol-canviar-la-seua-sort-a-xativa\\\/#primaryimage\"},\"thumbnailUrl\":\"https:\\\/\\\/media.radiolitoral.com\\\/wp-content\\\/uploads\\\/2024\\\/11\\\/30085304\\\/Xaca-durante-un-partido.jpg\",\"keywords\":[\"CD D\u00e9nia\",\"CD Ol\u00edmpic X\u00e0tiva\",\"deportes\",\"UD Benig\u00e0nim\",\"UD Calpe\"],\"articleSection\":[\"Deportes\"],\"inLanguage\":\"ca\",\"potentialAction\":[{\"@type\":\"CommentAction\",\"name\":\"Comment\",\"target\":[\"https:\\\/\\\/radiolitoral.com\\\/2024\\\/11\\\/la-ud-calpe-vol-canviar-la-seua-sort-a-xativa\\\/#respond\"]}]},{\"@type\":[\"WebPage\",\"ItemPage\"],\"@id\":\"https:\\\/\\\/radiolitoral.com\\\/2024\\\/11\\\/la-ud-calpe-vol-canviar-la-seua-sort-a-xativa\\\/\",\"url\":\"https:\\\/\\\/radiolitoral.com\\\/2024\\\/11\\\/la-ud-calpe-vol-canviar-la-seua-sort-a-xativa\\\/\",\"name\":\"La UD Calpe vol canviar la seua sort a X\u00e0tiva | R\u00e0dio Litoral\",\"isPartOf\":{\"@id\":\"https:\\\/\\\/radiolitoral.com\\\/#website\"},\"primaryImageOfPage\":{\"@id\":\"https:\\\/\\\/radiolitoral.com\\\/2024\\\/11\\\/la-ud-calpe-vol-canviar-la-seua-sort-a-xativa\\\/#primaryimage\"},\"image\":{\"@id\":\"https:\\\/\\\/radiolitoral.com\\\/2024\\\/11\\\/la-ud-calpe-vol-canviar-la-seua-sort-a-xativa\\\/#primaryimage\"},\"thumbnailUrl\":\"https:\\\/\\\/media.radiolitoral.com\\\/wp-content\\\/uploads\\\/2024\\\/11\\\/30085304\\\/Xaca-durante-un-partido.jpg\",\"datePublished\":\"2024-11-30T07:56:40+00:00\",\"description\":\"L'equip de Lauro Techeira t\u00e9 un dur comprom\u00eds davant el CD Ol\u00edmpic X\u00e0tiva on haur\u00e0 de jugar amb intensitat per a no eixir derrotatL'equip de Lauro Techeira t\u00e9 un dur comprom\u00eds davant el CD Ol\u00edmpic X\u00e0tiva on haur\u00e0 de jugar amb intensitat per a no eixir derrotat\",\"breadcrumb\":{\"@id\":\"https:\\\/\\\/radiolitoral.com\\\/2024\\\/11\\\/la-ud-calpe-vol-canviar-la-seua-sort-a-xativa\\\/#breadcrumb\"},\"inLanguage\":\"ca\",\"potentialAction\":[{\"@type\":\"ReadAction\",\"target\":[\"https:\\\/\\\/radiolitoral.com\\\/2024\\\/11\\\/la-ud-calpe-vol-canviar-la-seua-sort-a-xativa\\\/\"]}]},{\"@type\":\"ImageObject\",\"inLanguage\":\"ca\",\"@id\":\"https:\\\/\\\/radiolitoral.com\\\/2024\\\/11\\\/la-ud-calpe-vol-canviar-la-seua-sort-a-xativa\\\/#primaryimage\",\"url\":\"https:\\\/\\\/media.radiolitoral.com\\\/wp-content\\\/uploads\\\/2024\\\/11\\\/30085304\\\/Xaca-durante-un-partido.jpg\",\"contentUrl\":\"https:\\\/\\\/media.radiolitoral.com\\\/wp-content\\\/uploads\\\/2024\\\/11\\\/30085304\\\/Xaca-durante-un-partido.jpg\",\"width\":1024,\"height\":689},{\"@type\":\"BreadcrumbList\",\"@id\":\"https:\\\/\\\/radiolitoral.com\\\/2024\\\/11\\\/la-ud-calpe-vol-canviar-la-seua-sort-a-xativa\\\/#breadcrumb\",\"itemListElement\":[{\"@type\":\"ListItem\",\"position\":1,\"name\":\"Portada\",\"item\":\"https:\\\/\\\/radiolitoral.com\\\/\"},{\"@type\":\"ListItem\",\"position\":2,\"name\":\"La UD Calpe vol canviar la seua sort a X\u00e0tiva\"}]},{\"@type\":\"WebSite\",\"@id\":\"https:\\\/\\\/radiolitoral.com\\\/#website\",\"url\":\"https:\\\/\\\/radiolitoral.com\\\/\",\"name\":\"Radio Litoral\",\"description\":\"La radio local de la Marina Alta\",\"publisher\":{\"@id\":\"https:\\\/\\\/radiolitoral.com\\\/#organization\"},\"alternateName\":\"Litoral FM\",\"potentialAction\":[{\"@type\":\"SearchAction\",\"target\":{\"@type\":\"EntryPoint\",\"urlTemplate\":\"https:\\\/\\\/radiolitoral.com\\\/?s={search_term_string}\"},\"query-input\":{\"@type\":\"PropertyValueSpecification\",\"valueRequired\":true,\"valueName\":\"search_term_string\"}}],\"inLanguage\":\"ca\"},{\"@type\":\"Organization\",\"@id\":\"https:\\\/\\\/radiolitoral.com\\\/#organization\",\"name\":\"Radio Litoral\",\"url\":\"https:\\\/\\\/radiolitoral.com\\\/\",\"logo\":{\"@type\":\"ImageObject\",\"inLanguage\":\"ca\",\"@id\":\"https:\\\/\\\/radiolitoral.com\\\/#\\\/schema\\\/logo\\\/image\\\/\",\"url\":\"https:\\\/\\\/media.radiolitoral.com\\\/wp-content\\\/uploads\\\/2023\\\/02\\\/24143238\\\/CL-V-RadioLitoral696.png\",\"contentUrl\":\"https:\\\/\\\/media.radiolitoral.com\\\/wp-content\\\/uploads\\\/2023\\\/02\\\/24143238\\\/CL-V-RadioLitoral696.png\",\"width\":696,\"height\":696,\"caption\":\"Radio Litoral\"},\"image\":{\"@id\":\"https:\\\/\\\/radiolitoral.com\\\/#\\\/schema\\\/logo\\\/image\\\/\"},\"sameAs\":[\"https:\\\/\\\/www.facebook.com\\\/Laradiolitoral\\\/\"]},{\"@type\":\"Person\",\"@id\":\"https:\\\/\\\/radiolitoral.com\\\/#\\\/schema\\\/person\\\/7b1480b5caeb5acdd4ec6379caf62b22\",\"name\":\"Javier Zamora\",\"image\":{\"@type\":\"ImageObject\",\"inLanguage\":\"ca\",\"@id\":\"https:\\\/\\\/secure.gravatar.com\\\/avatar\\\/467a11f6918c7d619c4043fc6fa2d3853053107973f05b6e9c04ea6c4e3a7b3f?s=96&d=mm&r=g\",\"url\":\"https:\\\/\\\/secure.gravatar.com\\\/avatar\\\/467a11f6918c7d619c4043fc6fa2d3853053107973f05b6e9c04ea6c4e3a7b3f?s=96&d=mm&r=g\",\"contentUrl\":\"https:\\\/\\\/secure.gravatar.com\\\/avatar\\\/467a11f6918c7d619c4043fc6fa2d3853053107973f05b6e9c04ea6c4e3a7b3f?s=96&d=mm&r=g\",\"caption\":\"Javier Zamora\"},\"url\":\"https:\\\/\\\/radiolitoral.com\\\/ca\\\/author\\\/javier-zamora\\\/\"}]}<\/script>\n<!-- \/ Yoast SEO plugin. -->","yoast_head_json":{"title":"La UD Calp vol canviar la sort a X\u00e0tiva | R\u00e0dio Litoral","description":"L&#039;equip de Lauro Techeira t\u00e9 un comprom\u00eds dur davant el CD Ol\u00edmpic X\u00e0tiva on haur\u00e0 de jugar amb intensitat per no sortir derrotat L&#039;equip de Lauro Techeira t\u00e9 un comprom\u00eds dur davant el CD Ol\u00edmpic X\u00e0tiva on haur\u00e0 de jugar amb intensitat per no sortir derrotat","robots":{"index":"index","follow":"follow","max-snippet":"max-snippet:-1","max-image-preview":"max-image-preview:large","max-video-preview":"max-video-preview:-1"},"canonical":"https:\/\/radiolitoral.com\/ca\/2024\/11\/la-ud-calpe-vol-canviar-la-seva-sort-a-xativa\/","og_locale":"ca_ES","og_type":"article","og_title":"La UD Calpe vol canviar la seua sort a X\u00e0tiva | R\u00e0dio Litoral","og_description":"L'equip de Lauro Techeira t\u00e9 un dur comprom\u00eds davant el CD Ol\u00edmpic X\u00e0tiva on haur\u00e0 de jugar amb intensitat per a no eixir derrotatL'equip de Lauro Techeira t\u00e9 un dur comprom\u00eds davant el CD Ol\u00edmpic X\u00e0tiva on haur\u00e0 de jugar amb intensitat per a no eixir derrotat","og_url":"https:\/\/radiolitoral.com\/ca\/2024\/11\/la-ud-calpe-vol-canviar-la-seva-sort-a-xativa\/","og_site_name":"R\u00e0dio Litoral","article_publisher":"https:\/\/www.facebook.com\/Laradiolitoral\/","article_published_time":"2024-11-30T07:56:40+00:00","og_image":[{"width":1024,"height":689,"url":"https:\/\/media.radiolitoral.com\/wp-content\/uploads\/2024\/11\/30085304\/Xaca-durante-un-partido.jpg","type":"image\/jpeg"}],"author":"Javier Zamora","twitter_card":"summary_large_image","twitter_misc":{"Escrit per":"Javier Zamora","Temps estimat de lectura":"2 minuts"},"schema":{"@context":"https:\/\/schema.org","@graph":[{"@type":"NewsArticle","@id":"https:\/\/radiolitoral.com\/2024\/11\/la-ud-calpe-vol-canviar-la-seua-sort-a-xativa\/#article","isPartOf":{"@id":"https:\/\/radiolitoral.com\/2024\/11\/la-ud-calpe-vol-canviar-la-seua-sort-a-xativa\/"},"author":{"name":"Javier Zamora","@id":"https:\/\/radiolitoral.com\/#\/schema\/person\/7b1480b5caeb5acdd4ec6379caf62b22"},"headline":"La UD Calpe vol canviar la seua sort a X\u00e0tiva","datePublished":"2024-11-30T07:56:40+00:00","mainEntityOfPage":{"@id":"https:\/\/radiolitoral.com\/2024\/11\/la-ud-calpe-vol-canviar-la-seua-sort-a-xativa\/"},"wordCount":217,"commentCount":0,"publisher":{"@id":"https:\/\/radiolitoral.com\/#organization"},"image":{"@id":"https:\/\/radiolitoral.com\/2024\/11\/la-ud-calpe-vol-canviar-la-seua-sort-a-xativa\/#primaryimage"},"thumbnailUrl":"https:\/\/media.radiolitoral.com\/wp-content\/uploads\/2024\/11\/30085304\/Xaca-durante-un-partido.jpg","keywords":["CD D\u00e9nia","CD Ol\u00edmpic X\u00e0tiva","deportes","UD Benig\u00e0nim","UD Calpe"],"articleSection":["Deportes"],"inLanguage":"ca","potentialAction":[{"@type":"CommentAction","name":"Comment","target":["https:\/\/radiolitoral.com\/2024\/11\/la-ud-calpe-vol-canviar-la-seua-sort-a-xativa\/#respond"]}]},{"@type":["WebPage","ItemPage"],"@id":"https:\/\/radiolitoral.com\/2024\/11\/la-ud-calpe-vol-canviar-la-seua-sort-a-xativa\/","url":"https:\/\/radiolitoral.com\/2024\/11\/la-ud-calpe-vol-canviar-la-seua-sort-a-xativa\/","name":"La UD Calp vol canviar la sort a X\u00e0tiva | R\u00e0dio Litoral","isPartOf":{"@id":"https:\/\/radiolitoral.com\/#website"},"primaryImageOfPage":{"@id":"https:\/\/radiolitoral.com\/2024\/11\/la-ud-calpe-vol-canviar-la-seua-sort-a-xativa\/#primaryimage"},"image":{"@id":"https:\/\/radiolitoral.com\/2024\/11\/la-ud-calpe-vol-canviar-la-seua-sort-a-xativa\/#primaryimage"},"thumbnailUrl":"https:\/\/media.radiolitoral.com\/wp-content\/uploads\/2024\/11\/30085304\/Xaca-durante-un-partido.jpg","datePublished":"2024-11-30T07:56:40+00:00","description":"L&#039;equip de Lauro Techeira t\u00e9 un comprom\u00eds dur davant el CD Ol\u00edmpic X\u00e0tiva on haur\u00e0 de jugar amb intensitat per no sortir derrotat L&#039;equip de Lauro Techeira t\u00e9 un comprom\u00eds dur davant el CD Ol\u00edmpic X\u00e0tiva on haur\u00e0 de jugar amb intensitat per no sortir derrotat","breadcrumb":{"@id":"https:\/\/radiolitoral.com\/2024\/11\/la-ud-calpe-vol-canviar-la-seua-sort-a-xativa\/#breadcrumb"},"inLanguage":"ca","potentialAction":[{"@type":"ReadAction","target":["https:\/\/radiolitoral.com\/2024\/11\/la-ud-calpe-vol-canviar-la-seua-sort-a-xativa\/"]}]},{"@type":"ImageObject","inLanguage":"ca","@id":"https:\/\/radiolitoral.com\/2024\/11\/la-ud-calpe-vol-canviar-la-seua-sort-a-xativa\/#primaryimage","url":"https:\/\/media.radiolitoral.com\/wp-content\/uploads\/2024\/11\/30085304\/Xaca-durante-un-partido.jpg","contentUrl":"https:\/\/media.radiolitoral.com\/wp-content\/uploads\/2024\/11\/30085304\/Xaca-durante-un-partido.jpg","width":1024,"height":689},{"@type":"BreadcrumbList","@id":"https:\/\/radiolitoral.com\/2024\/11\/la-ud-calpe-vol-canviar-la-seua-sort-a-xativa\/#breadcrumb","itemListElement":[{"@type":"ListItem","position":1,"name":"Portada","item":"https:\/\/radiolitoral.com\/"},{"@type":"ListItem","position":2,"name":"La UD Calpe vol canviar la seua sort a X\u00e0tiva"}]},{"@type":"WebSite","@id":"https:\/\/radiolitoral.com\/#website","url":"https:\/\/radiolitoral.com\/","name":"R\u00e0dio Litoral","description":"La r\u00e0dio local de la Marina Alta","publisher":{"@id":"https:\/\/radiolitoral.com\/#organization"},"alternateName":"Litoral FM","potentialAction":[{"@type":"SearchAction","target":{"@type":"EntryPoint","urlTemplate":"https:\/\/radiolitoral.com\/?s={search_term_string}"},"query-input":{"@type":"PropertyValueSpecification","valueRequired":true,"valueName":"search_term_string"}}],"inLanguage":"ca"},{"@type":"Organization","@id":"https:\/\/radiolitoral.com\/#organization","name":"R\u00e0dio Litoral","url":"https:\/\/radiolitoral.com\/","logo":{"@type":"ImageObject","inLanguage":"ca","@id":"https:\/\/radiolitoral.com\/#\/schema\/logo\/image\/","url":"https:\/\/media.radiolitoral.com\/wp-content\/uploads\/2023\/02\/24143238\/CL-V-RadioLitoral696.png","contentUrl":"https:\/\/media.radiolitoral.com\/wp-content\/uploads\/2023\/02\/24143238\/CL-V-RadioLitoral696.png","width":696,"height":696,"caption":"Radio Litoral"},"image":{"@id":"https:\/\/radiolitoral.com\/#\/schema\/logo\/image\/"},"sameAs":["https:\/\/www.facebook.com\/Laradiolitoral\/"]},{"@type":"Person","@id":"https:\/\/radiolitoral.com\/#\/schema\/person\/7b1480b5caeb5acdd4ec6379caf62b22","name":"Javier Zamora","image":{"@type":"ImageObject","inLanguage":"ca","@id":"https:\/\/secure.gravatar.com\/avatar\/467a11f6918c7d619c4043fc6fa2d3853053107973f05b6e9c04ea6c4e3a7b3f?s=96&d=mm&r=g","url":"https:\/\/secure.gravatar.com\/avatar\/467a11f6918c7d619c4043fc6fa2d3853053107973f05b6e9c04ea6c4e3a7b3f?s=96&d=mm&r=g","contentUrl":"https:\/\/secure.gravatar.com\/avatar\/467a11f6918c7d619c4043fc6fa2d3853053107973f05b6e9c04ea6c4e3a7b3f?s=96&d=mm&r=g","caption":"Javier Zamora"},"url":"https:\/\/radiolitoral.com\/ca\/author\/javier-zamora\/"}]}},"_links":{"self":[{"href":"https:\/\/radiolitoral.com\/ca\/wp-json\/wp\/v2\/posts\/13445","targetHints":{"allow":["GET"]}}],"collection":[{"href":"https:\/\/radiolitoral.com\/ca\/wp-json\/wp\/v2\/posts"}],"about":[{"href":"https:\/\/radiolitoral.com\/ca\/wp-json\/wp\/v2\/types\/post"}],"author":[{"embeddable":true,"href":"https:\/\/radiolitoral.com\/ca\/wp-json\/wp\/v2\/users\/12"}],"replies":[{"embeddable":true,"href":"https:\/\/radiolitoral.com\/ca\/wp-json\/wp\/v2\/comments?post=13445"}],"version-history":[{"count":2,"href":"https:\/\/radiolitoral.com\/ca\/wp-json\/wp\/v2\/posts\/13445\/revisions"}],"predecessor-version":[{"id":13448,"href":"https:\/\/radiolitoral.com\/ca\/wp-json\/wp\/v2\/posts\/13445\/revisions\/13448"}],"wp:featuredmedia":[{"embeddable":true,"href":"https:\/\/radiolitoral.com\/ca\/wp-json\/wp\/v2\/media\/13446"}],"wp:attachment":[{"href":"https:\/\/radiolitoral.com\/ca\/wp-json\/wp\/v2\/media?parent=13445"}],"wp:term":[{"taxonomy":"category","embeddable":true,"href":"https:\/\/radiolitoral.com\/ca\/wp-json\/wp\/v2\/categories?post=13445"},{"taxonomy":"post_tag","embeddable":true,"href":"https:\/\/radiolitoral.com\/ca\/wp-json\/wp\/v2\/tags?post=13445"}],"curies":[{"name":"wp","href":"https:\/\/api.w.org\/{rel}","templated":true}]}}