{"id":1344,"date":"2023-03-15T12:54:16","date_gmt":"2023-03-15T11:54:16","guid":{"rendered":"https:\/\/radiolitoral.com\/?p=1344"},"modified":"2023-03-15T12:54:59","modified_gmt":"2023-03-15T11:54:59","slug":"calp-modifica-lordenanca-fiscal-reguladora-de-libi-en-benefici-del-ciutada","status":"publish","type":"post","link":"https:\/\/radiolitoral.com\/ca\/2023\/03\/calp-modifica-la-ordenanza-fiscal-reguladora-del-ibi-en-beneficio-del-ciudadano\/","title":{"rendered":"Calp modifica l&#039;Ordenan\u00e7a fiscal reguladora de l&#039;IBI en benefici del ciutad\u00e0"},"content":{"rendered":"<p>A l&#039;\u00faltim ple celebrat a l&#039;ajuntament de Calp, assenyalar que en aquesta sessi\u00f3 es va acordar per unanimitat modificar la <strong>Ordenan\u00e7a fiscal reguladora de l&#039;impost sobre b\u00e9ns immobles<\/strong> per tal de rebaixar el requisit exigit als habitatges de disposar d&#039;una <strong>pot\u00e8ncia m\u00ednima de 2 kw per cada 100 metres quadrats<\/strong> de superf\u00edcie constru\u00efda per poder accedir a les bonificacions de l&#039;IBI per la instal\u00b7laci\u00f3 de plaques solars. Amb la modificaci\u00f3 es requerir\u00e0 una pot\u00e8ncia bec m\u00ednima d&#039;1 kw per cada 100 metres quadrats, amb un m\u00ednim de 2 kw.<\/p>\n<p>D&#039;aquesta manera es pret\u00e9n ampliar el nombre de persones que puguin accedir a aquesta bonificaci\u00f3 que va entrar en vigor a finals de setembre i que <strong>s&#039;aplicar\u00e0 en un 50% al rebut de l&#039;IBI<\/strong> dels tres primers anys al de la finalitzaci\u00f3 de les obres dinstal\u00b7laci\u00f3 amb un m\u00e0xim de 400 \u20ac i del 25% en els dos per\u00edodes impositius seg\u00fcents amb un l\u00edmit m\u00e0xim de 200 \u20ac.<\/p>\n<p><strong>\u00a0<\/strong><\/p>","protected":false},"excerpt":{"rendered":"<p>En el \u00faltimo pleno celebrado en el ayuntamiento de Calp, se\u00f1alar que en esta sesi\u00f3n se acord\u00f3 por unanimidad modificar la Ordenanza fiscal reguladora del Impuesto sobre Bienes Inmuebles con el fin de rebajar el requisito exigido a las viviendas de disponer de una potencia m\u00ednima de 2 kw por cada 100 metros cuadrados de [&#8230;]<\/p>\n<p><a class=\"btn btn-secondary understrap-read-more-link\" href=\"https:\/\/radiolitoral.com\/ca\/2023\/03\/calp-modifica-la-ordenanza-fiscal-reguladora-del-ibi-en-beneficio-del-ciudadano\/\">Continua llegint&#8230;<span class=\"screen-reader-text\"> from Calp modifica la Ordenanza fiscal reguladora del IBI en beneficio del ciudadano<\/span><\/a><\/p>\n","protected":false},"author":21,"featured_media":1345,"comment_status":"open","ping_status":"closed","sticky":false,"template":"","format":"standard","meta":{"_acf_changed":false,"inline_featured_image":false,"footnotes":""},"categories":[85],"tags":[],"class_list":["post-1344","post","type-post","status-publish","format-standard","has-post-thumbnail","hentry","category-servicios-publicos","cobertura-calp"],"acf":[],"yoast_head":"<!-- This site is optimized with the Yoast SEO plugin v27.5 - https:\/\/yoast.com\/product\/yoast-seo-wordpress\/ -->\n<title>Calp modifica la Ordenanza fiscal reguladora del IBI en beneficio del ciudadano | R\u00e0dio Litoral<\/title>\n<meta name=\"description\" content=\"Se pretende obtener un descuento del 50%\" \/>\n<meta name=\"robots\" content=\"index, follow, max-snippet:-1, max-image-preview:large, max-video-preview:-1\" \/>\n<link rel=\"canonical\" href=\"https:\/\/radiolitoral.com\/ca\/2023\/03\/calp-modifica-lordenanca-fiscal-reguladora-de-libi-en-benefici-del-ciutada\/\" \/>\n<meta property=\"og:locale\" content=\"ca_ES\" \/>\n<meta property=\"og:type\" content=\"article\" \/>\n<meta property=\"og:title\" content=\"Calp modifica la Ordenanza fiscal reguladora del IBI en beneficio del ciudadano | R\u00e0dio Litoral\" \/>\n<meta property=\"og:description\" content=\"Se pretende obtener un descuento del 50%\" \/>\n<meta property=\"og:url\" content=\"https:\/\/radiolitoral.com\/ca\/2023\/03\/calp-modifica-lordenanca-fiscal-reguladora-de-libi-en-benefici-del-ciutada\/\" \/>\n<meta property=\"og:site_name\" content=\"R\u00e0dio Litoral\" \/>\n<meta property=\"article:publisher\" content=\"https:\/\/www.facebook.com\/Laradiolitoral\/\" \/>\n<meta property=\"article:published_time\" content=\"2023-03-15T11:54:16+00:00\" \/>\n<meta property=\"article:modified_time\" content=\"2023-03-15T11:54:59+00:00\" \/>\n<meta property=\"og:image\" content=\"https:\/\/media.radiolitoral.com\/wp-content\/uploads\/2023\/03\/15125400\/ibi.jpg\" \/>\n\t<meta property=\"og:image:width\" content=\"1374\" \/>\n\t<meta property=\"og:image:height\" content=\"914\" \/>\n\t<meta property=\"og:image:type\" content=\"image\/jpeg\" \/>\n<meta name=\"author\" content=\"Mel Pescuezo\" \/>\n<meta name=\"twitter:card\" content=\"summary_large_image\" \/>\n<meta name=\"twitter:label1\" content=\"Escrit per\" \/>\n\t<meta name=\"twitter:data1\" content=\"Mel Pescuezo\" \/>\n\t<meta name=\"twitter:label2\" content=\"Temps estimat de lectura\" \/>\n\t<meta name=\"twitter:data2\" content=\"1 minut\" \/>\n<script type=\"application\/ld+json\" class=\"yoast-schema-graph\">{\"@context\":\"https:\\\/\\\/schema.org\",\"@graph\":[{\"@type\":\"NewsArticle\",\"@id\":\"https:\\\/\\\/radiolitoral.com\\\/2023\\\/03\\\/calp-modifica-la-ordenanza-fiscal-reguladora-del-ibi-en-beneficio-del-ciudadano\\\/#article\",\"isPartOf\":{\"@id\":\"https:\\\/\\\/radiolitoral.com\\\/2023\\\/03\\\/calp-modifica-la-ordenanza-fiscal-reguladora-del-ibi-en-beneficio-del-ciudadano\\\/\"},\"author\":{\"name\":\"Mel Pescuezo\",\"@id\":\"https:\\\/\\\/radiolitoral.com\\\/#\\\/schema\\\/person\\\/aad4f72efa404f85b68e832d24cac059\"},\"headline\":\"Calp modifica la Ordenanza fiscal reguladora del IBI en beneficio del ciudadano\",\"datePublished\":\"2023-03-15T11:54:16+00:00\",\"dateModified\":\"2023-03-15T11:54:59+00:00\",\"mainEntityOfPage\":{\"@id\":\"https:\\\/\\\/radiolitoral.com\\\/2023\\\/03\\\/calp-modifica-la-ordenanza-fiscal-reguladora-del-ibi-en-beneficio-del-ciudadano\\\/\"},\"wordCount\":182,\"commentCount\":0,\"publisher\":{\"@id\":\"https:\\\/\\\/radiolitoral.com\\\/#organization\"},\"image\":{\"@id\":\"https:\\\/\\\/radiolitoral.com\\\/2023\\\/03\\\/calp-modifica-la-ordenanza-fiscal-reguladora-del-ibi-en-beneficio-del-ciudadano\\\/#primaryimage\"},\"thumbnailUrl\":\"https:\\\/\\\/media.radiolitoral.com\\\/wp-content\\\/uploads\\\/2023\\\/03\\\/15125400\\\/ibi.jpg\",\"articleSection\":[\"Servicios P\u00fablicos\"],\"inLanguage\":\"ca\",\"potentialAction\":[{\"@type\":\"CommentAction\",\"name\":\"Comment\",\"target\":[\"https:\\\/\\\/radiolitoral.com\\\/2023\\\/03\\\/calp-modifica-la-ordenanza-fiscal-reguladora-del-ibi-en-beneficio-del-ciudadano\\\/#respond\"]}]},{\"@type\":[\"WebPage\",\"ItemPage\"],\"@id\":\"https:\\\/\\\/radiolitoral.com\\\/2023\\\/03\\\/calp-modifica-la-ordenanza-fiscal-reguladora-del-ibi-en-beneficio-del-ciudadano\\\/\",\"url\":\"https:\\\/\\\/radiolitoral.com\\\/2023\\\/03\\\/calp-modifica-la-ordenanza-fiscal-reguladora-del-ibi-en-beneficio-del-ciudadano\\\/\",\"name\":\"Calp modifica la Ordenanza fiscal reguladora del IBI en beneficio del ciudadano | R\u00e0dio Litoral\",\"isPartOf\":{\"@id\":\"https:\\\/\\\/radiolitoral.com\\\/#website\"},\"primaryImageOfPage\":{\"@id\":\"https:\\\/\\\/radiolitoral.com\\\/2023\\\/03\\\/calp-modifica-la-ordenanza-fiscal-reguladora-del-ibi-en-beneficio-del-ciudadano\\\/#primaryimage\"},\"image\":{\"@id\":\"https:\\\/\\\/radiolitoral.com\\\/2023\\\/03\\\/calp-modifica-la-ordenanza-fiscal-reguladora-del-ibi-en-beneficio-del-ciudadano\\\/#primaryimage\"},\"thumbnailUrl\":\"https:\\\/\\\/media.radiolitoral.com\\\/wp-content\\\/uploads\\\/2023\\\/03\\\/15125400\\\/ibi.jpg\",\"datePublished\":\"2023-03-15T11:54:16+00:00\",\"dateModified\":\"2023-03-15T11:54:59+00:00\",\"description\":\"Se pretende obtener un descuento del 50%\",\"breadcrumb\":{\"@id\":\"https:\\\/\\\/radiolitoral.com\\\/2023\\\/03\\\/calp-modifica-la-ordenanza-fiscal-reguladora-del-ibi-en-beneficio-del-ciudadano\\\/#breadcrumb\"},\"inLanguage\":\"ca\",\"potentialAction\":[{\"@type\":\"ReadAction\",\"target\":[\"https:\\\/\\\/radiolitoral.com\\\/2023\\\/03\\\/calp-modifica-la-ordenanza-fiscal-reguladora-del-ibi-en-beneficio-del-ciudadano\\\/\"]}]},{\"@type\":\"ImageObject\",\"inLanguage\":\"ca\",\"@id\":\"https:\\\/\\\/radiolitoral.com\\\/2023\\\/03\\\/calp-modifica-la-ordenanza-fiscal-reguladora-del-ibi-en-beneficio-del-ciudadano\\\/#primaryimage\",\"url\":\"https:\\\/\\\/media.radiolitoral.com\\\/wp-content\\\/uploads\\\/2023\\\/03\\\/15125400\\\/ibi.jpg\",\"contentUrl\":\"https:\\\/\\\/media.radiolitoral.com\\\/wp-content\\\/uploads\\\/2023\\\/03\\\/15125400\\\/ibi.jpg\",\"width\":1374,\"height\":914},{\"@type\":\"BreadcrumbList\",\"@id\":\"https:\\\/\\\/radiolitoral.com\\\/2023\\\/03\\\/calp-modifica-la-ordenanza-fiscal-reguladora-del-ibi-en-beneficio-del-ciudadano\\\/#breadcrumb\",\"itemListElement\":[{\"@type\":\"ListItem\",\"position\":1,\"name\":\"Portada\",\"item\":\"https:\\\/\\\/radiolitoral.com\\\/\"},{\"@type\":\"ListItem\",\"position\":2,\"name\":\"Calp modifica la Ordenanza fiscal reguladora del IBI en beneficio del ciudadano\"}]},{\"@type\":\"WebSite\",\"@id\":\"https:\\\/\\\/radiolitoral.com\\\/#website\",\"url\":\"https:\\\/\\\/radiolitoral.com\\\/\",\"name\":\"Radio Litoral\",\"description\":\"La radio local de la Marina Alta\",\"publisher\":{\"@id\":\"https:\\\/\\\/radiolitoral.com\\\/#organization\"},\"alternateName\":\"Litoral FM\",\"potentialAction\":[{\"@type\":\"SearchAction\",\"target\":{\"@type\":\"EntryPoint\",\"urlTemplate\":\"https:\\\/\\\/radiolitoral.com\\\/?s={search_term_string}\"},\"query-input\":{\"@type\":\"PropertyValueSpecification\",\"valueRequired\":true,\"valueName\":\"search_term_string\"}}],\"inLanguage\":\"ca\"},{\"@type\":\"Organization\",\"@id\":\"https:\\\/\\\/radiolitoral.com\\\/#organization\",\"name\":\"Radio Litoral\",\"url\":\"https:\\\/\\\/radiolitoral.com\\\/\",\"logo\":{\"@type\":\"ImageObject\",\"inLanguage\":\"ca\",\"@id\":\"https:\\\/\\\/radiolitoral.com\\\/#\\\/schema\\\/logo\\\/image\\\/\",\"url\":\"https:\\\/\\\/media.radiolitoral.com\\\/wp-content\\\/uploads\\\/2023\\\/02\\\/24143238\\\/CL-V-RadioLitoral696.png\",\"contentUrl\":\"https:\\\/\\\/media.radiolitoral.com\\\/wp-content\\\/uploads\\\/2023\\\/02\\\/24143238\\\/CL-V-RadioLitoral696.png\",\"width\":696,\"height\":696,\"caption\":\"Radio Litoral\"},\"image\":{\"@id\":\"https:\\\/\\\/radiolitoral.com\\\/#\\\/schema\\\/logo\\\/image\\\/\"},\"sameAs\":[\"https:\\\/\\\/www.facebook.com\\\/Laradiolitoral\\\/\"]},{\"@type\":\"Person\",\"@id\":\"https:\\\/\\\/radiolitoral.com\\\/#\\\/schema\\\/person\\\/aad4f72efa404f85b68e832d24cac059\",\"name\":\"Mel Pescuezo\",\"image\":{\"@type\":\"ImageObject\",\"inLanguage\":\"ca\",\"@id\":\"https:\\\/\\\/secure.gravatar.com\\\/avatar\\\/993975ae489c70cb0dd9bfa9413a082f0bd276582dac13661af7b33f161e7eea?s=96&d=mm&r=g\",\"url\":\"https:\\\/\\\/secure.gravatar.com\\\/avatar\\\/993975ae489c70cb0dd9bfa9413a082f0bd276582dac13661af7b33f161e7eea?s=96&d=mm&r=g\",\"contentUrl\":\"https:\\\/\\\/secure.gravatar.com\\\/avatar\\\/993975ae489c70cb0dd9bfa9413a082f0bd276582dac13661af7b33f161e7eea?s=96&d=mm&r=g\",\"caption\":\"Mel Pescuezo\"},\"url\":\"https:\\\/\\\/radiolitoral.com\\\/ca\\\/author\\\/serviciospararadios\\\/\"}]}<\/script>\n<!-- \/ Yoast SEO plugin. -->","yoast_head_json":{"title":"Calp modifica l&#039;Ordenan\u00e7a fiscal reguladora de l&#039;IBI en benefici del ciutad\u00e0 R\u00e0dio Litoral","description":"Es pret\u00e9n obtenir un descompte del 50%","robots":{"index":"index","follow":"follow","max-snippet":"max-snippet:-1","max-image-preview":"max-image-preview:large","max-video-preview":"max-video-preview:-1"},"canonical":"https:\/\/radiolitoral.com\/ca\/2023\/03\/calp-modifica-lordenanca-fiscal-reguladora-de-libi-en-benefici-del-ciutada\/","og_locale":"ca_ES","og_type":"article","og_title":"Calp modifica la Ordenanza fiscal reguladora del IBI en beneficio del ciudadano | R\u00e0dio Litoral","og_description":"Se pretende obtener un descuento del 50%","og_url":"https:\/\/radiolitoral.com\/ca\/2023\/03\/calp-modifica-lordenanca-fiscal-reguladora-de-libi-en-benefici-del-ciutada\/","og_site_name":"R\u00e0dio Litoral","article_publisher":"https:\/\/www.facebook.com\/Laradiolitoral\/","article_published_time":"2023-03-15T11:54:16+00:00","article_modified_time":"2023-03-15T11:54:59+00:00","og_image":[{"width":1374,"height":914,"url":"https:\/\/media.radiolitoral.com\/wp-content\/uploads\/2023\/03\/15125400\/ibi.jpg","type":"image\/jpeg"}],"author":"Mel Pescuezo","twitter_card":"summary_large_image","twitter_misc":{"Escrit per":"Mel Pescuezo","Temps estimat de lectura":"1 minut"},"schema":{"@context":"https:\/\/schema.org","@graph":[{"@type":"NewsArticle","@id":"https:\/\/radiolitoral.com\/2023\/03\/calp-modifica-la-ordenanza-fiscal-reguladora-del-ibi-en-beneficio-del-ciudadano\/#article","isPartOf":{"@id":"https:\/\/radiolitoral.com\/2023\/03\/calp-modifica-la-ordenanza-fiscal-reguladora-del-ibi-en-beneficio-del-ciudadano\/"},"author":{"name":"Mel Pescuezo","@id":"https:\/\/radiolitoral.com\/#\/schema\/person\/aad4f72efa404f85b68e832d24cac059"},"headline":"Calp modifica la Ordenanza fiscal reguladora del IBI en beneficio del ciudadano","datePublished":"2023-03-15T11:54:16+00:00","dateModified":"2023-03-15T11:54:59+00:00","mainEntityOfPage":{"@id":"https:\/\/radiolitoral.com\/2023\/03\/calp-modifica-la-ordenanza-fiscal-reguladora-del-ibi-en-beneficio-del-ciudadano\/"},"wordCount":182,"commentCount":0,"publisher":{"@id":"https:\/\/radiolitoral.com\/#organization"},"image":{"@id":"https:\/\/radiolitoral.com\/2023\/03\/calp-modifica-la-ordenanza-fiscal-reguladora-del-ibi-en-beneficio-del-ciudadano\/#primaryimage"},"thumbnailUrl":"https:\/\/media.radiolitoral.com\/wp-content\/uploads\/2023\/03\/15125400\/ibi.jpg","articleSection":["Servicios P\u00fablicos"],"inLanguage":"ca","potentialAction":[{"@type":"CommentAction","name":"Comment","target":["https:\/\/radiolitoral.com\/2023\/03\/calp-modifica-la-ordenanza-fiscal-reguladora-del-ibi-en-beneficio-del-ciudadano\/#respond"]}]},{"@type":["WebPage","ItemPage"],"@id":"https:\/\/radiolitoral.com\/2023\/03\/calp-modifica-la-ordenanza-fiscal-reguladora-del-ibi-en-beneficio-del-ciudadano\/","url":"https:\/\/radiolitoral.com\/2023\/03\/calp-modifica-la-ordenanza-fiscal-reguladora-del-ibi-en-beneficio-del-ciudadano\/","name":"Calp modifica l&#039;Ordenan\u00e7a fiscal reguladora de l&#039;IBI en benefici del ciutad\u00e0 R\u00e0dio Litoral","isPartOf":{"@id":"https:\/\/radiolitoral.com\/#website"},"primaryImageOfPage":{"@id":"https:\/\/radiolitoral.com\/2023\/03\/calp-modifica-la-ordenanza-fiscal-reguladora-del-ibi-en-beneficio-del-ciudadano\/#primaryimage"},"image":{"@id":"https:\/\/radiolitoral.com\/2023\/03\/calp-modifica-la-ordenanza-fiscal-reguladora-del-ibi-en-beneficio-del-ciudadano\/#primaryimage"},"thumbnailUrl":"https:\/\/media.radiolitoral.com\/wp-content\/uploads\/2023\/03\/15125400\/ibi.jpg","datePublished":"2023-03-15T11:54:16+00:00","dateModified":"2023-03-15T11:54:59+00:00","description":"Es pret\u00e9n obtenir un descompte del 50%","breadcrumb":{"@id":"https:\/\/radiolitoral.com\/2023\/03\/calp-modifica-la-ordenanza-fiscal-reguladora-del-ibi-en-beneficio-del-ciudadano\/#breadcrumb"},"inLanguage":"ca","potentialAction":[{"@type":"ReadAction","target":["https:\/\/radiolitoral.com\/2023\/03\/calp-modifica-la-ordenanza-fiscal-reguladora-del-ibi-en-beneficio-del-ciudadano\/"]}]},{"@type":"ImageObject","inLanguage":"ca","@id":"https:\/\/radiolitoral.com\/2023\/03\/calp-modifica-la-ordenanza-fiscal-reguladora-del-ibi-en-beneficio-del-ciudadano\/#primaryimage","url":"https:\/\/media.radiolitoral.com\/wp-content\/uploads\/2023\/03\/15125400\/ibi.jpg","contentUrl":"https:\/\/media.radiolitoral.com\/wp-content\/uploads\/2023\/03\/15125400\/ibi.jpg","width":1374,"height":914},{"@type":"BreadcrumbList","@id":"https:\/\/radiolitoral.com\/2023\/03\/calp-modifica-la-ordenanza-fiscal-reguladora-del-ibi-en-beneficio-del-ciudadano\/#breadcrumb","itemListElement":[{"@type":"ListItem","position":1,"name":"Portada","item":"https:\/\/radiolitoral.com\/"},{"@type":"ListItem","position":2,"name":"Calp modifica la Ordenanza fiscal reguladora del IBI en beneficio del ciudadano"}]},{"@type":"WebSite","@id":"https:\/\/radiolitoral.com\/#website","url":"https:\/\/radiolitoral.com\/","name":"R\u00e0dio Litoral","description":"La r\u00e0dio local de la Marina Alta","publisher":{"@id":"https:\/\/radiolitoral.com\/#organization"},"alternateName":"Litoral FM","potentialAction":[{"@type":"SearchAction","target":{"@type":"EntryPoint","urlTemplate":"https:\/\/radiolitoral.com\/?s={search_term_string}"},"query-input":{"@type":"PropertyValueSpecification","valueRequired":true,"valueName":"search_term_string"}}],"inLanguage":"ca"},{"@type":"Organization","@id":"https:\/\/radiolitoral.com\/#organization","name":"R\u00e0dio Litoral","url":"https:\/\/radiolitoral.com\/","logo":{"@type":"ImageObject","inLanguage":"ca","@id":"https:\/\/radiolitoral.com\/#\/schema\/logo\/image\/","url":"https:\/\/media.radiolitoral.com\/wp-content\/uploads\/2023\/02\/24143238\/CL-V-RadioLitoral696.png","contentUrl":"https:\/\/media.radiolitoral.com\/wp-content\/uploads\/2023\/02\/24143238\/CL-V-RadioLitoral696.png","width":696,"height":696,"caption":"Radio Litoral"},"image":{"@id":"https:\/\/radiolitoral.com\/#\/schema\/logo\/image\/"},"sameAs":["https:\/\/www.facebook.com\/Laradiolitoral\/"]},{"@type":"Person","@id":"https:\/\/radiolitoral.com\/#\/schema\/person\/aad4f72efa404f85b68e832d24cac059","name":"Mel Pescuezo","image":{"@type":"ImageObject","inLanguage":"ca","@id":"https:\/\/secure.gravatar.com\/avatar\/993975ae489c70cb0dd9bfa9413a082f0bd276582dac13661af7b33f161e7eea?s=96&d=mm&r=g","url":"https:\/\/secure.gravatar.com\/avatar\/993975ae489c70cb0dd9bfa9413a082f0bd276582dac13661af7b33f161e7eea?s=96&d=mm&r=g","contentUrl":"https:\/\/secure.gravatar.com\/avatar\/993975ae489c70cb0dd9bfa9413a082f0bd276582dac13661af7b33f161e7eea?s=96&d=mm&r=g","caption":"Mel Pescuezo"},"url":"https:\/\/radiolitoral.com\/ca\/author\/serviciospararadios\/"}]}},"_links":{"self":[{"href":"https:\/\/radiolitoral.com\/ca\/wp-json\/wp\/v2\/posts\/1344","targetHints":{"allow":["GET"]}}],"collection":[{"href":"https:\/\/radiolitoral.com\/ca\/wp-json\/wp\/v2\/posts"}],"about":[{"href":"https:\/\/radiolitoral.com\/ca\/wp-json\/wp\/v2\/types\/post"}],"author":[{"embeddable":true,"href":"https:\/\/radiolitoral.com\/ca\/wp-json\/wp\/v2\/users\/21"}],"replies":[{"embeddable":true,"href":"https:\/\/radiolitoral.com\/ca\/wp-json\/wp\/v2\/comments?post=1344"}],"version-history":[{"count":1,"href":"https:\/\/radiolitoral.com\/ca\/wp-json\/wp\/v2\/posts\/1344\/revisions"}],"predecessor-version":[{"id":1346,"href":"https:\/\/radiolitoral.com\/ca\/wp-json\/wp\/v2\/posts\/1344\/revisions\/1346"}],"wp:featuredmedia":[{"embeddable":true,"href":"https:\/\/radiolitoral.com\/ca\/wp-json\/wp\/v2\/media\/1345"}],"wp:attachment":[{"href":"https:\/\/radiolitoral.com\/ca\/wp-json\/wp\/v2\/media?parent=1344"}],"wp:term":[{"taxonomy":"category","embeddable":true,"href":"https:\/\/radiolitoral.com\/ca\/wp-json\/wp\/v2\/categories?post=1344"},{"taxonomy":"post_tag","embeddable":true,"href":"https:\/\/radiolitoral.com\/ca\/wp-json\/wp\/v2\/tags?post=1344"}],"curies":[{"name":"wp","href":"https:\/\/api.w.org\/{rel}","templated":true}]}}