{"id":13426,"date":"2024-11-29T11:05:44","date_gmt":"2024-11-29T10:05:44","guid":{"rendered":"https:\/\/radiolitoral.com\/?p=13426"},"modified":"2024-11-29T11:05:44","modified_gmt":"2024-11-29T10:05:44","slug":"detinguts-per-robatori-violent-a-moraira-falsos-agents-de-la-interpol-i-extorsi","status":"publish","type":"post","link":"https:\/\/radiolitoral.com\/ca\/2024\/11\/detinguts-per-robatori-violent-a-moraira-falsos-agents-de-la-interpol-i-extorsio\/","title":{"rendered":"Detinguts per Robatori Violent a Moraira: Falsos Agents de la Interpol i Extorsi\u00f3"},"content":{"rendered":"<p>La <strong>Guardia Civil,<\/strong> en el marc de l<strong>&#039;operaci\u00f3 \u201c<span class=\"hiddenSpellError\">Estacaholand<\/span>\u201d<\/strong>, ha <strong>detingut dos homes de nacionalitat estoniana<\/strong> com a <strong>presumptes responsables d&#039;un robatori amb viol\u00e8ncia i intimidaci\u00f3, amenaces i extorsi\u00f3 a Moraira<\/strong>.<\/p>\n<p>Els detinguts<strong> han ingressat a pres\u00f3 provisional<\/strong> despr\u00e9s del violent assalt a un ciutad\u00e0 que circulava a patinet a prop del seu domicili.<\/p>\n<p>L&#039;incident va tenir lloc el passat 22 d&#039;octubre, quan la<strong> v\u00edctima va ser interceptada per tres individus encaputxats que es van fer passar per agents de la Interpol.<\/strong> Segons la denuncia, els agressors el van detenir per la for\u00e7a, el van agredir f\u00edsicament i li van robar diners en efectiu i altres pertinences, deixant-ho amb lesions de diversa consideraci\u00f3.<\/p>\n<p>Despr\u00e9s de l&#039;atac, els delinq\u00fcents <strong>van fugir en un vehicle<\/strong>, que posteriorment va ser localitzat per la Gu\u00e0rdia Civil, fet que va marcar l&#039;inici de la investigaci\u00f3.<\/p>\n<p>Gr\u00e0cies a la <strong>col\u00b7laboraci\u00f3<\/strong> entre els agents de l&#039;<strong>\u00c0rea de Recerca de Moraira i la Policia Local de Teulada<\/strong>, es va aconseguir <strong>identificar i aturar dos dels sospechosos el 25 d&#039;octubre<\/strong>. Tots dos, de 36 i 45 anys, s&#039;enfronten a c\u00e0rrecs per robatori amb viol\u00e8ncia i intimidaci\u00f3, amenaces i extorsi\u00f3.<\/p>\n<p>El Jutjat d&#039;Instrucci\u00f3 n\u00famero 2 de D\u00e9nia va decretar el seu <strong>ingr\u00e9s a pres\u00f3 provisional, mentre la investigaci\u00f3 continua oberta<\/strong> per identificar el tercer implicat.<\/p>\n<div id='gallery-1' class='gallery galleryid-13426 gallery-columns-2 gallery-size-full'><figure class='gallery-item'>\n\t\t\t<div class='gallery-icon landscape'>\n\t\t\t\t<a href='https:\/\/radiolitoral.com\/ca\/guardia-civil-moraira-5\/'><img loading=\"lazy\" decoding=\"async\" width=\"1920\" height=\"1080\" src=\"https:\/\/media.radiolitoral.com\/wp-content\/uploads\/2024\/11\/29105908\/Guardia-Civil-Moraira-5.jpg\" class=\"attachment-full size-full\" alt=\"\" srcset=\"https:\/\/media.radiolitoral.com\/wp-content\/uploads\/2024\/11\/29105908\/Guardia-Civil-Moraira-5.jpg 1920w, https:\/\/media.radiolitoral.com\/wp-content\/uploads\/2024\/11\/29105908\/Guardia-Civil-Moraira-5-300x169.jpg 300w, https:\/\/media.radiolitoral.com\/wp-content\/uploads\/2024\/11\/29105908\/Guardia-Civil-Moraira-5-1024x576.jpg 1024w, https:\/\/media.radiolitoral.com\/wp-content\/uploads\/2024\/11\/29105908\/Guardia-Civil-Moraira-5-768x432.jpg 768w, https:\/\/media.radiolitoral.com\/wp-content\/uploads\/2024\/11\/29105908\/Guardia-Civil-Moraira-5-1536x864.jpg 1536w, https:\/\/media.radiolitoral.com\/wp-content\/uploads\/2024\/11\/29105908\/Guardia-Civil-Moraira-5-18x10.jpg 18w, https:\/\/media.radiolitoral.com\/wp-content\/uploads\/2024\/11\/29105908\/Guardia-Civil-Moraira-5-1000x563.jpg 1000w, https:\/\/media.radiolitoral.com\/wp-content\/uploads\/2024\/11\/29105908\/Guardia-Civil-Moraira-5-100x56.jpg 100w, https:\/\/media.radiolitoral.com\/wp-content\/uploads\/2024\/11\/29105908\/Guardia-Civil-Moraira-5-200x113.jpg 200w\" sizes=\"auto, (max-width: 1920px) 100vw, 1920px\" \/><\/a>\n\t\t\t<\/div><\/figure><figure class='gallery-item'>\n\t\t\t<div class='gallery-icon landscape'>\n\t\t\t\t<a href='https:\/\/radiolitoral.com\/ca\/guardia-civil-moraira-3\/'><img loading=\"lazy\" decoding=\"async\" width=\"1920\" height=\"1080\" src=\"https:\/\/media.radiolitoral.com\/wp-content\/uploads\/2024\/11\/29105917\/Guardia-Civil-Moraira-3.jpg\" class=\"attachment-full size-full\" alt=\"\" srcset=\"https:\/\/media.radiolitoral.com\/wp-content\/uploads\/2024\/11\/29105917\/Guardia-Civil-Moraira-3.jpg 1920w, https:\/\/media.radiolitoral.com\/wp-content\/uploads\/2024\/11\/29105917\/Guardia-Civil-Moraira-3-300x169.jpg 300w, https:\/\/media.radiolitoral.com\/wp-content\/uploads\/2024\/11\/29105917\/Guardia-Civil-Moraira-3-1024x576.jpg 1024w, https:\/\/media.radiolitoral.com\/wp-content\/uploads\/2024\/11\/29105917\/Guardia-Civil-Moraira-3-768x432.jpg 768w, https:\/\/media.radiolitoral.com\/wp-content\/uploads\/2024\/11\/29105917\/Guardia-Civil-Moraira-3-1536x864.jpg 1536w, https:\/\/media.radiolitoral.com\/wp-content\/uploads\/2024\/11\/29105917\/Guardia-Civil-Moraira-3-18x10.jpg 18w, https:\/\/media.radiolitoral.com\/wp-content\/uploads\/2024\/11\/29105917\/Guardia-Civil-Moraira-3-1000x563.jpg 1000w, https:\/\/media.radiolitoral.com\/wp-content\/uploads\/2024\/11\/29105917\/Guardia-Civil-Moraira-3-100x56.jpg 100w, https:\/\/media.radiolitoral.com\/wp-content\/uploads\/2024\/11\/29105917\/Guardia-Civil-Moraira-3-200x113.jpg 200w\" sizes=\"auto, (max-width: 1920px) 100vw, 1920px\" \/><\/a>\n\t\t\t<\/div><\/figure><figure class='gallery-item'>\n\t\t\t<div class='gallery-icon landscape'>\n\t\t\t\t<a href='https:\/\/radiolitoral.com\/ca\/guardia-civil-moraira-2\/'><img loading=\"lazy\" decoding=\"async\" width=\"1920\" height=\"1080\" src=\"https:\/\/media.radiolitoral.com\/wp-content\/uploads\/2024\/11\/29105921\/Guardia-Civil-Moraira-2.jpg\" class=\"attachment-full size-full\" alt=\"\" srcset=\"https:\/\/media.radiolitoral.com\/wp-content\/uploads\/2024\/11\/29105921\/Guardia-Civil-Moraira-2.jpg 1920w, https:\/\/media.radiolitoral.com\/wp-content\/uploads\/2024\/11\/29105921\/Guardia-Civil-Moraira-2-300x169.jpg 300w, https:\/\/media.radiolitoral.com\/wp-content\/uploads\/2024\/11\/29105921\/Guardia-Civil-Moraira-2-1024x576.jpg 1024w, https:\/\/media.radiolitoral.com\/wp-content\/uploads\/2024\/11\/29105921\/Guardia-Civil-Moraira-2-768x432.jpg 768w, https:\/\/media.radiolitoral.com\/wp-content\/uploads\/2024\/11\/29105921\/Guardia-Civil-Moraira-2-1536x864.jpg 1536w, https:\/\/media.radiolitoral.com\/wp-content\/uploads\/2024\/11\/29105921\/Guardia-Civil-Moraira-2-18x10.jpg 18w, https:\/\/media.radiolitoral.com\/wp-content\/uploads\/2024\/11\/29105921\/Guardia-Civil-Moraira-2-1000x563.jpg 1000w, https:\/\/media.radiolitoral.com\/wp-content\/uploads\/2024\/11\/29105921\/Guardia-Civil-Moraira-2-100x56.jpg 100w, https:\/\/media.radiolitoral.com\/wp-content\/uploads\/2024\/11\/29105921\/Guardia-Civil-Moraira-2-200x113.jpg 200w\" sizes=\"auto, (max-width: 1920px) 100vw, 1920px\" \/><\/a>\n\t\t\t<\/div><\/figure><figure class='gallery-item'>\n\t\t\t<div class='gallery-icon landscape'>\n\t\t\t\t<a href='https:\/\/radiolitoral.com\/ca\/guardia-civil-moraira-1\/'><img loading=\"lazy\" decoding=\"async\" width=\"1920\" height=\"1080\" src=\"https:\/\/media.radiolitoral.com\/wp-content\/uploads\/2024\/11\/29105926\/Guardia-Civil-Moraira-1.jpg\" class=\"attachment-full size-full\" alt=\"\" srcset=\"https:\/\/media.radiolitoral.com\/wp-content\/uploads\/2024\/11\/29105926\/Guardia-Civil-Moraira-1.jpg 1920w, https:\/\/media.radiolitoral.com\/wp-content\/uploads\/2024\/11\/29105926\/Guardia-Civil-Moraira-1-300x169.jpg 300w, https:\/\/media.radiolitoral.com\/wp-content\/uploads\/2024\/11\/29105926\/Guardia-Civil-Moraira-1-1024x576.jpg 1024w, https:\/\/media.radiolitoral.com\/wp-content\/uploads\/2024\/11\/29105926\/Guardia-Civil-Moraira-1-768x432.jpg 768w, https:\/\/media.radiolitoral.com\/wp-content\/uploads\/2024\/11\/29105926\/Guardia-Civil-Moraira-1-1536x864.jpg 1536w, https:\/\/media.radiolitoral.com\/wp-content\/uploads\/2024\/11\/29105926\/Guardia-Civil-Moraira-1-18x10.jpg 18w, https:\/\/media.radiolitoral.com\/wp-content\/uploads\/2024\/11\/29105926\/Guardia-Civil-Moraira-1-1000x563.jpg 1000w, https:\/\/media.radiolitoral.com\/wp-content\/uploads\/2024\/11\/29105926\/Guardia-Civil-Moraira-1-100x56.jpg 100w, https:\/\/media.radiolitoral.com\/wp-content\/uploads\/2024\/11\/29105926\/Guardia-Civil-Moraira-1-200x113.jpg 200w\" sizes=\"auto, (max-width: 1920px) 100vw, 1920px\" \/><\/a>\n\t\t\t<\/div><\/figure>\n\t\t<\/div>","protected":false},"excerpt":{"rendered":"<p>La Gu\u00e0rdia Civil, en el marc de l\u2019operaci\u00f3 \u201cEstacaholand\u201d, ha detingut dos homes de nacionalitat estoniana com a presumptes responsables d\u2019un robatori amb viol\u00e8ncia i intimidaci\u00f3, amenaces i extorsi\u00f3 a Moraira. Els detinguts han ingressat a pres\u00f3 provisional despr\u00e9s del violent assalt a un ciutad\u00e0 que circulava en patinet prop del seu domicili. L\u2019incident va [&#8230;]<\/p>\n<p><a class=\"btn btn-secondary understrap-read-more-link\" href=\"https:\/\/radiolitoral.com\/ca\/2024\/11\/detinguts-per-robatori-violent-a-moraira-falsos-agents-de-la-interpol-i-extorsio\/\">Continua llegint&#8230;<span class=\"screen-reader-text\"> from Detinguts per Robatori Violent a Moraira: Falsos Agents de la Interpol i Extorsi\u00f3<\/span><\/a><\/p>\n","protected":false},"author":13,"featured_media":13421,"comment_status":"open","ping_status":"closed","sticky":false,"template":"","format":"standard","meta":{"_acf_changed":false,"inline_featured_image":false,"footnotes":""},"categories":[8],"tags":[718,11,147,1023],"class_list":["post-13426","post","type-post","status-publish","format-standard","has-post-thumbnail","hentry","category-sucesos","tag-detencion","tag-guardia-civil","tag-moraira","tag-sucesos","cobertura-teulada-moraira"],"acf":[],"yoast_head":"<!-- This site is optimized with the Yoast SEO plugin v27.5 - https:\/\/yoast.com\/product\/yoast-seo-wordpress\/ -->\n<title>Detinguts per Robatori Violent a Moraira: Falsos Agents de la Interpol i Extorsi\u00f3 | R\u00e0dio Litoral<\/title>\n<meta name=\"description\" content=\"Dos homes disfressats com agents de la Interpol han sigut arrestats a Moraira despr\u00e9s d\u2019assaltar i extorsionar un ciutad\u00e0 holand\u00e9s Dos homes disfressats com agents de la Interpol han sigut arrestats a Moraira despr\u00e9s d\u2019assaltar i extorsionar un ciutad\u00e0 holand\u00e9s\" \/>\n<meta name=\"robots\" content=\"index, follow, max-snippet:-1, max-image-preview:large, max-video-preview:-1\" \/>\n<link rel=\"canonical\" href=\"https:\/\/radiolitoral.com\/ca\/2024\/11\/detinguts-per-robatori-violent-a-moraira-falsos-agents-de-la-interpol-i-extorsi\/\" \/>\n<meta property=\"og:locale\" content=\"ca_ES\" \/>\n<meta property=\"og:type\" content=\"article\" \/>\n<meta property=\"og:title\" content=\"Detinguts per Robatori Violent a Moraira: Falsos Agents de la Interpol i Extorsi\u00f3 | R\u00e0dio Litoral\" \/>\n<meta property=\"og:description\" content=\"Dos homes disfressats com agents de la Interpol han sigut arrestats a Moraira despr\u00e9s d\u2019assaltar i extorsionar un ciutad\u00e0 holand\u00e9s Dos homes disfressats com agents de la Interpol han sigut arrestats a Moraira despr\u00e9s d\u2019assaltar i extorsionar un ciutad\u00e0 holand\u00e9s\" \/>\n<meta property=\"og:url\" content=\"https:\/\/radiolitoral.com\/ca\/2024\/11\/detinguts-per-robatori-violent-a-moraira-falsos-agents-de-la-interpol-i-extorsi\/\" \/>\n<meta property=\"og:site_name\" content=\"R\u00e0dio Litoral\" \/>\n<meta property=\"article:publisher\" content=\"https:\/\/www.facebook.com\/Laradiolitoral\/\" \/>\n<meta property=\"article:published_time\" content=\"2024-11-29T10:05:44+00:00\" \/>\n<meta property=\"og:image\" content=\"https:\/\/media.radiolitoral.com\/wp-content\/uploads\/2024\/11\/29105912\/Guardia-Civil-Moraira-4.jpg\" \/>\n\t<meta property=\"og:image:width\" content=\"1920\" \/>\n\t<meta property=\"og:image:height\" content=\"1080\" \/>\n\t<meta property=\"og:image:type\" content=\"image\/jpeg\" \/>\n<meta name=\"author\" content=\"Redacci\u00f3n\" \/>\n<meta name=\"twitter:card\" content=\"summary_large_image\" \/>\n<meta name=\"twitter:label1\" content=\"Escrit per\" \/>\n\t<meta name=\"twitter:data1\" content=\"Redacci\u00f3n\" \/>\n\t<meta name=\"twitter:label2\" content=\"Temps estimat de lectura\" \/>\n\t<meta name=\"twitter:data2\" content=\"2 minuts\" \/>\n<script type=\"application\/ld+json\" class=\"yoast-schema-graph\">{\"@context\":\"https:\\\/\\\/schema.org\",\"@graph\":[{\"@type\":\"NewsArticle\",\"@id\":\"https:\\\/\\\/radiolitoral.com\\\/2024\\\/11\\\/detinguts-per-robatori-violent-a-moraira-falsos-agents-de-la-interpol-i-extorsio\\\/#article\",\"isPartOf\":{\"@id\":\"https:\\\/\\\/radiolitoral.com\\\/2024\\\/11\\\/detinguts-per-robatori-violent-a-moraira-falsos-agents-de-la-interpol-i-extorsio\\\/\"},\"author\":{\"name\":\"Redacci\u00f3n\",\"@id\":\"https:\\\/\\\/radiolitoral.com\\\/#\\\/schema\\\/person\\\/f2b2343c49b5d721857cc1002bfdb151\"},\"headline\":\"Detinguts per Robatori Violent a Moraira: Falsos Agents de la Interpol i Extorsi\u00f3\",\"datePublished\":\"2024-11-29T10:05:44+00:00\",\"mainEntityOfPage\":{\"@id\":\"https:\\\/\\\/radiolitoral.com\\\/2024\\\/11\\\/detinguts-per-robatori-violent-a-moraira-falsos-agents-de-la-interpol-i-extorsio\\\/\"},\"wordCount\":254,\"commentCount\":0,\"publisher\":{\"@id\":\"https:\\\/\\\/radiolitoral.com\\\/#organization\"},\"image\":{\"@id\":\"https:\\\/\\\/radiolitoral.com\\\/2024\\\/11\\\/detinguts-per-robatori-violent-a-moraira-falsos-agents-de-la-interpol-i-extorsio\\\/#primaryimage\"},\"thumbnailUrl\":\"https:\\\/\\\/media.radiolitoral.com\\\/wp-content\\\/uploads\\\/2024\\\/11\\\/29105912\\\/Guardia-Civil-Moraira-4.jpg\",\"keywords\":[\"Detenci\u00f3n\",\"Guardia Civil\",\"Moraira\",\"sucesos\"],\"articleSection\":[\"Sucesos\"],\"inLanguage\":\"ca\",\"potentialAction\":[{\"@type\":\"CommentAction\",\"name\":\"Comment\",\"target\":[\"https:\\\/\\\/radiolitoral.com\\\/2024\\\/11\\\/detinguts-per-robatori-violent-a-moraira-falsos-agents-de-la-interpol-i-extorsio\\\/#respond\"]}]},{\"@type\":[\"WebPage\",\"ItemPage\"],\"@id\":\"https:\\\/\\\/radiolitoral.com\\\/2024\\\/11\\\/detinguts-per-robatori-violent-a-moraira-falsos-agents-de-la-interpol-i-extorsio\\\/\",\"url\":\"https:\\\/\\\/radiolitoral.com\\\/2024\\\/11\\\/detinguts-per-robatori-violent-a-moraira-falsos-agents-de-la-interpol-i-extorsio\\\/\",\"name\":\"Detinguts per Robatori Violent a Moraira: Falsos Agents de la Interpol i Extorsi\u00f3 | R\u00e0dio Litoral\",\"isPartOf\":{\"@id\":\"https:\\\/\\\/radiolitoral.com\\\/#website\"},\"primaryImageOfPage\":{\"@id\":\"https:\\\/\\\/radiolitoral.com\\\/2024\\\/11\\\/detinguts-per-robatori-violent-a-moraira-falsos-agents-de-la-interpol-i-extorsio\\\/#primaryimage\"},\"image\":{\"@id\":\"https:\\\/\\\/radiolitoral.com\\\/2024\\\/11\\\/detinguts-per-robatori-violent-a-moraira-falsos-agents-de-la-interpol-i-extorsio\\\/#primaryimage\"},\"thumbnailUrl\":\"https:\\\/\\\/media.radiolitoral.com\\\/wp-content\\\/uploads\\\/2024\\\/11\\\/29105912\\\/Guardia-Civil-Moraira-4.jpg\",\"datePublished\":\"2024-11-29T10:05:44+00:00\",\"description\":\"Dos homes disfressats com agents de la Interpol han sigut arrestats a Moraira despr\u00e9s d\u2019assaltar i extorsionar un ciutad\u00e0 holand\u00e9s Dos homes disfressats com agents de la Interpol han sigut arrestats a Moraira despr\u00e9s d\u2019assaltar i extorsionar un ciutad\u00e0 holand\u00e9s\",\"breadcrumb\":{\"@id\":\"https:\\\/\\\/radiolitoral.com\\\/2024\\\/11\\\/detinguts-per-robatori-violent-a-moraira-falsos-agents-de-la-interpol-i-extorsio\\\/#breadcrumb\"},\"inLanguage\":\"ca\",\"potentialAction\":[{\"@type\":\"ReadAction\",\"target\":[\"https:\\\/\\\/radiolitoral.com\\\/2024\\\/11\\\/detinguts-per-robatori-violent-a-moraira-falsos-agents-de-la-interpol-i-extorsio\\\/\"]}]},{\"@type\":\"ImageObject\",\"inLanguage\":\"ca\",\"@id\":\"https:\\\/\\\/radiolitoral.com\\\/2024\\\/11\\\/detinguts-per-robatori-violent-a-moraira-falsos-agents-de-la-interpol-i-extorsio\\\/#primaryimage\",\"url\":\"https:\\\/\\\/media.radiolitoral.com\\\/wp-content\\\/uploads\\\/2024\\\/11\\\/29105912\\\/Guardia-Civil-Moraira-4.jpg\",\"contentUrl\":\"https:\\\/\\\/media.radiolitoral.com\\\/wp-content\\\/uploads\\\/2024\\\/11\\\/29105912\\\/Guardia-Civil-Moraira-4.jpg\",\"width\":1920,\"height\":1080},{\"@type\":\"BreadcrumbList\",\"@id\":\"https:\\\/\\\/radiolitoral.com\\\/2024\\\/11\\\/detinguts-per-robatori-violent-a-moraira-falsos-agents-de-la-interpol-i-extorsio\\\/#breadcrumb\",\"itemListElement\":[{\"@type\":\"ListItem\",\"position\":1,\"name\":\"Portada\",\"item\":\"https:\\\/\\\/radiolitoral.com\\\/\"},{\"@type\":\"ListItem\",\"position\":2,\"name\":\"Detinguts per Robatori Violent a Moraira: Falsos Agents de la Interpol i Extorsi\u00f3\"}]},{\"@type\":\"WebSite\",\"@id\":\"https:\\\/\\\/radiolitoral.com\\\/#website\",\"url\":\"https:\\\/\\\/radiolitoral.com\\\/\",\"name\":\"Radio Litoral\",\"description\":\"La radio local de la Marina Alta\",\"publisher\":{\"@id\":\"https:\\\/\\\/radiolitoral.com\\\/#organization\"},\"alternateName\":\"Litoral FM\",\"potentialAction\":[{\"@type\":\"SearchAction\",\"target\":{\"@type\":\"EntryPoint\",\"urlTemplate\":\"https:\\\/\\\/radiolitoral.com\\\/?s={search_term_string}\"},\"query-input\":{\"@type\":\"PropertyValueSpecification\",\"valueRequired\":true,\"valueName\":\"search_term_string\"}}],\"inLanguage\":\"ca\"},{\"@type\":\"Organization\",\"@id\":\"https:\\\/\\\/radiolitoral.com\\\/#organization\",\"name\":\"Radio Litoral\",\"url\":\"https:\\\/\\\/radiolitoral.com\\\/\",\"logo\":{\"@type\":\"ImageObject\",\"inLanguage\":\"ca\",\"@id\":\"https:\\\/\\\/radiolitoral.com\\\/#\\\/schema\\\/logo\\\/image\\\/\",\"url\":\"https:\\\/\\\/media.radiolitoral.com\\\/wp-content\\\/uploads\\\/2023\\\/02\\\/24143238\\\/CL-V-RadioLitoral696.png\",\"contentUrl\":\"https:\\\/\\\/media.radiolitoral.com\\\/wp-content\\\/uploads\\\/2023\\\/02\\\/24143238\\\/CL-V-RadioLitoral696.png\",\"width\":696,\"height\":696,\"caption\":\"Radio Litoral\"},\"image\":{\"@id\":\"https:\\\/\\\/radiolitoral.com\\\/#\\\/schema\\\/logo\\\/image\\\/\"},\"sameAs\":[\"https:\\\/\\\/www.facebook.com\\\/Laradiolitoral\\\/\"]},{\"@type\":\"Person\",\"@id\":\"https:\\\/\\\/radiolitoral.com\\\/#\\\/schema\\\/person\\\/f2b2343c49b5d721857cc1002bfdb151\",\"name\":\"Redacci\u00f3n\",\"image\":{\"@type\":\"ImageObject\",\"inLanguage\":\"ca\",\"@id\":\"https:\\\/\\\/secure.gravatar.com\\\/avatar\\\/f771d896c203ad8b3382d7905cfcce5a5c9b008b84b3cd9114e9b9f4cb63f789?s=96&d=mm&r=g\",\"url\":\"https:\\\/\\\/secure.gravatar.com\\\/avatar\\\/f771d896c203ad8b3382d7905cfcce5a5c9b008b84b3cd9114e9b9f4cb63f789?s=96&d=mm&r=g\",\"contentUrl\":\"https:\\\/\\\/secure.gravatar.com\\\/avatar\\\/f771d896c203ad8b3382d7905cfcce5a5c9b008b84b3cd9114e9b9f4cb63f789?s=96&d=mm&r=g\",\"caption\":\"Redacci\u00f3n\"},\"url\":\"https:\\\/\\\/radiolitoral.com\\\/ca\\\/author\\\/miriam-pagan\\\/\"}]}<\/script>\n<!-- \/ Yoast SEO plugin. -->","yoast_head_json":{"title":"Detinguts per Robatori Violent a Moraira: Falsos Agents de la Interpol i Extorsi\u00f3 | R\u00e0dio Litoral","description":"Dos homes disfressats com a agents de la Interpol han estat arrestats a Moraira despr\u00e9s d&#039;assaltar i extorsionar un ciutad\u00e0 holand\u00e8s Dos homes disfressats com a agents de la Interpol han estat arrestats a Moraira despr\u00e9s d&#039;assaltar i extorsionar un ciutad\u00e0 holand\u00e8s","robots":{"index":"index","follow":"follow","max-snippet":"max-snippet:-1","max-image-preview":"max-image-preview:large","max-video-preview":"max-video-preview:-1"},"canonical":"https:\/\/radiolitoral.com\/ca\/2024\/11\/detinguts-per-robatori-violent-a-moraira-falsos-agents-de-la-interpol-i-extorsi\/","og_locale":"ca_ES","og_type":"article","og_title":"Detinguts per Robatori Violent a Moraira: Falsos Agents de la Interpol i Extorsi\u00f3 | R\u00e0dio Litoral","og_description":"Dos homes disfressats com agents de la Interpol han sigut arrestats a Moraira despr\u00e9s d\u2019assaltar i extorsionar un ciutad\u00e0 holand\u00e9s Dos homes disfressats com agents de la Interpol han sigut arrestats a Moraira despr\u00e9s d\u2019assaltar i extorsionar un ciutad\u00e0 holand\u00e9s","og_url":"https:\/\/radiolitoral.com\/ca\/2024\/11\/detinguts-per-robatori-violent-a-moraira-falsos-agents-de-la-interpol-i-extorsi\/","og_site_name":"R\u00e0dio Litoral","article_publisher":"https:\/\/www.facebook.com\/Laradiolitoral\/","article_published_time":"2024-11-29T10:05:44+00:00","og_image":[{"width":1920,"height":1080,"url":"https:\/\/media.radiolitoral.com\/wp-content\/uploads\/2024\/11\/29105912\/Guardia-Civil-Moraira-4.jpg","type":"image\/jpeg"}],"author":"Redacci\u00f3n","twitter_card":"summary_large_image","twitter_misc":{"Escrit per":"Redacci\u00f3n","Temps estimat de lectura":"2 minuts"},"schema":{"@context":"https:\/\/schema.org","@graph":[{"@type":"NewsArticle","@id":"https:\/\/radiolitoral.com\/2024\/11\/detinguts-per-robatori-violent-a-moraira-falsos-agents-de-la-interpol-i-extorsio\/#article","isPartOf":{"@id":"https:\/\/radiolitoral.com\/2024\/11\/detinguts-per-robatori-violent-a-moraira-falsos-agents-de-la-interpol-i-extorsio\/"},"author":{"name":"Redacci\u00f3n","@id":"https:\/\/radiolitoral.com\/#\/schema\/person\/f2b2343c49b5d721857cc1002bfdb151"},"headline":"Detinguts per Robatori Violent a Moraira: Falsos Agents de la Interpol i Extorsi\u00f3","datePublished":"2024-11-29T10:05:44+00:00","mainEntityOfPage":{"@id":"https:\/\/radiolitoral.com\/2024\/11\/detinguts-per-robatori-violent-a-moraira-falsos-agents-de-la-interpol-i-extorsio\/"},"wordCount":254,"commentCount":0,"publisher":{"@id":"https:\/\/radiolitoral.com\/#organization"},"image":{"@id":"https:\/\/radiolitoral.com\/2024\/11\/detinguts-per-robatori-violent-a-moraira-falsos-agents-de-la-interpol-i-extorsio\/#primaryimage"},"thumbnailUrl":"https:\/\/media.radiolitoral.com\/wp-content\/uploads\/2024\/11\/29105912\/Guardia-Civil-Moraira-4.jpg","keywords":["Detenci\u00f3n","Guardia Civil","Moraira","sucesos"],"articleSection":["Sucesos"],"inLanguage":"ca","potentialAction":[{"@type":"CommentAction","name":"Comment","target":["https:\/\/radiolitoral.com\/2024\/11\/detinguts-per-robatori-violent-a-moraira-falsos-agents-de-la-interpol-i-extorsio\/#respond"]}]},{"@type":["WebPage","ItemPage"],"@id":"https:\/\/radiolitoral.com\/2024\/11\/detinguts-per-robatori-violent-a-moraira-falsos-agents-de-la-interpol-i-extorsio\/","url":"https:\/\/radiolitoral.com\/2024\/11\/detinguts-per-robatori-violent-a-moraira-falsos-agents-de-la-interpol-i-extorsio\/","name":"Detinguts per Robatori Violent a Moraira: Falsos Agents de la Interpol i Extorsi\u00f3 | R\u00e0dio Litoral","isPartOf":{"@id":"https:\/\/radiolitoral.com\/#website"},"primaryImageOfPage":{"@id":"https:\/\/radiolitoral.com\/2024\/11\/detinguts-per-robatori-violent-a-moraira-falsos-agents-de-la-interpol-i-extorsio\/#primaryimage"},"image":{"@id":"https:\/\/radiolitoral.com\/2024\/11\/detinguts-per-robatori-violent-a-moraira-falsos-agents-de-la-interpol-i-extorsio\/#primaryimage"},"thumbnailUrl":"https:\/\/media.radiolitoral.com\/wp-content\/uploads\/2024\/11\/29105912\/Guardia-Civil-Moraira-4.jpg","datePublished":"2024-11-29T10:05:44+00:00","description":"Dos homes disfressats com a agents de la Interpol han estat arrestats a Moraira despr\u00e9s d&#039;assaltar i extorsionar un ciutad\u00e0 holand\u00e8s Dos homes disfressats com a agents de la Interpol han estat arrestats a Moraira despr\u00e9s d&#039;assaltar i extorsionar un ciutad\u00e0 holand\u00e8s","breadcrumb":{"@id":"https:\/\/radiolitoral.com\/2024\/11\/detinguts-per-robatori-violent-a-moraira-falsos-agents-de-la-interpol-i-extorsio\/#breadcrumb"},"inLanguage":"ca","potentialAction":[{"@type":"ReadAction","target":["https:\/\/radiolitoral.com\/2024\/11\/detinguts-per-robatori-violent-a-moraira-falsos-agents-de-la-interpol-i-extorsio\/"]}]},{"@type":"ImageObject","inLanguage":"ca","@id":"https:\/\/radiolitoral.com\/2024\/11\/detinguts-per-robatori-violent-a-moraira-falsos-agents-de-la-interpol-i-extorsio\/#primaryimage","url":"https:\/\/media.radiolitoral.com\/wp-content\/uploads\/2024\/11\/29105912\/Guardia-Civil-Moraira-4.jpg","contentUrl":"https:\/\/media.radiolitoral.com\/wp-content\/uploads\/2024\/11\/29105912\/Guardia-Civil-Moraira-4.jpg","width":1920,"height":1080},{"@type":"BreadcrumbList","@id":"https:\/\/radiolitoral.com\/2024\/11\/detinguts-per-robatori-violent-a-moraira-falsos-agents-de-la-interpol-i-extorsio\/#breadcrumb","itemListElement":[{"@type":"ListItem","position":1,"name":"Portada","item":"https:\/\/radiolitoral.com\/"},{"@type":"ListItem","position":2,"name":"Detinguts per Robatori Violent a Moraira: Falsos Agents de la Interpol i Extorsi\u00f3"}]},{"@type":"WebSite","@id":"https:\/\/radiolitoral.com\/#website","url":"https:\/\/radiolitoral.com\/","name":"R\u00e0dio Litoral","description":"La r\u00e0dio local de la Marina Alta","publisher":{"@id":"https:\/\/radiolitoral.com\/#organization"},"alternateName":"Litoral FM","potentialAction":[{"@type":"SearchAction","target":{"@type":"EntryPoint","urlTemplate":"https:\/\/radiolitoral.com\/?s={search_term_string}"},"query-input":{"@type":"PropertyValueSpecification","valueRequired":true,"valueName":"search_term_string"}}],"inLanguage":"ca"},{"@type":"Organization","@id":"https:\/\/radiolitoral.com\/#organization","name":"R\u00e0dio Litoral","url":"https:\/\/radiolitoral.com\/","logo":{"@type":"ImageObject","inLanguage":"ca","@id":"https:\/\/radiolitoral.com\/#\/schema\/logo\/image\/","url":"https:\/\/media.radiolitoral.com\/wp-content\/uploads\/2023\/02\/24143238\/CL-V-RadioLitoral696.png","contentUrl":"https:\/\/media.radiolitoral.com\/wp-content\/uploads\/2023\/02\/24143238\/CL-V-RadioLitoral696.png","width":696,"height":696,"caption":"Radio Litoral"},"image":{"@id":"https:\/\/radiolitoral.com\/#\/schema\/logo\/image\/"},"sameAs":["https:\/\/www.facebook.com\/Laradiolitoral\/"]},{"@type":"Person","@id":"https:\/\/radiolitoral.com\/#\/schema\/person\/f2b2343c49b5d721857cc1002bfdb151","name":"Redacci\u00f3","image":{"@type":"ImageObject","inLanguage":"ca","@id":"https:\/\/secure.gravatar.com\/avatar\/f771d896c203ad8b3382d7905cfcce5a5c9b008b84b3cd9114e9b9f4cb63f789?s=96&d=mm&r=g","url":"https:\/\/secure.gravatar.com\/avatar\/f771d896c203ad8b3382d7905cfcce5a5c9b008b84b3cd9114e9b9f4cb63f789?s=96&d=mm&r=g","contentUrl":"https:\/\/secure.gravatar.com\/avatar\/f771d896c203ad8b3382d7905cfcce5a5c9b008b84b3cd9114e9b9f4cb63f789?s=96&d=mm&r=g","caption":"Redacci\u00f3n"},"url":"https:\/\/radiolitoral.com\/ca\/author\/miriam-pagan\/"}]}},"_links":{"self":[{"href":"https:\/\/radiolitoral.com\/ca\/wp-json\/wp\/v2\/posts\/13426","targetHints":{"allow":["GET"]}}],"collection":[{"href":"https:\/\/radiolitoral.com\/ca\/wp-json\/wp\/v2\/posts"}],"about":[{"href":"https:\/\/radiolitoral.com\/ca\/wp-json\/wp\/v2\/types\/post"}],"author":[{"embeddable":true,"href":"https:\/\/radiolitoral.com\/ca\/wp-json\/wp\/v2\/users\/13"}],"replies":[{"embeddable":true,"href":"https:\/\/radiolitoral.com\/ca\/wp-json\/wp\/v2\/comments?post=13426"}],"version-history":[{"count":1,"href":"https:\/\/radiolitoral.com\/ca\/wp-json\/wp\/v2\/posts\/13426\/revisions"}],"predecessor-version":[{"id":13429,"href":"https:\/\/radiolitoral.com\/ca\/wp-json\/wp\/v2\/posts\/13426\/revisions\/13429"}],"wp:featuredmedia":[{"embeddable":true,"href":"https:\/\/radiolitoral.com\/ca\/wp-json\/wp\/v2\/media\/13421"}],"wp:attachment":[{"href":"https:\/\/radiolitoral.com\/ca\/wp-json\/wp\/v2\/media?parent=13426"}],"wp:term":[{"taxonomy":"category","embeddable":true,"href":"https:\/\/radiolitoral.com\/ca\/wp-json\/wp\/v2\/categories?post=13426"},{"taxonomy":"post_tag","embeddable":true,"href":"https:\/\/radiolitoral.com\/ca\/wp-json\/wp\/v2\/tags?post=13426"}],"curies":[{"name":"wp","href":"https:\/\/api.w.org\/{rel}","templated":true}]}}