{"id":13397,"date":"2024-11-28T11:54:34","date_gmt":"2024-11-28T10:54:34","guid":{"rendered":"https:\/\/radiolitoral.com\/?p=13397"},"modified":"2024-11-28T11:54:34","modified_gmt":"2024-11-28T10:54:34","slug":"andres-ivars-necessitem-persones-que-ens-ajudin-a-ajudar","status":"publish","type":"post","link":"https:\/\/radiolitoral.com\/ca\/2024\/11\/andres-ivars-necessitem-persones-que-ens-ajuden-a-ajudar\/","title":{"rendered":"Andr\u00e9s Ivars: \u201cNecessitem persones que ens ajudin a ajudar\u201d"},"content":{"rendered":"<p><strong>Nadal<\/strong> \u00e9s un per\u00edode que desperta l&#039;esperit de la solidaritat i ens recorda la import\u00e0ncia de compartir i <strong>ajudar els qui m\u00e9s ho necessiten<\/strong>. Una de les maneres de transformar l&#039;esperit nadalenc en accions concretes que donin sentit a aquestes dates tan especials \u00e9s participar en campanyes solid\u00e0ries com la que ha previst, un any m\u00e9s, <strong>C\u00e0ritas Calp<\/strong>. La ja tradicional <strong>\u201cUna estrella una il\u00b7lusi\u00f3\u201d.<\/strong> Una iniciativa que arrenca ara al desembre i amb la qual es pret\u00e9n ajudar els Majestats els Reis Mags d&#039;Orient, perqu\u00e8 puguin arribar a tots els xiquets i xiquetes del municipi. Aquesta mat\u00ed, al <strong>Primer Caf\u00e8 de R\u00e0dio Litoral,<\/strong> hem conegut amb el <strong>director de C\u00e0ritas Calp<\/strong>, <strong>Andr\u00e9s Ivars<\/strong>, com col\u00b7laborar amb aquesta campanya i altres accions socials i solid\u00e0ries programades per aquesta organitzaci\u00f3 religiosa.<\/p>\n<p>\u201cUna estrella una il\u00b7lusi\u00f3\u201d arrencar\u00e0 al pont de desembre. Es col\u00b7locaran 100 estrelles distribu\u00efdes en dos panells, un a la parr\u00f2quia de la Mare de D\u00e9u de Neus i l&#039;altre a l&#039;esgl\u00e9sia de la Merc\u00e8. Els interessats poden col\u00b7laborar donant 20 euros per cada estrella. Una part del recaptat a trav\u00e9s d&#039;aquesta acci\u00f3 solid\u00e0ria es remetr\u00e0 a Val\u00e8ncia per col\u00b7laborar tamb\u00e9 amb les fam\u00edlies damnificades per la DANA.<\/p>\n<p>Una proposta que arriba al cor de grans i menuts i que ha deixat an\u00e8cdotes que reflecteixen la innoc\u00e8ncia dels xiquets, com ens ha compartit del director de C\u00e0ritas. Uns menuts que tamb\u00e9 han volgut ser solidaris amb els Reis Mags.<\/p>\n<p><strong>M\u00e9s campanyes solidaris<\/strong><\/p>\n<p>Durant el mes de desembre C\u00e0ritas Calp organitza altres campanyes de car\u00e0cter solidari. Recullin i reparteixen el torr\u00f3 donat per les fam\u00edlies a les escoles del municipi, col\u00b7laborin amb residents estrangers, holandesos i belgues principalment, amb la recollida i distribuci\u00f3 de joguets. I aquest any, a m\u00e9s, l&#039;esperit solidari de C\u00e0ritas tamb\u00e9 vol, amb la col\u00b7laboraci\u00f3 de les Confraries de la Setmana Santa calpina, dotar el Centre Ocupacional Maite Boronat de butlletins identificatius per als alumnes.<\/p>\n<p>La tasca social de C\u00e0ritas no es concentra nom\u00e9s al desembre, durant tot l&#039;any l&#039;organitzaci\u00f3 religiosa treballa per estar al costat dels m\u00e9s vulnerables, atenent necessitats de tota mena i buscant l\u00ednies d&#039;ajuda on es poden acollir aquells que hi van buscant suport.<\/p>\n<p>Podeu escortar l&#039;entrevista completa aqu\u00ed.<\/p>\n<audio class=\"wp-audio-shortcode\" id=\"audio-13397-1\" preload=\"none\" style=\"width: 100%;\" controls=\"controls\"><source type=\"audio\/mpeg\" src=\"https:\/\/media.radiolitoral.com\/wp-content\/uploads\/2024\/11\/28114421\/Primer-Cafe-Caritas-Navidad.mp3?_=1\" \/><a href=\"https:\/\/media.radiolitoral.com\/wp-content\/uploads\/2024\/11\/28114421\/Primer-Cafe-Caritas-Navidad.mp3\">https:\/\/media.radiolitoral.com\/wp-content\/uploads\/2024\/11\/28114421\/Primer-Cafe-Caritas-Navidad.mp3<\/a><\/audio>","protected":false},"excerpt":{"rendered":"<p>Nadal \u00e9s un per\u00edode que desperta l&#8217;esperit de la solidaritat i ens recorda la import\u00e0ncia de compartir i ajudar als qui m\u00e9s ho necessiten. Una de les maneres de transformar l&#8217;esperit nadalenc en accions concretes que donen sentit a aquestes dates tan especials \u00e9s participar en campanyes solid\u00e0ries com la que ha previst, un any [&#8230;]<\/p>\n<p><a class=\"btn btn-secondary understrap-read-more-link\" href=\"https:\/\/radiolitoral.com\/ca\/2024\/11\/andres-ivars-necessitem-persones-que-ens-ajuden-a-ajudar\/\">Continua llegint&#8230;<span class=\"screen-reader-text\"> from Andr\u00e9s Ivars: \u201cNecessitem persones que ens ajuden a ajudar\u201d<\/span><\/a><\/p>\n","protected":false},"author":13,"featured_media":13399,"comment_status":"open","ping_status":"closed","sticky":false,"template":"","format":"standard","meta":{"_acf_changed":false,"inline_featured_image":false,"footnotes":""},"categories":[2753,46,855],"tags":[2876,2873,2872,2875,2312,2874,2877],"class_list":["post-13397","post","type-post","status-publish","format-standard","has-post-thumbnail","hentry","category-entrevistas","category-sociedad","category-solidaridad","tag-andres-ivars","tag-campanya-solidaria","tag-caritas-calp","tag-nadal","tag-primer-cafe","tag-una-estrella-una-ilusion","tag-xiquets","cobertura-calp"],"acf":[],"yoast_head":"<!-- This site is optimized with the Yoast SEO plugin v27.5 - https:\/\/yoast.com\/product\/yoast-seo-wordpress\/ -->\n<title>Andr\u00e9s Ivars: \u201cNecessitem persones que ens ajuden a ajudar\u201d | R\u00e0dio Litoral<\/title>\n<meta name=\"description\" content=\"C\u00e1ritas Calp posa en marxa al mes de desembre una nova edici\u00f3 de la campanya solid\u00e0ria \u201cUna estrella una ilusi\u00f3n\u201d\" \/>\n<meta name=\"robots\" content=\"index, follow, max-snippet:-1, max-image-preview:large, max-video-preview:-1\" \/>\n<link rel=\"canonical\" href=\"https:\/\/radiolitoral.com\/ca\/2024\/11\/andres-ivars-necessitem-persones-que-ens-ajudin-a-ajudar\/\" \/>\n<meta property=\"og:locale\" content=\"ca_ES\" \/>\n<meta property=\"og:type\" content=\"article\" \/>\n<meta property=\"og:title\" content=\"Andr\u00e9s Ivars: \u201cNecessitem persones que ens ajuden a ajudar\u201d | R\u00e0dio Litoral\" \/>\n<meta property=\"og:description\" content=\"C\u00e1ritas Calp posa en marxa al mes de desembre una nova edici\u00f3 de la campanya solid\u00e0ria \u201cUna estrella una ilusi\u00f3n\u201d\" \/>\n<meta property=\"og:url\" content=\"https:\/\/radiolitoral.com\/ca\/2024\/11\/andres-ivars-necessitem-persones-que-ens-ajudin-a-ajudar\/\" \/>\n<meta property=\"og:site_name\" content=\"R\u00e0dio Litoral\" \/>\n<meta property=\"article:publisher\" content=\"https:\/\/www.facebook.com\/Laradiolitoral\/\" \/>\n<meta property=\"article:published_time\" content=\"2024-11-28T10:54:34+00:00\" \/>\n<meta property=\"og:image\" content=\"https:\/\/media.radiolitoral.com\/wp-content\/uploads\/2024\/11\/28115143\/Andres-Ivars-Primer-Cafe.jpg\" \/>\n\t<meta property=\"og:image:width\" content=\"1641\" \/>\n\t<meta property=\"og:image:height\" content=\"1120\" \/>\n\t<meta property=\"og:image:type\" content=\"image\/jpeg\" \/>\n<meta name=\"author\" content=\"Redacci\u00f3n\" \/>\n<meta name=\"twitter:card\" content=\"summary_large_image\" \/>\n<meta name=\"twitter:label1\" content=\"Escrit per\" \/>\n\t<meta name=\"twitter:data1\" content=\"Redacci\u00f3n\" \/>\n\t<meta name=\"twitter:label2\" content=\"Temps estimat de lectura\" \/>\n\t<meta name=\"twitter:data2\" content=\"3 minuts\" \/>\n<script type=\"application\/ld+json\" class=\"yoast-schema-graph\">{\"@context\":\"https:\\\/\\\/schema.org\",\"@graph\":[{\"@type\":\"NewsArticle\",\"@id\":\"https:\\\/\\\/radiolitoral.com\\\/2024\\\/11\\\/andres-ivars-necessitem-persones-que-ens-ajuden-a-ajudar\\\/#article\",\"isPartOf\":{\"@id\":\"https:\\\/\\\/radiolitoral.com\\\/2024\\\/11\\\/andres-ivars-necessitem-persones-que-ens-ajuden-a-ajudar\\\/\"},\"author\":{\"name\":\"Redacci\u00f3n\",\"@id\":\"https:\\\/\\\/radiolitoral.com\\\/#\\\/schema\\\/person\\\/f2b2343c49b5d721857cc1002bfdb151\"},\"headline\":\"Andr\u00e9s Ivars: \u201cNecessitem persones que ens ajuden a ajudar\u201d\",\"datePublished\":\"2024-11-28T10:54:34+00:00\",\"mainEntityOfPage\":{\"@id\":\"https:\\\/\\\/radiolitoral.com\\\/2024\\\/11\\\/andres-ivars-necessitem-persones-que-ens-ajuden-a-ajudar\\\/\"},\"wordCount\":438,\"commentCount\":0,\"publisher\":{\"@id\":\"https:\\\/\\\/radiolitoral.com\\\/#organization\"},\"image\":{\"@id\":\"https:\\\/\\\/radiolitoral.com\\\/2024\\\/11\\\/andres-ivars-necessitem-persones-que-ens-ajuden-a-ajudar\\\/#primaryimage\"},\"thumbnailUrl\":\"https:\\\/\\\/media.radiolitoral.com\\\/wp-content\\\/uploads\\\/2024\\\/11\\\/28115143\\\/Andres-Ivars-Primer-Cafe.jpg\",\"keywords\":[\"Andr\u00e9s Ivars\",\"Campanya solidaria\",\"C\u00e1ritas Calp\",\"Nadal\",\"Primer Caf\u00e9\",\"Una estrella una ilusi\u00f3n\",\"xiquets\"],\"articleSection\":[\"Entrevistas\",\"Sociedad\",\"Solidaridad\"],\"inLanguage\":\"ca\",\"potentialAction\":[{\"@type\":\"CommentAction\",\"name\":\"Comment\",\"target\":[\"https:\\\/\\\/radiolitoral.com\\\/2024\\\/11\\\/andres-ivars-necessitem-persones-que-ens-ajuden-a-ajudar\\\/#respond\"]}]},{\"@type\":[\"WebPage\",\"ItemPage\"],\"@id\":\"https:\\\/\\\/radiolitoral.com\\\/2024\\\/11\\\/andres-ivars-necessitem-persones-que-ens-ajuden-a-ajudar\\\/\",\"url\":\"https:\\\/\\\/radiolitoral.com\\\/2024\\\/11\\\/andres-ivars-necessitem-persones-que-ens-ajuden-a-ajudar\\\/\",\"name\":\"Andr\u00e9s Ivars: \u201cNecessitem persones que ens ajuden a ajudar\u201d | R\u00e0dio Litoral\",\"isPartOf\":{\"@id\":\"https:\\\/\\\/radiolitoral.com\\\/#website\"},\"primaryImageOfPage\":{\"@id\":\"https:\\\/\\\/radiolitoral.com\\\/2024\\\/11\\\/andres-ivars-necessitem-persones-que-ens-ajuden-a-ajudar\\\/#primaryimage\"},\"image\":{\"@id\":\"https:\\\/\\\/radiolitoral.com\\\/2024\\\/11\\\/andres-ivars-necessitem-persones-que-ens-ajuden-a-ajudar\\\/#primaryimage\"},\"thumbnailUrl\":\"https:\\\/\\\/media.radiolitoral.com\\\/wp-content\\\/uploads\\\/2024\\\/11\\\/28115143\\\/Andres-Ivars-Primer-Cafe.jpg\",\"datePublished\":\"2024-11-28T10:54:34+00:00\",\"description\":\"C\u00e1ritas Calp posa en marxa al mes de desembre una nova edici\u00f3 de la campanya solid\u00e0ria \u201cUna estrella una ilusi\u00f3n\u201d\",\"breadcrumb\":{\"@id\":\"https:\\\/\\\/radiolitoral.com\\\/2024\\\/11\\\/andres-ivars-necessitem-persones-que-ens-ajuden-a-ajudar\\\/#breadcrumb\"},\"inLanguage\":\"ca\",\"potentialAction\":[{\"@type\":\"ReadAction\",\"target\":[\"https:\\\/\\\/radiolitoral.com\\\/2024\\\/11\\\/andres-ivars-necessitem-persones-que-ens-ajuden-a-ajudar\\\/\"]}]},{\"@type\":\"ImageObject\",\"inLanguage\":\"ca\",\"@id\":\"https:\\\/\\\/radiolitoral.com\\\/2024\\\/11\\\/andres-ivars-necessitem-persones-que-ens-ajuden-a-ajudar\\\/#primaryimage\",\"url\":\"https:\\\/\\\/media.radiolitoral.com\\\/wp-content\\\/uploads\\\/2024\\\/11\\\/28115143\\\/Andres-Ivars-Primer-Cafe.jpg\",\"contentUrl\":\"https:\\\/\\\/media.radiolitoral.com\\\/wp-content\\\/uploads\\\/2024\\\/11\\\/28115143\\\/Andres-Ivars-Primer-Cafe.jpg\",\"width\":1641,\"height\":1120},{\"@type\":\"BreadcrumbList\",\"@id\":\"https:\\\/\\\/radiolitoral.com\\\/2024\\\/11\\\/andres-ivars-necessitem-persones-que-ens-ajuden-a-ajudar\\\/#breadcrumb\",\"itemListElement\":[{\"@type\":\"ListItem\",\"position\":1,\"name\":\"Portada\",\"item\":\"https:\\\/\\\/radiolitoral.com\\\/\"},{\"@type\":\"ListItem\",\"position\":2,\"name\":\"Andr\u00e9s Ivars: \u201cNecessitem persones que ens ajuden a ajudar\u201d\"}]},{\"@type\":\"WebSite\",\"@id\":\"https:\\\/\\\/radiolitoral.com\\\/#website\",\"url\":\"https:\\\/\\\/radiolitoral.com\\\/\",\"name\":\"Radio Litoral\",\"description\":\"La radio local de la Marina Alta\",\"publisher\":{\"@id\":\"https:\\\/\\\/radiolitoral.com\\\/#organization\"},\"alternateName\":\"Litoral FM\",\"potentialAction\":[{\"@type\":\"SearchAction\",\"target\":{\"@type\":\"EntryPoint\",\"urlTemplate\":\"https:\\\/\\\/radiolitoral.com\\\/?s={search_term_string}\"},\"query-input\":{\"@type\":\"PropertyValueSpecification\",\"valueRequired\":true,\"valueName\":\"search_term_string\"}}],\"inLanguage\":\"ca\"},{\"@type\":\"Organization\",\"@id\":\"https:\\\/\\\/radiolitoral.com\\\/#organization\",\"name\":\"Radio Litoral\",\"url\":\"https:\\\/\\\/radiolitoral.com\\\/\",\"logo\":{\"@type\":\"ImageObject\",\"inLanguage\":\"ca\",\"@id\":\"https:\\\/\\\/radiolitoral.com\\\/#\\\/schema\\\/logo\\\/image\\\/\",\"url\":\"https:\\\/\\\/media.radiolitoral.com\\\/wp-content\\\/uploads\\\/2023\\\/02\\\/24143238\\\/CL-V-RadioLitoral696.png\",\"contentUrl\":\"https:\\\/\\\/media.radiolitoral.com\\\/wp-content\\\/uploads\\\/2023\\\/02\\\/24143238\\\/CL-V-RadioLitoral696.png\",\"width\":696,\"height\":696,\"caption\":\"Radio Litoral\"},\"image\":{\"@id\":\"https:\\\/\\\/radiolitoral.com\\\/#\\\/schema\\\/logo\\\/image\\\/\"},\"sameAs\":[\"https:\\\/\\\/www.facebook.com\\\/Laradiolitoral\\\/\"]},{\"@type\":\"Person\",\"@id\":\"https:\\\/\\\/radiolitoral.com\\\/#\\\/schema\\\/person\\\/f2b2343c49b5d721857cc1002bfdb151\",\"name\":\"Redacci\u00f3n\",\"image\":{\"@type\":\"ImageObject\",\"inLanguage\":\"ca\",\"@id\":\"https:\\\/\\\/secure.gravatar.com\\\/avatar\\\/f771d896c203ad8b3382d7905cfcce5a5c9b008b84b3cd9114e9b9f4cb63f789?s=96&d=mm&r=g\",\"url\":\"https:\\\/\\\/secure.gravatar.com\\\/avatar\\\/f771d896c203ad8b3382d7905cfcce5a5c9b008b84b3cd9114e9b9f4cb63f789?s=96&d=mm&r=g\",\"contentUrl\":\"https:\\\/\\\/secure.gravatar.com\\\/avatar\\\/f771d896c203ad8b3382d7905cfcce5a5c9b008b84b3cd9114e9b9f4cb63f789?s=96&d=mm&r=g\",\"caption\":\"Redacci\u00f3n\"},\"url\":\"https:\\\/\\\/radiolitoral.com\\\/ca\\\/author\\\/miriam-pagan\\\/\"}]}<\/script>\n<!-- \/ Yoast SEO plugin. -->","yoast_head_json":{"title":"Andr\u00e9s Ivars: \u201cNecessitem persones que ens ajudin a ajudar\u201d | R\u00e0dio Litoral","description":"C\u00e0ritas Calp posa en marxa al mes de desembre una nova edici\u00f3 de la campanya solid\u00e0ria \u201cUna estrella una il\u00b7lusi\u00f3\u201d","robots":{"index":"index","follow":"follow","max-snippet":"max-snippet:-1","max-image-preview":"max-image-preview:large","max-video-preview":"max-video-preview:-1"},"canonical":"https:\/\/radiolitoral.com\/ca\/2024\/11\/andres-ivars-necessitem-persones-que-ens-ajudin-a-ajudar\/","og_locale":"ca_ES","og_type":"article","og_title":"Andr\u00e9s Ivars: \u201cNecessitem persones que ens ajuden a ajudar\u201d | R\u00e0dio Litoral","og_description":"C\u00e1ritas Calp posa en marxa al mes de desembre una nova edici\u00f3 de la campanya solid\u00e0ria \u201cUna estrella una ilusi\u00f3n\u201d","og_url":"https:\/\/radiolitoral.com\/ca\/2024\/11\/andres-ivars-necessitem-persones-que-ens-ajudin-a-ajudar\/","og_site_name":"R\u00e0dio Litoral","article_publisher":"https:\/\/www.facebook.com\/Laradiolitoral\/","article_published_time":"2024-11-28T10:54:34+00:00","og_image":[{"width":1641,"height":1120,"url":"https:\/\/media.radiolitoral.com\/wp-content\/uploads\/2024\/11\/28115143\/Andres-Ivars-Primer-Cafe.jpg","type":"image\/jpeg"}],"author":"Redacci\u00f3n","twitter_card":"summary_large_image","twitter_misc":{"Escrit per":"Redacci\u00f3n","Temps estimat de lectura":"3 minuts"},"schema":{"@context":"https:\/\/schema.org","@graph":[{"@type":"NewsArticle","@id":"https:\/\/radiolitoral.com\/2024\/11\/andres-ivars-necessitem-persones-que-ens-ajuden-a-ajudar\/#article","isPartOf":{"@id":"https:\/\/radiolitoral.com\/2024\/11\/andres-ivars-necessitem-persones-que-ens-ajuden-a-ajudar\/"},"author":{"name":"Redacci\u00f3n","@id":"https:\/\/radiolitoral.com\/#\/schema\/person\/f2b2343c49b5d721857cc1002bfdb151"},"headline":"Andr\u00e9s Ivars: \u201cNecessitem persones que ens ajuden a ajudar\u201d","datePublished":"2024-11-28T10:54:34+00:00","mainEntityOfPage":{"@id":"https:\/\/radiolitoral.com\/2024\/11\/andres-ivars-necessitem-persones-que-ens-ajuden-a-ajudar\/"},"wordCount":438,"commentCount":0,"publisher":{"@id":"https:\/\/radiolitoral.com\/#organization"},"image":{"@id":"https:\/\/radiolitoral.com\/2024\/11\/andres-ivars-necessitem-persones-que-ens-ajuden-a-ajudar\/#primaryimage"},"thumbnailUrl":"https:\/\/media.radiolitoral.com\/wp-content\/uploads\/2024\/11\/28115143\/Andres-Ivars-Primer-Cafe.jpg","keywords":["Andr\u00e9s Ivars","Campanya solidaria","C\u00e1ritas Calp","Nadal","Primer Caf\u00e9","Una estrella una ilusi\u00f3n","xiquets"],"articleSection":["Entrevistas","Sociedad","Solidaridad"],"inLanguage":"ca","potentialAction":[{"@type":"CommentAction","name":"Comment","target":["https:\/\/radiolitoral.com\/2024\/11\/andres-ivars-necessitem-persones-que-ens-ajuden-a-ajudar\/#respond"]}]},{"@type":["WebPage","ItemPage"],"@id":"https:\/\/radiolitoral.com\/2024\/11\/andres-ivars-necessitem-persones-que-ens-ajuden-a-ajudar\/","url":"https:\/\/radiolitoral.com\/2024\/11\/andres-ivars-necessitem-persones-que-ens-ajuden-a-ajudar\/","name":"Andr\u00e9s Ivars: \u201cNecessitem persones que ens ajudin a ajudar\u201d | R\u00e0dio Litoral","isPartOf":{"@id":"https:\/\/radiolitoral.com\/#website"},"primaryImageOfPage":{"@id":"https:\/\/radiolitoral.com\/2024\/11\/andres-ivars-necessitem-persones-que-ens-ajuden-a-ajudar\/#primaryimage"},"image":{"@id":"https:\/\/radiolitoral.com\/2024\/11\/andres-ivars-necessitem-persones-que-ens-ajuden-a-ajudar\/#primaryimage"},"thumbnailUrl":"https:\/\/media.radiolitoral.com\/wp-content\/uploads\/2024\/11\/28115143\/Andres-Ivars-Primer-Cafe.jpg","datePublished":"2024-11-28T10:54:34+00:00","description":"C\u00e0ritas Calp posa en marxa al mes de desembre una nova edici\u00f3 de la campanya solid\u00e0ria \u201cUna estrella una il\u00b7lusi\u00f3\u201d","breadcrumb":{"@id":"https:\/\/radiolitoral.com\/2024\/11\/andres-ivars-necessitem-persones-que-ens-ajuden-a-ajudar\/#breadcrumb"},"inLanguage":"ca","potentialAction":[{"@type":"ReadAction","target":["https:\/\/radiolitoral.com\/2024\/11\/andres-ivars-necessitem-persones-que-ens-ajuden-a-ajudar\/"]}]},{"@type":"ImageObject","inLanguage":"ca","@id":"https:\/\/radiolitoral.com\/2024\/11\/andres-ivars-necessitem-persones-que-ens-ajuden-a-ajudar\/#primaryimage","url":"https:\/\/media.radiolitoral.com\/wp-content\/uploads\/2024\/11\/28115143\/Andres-Ivars-Primer-Cafe.jpg","contentUrl":"https:\/\/media.radiolitoral.com\/wp-content\/uploads\/2024\/11\/28115143\/Andres-Ivars-Primer-Cafe.jpg","width":1641,"height":1120},{"@type":"BreadcrumbList","@id":"https:\/\/radiolitoral.com\/2024\/11\/andres-ivars-necessitem-persones-que-ens-ajuden-a-ajudar\/#breadcrumb","itemListElement":[{"@type":"ListItem","position":1,"name":"Portada","item":"https:\/\/radiolitoral.com\/"},{"@type":"ListItem","position":2,"name":"Andr\u00e9s Ivars: \u201cNecessitem persones que ens ajuden a ajudar\u201d"}]},{"@type":"WebSite","@id":"https:\/\/radiolitoral.com\/#website","url":"https:\/\/radiolitoral.com\/","name":"R\u00e0dio Litoral","description":"La r\u00e0dio local de la Marina Alta","publisher":{"@id":"https:\/\/radiolitoral.com\/#organization"},"alternateName":"Litoral FM","potentialAction":[{"@type":"SearchAction","target":{"@type":"EntryPoint","urlTemplate":"https:\/\/radiolitoral.com\/?s={search_term_string}"},"query-input":{"@type":"PropertyValueSpecification","valueRequired":true,"valueName":"search_term_string"}}],"inLanguage":"ca"},{"@type":"Organization","@id":"https:\/\/radiolitoral.com\/#organization","name":"R\u00e0dio Litoral","url":"https:\/\/radiolitoral.com\/","logo":{"@type":"ImageObject","inLanguage":"ca","@id":"https:\/\/radiolitoral.com\/#\/schema\/logo\/image\/","url":"https:\/\/media.radiolitoral.com\/wp-content\/uploads\/2023\/02\/24143238\/CL-V-RadioLitoral696.png","contentUrl":"https:\/\/media.radiolitoral.com\/wp-content\/uploads\/2023\/02\/24143238\/CL-V-RadioLitoral696.png","width":696,"height":696,"caption":"Radio Litoral"},"image":{"@id":"https:\/\/radiolitoral.com\/#\/schema\/logo\/image\/"},"sameAs":["https:\/\/www.facebook.com\/Laradiolitoral\/"]},{"@type":"Person","@id":"https:\/\/radiolitoral.com\/#\/schema\/person\/f2b2343c49b5d721857cc1002bfdb151","name":"Redacci\u00f3","image":{"@type":"ImageObject","inLanguage":"ca","@id":"https:\/\/secure.gravatar.com\/avatar\/f771d896c203ad8b3382d7905cfcce5a5c9b008b84b3cd9114e9b9f4cb63f789?s=96&d=mm&r=g","url":"https:\/\/secure.gravatar.com\/avatar\/f771d896c203ad8b3382d7905cfcce5a5c9b008b84b3cd9114e9b9f4cb63f789?s=96&d=mm&r=g","contentUrl":"https:\/\/secure.gravatar.com\/avatar\/f771d896c203ad8b3382d7905cfcce5a5c9b008b84b3cd9114e9b9f4cb63f789?s=96&d=mm&r=g","caption":"Redacci\u00f3n"},"url":"https:\/\/radiolitoral.com\/ca\/author\/miriam-pagan\/"}]}},"_links":{"self":[{"href":"https:\/\/radiolitoral.com\/ca\/wp-json\/wp\/v2\/posts\/13397","targetHints":{"allow":["GET"]}}],"collection":[{"href":"https:\/\/radiolitoral.com\/ca\/wp-json\/wp\/v2\/posts"}],"about":[{"href":"https:\/\/radiolitoral.com\/ca\/wp-json\/wp\/v2\/types\/post"}],"author":[{"embeddable":true,"href":"https:\/\/radiolitoral.com\/ca\/wp-json\/wp\/v2\/users\/13"}],"replies":[{"embeddable":true,"href":"https:\/\/radiolitoral.com\/ca\/wp-json\/wp\/v2\/comments?post=13397"}],"version-history":[{"count":1,"href":"https:\/\/radiolitoral.com\/ca\/wp-json\/wp\/v2\/posts\/13397\/revisions"}],"predecessor-version":[{"id":13400,"href":"https:\/\/radiolitoral.com\/ca\/wp-json\/wp\/v2\/posts\/13397\/revisions\/13400"}],"wp:featuredmedia":[{"embeddable":true,"href":"https:\/\/radiolitoral.com\/ca\/wp-json\/wp\/v2\/media\/13399"}],"wp:attachment":[{"href":"https:\/\/radiolitoral.com\/ca\/wp-json\/wp\/v2\/media?parent=13397"}],"wp:term":[{"taxonomy":"category","embeddable":true,"href":"https:\/\/radiolitoral.com\/ca\/wp-json\/wp\/v2\/categories?post=13397"},{"taxonomy":"post_tag","embeddable":true,"href":"https:\/\/radiolitoral.com\/ca\/wp-json\/wp\/v2\/tags?post=13397"}],"curies":[{"name":"wp","href":"https:\/\/api.w.org\/{rel}","templated":true}]}}