{"id":13387,"date":"2024-11-28T11:00:49","date_gmt":"2024-11-28T10:00:49","guid":{"rendered":"https:\/\/radiolitoral.com\/?p=13387"},"modified":"2024-11-28T11:00:49","modified_gmt":"2024-11-28T10:00:49","slug":"medalla-de-bronze-per-a-les-alevins-del-cg-calp","status":"publish","type":"post","link":"https:\/\/radiolitoral.com\/ca\/2024\/11\/medalla-de-bronze-per-a-les-alevins-del-cg-calpe\/","title":{"rendered":"Medalla de bronze per als alevins del CG Calp"},"content":{"rendered":"<p>El conjunt alev\u00ed absolut del <strong>Club\u00a0<span class=\"hiddenSpellError\">Gimn\u00e0stica<\/span>\u00a0<span class=\"hiddenSpellError\">Calp<\/span><\/strong>, format per\u00a0<span class=\"hiddenSpellError\">Vict\u00f2ria<\/span>,\u00a0<span class=\"hiddenSpellError\">April<\/span>,\u00a0<span class=\"hiddenSpellError\">Sofia<\/span>, Olga i\u00a0<span class=\"hiddenSpellError\">Marina<\/span>, va licitar al podi a Saragossa a proclamar-se tercers de la <strong>Copa d&#039;Espanya de Conjunts Absolut<\/strong> despr\u00e9s d&#039;haver participat en les tres fases i aportar-ne la nota a totes elles.<\/p>\n<figure id=\"attachment_13389\" aria-describedby=\"caption-attachment-13389\" style=\"width: 1024px\" class=\"wp-caption alignnone\"><img loading=\"lazy\" decoding=\"async\" class=\"wp-image-13389 size-full\" src=\"https:\/\/media.radiolitoral.com\/wp-content\/uploads\/2024\/11\/28105854\/Conjunto-alevina-del-CG-Calpe.jpg\" alt=\"\" width=\"1024\" height=\"768\" srcset=\"https:\/\/media.radiolitoral.com\/wp-content\/uploads\/2024\/11\/28105854\/Conjunto-alevina-del-CG-Calpe.jpg 1024w, https:\/\/media.radiolitoral.com\/wp-content\/uploads\/2024\/11\/28105854\/Conjunto-alevina-del-CG-Calpe-300x225.jpg 300w, https:\/\/media.radiolitoral.com\/wp-content\/uploads\/2024\/11\/28105854\/Conjunto-alevina-del-CG-Calpe-768x576.jpg 768w, https:\/\/media.radiolitoral.com\/wp-content\/uploads\/2024\/11\/28105854\/Conjunto-alevina-del-CG-Calpe-16x12.jpg 16w, https:\/\/media.radiolitoral.com\/wp-content\/uploads\/2024\/11\/28105854\/Conjunto-alevina-del-CG-Calpe-1000x750.jpg 1000w, https:\/\/media.radiolitoral.com\/wp-content\/uploads\/2024\/11\/28105854\/Conjunto-alevina-del-CG-Calpe-100x75.jpg 100w, https:\/\/media.radiolitoral.com\/wp-content\/uploads\/2024\/11\/28105854\/Conjunto-alevina-del-CG-Calpe-200x150.jpg 200w\" sizes=\"auto, (max-width: 1024px) 100vw, 1024px\" \/><figcaption id=\"caption-attachment-13389\" class=\"wp-caption-text\">Conjunt alev\u00ed del CG Calp |<\/figcaption><\/figure>\n<p>El conjunt alev\u00ed del Club\u00a0<span class=\"hiddenSpellError\">Gimn\u00e0stica<\/span>\u00a0<span class=\"hiddenSpellError\">Calp<\/span>\u00a0va aconseguir quedar al <strong>catorze<\/strong> lloc d&#039;Espanya de 86 conjunts participants al seu primer nacional. Una ll\u00e0stima va ser l&#039;error que van cometre les joves gimnastes que va restar for\u00e7a puntuaci\u00f3, per\u00f2 aix\u00f2 no desmereix la seva actuaci\u00f3 al tap\u00eds i se senten orgullosos al club. Aquest conjunt estava format per\u00a0<span class=\"hiddenSpellError\">Anna<\/span>, Zoe,\u00a0<span class=\"hiddenSpellError\">Ant\u00f2nia<\/span>, Ariana i Miranda, juntament amb la seva entrenadora, <strong>Montse\u00a0<span class=\"hiddenSpellError\">Soria<\/span><\/strong>, que seguixen treballant intensament durant tota la temporada sempre buscant la seva millora.<\/p>\n<p>A la competici\u00f3 de la <strong>Copa d&#039;Espanya<\/strong>, el conjunt infantil format per Ada, Ainhoa,\u00a0<span class=\"hiddenSpellError\">Kaori<\/span>,\u00a0<span class=\"hiddenSpellError\">Taisia<\/span>\u00a0i Anna\u00a0<span class=\"hiddenSpellError\">Maria<\/span>\u00a0no tindran una bona competici\u00f3 per\u00f2 aix\u00ed i tot aconseguiran una 9a posici\u00f3 en categoria infantil absolut a prop de la tercera pla\u00e7a, ja que \u00e9s una categoria amb molt nivell i molt renyida.<\/p>","protected":false},"excerpt":{"rendered":"<p>El conjunt alev\u00ed absolut del Club\u00a0Gimnasia\u00a0Calpe, format per\u00a0Victoria,\u00a0April,\u00a0Sof\u00eda, Olga i\u00a0Mar\u00edna, va pujar al podi a Saragossa en proclamar-se terceres de la Copa d&#8217;Espanya de Conjunts Absolut despr\u00e9s d&#8217;haver participat en les tres fases i aportar la seua nota en totes elles. El conjunt alev\u00ed del Club\u00a0Gimnasia\u00a0Calpe\u00a0va aconseguir quedar en el catorz\u00e9 lloc d&#8217;Espanya de 86 [&#8230;]<\/p>\n<p><a class=\"btn btn-secondary understrap-read-more-link\" href=\"https:\/\/radiolitoral.com\/ca\/2024\/11\/medalla-de-bronze-per-a-les-alevins-del-cg-calpe\/\">Continua llegint&#8230;<span class=\"screen-reader-text\"> from Medalla de bronze per a les alevins del CG Calpe<\/span><\/a><\/p>\n","protected":false},"author":12,"featured_media":13388,"comment_status":"open","ping_status":"closed","sticky":false,"template":"","format":"standard","meta":{"_acf_changed":false,"inline_featured_image":false,"footnotes":""},"categories":[5],"tags":[1387,6,1401],"class_list":["post-13387","post","type-post","status-publish","format-standard","has-post-thumbnail","hentry","category-deportes","tag-club-gimnasia-calpe","tag-deportes","tag-montse-soria","cobertura-calp"],"acf":[],"yoast_head":"<!-- This site is optimized with the Yoast SEO plugin v27.5 - https:\/\/yoast.com\/product\/yoast-seo-wordpress\/ -->\n<title>Medalla de bronze per a les alevins del CG Calpe | R\u00e0dio Litoral<\/title>\n<meta name=\"description\" content=\"Les calpines van pujar al podi de Saragossa en la Copa d&#039;Espanya de Conjunts AbsolutsLes calpines van pujar al podi de Saragossa en la Copa d&#039;Espanya de Conjunts Absoluts\" \/>\n<meta name=\"robots\" content=\"index, follow, max-snippet:-1, max-image-preview:large, max-video-preview:-1\" \/>\n<link rel=\"canonical\" href=\"https:\/\/radiolitoral.com\/ca\/2024\/11\/medalla-de-bronze-per-a-les-alevins-del-cg-calp\/\" \/>\n<meta property=\"og:locale\" content=\"ca_ES\" \/>\n<meta property=\"og:type\" content=\"article\" \/>\n<meta property=\"og:title\" content=\"Medalla de bronze per a les alevins del CG Calpe | R\u00e0dio Litoral\" \/>\n<meta property=\"og:description\" content=\"Les calpines van pujar al podi de Saragossa en la Copa d&#039;Espanya de Conjunts AbsolutsLes calpines van pujar al podi de Saragossa en la Copa d&#039;Espanya de Conjunts Absoluts\" \/>\n<meta property=\"og:url\" content=\"https:\/\/radiolitoral.com\/ca\/2024\/11\/medalla-de-bronze-per-a-les-alevins-del-cg-calp\/\" \/>\n<meta property=\"og:site_name\" content=\"R\u00e0dio Litoral\" \/>\n<meta property=\"article:publisher\" content=\"https:\/\/www.facebook.com\/Laradiolitoral\/\" \/>\n<meta property=\"article:published_time\" content=\"2024-11-28T10:00:49+00:00\" \/>\n<meta property=\"og:image\" content=\"https:\/\/media.radiolitoral.com\/wp-content\/uploads\/2024\/11\/28105833\/Conjunto-Alevin-Absoluto-del-CG-Calpe.jpg\" \/>\n\t<meta property=\"og:image:width\" content=\"1024\" \/>\n\t<meta property=\"og:image:height\" content=\"768\" \/>\n\t<meta property=\"og:image:type\" content=\"image\/jpeg\" \/>\n<meta name=\"author\" content=\"Javier Zamora\" \/>\n<meta name=\"twitter:card\" content=\"summary_large_image\" \/>\n<meta name=\"twitter:label1\" content=\"Escrit per\" \/>\n\t<meta name=\"twitter:data1\" content=\"Javier Zamora\" \/>\n\t<meta name=\"twitter:label2\" content=\"Temps estimat de lectura\" \/>\n\t<meta name=\"twitter:data2\" content=\"2 minuts\" \/>\n<script type=\"application\/ld+json\" class=\"yoast-schema-graph\">{\"@context\":\"https:\\\/\\\/schema.org\",\"@graph\":[{\"@type\":\"NewsArticle\",\"@id\":\"https:\\\/\\\/radiolitoral.com\\\/2024\\\/11\\\/medalla-de-bronze-per-a-les-alevins-del-cg-calpe\\\/#article\",\"isPartOf\":{\"@id\":\"https:\\\/\\\/radiolitoral.com\\\/2024\\\/11\\\/medalla-de-bronze-per-a-les-alevins-del-cg-calpe\\\/\"},\"author\":{\"name\":\"Javier Zamora\",\"@id\":\"https:\\\/\\\/radiolitoral.com\\\/#\\\/schema\\\/person\\\/7b1480b5caeb5acdd4ec6379caf62b22\"},\"headline\":\"Medalla de bronze per a les alevins del CG Calpe\",\"datePublished\":\"2024-11-28T10:00:49+00:00\",\"mainEntityOfPage\":{\"@id\":\"https:\\\/\\\/radiolitoral.com\\\/2024\\\/11\\\/medalla-de-bronze-per-a-les-alevins-del-cg-calpe\\\/\"},\"wordCount\":224,\"commentCount\":0,\"publisher\":{\"@id\":\"https:\\\/\\\/radiolitoral.com\\\/#organization\"},\"image\":{\"@id\":\"https:\\\/\\\/radiolitoral.com\\\/2024\\\/11\\\/medalla-de-bronze-per-a-les-alevins-del-cg-calpe\\\/#primaryimage\"},\"thumbnailUrl\":\"https:\\\/\\\/media.radiolitoral.com\\\/wp-content\\\/uploads\\\/2024\\\/11\\\/28105833\\\/Conjunto-Alevin-Absoluto-del-CG-Calpe.jpg\",\"keywords\":[\"Club Gimnasia Calpe\",\"deportes\",\"Montse Soria\"],\"articleSection\":[\"Deportes\"],\"inLanguage\":\"ca\",\"potentialAction\":[{\"@type\":\"CommentAction\",\"name\":\"Comment\",\"target\":[\"https:\\\/\\\/radiolitoral.com\\\/2024\\\/11\\\/medalla-de-bronze-per-a-les-alevins-del-cg-calpe\\\/#respond\"]}]},{\"@type\":[\"WebPage\",\"ItemPage\"],\"@id\":\"https:\\\/\\\/radiolitoral.com\\\/2024\\\/11\\\/medalla-de-bronze-per-a-les-alevins-del-cg-calpe\\\/\",\"url\":\"https:\\\/\\\/radiolitoral.com\\\/2024\\\/11\\\/medalla-de-bronze-per-a-les-alevins-del-cg-calpe\\\/\",\"name\":\"Medalla de bronze per a les alevins del CG Calpe | R\u00e0dio Litoral\",\"isPartOf\":{\"@id\":\"https:\\\/\\\/radiolitoral.com\\\/#website\"},\"primaryImageOfPage\":{\"@id\":\"https:\\\/\\\/radiolitoral.com\\\/2024\\\/11\\\/medalla-de-bronze-per-a-les-alevins-del-cg-calpe\\\/#primaryimage\"},\"image\":{\"@id\":\"https:\\\/\\\/radiolitoral.com\\\/2024\\\/11\\\/medalla-de-bronze-per-a-les-alevins-del-cg-calpe\\\/#primaryimage\"},\"thumbnailUrl\":\"https:\\\/\\\/media.radiolitoral.com\\\/wp-content\\\/uploads\\\/2024\\\/11\\\/28105833\\\/Conjunto-Alevin-Absoluto-del-CG-Calpe.jpg\",\"datePublished\":\"2024-11-28T10:00:49+00:00\",\"description\":\"Les calpines van pujar al podi de Saragossa en la Copa d'Espanya de Conjunts AbsolutsLes calpines van pujar al podi de Saragossa en la Copa d'Espanya de Conjunts Absoluts\",\"breadcrumb\":{\"@id\":\"https:\\\/\\\/radiolitoral.com\\\/2024\\\/11\\\/medalla-de-bronze-per-a-les-alevins-del-cg-calpe\\\/#breadcrumb\"},\"inLanguage\":\"ca\",\"potentialAction\":[{\"@type\":\"ReadAction\",\"target\":[\"https:\\\/\\\/radiolitoral.com\\\/2024\\\/11\\\/medalla-de-bronze-per-a-les-alevins-del-cg-calpe\\\/\"]}]},{\"@type\":\"ImageObject\",\"inLanguage\":\"ca\",\"@id\":\"https:\\\/\\\/radiolitoral.com\\\/2024\\\/11\\\/medalla-de-bronze-per-a-les-alevins-del-cg-calpe\\\/#primaryimage\",\"url\":\"https:\\\/\\\/media.radiolitoral.com\\\/wp-content\\\/uploads\\\/2024\\\/11\\\/28105833\\\/Conjunto-Alevin-Absoluto-del-CG-Calpe.jpg\",\"contentUrl\":\"https:\\\/\\\/media.radiolitoral.com\\\/wp-content\\\/uploads\\\/2024\\\/11\\\/28105833\\\/Conjunto-Alevin-Absoluto-del-CG-Calpe.jpg\",\"width\":1024,\"height\":768},{\"@type\":\"BreadcrumbList\",\"@id\":\"https:\\\/\\\/radiolitoral.com\\\/2024\\\/11\\\/medalla-de-bronze-per-a-les-alevins-del-cg-calpe\\\/#breadcrumb\",\"itemListElement\":[{\"@type\":\"ListItem\",\"position\":1,\"name\":\"Portada\",\"item\":\"https:\\\/\\\/radiolitoral.com\\\/\"},{\"@type\":\"ListItem\",\"position\":2,\"name\":\"Medalla de bronze per a les alevins del CG Calpe\"}]},{\"@type\":\"WebSite\",\"@id\":\"https:\\\/\\\/radiolitoral.com\\\/#website\",\"url\":\"https:\\\/\\\/radiolitoral.com\\\/\",\"name\":\"Radio Litoral\",\"description\":\"La radio local de la Marina Alta\",\"publisher\":{\"@id\":\"https:\\\/\\\/radiolitoral.com\\\/#organization\"},\"alternateName\":\"Litoral FM\",\"potentialAction\":[{\"@type\":\"SearchAction\",\"target\":{\"@type\":\"EntryPoint\",\"urlTemplate\":\"https:\\\/\\\/radiolitoral.com\\\/?s={search_term_string}\"},\"query-input\":{\"@type\":\"PropertyValueSpecification\",\"valueRequired\":true,\"valueName\":\"search_term_string\"}}],\"inLanguage\":\"ca\"},{\"@type\":\"Organization\",\"@id\":\"https:\\\/\\\/radiolitoral.com\\\/#organization\",\"name\":\"Radio Litoral\",\"url\":\"https:\\\/\\\/radiolitoral.com\\\/\",\"logo\":{\"@type\":\"ImageObject\",\"inLanguage\":\"ca\",\"@id\":\"https:\\\/\\\/radiolitoral.com\\\/#\\\/schema\\\/logo\\\/image\\\/\",\"url\":\"https:\\\/\\\/media.radiolitoral.com\\\/wp-content\\\/uploads\\\/2023\\\/02\\\/24143238\\\/CL-V-RadioLitoral696.png\",\"contentUrl\":\"https:\\\/\\\/media.radiolitoral.com\\\/wp-content\\\/uploads\\\/2023\\\/02\\\/24143238\\\/CL-V-RadioLitoral696.png\",\"width\":696,\"height\":696,\"caption\":\"Radio Litoral\"},\"image\":{\"@id\":\"https:\\\/\\\/radiolitoral.com\\\/#\\\/schema\\\/logo\\\/image\\\/\"},\"sameAs\":[\"https:\\\/\\\/www.facebook.com\\\/Laradiolitoral\\\/\"]},{\"@type\":\"Person\",\"@id\":\"https:\\\/\\\/radiolitoral.com\\\/#\\\/schema\\\/person\\\/7b1480b5caeb5acdd4ec6379caf62b22\",\"name\":\"Javier Zamora\",\"image\":{\"@type\":\"ImageObject\",\"inLanguage\":\"ca\",\"@id\":\"https:\\\/\\\/secure.gravatar.com\\\/avatar\\\/467a11f6918c7d619c4043fc6fa2d3853053107973f05b6e9c04ea6c4e3a7b3f?s=96&d=mm&r=g\",\"url\":\"https:\\\/\\\/secure.gravatar.com\\\/avatar\\\/467a11f6918c7d619c4043fc6fa2d3853053107973f05b6e9c04ea6c4e3a7b3f?s=96&d=mm&r=g\",\"contentUrl\":\"https:\\\/\\\/secure.gravatar.com\\\/avatar\\\/467a11f6918c7d619c4043fc6fa2d3853053107973f05b6e9c04ea6c4e3a7b3f?s=96&d=mm&r=g\",\"caption\":\"Javier Zamora\"},\"url\":\"https:\\\/\\\/radiolitoral.com\\\/ca\\\/author\\\/javier-zamora\\\/\"}]}<\/script>\n<!-- \/ Yoast SEO plugin. -->","yoast_head_json":{"title":"Medalla de bronze per als alevins del CG Calp | R\u00e0dio Litoral","description":"Les calpines van licitar al podi de Saragossa a la Copa d&#039;Espanya de Conjunts Absoluts","robots":{"index":"index","follow":"follow","max-snippet":"max-snippet:-1","max-image-preview":"max-image-preview:large","max-video-preview":"max-video-preview:-1"},"canonical":"https:\/\/radiolitoral.com\/ca\/2024\/11\/medalla-de-bronze-per-a-les-alevins-del-cg-calp\/","og_locale":"ca_ES","og_type":"article","og_title":"Medalla de bronze per a les alevins del CG Calpe | R\u00e0dio Litoral","og_description":"Les calpines van pujar al podi de Saragossa en la Copa d'Espanya de Conjunts AbsolutsLes calpines van pujar al podi de Saragossa en la Copa d'Espanya de Conjunts Absoluts","og_url":"https:\/\/radiolitoral.com\/ca\/2024\/11\/medalla-de-bronze-per-a-les-alevins-del-cg-calp\/","og_site_name":"R\u00e0dio Litoral","article_publisher":"https:\/\/www.facebook.com\/Laradiolitoral\/","article_published_time":"2024-11-28T10:00:49+00:00","og_image":[{"width":1024,"height":768,"url":"https:\/\/media.radiolitoral.com\/wp-content\/uploads\/2024\/11\/28105833\/Conjunto-Alevin-Absoluto-del-CG-Calpe.jpg","type":"image\/jpeg"}],"author":"Javier Zamora","twitter_card":"summary_large_image","twitter_misc":{"Escrit per":"Javier Zamora","Temps estimat de lectura":"2 minuts"},"schema":{"@context":"https:\/\/schema.org","@graph":[{"@type":"NewsArticle","@id":"https:\/\/radiolitoral.com\/2024\/11\/medalla-de-bronze-per-a-les-alevins-del-cg-calpe\/#article","isPartOf":{"@id":"https:\/\/radiolitoral.com\/2024\/11\/medalla-de-bronze-per-a-les-alevins-del-cg-calpe\/"},"author":{"name":"Javier Zamora","@id":"https:\/\/radiolitoral.com\/#\/schema\/person\/7b1480b5caeb5acdd4ec6379caf62b22"},"headline":"Medalla de bronze per a les alevins del CG Calpe","datePublished":"2024-11-28T10:00:49+00:00","mainEntityOfPage":{"@id":"https:\/\/radiolitoral.com\/2024\/11\/medalla-de-bronze-per-a-les-alevins-del-cg-calpe\/"},"wordCount":224,"commentCount":0,"publisher":{"@id":"https:\/\/radiolitoral.com\/#organization"},"image":{"@id":"https:\/\/radiolitoral.com\/2024\/11\/medalla-de-bronze-per-a-les-alevins-del-cg-calpe\/#primaryimage"},"thumbnailUrl":"https:\/\/media.radiolitoral.com\/wp-content\/uploads\/2024\/11\/28105833\/Conjunto-Alevin-Absoluto-del-CG-Calpe.jpg","keywords":["Club Gimnasia Calpe","deportes","Montse Soria"],"articleSection":["Deportes"],"inLanguage":"ca","potentialAction":[{"@type":"CommentAction","name":"Comment","target":["https:\/\/radiolitoral.com\/2024\/11\/medalla-de-bronze-per-a-les-alevins-del-cg-calpe\/#respond"]}]},{"@type":["WebPage","ItemPage"],"@id":"https:\/\/radiolitoral.com\/2024\/11\/medalla-de-bronze-per-a-les-alevins-del-cg-calpe\/","url":"https:\/\/radiolitoral.com\/2024\/11\/medalla-de-bronze-per-a-les-alevins-del-cg-calpe\/","name":"Medalla de bronze per als alevins del CG Calp | R\u00e0dio Litoral","isPartOf":{"@id":"https:\/\/radiolitoral.com\/#website"},"primaryImageOfPage":{"@id":"https:\/\/radiolitoral.com\/2024\/11\/medalla-de-bronze-per-a-les-alevins-del-cg-calpe\/#primaryimage"},"image":{"@id":"https:\/\/radiolitoral.com\/2024\/11\/medalla-de-bronze-per-a-les-alevins-del-cg-calpe\/#primaryimage"},"thumbnailUrl":"https:\/\/media.radiolitoral.com\/wp-content\/uploads\/2024\/11\/28105833\/Conjunto-Alevin-Absoluto-del-CG-Calpe.jpg","datePublished":"2024-11-28T10:00:49+00:00","description":"Les calpines van licitar al podi de Saragossa a la Copa d&#039;Espanya de Conjunts Absoluts","breadcrumb":{"@id":"https:\/\/radiolitoral.com\/2024\/11\/medalla-de-bronze-per-a-les-alevins-del-cg-calpe\/#breadcrumb"},"inLanguage":"ca","potentialAction":[{"@type":"ReadAction","target":["https:\/\/radiolitoral.com\/2024\/11\/medalla-de-bronze-per-a-les-alevins-del-cg-calpe\/"]}]},{"@type":"ImageObject","inLanguage":"ca","@id":"https:\/\/radiolitoral.com\/2024\/11\/medalla-de-bronze-per-a-les-alevins-del-cg-calpe\/#primaryimage","url":"https:\/\/media.radiolitoral.com\/wp-content\/uploads\/2024\/11\/28105833\/Conjunto-Alevin-Absoluto-del-CG-Calpe.jpg","contentUrl":"https:\/\/media.radiolitoral.com\/wp-content\/uploads\/2024\/11\/28105833\/Conjunto-Alevin-Absoluto-del-CG-Calpe.jpg","width":1024,"height":768},{"@type":"BreadcrumbList","@id":"https:\/\/radiolitoral.com\/2024\/11\/medalla-de-bronze-per-a-les-alevins-del-cg-calpe\/#breadcrumb","itemListElement":[{"@type":"ListItem","position":1,"name":"Portada","item":"https:\/\/radiolitoral.com\/"},{"@type":"ListItem","position":2,"name":"Medalla de bronze per a les alevins del CG Calpe"}]},{"@type":"WebSite","@id":"https:\/\/radiolitoral.com\/#website","url":"https:\/\/radiolitoral.com\/","name":"R\u00e0dio Litoral","description":"La r\u00e0dio local de la Marina Alta","publisher":{"@id":"https:\/\/radiolitoral.com\/#organization"},"alternateName":"Litoral FM","potentialAction":[{"@type":"SearchAction","target":{"@type":"EntryPoint","urlTemplate":"https:\/\/radiolitoral.com\/?s={search_term_string}"},"query-input":{"@type":"PropertyValueSpecification","valueRequired":true,"valueName":"search_term_string"}}],"inLanguage":"ca"},{"@type":"Organization","@id":"https:\/\/radiolitoral.com\/#organization","name":"R\u00e0dio Litoral","url":"https:\/\/radiolitoral.com\/","logo":{"@type":"ImageObject","inLanguage":"ca","@id":"https:\/\/radiolitoral.com\/#\/schema\/logo\/image\/","url":"https:\/\/media.radiolitoral.com\/wp-content\/uploads\/2023\/02\/24143238\/CL-V-RadioLitoral696.png","contentUrl":"https:\/\/media.radiolitoral.com\/wp-content\/uploads\/2023\/02\/24143238\/CL-V-RadioLitoral696.png","width":696,"height":696,"caption":"Radio Litoral"},"image":{"@id":"https:\/\/radiolitoral.com\/#\/schema\/logo\/image\/"},"sameAs":["https:\/\/www.facebook.com\/Laradiolitoral\/"]},{"@type":"Person","@id":"https:\/\/radiolitoral.com\/#\/schema\/person\/7b1480b5caeb5acdd4ec6379caf62b22","name":"Javier Zamora","image":{"@type":"ImageObject","inLanguage":"ca","@id":"https:\/\/secure.gravatar.com\/avatar\/467a11f6918c7d619c4043fc6fa2d3853053107973f05b6e9c04ea6c4e3a7b3f?s=96&d=mm&r=g","url":"https:\/\/secure.gravatar.com\/avatar\/467a11f6918c7d619c4043fc6fa2d3853053107973f05b6e9c04ea6c4e3a7b3f?s=96&d=mm&r=g","contentUrl":"https:\/\/secure.gravatar.com\/avatar\/467a11f6918c7d619c4043fc6fa2d3853053107973f05b6e9c04ea6c4e3a7b3f?s=96&d=mm&r=g","caption":"Javier Zamora"},"url":"https:\/\/radiolitoral.com\/ca\/author\/javier-zamora\/"}]}},"_links":{"self":[{"href":"https:\/\/radiolitoral.com\/ca\/wp-json\/wp\/v2\/posts\/13387","targetHints":{"allow":["GET"]}}],"collection":[{"href":"https:\/\/radiolitoral.com\/ca\/wp-json\/wp\/v2\/posts"}],"about":[{"href":"https:\/\/radiolitoral.com\/ca\/wp-json\/wp\/v2\/types\/post"}],"author":[{"embeddable":true,"href":"https:\/\/radiolitoral.com\/ca\/wp-json\/wp\/v2\/users\/12"}],"replies":[{"embeddable":true,"href":"https:\/\/radiolitoral.com\/ca\/wp-json\/wp\/v2\/comments?post=13387"}],"version-history":[{"count":1,"href":"https:\/\/radiolitoral.com\/ca\/wp-json\/wp\/v2\/posts\/13387\/revisions"}],"predecessor-version":[{"id":13390,"href":"https:\/\/radiolitoral.com\/ca\/wp-json\/wp\/v2\/posts\/13387\/revisions\/13390"}],"wp:featuredmedia":[{"embeddable":true,"href":"https:\/\/radiolitoral.com\/ca\/wp-json\/wp\/v2\/media\/13388"}],"wp:attachment":[{"href":"https:\/\/radiolitoral.com\/ca\/wp-json\/wp\/v2\/media?parent=13387"}],"wp:term":[{"taxonomy":"category","embeddable":true,"href":"https:\/\/radiolitoral.com\/ca\/wp-json\/wp\/v2\/categories?post=13387"},{"taxonomy":"post_tag","embeddable":true,"href":"https:\/\/radiolitoral.com\/ca\/wp-json\/wp\/v2\/tags?post=13387"}],"curies":[{"name":"wp","href":"https:\/\/api.w.org\/{rel}","templated":true}]}}