{"id":13347,"date":"2024-11-26T17:45:10","date_gmt":"2024-11-26T16:45:10","guid":{"rendered":"https:\/\/radiolitoral.com\/?p=13347"},"modified":"2024-11-26T17:45:10","modified_gmt":"2024-11-26T16:45:10","slug":"benitatxell-presenta-una-campanya-voluntaria-per-participar-a-les-excavacions-de-la-cova-dels-bruixes","status":"publish","type":"post","link":"https:\/\/radiolitoral.com\/ca\/2024\/11\/benitatxell-presenta-una-campanya-voluntaria-per-a-participar-en-les-excavacions-de-la-cova-dels-bruixes\/","title":{"rendered":"Benitatxell presenta una campanya volunt\u00e0ria per participar a les excavacions de la Cova dels Bruixes"},"content":{"rendered":"<p>La <strong>Cova dels Bruixes<\/strong> \u00e9s una de les joies arquitect\u00f2niques de la Marina Alta i un punt obligatori de visita si et deixes caure pel <strong>Poble Nou de Benitatxell<\/strong>. A m\u00e9s, amb l&#039;al\u00b7licient de poder participar en una<strong> campanya de prospeccions com a voluntari<\/strong>.<\/p>\n<p>Aquesta \u00e9s la proposta que l&#039;equip de l&#039;Institut Universitari d&#039;Investigaci\u00f3 en Arqueologia i Patrimoni Hist\u00f2ric (INAPH) de la Universitat d&#039;Alacant, dirigit per la catedr\u00e0tica Feli Sala, iniciar\u00e0 aquest divendres al jaciment. L&#039;objectiu \u00e9s involucrar a l&#039;estudiantat interessat en l&#039;arqueologia i oferir l&#039;oportunitat de <strong>veure com s\u00f3n els treballs in situ i participar-hi<\/strong>.<\/p>\n<figure id=\"attachment_52784\" aria-describedby=\"caption-attachment-52784\" style=\"width: 640px\" class=\"wp-caption aligncenter\"><img loading=\"lazy\" decoding=\"async\" class=\"size-large wp-image-52784\" src=\"https:\/\/media.marinaalta.es\/wp-content\/uploads\/2024\/11\/26171128\/cova-de-les-bruixes-Benitatxell-2-1024x684.jpg\" alt=\"\" width=\"640\" height=\"428\" \/><figcaption id=\"caption-attachment-52784\" class=\"wp-caption-text\">Cova de les Bruixes | Aj. Poble Nou de Benitatxell<\/figcaption><\/figure>\n<p>La campanya tindr\u00e0 lloc <strong>els divendres i dissabtes a la mat\u00ed<\/strong>, a partir de les 9.00 h, <strong>entre els dies 29 de novembre i 7 de desembre<\/strong>. Amb aquesta campanya es pret\u00e9n obtenir dades per fer una reconstrucci\u00f3 de com era el paisatge antic en \u00e8poca ib\u00e8rica i romana i con\u00e8ixer la funci\u00f3 de la Cova dels Bruixes en aquest paisatge.<\/p>\n<p>Els requisits per participar al voluntariat s\u00f3n tindre 16 anys o m\u00e9s i portar bon cal\u00e7at per caminar, aigua, esmorzar i gorra per al sol. Les compet\u00e8ncies que adquiriran els voluntaris i volunt\u00e0ries comprendran des de prendre consci\u00e8ncia sobre la import\u00e0ncia de les pr\u00e0ctiques arqueol\u00f2giques i seguir una metodologia cient\u00edfica fins a aprendre a recon\u00e8ixer evid\u00e8ncies arqueol\u00f2giques al terreny prospectat, geoposicionar les troballes arqueol\u00f2giques mitjan\u00e7ant aparells GPS, anotar les troballes en un quadern de camp o valorar el patrimoni arqueol\u00f2gic com a b\u00e9 com\u00fa i p\u00fablic, entre altres.<\/p>\n<p>Es poden realitzar els <strong>inscripcions<\/strong> al voluntariat arqueol\u00f2gic al seg\u00fcent enlla\u00e7:<\/p>\n<p><a href=\"https:\/\/www.inscribirme.com\/voluntariatarqueologicprospeccionsaljacimentdelacovadelesbruixes\">https:\/\/www.inscribirme.com\/voluntariatarqueologicprospeccionsaljacimentdelacovadelesbruixes<\/a><\/p>","protected":false},"excerpt":{"rendered":"<p>La Cova dels Bruixes \u00e9s una de les joies arquitect\u00f2niques de la Marina Alta i un punt obligatori de visita si et deixes caure pel Poble Nou de Benitatxell. A m\u00e9s, amb l&#8217;al\u00b7licient de poder participar en una campanya de prospeccions com a voluntari. Esta \u00e9s la proposta que l&#8217;equip de l&#8217;Institut Universitari d&#8217;Investigaci\u00f3 en [&#8230;]<\/p>\n<p><a class=\"btn btn-secondary understrap-read-more-link\" href=\"https:\/\/radiolitoral.com\/ca\/2024\/11\/benitatxell-presenta-una-campanya-voluntaria-per-a-participar-en-les-excavacions-de-la-cova-dels-bruixes\/\">Continua llegint&#8230;<span class=\"screen-reader-text\"> from Benitatxell presenta una campanya volunt\u00e0ria per a participar en les excavacions de la Cova dels Bruixes<\/span><\/a><\/p>\n","protected":false},"author":14,"featured_media":13349,"comment_status":"open","ping_status":"closed","sticky":false,"template":"","format":"standard","meta":{"_acf_changed":false,"inline_featured_image":false,"footnotes":""},"categories":[46],"tags":[185,2854,716,2855],"class_list":["post-13347","post","type-post","status-publish","format-standard","has-post-thumbnail","hentry","category-sociedad","tag-el-poble-nou-de-benitatxell","tag-la-cova-de-bruixes","tag-voluntariado","tag-yacimiento","cobertura-poble-nou-de-benitatxell"],"acf":[],"yoast_head":"<!-- This site is optimized with the Yoast SEO plugin v27.5 - https:\/\/yoast.com\/product\/yoast-seo-wordpress\/ -->\n<title>Benitatxell presenta una campanya volunt\u00e0ria per a participar en les excavacions de la Cova dels Bruixes | R\u00e0dio Litoral<\/title>\n<meta name=\"description\" content=\"Podran participar en una campanya de prospeccions en el propi jaciment\" \/>\n<meta name=\"robots\" content=\"index, follow, max-snippet:-1, max-image-preview:large, max-video-preview:-1\" \/>\n<link rel=\"canonical\" href=\"https:\/\/radiolitoral.com\/ca\/2024\/11\/benitatxell-presenta-una-campanya-voluntaria-per-participar-a-les-excavacions-de-la-cova-dels-bruixes\/\" \/>\n<meta property=\"og:locale\" content=\"ca_ES\" \/>\n<meta property=\"og:type\" content=\"article\" \/>\n<meta property=\"og:title\" content=\"Benitatxell presenta una campanya volunt\u00e0ria per a participar en les excavacions de la Cova dels Bruixes | R\u00e0dio Litoral\" \/>\n<meta property=\"og:description\" content=\"Podran participar en una campanya de prospeccions en el propi jaciment\" \/>\n<meta property=\"og:url\" content=\"https:\/\/radiolitoral.com\/ca\/2024\/11\/benitatxell-presenta-una-campanya-voluntaria-per-participar-a-les-excavacions-de-la-cova-dels-bruixes\/\" \/>\n<meta property=\"og:site_name\" content=\"R\u00e0dio Litoral\" \/>\n<meta property=\"article:publisher\" content=\"https:\/\/www.facebook.com\/Laradiolitoral\/\" \/>\n<meta property=\"article:published_time\" content=\"2024-11-26T16:45:10+00:00\" \/>\n<meta property=\"og:image\" content=\"https:\/\/media.radiolitoral.com\/wp-content\/uploads\/2024\/11\/26173337\/cova-de-les-bruixes-Benitatxell-2-scaled.jpg\" \/>\n\t<meta property=\"og:image:width\" content=\"2560\" \/>\n\t<meta property=\"og:image:height\" content=\"1708\" \/>\n\t<meta property=\"og:image:type\" content=\"image\/jpeg\" \/>\n<meta name=\"author\" content=\"Redacci\u00f3n\" \/>\n<meta name=\"twitter:card\" content=\"summary_large_image\" \/>\n<meta name=\"twitter:label1\" content=\"Escrit per\" \/>\n\t<meta name=\"twitter:data1\" content=\"Redacci\u00f3n\" \/>\n\t<meta name=\"twitter:label2\" content=\"Temps estimat de lectura\" \/>\n\t<meta name=\"twitter:data2\" content=\"2 minuts\" \/>\n<script type=\"application\/ld+json\" class=\"yoast-schema-graph\">{\"@context\":\"https:\\\/\\\/schema.org\",\"@graph\":[{\"@type\":\"NewsArticle\",\"@id\":\"https:\\\/\\\/radiolitoral.com\\\/2024\\\/11\\\/benitatxell-presenta-una-campanya-voluntaria-per-a-participar-en-les-excavacions-de-la-cova-dels-bruixes\\\/#article\",\"isPartOf\":{\"@id\":\"https:\\\/\\\/radiolitoral.com\\\/2024\\\/11\\\/benitatxell-presenta-una-campanya-voluntaria-per-a-participar-en-les-excavacions-de-la-cova-dels-bruixes\\\/\"},\"author\":{\"name\":\"Redacci\u00f3n\",\"@id\":\"https:\\\/\\\/radiolitoral.com\\\/#\\\/schema\\\/person\\\/96b739642eb3bedb532aac3812d23307\"},\"headline\":\"Benitatxell presenta una campanya volunt\u00e0ria per a participar en les excavacions de la Cova dels Bruixes\",\"datePublished\":\"2024-11-26T16:45:10+00:00\",\"mainEntityOfPage\":{\"@id\":\"https:\\\/\\\/radiolitoral.com\\\/2024\\\/11\\\/benitatxell-presenta-una-campanya-voluntaria-per-a-participar-en-les-excavacions-de-la-cova-dels-bruixes\\\/\"},\"wordCount\":335,\"commentCount\":0,\"publisher\":{\"@id\":\"https:\\\/\\\/radiolitoral.com\\\/#organization\"},\"image\":{\"@id\":\"https:\\\/\\\/radiolitoral.com\\\/2024\\\/11\\\/benitatxell-presenta-una-campanya-voluntaria-per-a-participar-en-les-excavacions-de-la-cova-dels-bruixes\\\/#primaryimage\"},\"thumbnailUrl\":\"https:\\\/\\\/media.radiolitoral.com\\\/wp-content\\\/uploads\\\/2024\\\/11\\\/26173337\\\/cova-de-les-bruixes-Benitatxell-2-scaled.jpg\",\"keywords\":[\"El Poble Nou de Benitatxell\",\"La Cova de Bruixes\",\"Voluntariado\",\"yacimiento\"],\"articleSection\":[\"Sociedad\"],\"inLanguage\":\"ca\",\"potentialAction\":[{\"@type\":\"CommentAction\",\"name\":\"Comment\",\"target\":[\"https:\\\/\\\/radiolitoral.com\\\/2024\\\/11\\\/benitatxell-presenta-una-campanya-voluntaria-per-a-participar-en-les-excavacions-de-la-cova-dels-bruixes\\\/#respond\"]}]},{\"@type\":[\"WebPage\",\"ItemPage\"],\"@id\":\"https:\\\/\\\/radiolitoral.com\\\/2024\\\/11\\\/benitatxell-presenta-una-campanya-voluntaria-per-a-participar-en-les-excavacions-de-la-cova-dels-bruixes\\\/\",\"url\":\"https:\\\/\\\/radiolitoral.com\\\/2024\\\/11\\\/benitatxell-presenta-una-campanya-voluntaria-per-a-participar-en-les-excavacions-de-la-cova-dels-bruixes\\\/\",\"name\":\"Benitatxell presenta una campanya volunt\u00e0ria per a participar en les excavacions de la Cova dels Bruixes | R\u00e0dio Litoral\",\"isPartOf\":{\"@id\":\"https:\\\/\\\/radiolitoral.com\\\/#website\"},\"primaryImageOfPage\":{\"@id\":\"https:\\\/\\\/radiolitoral.com\\\/2024\\\/11\\\/benitatxell-presenta-una-campanya-voluntaria-per-a-participar-en-les-excavacions-de-la-cova-dels-bruixes\\\/#primaryimage\"},\"image\":{\"@id\":\"https:\\\/\\\/radiolitoral.com\\\/2024\\\/11\\\/benitatxell-presenta-una-campanya-voluntaria-per-a-participar-en-les-excavacions-de-la-cova-dels-bruixes\\\/#primaryimage\"},\"thumbnailUrl\":\"https:\\\/\\\/media.radiolitoral.com\\\/wp-content\\\/uploads\\\/2024\\\/11\\\/26173337\\\/cova-de-les-bruixes-Benitatxell-2-scaled.jpg\",\"datePublished\":\"2024-11-26T16:45:10+00:00\",\"description\":\"Podran participar en una campanya de prospeccions en el propi jaciment\",\"breadcrumb\":{\"@id\":\"https:\\\/\\\/radiolitoral.com\\\/2024\\\/11\\\/benitatxell-presenta-una-campanya-voluntaria-per-a-participar-en-les-excavacions-de-la-cova-dels-bruixes\\\/#breadcrumb\"},\"inLanguage\":\"ca\",\"potentialAction\":[{\"@type\":\"ReadAction\",\"target\":[\"https:\\\/\\\/radiolitoral.com\\\/2024\\\/11\\\/benitatxell-presenta-una-campanya-voluntaria-per-a-participar-en-les-excavacions-de-la-cova-dels-bruixes\\\/\"]}]},{\"@type\":\"ImageObject\",\"inLanguage\":\"ca\",\"@id\":\"https:\\\/\\\/radiolitoral.com\\\/2024\\\/11\\\/benitatxell-presenta-una-campanya-voluntaria-per-a-participar-en-les-excavacions-de-la-cova-dels-bruixes\\\/#primaryimage\",\"url\":\"https:\\\/\\\/media.radiolitoral.com\\\/wp-content\\\/uploads\\\/2024\\\/11\\\/26173337\\\/cova-de-les-bruixes-Benitatxell-2-scaled.jpg\",\"contentUrl\":\"https:\\\/\\\/media.radiolitoral.com\\\/wp-content\\\/uploads\\\/2024\\\/11\\\/26173337\\\/cova-de-les-bruixes-Benitatxell-2-scaled.jpg\",\"width\":2560,\"height\":1708},{\"@type\":\"BreadcrumbList\",\"@id\":\"https:\\\/\\\/radiolitoral.com\\\/2024\\\/11\\\/benitatxell-presenta-una-campanya-voluntaria-per-a-participar-en-les-excavacions-de-la-cova-dels-bruixes\\\/#breadcrumb\",\"itemListElement\":[{\"@type\":\"ListItem\",\"position\":1,\"name\":\"Portada\",\"item\":\"https:\\\/\\\/radiolitoral.com\\\/\"},{\"@type\":\"ListItem\",\"position\":2,\"name\":\"Benitatxell presenta una campanya volunt\u00e0ria per a participar en les excavacions de la Cova dels Bruixes\"}]},{\"@type\":\"WebSite\",\"@id\":\"https:\\\/\\\/radiolitoral.com\\\/#website\",\"url\":\"https:\\\/\\\/radiolitoral.com\\\/\",\"name\":\"Radio Litoral\",\"description\":\"La radio local de la Marina Alta\",\"publisher\":{\"@id\":\"https:\\\/\\\/radiolitoral.com\\\/#organization\"},\"alternateName\":\"Litoral FM\",\"potentialAction\":[{\"@type\":\"SearchAction\",\"target\":{\"@type\":\"EntryPoint\",\"urlTemplate\":\"https:\\\/\\\/radiolitoral.com\\\/?s={search_term_string}\"},\"query-input\":{\"@type\":\"PropertyValueSpecification\",\"valueRequired\":true,\"valueName\":\"search_term_string\"}}],\"inLanguage\":\"ca\"},{\"@type\":\"Organization\",\"@id\":\"https:\\\/\\\/radiolitoral.com\\\/#organization\",\"name\":\"Radio Litoral\",\"url\":\"https:\\\/\\\/radiolitoral.com\\\/\",\"logo\":{\"@type\":\"ImageObject\",\"inLanguage\":\"ca\",\"@id\":\"https:\\\/\\\/radiolitoral.com\\\/#\\\/schema\\\/logo\\\/image\\\/\",\"url\":\"https:\\\/\\\/media.radiolitoral.com\\\/wp-content\\\/uploads\\\/2023\\\/02\\\/24143238\\\/CL-V-RadioLitoral696.png\",\"contentUrl\":\"https:\\\/\\\/media.radiolitoral.com\\\/wp-content\\\/uploads\\\/2023\\\/02\\\/24143238\\\/CL-V-RadioLitoral696.png\",\"width\":696,\"height\":696,\"caption\":\"Radio Litoral\"},\"image\":{\"@id\":\"https:\\\/\\\/radiolitoral.com\\\/#\\\/schema\\\/logo\\\/image\\\/\"},\"sameAs\":[\"https:\\\/\\\/www.facebook.com\\\/Laradiolitoral\\\/\"]},{\"@type\":\"Person\",\"@id\":\"https:\\\/\\\/radiolitoral.com\\\/#\\\/schema\\\/person\\\/96b739642eb3bedb532aac3812d23307\",\"name\":\"Redacci\u00f3n\",\"image\":{\"@type\":\"ImageObject\",\"inLanguage\":\"ca\",\"@id\":\"https:\\\/\\\/secure.gravatar.com\\\/avatar\\\/30cd06129ee90411dd9c7cbdcf17464181d1a3c7b072e92070ea75a25cf0097e?s=96&d=mm&r=g\",\"url\":\"https:\\\/\\\/secure.gravatar.com\\\/avatar\\\/30cd06129ee90411dd9c7cbdcf17464181d1a3c7b072e92070ea75a25cf0097e?s=96&d=mm&r=g\",\"contentUrl\":\"https:\\\/\\\/secure.gravatar.com\\\/avatar\\\/30cd06129ee90411dd9c7cbdcf17464181d1a3c7b072e92070ea75a25cf0097e?s=96&d=mm&r=g\",\"caption\":\"Redacci\u00f3n\"},\"url\":\"https:\\\/\\\/radiolitoral.com\\\/ca\\\/author\\\/kevin-carrio\\\/\"}]}<\/script>\n<!-- \/ Yoast SEO plugin. -->","yoast_head_json":{"title":"Benitatxell presenta una campanya volunt\u00e0ria per participar a les excavacions de la Cova dels Bruixes | R\u00e0dio Litoral","description":"Podran participar en una campanya de prospeccions al propi jaciment","robots":{"index":"index","follow":"follow","max-snippet":"max-snippet:-1","max-image-preview":"max-image-preview:large","max-video-preview":"max-video-preview:-1"},"canonical":"https:\/\/radiolitoral.com\/ca\/2024\/11\/benitatxell-presenta-una-campanya-voluntaria-per-participar-a-les-excavacions-de-la-cova-dels-bruixes\/","og_locale":"ca_ES","og_type":"article","og_title":"Benitatxell presenta una campanya volunt\u00e0ria per a participar en les excavacions de la Cova dels Bruixes | R\u00e0dio Litoral","og_description":"Podran participar en una campanya de prospeccions en el propi jaciment","og_url":"https:\/\/radiolitoral.com\/ca\/2024\/11\/benitatxell-presenta-una-campanya-voluntaria-per-participar-a-les-excavacions-de-la-cova-dels-bruixes\/","og_site_name":"R\u00e0dio Litoral","article_publisher":"https:\/\/www.facebook.com\/Laradiolitoral\/","article_published_time":"2024-11-26T16:45:10+00:00","og_image":[{"width":2560,"height":1708,"url":"https:\/\/media.radiolitoral.com\/wp-content\/uploads\/2024\/11\/26173337\/cova-de-les-bruixes-Benitatxell-2-scaled.jpg","type":"image\/jpeg"}],"author":"Redacci\u00f3n","twitter_card":"summary_large_image","twitter_misc":{"Escrit per":"Redacci\u00f3n","Temps estimat de lectura":"2 minuts"},"schema":{"@context":"https:\/\/schema.org","@graph":[{"@type":"NewsArticle","@id":"https:\/\/radiolitoral.com\/2024\/11\/benitatxell-presenta-una-campanya-voluntaria-per-a-participar-en-les-excavacions-de-la-cova-dels-bruixes\/#article","isPartOf":{"@id":"https:\/\/radiolitoral.com\/2024\/11\/benitatxell-presenta-una-campanya-voluntaria-per-a-participar-en-les-excavacions-de-la-cova-dels-bruixes\/"},"author":{"name":"Redacci\u00f3n","@id":"https:\/\/radiolitoral.com\/#\/schema\/person\/96b739642eb3bedb532aac3812d23307"},"headline":"Benitatxell presenta una campanya volunt\u00e0ria per a participar en les excavacions de la Cova dels Bruixes","datePublished":"2024-11-26T16:45:10+00:00","mainEntityOfPage":{"@id":"https:\/\/radiolitoral.com\/2024\/11\/benitatxell-presenta-una-campanya-voluntaria-per-a-participar-en-les-excavacions-de-la-cova-dels-bruixes\/"},"wordCount":335,"commentCount":0,"publisher":{"@id":"https:\/\/radiolitoral.com\/#organization"},"image":{"@id":"https:\/\/radiolitoral.com\/2024\/11\/benitatxell-presenta-una-campanya-voluntaria-per-a-participar-en-les-excavacions-de-la-cova-dels-bruixes\/#primaryimage"},"thumbnailUrl":"https:\/\/media.radiolitoral.com\/wp-content\/uploads\/2024\/11\/26173337\/cova-de-les-bruixes-Benitatxell-2-scaled.jpg","keywords":["El Poble Nou de Benitatxell","La Cova de Bruixes","Voluntariado","yacimiento"],"articleSection":["Sociedad"],"inLanguage":"ca","potentialAction":[{"@type":"CommentAction","name":"Comment","target":["https:\/\/radiolitoral.com\/2024\/11\/benitatxell-presenta-una-campanya-voluntaria-per-a-participar-en-les-excavacions-de-la-cova-dels-bruixes\/#respond"]}]},{"@type":["WebPage","ItemPage"],"@id":"https:\/\/radiolitoral.com\/2024\/11\/benitatxell-presenta-una-campanya-voluntaria-per-a-participar-en-les-excavacions-de-la-cova-dels-bruixes\/","url":"https:\/\/radiolitoral.com\/2024\/11\/benitatxell-presenta-una-campanya-voluntaria-per-a-participar-en-les-excavacions-de-la-cova-dels-bruixes\/","name":"Benitatxell presenta una campanya volunt\u00e0ria per participar a les excavacions de la Cova dels Bruixes | R\u00e0dio Litoral","isPartOf":{"@id":"https:\/\/radiolitoral.com\/#website"},"primaryImageOfPage":{"@id":"https:\/\/radiolitoral.com\/2024\/11\/benitatxell-presenta-una-campanya-voluntaria-per-a-participar-en-les-excavacions-de-la-cova-dels-bruixes\/#primaryimage"},"image":{"@id":"https:\/\/radiolitoral.com\/2024\/11\/benitatxell-presenta-una-campanya-voluntaria-per-a-participar-en-les-excavacions-de-la-cova-dels-bruixes\/#primaryimage"},"thumbnailUrl":"https:\/\/media.radiolitoral.com\/wp-content\/uploads\/2024\/11\/26173337\/cova-de-les-bruixes-Benitatxell-2-scaled.jpg","datePublished":"2024-11-26T16:45:10+00:00","description":"Podran participar en una campanya de prospeccions al propi jaciment","breadcrumb":{"@id":"https:\/\/radiolitoral.com\/2024\/11\/benitatxell-presenta-una-campanya-voluntaria-per-a-participar-en-les-excavacions-de-la-cova-dels-bruixes\/#breadcrumb"},"inLanguage":"ca","potentialAction":[{"@type":"ReadAction","target":["https:\/\/radiolitoral.com\/2024\/11\/benitatxell-presenta-una-campanya-voluntaria-per-a-participar-en-les-excavacions-de-la-cova-dels-bruixes\/"]}]},{"@type":"ImageObject","inLanguage":"ca","@id":"https:\/\/radiolitoral.com\/2024\/11\/benitatxell-presenta-una-campanya-voluntaria-per-a-participar-en-les-excavacions-de-la-cova-dels-bruixes\/#primaryimage","url":"https:\/\/media.radiolitoral.com\/wp-content\/uploads\/2024\/11\/26173337\/cova-de-les-bruixes-Benitatxell-2-scaled.jpg","contentUrl":"https:\/\/media.radiolitoral.com\/wp-content\/uploads\/2024\/11\/26173337\/cova-de-les-bruixes-Benitatxell-2-scaled.jpg","width":2560,"height":1708},{"@type":"BreadcrumbList","@id":"https:\/\/radiolitoral.com\/2024\/11\/benitatxell-presenta-una-campanya-voluntaria-per-a-participar-en-les-excavacions-de-la-cova-dels-bruixes\/#breadcrumb","itemListElement":[{"@type":"ListItem","position":1,"name":"Portada","item":"https:\/\/radiolitoral.com\/"},{"@type":"ListItem","position":2,"name":"Benitatxell presenta una campanya volunt\u00e0ria per a participar en les excavacions de la Cova dels Bruixes"}]},{"@type":"WebSite","@id":"https:\/\/radiolitoral.com\/#website","url":"https:\/\/radiolitoral.com\/","name":"R\u00e0dio Litoral","description":"La r\u00e0dio local de la Marina Alta","publisher":{"@id":"https:\/\/radiolitoral.com\/#organization"},"alternateName":"Litoral FM","potentialAction":[{"@type":"SearchAction","target":{"@type":"EntryPoint","urlTemplate":"https:\/\/radiolitoral.com\/?s={search_term_string}"},"query-input":{"@type":"PropertyValueSpecification","valueRequired":true,"valueName":"search_term_string"}}],"inLanguage":"ca"},{"@type":"Organization","@id":"https:\/\/radiolitoral.com\/#organization","name":"R\u00e0dio Litoral","url":"https:\/\/radiolitoral.com\/","logo":{"@type":"ImageObject","inLanguage":"ca","@id":"https:\/\/radiolitoral.com\/#\/schema\/logo\/image\/","url":"https:\/\/media.radiolitoral.com\/wp-content\/uploads\/2023\/02\/24143238\/CL-V-RadioLitoral696.png","contentUrl":"https:\/\/media.radiolitoral.com\/wp-content\/uploads\/2023\/02\/24143238\/CL-V-RadioLitoral696.png","width":696,"height":696,"caption":"Radio Litoral"},"image":{"@id":"https:\/\/radiolitoral.com\/#\/schema\/logo\/image\/"},"sameAs":["https:\/\/www.facebook.com\/Laradiolitoral\/"]},{"@type":"Person","@id":"https:\/\/radiolitoral.com\/#\/schema\/person\/96b739642eb3bedb532aac3812d23307","name":"Redacci\u00f3","image":{"@type":"ImageObject","inLanguage":"ca","@id":"https:\/\/secure.gravatar.com\/avatar\/30cd06129ee90411dd9c7cbdcf17464181d1a3c7b072e92070ea75a25cf0097e?s=96&d=mm&r=g","url":"https:\/\/secure.gravatar.com\/avatar\/30cd06129ee90411dd9c7cbdcf17464181d1a3c7b072e92070ea75a25cf0097e?s=96&d=mm&r=g","contentUrl":"https:\/\/secure.gravatar.com\/avatar\/30cd06129ee90411dd9c7cbdcf17464181d1a3c7b072e92070ea75a25cf0097e?s=96&d=mm&r=g","caption":"Redacci\u00f3n"},"url":"https:\/\/radiolitoral.com\/ca\/author\/kevin-carrio\/"}]}},"_links":{"self":[{"href":"https:\/\/radiolitoral.com\/ca\/wp-json\/wp\/v2\/posts\/13347","targetHints":{"allow":["GET"]}}],"collection":[{"href":"https:\/\/radiolitoral.com\/ca\/wp-json\/wp\/v2\/posts"}],"about":[{"href":"https:\/\/radiolitoral.com\/ca\/wp-json\/wp\/v2\/types\/post"}],"author":[{"embeddable":true,"href":"https:\/\/radiolitoral.com\/ca\/wp-json\/wp\/v2\/users\/14"}],"replies":[{"embeddable":true,"href":"https:\/\/radiolitoral.com\/ca\/wp-json\/wp\/v2\/comments?post=13347"}],"version-history":[{"count":1,"href":"https:\/\/radiolitoral.com\/ca\/wp-json\/wp\/v2\/posts\/13347\/revisions"}],"predecessor-version":[{"id":13350,"href":"https:\/\/radiolitoral.com\/ca\/wp-json\/wp\/v2\/posts\/13347\/revisions\/13350"}],"wp:featuredmedia":[{"embeddable":true,"href":"https:\/\/radiolitoral.com\/ca\/wp-json\/wp\/v2\/media\/13349"}],"wp:attachment":[{"href":"https:\/\/radiolitoral.com\/ca\/wp-json\/wp\/v2\/media?parent=13347"}],"wp:term":[{"taxonomy":"category","embeddable":true,"href":"https:\/\/radiolitoral.com\/ca\/wp-json\/wp\/v2\/categories?post=13347"},{"taxonomy":"post_tag","embeddable":true,"href":"https:\/\/radiolitoral.com\/ca\/wp-json\/wp\/v2\/tags?post=13347"}],"curies":[{"name":"wp","href":"https:\/\/api.w.org\/{rel}","templated":true}]}}