{"id":13336,"date":"2024-11-26T12:40:10","date_gmt":"2024-11-26T11:40:10","guid":{"rendered":"https:\/\/radiolitoral.com\/?p=13336"},"modified":"2024-11-26T12:46:03","modified_gmt":"2024-11-26T11:46:03","slug":"destacada-actuacio-del-c-taekwondo-athenea-a-la-lliga-autonomica","status":"publish","type":"post","link":"https:\/\/radiolitoral.com\/ca\/2024\/11\/destacada-actuacio-del-c-taekwondo-athenea-a-la-lliga-autonomica\/","title":{"rendered":"Destacada actuaci\u00f3 del C Taekwondo Athenea a la Lliga Auton\u00f2mica"},"content":{"rendered":"<p data-pm-slice=\"1 1 []\">El passat dissabte es va celebrar a Benic\u00e0ssim el <strong>Campionat de la Lliga Auton\u00f2mica de Taekwondo<\/strong>, aix\u00ed com la I Jornada dels <strong>Jocs Esportius de la Comunitat Valenciana<\/strong>, organitzats per la <strong>Federaci\u00f3 de Taekwondo de la Comunitat Valenciana<\/strong> <strong>(FTCV)<\/strong>. El <strong>Club de Taekwondo Athenea de Calp<\/strong> va presentar un equip de 12 competidors a les categories S\u00e8nior, J\u00fanior, Cadet, Precadet i Benjam\u00ed, dels quals 11 van aconseguir medalla. L&#039;equip suma un total de 4 ors, 6 plats i 1 bronze.<\/p>\n<p>A la Lliga Auton\u00f2mica, Lucas Reig a la categoria S\u00e8nior masculina -68 kg, Cristina Colici a J\u00fanior femenina -63 kg i Dami\u00e1n Mart\u00ednez a J\u00fanior masculina -63 kg van aconseguir medallas d&#039;or. Maria Grishina a S\u00e8nior femenina -67 kg i Joan Figueroa a S\u00e8nior masculina -80 kg obtingueren medallas de PLATA.<\/p>\n<p>A la I Jornada dels Jocs Esportius, Thiago Gonz\u00e1lez a Cadet masculina -45 kg va guanyar l&#039;or, mentre que Lilia Mobtil, Matvii Stakhniuk, Mateu Rodr\u00edguez i Jacob Fern\u00e1ndez van obtenir medallas de plata a les respectives categories. Unai Clemente va sumar una medalla de Bronze a Cadet masculina -45 kg.<\/p>\n<p>Cal destacar l&#039;actuaci\u00f3 de Naid Calatayud, que tot i no obtenir medalla, va realitzar un gran combat, demostrant un gran esperit de lluita i comprom\u00eds amb l&#039;equip. la disciplina i el gran suport de les fam\u00edlies dels competidors, que es desplacen a cada esdeveniment, creant un ambient positiu i d&#039;animaci\u00f3 constant.<\/p>\n<p>A la curta traject\u00f2ria del Club de Taekwondo Athenea, que porta tan sols dues temporades en funcionament, s&#039;han obtingut medallas a cada competici\u00f3 en qu\u00e8 han participat. Aix\u00f2 \u00e9s fruit de la tasca de Nora Ruiz Alc\u00e1zar com a directora, entrenadora i coach principal de l&#039;equip, amb el suport del seu pare, Carlos Ruiz.<\/p>\n<p>Amb el lema \u00abNascuts per lluitar\u00bb, el Club de Taekwondo Athenea imparteix classes a les instal\u00b7lacions municipals de Calp, al pavell\u00f3 d&#039;esports \u00abDiumenge Crespo\u00bb, sent l&#039;\u00fanic club de taekwondo reconegut per la FTCV a la Marina Alta.<\/p>\n<p>&nbsp;<\/p>","protected":false},"excerpt":{"rendered":"<p>El passat dissabte es va celebrar a Benic\u00e0ssim el Campionat de la Lliga Auton\u00f2mica de Taekwondo, aix\u00ed com la I Jornada dels Jocs Esportius de la Comunitat Valenciana, organitzats per la Federaci\u00f3 de Taekwondo de la Comunitat Valenciana (FTCV). El Club de Taekwondo Athenea de Calp va presentar un equip de 12 competidors en les [&#8230;]<\/p>\n<p><a class=\"btn btn-secondary understrap-read-more-link\" href=\"https:\/\/radiolitoral.com\/ca\/2024\/11\/destacada-actuacio-del-c-taekwondo-athenea-a-la-lliga-autonomica\/\">Continua llegint&#8230;<span class=\"screen-reader-text\"> from Destacada actuaci\u00f3 del C Taekwondo Athenea a la Lliga Auton\u00f2mica<\/span><\/a><\/p>\n","protected":false},"author":12,"featured_media":13337,"comment_status":"open","ping_status":"closed","sticky":false,"template":"","format":"standard","meta":{"_acf_changed":false,"inline_featured_image":false,"footnotes":""},"categories":[5],"tags":[2853,2626,2851,6,2625],"class_list":["post-13336","post","type-post","status-publish","format-standard","has-post-thumbnail","hentry","category-deportes","tag-campionat-de-la-lliga-autonomica-de-taekwondo","tag-club-de-taekwondo-athenea-de-calp","tag-club-taewondo-athenea","tag-deportes","tag-federacio-de-taekwondo-de-la-comunitat-valenciana","cobertura-calp"],"acf":[],"yoast_head":"<!-- This site is optimized with the Yoast SEO plugin v27.5 - https:\/\/yoast.com\/product\/yoast-seo-wordpress\/ -->\n<title>Destacada actuaci\u00f3 del C Taekwondo Athenea a la Lliga Auton\u00f2mica | R\u00e0dio Litoral<\/title>\n<meta name=\"description\" content=\"El club de Calp va conquistar 11 medalles de 12 participants el que va suposar ser un dels millors clubs de la competici\u00f3 El club de Calp va conquistar 11 medalles de 12 participants el que va suposar ser un dels millors clubs de la competici\u00f3\" \/>\n<meta name=\"robots\" content=\"index, follow, max-snippet:-1, max-image-preview:large, max-video-preview:-1\" \/>\n<link rel=\"canonical\" href=\"https:\/\/radiolitoral.com\/ca\/2024\/11\/destacada-actuacio-del-c-taekwondo-athenea-a-la-lliga-autonomica\/\" \/>\n<meta property=\"og:locale\" content=\"ca_ES\" \/>\n<meta property=\"og:type\" content=\"article\" \/>\n<meta property=\"og:title\" content=\"Destacada actuaci\u00f3 del C Taekwondo Athenea a la Lliga Auton\u00f2mica | R\u00e0dio Litoral\" \/>\n<meta property=\"og:description\" content=\"El club de Calp va conquistar 11 medalles de 12 participants el que va suposar ser un dels millors clubs de la competici\u00f3 El club de Calp va conquistar 11 medalles de 12 participants el que va suposar ser un dels millors clubs de la competici\u00f3\" \/>\n<meta property=\"og:url\" content=\"https:\/\/radiolitoral.com\/ca\/2024\/11\/destacada-actuacio-del-c-taekwondo-athenea-a-la-lliga-autonomica\/\" \/>\n<meta property=\"og:site_name\" content=\"R\u00e0dio Litoral\" \/>\n<meta property=\"article:publisher\" content=\"https:\/\/www.facebook.com\/Laradiolitoral\/\" \/>\n<meta property=\"article:published_time\" content=\"2024-11-26T11:40:10+00:00\" \/>\n<meta property=\"article:modified_time\" content=\"2024-11-26T11:46:03+00:00\" \/>\n<meta property=\"og:image\" content=\"https:\/\/media.radiolitoral.com\/wp-content\/uploads\/2024\/11\/26124002\/Equipo-competicion-y-coaches-1.jpg\" \/>\n\t<meta property=\"og:image:width\" content=\"1024\" \/>\n\t<meta property=\"og:image:height\" content=\"620\" \/>\n\t<meta property=\"og:image:type\" content=\"image\/jpeg\" \/>\n<meta name=\"author\" content=\"Javier Zamora\" \/>\n<meta name=\"twitter:card\" content=\"summary_large_image\" \/>\n<meta name=\"twitter:label1\" content=\"Escrit per\" \/>\n\t<meta name=\"twitter:data1\" content=\"Javier Zamora\" \/>\n\t<meta name=\"twitter:label2\" content=\"Temps estimat de lectura\" \/>\n\t<meta name=\"twitter:data2\" content=\"2 minuts\" \/>\n<script type=\"application\/ld+json\" class=\"yoast-schema-graph\">{\"@context\":\"https:\\\/\\\/schema.org\",\"@graph\":[{\"@type\":\"NewsArticle\",\"@id\":\"https:\\\/\\\/radiolitoral.com\\\/2024\\\/11\\\/destacada-actuacio-del-c-taekwondo-athenea-a-la-lliga-autonomica\\\/#article\",\"isPartOf\":{\"@id\":\"https:\\\/\\\/radiolitoral.com\\\/2024\\\/11\\\/destacada-actuacio-del-c-taekwondo-athenea-a-la-lliga-autonomica\\\/\"},\"author\":{\"name\":\"Javier Zamora\",\"@id\":\"https:\\\/\\\/radiolitoral.com\\\/#\\\/schema\\\/person\\\/7b1480b5caeb5acdd4ec6379caf62b22\"},\"headline\":\"Destacada actuaci\u00f3 del C Taekwondo Athenea a la Lliga Auton\u00f2mica\",\"datePublished\":\"2024-11-26T11:40:10+00:00\",\"dateModified\":\"2024-11-26T11:46:03+00:00\",\"mainEntityOfPage\":{\"@id\":\"https:\\\/\\\/radiolitoral.com\\\/2024\\\/11\\\/destacada-actuacio-del-c-taekwondo-athenea-a-la-lliga-autonomica\\\/\"},\"wordCount\":381,\"commentCount\":0,\"publisher\":{\"@id\":\"https:\\\/\\\/radiolitoral.com\\\/#organization\"},\"image\":{\"@id\":\"https:\\\/\\\/radiolitoral.com\\\/2024\\\/11\\\/destacada-actuacio-del-c-taekwondo-athenea-a-la-lliga-autonomica\\\/#primaryimage\"},\"thumbnailUrl\":\"https:\\\/\\\/media.radiolitoral.com\\\/wp-content\\\/uploads\\\/2024\\\/11\\\/26124002\\\/Equipo-competicion-y-coaches-1.jpg\",\"keywords\":[\"Campionat de la Lliga Auton\u00f2mica de Taekwondo\",\"Club de Taekwondo Athenea de Calp\",\"Club Taewondo Athenea\",\"deportes\",\"Federaci\u00f3 de Taekwondo de la Comunitat Valenciana\"],\"articleSection\":[\"Deportes\"],\"inLanguage\":\"ca\",\"potentialAction\":[{\"@type\":\"CommentAction\",\"name\":\"Comment\",\"target\":[\"https:\\\/\\\/radiolitoral.com\\\/2024\\\/11\\\/destacada-actuacio-del-c-taekwondo-athenea-a-la-lliga-autonomica\\\/#respond\"]}]},{\"@type\":[\"WebPage\",\"ItemPage\"],\"@id\":\"https:\\\/\\\/radiolitoral.com\\\/2024\\\/11\\\/destacada-actuacio-del-c-taekwondo-athenea-a-la-lliga-autonomica\\\/\",\"url\":\"https:\\\/\\\/radiolitoral.com\\\/2024\\\/11\\\/destacada-actuacio-del-c-taekwondo-athenea-a-la-lliga-autonomica\\\/\",\"name\":\"Destacada actuaci\u00f3 del C Taekwondo Athenea a la Lliga Auton\u00f2mica | R\u00e0dio Litoral\",\"isPartOf\":{\"@id\":\"https:\\\/\\\/radiolitoral.com\\\/#website\"},\"primaryImageOfPage\":{\"@id\":\"https:\\\/\\\/radiolitoral.com\\\/2024\\\/11\\\/destacada-actuacio-del-c-taekwondo-athenea-a-la-lliga-autonomica\\\/#primaryimage\"},\"image\":{\"@id\":\"https:\\\/\\\/radiolitoral.com\\\/2024\\\/11\\\/destacada-actuacio-del-c-taekwondo-athenea-a-la-lliga-autonomica\\\/#primaryimage\"},\"thumbnailUrl\":\"https:\\\/\\\/media.radiolitoral.com\\\/wp-content\\\/uploads\\\/2024\\\/11\\\/26124002\\\/Equipo-competicion-y-coaches-1.jpg\",\"datePublished\":\"2024-11-26T11:40:10+00:00\",\"dateModified\":\"2024-11-26T11:46:03+00:00\",\"description\":\"El club de Calp va conquistar 11 medalles de 12 participants el que va suposar ser un dels millors clubs de la competici\u00f3 El club de Calp va conquistar 11 medalles de 12 participants el que va suposar ser un dels millors clubs de la competici\u00f3\",\"breadcrumb\":{\"@id\":\"https:\\\/\\\/radiolitoral.com\\\/2024\\\/11\\\/destacada-actuacio-del-c-taekwondo-athenea-a-la-lliga-autonomica\\\/#breadcrumb\"},\"inLanguage\":\"ca\",\"potentialAction\":[{\"@type\":\"ReadAction\",\"target\":[\"https:\\\/\\\/radiolitoral.com\\\/2024\\\/11\\\/destacada-actuacio-del-c-taekwondo-athenea-a-la-lliga-autonomica\\\/\"]}]},{\"@type\":\"ImageObject\",\"inLanguage\":\"ca\",\"@id\":\"https:\\\/\\\/radiolitoral.com\\\/2024\\\/11\\\/destacada-actuacio-del-c-taekwondo-athenea-a-la-lliga-autonomica\\\/#primaryimage\",\"url\":\"https:\\\/\\\/media.radiolitoral.com\\\/wp-content\\\/uploads\\\/2024\\\/11\\\/26124002\\\/Equipo-competicion-y-coaches-1.jpg\",\"contentUrl\":\"https:\\\/\\\/media.radiolitoral.com\\\/wp-content\\\/uploads\\\/2024\\\/11\\\/26124002\\\/Equipo-competicion-y-coaches-1.jpg\",\"width\":1024,\"height\":620},{\"@type\":\"BreadcrumbList\",\"@id\":\"https:\\\/\\\/radiolitoral.com\\\/2024\\\/11\\\/destacada-actuacio-del-c-taekwondo-athenea-a-la-lliga-autonomica\\\/#breadcrumb\",\"itemListElement\":[{\"@type\":\"ListItem\",\"position\":1,\"name\":\"Portada\",\"item\":\"https:\\\/\\\/radiolitoral.com\\\/\"},{\"@type\":\"ListItem\",\"position\":2,\"name\":\"Destacada actuaci\u00f3 del C Taekwondo Athenea a la Lliga Auton\u00f2mica\"}]},{\"@type\":\"WebSite\",\"@id\":\"https:\\\/\\\/radiolitoral.com\\\/#website\",\"url\":\"https:\\\/\\\/radiolitoral.com\\\/\",\"name\":\"Radio Litoral\",\"description\":\"La radio local de la Marina Alta\",\"publisher\":{\"@id\":\"https:\\\/\\\/radiolitoral.com\\\/#organization\"},\"alternateName\":\"Litoral FM\",\"potentialAction\":[{\"@type\":\"SearchAction\",\"target\":{\"@type\":\"EntryPoint\",\"urlTemplate\":\"https:\\\/\\\/radiolitoral.com\\\/?s={search_term_string}\"},\"query-input\":{\"@type\":\"PropertyValueSpecification\",\"valueRequired\":true,\"valueName\":\"search_term_string\"}}],\"inLanguage\":\"ca\"},{\"@type\":\"Organization\",\"@id\":\"https:\\\/\\\/radiolitoral.com\\\/#organization\",\"name\":\"Radio Litoral\",\"url\":\"https:\\\/\\\/radiolitoral.com\\\/\",\"logo\":{\"@type\":\"ImageObject\",\"inLanguage\":\"ca\",\"@id\":\"https:\\\/\\\/radiolitoral.com\\\/#\\\/schema\\\/logo\\\/image\\\/\",\"url\":\"https:\\\/\\\/media.radiolitoral.com\\\/wp-content\\\/uploads\\\/2023\\\/02\\\/24143238\\\/CL-V-RadioLitoral696.png\",\"contentUrl\":\"https:\\\/\\\/media.radiolitoral.com\\\/wp-content\\\/uploads\\\/2023\\\/02\\\/24143238\\\/CL-V-RadioLitoral696.png\",\"width\":696,\"height\":696,\"caption\":\"Radio Litoral\"},\"image\":{\"@id\":\"https:\\\/\\\/radiolitoral.com\\\/#\\\/schema\\\/logo\\\/image\\\/\"},\"sameAs\":[\"https:\\\/\\\/www.facebook.com\\\/Laradiolitoral\\\/\"]},{\"@type\":\"Person\",\"@id\":\"https:\\\/\\\/radiolitoral.com\\\/#\\\/schema\\\/person\\\/7b1480b5caeb5acdd4ec6379caf62b22\",\"name\":\"Javier Zamora\",\"image\":{\"@type\":\"ImageObject\",\"inLanguage\":\"ca\",\"@id\":\"https:\\\/\\\/secure.gravatar.com\\\/avatar\\\/467a11f6918c7d619c4043fc6fa2d3853053107973f05b6e9c04ea6c4e3a7b3f?s=96&d=mm&r=g\",\"url\":\"https:\\\/\\\/secure.gravatar.com\\\/avatar\\\/467a11f6918c7d619c4043fc6fa2d3853053107973f05b6e9c04ea6c4e3a7b3f?s=96&d=mm&r=g\",\"contentUrl\":\"https:\\\/\\\/secure.gravatar.com\\\/avatar\\\/467a11f6918c7d619c4043fc6fa2d3853053107973f05b6e9c04ea6c4e3a7b3f?s=96&d=mm&r=g\",\"caption\":\"Javier Zamora\"},\"url\":\"https:\\\/\\\/radiolitoral.com\\\/ca\\\/author\\\/javier-zamora\\\/\"}]}<\/script>\n<!-- \/ Yoast SEO plugin. -->","yoast_head_json":{"title":"Destacada actuaci\u00f3 del C Taekwondo Athenea a la Lliga Auton\u00f2mica | R\u00e0dio Litoral","description":"El club de Calp va conquerir 11 medallas de 12 participants el que va suposar ser un dels millors clubs de la competici\u00f3 El club de Calp va conquerir 11 medallas de 12 participants","robots":{"index":"index","follow":"follow","max-snippet":"max-snippet:-1","max-image-preview":"max-image-preview:large","max-video-preview":"max-video-preview:-1"},"canonical":"https:\/\/radiolitoral.com\/ca\/2024\/11\/destacada-actuacio-del-c-taekwondo-athenea-a-la-lliga-autonomica\/","og_locale":"ca_ES","og_type":"article","og_title":"Destacada actuaci\u00f3 del C Taekwondo Athenea a la Lliga Auton\u00f2mica | R\u00e0dio Litoral","og_description":"El club de Calp va conquistar 11 medalles de 12 participants el que va suposar ser un dels millors clubs de la competici\u00f3 El club de Calp va conquistar 11 medalles de 12 participants el que va suposar ser un dels millors clubs de la competici\u00f3","og_url":"https:\/\/radiolitoral.com\/ca\/2024\/11\/destacada-actuacio-del-c-taekwondo-athenea-a-la-lliga-autonomica\/","og_site_name":"R\u00e0dio Litoral","article_publisher":"https:\/\/www.facebook.com\/Laradiolitoral\/","article_published_time":"2024-11-26T11:40:10+00:00","article_modified_time":"2024-11-26T11:46:03+00:00","og_image":[{"width":1024,"height":620,"url":"https:\/\/media.radiolitoral.com\/wp-content\/uploads\/2024\/11\/26124002\/Equipo-competicion-y-coaches-1.jpg","type":"image\/jpeg"}],"author":"Javier Zamora","twitter_card":"summary_large_image","twitter_misc":{"Escrit per":"Javier Zamora","Temps estimat de lectura":"2 minuts"},"schema":{"@context":"https:\/\/schema.org","@graph":[{"@type":"NewsArticle","@id":"https:\/\/radiolitoral.com\/2024\/11\/destacada-actuacio-del-c-taekwondo-athenea-a-la-lliga-autonomica\/#article","isPartOf":{"@id":"https:\/\/radiolitoral.com\/2024\/11\/destacada-actuacio-del-c-taekwondo-athenea-a-la-lliga-autonomica\/"},"author":{"name":"Javier Zamora","@id":"https:\/\/radiolitoral.com\/#\/schema\/person\/7b1480b5caeb5acdd4ec6379caf62b22"},"headline":"Destacada actuaci\u00f3 del C Taekwondo Athenea a la Lliga Auton\u00f2mica","datePublished":"2024-11-26T11:40:10+00:00","dateModified":"2024-11-26T11:46:03+00:00","mainEntityOfPage":{"@id":"https:\/\/radiolitoral.com\/2024\/11\/destacada-actuacio-del-c-taekwondo-athenea-a-la-lliga-autonomica\/"},"wordCount":381,"commentCount":0,"publisher":{"@id":"https:\/\/radiolitoral.com\/#organization"},"image":{"@id":"https:\/\/radiolitoral.com\/2024\/11\/destacada-actuacio-del-c-taekwondo-athenea-a-la-lliga-autonomica\/#primaryimage"},"thumbnailUrl":"https:\/\/media.radiolitoral.com\/wp-content\/uploads\/2024\/11\/26124002\/Equipo-competicion-y-coaches-1.jpg","keywords":["Campionat de la Lliga Auton\u00f2mica de Taekwondo","Club de Taekwondo Athenea de Calp","Club Taewondo Athenea","deportes","Federaci\u00f3 de Taekwondo de la Comunitat Valenciana"],"articleSection":["Deportes"],"inLanguage":"ca","potentialAction":[{"@type":"CommentAction","name":"Comment","target":["https:\/\/radiolitoral.com\/2024\/11\/destacada-actuacio-del-c-taekwondo-athenea-a-la-lliga-autonomica\/#respond"]}]},{"@type":["WebPage","ItemPage"],"@id":"https:\/\/radiolitoral.com\/2024\/11\/destacada-actuacio-del-c-taekwondo-athenea-a-la-lliga-autonomica\/","url":"https:\/\/radiolitoral.com\/2024\/11\/destacada-actuacio-del-c-taekwondo-athenea-a-la-lliga-autonomica\/","name":"Destacada actuaci\u00f3 del C Taekwondo Athenea a la Lliga Auton\u00f2mica | R\u00e0dio Litoral","isPartOf":{"@id":"https:\/\/radiolitoral.com\/#website"},"primaryImageOfPage":{"@id":"https:\/\/radiolitoral.com\/2024\/11\/destacada-actuacio-del-c-taekwondo-athenea-a-la-lliga-autonomica\/#primaryimage"},"image":{"@id":"https:\/\/radiolitoral.com\/2024\/11\/destacada-actuacio-del-c-taekwondo-athenea-a-la-lliga-autonomica\/#primaryimage"},"thumbnailUrl":"https:\/\/media.radiolitoral.com\/wp-content\/uploads\/2024\/11\/26124002\/Equipo-competicion-y-coaches-1.jpg","datePublished":"2024-11-26T11:40:10+00:00","dateModified":"2024-11-26T11:46:03+00:00","description":"El club de Calp va conquerir 11 medallas de 12 participants el que va suposar ser un dels millors clubs de la competici\u00f3 El club de Calp va conquerir 11 medallas de 12 participants","breadcrumb":{"@id":"https:\/\/radiolitoral.com\/2024\/11\/destacada-actuacio-del-c-taekwondo-athenea-a-la-lliga-autonomica\/#breadcrumb"},"inLanguage":"ca","potentialAction":[{"@type":"ReadAction","target":["https:\/\/radiolitoral.com\/2024\/11\/destacada-actuacio-del-c-taekwondo-athenea-a-la-lliga-autonomica\/"]}]},{"@type":"ImageObject","inLanguage":"ca","@id":"https:\/\/radiolitoral.com\/2024\/11\/destacada-actuacio-del-c-taekwondo-athenea-a-la-lliga-autonomica\/#primaryimage","url":"https:\/\/media.radiolitoral.com\/wp-content\/uploads\/2024\/11\/26124002\/Equipo-competicion-y-coaches-1.jpg","contentUrl":"https:\/\/media.radiolitoral.com\/wp-content\/uploads\/2024\/11\/26124002\/Equipo-competicion-y-coaches-1.jpg","width":1024,"height":620},{"@type":"BreadcrumbList","@id":"https:\/\/radiolitoral.com\/2024\/11\/destacada-actuacio-del-c-taekwondo-athenea-a-la-lliga-autonomica\/#breadcrumb","itemListElement":[{"@type":"ListItem","position":1,"name":"Portada","item":"https:\/\/radiolitoral.com\/"},{"@type":"ListItem","position":2,"name":"Destacada actuaci\u00f3 del C Taekwondo Athenea a la Lliga Auton\u00f2mica"}]},{"@type":"WebSite","@id":"https:\/\/radiolitoral.com\/#website","url":"https:\/\/radiolitoral.com\/","name":"R\u00e0dio Litoral","description":"La r\u00e0dio local de la Marina Alta","publisher":{"@id":"https:\/\/radiolitoral.com\/#organization"},"alternateName":"Litoral FM","potentialAction":[{"@type":"SearchAction","target":{"@type":"EntryPoint","urlTemplate":"https:\/\/radiolitoral.com\/?s={search_term_string}"},"query-input":{"@type":"PropertyValueSpecification","valueRequired":true,"valueName":"search_term_string"}}],"inLanguage":"ca"},{"@type":"Organization","@id":"https:\/\/radiolitoral.com\/#organization","name":"R\u00e0dio Litoral","url":"https:\/\/radiolitoral.com\/","logo":{"@type":"ImageObject","inLanguage":"ca","@id":"https:\/\/radiolitoral.com\/#\/schema\/logo\/image\/","url":"https:\/\/media.radiolitoral.com\/wp-content\/uploads\/2023\/02\/24143238\/CL-V-RadioLitoral696.png","contentUrl":"https:\/\/media.radiolitoral.com\/wp-content\/uploads\/2023\/02\/24143238\/CL-V-RadioLitoral696.png","width":696,"height":696,"caption":"Radio Litoral"},"image":{"@id":"https:\/\/radiolitoral.com\/#\/schema\/logo\/image\/"},"sameAs":["https:\/\/www.facebook.com\/Laradiolitoral\/"]},{"@type":"Person","@id":"https:\/\/radiolitoral.com\/#\/schema\/person\/7b1480b5caeb5acdd4ec6379caf62b22","name":"Javier Zamora","image":{"@type":"ImageObject","inLanguage":"ca","@id":"https:\/\/secure.gravatar.com\/avatar\/467a11f6918c7d619c4043fc6fa2d3853053107973f05b6e9c04ea6c4e3a7b3f?s=96&d=mm&r=g","url":"https:\/\/secure.gravatar.com\/avatar\/467a11f6918c7d619c4043fc6fa2d3853053107973f05b6e9c04ea6c4e3a7b3f?s=96&d=mm&r=g","contentUrl":"https:\/\/secure.gravatar.com\/avatar\/467a11f6918c7d619c4043fc6fa2d3853053107973f05b6e9c04ea6c4e3a7b3f?s=96&d=mm&r=g","caption":"Javier Zamora"},"url":"https:\/\/radiolitoral.com\/ca\/author\/javier-zamora\/"}]}},"_links":{"self":[{"href":"https:\/\/radiolitoral.com\/ca\/wp-json\/wp\/v2\/posts\/13336","targetHints":{"allow":["GET"]}}],"collection":[{"href":"https:\/\/radiolitoral.com\/ca\/wp-json\/wp\/v2\/posts"}],"about":[{"href":"https:\/\/radiolitoral.com\/ca\/wp-json\/wp\/v2\/types\/post"}],"author":[{"embeddable":true,"href":"https:\/\/radiolitoral.com\/ca\/wp-json\/wp\/v2\/users\/12"}],"replies":[{"embeddable":true,"href":"https:\/\/radiolitoral.com\/ca\/wp-json\/wp\/v2\/comments?post=13336"}],"version-history":[{"count":3,"href":"https:\/\/radiolitoral.com\/ca\/wp-json\/wp\/v2\/posts\/13336\/revisions"}],"predecessor-version":[{"id":13342,"href":"https:\/\/radiolitoral.com\/ca\/wp-json\/wp\/v2\/posts\/13336\/revisions\/13342"}],"wp:featuredmedia":[{"embeddable":true,"href":"https:\/\/radiolitoral.com\/ca\/wp-json\/wp\/v2\/media\/13337"}],"wp:attachment":[{"href":"https:\/\/radiolitoral.com\/ca\/wp-json\/wp\/v2\/media?parent=13336"}],"wp:term":[{"taxonomy":"category","embeddable":true,"href":"https:\/\/radiolitoral.com\/ca\/wp-json\/wp\/v2\/categories?post=13336"},{"taxonomy":"post_tag","embeddable":true,"href":"https:\/\/radiolitoral.com\/ca\/wp-json\/wp\/v2\/tags?post=13336"}],"curies":[{"name":"wp","href":"https:\/\/api.w.org\/{rel}","templated":true}]}}