{"id":13327,"date":"2024-11-26T12:23:47","date_gmt":"2024-11-26T11:23:47","guid":{"rendered":"https:\/\/radiolitoral.com\/?p=13327"},"modified":"2024-11-26T12:24:05","modified_gmt":"2024-11-26T11:24:05","slug":"exit-del-cg-els-marines-al-nacional-de-conjunts","status":"publish","type":"post","link":"https:\/\/radiolitoral.com\/ca\/2024\/11\/exit-del-cg-els-marines-en-el-nacional-de-conjunts\/","title":{"rendered":"\u00c8xit del CG Els Marines al Nacional de Conjunts"},"content":{"rendered":"<p>Saragossa va ser seu del <strong>Campionat d&#039;Espanya Base de Conjunts<\/strong>, en el qual va estar representat el\u00a0<strong><span class=\"hiddenSpellError\">CG<\/span>. Les Marines<\/strong> amb seis conjunts, sent el club amb major participaci\u00f3 de tota la Comunitat Valenciana. Les Marines va aconseguir classificar tots ells entre els 30 millors del pa\u00eds, destacant el diploma nacional del conjunt <strong>prebenjam\u00ed<\/strong>, els qui van ser <strong>quints<\/strong> i el conjunt <strong>alev\u00ed<\/strong>, que es proclama <strong>Subcampi\u00f3 d&#039;Espanya<\/strong>.<\/p>\n<p>El primer dels conjunts que va entrar en competici\u00f3 va ser el <strong>benjam\u00ed<\/strong>, les petites van demostrar el seu gran potencial i amplia experi\u00e8ncia al tap\u00eds, assolint ser <strong>14a<\/strong> d&#039;Espanya de 50 conjunts i quedant a menys d&#039;un punt de les medallas.<\/p>\n<p>El conjunt prebenjam\u00ed MI debutaven en competici\u00f3, les xicotets de 7 anys van executar una bona actuaci\u00f3 amb la qual van aconseguir situar-se entre les 20 millors d&#039;Espanya. Despr\u00e9s va arribar el torn per a la categoria prebenjam\u00ed que van executar un exercici perfecte amb el qual es van situar com a cinc classificades. Lloc en qu\u00e8 aguantaran fins a finalitzar la competici\u00f3 i que els proclamava com a cinquens d&#039;Espanya i diploma nacional.<\/p>\n<figure id=\"attachment_13329\" aria-describedby=\"caption-attachment-13329\" style=\"width: 1024px\" class=\"wp-caption alignnone\"><img loading=\"lazy\" decoding=\"async\" class=\"wp-image-13329 size-full\" src=\"https:\/\/media.radiolitoral.com\/wp-content\/uploads\/2024\/11\/26122155\/CG-Les-Marines-8.jpg\" alt=\"\" width=\"1024\" height=\"1365\" srcset=\"https:\/\/media.radiolitoral.com\/wp-content\/uploads\/2024\/11\/26122155\/CG-Les-Marines-8.jpg 1024w, https:\/\/media.radiolitoral.com\/wp-content\/uploads\/2024\/11\/26122155\/CG-Les-Marines-8-225x300.jpg 225w, https:\/\/media.radiolitoral.com\/wp-content\/uploads\/2024\/11\/26122155\/CG-Les-Marines-8-768x1024.jpg 768w, https:\/\/media.radiolitoral.com\/wp-content\/uploads\/2024\/11\/26122155\/CG-Les-Marines-8-9x12.jpg 9w, https:\/\/media.radiolitoral.com\/wp-content\/uploads\/2024\/11\/26122155\/CG-Les-Marines-8-750x1000.jpg 750w, https:\/\/media.radiolitoral.com\/wp-content\/uploads\/2024\/11\/26122155\/CG-Les-Marines-8-75x100.jpg 75w, https:\/\/media.radiolitoral.com\/wp-content\/uploads\/2024\/11\/26122155\/CG-Les-Marines-8-150x200.jpg 150w\" sizes=\"auto, (max-width: 1024px) 100vw, 1024px\" \/><figcaption id=\"caption-attachment-13329\" class=\"wp-caption-text\">Conjunts del CG Les Marines |<\/figcaption><\/figure>\n<p>En el segon dia de competici\u00f3 el conjunt infantil van aconseguir ser la quarta millor nota en execuci\u00f3 i finalitzar com a <strong>28a<\/strong> d&#039;Espanya de 114 conjunts.<\/p>\n<p>Al tercer dia, va arribar el plat fort amb la participaci\u00f3 dels conjunts juvenil i alev\u00ed. La formaci\u00f3 <strong>juvenil<\/strong> pisar\u00e0 el tap\u00eds de Saragossa conven\u00e7udes de demostrar tot el seu treball. <strong>29a<\/strong> d&#039;Espanya de 151 conjunts.<\/p>\n<figure id=\"attachment_13330\" aria-describedby=\"caption-attachment-13330\" style=\"width: 1024px\" class=\"wp-caption alignnone\"><img loading=\"lazy\" decoding=\"async\" class=\"wp-image-13330 size-full\" src=\"https:\/\/media.radiolitoral.com\/wp-content\/uploads\/2024\/11\/26122312\/CG-Les-Marines-10.jpg\" alt=\"\" width=\"1024\" height=\"579\" srcset=\"https:\/\/media.radiolitoral.com\/wp-content\/uploads\/2024\/11\/26122312\/CG-Les-Marines-10.jpg 1024w, https:\/\/media.radiolitoral.com\/wp-content\/uploads\/2024\/11\/26122312\/CG-Les-Marines-10-300x170.jpg 300w, https:\/\/media.radiolitoral.com\/wp-content\/uploads\/2024\/11\/26122312\/CG-Les-Marines-10-768x434.jpg 768w, https:\/\/media.radiolitoral.com\/wp-content\/uploads\/2024\/11\/26122312\/CG-Les-Marines-10-18x10.jpg 18w, https:\/\/media.radiolitoral.com\/wp-content\/uploads\/2024\/11\/26122312\/CG-Les-Marines-10-1000x565.jpg 1000w, https:\/\/media.radiolitoral.com\/wp-content\/uploads\/2024\/11\/26122312\/CG-Les-Marines-10-100x57.jpg 100w, https:\/\/media.radiolitoral.com\/wp-content\/uploads\/2024\/11\/26122312\/CG-Les-Marines-10-200x113.jpg 200w\" sizes=\"auto, (max-width: 1024px) 100vw, 1024px\" \/><figcaption id=\"caption-attachment-13330\" class=\"wp-caption-text\">Conjunt Juvenil CG Les Marines |<\/figcaption><\/figure>\n<p>Tancaven la participaci\u00f3 de Les Marines el conjunt alev\u00ed, les joves gimnastes van realitzar el seu exercici de cinc aros, inspirat en Willy Wonka de manera impecable. La seva bona feina els va posicionar com a segon a faltar m\u00e9s de quatre hores de competici\u00f3. Per\u00f2 cap dels 50 conjunts restants va aconseguir superar-los, per la qual cosa es van proclamar Subcampions d&#039;Espanya i van pujar al segon esgla\u00f3 del\u00a0<span class=\"hiddenSpellError\">podi<\/span> nacional a arreplegar la seva medalla i trofeu d&#039;arget.<\/p>","protected":false},"excerpt":{"rendered":"<p>Saragossa va ser seu del Campionat d&#8217;Espanya Base de Conjunts, en el qual va estar representat el\u00a0CG. Les Marines amb sis conjunts, sent el club amb major participaci\u00f3 de tota la Comunitat Valenciana. Les Marines va aconseguir classificar a tots ells entre els 30 millors del pa\u00eds, destacant el diploma nacional del conjunt prebenjam\u00ed, els [&#8230;]<\/p>\n<p><a class=\"btn btn-secondary understrap-read-more-link\" href=\"https:\/\/radiolitoral.com\/ca\/2024\/11\/exit-del-cg-els-marines-en-el-nacional-de-conjunts\/\">Continua llegint&#8230;<span class=\"screen-reader-text\"> from \u00c8xit del CG Els Marines en el Nacional de Conjunts<\/span><\/a><\/p>\n","protected":false},"author":12,"featured_media":13328,"comment_status":"open","ping_status":"closed","sticky":false,"template":"","format":"standard","meta":{"_acf_changed":false,"inline_featured_image":false,"footnotes":""},"categories":[5],"tags":[876,6],"class_list":["post-13327","post","type-post","status-publish","format-standard","has-post-thumbnail","hentry","category-deportes","tag-cg-les-marines","tag-deportes","cobertura-calp"],"acf":[],"yoast_head":"<!-- This site is optimized with the Yoast SEO plugin v27.5 - https:\/\/yoast.com\/product\/yoast-seo-wordpress\/ -->\n<title>\u00c8xit del CG Els Marines en el Nacional de Conjunts | R\u00e0dio Litoral<\/title>\n<meta name=\"description\" content=\"Va aconseguir un subcampionat d&#039;Espanya amb el seu conjunt Alev\u00ed a m\u00e9s de ser el club amb m\u00e9s equips participants Va aconseguir un subcampionat d&#039;Espanya amb el seu conjunt Alev\u00ed a m\u00e9s de ser el club amb m\u00e9s equips participants\" \/>\n<meta name=\"robots\" content=\"index, follow, max-snippet:-1, max-image-preview:large, max-video-preview:-1\" \/>\n<link rel=\"canonical\" href=\"https:\/\/radiolitoral.com\/ca\/2024\/11\/exit-del-cg-els-marines-al-nacional-de-conjunts\/\" \/>\n<meta property=\"og:locale\" content=\"ca_ES\" \/>\n<meta property=\"og:type\" content=\"article\" \/>\n<meta property=\"og:title\" content=\"\u00c8xit del CG Els Marines en el Nacional de Conjunts | R\u00e0dio Litoral\" \/>\n<meta property=\"og:description\" content=\"Va aconseguir un subcampionat d&#039;Espanya amb el seu conjunt Alev\u00ed a m\u00e9s de ser el club amb m\u00e9s equips participants Va aconseguir un subcampionat d&#039;Espanya amb el seu conjunt Alev\u00ed a m\u00e9s de ser el club amb m\u00e9s equips participants\" \/>\n<meta property=\"og:url\" content=\"https:\/\/radiolitoral.com\/ca\/2024\/11\/exit-del-cg-els-marines-al-nacional-de-conjunts\/\" \/>\n<meta property=\"og:site_name\" content=\"R\u00e0dio Litoral\" \/>\n<meta property=\"article:publisher\" content=\"https:\/\/www.facebook.com\/Laradiolitoral\/\" \/>\n<meta property=\"article:published_time\" content=\"2024-11-26T11:23:47+00:00\" \/>\n<meta property=\"article:modified_time\" content=\"2024-11-26T11:24:05+00:00\" \/>\n<meta property=\"og:image\" content=\"https:\/\/media.radiolitoral.com\/wp-content\/uploads\/2024\/11\/26122027\/CG-Les-Marines-Alevin-Medalla.jpg\" \/>\n\t<meta property=\"og:image:width\" content=\"1024\" \/>\n\t<meta property=\"og:image:height\" content=\"684\" \/>\n\t<meta property=\"og:image:type\" content=\"image\/jpeg\" \/>\n<meta name=\"author\" content=\"Javier Zamora\" \/>\n<meta name=\"twitter:card\" content=\"summary_large_image\" \/>\n<meta name=\"twitter:label1\" content=\"Escrit per\" \/>\n\t<meta name=\"twitter:data1\" content=\"Javier Zamora\" \/>\n\t<meta name=\"twitter:label2\" content=\"Temps estimat de lectura\" \/>\n\t<meta name=\"twitter:data2\" content=\"3 minuts\" \/>\n<script type=\"application\/ld+json\" class=\"yoast-schema-graph\">{\"@context\":\"https:\\\/\\\/schema.org\",\"@graph\":[{\"@type\":\"NewsArticle\",\"@id\":\"https:\\\/\\\/radiolitoral.com\\\/2024\\\/11\\\/exit-del-cg-els-marines-en-el-nacional-de-conjunts\\\/#article\",\"isPartOf\":{\"@id\":\"https:\\\/\\\/radiolitoral.com\\\/2024\\\/11\\\/exit-del-cg-els-marines-en-el-nacional-de-conjunts\\\/\"},\"author\":{\"name\":\"Javier Zamora\",\"@id\":\"https:\\\/\\\/radiolitoral.com\\\/#\\\/schema\\\/person\\\/7b1480b5caeb5acdd4ec6379caf62b22\"},\"headline\":\"\u00c8xit del CG Els Marines en el Nacional de Conjunts\",\"datePublished\":\"2024-11-26T11:23:47+00:00\",\"dateModified\":\"2024-11-26T11:24:05+00:00\",\"mainEntityOfPage\":{\"@id\":\"https:\\\/\\\/radiolitoral.com\\\/2024\\\/11\\\/exit-del-cg-els-marines-en-el-nacional-de-conjunts\\\/\"},\"wordCount\":412,\"commentCount\":0,\"publisher\":{\"@id\":\"https:\\\/\\\/radiolitoral.com\\\/#organization\"},\"image\":{\"@id\":\"https:\\\/\\\/radiolitoral.com\\\/2024\\\/11\\\/exit-del-cg-els-marines-en-el-nacional-de-conjunts\\\/#primaryimage\"},\"thumbnailUrl\":\"https:\\\/\\\/media.radiolitoral.com\\\/wp-content\\\/uploads\\\/2024\\\/11\\\/26122027\\\/CG-Les-Marines-Alevin-Medalla.jpg\",\"keywords\":[\"CG Les Marines\",\"deportes\"],\"articleSection\":[\"Deportes\"],\"inLanguage\":\"ca\",\"potentialAction\":[{\"@type\":\"CommentAction\",\"name\":\"Comment\",\"target\":[\"https:\\\/\\\/radiolitoral.com\\\/2024\\\/11\\\/exit-del-cg-els-marines-en-el-nacional-de-conjunts\\\/#respond\"]}]},{\"@type\":[\"WebPage\",\"ItemPage\"],\"@id\":\"https:\\\/\\\/radiolitoral.com\\\/2024\\\/11\\\/exit-del-cg-els-marines-en-el-nacional-de-conjunts\\\/\",\"url\":\"https:\\\/\\\/radiolitoral.com\\\/2024\\\/11\\\/exit-del-cg-els-marines-en-el-nacional-de-conjunts\\\/\",\"name\":\"\u00c8xit del CG Els Marines en el Nacional de Conjunts | R\u00e0dio Litoral\",\"isPartOf\":{\"@id\":\"https:\\\/\\\/radiolitoral.com\\\/#website\"},\"primaryImageOfPage\":{\"@id\":\"https:\\\/\\\/radiolitoral.com\\\/2024\\\/11\\\/exit-del-cg-els-marines-en-el-nacional-de-conjunts\\\/#primaryimage\"},\"image\":{\"@id\":\"https:\\\/\\\/radiolitoral.com\\\/2024\\\/11\\\/exit-del-cg-els-marines-en-el-nacional-de-conjunts\\\/#primaryimage\"},\"thumbnailUrl\":\"https:\\\/\\\/media.radiolitoral.com\\\/wp-content\\\/uploads\\\/2024\\\/11\\\/26122027\\\/CG-Les-Marines-Alevin-Medalla.jpg\",\"datePublished\":\"2024-11-26T11:23:47+00:00\",\"dateModified\":\"2024-11-26T11:24:05+00:00\",\"description\":\"Va aconseguir un subcampionat d'Espanya amb el seu conjunt Alev\u00ed a m\u00e9s de ser el club amb m\u00e9s equips participants Va aconseguir un subcampionat d'Espanya amb el seu conjunt Alev\u00ed a m\u00e9s de ser el club amb m\u00e9s equips participants\",\"breadcrumb\":{\"@id\":\"https:\\\/\\\/radiolitoral.com\\\/2024\\\/11\\\/exit-del-cg-els-marines-en-el-nacional-de-conjunts\\\/#breadcrumb\"},\"inLanguage\":\"ca\",\"potentialAction\":[{\"@type\":\"ReadAction\",\"target\":[\"https:\\\/\\\/radiolitoral.com\\\/2024\\\/11\\\/exit-del-cg-els-marines-en-el-nacional-de-conjunts\\\/\"]}]},{\"@type\":\"ImageObject\",\"inLanguage\":\"ca\",\"@id\":\"https:\\\/\\\/radiolitoral.com\\\/2024\\\/11\\\/exit-del-cg-els-marines-en-el-nacional-de-conjunts\\\/#primaryimage\",\"url\":\"https:\\\/\\\/media.radiolitoral.com\\\/wp-content\\\/uploads\\\/2024\\\/11\\\/26122027\\\/CG-Les-Marines-Alevin-Medalla.jpg\",\"contentUrl\":\"https:\\\/\\\/media.radiolitoral.com\\\/wp-content\\\/uploads\\\/2024\\\/11\\\/26122027\\\/CG-Les-Marines-Alevin-Medalla.jpg\",\"width\":1024,\"height\":684},{\"@type\":\"BreadcrumbList\",\"@id\":\"https:\\\/\\\/radiolitoral.com\\\/2024\\\/11\\\/exit-del-cg-els-marines-en-el-nacional-de-conjunts\\\/#breadcrumb\",\"itemListElement\":[{\"@type\":\"ListItem\",\"position\":1,\"name\":\"Portada\",\"item\":\"https:\\\/\\\/radiolitoral.com\\\/\"},{\"@type\":\"ListItem\",\"position\":2,\"name\":\"\u00c8xit del CG Els Marines en el Nacional de Conjunts\"}]},{\"@type\":\"WebSite\",\"@id\":\"https:\\\/\\\/radiolitoral.com\\\/#website\",\"url\":\"https:\\\/\\\/radiolitoral.com\\\/\",\"name\":\"Radio Litoral\",\"description\":\"La radio local de la Marina Alta\",\"publisher\":{\"@id\":\"https:\\\/\\\/radiolitoral.com\\\/#organization\"},\"alternateName\":\"Litoral FM\",\"potentialAction\":[{\"@type\":\"SearchAction\",\"target\":{\"@type\":\"EntryPoint\",\"urlTemplate\":\"https:\\\/\\\/radiolitoral.com\\\/?s={search_term_string}\"},\"query-input\":{\"@type\":\"PropertyValueSpecification\",\"valueRequired\":true,\"valueName\":\"search_term_string\"}}],\"inLanguage\":\"ca\"},{\"@type\":\"Organization\",\"@id\":\"https:\\\/\\\/radiolitoral.com\\\/#organization\",\"name\":\"Radio Litoral\",\"url\":\"https:\\\/\\\/radiolitoral.com\\\/\",\"logo\":{\"@type\":\"ImageObject\",\"inLanguage\":\"ca\",\"@id\":\"https:\\\/\\\/radiolitoral.com\\\/#\\\/schema\\\/logo\\\/image\\\/\",\"url\":\"https:\\\/\\\/media.radiolitoral.com\\\/wp-content\\\/uploads\\\/2023\\\/02\\\/24143238\\\/CL-V-RadioLitoral696.png\",\"contentUrl\":\"https:\\\/\\\/media.radiolitoral.com\\\/wp-content\\\/uploads\\\/2023\\\/02\\\/24143238\\\/CL-V-RadioLitoral696.png\",\"width\":696,\"height\":696,\"caption\":\"Radio Litoral\"},\"image\":{\"@id\":\"https:\\\/\\\/radiolitoral.com\\\/#\\\/schema\\\/logo\\\/image\\\/\"},\"sameAs\":[\"https:\\\/\\\/www.facebook.com\\\/Laradiolitoral\\\/\"]},{\"@type\":\"Person\",\"@id\":\"https:\\\/\\\/radiolitoral.com\\\/#\\\/schema\\\/person\\\/7b1480b5caeb5acdd4ec6379caf62b22\",\"name\":\"Javier Zamora\",\"image\":{\"@type\":\"ImageObject\",\"inLanguage\":\"ca\",\"@id\":\"https:\\\/\\\/secure.gravatar.com\\\/avatar\\\/467a11f6918c7d619c4043fc6fa2d3853053107973f05b6e9c04ea6c4e3a7b3f?s=96&d=mm&r=g\",\"url\":\"https:\\\/\\\/secure.gravatar.com\\\/avatar\\\/467a11f6918c7d619c4043fc6fa2d3853053107973f05b6e9c04ea6c4e3a7b3f?s=96&d=mm&r=g\",\"contentUrl\":\"https:\\\/\\\/secure.gravatar.com\\\/avatar\\\/467a11f6918c7d619c4043fc6fa2d3853053107973f05b6e9c04ea6c4e3a7b3f?s=96&d=mm&r=g\",\"caption\":\"Javier Zamora\"},\"url\":\"https:\\\/\\\/radiolitoral.com\\\/ca\\\/author\\\/javier-zamora\\\/\"}]}<\/script>\n<!-- \/ Yoast SEO plugin. -->","yoast_head_json":{"title":"\u00c8xit del CG Els Marines al Nacional de Conjunts | R\u00e0dio Litoral","description":"Aconsegu\u00ed un subcampionat d&#039;Espanya amb el seu conjunt Alev\u00ed a m\u00e9s de ser el club amb m\u00e9s equips participants Aconsegu\u00ed un subcampionat d&#039;Espanya amb el seu conjunt Alev\u00ed a m\u00e9s de ser el club amb m\u00e9s equips participants","robots":{"index":"index","follow":"follow","max-snippet":"max-snippet:-1","max-image-preview":"max-image-preview:large","max-video-preview":"max-video-preview:-1"},"canonical":"https:\/\/radiolitoral.com\/ca\/2024\/11\/exit-del-cg-els-marines-al-nacional-de-conjunts\/","og_locale":"ca_ES","og_type":"article","og_title":"\u00c8xit del CG Els Marines en el Nacional de Conjunts | R\u00e0dio Litoral","og_description":"Va aconseguir un subcampionat d'Espanya amb el seu conjunt Alev\u00ed a m\u00e9s de ser el club amb m\u00e9s equips participants Va aconseguir un subcampionat d'Espanya amb el seu conjunt Alev\u00ed a m\u00e9s de ser el club amb m\u00e9s equips participants","og_url":"https:\/\/radiolitoral.com\/ca\/2024\/11\/exit-del-cg-els-marines-al-nacional-de-conjunts\/","og_site_name":"R\u00e0dio Litoral","article_publisher":"https:\/\/www.facebook.com\/Laradiolitoral\/","article_published_time":"2024-11-26T11:23:47+00:00","article_modified_time":"2024-11-26T11:24:05+00:00","og_image":[{"width":1024,"height":684,"url":"https:\/\/media.radiolitoral.com\/wp-content\/uploads\/2024\/11\/26122027\/CG-Les-Marines-Alevin-Medalla.jpg","type":"image\/jpeg"}],"author":"Javier Zamora","twitter_card":"summary_large_image","twitter_misc":{"Escrit per":"Javier Zamora","Temps estimat de lectura":"3 minuts"},"schema":{"@context":"https:\/\/schema.org","@graph":[{"@type":"NewsArticle","@id":"https:\/\/radiolitoral.com\/2024\/11\/exit-del-cg-els-marines-en-el-nacional-de-conjunts\/#article","isPartOf":{"@id":"https:\/\/radiolitoral.com\/2024\/11\/exit-del-cg-els-marines-en-el-nacional-de-conjunts\/"},"author":{"name":"Javier Zamora","@id":"https:\/\/radiolitoral.com\/#\/schema\/person\/7b1480b5caeb5acdd4ec6379caf62b22"},"headline":"\u00c8xit del CG Els Marines en el Nacional de Conjunts","datePublished":"2024-11-26T11:23:47+00:00","dateModified":"2024-11-26T11:24:05+00:00","mainEntityOfPage":{"@id":"https:\/\/radiolitoral.com\/2024\/11\/exit-del-cg-els-marines-en-el-nacional-de-conjunts\/"},"wordCount":412,"commentCount":0,"publisher":{"@id":"https:\/\/radiolitoral.com\/#organization"},"image":{"@id":"https:\/\/radiolitoral.com\/2024\/11\/exit-del-cg-els-marines-en-el-nacional-de-conjunts\/#primaryimage"},"thumbnailUrl":"https:\/\/media.radiolitoral.com\/wp-content\/uploads\/2024\/11\/26122027\/CG-Les-Marines-Alevin-Medalla.jpg","keywords":["CG Les Marines","deportes"],"articleSection":["Deportes"],"inLanguage":"ca","potentialAction":[{"@type":"CommentAction","name":"Comment","target":["https:\/\/radiolitoral.com\/2024\/11\/exit-del-cg-els-marines-en-el-nacional-de-conjunts\/#respond"]}]},{"@type":["WebPage","ItemPage"],"@id":"https:\/\/radiolitoral.com\/2024\/11\/exit-del-cg-els-marines-en-el-nacional-de-conjunts\/","url":"https:\/\/radiolitoral.com\/2024\/11\/exit-del-cg-els-marines-en-el-nacional-de-conjunts\/","name":"\u00c8xit del CG Els Marines al Nacional de Conjunts | R\u00e0dio Litoral","isPartOf":{"@id":"https:\/\/radiolitoral.com\/#website"},"primaryImageOfPage":{"@id":"https:\/\/radiolitoral.com\/2024\/11\/exit-del-cg-els-marines-en-el-nacional-de-conjunts\/#primaryimage"},"image":{"@id":"https:\/\/radiolitoral.com\/2024\/11\/exit-del-cg-els-marines-en-el-nacional-de-conjunts\/#primaryimage"},"thumbnailUrl":"https:\/\/media.radiolitoral.com\/wp-content\/uploads\/2024\/11\/26122027\/CG-Les-Marines-Alevin-Medalla.jpg","datePublished":"2024-11-26T11:23:47+00:00","dateModified":"2024-11-26T11:24:05+00:00","description":"Aconsegu\u00ed un subcampionat d&#039;Espanya amb el seu conjunt Alev\u00ed a m\u00e9s de ser el club amb m\u00e9s equips participants Aconsegu\u00ed un subcampionat d&#039;Espanya amb el seu conjunt Alev\u00ed a m\u00e9s de ser el club amb m\u00e9s equips participants","breadcrumb":{"@id":"https:\/\/radiolitoral.com\/2024\/11\/exit-del-cg-els-marines-en-el-nacional-de-conjunts\/#breadcrumb"},"inLanguage":"ca","potentialAction":[{"@type":"ReadAction","target":["https:\/\/radiolitoral.com\/2024\/11\/exit-del-cg-els-marines-en-el-nacional-de-conjunts\/"]}]},{"@type":"ImageObject","inLanguage":"ca","@id":"https:\/\/radiolitoral.com\/2024\/11\/exit-del-cg-els-marines-en-el-nacional-de-conjunts\/#primaryimage","url":"https:\/\/media.radiolitoral.com\/wp-content\/uploads\/2024\/11\/26122027\/CG-Les-Marines-Alevin-Medalla.jpg","contentUrl":"https:\/\/media.radiolitoral.com\/wp-content\/uploads\/2024\/11\/26122027\/CG-Les-Marines-Alevin-Medalla.jpg","width":1024,"height":684},{"@type":"BreadcrumbList","@id":"https:\/\/radiolitoral.com\/2024\/11\/exit-del-cg-els-marines-en-el-nacional-de-conjunts\/#breadcrumb","itemListElement":[{"@type":"ListItem","position":1,"name":"Portada","item":"https:\/\/radiolitoral.com\/"},{"@type":"ListItem","position":2,"name":"\u00c8xit del CG Els Marines en el Nacional de Conjunts"}]},{"@type":"WebSite","@id":"https:\/\/radiolitoral.com\/#website","url":"https:\/\/radiolitoral.com\/","name":"R\u00e0dio Litoral","description":"La r\u00e0dio local de la Marina Alta","publisher":{"@id":"https:\/\/radiolitoral.com\/#organization"},"alternateName":"Litoral FM","potentialAction":[{"@type":"SearchAction","target":{"@type":"EntryPoint","urlTemplate":"https:\/\/radiolitoral.com\/?s={search_term_string}"},"query-input":{"@type":"PropertyValueSpecification","valueRequired":true,"valueName":"search_term_string"}}],"inLanguage":"ca"},{"@type":"Organization","@id":"https:\/\/radiolitoral.com\/#organization","name":"R\u00e0dio Litoral","url":"https:\/\/radiolitoral.com\/","logo":{"@type":"ImageObject","inLanguage":"ca","@id":"https:\/\/radiolitoral.com\/#\/schema\/logo\/image\/","url":"https:\/\/media.radiolitoral.com\/wp-content\/uploads\/2023\/02\/24143238\/CL-V-RadioLitoral696.png","contentUrl":"https:\/\/media.radiolitoral.com\/wp-content\/uploads\/2023\/02\/24143238\/CL-V-RadioLitoral696.png","width":696,"height":696,"caption":"Radio Litoral"},"image":{"@id":"https:\/\/radiolitoral.com\/#\/schema\/logo\/image\/"},"sameAs":["https:\/\/www.facebook.com\/Laradiolitoral\/"]},{"@type":"Person","@id":"https:\/\/radiolitoral.com\/#\/schema\/person\/7b1480b5caeb5acdd4ec6379caf62b22","name":"Javier Zamora","image":{"@type":"ImageObject","inLanguage":"ca","@id":"https:\/\/secure.gravatar.com\/avatar\/467a11f6918c7d619c4043fc6fa2d3853053107973f05b6e9c04ea6c4e3a7b3f?s=96&d=mm&r=g","url":"https:\/\/secure.gravatar.com\/avatar\/467a11f6918c7d619c4043fc6fa2d3853053107973f05b6e9c04ea6c4e3a7b3f?s=96&d=mm&r=g","contentUrl":"https:\/\/secure.gravatar.com\/avatar\/467a11f6918c7d619c4043fc6fa2d3853053107973f05b6e9c04ea6c4e3a7b3f?s=96&d=mm&r=g","caption":"Javier Zamora"},"url":"https:\/\/radiolitoral.com\/ca\/author\/javier-zamora\/"}]}},"_links":{"self":[{"href":"https:\/\/radiolitoral.com\/ca\/wp-json\/wp\/v2\/posts\/13327","targetHints":{"allow":["GET"]}}],"collection":[{"href":"https:\/\/radiolitoral.com\/ca\/wp-json\/wp\/v2\/posts"}],"about":[{"href":"https:\/\/radiolitoral.com\/ca\/wp-json\/wp\/v2\/types\/post"}],"author":[{"embeddable":true,"href":"https:\/\/radiolitoral.com\/ca\/wp-json\/wp\/v2\/users\/12"}],"replies":[{"embeddable":true,"href":"https:\/\/radiolitoral.com\/ca\/wp-json\/wp\/v2\/comments?post=13327"}],"version-history":[{"count":1,"href":"https:\/\/radiolitoral.com\/ca\/wp-json\/wp\/v2\/posts\/13327\/revisions"}],"predecessor-version":[{"id":13331,"href":"https:\/\/radiolitoral.com\/ca\/wp-json\/wp\/v2\/posts\/13327\/revisions\/13331"}],"wp:featuredmedia":[{"embeddable":true,"href":"https:\/\/radiolitoral.com\/ca\/wp-json\/wp\/v2\/media\/13328"}],"wp:attachment":[{"href":"https:\/\/radiolitoral.com\/ca\/wp-json\/wp\/v2\/media?parent=13327"}],"wp:term":[{"taxonomy":"category","embeddable":true,"href":"https:\/\/radiolitoral.com\/ca\/wp-json\/wp\/v2\/categories?post=13327"},{"taxonomy":"post_tag","embeddable":true,"href":"https:\/\/radiolitoral.com\/ca\/wp-json\/wp\/v2\/tags?post=13327"}],"curies":[{"name":"wp","href":"https:\/\/api.w.org\/{rel}","templated":true}]}}