{"id":13308,"date":"2024-11-25T17:10:52","date_gmt":"2024-11-25T16:10:52","guid":{"rendered":"https:\/\/radiolitoral.com\/?p=13308"},"modified":"2024-11-25T17:10:52","modified_gmt":"2024-11-25T16:10:52","slug":"la-marina-alta-commemora-el-dia-internacional-contra-la-violencia-de-genere","status":"publish","type":"post","link":"https:\/\/radiolitoral.com\/ca\/2024\/11\/la-marina-alta-commemora-el-dia-internacional-contra-la-violencia-de-genere\/","title":{"rendered":"La Marina Alta commemora el Dia Internacional contra la Viol\u00e8ncia de G\u00e8nere"},"content":{"rendered":"<p>La comarca de la <strong>Marina Alta<\/strong> s&#039;ha volcat a les<strong> activitats del Dia Internacional per a l&#039;Eliminaci\u00f3 de la Viol\u00e8ncia contra les Dones.<\/strong><\/p>\n<p>Durant la mat\u00ed, municipis com <strong>D\u00e9nia, X\u00e0bia, Ondara o Teulada<\/strong> han protagonitzat emotives <strong>lectures de manifestos institucionals<\/strong>. A m\u00e9s, s&#039;han portat a terme iniciatives com la campanya de vacunaci\u00f3 simb\u00f2lica contra la viol\u00e8ncia de g\u00e8nere per part de <span class=\"hiddenSpellError\">Matria<\/span> Associaci\u00f3 de Dones.<\/p>\n<p>A D\u00e9nia, els alumnes de l&#039;IES Sorts de la Mar van destacar que \u201cl&#039;educaci\u00f3 \u00e9s, una vegada m\u00e9s, la millor eina contra la viol\u00e8ncia de g\u00e8nere\u201d i van fer una crida a no guardar silenci davant d&#039;<span class=\"hiddenSuggestion\">aquesta<\/span> problem\u00e0tica. L&#039;acte va concloure amb l&#039;actuaci\u00f3 de la companyia Capicua.<\/p>\n<p>Foto galeria de Tino Calvo<\/p>\n<div id='gallery-1' class='gallery galleryid-13308 gallery-columns-2 gallery-size-full'><figure class='gallery-item'>\n\t\t\t<div class='gallery-icon landscape'>\n\t\t\t\t<a href='https:\/\/radiolitoral.com\/ca\/denia-25n-nushu-2024-2\/'><img loading=\"lazy\" decoding=\"async\" width=\"2560\" height=\"1707\" src=\"https:\/\/media.radiolitoral.com\/wp-content\/uploads\/2024\/11\/25170518\/Denia-25N-Nushu-2024-2-scaled.jpg\" class=\"attachment-full size-full\" alt=\"\" srcset=\"https:\/\/media.radiolitoral.com\/wp-content\/uploads\/2024\/11\/25170518\/Denia-25N-Nushu-2024-2-scaled.jpg 2560w, https:\/\/media.radiolitoral.com\/wp-content\/uploads\/2024\/11\/25170518\/Denia-25N-Nushu-2024-2-300x200.jpg 300w, https:\/\/media.radiolitoral.com\/wp-content\/uploads\/2024\/11\/25170518\/Denia-25N-Nushu-2024-2-1024x683.jpg 1024w, https:\/\/media.radiolitoral.com\/wp-content\/uploads\/2024\/11\/25170518\/Denia-25N-Nushu-2024-2-768x512.jpg 768w, https:\/\/media.radiolitoral.com\/wp-content\/uploads\/2024\/11\/25170518\/Denia-25N-Nushu-2024-2-1536x1024.jpg 1536w, https:\/\/media.radiolitoral.com\/wp-content\/uploads\/2024\/11\/25170518\/Denia-25N-Nushu-2024-2-2048x1365.jpg 2048w, https:\/\/media.radiolitoral.com\/wp-content\/uploads\/2024\/11\/25170518\/Denia-25N-Nushu-2024-2-18x12.jpg 18w, https:\/\/media.radiolitoral.com\/wp-content\/uploads\/2024\/11\/25170518\/Denia-25N-Nushu-2024-2-1000x667.jpg 1000w, https:\/\/media.radiolitoral.com\/wp-content\/uploads\/2024\/11\/25170518\/Denia-25N-Nushu-2024-2-100x67.jpg 100w, https:\/\/media.radiolitoral.com\/wp-content\/uploads\/2024\/11\/25170518\/Denia-25N-Nushu-2024-2-200x133.jpg 200w\" sizes=\"auto, (max-width: 2560px) 100vw, 2560px\" \/><\/a>\n\t\t\t<\/div><\/figure><figure class='gallery-item'>\n\t\t\t<div class='gallery-icon landscape'>\n\t\t\t\t<a href='https:\/\/radiolitoral.com\/ca\/denia-25n-nushu-2024-17\/'><img loading=\"lazy\" decoding=\"async\" width=\"2560\" height=\"1707\" src=\"https:\/\/media.radiolitoral.com\/wp-content\/uploads\/2024\/11\/25170526\/Denia-25N-Nushu-2024-17-scaled.jpg\" class=\"attachment-full size-full\" alt=\"\" srcset=\"https:\/\/media.radiolitoral.com\/wp-content\/uploads\/2024\/11\/25170526\/Denia-25N-Nushu-2024-17-scaled.jpg 2560w, https:\/\/media.radiolitoral.com\/wp-content\/uploads\/2024\/11\/25170526\/Denia-25N-Nushu-2024-17-300x200.jpg 300w, https:\/\/media.radiolitoral.com\/wp-content\/uploads\/2024\/11\/25170526\/Denia-25N-Nushu-2024-17-1024x683.jpg 1024w, https:\/\/media.radiolitoral.com\/wp-content\/uploads\/2024\/11\/25170526\/Denia-25N-Nushu-2024-17-768x512.jpg 768w, https:\/\/media.radiolitoral.com\/wp-content\/uploads\/2024\/11\/25170526\/Denia-25N-Nushu-2024-17-1536x1024.jpg 1536w, https:\/\/media.radiolitoral.com\/wp-content\/uploads\/2024\/11\/25170526\/Denia-25N-Nushu-2024-17-2048x1365.jpg 2048w, https:\/\/media.radiolitoral.com\/wp-content\/uploads\/2024\/11\/25170526\/Denia-25N-Nushu-2024-17-18x12.jpg 18w, https:\/\/media.radiolitoral.com\/wp-content\/uploads\/2024\/11\/25170526\/Denia-25N-Nushu-2024-17-1000x667.jpg 1000w, https:\/\/media.radiolitoral.com\/wp-content\/uploads\/2024\/11\/25170526\/Denia-25N-Nushu-2024-17-100x67.jpg 100w, https:\/\/media.radiolitoral.com\/wp-content\/uploads\/2024\/11\/25170526\/Denia-25N-Nushu-2024-17-200x133.jpg 200w\" sizes=\"auto, (max-width: 2560px) 100vw, 2560px\" \/><\/a>\n\t\t\t<\/div><\/figure><figure class='gallery-item'>\n\t\t\t<div class='gallery-icon landscape'>\n\t\t\t\t<a href='https:\/\/radiolitoral.com\/ca\/denia-25n-2024-18\/'><img loading=\"lazy\" decoding=\"async\" width=\"2560\" height=\"1707\" src=\"https:\/\/media.radiolitoral.com\/wp-content\/uploads\/2024\/11\/25170550\/Denia-25N-2024-18-scaled.jpg\" class=\"attachment-full size-full\" alt=\"\" srcset=\"https:\/\/media.radiolitoral.com\/wp-content\/uploads\/2024\/11\/25170550\/Denia-25N-2024-18-scaled.jpg 2560w, https:\/\/media.radiolitoral.com\/wp-content\/uploads\/2024\/11\/25170550\/Denia-25N-2024-18-300x200.jpg 300w, https:\/\/media.radiolitoral.com\/wp-content\/uploads\/2024\/11\/25170550\/Denia-25N-2024-18-1024x683.jpg 1024w, https:\/\/media.radiolitoral.com\/wp-content\/uploads\/2024\/11\/25170550\/Denia-25N-2024-18-768x512.jpg 768w, https:\/\/media.radiolitoral.com\/wp-content\/uploads\/2024\/11\/25170550\/Denia-25N-2024-18-1536x1024.jpg 1536w, https:\/\/media.radiolitoral.com\/wp-content\/uploads\/2024\/11\/25170550\/Denia-25N-2024-18-2048x1365.jpg 2048w, https:\/\/media.radiolitoral.com\/wp-content\/uploads\/2024\/11\/25170550\/Denia-25N-2024-18-18x12.jpg 18w, https:\/\/media.radiolitoral.com\/wp-content\/uploads\/2024\/11\/25170550\/Denia-25N-2024-18-1000x667.jpg 1000w, https:\/\/media.radiolitoral.com\/wp-content\/uploads\/2024\/11\/25170550\/Denia-25N-2024-18-100x67.jpg 100w, https:\/\/media.radiolitoral.com\/wp-content\/uploads\/2024\/11\/25170550\/Denia-25N-2024-18-200x133.jpg 200w\" sizes=\"auto, (max-width: 2560px) 100vw, 2560px\" \/><\/a>\n\t\t\t<\/div><\/figure><figure class='gallery-item'>\n\t\t\t<div class='gallery-icon landscape'>\n\t\t\t\t<a href='https:\/\/radiolitoral.com\/ca\/denia-25n-2024-3\/'><img loading=\"lazy\" decoding=\"async\" width=\"2560\" height=\"1707\" src=\"https:\/\/media.radiolitoral.com\/wp-content\/uploads\/2024\/11\/25170542\/Denia-25N-2024-3-scaled.jpg\" class=\"attachment-full size-full\" alt=\"\" srcset=\"https:\/\/media.radiolitoral.com\/wp-content\/uploads\/2024\/11\/25170542\/Denia-25N-2024-3-scaled.jpg 2560w, https:\/\/media.radiolitoral.com\/wp-content\/uploads\/2024\/11\/25170542\/Denia-25N-2024-3-300x200.jpg 300w, https:\/\/media.radiolitoral.com\/wp-content\/uploads\/2024\/11\/25170542\/Denia-25N-2024-3-1024x683.jpg 1024w, https:\/\/media.radiolitoral.com\/wp-content\/uploads\/2024\/11\/25170542\/Denia-25N-2024-3-768x512.jpg 768w, https:\/\/media.radiolitoral.com\/wp-content\/uploads\/2024\/11\/25170542\/Denia-25N-2024-3-1536x1024.jpg 1536w, https:\/\/media.radiolitoral.com\/wp-content\/uploads\/2024\/11\/25170542\/Denia-25N-2024-3-2048x1365.jpg 2048w, https:\/\/media.radiolitoral.com\/wp-content\/uploads\/2024\/11\/25170542\/Denia-25N-2024-3-18x12.jpg 18w, https:\/\/media.radiolitoral.com\/wp-content\/uploads\/2024\/11\/25170542\/Denia-25N-2024-3-1000x667.jpg 1000w, https:\/\/media.radiolitoral.com\/wp-content\/uploads\/2024\/11\/25170542\/Denia-25N-2024-3-100x67.jpg 100w, https:\/\/media.radiolitoral.com\/wp-content\/uploads\/2024\/11\/25170542\/Denia-25N-2024-3-200x133.jpg 200w\" sizes=\"auto, (max-width: 2560px) 100vw, 2560px\" \/><\/a>\n\t\t\t<\/div><\/figure>\n\t\t<\/div>\n\n<p>La tarda continuar\u00e0 amb <strong>marxes reivindicatives i concentracions a Benissa, Pego, Pedreguer i Poble Nou de Benitatxell<\/strong>, entre altres localitats, amb un missatge clar: trencar el pacte de silenci i avan\u00e7ar cap a una societat lliure de viol\u00e8ncia.<\/p>\n<div id='gallery-2' class='gallery galleryid-13308 gallery-columns-2 gallery-size-full'><figure class='gallery-item'>\n\t\t\t<div class='gallery-icon landscape'>\n\t\t\t\t<a href='https:\/\/radiolitoral.com\/ca\/xabia-25n-2024-4\/'><img loading=\"lazy\" decoding=\"async\" width=\"1440\" height=\"1266\" src=\"https:\/\/media.radiolitoral.com\/wp-content\/uploads\/2024\/11\/25170614\/Xabia-25N-2024-4.jpg\" class=\"attachment-full size-full\" alt=\"\" srcset=\"https:\/\/media.radiolitoral.com\/wp-content\/uploads\/2024\/11\/25170614\/Xabia-25N-2024-4.jpg 1440w, https:\/\/media.radiolitoral.com\/wp-content\/uploads\/2024\/11\/25170614\/Xabia-25N-2024-4-300x264.jpg 300w, https:\/\/media.radiolitoral.com\/wp-content\/uploads\/2024\/11\/25170614\/Xabia-25N-2024-4-1024x900.jpg 1024w, https:\/\/media.radiolitoral.com\/wp-content\/uploads\/2024\/11\/25170614\/Xabia-25N-2024-4-768x675.jpg 768w, https:\/\/media.radiolitoral.com\/wp-content\/uploads\/2024\/11\/25170614\/Xabia-25N-2024-4-14x12.jpg 14w, https:\/\/media.radiolitoral.com\/wp-content\/uploads\/2024\/11\/25170614\/Xabia-25N-2024-4-1000x879.jpg 1000w, https:\/\/media.radiolitoral.com\/wp-content\/uploads\/2024\/11\/25170614\/Xabia-25N-2024-4-100x88.jpg 100w, https:\/\/media.radiolitoral.com\/wp-content\/uploads\/2024\/11\/25170614\/Xabia-25N-2024-4-200x176.jpg 200w\" sizes=\"auto, (max-width: 1440px) 100vw, 1440px\" \/><\/a>\n\t\t\t<\/div><\/figure><figure class='gallery-item'>\n\t\t\t<div class='gallery-icon landscape'>\n\t\t\t\t<a href='https:\/\/radiolitoral.com\/ca\/benitatxell-25n-2024-4\/'><img loading=\"lazy\" decoding=\"async\" width=\"1600\" height=\"1200\" src=\"https:\/\/media.radiolitoral.com\/wp-content\/uploads\/2024\/11\/25170609\/Benitatxell-25N-2024-4.jpeg\" class=\"attachment-full size-full\" alt=\"\" srcset=\"https:\/\/media.radiolitoral.com\/wp-content\/uploads\/2024\/11\/25170609\/Benitatxell-25N-2024-4.jpeg 1600w, https:\/\/media.radiolitoral.com\/wp-content\/uploads\/2024\/11\/25170609\/Benitatxell-25N-2024-4-300x225.jpeg 300w, https:\/\/media.radiolitoral.com\/wp-content\/uploads\/2024\/11\/25170609\/Benitatxell-25N-2024-4-1024x768.jpeg 1024w, https:\/\/media.radiolitoral.com\/wp-content\/uploads\/2024\/11\/25170609\/Benitatxell-25N-2024-4-768x576.jpeg 768w, https:\/\/media.radiolitoral.com\/wp-content\/uploads\/2024\/11\/25170609\/Benitatxell-25N-2024-4-1536x1152.jpeg 1536w, https:\/\/media.radiolitoral.com\/wp-content\/uploads\/2024\/11\/25170609\/Benitatxell-25N-2024-4-16x12.jpeg 16w, https:\/\/media.radiolitoral.com\/wp-content\/uploads\/2024\/11\/25170609\/Benitatxell-25N-2024-4-1000x750.jpeg 1000w, https:\/\/media.radiolitoral.com\/wp-content\/uploads\/2024\/11\/25170609\/Benitatxell-25N-2024-4-100x75.jpeg 100w, https:\/\/media.radiolitoral.com\/wp-content\/uploads\/2024\/11\/25170609\/Benitatxell-25N-2024-4-200x150.jpeg 200w\" sizes=\"auto, (max-width: 1600px) 100vw, 1600px\" \/><\/a>\n\t\t\t<\/div><\/figure><figure class='gallery-item'>\n\t\t\t<div class='gallery-icon portrait'>\n\t\t\t\t<a href='https:\/\/radiolitoral.com\/ca\/benissa-25n-2024-2\/'><img loading=\"lazy\" decoding=\"async\" width=\"1440\" height=\"1800\" src=\"https:\/\/media.radiolitoral.com\/wp-content\/uploads\/2024\/11\/25170603\/Benissa-25N-2024-2.jpg\" class=\"attachment-full size-full\" alt=\"\" srcset=\"https:\/\/media.radiolitoral.com\/wp-content\/uploads\/2024\/11\/25170603\/Benissa-25N-2024-2.jpg 1440w, https:\/\/media.radiolitoral.com\/wp-content\/uploads\/2024\/11\/25170603\/Benissa-25N-2024-2-240x300.jpg 240w, https:\/\/media.radiolitoral.com\/wp-content\/uploads\/2024\/11\/25170603\/Benissa-25N-2024-2-819x1024.jpg 819w, https:\/\/media.radiolitoral.com\/wp-content\/uploads\/2024\/11\/25170603\/Benissa-25N-2024-2-768x960.jpg 768w, https:\/\/media.radiolitoral.com\/wp-content\/uploads\/2024\/11\/25170603\/Benissa-25N-2024-2-1229x1536.jpg 1229w, https:\/\/media.radiolitoral.com\/wp-content\/uploads\/2024\/11\/25170603\/Benissa-25N-2024-2-10x12.jpg 10w, https:\/\/media.radiolitoral.com\/wp-content\/uploads\/2024\/11\/25170603\/Benissa-25N-2024-2-800x1000.jpg 800w, https:\/\/media.radiolitoral.com\/wp-content\/uploads\/2024\/11\/25170603\/Benissa-25N-2024-2-80x100.jpg 80w, https:\/\/media.radiolitoral.com\/wp-content\/uploads\/2024\/11\/25170603\/Benissa-25N-2024-2-160x200.jpg 160w\" sizes=\"auto, (max-width: 1440px) 100vw, 1440px\" \/><\/a>\n\t\t\t<\/div><\/figure><figure class='gallery-item'>\n\t\t\t<div class='gallery-icon landscape'>\n\t\t\t\t<a href='https:\/\/radiolitoral.com\/ca\/25n-ondara-2\/'><img loading=\"lazy\" decoding=\"async\" width=\"1920\" height=\"1280\" src=\"https:\/\/media.radiolitoral.com\/wp-content\/uploads\/2024\/11\/25170557\/25N-Ondara-2.jpg\" class=\"attachment-full size-full\" alt=\"\" srcset=\"https:\/\/media.radiolitoral.com\/wp-content\/uploads\/2024\/11\/25170557\/25N-Ondara-2.jpg 1920w, https:\/\/media.radiolitoral.com\/wp-content\/uploads\/2024\/11\/25170557\/25N-Ondara-2-300x200.jpg 300w, https:\/\/media.radiolitoral.com\/wp-content\/uploads\/2024\/11\/25170557\/25N-Ondara-2-1024x683.jpg 1024w, https:\/\/media.radiolitoral.com\/wp-content\/uploads\/2024\/11\/25170557\/25N-Ondara-2-768x512.jpg 768w, https:\/\/media.radiolitoral.com\/wp-content\/uploads\/2024\/11\/25170557\/25N-Ondara-2-1536x1024.jpg 1536w, https:\/\/media.radiolitoral.com\/wp-content\/uploads\/2024\/11\/25170557\/25N-Ondara-2-18x12.jpg 18w, https:\/\/media.radiolitoral.com\/wp-content\/uploads\/2024\/11\/25170557\/25N-Ondara-2-1000x667.jpg 1000w, https:\/\/media.radiolitoral.com\/wp-content\/uploads\/2024\/11\/25170557\/25N-Ondara-2-100x67.jpg 100w, https:\/\/media.radiolitoral.com\/wp-content\/uploads\/2024\/11\/25170557\/25N-Ondara-2-200x133.jpg 200w\" sizes=\"auto, (max-width: 1920px) 100vw, 1920px\" \/><\/a>\n\t\t\t<\/div><\/figure>\n\t\t<\/div>","protected":false},"excerpt":{"rendered":"<p>La comarca de la Marina Alta s\u2019ha bolcat en les activitats del Dia Internacional per a l\u2019Eliminaci\u00f3 de la Viol\u00e8ncia contra les Dones. Durant el mat\u00ed, municipis com D\u00e9nia, X\u00e0bia, Ondara o Teulada han protagonitzat emotives lectures de manifestos institucionals. A m\u00e9s, s\u2019han dut a terme iniciatives com la campanya de vacunaci\u00f3 simb\u00f2lica contra la [&#8230;]<\/p>\n<p><a class=\"btn btn-secondary understrap-read-more-link\" href=\"https:\/\/radiolitoral.com\/ca\/2024\/11\/la-marina-alta-commemora-el-dia-internacional-contra-la-violencia-de-genere\/\">Continua llegint&#8230;<span class=\"screen-reader-text\"> from La Marina Alta commemora el Dia Internacional contra la Viol\u00e8ncia de G\u00e8nere<\/span><\/a><\/p>\n","protected":false},"author":13,"featured_media":13301,"comment_status":"open","ping_status":"closed","sticky":false,"template":"","format":"standard","meta":{"_acf_changed":false,"inline_featured_image":false,"footnotes":""},"categories":[46],"tags":[2733,2752,314],"class_list":["post-13308","post","type-post","status-publish","format-standard","has-post-thumbnail","hentry","category-sociedad","tag-25n","tag-dia-internacional-para-la-eliminacion-de-la-violencia-de-genero","tag-marina-alta","cobertura-marina-alta"],"acf":[],"yoast_head":"<!-- This site is optimized with the Yoast SEO plugin v27.5 - https:\/\/yoast.com\/product\/yoast-seo-wordpress\/ -->\n<title>La Marina Alta commemora el Dia Internacional contra la Viol\u00e8ncia de G\u00e8nere | R\u00e0dio Litoral<\/title>\n<meta name=\"description\" content=\"Manifestacions, performances i exposicions destaquen en els actes del 25N Manifestacions, performances i exposicions destaquen en els actes del 25N\" \/>\n<meta name=\"robots\" content=\"index, follow, max-snippet:-1, max-image-preview:large, max-video-preview:-1\" \/>\n<link rel=\"canonical\" href=\"https:\/\/radiolitoral.com\/ca\/2024\/11\/la-marina-alta-commemora-el-dia-internacional-contra-la-violencia-de-genere\/\" \/>\n<meta property=\"og:locale\" content=\"ca_ES\" \/>\n<meta property=\"og:type\" content=\"article\" \/>\n<meta property=\"og:title\" content=\"La Marina Alta commemora el Dia Internacional contra la Viol\u00e8ncia de G\u00e8nere | R\u00e0dio Litoral\" \/>\n<meta property=\"og:description\" content=\"Manifestacions, performances i exposicions destaquen en els actes del 25N Manifestacions, performances i exposicions destaquen en els actes del 25N\" \/>\n<meta property=\"og:url\" content=\"https:\/\/radiolitoral.com\/ca\/2024\/11\/la-marina-alta-commemora-el-dia-internacional-contra-la-violencia-de-genere\/\" \/>\n<meta property=\"og:site_name\" content=\"R\u00e0dio Litoral\" \/>\n<meta property=\"article:publisher\" content=\"https:\/\/www.facebook.com\/Laradiolitoral\/\" \/>\n<meta property=\"article:published_time\" content=\"2024-11-25T16:10:52+00:00\" \/>\n<meta property=\"og:image\" content=\"https:\/\/media.radiolitoral.com\/wp-content\/uploads\/2024\/11\/25170534\/Denia-25N-Nushu-2024-15-scaled.jpg\" \/>\n\t<meta property=\"og:image:width\" content=\"2560\" \/>\n\t<meta property=\"og:image:height\" content=\"1707\" \/>\n\t<meta property=\"og:image:type\" content=\"image\/jpeg\" \/>\n<meta name=\"author\" content=\"Redacci\u00f3n\" \/>\n<meta name=\"twitter:card\" content=\"summary_large_image\" \/>\n<meta name=\"twitter:label1\" content=\"Escrit per\" \/>\n\t<meta name=\"twitter:data1\" content=\"Redacci\u00f3n\" \/>\n\t<meta name=\"twitter:label2\" content=\"Temps estimat de lectura\" \/>\n\t<meta name=\"twitter:data2\" content=\"2 minuts\" \/>\n<script type=\"application\/ld+json\" class=\"yoast-schema-graph\">{\"@context\":\"https:\\\/\\\/schema.org\",\"@graph\":[{\"@type\":\"NewsArticle\",\"@id\":\"https:\\\/\\\/radiolitoral.com\\\/2024\\\/11\\\/la-marina-alta-commemora-el-dia-internacional-contra-la-violencia-de-genere\\\/#article\",\"isPartOf\":{\"@id\":\"https:\\\/\\\/radiolitoral.com\\\/2024\\\/11\\\/la-marina-alta-commemora-el-dia-internacional-contra-la-violencia-de-genere\\\/\"},\"author\":{\"name\":\"Redacci\u00f3n\",\"@id\":\"https:\\\/\\\/radiolitoral.com\\\/#\\\/schema\\\/person\\\/f2b2343c49b5d721857cc1002bfdb151\"},\"headline\":\"La Marina Alta commemora el Dia Internacional contra la Viol\u00e8ncia de G\u00e8nere\",\"datePublished\":\"2024-11-25T16:10:52+00:00\",\"mainEntityOfPage\":{\"@id\":\"https:\\\/\\\/radiolitoral.com\\\/2024\\\/11\\\/la-marina-alta-commemora-el-dia-internacional-contra-la-violencia-de-genere\\\/\"},\"wordCount\":202,\"commentCount\":0,\"publisher\":{\"@id\":\"https:\\\/\\\/radiolitoral.com\\\/#organization\"},\"image\":{\"@id\":\"https:\\\/\\\/radiolitoral.com\\\/2024\\\/11\\\/la-marina-alta-commemora-el-dia-internacional-contra-la-violencia-de-genere\\\/#primaryimage\"},\"thumbnailUrl\":\"https:\\\/\\\/media.radiolitoral.com\\\/wp-content\\\/uploads\\\/2024\\\/11\\\/25170534\\\/Denia-25N-Nushu-2024-15-scaled.jpg\",\"keywords\":[\"25N\",\"D\u00eda Internacional para la eliminaci\u00f3n de la violencia de g\u00e9nero\",\"Marina Alta\"],\"articleSection\":[\"Sociedad\"],\"inLanguage\":\"ca\",\"potentialAction\":[{\"@type\":\"CommentAction\",\"name\":\"Comment\",\"target\":[\"https:\\\/\\\/radiolitoral.com\\\/2024\\\/11\\\/la-marina-alta-commemora-el-dia-internacional-contra-la-violencia-de-genere\\\/#respond\"]}]},{\"@type\":[\"WebPage\",\"ItemPage\"],\"@id\":\"https:\\\/\\\/radiolitoral.com\\\/2024\\\/11\\\/la-marina-alta-commemora-el-dia-internacional-contra-la-violencia-de-genere\\\/\",\"url\":\"https:\\\/\\\/radiolitoral.com\\\/2024\\\/11\\\/la-marina-alta-commemora-el-dia-internacional-contra-la-violencia-de-genere\\\/\",\"name\":\"La Marina Alta commemora el Dia Internacional contra la Viol\u00e8ncia de G\u00e8nere | R\u00e0dio Litoral\",\"isPartOf\":{\"@id\":\"https:\\\/\\\/radiolitoral.com\\\/#website\"},\"primaryImageOfPage\":{\"@id\":\"https:\\\/\\\/radiolitoral.com\\\/2024\\\/11\\\/la-marina-alta-commemora-el-dia-internacional-contra-la-violencia-de-genere\\\/#primaryimage\"},\"image\":{\"@id\":\"https:\\\/\\\/radiolitoral.com\\\/2024\\\/11\\\/la-marina-alta-commemora-el-dia-internacional-contra-la-violencia-de-genere\\\/#primaryimage\"},\"thumbnailUrl\":\"https:\\\/\\\/media.radiolitoral.com\\\/wp-content\\\/uploads\\\/2024\\\/11\\\/25170534\\\/Denia-25N-Nushu-2024-15-scaled.jpg\",\"datePublished\":\"2024-11-25T16:10:52+00:00\",\"description\":\"Manifestacions, performances i exposicions destaquen en els actes del 25N Manifestacions, performances i exposicions destaquen en els actes del 25N\",\"breadcrumb\":{\"@id\":\"https:\\\/\\\/radiolitoral.com\\\/2024\\\/11\\\/la-marina-alta-commemora-el-dia-internacional-contra-la-violencia-de-genere\\\/#breadcrumb\"},\"inLanguage\":\"ca\",\"potentialAction\":[{\"@type\":\"ReadAction\",\"target\":[\"https:\\\/\\\/radiolitoral.com\\\/2024\\\/11\\\/la-marina-alta-commemora-el-dia-internacional-contra-la-violencia-de-genere\\\/\"]}]},{\"@type\":\"ImageObject\",\"inLanguage\":\"ca\",\"@id\":\"https:\\\/\\\/radiolitoral.com\\\/2024\\\/11\\\/la-marina-alta-commemora-el-dia-internacional-contra-la-violencia-de-genere\\\/#primaryimage\",\"url\":\"https:\\\/\\\/media.radiolitoral.com\\\/wp-content\\\/uploads\\\/2024\\\/11\\\/25170534\\\/Denia-25N-Nushu-2024-15-scaled.jpg\",\"contentUrl\":\"https:\\\/\\\/media.radiolitoral.com\\\/wp-content\\\/uploads\\\/2024\\\/11\\\/25170534\\\/Denia-25N-Nushu-2024-15-scaled.jpg\",\"width\":2560,\"height\":1707},{\"@type\":\"BreadcrumbList\",\"@id\":\"https:\\\/\\\/radiolitoral.com\\\/2024\\\/11\\\/la-marina-alta-commemora-el-dia-internacional-contra-la-violencia-de-genere\\\/#breadcrumb\",\"itemListElement\":[{\"@type\":\"ListItem\",\"position\":1,\"name\":\"Portada\",\"item\":\"https:\\\/\\\/radiolitoral.com\\\/\"},{\"@type\":\"ListItem\",\"position\":2,\"name\":\"La Marina Alta commemora el Dia Internacional contra la Viol\u00e8ncia de G\u00e8nere\"}]},{\"@type\":\"WebSite\",\"@id\":\"https:\\\/\\\/radiolitoral.com\\\/#website\",\"url\":\"https:\\\/\\\/radiolitoral.com\\\/\",\"name\":\"Radio Litoral\",\"description\":\"La radio local de la Marina Alta\",\"publisher\":{\"@id\":\"https:\\\/\\\/radiolitoral.com\\\/#organization\"},\"alternateName\":\"Litoral FM\",\"potentialAction\":[{\"@type\":\"SearchAction\",\"target\":{\"@type\":\"EntryPoint\",\"urlTemplate\":\"https:\\\/\\\/radiolitoral.com\\\/?s={search_term_string}\"},\"query-input\":{\"@type\":\"PropertyValueSpecification\",\"valueRequired\":true,\"valueName\":\"search_term_string\"}}],\"inLanguage\":\"ca\"},{\"@type\":\"Organization\",\"@id\":\"https:\\\/\\\/radiolitoral.com\\\/#organization\",\"name\":\"Radio Litoral\",\"url\":\"https:\\\/\\\/radiolitoral.com\\\/\",\"logo\":{\"@type\":\"ImageObject\",\"inLanguage\":\"ca\",\"@id\":\"https:\\\/\\\/radiolitoral.com\\\/#\\\/schema\\\/logo\\\/image\\\/\",\"url\":\"https:\\\/\\\/media.radiolitoral.com\\\/wp-content\\\/uploads\\\/2023\\\/02\\\/24143238\\\/CL-V-RadioLitoral696.png\",\"contentUrl\":\"https:\\\/\\\/media.radiolitoral.com\\\/wp-content\\\/uploads\\\/2023\\\/02\\\/24143238\\\/CL-V-RadioLitoral696.png\",\"width\":696,\"height\":696,\"caption\":\"Radio Litoral\"},\"image\":{\"@id\":\"https:\\\/\\\/radiolitoral.com\\\/#\\\/schema\\\/logo\\\/image\\\/\"},\"sameAs\":[\"https:\\\/\\\/www.facebook.com\\\/Laradiolitoral\\\/\"]},{\"@type\":\"Person\",\"@id\":\"https:\\\/\\\/radiolitoral.com\\\/#\\\/schema\\\/person\\\/f2b2343c49b5d721857cc1002bfdb151\",\"name\":\"Redacci\u00f3n\",\"image\":{\"@type\":\"ImageObject\",\"inLanguage\":\"ca\",\"@id\":\"https:\\\/\\\/secure.gravatar.com\\\/avatar\\\/f771d896c203ad8b3382d7905cfcce5a5c9b008b84b3cd9114e9b9f4cb63f789?s=96&d=mm&r=g\",\"url\":\"https:\\\/\\\/secure.gravatar.com\\\/avatar\\\/f771d896c203ad8b3382d7905cfcce5a5c9b008b84b3cd9114e9b9f4cb63f789?s=96&d=mm&r=g\",\"contentUrl\":\"https:\\\/\\\/secure.gravatar.com\\\/avatar\\\/f771d896c203ad8b3382d7905cfcce5a5c9b008b84b3cd9114e9b9f4cb63f789?s=96&d=mm&r=g\",\"caption\":\"Redacci\u00f3n\"},\"url\":\"https:\\\/\\\/radiolitoral.com\\\/ca\\\/author\\\/miriam-pagan\\\/\"}]}<\/script>\n<!-- \/ Yoast SEO plugin. -->","yoast_head_json":{"title":"La Marina Alta commemora el Dia Internacional contra la Viol\u00e8ncia de G\u00e8nere | R\u00e0dio Litoral","description":"Manifestacions, performances i exposicions destaquin als actes del 25N Manifestacions, performances i exposicions destaquin als actes del 25N","robots":{"index":"index","follow":"follow","max-snippet":"max-snippet:-1","max-image-preview":"max-image-preview:large","max-video-preview":"max-video-preview:-1"},"canonical":"https:\/\/radiolitoral.com\/ca\/2024\/11\/la-marina-alta-commemora-el-dia-internacional-contra-la-violencia-de-genere\/","og_locale":"ca_ES","og_type":"article","og_title":"La Marina Alta commemora el Dia Internacional contra la Viol\u00e8ncia de G\u00e8nere | R\u00e0dio Litoral","og_description":"Manifestacions, performances i exposicions destaquen en els actes del 25N Manifestacions, performances i exposicions destaquen en els actes del 25N","og_url":"https:\/\/radiolitoral.com\/ca\/2024\/11\/la-marina-alta-commemora-el-dia-internacional-contra-la-violencia-de-genere\/","og_site_name":"R\u00e0dio Litoral","article_publisher":"https:\/\/www.facebook.com\/Laradiolitoral\/","article_published_time":"2024-11-25T16:10:52+00:00","og_image":[{"width":2560,"height":1707,"url":"https:\/\/media.radiolitoral.com\/wp-content\/uploads\/2024\/11\/25170534\/Denia-25N-Nushu-2024-15-scaled.jpg","type":"image\/jpeg"}],"author":"Redacci\u00f3n","twitter_card":"summary_large_image","twitter_misc":{"Escrit per":"Redacci\u00f3n","Temps estimat de lectura":"2 minuts"},"schema":{"@context":"https:\/\/schema.org","@graph":[{"@type":"NewsArticle","@id":"https:\/\/radiolitoral.com\/2024\/11\/la-marina-alta-commemora-el-dia-internacional-contra-la-violencia-de-genere\/#article","isPartOf":{"@id":"https:\/\/radiolitoral.com\/2024\/11\/la-marina-alta-commemora-el-dia-internacional-contra-la-violencia-de-genere\/"},"author":{"name":"Redacci\u00f3n","@id":"https:\/\/radiolitoral.com\/#\/schema\/person\/f2b2343c49b5d721857cc1002bfdb151"},"headline":"La Marina Alta commemora el Dia Internacional contra la Viol\u00e8ncia de G\u00e8nere","datePublished":"2024-11-25T16:10:52+00:00","mainEntityOfPage":{"@id":"https:\/\/radiolitoral.com\/2024\/11\/la-marina-alta-commemora-el-dia-internacional-contra-la-violencia-de-genere\/"},"wordCount":202,"commentCount":0,"publisher":{"@id":"https:\/\/radiolitoral.com\/#organization"},"image":{"@id":"https:\/\/radiolitoral.com\/2024\/11\/la-marina-alta-commemora-el-dia-internacional-contra-la-violencia-de-genere\/#primaryimage"},"thumbnailUrl":"https:\/\/media.radiolitoral.com\/wp-content\/uploads\/2024\/11\/25170534\/Denia-25N-Nushu-2024-15-scaled.jpg","keywords":["25N","D\u00eda Internacional para la eliminaci\u00f3n de la violencia de g\u00e9nero","Marina Alta"],"articleSection":["Sociedad"],"inLanguage":"ca","potentialAction":[{"@type":"CommentAction","name":"Comment","target":["https:\/\/radiolitoral.com\/2024\/11\/la-marina-alta-commemora-el-dia-internacional-contra-la-violencia-de-genere\/#respond"]}]},{"@type":["WebPage","ItemPage"],"@id":"https:\/\/radiolitoral.com\/2024\/11\/la-marina-alta-commemora-el-dia-internacional-contra-la-violencia-de-genere\/","url":"https:\/\/radiolitoral.com\/2024\/11\/la-marina-alta-commemora-el-dia-internacional-contra-la-violencia-de-genere\/","name":"La Marina Alta commemora el Dia Internacional contra la Viol\u00e8ncia de G\u00e8nere | R\u00e0dio Litoral","isPartOf":{"@id":"https:\/\/radiolitoral.com\/#website"},"primaryImageOfPage":{"@id":"https:\/\/radiolitoral.com\/2024\/11\/la-marina-alta-commemora-el-dia-internacional-contra-la-violencia-de-genere\/#primaryimage"},"image":{"@id":"https:\/\/radiolitoral.com\/2024\/11\/la-marina-alta-commemora-el-dia-internacional-contra-la-violencia-de-genere\/#primaryimage"},"thumbnailUrl":"https:\/\/media.radiolitoral.com\/wp-content\/uploads\/2024\/11\/25170534\/Denia-25N-Nushu-2024-15-scaled.jpg","datePublished":"2024-11-25T16:10:52+00:00","description":"Manifestacions, performances i exposicions destaquin als actes del 25N Manifestacions, performances i exposicions destaquin als actes del 25N","breadcrumb":{"@id":"https:\/\/radiolitoral.com\/2024\/11\/la-marina-alta-commemora-el-dia-internacional-contra-la-violencia-de-genere\/#breadcrumb"},"inLanguage":"ca","potentialAction":[{"@type":"ReadAction","target":["https:\/\/radiolitoral.com\/2024\/11\/la-marina-alta-commemora-el-dia-internacional-contra-la-violencia-de-genere\/"]}]},{"@type":"ImageObject","inLanguage":"ca","@id":"https:\/\/radiolitoral.com\/2024\/11\/la-marina-alta-commemora-el-dia-internacional-contra-la-violencia-de-genere\/#primaryimage","url":"https:\/\/media.radiolitoral.com\/wp-content\/uploads\/2024\/11\/25170534\/Denia-25N-Nushu-2024-15-scaled.jpg","contentUrl":"https:\/\/media.radiolitoral.com\/wp-content\/uploads\/2024\/11\/25170534\/Denia-25N-Nushu-2024-15-scaled.jpg","width":2560,"height":1707},{"@type":"BreadcrumbList","@id":"https:\/\/radiolitoral.com\/2024\/11\/la-marina-alta-commemora-el-dia-internacional-contra-la-violencia-de-genere\/#breadcrumb","itemListElement":[{"@type":"ListItem","position":1,"name":"Portada","item":"https:\/\/radiolitoral.com\/"},{"@type":"ListItem","position":2,"name":"La Marina Alta commemora el Dia Internacional contra la Viol\u00e8ncia de G\u00e8nere"}]},{"@type":"WebSite","@id":"https:\/\/radiolitoral.com\/#website","url":"https:\/\/radiolitoral.com\/","name":"R\u00e0dio Litoral","description":"La r\u00e0dio local de la Marina Alta","publisher":{"@id":"https:\/\/radiolitoral.com\/#organization"},"alternateName":"Litoral FM","potentialAction":[{"@type":"SearchAction","target":{"@type":"EntryPoint","urlTemplate":"https:\/\/radiolitoral.com\/?s={search_term_string}"},"query-input":{"@type":"PropertyValueSpecification","valueRequired":true,"valueName":"search_term_string"}}],"inLanguage":"ca"},{"@type":"Organization","@id":"https:\/\/radiolitoral.com\/#organization","name":"R\u00e0dio Litoral","url":"https:\/\/radiolitoral.com\/","logo":{"@type":"ImageObject","inLanguage":"ca","@id":"https:\/\/radiolitoral.com\/#\/schema\/logo\/image\/","url":"https:\/\/media.radiolitoral.com\/wp-content\/uploads\/2023\/02\/24143238\/CL-V-RadioLitoral696.png","contentUrl":"https:\/\/media.radiolitoral.com\/wp-content\/uploads\/2023\/02\/24143238\/CL-V-RadioLitoral696.png","width":696,"height":696,"caption":"Radio Litoral"},"image":{"@id":"https:\/\/radiolitoral.com\/#\/schema\/logo\/image\/"},"sameAs":["https:\/\/www.facebook.com\/Laradiolitoral\/"]},{"@type":"Person","@id":"https:\/\/radiolitoral.com\/#\/schema\/person\/f2b2343c49b5d721857cc1002bfdb151","name":"Redacci\u00f3","image":{"@type":"ImageObject","inLanguage":"ca","@id":"https:\/\/secure.gravatar.com\/avatar\/f771d896c203ad8b3382d7905cfcce5a5c9b008b84b3cd9114e9b9f4cb63f789?s=96&d=mm&r=g","url":"https:\/\/secure.gravatar.com\/avatar\/f771d896c203ad8b3382d7905cfcce5a5c9b008b84b3cd9114e9b9f4cb63f789?s=96&d=mm&r=g","contentUrl":"https:\/\/secure.gravatar.com\/avatar\/f771d896c203ad8b3382d7905cfcce5a5c9b008b84b3cd9114e9b9f4cb63f789?s=96&d=mm&r=g","caption":"Redacci\u00f3n"},"url":"https:\/\/radiolitoral.com\/ca\/author\/miriam-pagan\/"}]}},"_links":{"self":[{"href":"https:\/\/radiolitoral.com\/ca\/wp-json\/wp\/v2\/posts\/13308","targetHints":{"allow":["GET"]}}],"collection":[{"href":"https:\/\/radiolitoral.com\/ca\/wp-json\/wp\/v2\/posts"}],"about":[{"href":"https:\/\/radiolitoral.com\/ca\/wp-json\/wp\/v2\/types\/post"}],"author":[{"embeddable":true,"href":"https:\/\/radiolitoral.com\/ca\/wp-json\/wp\/v2\/users\/13"}],"replies":[{"embeddable":true,"href":"https:\/\/radiolitoral.com\/ca\/wp-json\/wp\/v2\/comments?post=13308"}],"version-history":[{"count":1,"href":"https:\/\/radiolitoral.com\/ca\/wp-json\/wp\/v2\/posts\/13308\/revisions"}],"predecessor-version":[{"id":13309,"href":"https:\/\/radiolitoral.com\/ca\/wp-json\/wp\/v2\/posts\/13308\/revisions\/13309"}],"wp:featuredmedia":[{"embeddable":true,"href":"https:\/\/radiolitoral.com\/ca\/wp-json\/wp\/v2\/media\/13301"}],"wp:attachment":[{"href":"https:\/\/radiolitoral.com\/ca\/wp-json\/wp\/v2\/media?parent=13308"}],"wp:term":[{"taxonomy":"category","embeddable":true,"href":"https:\/\/radiolitoral.com\/ca\/wp-json\/wp\/v2\/categories?post=13308"},{"taxonomy":"post_tag","embeddable":true,"href":"https:\/\/radiolitoral.com\/ca\/wp-json\/wp\/v2\/tags?post=13308"}],"curies":[{"name":"wp","href":"https:\/\/api.w.org\/{rel}","templated":true}]}}