{"id":13269,"date":"2024-11-25T11:36:08","date_gmt":"2024-11-25T10:36:08","guid":{"rendered":"https:\/\/radiolitoral.com\/?p=13269"},"modified":"2024-11-25T11:43:46","modified_gmt":"2024-11-25T10:43:46","slug":"imma-font-no-es-el-mateix-preparar-un-any-normal-que-un-50e-aniversari-satisfets-de-fer-historia","status":"publish","type":"post","link":"https:\/\/radiolitoral.com\/ca\/2024\/11\/inma-font-no-es-el-mateix-preparar-un-any-normal-que-un-50-aniversari-satisfets-de-fer-historia\/","title":{"rendered":"Inma Font: \u201cNo \u00e9s el mateix preparar un any normal que un 50\u00e8 aniversari, per\u00f2 satisfets de fer hist\u00f2ria\u201d"},"content":{"rendered":"<p><strong>Benissa<\/strong> \u00e9s vesteix de mora i cristiana amb motiu del <strong>Mig Any Fester<\/strong>. Un Mig Any molt especial perqu\u00e8 anticipa el gran <strong>aniversari<\/strong> que prepara l&#039;Associaci\u00f3 de Moros i Cristians de cara a les celebracions de finals del mes de juny a principis de juliol en honor a Sant Pere. <strong>Primer Caf\u00e8 de R\u00e0dio Litoral<\/strong> amb <strong>Inma Font, presidenta de l&#039;Associaci\u00f3 de Moros i Cristians<\/strong> de Benissa. Amb ella hem repassat l&#039;intens programa d&#039;actes que es desenvoluparan del 27 al 30 de novembre i que representin l&#039;avantsala del <strong>50 aniversari<\/strong> d&#039;aquestes celebracions. La programaci\u00f3 arrenca el mi\u00e9rcols amb una donaci\u00f3 de sang solid\u00e0ria, inclou la presentaci\u00f3 del documental commemoratiu pel 50\u00e8 aniversari de les festes, i recupera els actes m\u00e9s tradicionals com la presentaci\u00f3 dels c\u00e0rrecs festers del 2025.<\/p>\n<p>Unes celebracions en constant creixement, que ja sumen m\u00e9s de 600 festers repartits entre les diferents filaes que conformen aquesta festa. Aquest creixement d&#039;adeptes no sols demostra el bon moment pel qual est\u00e0 passant la festa, sin\u00f3 que tamb\u00e9 augura un futur prometedor per a aquestes celebracions. L&#039;\u00fanic inconvenient, com ha exposat Font, \u00e9s la manca d&#039;espais que donen cabida a tots els que formen part d&#039;aquestes celebracions.<\/p>\n<p>Una associaci\u00f3 que continua oberta a tots els que vulguen sumar-se a aquestes celebracions, per continuar gaudint de \u201cl&#039;amistat, la diversi\u00f3 i el color\u201d que aporta aquesta festa per, almenys, mig segle m\u00e9s.<\/p>\n<p>Podeu escortar l&#039;entrevista completa aqu\u00ed.<\/p>\n<audio class=\"wp-audio-shortcode\" id=\"audio-13269-1\" preload=\"none\" style=\"width: 100%;\" controls=\"controls\"><source type=\"audio\/mpeg\" src=\"https:\/\/media.radiolitoral.com\/wp-content\/uploads\/2024\/11\/25113225\/Primer-Cafe-Mig-Any-MMiCC-Benissa.mp3?_=1\" \/><a href=\"https:\/\/media.radiolitoral.com\/wp-content\/uploads\/2024\/11\/25113225\/Primer-Cafe-Mig-Any-MMiCC-Benissa.mp3\">https:\/\/media.radiolitoral.com\/wp-content\/uploads\/2024\/11\/25113225\/Primer-Cafe-Mig-Any-MMiCC-Benissa.mp3<\/a><\/audio>","protected":false},"excerpt":{"rendered":"<p>Benissa es vesteix de mora i cristiana amb motiu del Mig Any Fester. Un Mig Any molt especial perqu\u00e8 anticipa el gran aniversari que prepara l&#8217;Associaci\u00f3 de Moros i Cristians de cara a les celebracions de finals del mes de juny a principis de juliol en honor a Sant Pere. Aquest mat\u00ed hem compartit el [&#8230;]<\/p>\n<p><a class=\"btn btn-secondary understrap-read-more-link\" href=\"https:\/\/radiolitoral.com\/ca\/2024\/11\/inma-font-no-es-el-mateix-preparar-un-any-normal-que-un-50-aniversari-satisfets-de-fer-historia\/\">Continua llegint&#8230;<span class=\"screen-reader-text\"> from Inma Font: \u201cNo \u00e9s el mateix preparar un any normal que un 50 aniversari, per\u00f2 satisfets de fer hist\u00f2ria\u201d<\/span><\/a><\/p>\n","protected":false},"author":13,"featured_media":13271,"comment_status":"open","ping_status":"closed","sticky":false,"template":"","format":"standard","meta":{"_acf_changed":false,"inline_featured_image":false,"footnotes":""},"categories":[2753,276],"tags":[2842,2841,2840,2839,1560,2312],"class_list":["post-13269","post","type-post","status-publish","format-standard","has-post-thumbnail","hentry","category-entrevistas","category-fiestas","tag-50-aniversari","tag-associacio-moros-i-cristians-benissa","tag-inma-font","tag-mig-any-fester","tag-moros-i-cristians","tag-primer-cafe","cobertura-benissa"],"acf":[],"yoast_head":"<!-- This site is optimized with the Yoast SEO plugin v27.5 - https:\/\/yoast.com\/product\/yoast-seo-wordpress\/ -->\n<title>Inma Font: \u201cNo \u00e9s el mateix preparar un any normal que un 50 aniversari, per\u00f2 satisfets de fer hist\u00f2ria\u201d | R\u00e0dio Litoral<\/title>\n<meta name=\"description\" content=\"Benissa celebra del 27 al 30 de novembre el Mig Any Fester de Moros i Cristians a portes del seu 50\u00e9 aniversari\" \/>\n<meta name=\"robots\" content=\"index, follow, max-snippet:-1, max-image-preview:large, max-video-preview:-1\" \/>\n<link rel=\"canonical\" href=\"https:\/\/radiolitoral.com\/ca\/2024\/11\/imma-font-no-es-el-mateix-preparar-un-any-normal-que-un-50e-aniversari-satisfets-de-fer-historia\/\" \/>\n<meta property=\"og:locale\" content=\"ca_ES\" \/>\n<meta property=\"og:type\" content=\"article\" \/>\n<meta property=\"og:title\" content=\"Inma Font: \u201cNo \u00e9s el mateix preparar un any normal que un 50 aniversari, per\u00f2 satisfets de fer hist\u00f2ria\u201d | R\u00e0dio Litoral\" \/>\n<meta property=\"og:description\" content=\"Benissa celebra del 27 al 30 de novembre el Mig Any Fester de Moros i Cristians a portes del seu 50\u00e9 aniversari\" \/>\n<meta property=\"og:url\" content=\"https:\/\/radiolitoral.com\/ca\/2024\/11\/imma-font-no-es-el-mateix-preparar-un-any-normal-que-un-50e-aniversari-satisfets-de-fer-historia\/\" \/>\n<meta property=\"og:site_name\" content=\"R\u00e0dio Litoral\" \/>\n<meta property=\"article:publisher\" content=\"https:\/\/www.facebook.com\/Laradiolitoral\/\" \/>\n<meta property=\"article:published_time\" content=\"2024-11-25T10:36:08+00:00\" \/>\n<meta property=\"article:modified_time\" content=\"2024-11-25T10:43:46+00:00\" \/>\n<meta property=\"og:image\" content=\"https:\/\/media.radiolitoral.com\/wp-content\/uploads\/2024\/11\/25113350\/Inma-Font-Pta.-Associacio-MMiCC-Benissa.jpg\" \/>\n\t<meta property=\"og:image:width\" content=\"2000\" \/>\n\t<meta property=\"og:image:height\" content=\"1125\" \/>\n\t<meta property=\"og:image:type\" content=\"image\/jpeg\" \/>\n<meta name=\"author\" content=\"Redacci\u00f3n\" \/>\n<meta name=\"twitter:card\" content=\"summary_large_image\" \/>\n<meta name=\"twitter:label1\" content=\"Escrit per\" \/>\n\t<meta name=\"twitter:data1\" content=\"Redacci\u00f3n\" \/>\n\t<meta name=\"twitter:label2\" content=\"Temps estimat de lectura\" \/>\n\t<meta name=\"twitter:data2\" content=\"2 minuts\" \/>\n<script type=\"application\/ld+json\" class=\"yoast-schema-graph\">{\"@context\":\"https:\\\/\\\/schema.org\",\"@graph\":[{\"@type\":\"NewsArticle\",\"@id\":\"https:\\\/\\\/radiolitoral.com\\\/2024\\\/11\\\/inma-font-no-es-el-mateix-preparar-un-any-normal-que-un-50-aniversari-satisfets-de-fer-historia\\\/#article\",\"isPartOf\":{\"@id\":\"https:\\\/\\\/radiolitoral.com\\\/2024\\\/11\\\/inma-font-no-es-el-mateix-preparar-un-any-normal-que-un-50-aniversari-satisfets-de-fer-historia\\\/\"},\"author\":{\"name\":\"Redacci\u00f3n\",\"@id\":\"https:\\\/\\\/radiolitoral.com\\\/#\\\/schema\\\/person\\\/f2b2343c49b5d721857cc1002bfdb151\"},\"headline\":\"Inma Font: \u201cNo \u00e9s el mateix preparar un any normal que un 50 aniversari, per\u00f2 satisfets de fer hist\u00f2ria\u201d\",\"datePublished\":\"2024-11-25T10:36:08+00:00\",\"dateModified\":\"2024-11-25T10:43:46+00:00\",\"mainEntityOfPage\":{\"@id\":\"https:\\\/\\\/radiolitoral.com\\\/2024\\\/11\\\/inma-font-no-es-el-mateix-preparar-un-any-normal-que-un-50-aniversari-satisfets-de-fer-historia\\\/\"},\"wordCount\":279,\"commentCount\":0,\"publisher\":{\"@id\":\"https:\\\/\\\/radiolitoral.com\\\/#organization\"},\"image\":{\"@id\":\"https:\\\/\\\/radiolitoral.com\\\/2024\\\/11\\\/inma-font-no-es-el-mateix-preparar-un-any-normal-que-un-50-aniversari-satisfets-de-fer-historia\\\/#primaryimage\"},\"thumbnailUrl\":\"https:\\\/\\\/media.radiolitoral.com\\\/wp-content\\\/uploads\\\/2024\\\/11\\\/25113350\\\/Inma-Font-Pta.-Associacio-MMiCC-Benissa.jpg\",\"keywords\":[\"50 Aniversari\",\"Associaci\u00f3 Moros i Cristians Benissa\",\"Inma Font\",\"Mig Any Fester\",\"Moros i Cristians\",\"Primer Caf\u00e9\"],\"articleSection\":[\"Entrevistas\",\"Fiestas\"],\"inLanguage\":\"ca\",\"potentialAction\":[{\"@type\":\"CommentAction\",\"name\":\"Comment\",\"target\":[\"https:\\\/\\\/radiolitoral.com\\\/2024\\\/11\\\/inma-font-no-es-el-mateix-preparar-un-any-normal-que-un-50-aniversari-satisfets-de-fer-historia\\\/#respond\"]}]},{\"@type\":[\"WebPage\",\"ItemPage\"],\"@id\":\"https:\\\/\\\/radiolitoral.com\\\/2024\\\/11\\\/inma-font-no-es-el-mateix-preparar-un-any-normal-que-un-50-aniversari-satisfets-de-fer-historia\\\/\",\"url\":\"https:\\\/\\\/radiolitoral.com\\\/2024\\\/11\\\/inma-font-no-es-el-mateix-preparar-un-any-normal-que-un-50-aniversari-satisfets-de-fer-historia\\\/\",\"name\":\"Inma Font: \u201cNo \u00e9s el mateix preparar un any normal que un 50 aniversari, per\u00f2 satisfets de fer hist\u00f2ria\u201d | R\u00e0dio Litoral\",\"isPartOf\":{\"@id\":\"https:\\\/\\\/radiolitoral.com\\\/#website\"},\"primaryImageOfPage\":{\"@id\":\"https:\\\/\\\/radiolitoral.com\\\/2024\\\/11\\\/inma-font-no-es-el-mateix-preparar-un-any-normal-que-un-50-aniversari-satisfets-de-fer-historia\\\/#primaryimage\"},\"image\":{\"@id\":\"https:\\\/\\\/radiolitoral.com\\\/2024\\\/11\\\/inma-font-no-es-el-mateix-preparar-un-any-normal-que-un-50-aniversari-satisfets-de-fer-historia\\\/#primaryimage\"},\"thumbnailUrl\":\"https:\\\/\\\/media.radiolitoral.com\\\/wp-content\\\/uploads\\\/2024\\\/11\\\/25113350\\\/Inma-Font-Pta.-Associacio-MMiCC-Benissa.jpg\",\"datePublished\":\"2024-11-25T10:36:08+00:00\",\"dateModified\":\"2024-11-25T10:43:46+00:00\",\"description\":\"Benissa celebra del 27 al 30 de novembre el Mig Any Fester de Moros i Cristians a portes del seu 50\u00e9 aniversari\",\"breadcrumb\":{\"@id\":\"https:\\\/\\\/radiolitoral.com\\\/2024\\\/11\\\/inma-font-no-es-el-mateix-preparar-un-any-normal-que-un-50-aniversari-satisfets-de-fer-historia\\\/#breadcrumb\"},\"inLanguage\":\"ca\",\"potentialAction\":[{\"@type\":\"ReadAction\",\"target\":[\"https:\\\/\\\/radiolitoral.com\\\/2024\\\/11\\\/inma-font-no-es-el-mateix-preparar-un-any-normal-que-un-50-aniversari-satisfets-de-fer-historia\\\/\"]}]},{\"@type\":\"ImageObject\",\"inLanguage\":\"ca\",\"@id\":\"https:\\\/\\\/radiolitoral.com\\\/2024\\\/11\\\/inma-font-no-es-el-mateix-preparar-un-any-normal-que-un-50-aniversari-satisfets-de-fer-historia\\\/#primaryimage\",\"url\":\"https:\\\/\\\/media.radiolitoral.com\\\/wp-content\\\/uploads\\\/2024\\\/11\\\/25113350\\\/Inma-Font-Pta.-Associacio-MMiCC-Benissa.jpg\",\"contentUrl\":\"https:\\\/\\\/media.radiolitoral.com\\\/wp-content\\\/uploads\\\/2024\\\/11\\\/25113350\\\/Inma-Font-Pta.-Associacio-MMiCC-Benissa.jpg\",\"width\":2000,\"height\":1125},{\"@type\":\"BreadcrumbList\",\"@id\":\"https:\\\/\\\/radiolitoral.com\\\/2024\\\/11\\\/inma-font-no-es-el-mateix-preparar-un-any-normal-que-un-50-aniversari-satisfets-de-fer-historia\\\/#breadcrumb\",\"itemListElement\":[{\"@type\":\"ListItem\",\"position\":1,\"name\":\"Portada\",\"item\":\"https:\\\/\\\/radiolitoral.com\\\/\"},{\"@type\":\"ListItem\",\"position\":2,\"name\":\"Inma Font: \u201cNo \u00e9s el mateix preparar un any normal que un 50 aniversari, per\u00f2 satisfets de fer hist\u00f2ria\u201d\"}]},{\"@type\":\"WebSite\",\"@id\":\"https:\\\/\\\/radiolitoral.com\\\/#website\",\"url\":\"https:\\\/\\\/radiolitoral.com\\\/\",\"name\":\"Radio Litoral\",\"description\":\"La radio local de la Marina Alta\",\"publisher\":{\"@id\":\"https:\\\/\\\/radiolitoral.com\\\/#organization\"},\"alternateName\":\"Litoral FM\",\"potentialAction\":[{\"@type\":\"SearchAction\",\"target\":{\"@type\":\"EntryPoint\",\"urlTemplate\":\"https:\\\/\\\/radiolitoral.com\\\/?s={search_term_string}\"},\"query-input\":{\"@type\":\"PropertyValueSpecification\",\"valueRequired\":true,\"valueName\":\"search_term_string\"}}],\"inLanguage\":\"ca\"},{\"@type\":\"Organization\",\"@id\":\"https:\\\/\\\/radiolitoral.com\\\/#organization\",\"name\":\"Radio Litoral\",\"url\":\"https:\\\/\\\/radiolitoral.com\\\/\",\"logo\":{\"@type\":\"ImageObject\",\"inLanguage\":\"ca\",\"@id\":\"https:\\\/\\\/radiolitoral.com\\\/#\\\/schema\\\/logo\\\/image\\\/\",\"url\":\"https:\\\/\\\/media.radiolitoral.com\\\/wp-content\\\/uploads\\\/2023\\\/02\\\/24143238\\\/CL-V-RadioLitoral696.png\",\"contentUrl\":\"https:\\\/\\\/media.radiolitoral.com\\\/wp-content\\\/uploads\\\/2023\\\/02\\\/24143238\\\/CL-V-RadioLitoral696.png\",\"width\":696,\"height\":696,\"caption\":\"Radio Litoral\"},\"image\":{\"@id\":\"https:\\\/\\\/radiolitoral.com\\\/#\\\/schema\\\/logo\\\/image\\\/\"},\"sameAs\":[\"https:\\\/\\\/www.facebook.com\\\/Laradiolitoral\\\/\"]},{\"@type\":\"Person\",\"@id\":\"https:\\\/\\\/radiolitoral.com\\\/#\\\/schema\\\/person\\\/f2b2343c49b5d721857cc1002bfdb151\",\"name\":\"Redacci\u00f3n\",\"image\":{\"@type\":\"ImageObject\",\"inLanguage\":\"ca\",\"@id\":\"https:\\\/\\\/secure.gravatar.com\\\/avatar\\\/f771d896c203ad8b3382d7905cfcce5a5c9b008b84b3cd9114e9b9f4cb63f789?s=96&d=mm&r=g\",\"url\":\"https:\\\/\\\/secure.gravatar.com\\\/avatar\\\/f771d896c203ad8b3382d7905cfcce5a5c9b008b84b3cd9114e9b9f4cb63f789?s=96&d=mm&r=g\",\"contentUrl\":\"https:\\\/\\\/secure.gravatar.com\\\/avatar\\\/f771d896c203ad8b3382d7905cfcce5a5c9b008b84b3cd9114e9b9f4cb63f789?s=96&d=mm&r=g\",\"caption\":\"Redacci\u00f3n\"},\"url\":\"https:\\\/\\\/radiolitoral.com\\\/ca\\\/author\\\/miriam-pagan\\\/\"}]}<\/script>\n<!-- \/ Yoast SEO plugin. -->","yoast_head_json":{"title":"Inma Font: \u201cNo \u00e9s el mateix preparar un any normal que un 50\u00e8 aniversari, per\u00f2 satisfets de fer hist\u00f2ria\u201d | R\u00e0dio Litoral","description":"Benissa celebra del 27 al 30 de novembre el Mig Any Fester de Moros i Cristians a ports del seu 50\u00e8 aniversari","robots":{"index":"index","follow":"follow","max-snippet":"max-snippet:-1","max-image-preview":"max-image-preview:large","max-video-preview":"max-video-preview:-1"},"canonical":"https:\/\/radiolitoral.com\/ca\/2024\/11\/imma-font-no-es-el-mateix-preparar-un-any-normal-que-un-50e-aniversari-satisfets-de-fer-historia\/","og_locale":"ca_ES","og_type":"article","og_title":"Inma Font: \u201cNo \u00e9s el mateix preparar un any normal que un 50 aniversari, per\u00f2 satisfets de fer hist\u00f2ria\u201d | R\u00e0dio Litoral","og_description":"Benissa celebra del 27 al 30 de novembre el Mig Any Fester de Moros i Cristians a portes del seu 50\u00e9 aniversari","og_url":"https:\/\/radiolitoral.com\/ca\/2024\/11\/imma-font-no-es-el-mateix-preparar-un-any-normal-que-un-50e-aniversari-satisfets-de-fer-historia\/","og_site_name":"R\u00e0dio Litoral","article_publisher":"https:\/\/www.facebook.com\/Laradiolitoral\/","article_published_time":"2024-11-25T10:36:08+00:00","article_modified_time":"2024-11-25T10:43:46+00:00","og_image":[{"width":2000,"height":1125,"url":"https:\/\/media.radiolitoral.com\/wp-content\/uploads\/2024\/11\/25113350\/Inma-Font-Pta.-Associacio-MMiCC-Benissa.jpg","type":"image\/jpeg"}],"author":"Redacci\u00f3n","twitter_card":"summary_large_image","twitter_misc":{"Escrit per":"Redacci\u00f3n","Temps estimat de lectura":"2 minuts"},"schema":{"@context":"https:\/\/schema.org","@graph":[{"@type":"NewsArticle","@id":"https:\/\/radiolitoral.com\/2024\/11\/inma-font-no-es-el-mateix-preparar-un-any-normal-que-un-50-aniversari-satisfets-de-fer-historia\/#article","isPartOf":{"@id":"https:\/\/radiolitoral.com\/2024\/11\/inma-font-no-es-el-mateix-preparar-un-any-normal-que-un-50-aniversari-satisfets-de-fer-historia\/"},"author":{"name":"Redacci\u00f3n","@id":"https:\/\/radiolitoral.com\/#\/schema\/person\/f2b2343c49b5d721857cc1002bfdb151"},"headline":"Inma Font: \u201cNo \u00e9s el mateix preparar un any normal que un 50 aniversari, per\u00f2 satisfets de fer hist\u00f2ria\u201d","datePublished":"2024-11-25T10:36:08+00:00","dateModified":"2024-11-25T10:43:46+00:00","mainEntityOfPage":{"@id":"https:\/\/radiolitoral.com\/2024\/11\/inma-font-no-es-el-mateix-preparar-un-any-normal-que-un-50-aniversari-satisfets-de-fer-historia\/"},"wordCount":279,"commentCount":0,"publisher":{"@id":"https:\/\/radiolitoral.com\/#organization"},"image":{"@id":"https:\/\/radiolitoral.com\/2024\/11\/inma-font-no-es-el-mateix-preparar-un-any-normal-que-un-50-aniversari-satisfets-de-fer-historia\/#primaryimage"},"thumbnailUrl":"https:\/\/media.radiolitoral.com\/wp-content\/uploads\/2024\/11\/25113350\/Inma-Font-Pta.-Associacio-MMiCC-Benissa.jpg","keywords":["50 Aniversari","Associaci\u00f3 Moros i Cristians Benissa","Inma Font","Mig Any Fester","Moros i Cristians","Primer Caf\u00e9"],"articleSection":["Entrevistas","Fiestas"],"inLanguage":"ca","potentialAction":[{"@type":"CommentAction","name":"Comment","target":["https:\/\/radiolitoral.com\/2024\/11\/inma-font-no-es-el-mateix-preparar-un-any-normal-que-un-50-aniversari-satisfets-de-fer-historia\/#respond"]}]},{"@type":["WebPage","ItemPage"],"@id":"https:\/\/radiolitoral.com\/2024\/11\/inma-font-no-es-el-mateix-preparar-un-any-normal-que-un-50-aniversari-satisfets-de-fer-historia\/","url":"https:\/\/radiolitoral.com\/2024\/11\/inma-font-no-es-el-mateix-preparar-un-any-normal-que-un-50-aniversari-satisfets-de-fer-historia\/","name":"Inma Font: \u201cNo \u00e9s el mateix preparar un any normal que un 50\u00e8 aniversari, per\u00f2 satisfets de fer hist\u00f2ria\u201d | R\u00e0dio Litoral","isPartOf":{"@id":"https:\/\/radiolitoral.com\/#website"},"primaryImageOfPage":{"@id":"https:\/\/radiolitoral.com\/2024\/11\/inma-font-no-es-el-mateix-preparar-un-any-normal-que-un-50-aniversari-satisfets-de-fer-historia\/#primaryimage"},"image":{"@id":"https:\/\/radiolitoral.com\/2024\/11\/inma-font-no-es-el-mateix-preparar-un-any-normal-que-un-50-aniversari-satisfets-de-fer-historia\/#primaryimage"},"thumbnailUrl":"https:\/\/media.radiolitoral.com\/wp-content\/uploads\/2024\/11\/25113350\/Inma-Font-Pta.-Associacio-MMiCC-Benissa.jpg","datePublished":"2024-11-25T10:36:08+00:00","dateModified":"2024-11-25T10:43:46+00:00","description":"Benissa celebra del 27 al 30 de novembre el Mig Any Fester de Moros i Cristians a ports del seu 50\u00e8 aniversari","breadcrumb":{"@id":"https:\/\/radiolitoral.com\/2024\/11\/inma-font-no-es-el-mateix-preparar-un-any-normal-que-un-50-aniversari-satisfets-de-fer-historia\/#breadcrumb"},"inLanguage":"ca","potentialAction":[{"@type":"ReadAction","target":["https:\/\/radiolitoral.com\/2024\/11\/inma-font-no-es-el-mateix-preparar-un-any-normal-que-un-50-aniversari-satisfets-de-fer-historia\/"]}]},{"@type":"ImageObject","inLanguage":"ca","@id":"https:\/\/radiolitoral.com\/2024\/11\/inma-font-no-es-el-mateix-preparar-un-any-normal-que-un-50-aniversari-satisfets-de-fer-historia\/#primaryimage","url":"https:\/\/media.radiolitoral.com\/wp-content\/uploads\/2024\/11\/25113350\/Inma-Font-Pta.-Associacio-MMiCC-Benissa.jpg","contentUrl":"https:\/\/media.radiolitoral.com\/wp-content\/uploads\/2024\/11\/25113350\/Inma-Font-Pta.-Associacio-MMiCC-Benissa.jpg","width":2000,"height":1125},{"@type":"BreadcrumbList","@id":"https:\/\/radiolitoral.com\/2024\/11\/inma-font-no-es-el-mateix-preparar-un-any-normal-que-un-50-aniversari-satisfets-de-fer-historia\/#breadcrumb","itemListElement":[{"@type":"ListItem","position":1,"name":"Portada","item":"https:\/\/radiolitoral.com\/"},{"@type":"ListItem","position":2,"name":"Inma Font: \u201cNo \u00e9s el mateix preparar un any normal que un 50 aniversari, per\u00f2 satisfets de fer hist\u00f2ria\u201d"}]},{"@type":"WebSite","@id":"https:\/\/radiolitoral.com\/#website","url":"https:\/\/radiolitoral.com\/","name":"R\u00e0dio Litoral","description":"La r\u00e0dio local de la Marina Alta","publisher":{"@id":"https:\/\/radiolitoral.com\/#organization"},"alternateName":"Litoral FM","potentialAction":[{"@type":"SearchAction","target":{"@type":"EntryPoint","urlTemplate":"https:\/\/radiolitoral.com\/?s={search_term_string}"},"query-input":{"@type":"PropertyValueSpecification","valueRequired":true,"valueName":"search_term_string"}}],"inLanguage":"ca"},{"@type":"Organization","@id":"https:\/\/radiolitoral.com\/#organization","name":"R\u00e0dio Litoral","url":"https:\/\/radiolitoral.com\/","logo":{"@type":"ImageObject","inLanguage":"ca","@id":"https:\/\/radiolitoral.com\/#\/schema\/logo\/image\/","url":"https:\/\/media.radiolitoral.com\/wp-content\/uploads\/2023\/02\/24143238\/CL-V-RadioLitoral696.png","contentUrl":"https:\/\/media.radiolitoral.com\/wp-content\/uploads\/2023\/02\/24143238\/CL-V-RadioLitoral696.png","width":696,"height":696,"caption":"Radio Litoral"},"image":{"@id":"https:\/\/radiolitoral.com\/#\/schema\/logo\/image\/"},"sameAs":["https:\/\/www.facebook.com\/Laradiolitoral\/"]},{"@type":"Person","@id":"https:\/\/radiolitoral.com\/#\/schema\/person\/f2b2343c49b5d721857cc1002bfdb151","name":"Redacci\u00f3","image":{"@type":"ImageObject","inLanguage":"ca","@id":"https:\/\/secure.gravatar.com\/avatar\/f771d896c203ad8b3382d7905cfcce5a5c9b008b84b3cd9114e9b9f4cb63f789?s=96&d=mm&r=g","url":"https:\/\/secure.gravatar.com\/avatar\/f771d896c203ad8b3382d7905cfcce5a5c9b008b84b3cd9114e9b9f4cb63f789?s=96&d=mm&r=g","contentUrl":"https:\/\/secure.gravatar.com\/avatar\/f771d896c203ad8b3382d7905cfcce5a5c9b008b84b3cd9114e9b9f4cb63f789?s=96&d=mm&r=g","caption":"Redacci\u00f3n"},"url":"https:\/\/radiolitoral.com\/ca\/author\/miriam-pagan\/"}]}},"_links":{"self":[{"href":"https:\/\/radiolitoral.com\/ca\/wp-json\/wp\/v2\/posts\/13269","targetHints":{"allow":["GET"]}}],"collection":[{"href":"https:\/\/radiolitoral.com\/ca\/wp-json\/wp\/v2\/posts"}],"about":[{"href":"https:\/\/radiolitoral.com\/ca\/wp-json\/wp\/v2\/types\/post"}],"author":[{"embeddable":true,"href":"https:\/\/radiolitoral.com\/ca\/wp-json\/wp\/v2\/users\/13"}],"replies":[{"embeddable":true,"href":"https:\/\/radiolitoral.com\/ca\/wp-json\/wp\/v2\/comments?post=13269"}],"version-history":[{"count":3,"href":"https:\/\/radiolitoral.com\/ca\/wp-json\/wp\/v2\/posts\/13269\/revisions"}],"predecessor-version":[{"id":13275,"href":"https:\/\/radiolitoral.com\/ca\/wp-json\/wp\/v2\/posts\/13269\/revisions\/13275"}],"wp:featuredmedia":[{"embeddable":true,"href":"https:\/\/radiolitoral.com\/ca\/wp-json\/wp\/v2\/media\/13271"}],"wp:attachment":[{"href":"https:\/\/radiolitoral.com\/ca\/wp-json\/wp\/v2\/media?parent=13269"}],"wp:term":[{"taxonomy":"category","embeddable":true,"href":"https:\/\/radiolitoral.com\/ca\/wp-json\/wp\/v2\/categories?post=13269"},{"taxonomy":"post_tag","embeddable":true,"href":"https:\/\/radiolitoral.com\/ca\/wp-json\/wp\/v2\/tags?post=13269"}],"curies":[{"name":"wp","href":"https:\/\/api.w.org\/{rel}","templated":true}]}}