{"id":13265,"date":"2024-11-23T09:48:16","date_gmt":"2024-11-23T08:48:16","guid":{"rendered":"https:\/\/radiolitoral.com\/?p=13265"},"modified":"2024-11-23T09:48:16","modified_gmt":"2024-11-23T08:48:16","slug":"la-ud-calp-vol-tallar-la-mala-ratxa-2","status":"publish","type":"post","link":"https:\/\/radiolitoral.com\/ca\/2024\/11\/la-ud-calpe-vol-atallar-la-seua-mala-ratxa-2\/","title":{"rendered":"El CD D\u00e9nia t\u00e9 l&#039;objectiu de guanyar Redov\u00e1n"},"content":{"rendered":"<p data-pm-slice=\"1 1 []\">L&#039;onzena jornada de la <strong>Lliga Comunitat<\/strong> ens porta dem\u00e0 un partit en qu\u00e8 el <strong>CD D\u00e9nia<\/strong> vol perllongar la seva bona ratxa. <strong>11:30 hores<\/strong>, i estar\u00e0 dirigit pel col\u00b7legiat <strong>De Lara Orts<\/strong>.<\/p>\n<p>La plantilla dianenca afronta aquest duel amb la moral pels n\u00f2vols despr\u00e9s de la seva brillant vict\u00f2ria davant la <strong>UD Calp<\/strong>. Un triomf que va servir per donar confian\u00e7a a un combinat que, clarament, va a m\u00e9s amb el pas de les jornades.<\/p>\n<p>Als fils de la formaci\u00f3 que entrena <strong>Juanjo Antol\u00ed<\/strong>, no sembla que hi hagin massa canvis respecte a l&#039;onze que va jugar d&#039;inici davant els calpins. Els lesionats van entrant a poc a poc a la din\u00e0mica de l&#039;equip, i aix\u00f2 \u00e9s benefici\u00f3s per augmentar la competitivitat entre els components de la plantilla.<\/p>\n<p>El rival del CD D\u00e9nia, el <strong>Redov\u00e1n CF<\/strong>, \u00e9s un conjunt que s&#039;aferra a la seva condici\u00f3 de local. No ha perdut cap dels partits que fins ara ha jugat al seu camp, i \u00e9s per aix\u00f2 que no posaran les coses f\u00e0cils a la formaci\u00f3 de la Marina Alta.<\/p>\n<p>El Redov\u00e1n CF ve de sumar dues derrotas consecutives, aix\u00f2 s\u00ed, jugant com a visitant, perdent tant a Calp com a Tavernes. El combinat del Baix Segura arriba a aquesta cita amb la necessitat de sumar els tres punts.<\/p>\n<p>&nbsp;<\/p>","protected":false},"excerpt":{"rendered":"<p>La onzena jornada de la Lliga Comunitat ens porta dem\u00e0 un partit en el qual el CD D\u00e9nia vol prolongar la seva bona ratxa. El partit es jugar\u00e0 al camp municipal Antonio Pascual de Redov\u00e1n, a les 11:30 hores, i estar\u00e0 dirigit pel col\u00b7legiat De Lara Orts. La plantilla dianenca afronta aquest duel amb la [&#8230;]<\/p>\n<p><a class=\"btn btn-secondary understrap-read-more-link\" href=\"https:\/\/radiolitoral.com\/ca\/2024\/11\/la-ud-calpe-vol-atallar-la-seua-mala-ratxa-2\/\">Continua llegint&#8230;<span class=\"screen-reader-text\"> from El CD D\u00e9nia t\u00e9 l&#8217;objectiu guanyar a Redov\u00e1n<\/span><\/a><\/p>\n","protected":false},"author":12,"featured_media":13266,"comment_status":"open","ping_status":"closed","sticky":false,"template":"","format":"standard","meta":{"_acf_changed":false,"inline_featured_image":false,"footnotes":""},"categories":[5],"tags":[893,6,895,1071,1228,889],"class_list":["post-13265","post","type-post","status-publish","format-standard","has-post-thumbnail","hentry","category-deportes","tag-cd-denia","tag-deportes","tag-juanjo-antoli","tag-lliga-comunitat","tag-redovan-cf","tag-ud-calpe"],"acf":[],"yoast_head":"<!-- This site is optimized with the Yoast SEO plugin v27.5 - https:\/\/yoast.com\/product\/yoast-seo-wordpress\/ -->\n<title>El CD D\u00e9nia t\u00e9 l&#039;objectiu guanyar a Redov\u00e1n | R\u00e0dio Litoral<\/title>\n<meta name=\"description\" content=\"La formaci\u00f3 que dirigix Juanjo Antonl\u00ed afronten este partit amb la moral pels n\u00favols despr\u00e9s de les seues dos vict\u00f2ries consecutivesLa formaci\u00f3 que dirigix Juanjo Antonl\u00ed afronten este partit amb la moral pels n\u00favols despr\u00e9s de les seues dos vict\u00f2ries consecutives\" \/>\n<meta name=\"robots\" content=\"index, follow, max-snippet:-1, max-image-preview:large, max-video-preview:-1\" \/>\n<link rel=\"canonical\" href=\"https:\/\/radiolitoral.com\/ca\/2024\/11\/la-ud-calp-vol-tallar-la-mala-ratxa-2\/\" \/>\n<meta property=\"og:locale\" content=\"ca_ES\" \/>\n<meta property=\"og:type\" content=\"article\" \/>\n<meta property=\"og:title\" content=\"El CD D\u00e9nia t\u00e9 l&#039;objectiu guanyar a Redov\u00e1n | R\u00e0dio Litoral\" \/>\n<meta property=\"og:description\" content=\"La formaci\u00f3 que dirigix Juanjo Antonl\u00ed afronten este partit amb la moral pels n\u00favols despr\u00e9s de les seues dos vict\u00f2ries consecutivesLa formaci\u00f3 que dirigix Juanjo Antonl\u00ed afronten este partit amb la moral pels n\u00favols despr\u00e9s de les seues dos vict\u00f2ries consecutives\" \/>\n<meta property=\"og:url\" content=\"https:\/\/radiolitoral.com\/ca\/2024\/11\/la-ud-calp-vol-tallar-la-mala-ratxa-2\/\" \/>\n<meta property=\"og:site_name\" content=\"R\u00e0dio Litoral\" \/>\n<meta property=\"article:publisher\" content=\"https:\/\/www.facebook.com\/Laradiolitoral\/\" \/>\n<meta property=\"article:published_time\" content=\"2024-11-23T08:48:16+00:00\" \/>\n<meta property=\"og:image\" content=\"https:\/\/media.radiolitoral.com\/wp-content\/uploads\/2024\/11\/23094537\/DSC_0368-scaled.jpg\" \/>\n\t<meta property=\"og:image:width\" content=\"2560\" \/>\n\t<meta property=\"og:image:height\" content=\"1707\" \/>\n\t<meta property=\"og:image:type\" content=\"image\/jpeg\" \/>\n<meta name=\"author\" content=\"Javier Zamora\" \/>\n<meta name=\"twitter:card\" content=\"summary_large_image\" \/>\n<meta name=\"twitter:label1\" content=\"Escrit per\" \/>\n\t<meta name=\"twitter:data1\" content=\"Javier Zamora\" \/>\n\t<meta name=\"twitter:label2\" content=\"Temps estimat de lectura\" \/>\n\t<meta name=\"twitter:data2\" content=\"2 minuts\" \/>\n<script type=\"application\/ld+json\" class=\"yoast-schema-graph\">{\"@context\":\"https:\\\/\\\/schema.org\",\"@graph\":[{\"@type\":\"NewsArticle\",\"@id\":\"https:\\\/\\\/radiolitoral.com\\\/2024\\\/11\\\/la-ud-calpe-vol-atallar-la-seua-mala-ratxa-2\\\/#article\",\"isPartOf\":{\"@id\":\"https:\\\/\\\/radiolitoral.com\\\/2024\\\/11\\\/la-ud-calpe-vol-atallar-la-seua-mala-ratxa-2\\\/\"},\"author\":{\"name\":\"Javier Zamora\",\"@id\":\"https:\\\/\\\/radiolitoral.com\\\/#\\\/schema\\\/person\\\/7b1480b5caeb5acdd4ec6379caf62b22\"},\"headline\":\"El CD D\u00e9nia t\u00e9 l&#8217;objectiu guanyar a Redov\u00e1n\",\"datePublished\":\"2024-11-23T08:48:16+00:00\",\"mainEntityOfPage\":{\"@id\":\"https:\\\/\\\/radiolitoral.com\\\/2024\\\/11\\\/la-ud-calpe-vol-atallar-la-seua-mala-ratxa-2\\\/\"},\"wordCount\":264,\"commentCount\":0,\"publisher\":{\"@id\":\"https:\\\/\\\/radiolitoral.com\\\/#organization\"},\"image\":{\"@id\":\"https:\\\/\\\/radiolitoral.com\\\/2024\\\/11\\\/la-ud-calpe-vol-atallar-la-seua-mala-ratxa-2\\\/#primaryimage\"},\"thumbnailUrl\":\"https:\\\/\\\/media.radiolitoral.com\\\/wp-content\\\/uploads\\\/2024\\\/11\\\/23094537\\\/DSC_0368-scaled.jpg\",\"keywords\":[\"CD D\u00e9nia\",\"deportes\",\"Juanjo Antol\u00ed.\",\"Lliga Comunitat\",\"Redovan CF\",\"UD Calpe\"],\"articleSection\":[\"Deportes\"],\"inLanguage\":\"ca\",\"potentialAction\":[{\"@type\":\"CommentAction\",\"name\":\"Comment\",\"target\":[\"https:\\\/\\\/radiolitoral.com\\\/2024\\\/11\\\/la-ud-calpe-vol-atallar-la-seua-mala-ratxa-2\\\/#respond\"]}]},{\"@type\":[\"WebPage\",\"ItemPage\"],\"@id\":\"https:\\\/\\\/radiolitoral.com\\\/2024\\\/11\\\/la-ud-calpe-vol-atallar-la-seua-mala-ratxa-2\\\/\",\"url\":\"https:\\\/\\\/radiolitoral.com\\\/2024\\\/11\\\/la-ud-calpe-vol-atallar-la-seua-mala-ratxa-2\\\/\",\"name\":\"El CD D\u00e9nia t\u00e9 l'objectiu guanyar a Redov\u00e1n | R\u00e0dio Litoral\",\"isPartOf\":{\"@id\":\"https:\\\/\\\/radiolitoral.com\\\/#website\"},\"primaryImageOfPage\":{\"@id\":\"https:\\\/\\\/radiolitoral.com\\\/2024\\\/11\\\/la-ud-calpe-vol-atallar-la-seua-mala-ratxa-2\\\/#primaryimage\"},\"image\":{\"@id\":\"https:\\\/\\\/radiolitoral.com\\\/2024\\\/11\\\/la-ud-calpe-vol-atallar-la-seua-mala-ratxa-2\\\/#primaryimage\"},\"thumbnailUrl\":\"https:\\\/\\\/media.radiolitoral.com\\\/wp-content\\\/uploads\\\/2024\\\/11\\\/23094537\\\/DSC_0368-scaled.jpg\",\"datePublished\":\"2024-11-23T08:48:16+00:00\",\"description\":\"La formaci\u00f3 que dirigix Juanjo Antonl\u00ed afronten este partit amb la moral pels n\u00favols despr\u00e9s de les seues dos vict\u00f2ries consecutivesLa formaci\u00f3 que dirigix Juanjo Antonl\u00ed afronten este partit amb la moral pels n\u00favols despr\u00e9s de les seues dos vict\u00f2ries consecutives\",\"breadcrumb\":{\"@id\":\"https:\\\/\\\/radiolitoral.com\\\/2024\\\/11\\\/la-ud-calpe-vol-atallar-la-seua-mala-ratxa-2\\\/#breadcrumb\"},\"inLanguage\":\"ca\",\"potentialAction\":[{\"@type\":\"ReadAction\",\"target\":[\"https:\\\/\\\/radiolitoral.com\\\/2024\\\/11\\\/la-ud-calpe-vol-atallar-la-seua-mala-ratxa-2\\\/\"]}]},{\"@type\":\"ImageObject\",\"inLanguage\":\"ca\",\"@id\":\"https:\\\/\\\/radiolitoral.com\\\/2024\\\/11\\\/la-ud-calpe-vol-atallar-la-seua-mala-ratxa-2\\\/#primaryimage\",\"url\":\"https:\\\/\\\/media.radiolitoral.com\\\/wp-content\\\/uploads\\\/2024\\\/11\\\/23094537\\\/DSC_0368-scaled.jpg\",\"contentUrl\":\"https:\\\/\\\/media.radiolitoral.com\\\/wp-content\\\/uploads\\\/2024\\\/11\\\/23094537\\\/DSC_0368-scaled.jpg\",\"width\":2560,\"height\":1707},{\"@type\":\"BreadcrumbList\",\"@id\":\"https:\\\/\\\/radiolitoral.com\\\/2024\\\/11\\\/la-ud-calpe-vol-atallar-la-seua-mala-ratxa-2\\\/#breadcrumb\",\"itemListElement\":[{\"@type\":\"ListItem\",\"position\":1,\"name\":\"Portada\",\"item\":\"https:\\\/\\\/radiolitoral.com\\\/\"},{\"@type\":\"ListItem\",\"position\":2,\"name\":\"El CD D\u00e9nia t\u00e9 l&#8217;objectiu guanyar a Redov\u00e1n\"}]},{\"@type\":\"WebSite\",\"@id\":\"https:\\\/\\\/radiolitoral.com\\\/#website\",\"url\":\"https:\\\/\\\/radiolitoral.com\\\/\",\"name\":\"Radio Litoral\",\"description\":\"La radio local de la Marina Alta\",\"publisher\":{\"@id\":\"https:\\\/\\\/radiolitoral.com\\\/#organization\"},\"alternateName\":\"Litoral FM\",\"potentialAction\":[{\"@type\":\"SearchAction\",\"target\":{\"@type\":\"EntryPoint\",\"urlTemplate\":\"https:\\\/\\\/radiolitoral.com\\\/?s={search_term_string}\"},\"query-input\":{\"@type\":\"PropertyValueSpecification\",\"valueRequired\":true,\"valueName\":\"search_term_string\"}}],\"inLanguage\":\"ca\"},{\"@type\":\"Organization\",\"@id\":\"https:\\\/\\\/radiolitoral.com\\\/#organization\",\"name\":\"Radio Litoral\",\"url\":\"https:\\\/\\\/radiolitoral.com\\\/\",\"logo\":{\"@type\":\"ImageObject\",\"inLanguage\":\"ca\",\"@id\":\"https:\\\/\\\/radiolitoral.com\\\/#\\\/schema\\\/logo\\\/image\\\/\",\"url\":\"https:\\\/\\\/media.radiolitoral.com\\\/wp-content\\\/uploads\\\/2023\\\/02\\\/24143238\\\/CL-V-RadioLitoral696.png\",\"contentUrl\":\"https:\\\/\\\/media.radiolitoral.com\\\/wp-content\\\/uploads\\\/2023\\\/02\\\/24143238\\\/CL-V-RadioLitoral696.png\",\"width\":696,\"height\":696,\"caption\":\"Radio Litoral\"},\"image\":{\"@id\":\"https:\\\/\\\/radiolitoral.com\\\/#\\\/schema\\\/logo\\\/image\\\/\"},\"sameAs\":[\"https:\\\/\\\/www.facebook.com\\\/Laradiolitoral\\\/\"]},{\"@type\":\"Person\",\"@id\":\"https:\\\/\\\/radiolitoral.com\\\/#\\\/schema\\\/person\\\/7b1480b5caeb5acdd4ec6379caf62b22\",\"name\":\"Javier Zamora\",\"image\":{\"@type\":\"ImageObject\",\"inLanguage\":\"ca\",\"@id\":\"https:\\\/\\\/secure.gravatar.com\\\/avatar\\\/467a11f6918c7d619c4043fc6fa2d3853053107973f05b6e9c04ea6c4e3a7b3f?s=96&d=mm&r=g\",\"url\":\"https:\\\/\\\/secure.gravatar.com\\\/avatar\\\/467a11f6918c7d619c4043fc6fa2d3853053107973f05b6e9c04ea6c4e3a7b3f?s=96&d=mm&r=g\",\"contentUrl\":\"https:\\\/\\\/secure.gravatar.com\\\/avatar\\\/467a11f6918c7d619c4043fc6fa2d3853053107973f05b6e9c04ea6c4e3a7b3f?s=96&d=mm&r=g\",\"caption\":\"Javier Zamora\"},\"url\":\"https:\\\/\\\/radiolitoral.com\\\/ca\\\/author\\\/javier-zamora\\\/\"}]}<\/script>\n<!-- \/ Yoast SEO plugin. -->","yoast_head_json":{"title":"El CD D\u00e9nia t\u00e9 l&#039;objectiu de guanyar Redov\u00e1n | R\u00e0dio Litoral","description":"La formaci\u00f3 que dirigeix Juanjo Antonl\u00ed afronten aquest partit amb la moral pels n\u00favols despr\u00e9s de les seves dues vict\u00f2ries consecutivesLa formaci\u00f3 que dirigeix Juanjo Antonl\u00ed afronten aquest partit amb la moral pels n\u00favols","robots":{"index":"index","follow":"follow","max-snippet":"max-snippet:-1","max-image-preview":"max-image-preview:large","max-video-preview":"max-video-preview:-1"},"canonical":"https:\/\/radiolitoral.com\/ca\/2024\/11\/la-ud-calp-vol-tallar-la-mala-ratxa-2\/","og_locale":"ca_ES","og_type":"article","og_title":"El CD D\u00e9nia t\u00e9 l'objectiu guanyar a Redov\u00e1n | R\u00e0dio Litoral","og_description":"La formaci\u00f3 que dirigix Juanjo Antonl\u00ed afronten este partit amb la moral pels n\u00favols despr\u00e9s de les seues dos vict\u00f2ries consecutivesLa formaci\u00f3 que dirigix Juanjo Antonl\u00ed afronten este partit amb la moral pels n\u00favols despr\u00e9s de les seues dos vict\u00f2ries consecutives","og_url":"https:\/\/radiolitoral.com\/ca\/2024\/11\/la-ud-calp-vol-tallar-la-mala-ratxa-2\/","og_site_name":"R\u00e0dio Litoral","article_publisher":"https:\/\/www.facebook.com\/Laradiolitoral\/","article_published_time":"2024-11-23T08:48:16+00:00","og_image":[{"width":2560,"height":1707,"url":"https:\/\/media.radiolitoral.com\/wp-content\/uploads\/2024\/11\/23094537\/DSC_0368-scaled.jpg","type":"image\/jpeg"}],"author":"Javier Zamora","twitter_card":"summary_large_image","twitter_misc":{"Escrit per":"Javier Zamora","Temps estimat de lectura":"2 minuts"},"schema":{"@context":"https:\/\/schema.org","@graph":[{"@type":"NewsArticle","@id":"https:\/\/radiolitoral.com\/2024\/11\/la-ud-calpe-vol-atallar-la-seua-mala-ratxa-2\/#article","isPartOf":{"@id":"https:\/\/radiolitoral.com\/2024\/11\/la-ud-calpe-vol-atallar-la-seua-mala-ratxa-2\/"},"author":{"name":"Javier Zamora","@id":"https:\/\/radiolitoral.com\/#\/schema\/person\/7b1480b5caeb5acdd4ec6379caf62b22"},"headline":"El CD D\u00e9nia t\u00e9 l&#8217;objectiu guanyar a Redov\u00e1n","datePublished":"2024-11-23T08:48:16+00:00","mainEntityOfPage":{"@id":"https:\/\/radiolitoral.com\/2024\/11\/la-ud-calpe-vol-atallar-la-seua-mala-ratxa-2\/"},"wordCount":264,"commentCount":0,"publisher":{"@id":"https:\/\/radiolitoral.com\/#organization"},"image":{"@id":"https:\/\/radiolitoral.com\/2024\/11\/la-ud-calpe-vol-atallar-la-seua-mala-ratxa-2\/#primaryimage"},"thumbnailUrl":"https:\/\/media.radiolitoral.com\/wp-content\/uploads\/2024\/11\/23094537\/DSC_0368-scaled.jpg","keywords":["CD D\u00e9nia","deportes","Juanjo Antol\u00ed.","Lliga Comunitat","Redovan CF","UD Calpe"],"articleSection":["Deportes"],"inLanguage":"ca","potentialAction":[{"@type":"CommentAction","name":"Comment","target":["https:\/\/radiolitoral.com\/2024\/11\/la-ud-calpe-vol-atallar-la-seua-mala-ratxa-2\/#respond"]}]},{"@type":["WebPage","ItemPage"],"@id":"https:\/\/radiolitoral.com\/2024\/11\/la-ud-calpe-vol-atallar-la-seua-mala-ratxa-2\/","url":"https:\/\/radiolitoral.com\/2024\/11\/la-ud-calpe-vol-atallar-la-seua-mala-ratxa-2\/","name":"El CD D\u00e9nia t\u00e9 l&#039;objectiu de guanyar Redov\u00e1n | R\u00e0dio Litoral","isPartOf":{"@id":"https:\/\/radiolitoral.com\/#website"},"primaryImageOfPage":{"@id":"https:\/\/radiolitoral.com\/2024\/11\/la-ud-calpe-vol-atallar-la-seua-mala-ratxa-2\/#primaryimage"},"image":{"@id":"https:\/\/radiolitoral.com\/2024\/11\/la-ud-calpe-vol-atallar-la-seua-mala-ratxa-2\/#primaryimage"},"thumbnailUrl":"https:\/\/media.radiolitoral.com\/wp-content\/uploads\/2024\/11\/23094537\/DSC_0368-scaled.jpg","datePublished":"2024-11-23T08:48:16+00:00","description":"La formaci\u00f3 que dirigeix Juanjo Antonl\u00ed afronten aquest partit amb la moral pels n\u00favols despr\u00e9s de les seves dues vict\u00f2ries consecutivesLa formaci\u00f3 que dirigeix Juanjo Antonl\u00ed afronten aquest partit amb la moral pels n\u00favols","breadcrumb":{"@id":"https:\/\/radiolitoral.com\/2024\/11\/la-ud-calpe-vol-atallar-la-seua-mala-ratxa-2\/#breadcrumb"},"inLanguage":"ca","potentialAction":[{"@type":"ReadAction","target":["https:\/\/radiolitoral.com\/2024\/11\/la-ud-calpe-vol-atallar-la-seua-mala-ratxa-2\/"]}]},{"@type":"ImageObject","inLanguage":"ca","@id":"https:\/\/radiolitoral.com\/2024\/11\/la-ud-calpe-vol-atallar-la-seua-mala-ratxa-2\/#primaryimage","url":"https:\/\/media.radiolitoral.com\/wp-content\/uploads\/2024\/11\/23094537\/DSC_0368-scaled.jpg","contentUrl":"https:\/\/media.radiolitoral.com\/wp-content\/uploads\/2024\/11\/23094537\/DSC_0368-scaled.jpg","width":2560,"height":1707},{"@type":"BreadcrumbList","@id":"https:\/\/radiolitoral.com\/2024\/11\/la-ud-calpe-vol-atallar-la-seua-mala-ratxa-2\/#breadcrumb","itemListElement":[{"@type":"ListItem","position":1,"name":"Portada","item":"https:\/\/radiolitoral.com\/"},{"@type":"ListItem","position":2,"name":"El CD D\u00e9nia t\u00e9 l&#8217;objectiu guanyar a Redov\u00e1n"}]},{"@type":"WebSite","@id":"https:\/\/radiolitoral.com\/#website","url":"https:\/\/radiolitoral.com\/","name":"R\u00e0dio Litoral","description":"La r\u00e0dio local de la Marina Alta","publisher":{"@id":"https:\/\/radiolitoral.com\/#organization"},"alternateName":"Litoral FM","potentialAction":[{"@type":"SearchAction","target":{"@type":"EntryPoint","urlTemplate":"https:\/\/radiolitoral.com\/?s={search_term_string}"},"query-input":{"@type":"PropertyValueSpecification","valueRequired":true,"valueName":"search_term_string"}}],"inLanguage":"ca"},{"@type":"Organization","@id":"https:\/\/radiolitoral.com\/#organization","name":"R\u00e0dio Litoral","url":"https:\/\/radiolitoral.com\/","logo":{"@type":"ImageObject","inLanguage":"ca","@id":"https:\/\/radiolitoral.com\/#\/schema\/logo\/image\/","url":"https:\/\/media.radiolitoral.com\/wp-content\/uploads\/2023\/02\/24143238\/CL-V-RadioLitoral696.png","contentUrl":"https:\/\/media.radiolitoral.com\/wp-content\/uploads\/2023\/02\/24143238\/CL-V-RadioLitoral696.png","width":696,"height":696,"caption":"Radio Litoral"},"image":{"@id":"https:\/\/radiolitoral.com\/#\/schema\/logo\/image\/"},"sameAs":["https:\/\/www.facebook.com\/Laradiolitoral\/"]},{"@type":"Person","@id":"https:\/\/radiolitoral.com\/#\/schema\/person\/7b1480b5caeb5acdd4ec6379caf62b22","name":"Javier Zamora","image":{"@type":"ImageObject","inLanguage":"ca","@id":"https:\/\/secure.gravatar.com\/avatar\/467a11f6918c7d619c4043fc6fa2d3853053107973f05b6e9c04ea6c4e3a7b3f?s=96&d=mm&r=g","url":"https:\/\/secure.gravatar.com\/avatar\/467a11f6918c7d619c4043fc6fa2d3853053107973f05b6e9c04ea6c4e3a7b3f?s=96&d=mm&r=g","contentUrl":"https:\/\/secure.gravatar.com\/avatar\/467a11f6918c7d619c4043fc6fa2d3853053107973f05b6e9c04ea6c4e3a7b3f?s=96&d=mm&r=g","caption":"Javier Zamora"},"url":"https:\/\/radiolitoral.com\/ca\/author\/javier-zamora\/"}]}},"_links":{"self":[{"href":"https:\/\/radiolitoral.com\/ca\/wp-json\/wp\/v2\/posts\/13265","targetHints":{"allow":["GET"]}}],"collection":[{"href":"https:\/\/radiolitoral.com\/ca\/wp-json\/wp\/v2\/posts"}],"about":[{"href":"https:\/\/radiolitoral.com\/ca\/wp-json\/wp\/v2\/types\/post"}],"author":[{"embeddable":true,"href":"https:\/\/radiolitoral.com\/ca\/wp-json\/wp\/v2\/users\/12"}],"replies":[{"embeddable":true,"href":"https:\/\/radiolitoral.com\/ca\/wp-json\/wp\/v2\/comments?post=13265"}],"version-history":[{"count":1,"href":"https:\/\/radiolitoral.com\/ca\/wp-json\/wp\/v2\/posts\/13265\/revisions"}],"predecessor-version":[{"id":13267,"href":"https:\/\/radiolitoral.com\/ca\/wp-json\/wp\/v2\/posts\/13265\/revisions\/13267"}],"wp:featuredmedia":[{"embeddable":true,"href":"https:\/\/radiolitoral.com\/ca\/wp-json\/wp\/v2\/media\/13266"}],"wp:attachment":[{"href":"https:\/\/radiolitoral.com\/ca\/wp-json\/wp\/v2\/media?parent=13265"}],"wp:term":[{"taxonomy":"category","embeddable":true,"href":"https:\/\/radiolitoral.com\/ca\/wp-json\/wp\/v2\/categories?post=13265"},{"taxonomy":"post_tag","embeddable":true,"href":"https:\/\/radiolitoral.com\/ca\/wp-json\/wp\/v2\/tags?post=13265"}],"curies":[{"name":"wp","href":"https:\/\/api.w.org\/{rel}","templated":true}]}}