{"id":13255,"date":"2024-11-22T18:19:25","date_gmt":"2024-11-22T17:19:25","guid":{"rendered":"https:\/\/radiolitoral.com\/?p=13255"},"modified":"2024-11-22T18:19:25","modified_gmt":"2024-11-22T17:19:25","slug":"benitatxell-aposta-per-sis-projectes-per-crear-un-espai-modern-accessible-i-ple-de-vida","status":"publish","type":"post","link":"https:\/\/radiolitoral.com\/ca\/2024\/11\/benitatxell-aposta-per-sis-projectes-per-crear-un-espai-modern-accessible-i-ple-de-vida\/","title":{"rendered":"Benitatxell aposta per sis projectes per crear un espai modern, accessible i ple de vida"},"content":{"rendered":"<p><strong>El Poble Nou de Benitatxell<\/strong> est\u00e0 decidit a transformar el seu nucli urb\u00e0 en un lloc on viure segueixi un plaer i l&#039;activitat comercial troba un nou impuls. Amb<strong> una inversi\u00f3 total de 7,6 milions d&#039;euros<\/strong>, dels quals el 60% provenen de fons externs, s&#039;executaran sis actuacions clau que redefiniran l&#039;espai urb\u00e0.<\/p>\n<figure id=\"attachment_13256\" aria-describedby=\"caption-attachment-13256\" style=\"width: 640px\" class=\"wp-caption aligncenter\"><a href=\"https:\/\/media.radiolitoral.com\/wp-content\/uploads\/2024\/11\/22181739\/IMG_5081-scaled.jpg\"><img loading=\"lazy\" decoding=\"async\" class=\"wp-image-13256 size-large\" src=\"https:\/\/media.radiolitoral.com\/wp-content\/uploads\/2024\/11\/22181739\/IMG_5081-1024x683.jpg\" alt=\"\" width=\"640\" height=\"427\" srcset=\"https:\/\/media.radiolitoral.com\/wp-content\/uploads\/2024\/11\/22181739\/IMG_5081-1024x683.jpg 1024w, https:\/\/media.radiolitoral.com\/wp-content\/uploads\/2024\/11\/22181739\/IMG_5081-300x200.jpg 300w, https:\/\/media.radiolitoral.com\/wp-content\/uploads\/2024\/11\/22181739\/IMG_5081-768x512.jpg 768w, https:\/\/media.radiolitoral.com\/wp-content\/uploads\/2024\/11\/22181739\/IMG_5081-1536x1024.jpg 1536w, https:\/\/media.radiolitoral.com\/wp-content\/uploads\/2024\/11\/22181739\/IMG_5081-2048x1365.jpg 2048w, https:\/\/media.radiolitoral.com\/wp-content\/uploads\/2024\/11\/22181739\/IMG_5081-18x12.jpg 18w, https:\/\/media.radiolitoral.com\/wp-content\/uploads\/2024\/11\/22181739\/IMG_5081-1000x667.jpg 1000w, https:\/\/media.radiolitoral.com\/wp-content\/uploads\/2024\/11\/22181739\/IMG_5081-100x67.jpg 100w, https:\/\/media.radiolitoral.com\/wp-content\/uploads\/2024\/11\/22181739\/IMG_5081-200x133.jpg 200w\" sizes=\"auto, (max-width: 640px) 100vw, 640px\" \/><\/a><figcaption id=\"caption-attachment-13256\" class=\"wp-caption-text\">Presentaci\u00f3 del projecte Aj. Benitatxell<\/figcaption><\/figure>\n<h4><strong>Carrers sense barreres i espais per conviure<\/strong><\/h4>\n<p>La <strong>reurbanitzaci\u00f3 dels carrers La Pau i Major<\/strong> \u00e9s un dels projectes m\u00e9s destacats. Aquestes vies es convertiran en plataformes \u00faniques amb zones verdes, mobiliari urb\u00e0 modern i tr\u00e0nsit redu\u00eft, per prioritzar el benestar dels vianants i la vida social. Aquesta actuaci\u00f3 compta amb un pressupost proper al mili\u00f3 deuros.<\/p>\n<p>La rehabilitaci\u00f3 del Mercat Municipal cerca transformar-lo en un espai multifuncional amb llocs de venda, restauraci\u00f3 i una nova planta amb terrassa. Amb una inversi\u00f3 de m\u00e9s d&#039;1,4 milions d&#039;euros, aquest projecte pret\u00e9n convertir el mercat en un centre social i cultural que revitalitzi el municipi.<\/p>\n<h4><strong>Espais amb \u00e0nima per a tots<\/strong><\/h4>\n<p>Altres actuacions inclouen la remodelaci\u00f3 de la pla\u00e7a de les Pesqueres, la creaci\u00f3 d&#039;un aparcament mirador amb vista al Montg\u00f3 i la modernitzaci\u00f3 del col\u00b7legi Santa Maria Magdalena. Tots aquests projectes comparteixen un objectiu: dissenyar un poble m\u00e9s hum\u00e0, on cada rac\u00f3 convida a passejar, conviure i gaudir.<\/p>\n<p>L&#039;arquitecte Jos\u00e9 Antonio Lizancos va subrayar la import\u00e0ncia del treball realitzat: \u201cEuropa no ha regalat res; el treball intens d&#039;aquest equip ha fet possible aquests projectes, que transformessin Benitatxell en un referent de modernitat i conviv\u00e8ncia.\u201d<\/p>","protected":false},"excerpt":{"rendered":"<p>El Poble Nou de Benitatxell est\u00e0 decidit a transformar el seu nucli urb\u00e0 en un lloc on viure siga un plaer i l&#8217;activitat comercial trobe un nou impuls. Amb una inversi\u00f3 total de 7,6 milions d&#8217;euros, dels quals el 60% provenen de fons externs, s&#8217;executaran sis actuacions clau que redefiniran l&#8217;espai urb\u00e0. Carrers sense barreres [&#8230;]<\/p>\n<p><a class=\"btn btn-secondary understrap-read-more-link\" href=\"https:\/\/radiolitoral.com\/ca\/2024\/11\/benitatxell-aposta-per-sis-projectes-per-crear-un-espai-modern-accessible-i-ple-de-vida\/\">Continua llegint&#8230;<span class=\"screen-reader-text\"> from Benitatxell aposta per sis projectes per crear un espai modern, accessible i ple de vida<\/span><\/a><\/p>\n","protected":false},"author":14,"featured_media":13258,"comment_status":"open","ping_status":"closed","sticky":false,"template":"","format":"standard","meta":{"_acf_changed":false,"inline_featured_image":false,"footnotes":""},"categories":[100],"tags":[184,2837,835],"class_list":["post-13255","post","type-post","status-publish","format-standard","has-post-thumbnail","hentry","category-obras","tag-benitatxell","tag-mercat-municipal","tag-obras","cobertura-poble-nou-de-benitatxell"],"acf":[],"yoast_head":"<!-- This site is optimized with the Yoast SEO plugin v27.5 - https:\/\/yoast.com\/product\/yoast-seo-wordpress\/ -->\n<title>Benitatxell aposta per sis projectes per crear un espai modern, accessible i ple de vida | R\u00e0dio Litoral<\/title>\n<meta name=\"description\" content=\"La rehabilitaci\u00f3 del Mercat Municipal busca transformar-lo en un espai multifuncional\" \/>\n<meta name=\"robots\" content=\"index, follow, max-snippet:-1, max-image-preview:large, max-video-preview:-1\" \/>\n<link rel=\"canonical\" href=\"https:\/\/radiolitoral.com\/ca\/2024\/11\/benitatxell-aposta-per-sis-projectes-per-crear-un-espai-modern-accessible-i-ple-de-vida\/\" \/>\n<meta property=\"og:locale\" content=\"ca_ES\" \/>\n<meta property=\"og:type\" content=\"article\" \/>\n<meta property=\"og:title\" content=\"Benitatxell aposta per sis projectes per crear un espai modern, accessible i ple de vida | R\u00e0dio Litoral\" \/>\n<meta property=\"og:description\" content=\"La rehabilitaci\u00f3 del Mercat Municipal busca transformar-lo en un espai multifuncional\" \/>\n<meta property=\"og:url\" content=\"https:\/\/radiolitoral.com\/ca\/2024\/11\/benitatxell-aposta-per-sis-projectes-per-crear-un-espai-modern-accessible-i-ple-de-vida\/\" \/>\n<meta property=\"og:site_name\" content=\"R\u00e0dio Litoral\" \/>\n<meta property=\"article:publisher\" content=\"https:\/\/www.facebook.com\/Laradiolitoral\/\" \/>\n<meta property=\"article:published_time\" content=\"2024-11-22T17:19:25+00:00\" \/>\n<meta property=\"og:image\" content=\"https:\/\/media.radiolitoral.com\/wp-content\/uploads\/2024\/11\/22181759\/IMG_5120-scaled.jpg\" \/>\n\t<meta property=\"og:image:width\" content=\"2560\" \/>\n\t<meta property=\"og:image:height\" content=\"1707\" \/>\n\t<meta property=\"og:image:type\" content=\"image\/jpeg\" \/>\n<meta name=\"author\" content=\"Redacci\u00f3n\" \/>\n<meta name=\"twitter:card\" content=\"summary_large_image\" \/>\n<meta name=\"twitter:label1\" content=\"Escrit per\" \/>\n\t<meta name=\"twitter:data1\" content=\"Redacci\u00f3n\" \/>\n\t<meta name=\"twitter:label2\" content=\"Temps estimat de lectura\" \/>\n\t<meta name=\"twitter:data2\" content=\"2 minuts\" \/>\n<script type=\"application\/ld+json\" class=\"yoast-schema-graph\">{\"@context\":\"https:\\\/\\\/schema.org\",\"@graph\":[{\"@type\":\"NewsArticle\",\"@id\":\"https:\\\/\\\/radiolitoral.com\\\/2024\\\/11\\\/benitatxell-aposta-per-sis-projectes-per-crear-un-espai-modern-accessible-i-ple-de-vida\\\/#article\",\"isPartOf\":{\"@id\":\"https:\\\/\\\/radiolitoral.com\\\/2024\\\/11\\\/benitatxell-aposta-per-sis-projectes-per-crear-un-espai-modern-accessible-i-ple-de-vida\\\/\"},\"author\":{\"name\":\"Redacci\u00f3n\",\"@id\":\"https:\\\/\\\/radiolitoral.com\\\/#\\\/schema\\\/person\\\/96b739642eb3bedb532aac3812d23307\"},\"headline\":\"Benitatxell aposta per sis projectes per crear un espai modern, accessible i ple de vida\",\"datePublished\":\"2024-11-22T17:19:25+00:00\",\"mainEntityOfPage\":{\"@id\":\"https:\\\/\\\/radiolitoral.com\\\/2024\\\/11\\\/benitatxell-aposta-per-sis-projectes-per-crear-un-espai-modern-accessible-i-ple-de-vida\\\/\"},\"wordCount\":290,\"commentCount\":0,\"publisher\":{\"@id\":\"https:\\\/\\\/radiolitoral.com\\\/#organization\"},\"image\":{\"@id\":\"https:\\\/\\\/radiolitoral.com\\\/2024\\\/11\\\/benitatxell-aposta-per-sis-projectes-per-crear-un-espai-modern-accessible-i-ple-de-vida\\\/#primaryimage\"},\"thumbnailUrl\":\"https:\\\/\\\/media.radiolitoral.com\\\/wp-content\\\/uploads\\\/2024\\\/11\\\/22181759\\\/IMG_5120-scaled.jpg\",\"keywords\":[\"Benitatxell\",\"mercat municipal\",\"obras\"],\"articleSection\":[\"Obras\"],\"inLanguage\":\"ca\",\"potentialAction\":[{\"@type\":\"CommentAction\",\"name\":\"Comment\",\"target\":[\"https:\\\/\\\/radiolitoral.com\\\/2024\\\/11\\\/benitatxell-aposta-per-sis-projectes-per-crear-un-espai-modern-accessible-i-ple-de-vida\\\/#respond\"]}]},{\"@type\":[\"WebPage\",\"ItemPage\"],\"@id\":\"https:\\\/\\\/radiolitoral.com\\\/2024\\\/11\\\/benitatxell-aposta-per-sis-projectes-per-crear-un-espai-modern-accessible-i-ple-de-vida\\\/\",\"url\":\"https:\\\/\\\/radiolitoral.com\\\/2024\\\/11\\\/benitatxell-aposta-per-sis-projectes-per-crear-un-espai-modern-accessible-i-ple-de-vida\\\/\",\"name\":\"Benitatxell aposta per sis projectes per crear un espai modern, accessible i ple de vida | R\u00e0dio Litoral\",\"isPartOf\":{\"@id\":\"https:\\\/\\\/radiolitoral.com\\\/#website\"},\"primaryImageOfPage\":{\"@id\":\"https:\\\/\\\/radiolitoral.com\\\/2024\\\/11\\\/benitatxell-aposta-per-sis-projectes-per-crear-un-espai-modern-accessible-i-ple-de-vida\\\/#primaryimage\"},\"image\":{\"@id\":\"https:\\\/\\\/radiolitoral.com\\\/2024\\\/11\\\/benitatxell-aposta-per-sis-projectes-per-crear-un-espai-modern-accessible-i-ple-de-vida\\\/#primaryimage\"},\"thumbnailUrl\":\"https:\\\/\\\/media.radiolitoral.com\\\/wp-content\\\/uploads\\\/2024\\\/11\\\/22181759\\\/IMG_5120-scaled.jpg\",\"datePublished\":\"2024-11-22T17:19:25+00:00\",\"description\":\"La rehabilitaci\u00f3 del Mercat Municipal busca transformar-lo en un espai multifuncional\",\"breadcrumb\":{\"@id\":\"https:\\\/\\\/radiolitoral.com\\\/2024\\\/11\\\/benitatxell-aposta-per-sis-projectes-per-crear-un-espai-modern-accessible-i-ple-de-vida\\\/#breadcrumb\"},\"inLanguage\":\"ca\",\"potentialAction\":[{\"@type\":\"ReadAction\",\"target\":[\"https:\\\/\\\/radiolitoral.com\\\/2024\\\/11\\\/benitatxell-aposta-per-sis-projectes-per-crear-un-espai-modern-accessible-i-ple-de-vida\\\/\"]}]},{\"@type\":\"ImageObject\",\"inLanguage\":\"ca\",\"@id\":\"https:\\\/\\\/radiolitoral.com\\\/2024\\\/11\\\/benitatxell-aposta-per-sis-projectes-per-crear-un-espai-modern-accessible-i-ple-de-vida\\\/#primaryimage\",\"url\":\"https:\\\/\\\/media.radiolitoral.com\\\/wp-content\\\/uploads\\\/2024\\\/11\\\/22181759\\\/IMG_5120-scaled.jpg\",\"contentUrl\":\"https:\\\/\\\/media.radiolitoral.com\\\/wp-content\\\/uploads\\\/2024\\\/11\\\/22181759\\\/IMG_5120-scaled.jpg\",\"width\":2560,\"height\":1707},{\"@type\":\"BreadcrumbList\",\"@id\":\"https:\\\/\\\/radiolitoral.com\\\/2024\\\/11\\\/benitatxell-aposta-per-sis-projectes-per-crear-un-espai-modern-accessible-i-ple-de-vida\\\/#breadcrumb\",\"itemListElement\":[{\"@type\":\"ListItem\",\"position\":1,\"name\":\"Portada\",\"item\":\"https:\\\/\\\/radiolitoral.com\\\/\"},{\"@type\":\"ListItem\",\"position\":2,\"name\":\"Benitatxell aposta per sis projectes per crear un espai modern, accessible i ple de vida\"}]},{\"@type\":\"WebSite\",\"@id\":\"https:\\\/\\\/radiolitoral.com\\\/#website\",\"url\":\"https:\\\/\\\/radiolitoral.com\\\/\",\"name\":\"Radio Litoral\",\"description\":\"La radio local de la Marina Alta\",\"publisher\":{\"@id\":\"https:\\\/\\\/radiolitoral.com\\\/#organization\"},\"alternateName\":\"Litoral FM\",\"potentialAction\":[{\"@type\":\"SearchAction\",\"target\":{\"@type\":\"EntryPoint\",\"urlTemplate\":\"https:\\\/\\\/radiolitoral.com\\\/?s={search_term_string}\"},\"query-input\":{\"@type\":\"PropertyValueSpecification\",\"valueRequired\":true,\"valueName\":\"search_term_string\"}}],\"inLanguage\":\"ca\"},{\"@type\":\"Organization\",\"@id\":\"https:\\\/\\\/radiolitoral.com\\\/#organization\",\"name\":\"Radio Litoral\",\"url\":\"https:\\\/\\\/radiolitoral.com\\\/\",\"logo\":{\"@type\":\"ImageObject\",\"inLanguage\":\"ca\",\"@id\":\"https:\\\/\\\/radiolitoral.com\\\/#\\\/schema\\\/logo\\\/image\\\/\",\"url\":\"https:\\\/\\\/media.radiolitoral.com\\\/wp-content\\\/uploads\\\/2023\\\/02\\\/24143238\\\/CL-V-RadioLitoral696.png\",\"contentUrl\":\"https:\\\/\\\/media.radiolitoral.com\\\/wp-content\\\/uploads\\\/2023\\\/02\\\/24143238\\\/CL-V-RadioLitoral696.png\",\"width\":696,\"height\":696,\"caption\":\"Radio Litoral\"},\"image\":{\"@id\":\"https:\\\/\\\/radiolitoral.com\\\/#\\\/schema\\\/logo\\\/image\\\/\"},\"sameAs\":[\"https:\\\/\\\/www.facebook.com\\\/Laradiolitoral\\\/\"]},{\"@type\":\"Person\",\"@id\":\"https:\\\/\\\/radiolitoral.com\\\/#\\\/schema\\\/person\\\/96b739642eb3bedb532aac3812d23307\",\"name\":\"Redacci\u00f3n\",\"image\":{\"@type\":\"ImageObject\",\"inLanguage\":\"ca\",\"@id\":\"https:\\\/\\\/secure.gravatar.com\\\/avatar\\\/30cd06129ee90411dd9c7cbdcf17464181d1a3c7b072e92070ea75a25cf0097e?s=96&d=mm&r=g\",\"url\":\"https:\\\/\\\/secure.gravatar.com\\\/avatar\\\/30cd06129ee90411dd9c7cbdcf17464181d1a3c7b072e92070ea75a25cf0097e?s=96&d=mm&r=g\",\"contentUrl\":\"https:\\\/\\\/secure.gravatar.com\\\/avatar\\\/30cd06129ee90411dd9c7cbdcf17464181d1a3c7b072e92070ea75a25cf0097e?s=96&d=mm&r=g\",\"caption\":\"Redacci\u00f3n\"},\"url\":\"https:\\\/\\\/radiolitoral.com\\\/ca\\\/author\\\/kevin-carrio\\\/\"}]}<\/script>\n<!-- \/ Yoast SEO plugin. -->","yoast_head_json":{"title":"Benitatxell aposta per sis projectes per crear un espai modern, accessible i ple de vida | R\u00e0dio Litoral","description":"La rehabilitaci\u00f3 del Mercat Municipal cerca transformar-lo en un espai multifuncional","robots":{"index":"index","follow":"follow","max-snippet":"max-snippet:-1","max-image-preview":"max-image-preview:large","max-video-preview":"max-video-preview:-1"},"canonical":"https:\/\/radiolitoral.com\/ca\/2024\/11\/benitatxell-aposta-per-sis-projectes-per-crear-un-espai-modern-accessible-i-ple-de-vida\/","og_locale":"ca_ES","og_type":"article","og_title":"Benitatxell aposta per sis projectes per crear un espai modern, accessible i ple de vida | R\u00e0dio Litoral","og_description":"La rehabilitaci\u00f3 del Mercat Municipal busca transformar-lo en un espai multifuncional","og_url":"https:\/\/radiolitoral.com\/ca\/2024\/11\/benitatxell-aposta-per-sis-projectes-per-crear-un-espai-modern-accessible-i-ple-de-vida\/","og_site_name":"R\u00e0dio Litoral","article_publisher":"https:\/\/www.facebook.com\/Laradiolitoral\/","article_published_time":"2024-11-22T17:19:25+00:00","og_image":[{"width":2560,"height":1707,"url":"https:\/\/media.radiolitoral.com\/wp-content\/uploads\/2024\/11\/22181759\/IMG_5120-scaled.jpg","type":"image\/jpeg"}],"author":"Redacci\u00f3n","twitter_card":"summary_large_image","twitter_misc":{"Escrit per":"Redacci\u00f3n","Temps estimat de lectura":"2 minuts"},"schema":{"@context":"https:\/\/schema.org","@graph":[{"@type":"NewsArticle","@id":"https:\/\/radiolitoral.com\/2024\/11\/benitatxell-aposta-per-sis-projectes-per-crear-un-espai-modern-accessible-i-ple-de-vida\/#article","isPartOf":{"@id":"https:\/\/radiolitoral.com\/2024\/11\/benitatxell-aposta-per-sis-projectes-per-crear-un-espai-modern-accessible-i-ple-de-vida\/"},"author":{"name":"Redacci\u00f3n","@id":"https:\/\/radiolitoral.com\/#\/schema\/person\/96b739642eb3bedb532aac3812d23307"},"headline":"Benitatxell aposta per sis projectes per crear un espai modern, accessible i ple de vida","datePublished":"2024-11-22T17:19:25+00:00","mainEntityOfPage":{"@id":"https:\/\/radiolitoral.com\/2024\/11\/benitatxell-aposta-per-sis-projectes-per-crear-un-espai-modern-accessible-i-ple-de-vida\/"},"wordCount":290,"commentCount":0,"publisher":{"@id":"https:\/\/radiolitoral.com\/#organization"},"image":{"@id":"https:\/\/radiolitoral.com\/2024\/11\/benitatxell-aposta-per-sis-projectes-per-crear-un-espai-modern-accessible-i-ple-de-vida\/#primaryimage"},"thumbnailUrl":"https:\/\/media.radiolitoral.com\/wp-content\/uploads\/2024\/11\/22181759\/IMG_5120-scaled.jpg","keywords":["Benitatxell","mercat municipal","obras"],"articleSection":["Obras"],"inLanguage":"ca","potentialAction":[{"@type":"CommentAction","name":"Comment","target":["https:\/\/radiolitoral.com\/2024\/11\/benitatxell-aposta-per-sis-projectes-per-crear-un-espai-modern-accessible-i-ple-de-vida\/#respond"]}]},{"@type":["WebPage","ItemPage"],"@id":"https:\/\/radiolitoral.com\/2024\/11\/benitatxell-aposta-per-sis-projectes-per-crear-un-espai-modern-accessible-i-ple-de-vida\/","url":"https:\/\/radiolitoral.com\/2024\/11\/benitatxell-aposta-per-sis-projectes-per-crear-un-espai-modern-accessible-i-ple-de-vida\/","name":"Benitatxell aposta per sis projectes per crear un espai modern, accessible i ple de vida | R\u00e0dio Litoral","isPartOf":{"@id":"https:\/\/radiolitoral.com\/#website"},"primaryImageOfPage":{"@id":"https:\/\/radiolitoral.com\/2024\/11\/benitatxell-aposta-per-sis-projectes-per-crear-un-espai-modern-accessible-i-ple-de-vida\/#primaryimage"},"image":{"@id":"https:\/\/radiolitoral.com\/2024\/11\/benitatxell-aposta-per-sis-projectes-per-crear-un-espai-modern-accessible-i-ple-de-vida\/#primaryimage"},"thumbnailUrl":"https:\/\/media.radiolitoral.com\/wp-content\/uploads\/2024\/11\/22181759\/IMG_5120-scaled.jpg","datePublished":"2024-11-22T17:19:25+00:00","description":"La rehabilitaci\u00f3 del Mercat Municipal cerca transformar-lo en un espai multifuncional","breadcrumb":{"@id":"https:\/\/radiolitoral.com\/2024\/11\/benitatxell-aposta-per-sis-projectes-per-crear-un-espai-modern-accessible-i-ple-de-vida\/#breadcrumb"},"inLanguage":"ca","potentialAction":[{"@type":"ReadAction","target":["https:\/\/radiolitoral.com\/2024\/11\/benitatxell-aposta-per-sis-projectes-per-crear-un-espai-modern-accessible-i-ple-de-vida\/"]}]},{"@type":"ImageObject","inLanguage":"ca","@id":"https:\/\/radiolitoral.com\/2024\/11\/benitatxell-aposta-per-sis-projectes-per-crear-un-espai-modern-accessible-i-ple-de-vida\/#primaryimage","url":"https:\/\/media.radiolitoral.com\/wp-content\/uploads\/2024\/11\/22181759\/IMG_5120-scaled.jpg","contentUrl":"https:\/\/media.radiolitoral.com\/wp-content\/uploads\/2024\/11\/22181759\/IMG_5120-scaled.jpg","width":2560,"height":1707},{"@type":"BreadcrumbList","@id":"https:\/\/radiolitoral.com\/2024\/11\/benitatxell-aposta-per-sis-projectes-per-crear-un-espai-modern-accessible-i-ple-de-vida\/#breadcrumb","itemListElement":[{"@type":"ListItem","position":1,"name":"Portada","item":"https:\/\/radiolitoral.com\/"},{"@type":"ListItem","position":2,"name":"Benitatxell aposta per sis projectes per crear un espai modern, accessible i ple de vida"}]},{"@type":"WebSite","@id":"https:\/\/radiolitoral.com\/#website","url":"https:\/\/radiolitoral.com\/","name":"R\u00e0dio Litoral","description":"La r\u00e0dio local de la Marina Alta","publisher":{"@id":"https:\/\/radiolitoral.com\/#organization"},"alternateName":"Litoral FM","potentialAction":[{"@type":"SearchAction","target":{"@type":"EntryPoint","urlTemplate":"https:\/\/radiolitoral.com\/?s={search_term_string}"},"query-input":{"@type":"PropertyValueSpecification","valueRequired":true,"valueName":"search_term_string"}}],"inLanguage":"ca"},{"@type":"Organization","@id":"https:\/\/radiolitoral.com\/#organization","name":"R\u00e0dio Litoral","url":"https:\/\/radiolitoral.com\/","logo":{"@type":"ImageObject","inLanguage":"ca","@id":"https:\/\/radiolitoral.com\/#\/schema\/logo\/image\/","url":"https:\/\/media.radiolitoral.com\/wp-content\/uploads\/2023\/02\/24143238\/CL-V-RadioLitoral696.png","contentUrl":"https:\/\/media.radiolitoral.com\/wp-content\/uploads\/2023\/02\/24143238\/CL-V-RadioLitoral696.png","width":696,"height":696,"caption":"Radio Litoral"},"image":{"@id":"https:\/\/radiolitoral.com\/#\/schema\/logo\/image\/"},"sameAs":["https:\/\/www.facebook.com\/Laradiolitoral\/"]},{"@type":"Person","@id":"https:\/\/radiolitoral.com\/#\/schema\/person\/96b739642eb3bedb532aac3812d23307","name":"Redacci\u00f3","image":{"@type":"ImageObject","inLanguage":"ca","@id":"https:\/\/secure.gravatar.com\/avatar\/30cd06129ee90411dd9c7cbdcf17464181d1a3c7b072e92070ea75a25cf0097e?s=96&d=mm&r=g","url":"https:\/\/secure.gravatar.com\/avatar\/30cd06129ee90411dd9c7cbdcf17464181d1a3c7b072e92070ea75a25cf0097e?s=96&d=mm&r=g","contentUrl":"https:\/\/secure.gravatar.com\/avatar\/30cd06129ee90411dd9c7cbdcf17464181d1a3c7b072e92070ea75a25cf0097e?s=96&d=mm&r=g","caption":"Redacci\u00f3n"},"url":"https:\/\/radiolitoral.com\/ca\/author\/kevin-carrio\/"}]}},"_links":{"self":[{"href":"https:\/\/radiolitoral.com\/ca\/wp-json\/wp\/v2\/posts\/13255","targetHints":{"allow":["GET"]}}],"collection":[{"href":"https:\/\/radiolitoral.com\/ca\/wp-json\/wp\/v2\/posts"}],"about":[{"href":"https:\/\/radiolitoral.com\/ca\/wp-json\/wp\/v2\/types\/post"}],"author":[{"embeddable":true,"href":"https:\/\/radiolitoral.com\/ca\/wp-json\/wp\/v2\/users\/14"}],"replies":[{"embeddable":true,"href":"https:\/\/radiolitoral.com\/ca\/wp-json\/wp\/v2\/comments?post=13255"}],"version-history":[{"count":1,"href":"https:\/\/radiolitoral.com\/ca\/wp-json\/wp\/v2\/posts\/13255\/revisions"}],"predecessor-version":[{"id":13259,"href":"https:\/\/radiolitoral.com\/ca\/wp-json\/wp\/v2\/posts\/13255\/revisions\/13259"}],"wp:featuredmedia":[{"embeddable":true,"href":"https:\/\/radiolitoral.com\/ca\/wp-json\/wp\/v2\/media\/13258"}],"wp:attachment":[{"href":"https:\/\/radiolitoral.com\/ca\/wp-json\/wp\/v2\/media?parent=13255"}],"wp:term":[{"taxonomy":"category","embeddable":true,"href":"https:\/\/radiolitoral.com\/ca\/wp-json\/wp\/v2\/categories?post=13255"},{"taxonomy":"post_tag","embeddable":true,"href":"https:\/\/radiolitoral.com\/ca\/wp-json\/wp\/v2\/tags?post=13255"}],"curies":[{"name":"wp","href":"https:\/\/api.w.org\/{rel}","templated":true}]}}