{"id":13181,"date":"2024-11-20T10:02:19","date_gmt":"2024-11-20T09:02:19","guid":{"rendered":"https:\/\/radiolitoral.com\/?p=13181"},"modified":"2024-11-20T10:02:19","modified_gmt":"2024-11-20T09:02:19","slug":"el-primer-equip-del-cfs-denier-va-vencer-el-rebolledo-fs","status":"publish","type":"post","link":"https:\/\/radiolitoral.com\/ca\/2024\/11\/el-primer-equip-del-cfs-dianense-va-vencer-al-rebolledo-fs\/","title":{"rendered":"El primer equip del CFS Dianense va v\u00e8ncer el Rebolledo FS"},"content":{"rendered":"<p>El <strong>CFS Dianense-Rte. Mena<\/strong> va ser l&#039;\u00fanic equip del club que va aconseguir la vict\u00f2ria a l&#039;\u00faltima jornada disputada, mentre que la resta de formacions van ser derrotades.<\/p>\n<p>A la categoria de <strong>Primera Regional<\/strong>, el partit disputat al pavell\u00f3 municipal de D\u00e9nia va estar marcat per la igualtat i l&#039;emoci\u00f3 amb vict\u00f2ria dels locals davant el <strong>Rebolledo FS (6-4)<\/strong>. Des de l&#039;inici del partit, els locals van mostrar un joc incisiu i es van avan\u00e7ar al marcador amb un gol de Cali. La reacci\u00f3 visitant no es va fer esperar i van empatar amb l&#039;1 a 1.<\/p>\n<p>Dos minuts m\u00e9s tard, Unai va tornar a posar per davant els dianencs, que van veure la seva ventaja ampliada despr\u00e9s dels gols del mateix Unai i Cali. Els visitants aconseguiran el 4 a 2 abans d&#039;arribar al descans.<\/p>\n<p>A la segona meitat, un gol de Molina va posar el 4 a 3, afegint emoci\u00f3 al partit. Omar va aconseguir l&#039;empat a 4 gols. Cali va tornar a donar avantatge al CFS Dianense i la sent\u00e8ncia va arribar amb el gol aconseguit per Pau en els instants finals. Despr\u00e9s d&#039;aquesta jornada, l&#039;equip de <strong>Dani Franco<\/strong> ascendeix fins a la sexta pla\u00e7a a la classificaci\u00f3.<\/p>\n<h2>Mals resultats per als equips de la pedrera<\/h2>\n<p>A la <strong>categoria juvenil<\/strong>, el <strong>CFS Dianense<\/strong> va caure davant el <strong>Serelles Alcoi per 1 a 2<\/strong>. El partit va estar presidit per una gran igualtat, per\u00f2 un gol a l&#039;\u00faltim minut d&#039;Hugo va impedir als locals poder sumar cap punt. La derrota els deixa a la setena posici\u00f3 de la classificaci\u00f3.<\/p>\n<p>A la <strong>categoria Cadet<\/strong>, l&#039;expedici\u00f3 denier va tornar golejada de la seva visita a la pista del <strong>CFS Alf\u00e0s (5-1)<\/strong>. El partit va tenir un clar color local davant d&#039;un CFS Dianense que va posar molta voluntat, per\u00f2 sense poder frenar el millor joc dels locals.<\/p>\n<p>A la <strong>categoria infantil<\/strong>, l&#039;equip de la Marina Alta va perdre a la pista del <strong>CFS Castalla per 6 a 2<\/strong> i queda situat a l&#039;\u00faltim lloc de la classificaci\u00f3.<\/p>\n<p>&nbsp;<\/p>","protected":false},"excerpt":{"rendered":"<p>El CFS Dianense-Rte. Mena va ser l&#8217;\u00fanic equip del club que va aconseguir la vict\u00f2ria en l&#8217;\u00faltima jornada disputada, mentre que la resta de formacions van ser derrotades. En la categoria de Primera Regional, el partit disputat al pavell\u00f3 municipal de D\u00e9nia va estar marcat per la igualtat i l&#8217;emoci\u00f3 amb vict\u00f2ria dels locals davant [&#8230;]<\/p>\n<p><a class=\"btn btn-secondary understrap-read-more-link\" href=\"https:\/\/radiolitoral.com\/ca\/2024\/11\/el-primer-equip-del-cfs-dianense-va-vencer-al-rebolledo-fs\/\">Continua llegint&#8230;<span class=\"screen-reader-text\"> from El primer equip del CFS Dianense va v\u00e9ncer al Rebolledo FS<\/span><\/a><\/p>\n","protected":false},"author":12,"featured_media":13183,"comment_status":"open","ping_status":"closed","sticky":false,"template":"","format":"standard","meta":{"_acf_changed":false,"inline_featured_image":false,"footnotes":""},"categories":[5],"tags":[2800,2801,2325,2328,6,2798,2799],"class_list":["post-13181","post","type-post","status-publish","format-standard","has-post-thumbnail","hentry","category-deportes","tag-cfs-alfas","tag-cfs-castalla","tag-cfs-dianense-rte-mena","tag-dani-franco","tag-deportes","tag-rebolledo-fs","tag-serelles-alcoy","cobertura-denia"],"acf":[],"yoast_head":"<!-- This site is optimized with the Yoast SEO plugin v27.5 - https:\/\/yoast.com\/product\/yoast-seo-wordpress\/ -->\n<title>El primer equip del CFS Dianense va v\u00e9ncer al Rebolledo FS | R\u00e0dio Litoral<\/title>\n<meta name=\"description\" content=\"La resta d&#039;equips del club no van tindre una bona jornada en collir derrotes La resta d&#039;equips del club no van tindre una bona jornada en collir derrotes\" \/>\n<meta name=\"robots\" content=\"index, follow, max-snippet:-1, max-image-preview:large, max-video-preview:-1\" \/>\n<link rel=\"canonical\" href=\"https:\/\/radiolitoral.com\/ca\/2024\/11\/el-primer-equip-del-cfs-denier-va-vencer-el-rebolledo-fs\/\" \/>\n<meta property=\"og:locale\" content=\"ca_ES\" \/>\n<meta property=\"og:type\" content=\"article\" \/>\n<meta property=\"og:title\" content=\"El primer equip del CFS Dianense va v\u00e9ncer al Rebolledo FS | R\u00e0dio Litoral\" \/>\n<meta property=\"og:description\" content=\"La resta d&#039;equips del club no van tindre una bona jornada en collir derrotes La resta d&#039;equips del club no van tindre una bona jornada en collir derrotes\" \/>\n<meta property=\"og:url\" content=\"https:\/\/radiolitoral.com\/ca\/2024\/11\/el-primer-equip-del-cfs-denier-va-vencer-el-rebolledo-fs\/\" \/>\n<meta property=\"og:site_name\" content=\"R\u00e0dio Litoral\" \/>\n<meta property=\"article:publisher\" content=\"https:\/\/www.facebook.com\/Laradiolitoral\/\" \/>\n<meta property=\"article:published_time\" content=\"2024-11-20T09:02:19+00:00\" \/>\n<meta property=\"og:image\" content=\"https:\/\/media.radiolitoral.com\/wp-content\/uploads\/2024\/11\/20100208\/CFS-Dianense-Rte-Mena-ante-el-Rebolledo-CFS.jpg\" \/>\n\t<meta property=\"og:image:width\" content=\"1024\" \/>\n\t<meta property=\"og:image:height\" content=\"732\" \/>\n\t<meta property=\"og:image:type\" content=\"image\/jpeg\" \/>\n<meta name=\"author\" content=\"Javier Zamora\" \/>\n<meta name=\"twitter:card\" content=\"summary_large_image\" \/>\n<meta name=\"twitter:label1\" content=\"Escrit per\" \/>\n\t<meta name=\"twitter:data1\" content=\"Javier Zamora\" \/>\n\t<meta name=\"twitter:label2\" content=\"Temps estimat de lectura\" \/>\n\t<meta name=\"twitter:data2\" content=\"2 minuts\" \/>\n<script type=\"application\/ld+json\" class=\"yoast-schema-graph\">{\"@context\":\"https:\\\/\\\/schema.org\",\"@graph\":[{\"@type\":\"NewsArticle\",\"@id\":\"https:\\\/\\\/radiolitoral.com\\\/2024\\\/11\\\/el-primer-equip-del-cfs-dianense-va-vencer-al-rebolledo-fs\\\/#article\",\"isPartOf\":{\"@id\":\"https:\\\/\\\/radiolitoral.com\\\/2024\\\/11\\\/el-primer-equip-del-cfs-dianense-va-vencer-al-rebolledo-fs\\\/\"},\"author\":{\"name\":\"Javier Zamora\",\"@id\":\"https:\\\/\\\/radiolitoral.com\\\/#\\\/schema\\\/person\\\/7b1480b5caeb5acdd4ec6379caf62b22\"},\"headline\":\"El primer equip del CFS Dianense va v\u00e9ncer al Rebolledo FS\",\"datePublished\":\"2024-11-20T09:02:19+00:00\",\"mainEntityOfPage\":{\"@id\":\"https:\\\/\\\/radiolitoral.com\\\/2024\\\/11\\\/el-primer-equip-del-cfs-dianense-va-vencer-al-rebolledo-fs\\\/\"},\"wordCount\":365,\"commentCount\":0,\"publisher\":{\"@id\":\"https:\\\/\\\/radiolitoral.com\\\/#organization\"},\"image\":{\"@id\":\"https:\\\/\\\/radiolitoral.com\\\/2024\\\/11\\\/el-primer-equip-del-cfs-dianense-va-vencer-al-rebolledo-fs\\\/#primaryimage\"},\"thumbnailUrl\":\"https:\\\/\\\/media.radiolitoral.com\\\/wp-content\\\/uploads\\\/2024\\\/11\\\/20100208\\\/CFS-Dianense-Rte-Mena-ante-el-Rebolledo-CFS.jpg\",\"keywords\":[\"CFS Alf\u00e0s\",\"CFS Castalla\",\"CFS\u00a0Dianense\u00a0Rte\u00a0Mena\",\"Dani\u00a0Franco\",\"deportes\",\"Rebolledo FS\",\"Serelles Alcoy\"],\"articleSection\":[\"Deportes\"],\"inLanguage\":\"ca\",\"potentialAction\":[{\"@type\":\"CommentAction\",\"name\":\"Comment\",\"target\":[\"https:\\\/\\\/radiolitoral.com\\\/2024\\\/11\\\/el-primer-equip-del-cfs-dianense-va-vencer-al-rebolledo-fs\\\/#respond\"]}]},{\"@type\":[\"WebPage\",\"ItemPage\"],\"@id\":\"https:\\\/\\\/radiolitoral.com\\\/2024\\\/11\\\/el-primer-equip-del-cfs-dianense-va-vencer-al-rebolledo-fs\\\/\",\"url\":\"https:\\\/\\\/radiolitoral.com\\\/2024\\\/11\\\/el-primer-equip-del-cfs-dianense-va-vencer-al-rebolledo-fs\\\/\",\"name\":\"El primer equip del CFS Dianense va v\u00e9ncer al Rebolledo FS | R\u00e0dio Litoral\",\"isPartOf\":{\"@id\":\"https:\\\/\\\/radiolitoral.com\\\/#website\"},\"primaryImageOfPage\":{\"@id\":\"https:\\\/\\\/radiolitoral.com\\\/2024\\\/11\\\/el-primer-equip-del-cfs-dianense-va-vencer-al-rebolledo-fs\\\/#primaryimage\"},\"image\":{\"@id\":\"https:\\\/\\\/radiolitoral.com\\\/2024\\\/11\\\/el-primer-equip-del-cfs-dianense-va-vencer-al-rebolledo-fs\\\/#primaryimage\"},\"thumbnailUrl\":\"https:\\\/\\\/media.radiolitoral.com\\\/wp-content\\\/uploads\\\/2024\\\/11\\\/20100208\\\/CFS-Dianense-Rte-Mena-ante-el-Rebolledo-CFS.jpg\",\"datePublished\":\"2024-11-20T09:02:19+00:00\",\"description\":\"La resta d'equips del club no van tindre una bona jornada en collir derrotes La resta d'equips del club no van tindre una bona jornada en collir derrotes\",\"breadcrumb\":{\"@id\":\"https:\\\/\\\/radiolitoral.com\\\/2024\\\/11\\\/el-primer-equip-del-cfs-dianense-va-vencer-al-rebolledo-fs\\\/#breadcrumb\"},\"inLanguage\":\"ca\",\"potentialAction\":[{\"@type\":\"ReadAction\",\"target\":[\"https:\\\/\\\/radiolitoral.com\\\/2024\\\/11\\\/el-primer-equip-del-cfs-dianense-va-vencer-al-rebolledo-fs\\\/\"]}]},{\"@type\":\"ImageObject\",\"inLanguage\":\"ca\",\"@id\":\"https:\\\/\\\/radiolitoral.com\\\/2024\\\/11\\\/el-primer-equip-del-cfs-dianense-va-vencer-al-rebolledo-fs\\\/#primaryimage\",\"url\":\"https:\\\/\\\/media.radiolitoral.com\\\/wp-content\\\/uploads\\\/2024\\\/11\\\/20100208\\\/CFS-Dianense-Rte-Mena-ante-el-Rebolledo-CFS.jpg\",\"contentUrl\":\"https:\\\/\\\/media.radiolitoral.com\\\/wp-content\\\/uploads\\\/2024\\\/11\\\/20100208\\\/CFS-Dianense-Rte-Mena-ante-el-Rebolledo-CFS.jpg\",\"width\":1024,\"height\":732},{\"@type\":\"BreadcrumbList\",\"@id\":\"https:\\\/\\\/radiolitoral.com\\\/2024\\\/11\\\/el-primer-equip-del-cfs-dianense-va-vencer-al-rebolledo-fs\\\/#breadcrumb\",\"itemListElement\":[{\"@type\":\"ListItem\",\"position\":1,\"name\":\"Portada\",\"item\":\"https:\\\/\\\/radiolitoral.com\\\/\"},{\"@type\":\"ListItem\",\"position\":2,\"name\":\"El primer equip del CFS Dianense va v\u00e9ncer al Rebolledo FS\"}]},{\"@type\":\"WebSite\",\"@id\":\"https:\\\/\\\/radiolitoral.com\\\/#website\",\"url\":\"https:\\\/\\\/radiolitoral.com\\\/\",\"name\":\"Radio Litoral\",\"description\":\"La radio local de la Marina Alta\",\"publisher\":{\"@id\":\"https:\\\/\\\/radiolitoral.com\\\/#organization\"},\"alternateName\":\"Litoral FM\",\"potentialAction\":[{\"@type\":\"SearchAction\",\"target\":{\"@type\":\"EntryPoint\",\"urlTemplate\":\"https:\\\/\\\/radiolitoral.com\\\/?s={search_term_string}\"},\"query-input\":{\"@type\":\"PropertyValueSpecification\",\"valueRequired\":true,\"valueName\":\"search_term_string\"}}],\"inLanguage\":\"ca\"},{\"@type\":\"Organization\",\"@id\":\"https:\\\/\\\/radiolitoral.com\\\/#organization\",\"name\":\"Radio Litoral\",\"url\":\"https:\\\/\\\/radiolitoral.com\\\/\",\"logo\":{\"@type\":\"ImageObject\",\"inLanguage\":\"ca\",\"@id\":\"https:\\\/\\\/radiolitoral.com\\\/#\\\/schema\\\/logo\\\/image\\\/\",\"url\":\"https:\\\/\\\/media.radiolitoral.com\\\/wp-content\\\/uploads\\\/2023\\\/02\\\/24143238\\\/CL-V-RadioLitoral696.png\",\"contentUrl\":\"https:\\\/\\\/media.radiolitoral.com\\\/wp-content\\\/uploads\\\/2023\\\/02\\\/24143238\\\/CL-V-RadioLitoral696.png\",\"width\":696,\"height\":696,\"caption\":\"Radio Litoral\"},\"image\":{\"@id\":\"https:\\\/\\\/radiolitoral.com\\\/#\\\/schema\\\/logo\\\/image\\\/\"},\"sameAs\":[\"https:\\\/\\\/www.facebook.com\\\/Laradiolitoral\\\/\"]},{\"@type\":\"Person\",\"@id\":\"https:\\\/\\\/radiolitoral.com\\\/#\\\/schema\\\/person\\\/7b1480b5caeb5acdd4ec6379caf62b22\",\"name\":\"Javier Zamora\",\"image\":{\"@type\":\"ImageObject\",\"inLanguage\":\"ca\",\"@id\":\"https:\\\/\\\/secure.gravatar.com\\\/avatar\\\/467a11f6918c7d619c4043fc6fa2d3853053107973f05b6e9c04ea6c4e3a7b3f?s=96&d=mm&r=g\",\"url\":\"https:\\\/\\\/secure.gravatar.com\\\/avatar\\\/467a11f6918c7d619c4043fc6fa2d3853053107973f05b6e9c04ea6c4e3a7b3f?s=96&d=mm&r=g\",\"contentUrl\":\"https:\\\/\\\/secure.gravatar.com\\\/avatar\\\/467a11f6918c7d619c4043fc6fa2d3853053107973f05b6e9c04ea6c4e3a7b3f?s=96&d=mm&r=g\",\"caption\":\"Javier Zamora\"},\"url\":\"https:\\\/\\\/radiolitoral.com\\\/ca\\\/author\\\/javier-zamora\\\/\"}]}<\/script>\n<!-- \/ Yoast SEO plugin. -->","yoast_head_json":{"title":"El primer equip del CFS Dianense v\u00e8ncer el Rebolledo FS | R\u00e0dio Litoral","description":"La resta d&#039;equips del club no tindran una bona jornada a collir derrotas La resta d&#039;equips del club no tindran una bona jornada a collir derrotas","robots":{"index":"index","follow":"follow","max-snippet":"max-snippet:-1","max-image-preview":"max-image-preview:large","max-video-preview":"max-video-preview:-1"},"canonical":"https:\/\/radiolitoral.com\/ca\/2024\/11\/el-primer-equip-del-cfs-denier-va-vencer-el-rebolledo-fs\/","og_locale":"ca_ES","og_type":"article","og_title":"El primer equip del CFS Dianense va v\u00e9ncer al Rebolledo FS | R\u00e0dio Litoral","og_description":"La resta d'equips del club no van tindre una bona jornada en collir derrotes La resta d'equips del club no van tindre una bona jornada en collir derrotes","og_url":"https:\/\/radiolitoral.com\/ca\/2024\/11\/el-primer-equip-del-cfs-denier-va-vencer-el-rebolledo-fs\/","og_site_name":"R\u00e0dio Litoral","article_publisher":"https:\/\/www.facebook.com\/Laradiolitoral\/","article_published_time":"2024-11-20T09:02:19+00:00","og_image":[{"width":1024,"height":732,"url":"https:\/\/media.radiolitoral.com\/wp-content\/uploads\/2024\/11\/20100208\/CFS-Dianense-Rte-Mena-ante-el-Rebolledo-CFS.jpg","type":"image\/jpeg"}],"author":"Javier Zamora","twitter_card":"summary_large_image","twitter_misc":{"Escrit per":"Javier Zamora","Temps estimat de lectura":"2 minuts"},"schema":{"@context":"https:\/\/schema.org","@graph":[{"@type":"NewsArticle","@id":"https:\/\/radiolitoral.com\/2024\/11\/el-primer-equip-del-cfs-dianense-va-vencer-al-rebolledo-fs\/#article","isPartOf":{"@id":"https:\/\/radiolitoral.com\/2024\/11\/el-primer-equip-del-cfs-dianense-va-vencer-al-rebolledo-fs\/"},"author":{"name":"Javier Zamora","@id":"https:\/\/radiolitoral.com\/#\/schema\/person\/7b1480b5caeb5acdd4ec6379caf62b22"},"headline":"El primer equip del CFS Dianense va v\u00e9ncer al Rebolledo FS","datePublished":"2024-11-20T09:02:19+00:00","mainEntityOfPage":{"@id":"https:\/\/radiolitoral.com\/2024\/11\/el-primer-equip-del-cfs-dianense-va-vencer-al-rebolledo-fs\/"},"wordCount":365,"commentCount":0,"publisher":{"@id":"https:\/\/radiolitoral.com\/#organization"},"image":{"@id":"https:\/\/radiolitoral.com\/2024\/11\/el-primer-equip-del-cfs-dianense-va-vencer-al-rebolledo-fs\/#primaryimage"},"thumbnailUrl":"https:\/\/media.radiolitoral.com\/wp-content\/uploads\/2024\/11\/20100208\/CFS-Dianense-Rte-Mena-ante-el-Rebolledo-CFS.jpg","keywords":["CFS Alf\u00e0s","CFS Castalla","CFS\u00a0Dianense\u00a0Rte\u00a0Mena","Dani\u00a0Franco","deportes","Rebolledo FS","Serelles Alcoy"],"articleSection":["Deportes"],"inLanguage":"ca","potentialAction":[{"@type":"CommentAction","name":"Comment","target":["https:\/\/radiolitoral.com\/2024\/11\/el-primer-equip-del-cfs-dianense-va-vencer-al-rebolledo-fs\/#respond"]}]},{"@type":["WebPage","ItemPage"],"@id":"https:\/\/radiolitoral.com\/2024\/11\/el-primer-equip-del-cfs-dianense-va-vencer-al-rebolledo-fs\/","url":"https:\/\/radiolitoral.com\/2024\/11\/el-primer-equip-del-cfs-dianense-va-vencer-al-rebolledo-fs\/","name":"El primer equip del CFS Dianense v\u00e8ncer el Rebolledo FS | R\u00e0dio Litoral","isPartOf":{"@id":"https:\/\/radiolitoral.com\/#website"},"primaryImageOfPage":{"@id":"https:\/\/radiolitoral.com\/2024\/11\/el-primer-equip-del-cfs-dianense-va-vencer-al-rebolledo-fs\/#primaryimage"},"image":{"@id":"https:\/\/radiolitoral.com\/2024\/11\/el-primer-equip-del-cfs-dianense-va-vencer-al-rebolledo-fs\/#primaryimage"},"thumbnailUrl":"https:\/\/media.radiolitoral.com\/wp-content\/uploads\/2024\/11\/20100208\/CFS-Dianense-Rte-Mena-ante-el-Rebolledo-CFS.jpg","datePublished":"2024-11-20T09:02:19+00:00","description":"La resta d&#039;equips del club no tindran una bona jornada a collir derrotas La resta d&#039;equips del club no tindran una bona jornada a collir derrotas","breadcrumb":{"@id":"https:\/\/radiolitoral.com\/2024\/11\/el-primer-equip-del-cfs-dianense-va-vencer-al-rebolledo-fs\/#breadcrumb"},"inLanguage":"ca","potentialAction":[{"@type":"ReadAction","target":["https:\/\/radiolitoral.com\/2024\/11\/el-primer-equip-del-cfs-dianense-va-vencer-al-rebolledo-fs\/"]}]},{"@type":"ImageObject","inLanguage":"ca","@id":"https:\/\/radiolitoral.com\/2024\/11\/el-primer-equip-del-cfs-dianense-va-vencer-al-rebolledo-fs\/#primaryimage","url":"https:\/\/media.radiolitoral.com\/wp-content\/uploads\/2024\/11\/20100208\/CFS-Dianense-Rte-Mena-ante-el-Rebolledo-CFS.jpg","contentUrl":"https:\/\/media.radiolitoral.com\/wp-content\/uploads\/2024\/11\/20100208\/CFS-Dianense-Rte-Mena-ante-el-Rebolledo-CFS.jpg","width":1024,"height":732},{"@type":"BreadcrumbList","@id":"https:\/\/radiolitoral.com\/2024\/11\/el-primer-equip-del-cfs-dianense-va-vencer-al-rebolledo-fs\/#breadcrumb","itemListElement":[{"@type":"ListItem","position":1,"name":"Portada","item":"https:\/\/radiolitoral.com\/"},{"@type":"ListItem","position":2,"name":"El primer equip del CFS Dianense va v\u00e9ncer al Rebolledo FS"}]},{"@type":"WebSite","@id":"https:\/\/radiolitoral.com\/#website","url":"https:\/\/radiolitoral.com\/","name":"R\u00e0dio Litoral","description":"La r\u00e0dio local de la Marina Alta","publisher":{"@id":"https:\/\/radiolitoral.com\/#organization"},"alternateName":"Litoral FM","potentialAction":[{"@type":"SearchAction","target":{"@type":"EntryPoint","urlTemplate":"https:\/\/radiolitoral.com\/?s={search_term_string}"},"query-input":{"@type":"PropertyValueSpecification","valueRequired":true,"valueName":"search_term_string"}}],"inLanguage":"ca"},{"@type":"Organization","@id":"https:\/\/radiolitoral.com\/#organization","name":"R\u00e0dio Litoral","url":"https:\/\/radiolitoral.com\/","logo":{"@type":"ImageObject","inLanguage":"ca","@id":"https:\/\/radiolitoral.com\/#\/schema\/logo\/image\/","url":"https:\/\/media.radiolitoral.com\/wp-content\/uploads\/2023\/02\/24143238\/CL-V-RadioLitoral696.png","contentUrl":"https:\/\/media.radiolitoral.com\/wp-content\/uploads\/2023\/02\/24143238\/CL-V-RadioLitoral696.png","width":696,"height":696,"caption":"Radio Litoral"},"image":{"@id":"https:\/\/radiolitoral.com\/#\/schema\/logo\/image\/"},"sameAs":["https:\/\/www.facebook.com\/Laradiolitoral\/"]},{"@type":"Person","@id":"https:\/\/radiolitoral.com\/#\/schema\/person\/7b1480b5caeb5acdd4ec6379caf62b22","name":"Javier Zamora","image":{"@type":"ImageObject","inLanguage":"ca","@id":"https:\/\/secure.gravatar.com\/avatar\/467a11f6918c7d619c4043fc6fa2d3853053107973f05b6e9c04ea6c4e3a7b3f?s=96&d=mm&r=g","url":"https:\/\/secure.gravatar.com\/avatar\/467a11f6918c7d619c4043fc6fa2d3853053107973f05b6e9c04ea6c4e3a7b3f?s=96&d=mm&r=g","contentUrl":"https:\/\/secure.gravatar.com\/avatar\/467a11f6918c7d619c4043fc6fa2d3853053107973f05b6e9c04ea6c4e3a7b3f?s=96&d=mm&r=g","caption":"Javier Zamora"},"url":"https:\/\/radiolitoral.com\/ca\/author\/javier-zamora\/"}]}},"_links":{"self":[{"href":"https:\/\/radiolitoral.com\/ca\/wp-json\/wp\/v2\/posts\/13181","targetHints":{"allow":["GET"]}}],"collection":[{"href":"https:\/\/radiolitoral.com\/ca\/wp-json\/wp\/v2\/posts"}],"about":[{"href":"https:\/\/radiolitoral.com\/ca\/wp-json\/wp\/v2\/types\/post"}],"author":[{"embeddable":true,"href":"https:\/\/radiolitoral.com\/ca\/wp-json\/wp\/v2\/users\/12"}],"replies":[{"embeddable":true,"href":"https:\/\/radiolitoral.com\/ca\/wp-json\/wp\/v2\/comments?post=13181"}],"version-history":[{"count":2,"href":"https:\/\/radiolitoral.com\/ca\/wp-json\/wp\/v2\/posts\/13181\/revisions"}],"predecessor-version":[{"id":13184,"href":"https:\/\/radiolitoral.com\/ca\/wp-json\/wp\/v2\/posts\/13181\/revisions\/13184"}],"wp:featuredmedia":[{"embeddable":true,"href":"https:\/\/radiolitoral.com\/ca\/wp-json\/wp\/v2\/media\/13183"}],"wp:attachment":[{"href":"https:\/\/radiolitoral.com\/ca\/wp-json\/wp\/v2\/media?parent=13181"}],"wp:term":[{"taxonomy":"category","embeddable":true,"href":"https:\/\/radiolitoral.com\/ca\/wp-json\/wp\/v2\/categories?post=13181"},{"taxonomy":"post_tag","embeddable":true,"href":"https:\/\/radiolitoral.com\/ca\/wp-json\/wp\/v2\/tags?post=13181"}],"curies":[{"name":"wp","href":"https:\/\/api.w.org\/{rel}","templated":true}]}}