{"id":13176,"date":"2024-11-20T09:53:02","date_gmt":"2024-11-20T08:53:02","guid":{"rendered":"https:\/\/radiolitoral.com\/?p=13176"},"modified":"2024-11-20T09:53:02","modified_gmt":"2024-11-20T08:53:02","slug":"la-s-valenciana-sub16-de-futbol-sala-es-prepara-per-a-la-fase-previa-del-nacional","status":"publish","type":"post","link":"https:\/\/radiolitoral.com\/ca\/2024\/11\/la-s-valenciana-sub16-de-futbol-sala-es-prepara-per-a-la-fase-previa-del-nacional\/","title":{"rendered":"La S. Valenciana sub16 de futbol sala es prepara per a la fase pr\u00e8via del Nacional"},"content":{"rendered":"<p>La <strong>Federaci\u00f3 de Futbol de la Comunitat Valenciana<\/strong> ha fet p\u00fablica la llista oficial de jugadors convocats per la <strong>Selecci\u00f3 Valenciana masculina sub16 de futbol sala<\/strong> per disputar la fase pr\u00e8via del Campionat d&#039;Espanya. El seleccionador, <strong>Pau Tamarit<\/strong>, ha citat 14 jugadors que representessin la Comunitat Valenciana del 22 al 24 de novembre a la Regi\u00f3 de M\u00farcia.<\/p>\n<p>Entre els convocats, es troben dos jugadors del <strong>CD Paidos D\u00e9nia<\/strong>: <strong>Caiet\u00e0 Esgl\u00e9sies Pastor i Hugo Pons Miralles<\/strong>. Ambd\u00f3s jugadors tenen ja experi\u00e8ncia en competicions nacionals i han comptat des de l&#039;inici amb la confian\u00e7a de Pablo Tamarit per defensar els colors de la selecci\u00f3 en aquesta fase.<\/p>\n<p>La fase pr\u00e8via del Campionat Nacional de Seleccions Auton\u00f2miques es disputar\u00e0 a les localitats murcianes de Librilla i Mazarr\u00f3n, on la Selecci\u00f3 Valenciana sub16 s&#039;enfrontar\u00e0 als combinats de M\u00farcia (amfitri\u00f3), Illes Balears i Extremadura.<\/p>\n<h2>Calendari de partits<\/h2>\n<p>L&#039;expedici\u00f3 valenciana despla\u00e7ada a terres murcians ja coneix l&#039;ordre dels partits que disputar\u00e0. El debut ser\u00e0 aquest divendres al Pavell\u00f3 Municipal de Librilla, a les 10.30 hores, contra la <strong>Selecci\u00f3 de les Illes Balears<\/strong>.<\/p>\n<p>El segon comprom\u00eds dels valencians ser\u00e0 dissabte al pavell\u00f3 L&#039;Acenya de Mazarr\u00f3n, on s&#039;enfrontaran a la <strong>Selecci\u00f3 de M\u00farcia<\/strong> a les 10:30 hores.<\/p>\n<p>Finalment, el tercer partit \u00e9s jugar\u00e0 diumenge al Pavell\u00f3 Municipal de Librilla, contra el combinat de la <strong>Selecci\u00f3 d&#039;Extremadura<\/strong>, tamb\u00e9 a les 10:30 hores.<\/p>","protected":false},"excerpt":{"rendered":"<p>La Federaci\u00f3 de Futbol de la Comunitat Valenciana ha fet p\u00fablica la llista oficial de jugadors convocats per la Selecci\u00f3 Valenciana masculina sub16 de futbol sala per disputar la fase pr\u00e8via del Campionat d&#8217;Espanya. El seleccionador, Pablo Tamarit, ha citat a 14 jugadors que representaran la Comunitat Valenciana del 22 al 24 de novembre a [&#8230;]<\/p>\n<p><a class=\"btn btn-secondary understrap-read-more-link\" href=\"https:\/\/radiolitoral.com\/ca\/2024\/11\/la-s-valenciana-sub16-de-futbol-sala-es-prepara-per-a-la-fase-previa-del-nacional\/\">Continua llegint&#8230;<span class=\"screen-reader-text\"> from La S. Valenciana sub16 de futbol sala es prepara per a la fase pr\u00e8via del Nacional<\/span><\/a><\/p>\n","protected":false},"author":12,"featured_media":13177,"comment_status":"open","ping_status":"closed","sticky":false,"template":"","format":"standard","meta":{"_acf_changed":false,"inline_featured_image":false,"footnotes":""},"categories":[5],"tags":[2797,916,6,1224,2796],"class_list":["post-13176","post","type-post","status-publish","format-standard","has-post-thumbnail","hentry","category-deportes","tag-cayetano-iglesias-pastor-i-hugo-pons-miralles","tag-cd-paidos-denia","tag-deportes","tag-federacio-de-futbol-de-la-comunitat-valenciana","tag-pablo-tamarit","cobertura-denia"],"acf":[],"yoast_head":"<!-- This site is optimized with the Yoast SEO plugin v27.5 - https:\/\/yoast.com\/product\/yoast-seo-wordpress\/ -->\n<title>La S. Valenciana sub16 de futbol sala es prepara per a la fase pr\u00e8via del Nacional | R\u00e0dio Litoral<\/title>\n<meta name=\"description\" content=\"Cayetano Iglesias i Hugo Pons del CD Paidos D\u00e9nia, entre els convocats per a representar a la Comunitat ValencianaCayetano Iglesias i Hugo Pons del CD Paidos D\u00e9nia, entre els convocats per a representar a la Comunitat Valenciana\" \/>\n<meta name=\"robots\" content=\"index, follow, max-snippet:-1, max-image-preview:large, max-video-preview:-1\" \/>\n<link rel=\"canonical\" href=\"https:\/\/radiolitoral.com\/ca\/2024\/11\/la-s-valenciana-sub16-de-futbol-sala-es-prepara-per-a-la-fase-previa-del-nacional\/\" \/>\n<meta property=\"og:locale\" content=\"ca_ES\" \/>\n<meta property=\"og:type\" content=\"article\" \/>\n<meta property=\"og:title\" content=\"La S. Valenciana sub16 de futbol sala es prepara per a la fase pr\u00e8via del Nacional | R\u00e0dio Litoral\" \/>\n<meta property=\"og:description\" content=\"Cayetano Iglesias i Hugo Pons del CD Paidos D\u00e9nia, entre els convocats per a representar a la Comunitat ValencianaCayetano Iglesias i Hugo Pons del CD Paidos D\u00e9nia, entre els convocats per a representar a la Comunitat Valenciana\" \/>\n<meta property=\"og:url\" content=\"https:\/\/radiolitoral.com\/ca\/2024\/11\/la-s-valenciana-sub16-de-futbol-sala-es-prepara-per-a-la-fase-previa-del-nacional\/\" \/>\n<meta property=\"og:site_name\" content=\"R\u00e0dio Litoral\" \/>\n<meta property=\"article:publisher\" content=\"https:\/\/www.facebook.com\/Laradiolitoral\/\" \/>\n<meta property=\"article:published_time\" content=\"2024-11-20T08:53:02+00:00\" \/>\n<meta property=\"og:image\" content=\"https:\/\/media.radiolitoral.com\/wp-content\/uploads\/2024\/11\/20095236\/Cayetano-Iglesias-y-Hugo.jpg\" \/>\n\t<meta property=\"og:image:width\" content=\"1024\" \/>\n\t<meta property=\"og:image:height\" content=\"689\" \/>\n\t<meta property=\"og:image:type\" content=\"image\/jpeg\" \/>\n<meta name=\"author\" content=\"Javier Zamora\" \/>\n<meta name=\"twitter:card\" content=\"summary_large_image\" \/>\n<meta name=\"twitter:label1\" content=\"Escrit per\" \/>\n\t<meta name=\"twitter:data1\" content=\"Javier Zamora\" \/>\n\t<meta name=\"twitter:label2\" content=\"Temps estimat de lectura\" \/>\n\t<meta name=\"twitter:data2\" content=\"2 minuts\" \/>\n<script type=\"application\/ld+json\" class=\"yoast-schema-graph\">{\"@context\":\"https:\\\/\\\/schema.org\",\"@graph\":[{\"@type\":\"NewsArticle\",\"@id\":\"https:\\\/\\\/radiolitoral.com\\\/2024\\\/11\\\/la-s-valenciana-sub16-de-futbol-sala-es-prepara-per-a-la-fase-previa-del-nacional\\\/#article\",\"isPartOf\":{\"@id\":\"https:\\\/\\\/radiolitoral.com\\\/2024\\\/11\\\/la-s-valenciana-sub16-de-futbol-sala-es-prepara-per-a-la-fase-previa-del-nacional\\\/\"},\"author\":{\"name\":\"Javier Zamora\",\"@id\":\"https:\\\/\\\/radiolitoral.com\\\/#\\\/schema\\\/person\\\/7b1480b5caeb5acdd4ec6379caf62b22\"},\"headline\":\"La S. Valenciana sub16 de futbol sala es prepara per a la fase pr\u00e8via del Nacional\",\"datePublished\":\"2024-11-20T08:53:02+00:00\",\"mainEntityOfPage\":{\"@id\":\"https:\\\/\\\/radiolitoral.com\\\/2024\\\/11\\\/la-s-valenciana-sub16-de-futbol-sala-es-prepara-per-a-la-fase-previa-del-nacional\\\/\"},\"wordCount\":261,\"commentCount\":0,\"publisher\":{\"@id\":\"https:\\\/\\\/radiolitoral.com\\\/#organization\"},\"image\":{\"@id\":\"https:\\\/\\\/radiolitoral.com\\\/2024\\\/11\\\/la-s-valenciana-sub16-de-futbol-sala-es-prepara-per-a-la-fase-previa-del-nacional\\\/#primaryimage\"},\"thumbnailUrl\":\"https:\\\/\\\/media.radiolitoral.com\\\/wp-content\\\/uploads\\\/2024\\\/11\\\/20095236\\\/Cayetano-Iglesias-y-Hugo.jpg\",\"keywords\":[\"Cayetano Iglesias Pastor i Hugo Pons Miralles\",\"CD Paidos D\u00e9nia\",\"deportes\",\"Federaci\u00f3 de Futbol de la Comunitat Valenciana\",\"Pablo Tamarit\"],\"articleSection\":[\"Deportes\"],\"inLanguage\":\"ca\",\"potentialAction\":[{\"@type\":\"CommentAction\",\"name\":\"Comment\",\"target\":[\"https:\\\/\\\/radiolitoral.com\\\/2024\\\/11\\\/la-s-valenciana-sub16-de-futbol-sala-es-prepara-per-a-la-fase-previa-del-nacional\\\/#respond\"]}]},{\"@type\":[\"WebPage\",\"ItemPage\"],\"@id\":\"https:\\\/\\\/radiolitoral.com\\\/2024\\\/11\\\/la-s-valenciana-sub16-de-futbol-sala-es-prepara-per-a-la-fase-previa-del-nacional\\\/\",\"url\":\"https:\\\/\\\/radiolitoral.com\\\/2024\\\/11\\\/la-s-valenciana-sub16-de-futbol-sala-es-prepara-per-a-la-fase-previa-del-nacional\\\/\",\"name\":\"La S. Valenciana sub16 de futbol sala es prepara per a la fase pr\u00e8via del Nacional | R\u00e0dio Litoral\",\"isPartOf\":{\"@id\":\"https:\\\/\\\/radiolitoral.com\\\/#website\"},\"primaryImageOfPage\":{\"@id\":\"https:\\\/\\\/radiolitoral.com\\\/2024\\\/11\\\/la-s-valenciana-sub16-de-futbol-sala-es-prepara-per-a-la-fase-previa-del-nacional\\\/#primaryimage\"},\"image\":{\"@id\":\"https:\\\/\\\/radiolitoral.com\\\/2024\\\/11\\\/la-s-valenciana-sub16-de-futbol-sala-es-prepara-per-a-la-fase-previa-del-nacional\\\/#primaryimage\"},\"thumbnailUrl\":\"https:\\\/\\\/media.radiolitoral.com\\\/wp-content\\\/uploads\\\/2024\\\/11\\\/20095236\\\/Cayetano-Iglesias-y-Hugo.jpg\",\"datePublished\":\"2024-11-20T08:53:02+00:00\",\"description\":\"Cayetano Iglesias i Hugo Pons del CD Paidos D\u00e9nia, entre els convocats per a representar a la Comunitat ValencianaCayetano Iglesias i Hugo Pons del CD Paidos D\u00e9nia, entre els convocats per a representar a la Comunitat Valenciana\",\"breadcrumb\":{\"@id\":\"https:\\\/\\\/radiolitoral.com\\\/2024\\\/11\\\/la-s-valenciana-sub16-de-futbol-sala-es-prepara-per-a-la-fase-previa-del-nacional\\\/#breadcrumb\"},\"inLanguage\":\"ca\",\"potentialAction\":[{\"@type\":\"ReadAction\",\"target\":[\"https:\\\/\\\/radiolitoral.com\\\/2024\\\/11\\\/la-s-valenciana-sub16-de-futbol-sala-es-prepara-per-a-la-fase-previa-del-nacional\\\/\"]}]},{\"@type\":\"ImageObject\",\"inLanguage\":\"ca\",\"@id\":\"https:\\\/\\\/radiolitoral.com\\\/2024\\\/11\\\/la-s-valenciana-sub16-de-futbol-sala-es-prepara-per-a-la-fase-previa-del-nacional\\\/#primaryimage\",\"url\":\"https:\\\/\\\/media.radiolitoral.com\\\/wp-content\\\/uploads\\\/2024\\\/11\\\/20095236\\\/Cayetano-Iglesias-y-Hugo.jpg\",\"contentUrl\":\"https:\\\/\\\/media.radiolitoral.com\\\/wp-content\\\/uploads\\\/2024\\\/11\\\/20095236\\\/Cayetano-Iglesias-y-Hugo.jpg\",\"width\":1024,\"height\":689},{\"@type\":\"BreadcrumbList\",\"@id\":\"https:\\\/\\\/radiolitoral.com\\\/2024\\\/11\\\/la-s-valenciana-sub16-de-futbol-sala-es-prepara-per-a-la-fase-previa-del-nacional\\\/#breadcrumb\",\"itemListElement\":[{\"@type\":\"ListItem\",\"position\":1,\"name\":\"Portada\",\"item\":\"https:\\\/\\\/radiolitoral.com\\\/\"},{\"@type\":\"ListItem\",\"position\":2,\"name\":\"La S. Valenciana sub16 de futbol sala es prepara per a la fase pr\u00e8via del Nacional\"}]},{\"@type\":\"WebSite\",\"@id\":\"https:\\\/\\\/radiolitoral.com\\\/#website\",\"url\":\"https:\\\/\\\/radiolitoral.com\\\/\",\"name\":\"Radio Litoral\",\"description\":\"La radio local de la Marina Alta\",\"publisher\":{\"@id\":\"https:\\\/\\\/radiolitoral.com\\\/#organization\"},\"alternateName\":\"Litoral FM\",\"potentialAction\":[{\"@type\":\"SearchAction\",\"target\":{\"@type\":\"EntryPoint\",\"urlTemplate\":\"https:\\\/\\\/radiolitoral.com\\\/?s={search_term_string}\"},\"query-input\":{\"@type\":\"PropertyValueSpecification\",\"valueRequired\":true,\"valueName\":\"search_term_string\"}}],\"inLanguage\":\"ca\"},{\"@type\":\"Organization\",\"@id\":\"https:\\\/\\\/radiolitoral.com\\\/#organization\",\"name\":\"Radio Litoral\",\"url\":\"https:\\\/\\\/radiolitoral.com\\\/\",\"logo\":{\"@type\":\"ImageObject\",\"inLanguage\":\"ca\",\"@id\":\"https:\\\/\\\/radiolitoral.com\\\/#\\\/schema\\\/logo\\\/image\\\/\",\"url\":\"https:\\\/\\\/media.radiolitoral.com\\\/wp-content\\\/uploads\\\/2023\\\/02\\\/24143238\\\/CL-V-RadioLitoral696.png\",\"contentUrl\":\"https:\\\/\\\/media.radiolitoral.com\\\/wp-content\\\/uploads\\\/2023\\\/02\\\/24143238\\\/CL-V-RadioLitoral696.png\",\"width\":696,\"height\":696,\"caption\":\"Radio Litoral\"},\"image\":{\"@id\":\"https:\\\/\\\/radiolitoral.com\\\/#\\\/schema\\\/logo\\\/image\\\/\"},\"sameAs\":[\"https:\\\/\\\/www.facebook.com\\\/Laradiolitoral\\\/\"]},{\"@type\":\"Person\",\"@id\":\"https:\\\/\\\/radiolitoral.com\\\/#\\\/schema\\\/person\\\/7b1480b5caeb5acdd4ec6379caf62b22\",\"name\":\"Javier Zamora\",\"image\":{\"@type\":\"ImageObject\",\"inLanguage\":\"ca\",\"@id\":\"https:\\\/\\\/secure.gravatar.com\\\/avatar\\\/467a11f6918c7d619c4043fc6fa2d3853053107973f05b6e9c04ea6c4e3a7b3f?s=96&d=mm&r=g\",\"url\":\"https:\\\/\\\/secure.gravatar.com\\\/avatar\\\/467a11f6918c7d619c4043fc6fa2d3853053107973f05b6e9c04ea6c4e3a7b3f?s=96&d=mm&r=g\",\"contentUrl\":\"https:\\\/\\\/secure.gravatar.com\\\/avatar\\\/467a11f6918c7d619c4043fc6fa2d3853053107973f05b6e9c04ea6c4e3a7b3f?s=96&d=mm&r=g\",\"caption\":\"Javier Zamora\"},\"url\":\"https:\\\/\\\/radiolitoral.com\\\/ca\\\/author\\\/javier-zamora\\\/\"}]}<\/script>\n<!-- \/ Yoast SEO plugin. -->","yoast_head_json":{"title":"La S. Valenciana sub16 de futbol sala es prepara per a la fase pr\u00e8via del Nacional | R\u00e0dio Litoral","description":"Caiet\u00e0 Esgl\u00e9sies i Hugo Pons del CD Paidos D\u00e9nia, entre els convocats per representar la Comunitat ValencianaCayetano Iglesias i Hugo Pons del CD Paidos D\u00e9nia, entre els convocats per representar la Comunitat Valenciana","robots":{"index":"index","follow":"follow","max-snippet":"max-snippet:-1","max-image-preview":"max-image-preview:large","max-video-preview":"max-video-preview:-1"},"canonical":"https:\/\/radiolitoral.com\/ca\/2024\/11\/la-s-valenciana-sub16-de-futbol-sala-es-prepara-per-a-la-fase-previa-del-nacional\/","og_locale":"ca_ES","og_type":"article","og_title":"La S. Valenciana sub16 de futbol sala es prepara per a la fase pr\u00e8via del Nacional | R\u00e0dio Litoral","og_description":"Cayetano Iglesias i Hugo Pons del CD Paidos D\u00e9nia, entre els convocats per a representar a la Comunitat ValencianaCayetano Iglesias i Hugo Pons del CD Paidos D\u00e9nia, entre els convocats per a representar a la Comunitat Valenciana","og_url":"https:\/\/radiolitoral.com\/ca\/2024\/11\/la-s-valenciana-sub16-de-futbol-sala-es-prepara-per-a-la-fase-previa-del-nacional\/","og_site_name":"R\u00e0dio Litoral","article_publisher":"https:\/\/www.facebook.com\/Laradiolitoral\/","article_published_time":"2024-11-20T08:53:02+00:00","og_image":[{"width":1024,"height":689,"url":"https:\/\/media.radiolitoral.com\/wp-content\/uploads\/2024\/11\/20095236\/Cayetano-Iglesias-y-Hugo.jpg","type":"image\/jpeg"}],"author":"Javier Zamora","twitter_card":"summary_large_image","twitter_misc":{"Escrit per":"Javier Zamora","Temps estimat de lectura":"2 minuts"},"schema":{"@context":"https:\/\/schema.org","@graph":[{"@type":"NewsArticle","@id":"https:\/\/radiolitoral.com\/2024\/11\/la-s-valenciana-sub16-de-futbol-sala-es-prepara-per-a-la-fase-previa-del-nacional\/#article","isPartOf":{"@id":"https:\/\/radiolitoral.com\/2024\/11\/la-s-valenciana-sub16-de-futbol-sala-es-prepara-per-a-la-fase-previa-del-nacional\/"},"author":{"name":"Javier Zamora","@id":"https:\/\/radiolitoral.com\/#\/schema\/person\/7b1480b5caeb5acdd4ec6379caf62b22"},"headline":"La S. Valenciana sub16 de futbol sala es prepara per a la fase pr\u00e8via del Nacional","datePublished":"2024-11-20T08:53:02+00:00","mainEntityOfPage":{"@id":"https:\/\/radiolitoral.com\/2024\/11\/la-s-valenciana-sub16-de-futbol-sala-es-prepara-per-a-la-fase-previa-del-nacional\/"},"wordCount":261,"commentCount":0,"publisher":{"@id":"https:\/\/radiolitoral.com\/#organization"},"image":{"@id":"https:\/\/radiolitoral.com\/2024\/11\/la-s-valenciana-sub16-de-futbol-sala-es-prepara-per-a-la-fase-previa-del-nacional\/#primaryimage"},"thumbnailUrl":"https:\/\/media.radiolitoral.com\/wp-content\/uploads\/2024\/11\/20095236\/Cayetano-Iglesias-y-Hugo.jpg","keywords":["Cayetano Iglesias Pastor i Hugo Pons Miralles","CD Paidos D\u00e9nia","deportes","Federaci\u00f3 de Futbol de la Comunitat Valenciana","Pablo Tamarit"],"articleSection":["Deportes"],"inLanguage":"ca","potentialAction":[{"@type":"CommentAction","name":"Comment","target":["https:\/\/radiolitoral.com\/2024\/11\/la-s-valenciana-sub16-de-futbol-sala-es-prepara-per-a-la-fase-previa-del-nacional\/#respond"]}]},{"@type":["WebPage","ItemPage"],"@id":"https:\/\/radiolitoral.com\/2024\/11\/la-s-valenciana-sub16-de-futbol-sala-es-prepara-per-a-la-fase-previa-del-nacional\/","url":"https:\/\/radiolitoral.com\/2024\/11\/la-s-valenciana-sub16-de-futbol-sala-es-prepara-per-a-la-fase-previa-del-nacional\/","name":"La S. Valenciana sub16 de futbol sala es prepara per a la fase pr\u00e8via del Nacional | R\u00e0dio Litoral","isPartOf":{"@id":"https:\/\/radiolitoral.com\/#website"},"primaryImageOfPage":{"@id":"https:\/\/radiolitoral.com\/2024\/11\/la-s-valenciana-sub16-de-futbol-sala-es-prepara-per-a-la-fase-previa-del-nacional\/#primaryimage"},"image":{"@id":"https:\/\/radiolitoral.com\/2024\/11\/la-s-valenciana-sub16-de-futbol-sala-es-prepara-per-a-la-fase-previa-del-nacional\/#primaryimage"},"thumbnailUrl":"https:\/\/media.radiolitoral.com\/wp-content\/uploads\/2024\/11\/20095236\/Cayetano-Iglesias-y-Hugo.jpg","datePublished":"2024-11-20T08:53:02+00:00","description":"Caiet\u00e0 Esgl\u00e9sies i Hugo Pons del CD Paidos D\u00e9nia, entre els convocats per representar la Comunitat ValencianaCayetano Iglesias i Hugo Pons del CD Paidos D\u00e9nia, entre els convocats per representar la Comunitat Valenciana","breadcrumb":{"@id":"https:\/\/radiolitoral.com\/2024\/11\/la-s-valenciana-sub16-de-futbol-sala-es-prepara-per-a-la-fase-previa-del-nacional\/#breadcrumb"},"inLanguage":"ca","potentialAction":[{"@type":"ReadAction","target":["https:\/\/radiolitoral.com\/2024\/11\/la-s-valenciana-sub16-de-futbol-sala-es-prepara-per-a-la-fase-previa-del-nacional\/"]}]},{"@type":"ImageObject","inLanguage":"ca","@id":"https:\/\/radiolitoral.com\/2024\/11\/la-s-valenciana-sub16-de-futbol-sala-es-prepara-per-a-la-fase-previa-del-nacional\/#primaryimage","url":"https:\/\/media.radiolitoral.com\/wp-content\/uploads\/2024\/11\/20095236\/Cayetano-Iglesias-y-Hugo.jpg","contentUrl":"https:\/\/media.radiolitoral.com\/wp-content\/uploads\/2024\/11\/20095236\/Cayetano-Iglesias-y-Hugo.jpg","width":1024,"height":689},{"@type":"BreadcrumbList","@id":"https:\/\/radiolitoral.com\/2024\/11\/la-s-valenciana-sub16-de-futbol-sala-es-prepara-per-a-la-fase-previa-del-nacional\/#breadcrumb","itemListElement":[{"@type":"ListItem","position":1,"name":"Portada","item":"https:\/\/radiolitoral.com\/"},{"@type":"ListItem","position":2,"name":"La S. Valenciana sub16 de futbol sala es prepara per a la fase pr\u00e8via del Nacional"}]},{"@type":"WebSite","@id":"https:\/\/radiolitoral.com\/#website","url":"https:\/\/radiolitoral.com\/","name":"R\u00e0dio Litoral","description":"La r\u00e0dio local de la Marina Alta","publisher":{"@id":"https:\/\/radiolitoral.com\/#organization"},"alternateName":"Litoral FM","potentialAction":[{"@type":"SearchAction","target":{"@type":"EntryPoint","urlTemplate":"https:\/\/radiolitoral.com\/?s={search_term_string}"},"query-input":{"@type":"PropertyValueSpecification","valueRequired":true,"valueName":"search_term_string"}}],"inLanguage":"ca"},{"@type":"Organization","@id":"https:\/\/radiolitoral.com\/#organization","name":"R\u00e0dio Litoral","url":"https:\/\/radiolitoral.com\/","logo":{"@type":"ImageObject","inLanguage":"ca","@id":"https:\/\/radiolitoral.com\/#\/schema\/logo\/image\/","url":"https:\/\/media.radiolitoral.com\/wp-content\/uploads\/2023\/02\/24143238\/CL-V-RadioLitoral696.png","contentUrl":"https:\/\/media.radiolitoral.com\/wp-content\/uploads\/2023\/02\/24143238\/CL-V-RadioLitoral696.png","width":696,"height":696,"caption":"Radio Litoral"},"image":{"@id":"https:\/\/radiolitoral.com\/#\/schema\/logo\/image\/"},"sameAs":["https:\/\/www.facebook.com\/Laradiolitoral\/"]},{"@type":"Person","@id":"https:\/\/radiolitoral.com\/#\/schema\/person\/7b1480b5caeb5acdd4ec6379caf62b22","name":"Javier Zamora","image":{"@type":"ImageObject","inLanguage":"ca","@id":"https:\/\/secure.gravatar.com\/avatar\/467a11f6918c7d619c4043fc6fa2d3853053107973f05b6e9c04ea6c4e3a7b3f?s=96&d=mm&r=g","url":"https:\/\/secure.gravatar.com\/avatar\/467a11f6918c7d619c4043fc6fa2d3853053107973f05b6e9c04ea6c4e3a7b3f?s=96&d=mm&r=g","contentUrl":"https:\/\/secure.gravatar.com\/avatar\/467a11f6918c7d619c4043fc6fa2d3853053107973f05b6e9c04ea6c4e3a7b3f?s=96&d=mm&r=g","caption":"Javier Zamora"},"url":"https:\/\/radiolitoral.com\/ca\/author\/javier-zamora\/"}]}},"_links":{"self":[{"href":"https:\/\/radiolitoral.com\/ca\/wp-json\/wp\/v2\/posts\/13176","targetHints":{"allow":["GET"]}}],"collection":[{"href":"https:\/\/radiolitoral.com\/ca\/wp-json\/wp\/v2\/posts"}],"about":[{"href":"https:\/\/radiolitoral.com\/ca\/wp-json\/wp\/v2\/types\/post"}],"author":[{"embeddable":true,"href":"https:\/\/radiolitoral.com\/ca\/wp-json\/wp\/v2\/users\/12"}],"replies":[{"embeddable":true,"href":"https:\/\/radiolitoral.com\/ca\/wp-json\/wp\/v2\/comments?post=13176"}],"version-history":[{"count":2,"href":"https:\/\/radiolitoral.com\/ca\/wp-json\/wp\/v2\/posts\/13176\/revisions"}],"predecessor-version":[{"id":13179,"href":"https:\/\/radiolitoral.com\/ca\/wp-json\/wp\/v2\/posts\/13176\/revisions\/13179"}],"wp:featuredmedia":[{"embeddable":true,"href":"https:\/\/radiolitoral.com\/ca\/wp-json\/wp\/v2\/media\/13177"}],"wp:attachment":[{"href":"https:\/\/radiolitoral.com\/ca\/wp-json\/wp\/v2\/media?parent=13176"}],"wp:term":[{"taxonomy":"category","embeddable":true,"href":"https:\/\/radiolitoral.com\/ca\/wp-json\/wp\/v2\/categories?post=13176"},{"taxonomy":"post_tag","embeddable":true,"href":"https:\/\/radiolitoral.com\/ca\/wp-json\/wp\/v2\/tags?post=13176"}],"curies":[{"name":"wp","href":"https:\/\/api.w.org\/{rel}","templated":true}]}}