{"id":1317,"date":"2023-03-14T14:45:48","date_gmt":"2023-03-14T13:45:48","guid":{"rendered":"https:\/\/radiolitoral.com\/?p=1317"},"modified":"2023-03-14T14:46:18","modified_gmt":"2023-03-14T13:46:18","slug":"proteccio-civil-de-benitatxell-rep-donacions-de-material-emergencies","status":"publish","type":"post","link":"https:\/\/radiolitoral.com\/ca\/2023\/03\/proteccion-civil-de-benitatxell-recibe-donaciones-de-material-emergencias\/","title":{"rendered":"Protecci\u00f3 Civil de Benitatxell rep donacions de material emerg\u00e8ncies"},"content":{"rendered":"<p><strong>Protecci\u00f3 Civil al Poble Nou de Benitatxell <\/strong>est\u00e0 enhorabona. Una agrupaci\u00f3 molt estimada i valorada al Poble Nou que acaba de rebre noves donacions que permetran als seus efectius estar m\u00e9s ben preparats per afrontar la feina d&#039;ajuda als altres. <strong>L&#039;agrupaci\u00f3 ha rebut material per fer front a emerg\u00e8ncies. Una \u00e9s l&#039;armilla per a la maniobra de Heimlich que ha donat el grup de ball Pam&#039;s Dance Fitness Ladies. <\/strong><\/p>\n<p>\u00c9s una eina de gran valor per poder ensenyar a la ciutadania de manera senzilla i efectiva la maniobra de Heimlich. Una pe\u00e7a d\u02bbescuma salta pels aires quan la maniobra es duu a terme correctament. Presenta a m\u00e9s un coixinet per administrar els cops a l&#039;esquena necessaris per dur a terme els protocols ARC i ERC.<\/p>\n<p>El segon donatiu \u00e9s <strong>una cadira d&#039;evacuaci\u00f3 <\/strong>donada per dos ve\u00efns del municipi de nacionalitat alemanya, Hermann i Angelika. Aquesta cadira <strong>permet el descens suau d&#039;escales en cas d&#039;emerg\u00e8ncia quan no hi ha possibilitat d&#039;utilitzar un ascensor<\/strong> per evacuar una persona. Aquest matrimoni alemany ja \u00e9s col\u00b7laborador habitual de l&#039;agrupaci\u00f3 poblera. Fa tot just uns mesos van lliurar bicicletes de diferents mides, senyalitzaci\u00f3, mini sem\u00e0fors, ulleres simuladores, etc. per als circuits de seguretat vi\u00e0ria que munta la Policia i Protecci\u00f3 Civil.<\/p>\n<p>Com ha destacat la regidora de Seguretat Ciutadana, Mar\u00eda Jos\u00e9 Ivars, \u201ctots els voluntaris de Protecci\u00f3 Civil fan una tasca impecable al nostre municipi, ia m\u00e9s de forma desinteressada. No \u00e9s estrany que la gent s&#039;ho vulgui agrair aportant el seu granet de sorra. A aquesta gent nom\u00e9s podem donar les gr\u00e0cies per la seva consideraci\u00f3 i amabilitat\u201d.<\/p>","protected":false},"excerpt":{"rendered":"<p>Protecci\u00f3n Civil el El Poble Nou de Benitatxell est\u00e1 de enhorabuena. Una agrupaci\u00f3n muy querida y valorada en El Poble Nou que acaba de recibir nuevas donaciones que permitir\u00e1n a sus efectivos estar mejor preparados para afrontar su trabajo de ayuda a los dem\u00e1s. La agrupaci\u00f3n ha recibido material para afrontar emergencias. Una de ellas [&#8230;]<\/p>\n<p><a class=\"btn btn-secondary understrap-read-more-link\" href=\"https:\/\/radiolitoral.com\/ca\/2023\/03\/proteccion-civil-de-benitatxell-recibe-donaciones-de-material-emergencias\/\">Continua llegint&#8230;<span class=\"screen-reader-text\"> from Protecci\u00f3n Civil de Benitatxell recibe donaciones de material emergencias<\/span><\/a><\/p>\n","protected":false},"author":21,"featured_media":1318,"comment_status":"open","ping_status":"closed","sticky":false,"template":"","format":"standard","meta":{"_acf_changed":false,"inline_featured_image":false,"footnotes":""},"categories":[78],"tags":[184,219,185,220],"class_list":["post-1317","post","type-post","status-publish","format-standard","has-post-thumbnail","hentry","category-seguridad-ciudadana","tag-benitatxell","tag-donaciones","tag-el-poble-nou-de-benitatxell","tag-proteccion-civil","cobertura-poble-nou-de-benitatxell"],"acf":[],"yoast_head":"<!-- This site is optimized with the Yoast SEO plugin v27.5 - https:\/\/yoast.com\/product\/yoast-seo-wordpress\/ -->\n<title>Protecci\u00f3n Civil de Benitatxell recibe donaciones de material emergencias | R\u00e0dio Litoral<\/title>\n<meta name=\"description\" content=\"La ciudadan\u00eda se ha volcado ofreciendo una silla de evacuaci\u00f3n y un chaleco para la maniobra de Heimlich\" \/>\n<meta name=\"robots\" content=\"index, follow, max-snippet:-1, max-image-preview:large, max-video-preview:-1\" \/>\n<link rel=\"canonical\" href=\"https:\/\/radiolitoral.com\/ca\/2023\/03\/proteccio-civil-de-benitatxell-rep-donacions-de-material-emergencies\/\" \/>\n<meta property=\"og:locale\" content=\"ca_ES\" \/>\n<meta property=\"og:type\" content=\"article\" \/>\n<meta property=\"og:title\" content=\"Protecci\u00f3n Civil de Benitatxell recibe donaciones de material emergencias | R\u00e0dio Litoral\" \/>\n<meta property=\"og:description\" content=\"La ciudadan\u00eda se ha volcado ofreciendo una silla de evacuaci\u00f3n y un chaleco para la maniobra de Heimlich\" \/>\n<meta property=\"og:url\" content=\"https:\/\/radiolitoral.com\/ca\/2023\/03\/proteccio-civil-de-benitatxell-rep-donacions-de-material-emergencies\/\" \/>\n<meta property=\"og:site_name\" content=\"R\u00e0dio Litoral\" \/>\n<meta property=\"article:publisher\" content=\"https:\/\/www.facebook.com\/Laradiolitoral\/\" \/>\n<meta property=\"article:published_time\" content=\"2023-03-14T13:45:48+00:00\" \/>\n<meta property=\"article:modified_time\" content=\"2023-03-14T13:46:18+00:00\" \/>\n<meta property=\"og:image\" content=\"https:\/\/media.radiolitoral.com\/wp-content\/uploads\/2023\/03\/14144149\/donacion.jpg\" \/>\n\t<meta property=\"og:image:width\" content=\"634\" \/>\n\t<meta property=\"og:image:height\" content=\"476\" \/>\n\t<meta property=\"og:image:type\" content=\"image\/jpeg\" \/>\n<meta name=\"author\" content=\"Mel Pescuezo\" \/>\n<meta name=\"twitter:card\" content=\"summary_large_image\" \/>\n<meta name=\"twitter:label1\" content=\"Escrit per\" \/>\n\t<meta name=\"twitter:data1\" content=\"Mel Pescuezo\" \/>\n\t<meta name=\"twitter:label2\" content=\"Temps estimat de lectura\" \/>\n\t<meta name=\"twitter:data2\" content=\"2 minuts\" \/>\n<script type=\"application\/ld+json\" class=\"yoast-schema-graph\">{\"@context\":\"https:\\\/\\\/schema.org\",\"@graph\":[{\"@type\":\"NewsArticle\",\"@id\":\"https:\\\/\\\/radiolitoral.com\\\/2023\\\/03\\\/proteccion-civil-de-benitatxell-recibe-donaciones-de-material-emergencias\\\/#article\",\"isPartOf\":{\"@id\":\"https:\\\/\\\/radiolitoral.com\\\/2023\\\/03\\\/proteccion-civil-de-benitatxell-recibe-donaciones-de-material-emergencias\\\/\"},\"author\":{\"name\":\"Mel Pescuezo\",\"@id\":\"https:\\\/\\\/radiolitoral.com\\\/#\\\/schema\\\/person\\\/aad4f72efa404f85b68e832d24cac059\"},\"headline\":\"Protecci\u00f3n Civil de Benitatxell recibe donaciones de material emergencias\",\"datePublished\":\"2023-03-14T13:45:48+00:00\",\"dateModified\":\"2023-03-14T13:46:18+00:00\",\"mainEntityOfPage\":{\"@id\":\"https:\\\/\\\/radiolitoral.com\\\/2023\\\/03\\\/proteccion-civil-de-benitatxell-recibe-donaciones-de-material-emergencias\\\/\"},\"wordCount\":309,\"commentCount\":0,\"publisher\":{\"@id\":\"https:\\\/\\\/radiolitoral.com\\\/#organization\"},\"image\":{\"@id\":\"https:\\\/\\\/radiolitoral.com\\\/2023\\\/03\\\/proteccion-civil-de-benitatxell-recibe-donaciones-de-material-emergencias\\\/#primaryimage\"},\"thumbnailUrl\":\"https:\\\/\\\/media.radiolitoral.com\\\/wp-content\\\/uploads\\\/2023\\\/03\\\/14144149\\\/donacion.jpg\",\"keywords\":[\"Benitatxell\",\"donaciones\",\"El Poble Nou de Benitatxell\",\"Protecci\u00f3n Civil\"],\"articleSection\":[\"Seguridad Ciudadana\"],\"inLanguage\":\"ca\",\"potentialAction\":[{\"@type\":\"CommentAction\",\"name\":\"Comment\",\"target\":[\"https:\\\/\\\/radiolitoral.com\\\/2023\\\/03\\\/proteccion-civil-de-benitatxell-recibe-donaciones-de-material-emergencias\\\/#respond\"]}]},{\"@type\":[\"WebPage\",\"ItemPage\"],\"@id\":\"https:\\\/\\\/radiolitoral.com\\\/2023\\\/03\\\/proteccion-civil-de-benitatxell-recibe-donaciones-de-material-emergencias\\\/\",\"url\":\"https:\\\/\\\/radiolitoral.com\\\/2023\\\/03\\\/proteccion-civil-de-benitatxell-recibe-donaciones-de-material-emergencias\\\/\",\"name\":\"Protecci\u00f3n Civil de Benitatxell recibe donaciones de material emergencias | R\u00e0dio Litoral\",\"isPartOf\":{\"@id\":\"https:\\\/\\\/radiolitoral.com\\\/#website\"},\"primaryImageOfPage\":{\"@id\":\"https:\\\/\\\/radiolitoral.com\\\/2023\\\/03\\\/proteccion-civil-de-benitatxell-recibe-donaciones-de-material-emergencias\\\/#primaryimage\"},\"image\":{\"@id\":\"https:\\\/\\\/radiolitoral.com\\\/2023\\\/03\\\/proteccion-civil-de-benitatxell-recibe-donaciones-de-material-emergencias\\\/#primaryimage\"},\"thumbnailUrl\":\"https:\\\/\\\/media.radiolitoral.com\\\/wp-content\\\/uploads\\\/2023\\\/03\\\/14144149\\\/donacion.jpg\",\"datePublished\":\"2023-03-14T13:45:48+00:00\",\"dateModified\":\"2023-03-14T13:46:18+00:00\",\"description\":\"La ciudadan\u00eda se ha volcado ofreciendo una silla de evacuaci\u00f3n y un chaleco para la maniobra de Heimlich\",\"breadcrumb\":{\"@id\":\"https:\\\/\\\/radiolitoral.com\\\/2023\\\/03\\\/proteccion-civil-de-benitatxell-recibe-donaciones-de-material-emergencias\\\/#breadcrumb\"},\"inLanguage\":\"ca\",\"potentialAction\":[{\"@type\":\"ReadAction\",\"target\":[\"https:\\\/\\\/radiolitoral.com\\\/2023\\\/03\\\/proteccion-civil-de-benitatxell-recibe-donaciones-de-material-emergencias\\\/\"]}]},{\"@type\":\"ImageObject\",\"inLanguage\":\"ca\",\"@id\":\"https:\\\/\\\/radiolitoral.com\\\/2023\\\/03\\\/proteccion-civil-de-benitatxell-recibe-donaciones-de-material-emergencias\\\/#primaryimage\",\"url\":\"https:\\\/\\\/media.radiolitoral.com\\\/wp-content\\\/uploads\\\/2023\\\/03\\\/14144149\\\/donacion.jpg\",\"contentUrl\":\"https:\\\/\\\/media.radiolitoral.com\\\/wp-content\\\/uploads\\\/2023\\\/03\\\/14144149\\\/donacion.jpg\",\"width\":634,\"height\":476},{\"@type\":\"BreadcrumbList\",\"@id\":\"https:\\\/\\\/radiolitoral.com\\\/2023\\\/03\\\/proteccion-civil-de-benitatxell-recibe-donaciones-de-material-emergencias\\\/#breadcrumb\",\"itemListElement\":[{\"@type\":\"ListItem\",\"position\":1,\"name\":\"Portada\",\"item\":\"https:\\\/\\\/radiolitoral.com\\\/\"},{\"@type\":\"ListItem\",\"position\":2,\"name\":\"Protecci\u00f3n Civil de Benitatxell recibe donaciones de material emergencias\"}]},{\"@type\":\"WebSite\",\"@id\":\"https:\\\/\\\/radiolitoral.com\\\/#website\",\"url\":\"https:\\\/\\\/radiolitoral.com\\\/\",\"name\":\"Radio Litoral\",\"description\":\"La radio local de la Marina Alta\",\"publisher\":{\"@id\":\"https:\\\/\\\/radiolitoral.com\\\/#organization\"},\"alternateName\":\"Litoral FM\",\"potentialAction\":[{\"@type\":\"SearchAction\",\"target\":{\"@type\":\"EntryPoint\",\"urlTemplate\":\"https:\\\/\\\/radiolitoral.com\\\/?s={search_term_string}\"},\"query-input\":{\"@type\":\"PropertyValueSpecification\",\"valueRequired\":true,\"valueName\":\"search_term_string\"}}],\"inLanguage\":\"ca\"},{\"@type\":\"Organization\",\"@id\":\"https:\\\/\\\/radiolitoral.com\\\/#organization\",\"name\":\"Radio Litoral\",\"url\":\"https:\\\/\\\/radiolitoral.com\\\/\",\"logo\":{\"@type\":\"ImageObject\",\"inLanguage\":\"ca\",\"@id\":\"https:\\\/\\\/radiolitoral.com\\\/#\\\/schema\\\/logo\\\/image\\\/\",\"url\":\"https:\\\/\\\/media.radiolitoral.com\\\/wp-content\\\/uploads\\\/2023\\\/02\\\/24143238\\\/CL-V-RadioLitoral696.png\",\"contentUrl\":\"https:\\\/\\\/media.radiolitoral.com\\\/wp-content\\\/uploads\\\/2023\\\/02\\\/24143238\\\/CL-V-RadioLitoral696.png\",\"width\":696,\"height\":696,\"caption\":\"Radio Litoral\"},\"image\":{\"@id\":\"https:\\\/\\\/radiolitoral.com\\\/#\\\/schema\\\/logo\\\/image\\\/\"},\"sameAs\":[\"https:\\\/\\\/www.facebook.com\\\/Laradiolitoral\\\/\"]},{\"@type\":\"Person\",\"@id\":\"https:\\\/\\\/radiolitoral.com\\\/#\\\/schema\\\/person\\\/aad4f72efa404f85b68e832d24cac059\",\"name\":\"Mel Pescuezo\",\"image\":{\"@type\":\"ImageObject\",\"inLanguage\":\"ca\",\"@id\":\"https:\\\/\\\/secure.gravatar.com\\\/avatar\\\/993975ae489c70cb0dd9bfa9413a082f0bd276582dac13661af7b33f161e7eea?s=96&d=mm&r=g\",\"url\":\"https:\\\/\\\/secure.gravatar.com\\\/avatar\\\/993975ae489c70cb0dd9bfa9413a082f0bd276582dac13661af7b33f161e7eea?s=96&d=mm&r=g\",\"contentUrl\":\"https:\\\/\\\/secure.gravatar.com\\\/avatar\\\/993975ae489c70cb0dd9bfa9413a082f0bd276582dac13661af7b33f161e7eea?s=96&d=mm&r=g\",\"caption\":\"Mel Pescuezo\"},\"url\":\"https:\\\/\\\/radiolitoral.com\\\/ca\\\/author\\\/serviciospararadios\\\/\"}]}<\/script>\n<!-- \/ Yoast SEO plugin. -->","yoast_head_json":{"title":"Protecci\u00f3 Civil de Benitatxell rep donacions de material emerg\u00e8ncies | R\u00e0dio Litoral","description":"La ciutadania s&#039;ha bolcat oferint una cadira d&#039;evacuaci\u00f3 i una armilla per a la maniobra de Heimlich","robots":{"index":"index","follow":"follow","max-snippet":"max-snippet:-1","max-image-preview":"max-image-preview:large","max-video-preview":"max-video-preview:-1"},"canonical":"https:\/\/radiolitoral.com\/ca\/2023\/03\/proteccio-civil-de-benitatxell-rep-donacions-de-material-emergencies\/","og_locale":"ca_ES","og_type":"article","og_title":"Protecci\u00f3n Civil de Benitatxell recibe donaciones de material emergencias | R\u00e0dio Litoral","og_description":"La ciudadan\u00eda se ha volcado ofreciendo una silla de evacuaci\u00f3n y un chaleco para la maniobra de Heimlich","og_url":"https:\/\/radiolitoral.com\/ca\/2023\/03\/proteccio-civil-de-benitatxell-rep-donacions-de-material-emergencies\/","og_site_name":"R\u00e0dio Litoral","article_publisher":"https:\/\/www.facebook.com\/Laradiolitoral\/","article_published_time":"2023-03-14T13:45:48+00:00","article_modified_time":"2023-03-14T13:46:18+00:00","og_image":[{"width":634,"height":476,"url":"https:\/\/media.radiolitoral.com\/wp-content\/uploads\/2023\/03\/14144149\/donacion.jpg","type":"image\/jpeg"}],"author":"Mel Pescuezo","twitter_card":"summary_large_image","twitter_misc":{"Escrit per":"Mel Pescuezo","Temps estimat de lectura":"2 minuts"},"schema":{"@context":"https:\/\/schema.org","@graph":[{"@type":"NewsArticle","@id":"https:\/\/radiolitoral.com\/2023\/03\/proteccion-civil-de-benitatxell-recibe-donaciones-de-material-emergencias\/#article","isPartOf":{"@id":"https:\/\/radiolitoral.com\/2023\/03\/proteccion-civil-de-benitatxell-recibe-donaciones-de-material-emergencias\/"},"author":{"name":"Mel Pescuezo","@id":"https:\/\/radiolitoral.com\/#\/schema\/person\/aad4f72efa404f85b68e832d24cac059"},"headline":"Protecci\u00f3n Civil de Benitatxell recibe donaciones de material emergencias","datePublished":"2023-03-14T13:45:48+00:00","dateModified":"2023-03-14T13:46:18+00:00","mainEntityOfPage":{"@id":"https:\/\/radiolitoral.com\/2023\/03\/proteccion-civil-de-benitatxell-recibe-donaciones-de-material-emergencias\/"},"wordCount":309,"commentCount":0,"publisher":{"@id":"https:\/\/radiolitoral.com\/#organization"},"image":{"@id":"https:\/\/radiolitoral.com\/2023\/03\/proteccion-civil-de-benitatxell-recibe-donaciones-de-material-emergencias\/#primaryimage"},"thumbnailUrl":"https:\/\/media.radiolitoral.com\/wp-content\/uploads\/2023\/03\/14144149\/donacion.jpg","keywords":["Benitatxell","donaciones","El Poble Nou de Benitatxell","Protecci\u00f3n Civil"],"articleSection":["Seguridad Ciudadana"],"inLanguage":"ca","potentialAction":[{"@type":"CommentAction","name":"Comment","target":["https:\/\/radiolitoral.com\/2023\/03\/proteccion-civil-de-benitatxell-recibe-donaciones-de-material-emergencias\/#respond"]}]},{"@type":["WebPage","ItemPage"],"@id":"https:\/\/radiolitoral.com\/2023\/03\/proteccion-civil-de-benitatxell-recibe-donaciones-de-material-emergencias\/","url":"https:\/\/radiolitoral.com\/2023\/03\/proteccion-civil-de-benitatxell-recibe-donaciones-de-material-emergencias\/","name":"Protecci\u00f3 Civil de Benitatxell rep donacions de material emerg\u00e8ncies | R\u00e0dio Litoral","isPartOf":{"@id":"https:\/\/radiolitoral.com\/#website"},"primaryImageOfPage":{"@id":"https:\/\/radiolitoral.com\/2023\/03\/proteccion-civil-de-benitatxell-recibe-donaciones-de-material-emergencias\/#primaryimage"},"image":{"@id":"https:\/\/radiolitoral.com\/2023\/03\/proteccion-civil-de-benitatxell-recibe-donaciones-de-material-emergencias\/#primaryimage"},"thumbnailUrl":"https:\/\/media.radiolitoral.com\/wp-content\/uploads\/2023\/03\/14144149\/donacion.jpg","datePublished":"2023-03-14T13:45:48+00:00","dateModified":"2023-03-14T13:46:18+00:00","description":"La ciutadania s&#039;ha bolcat oferint una cadira d&#039;evacuaci\u00f3 i una armilla per a la maniobra de Heimlich","breadcrumb":{"@id":"https:\/\/radiolitoral.com\/2023\/03\/proteccion-civil-de-benitatxell-recibe-donaciones-de-material-emergencias\/#breadcrumb"},"inLanguage":"ca","potentialAction":[{"@type":"ReadAction","target":["https:\/\/radiolitoral.com\/2023\/03\/proteccion-civil-de-benitatxell-recibe-donaciones-de-material-emergencias\/"]}]},{"@type":"ImageObject","inLanguage":"ca","@id":"https:\/\/radiolitoral.com\/2023\/03\/proteccion-civil-de-benitatxell-recibe-donaciones-de-material-emergencias\/#primaryimage","url":"https:\/\/media.radiolitoral.com\/wp-content\/uploads\/2023\/03\/14144149\/donacion.jpg","contentUrl":"https:\/\/media.radiolitoral.com\/wp-content\/uploads\/2023\/03\/14144149\/donacion.jpg","width":634,"height":476},{"@type":"BreadcrumbList","@id":"https:\/\/radiolitoral.com\/2023\/03\/proteccion-civil-de-benitatxell-recibe-donaciones-de-material-emergencias\/#breadcrumb","itemListElement":[{"@type":"ListItem","position":1,"name":"Portada","item":"https:\/\/radiolitoral.com\/"},{"@type":"ListItem","position":2,"name":"Protecci\u00f3n Civil de Benitatxell recibe donaciones de material emergencias"}]},{"@type":"WebSite","@id":"https:\/\/radiolitoral.com\/#website","url":"https:\/\/radiolitoral.com\/","name":"R\u00e0dio Litoral","description":"La r\u00e0dio local de la Marina Alta","publisher":{"@id":"https:\/\/radiolitoral.com\/#organization"},"alternateName":"Litoral FM","potentialAction":[{"@type":"SearchAction","target":{"@type":"EntryPoint","urlTemplate":"https:\/\/radiolitoral.com\/?s={search_term_string}"},"query-input":{"@type":"PropertyValueSpecification","valueRequired":true,"valueName":"search_term_string"}}],"inLanguage":"ca"},{"@type":"Organization","@id":"https:\/\/radiolitoral.com\/#organization","name":"R\u00e0dio Litoral","url":"https:\/\/radiolitoral.com\/","logo":{"@type":"ImageObject","inLanguage":"ca","@id":"https:\/\/radiolitoral.com\/#\/schema\/logo\/image\/","url":"https:\/\/media.radiolitoral.com\/wp-content\/uploads\/2023\/02\/24143238\/CL-V-RadioLitoral696.png","contentUrl":"https:\/\/media.radiolitoral.com\/wp-content\/uploads\/2023\/02\/24143238\/CL-V-RadioLitoral696.png","width":696,"height":696,"caption":"Radio Litoral"},"image":{"@id":"https:\/\/radiolitoral.com\/#\/schema\/logo\/image\/"},"sameAs":["https:\/\/www.facebook.com\/Laradiolitoral\/"]},{"@type":"Person","@id":"https:\/\/radiolitoral.com\/#\/schema\/person\/aad4f72efa404f85b68e832d24cac059","name":"Mel Pescuezo","image":{"@type":"ImageObject","inLanguage":"ca","@id":"https:\/\/secure.gravatar.com\/avatar\/993975ae489c70cb0dd9bfa9413a082f0bd276582dac13661af7b33f161e7eea?s=96&d=mm&r=g","url":"https:\/\/secure.gravatar.com\/avatar\/993975ae489c70cb0dd9bfa9413a082f0bd276582dac13661af7b33f161e7eea?s=96&d=mm&r=g","contentUrl":"https:\/\/secure.gravatar.com\/avatar\/993975ae489c70cb0dd9bfa9413a082f0bd276582dac13661af7b33f161e7eea?s=96&d=mm&r=g","caption":"Mel Pescuezo"},"url":"https:\/\/radiolitoral.com\/ca\/author\/serviciospararadios\/"}]}},"_links":{"self":[{"href":"https:\/\/radiolitoral.com\/ca\/wp-json\/wp\/v2\/posts\/1317","targetHints":{"allow":["GET"]}}],"collection":[{"href":"https:\/\/radiolitoral.com\/ca\/wp-json\/wp\/v2\/posts"}],"about":[{"href":"https:\/\/radiolitoral.com\/ca\/wp-json\/wp\/v2\/types\/post"}],"author":[{"embeddable":true,"href":"https:\/\/radiolitoral.com\/ca\/wp-json\/wp\/v2\/users\/21"}],"replies":[{"embeddable":true,"href":"https:\/\/radiolitoral.com\/ca\/wp-json\/wp\/v2\/comments?post=1317"}],"version-history":[{"count":1,"href":"https:\/\/radiolitoral.com\/ca\/wp-json\/wp\/v2\/posts\/1317\/revisions"}],"predecessor-version":[{"id":1319,"href":"https:\/\/radiolitoral.com\/ca\/wp-json\/wp\/v2\/posts\/1317\/revisions\/1319"}],"wp:featuredmedia":[{"embeddable":true,"href":"https:\/\/radiolitoral.com\/ca\/wp-json\/wp\/v2\/media\/1318"}],"wp:attachment":[{"href":"https:\/\/radiolitoral.com\/ca\/wp-json\/wp\/v2\/media?parent=1317"}],"wp:term":[{"taxonomy":"category","embeddable":true,"href":"https:\/\/radiolitoral.com\/ca\/wp-json\/wp\/v2\/categories?post=1317"},{"taxonomy":"post_tag","embeddable":true,"href":"https:\/\/radiolitoral.com\/ca\/wp-json\/wp\/v2\/tags?post=1317"}],"curies":[{"name":"wp","href":"https:\/\/api.w.org\/{rel}","templated":true}]}}