{"id":13166,"date":"2024-11-19T18:56:33","date_gmt":"2024-11-19T17:56:33","guid":{"rendered":"https:\/\/radiolitoral.com\/?p=13166"},"modified":"2024-11-19T18:56:33","modified_gmt":"2024-11-19T17:56:33","slug":"teulada-moraira-celebra-les-festes-de-santa-catalina-2024","status":"publish","type":"post","link":"https:\/\/radiolitoral.com\/ca\/2024\/11\/teulada-moraira-celebra-les-festes-de-santa-catalina-2024\/","title":{"rendered":"Teulada Moraira celebra les festes de Santa Catalina 2024"},"content":{"rendered":"<p>Teulada Moraira \u00e9s vestir\u00e0 de festa per honrar Santa Catalina del <strong>22 al 24 de novembre<\/strong>. Aquestes celebracions, organitzades per la <strong>Comissi\u00f3 de Festes Sant Vicent Ferrer 2025<\/strong> amb el suport de l&#039;Ajuntament, marqueu la compte enrere per a les festes patronals de Sant Vicent Ferrer.<\/p>\n<p>La regidora de Festes, <strong>Rosana Caselles<\/strong>, ha animat tothom a participar-hi: \u201cS\u00f3n dies de retrobament amb els nostres amics i cinquens. Dies per oblidar la rutina i gaudir de moments d&#039;alegria.\u201d Per la seva banda, l&#039;alcalde <strong>Ra\u00fal Llobell<\/strong> ha destacat lesfor\u00e7 de la comissi\u00f3 i ha convidat ve\u00efns i visitants a sumar-se als actes.<\/p>\n<h3>Programaci\u00f3 Santa Catalina 2024<\/h3>\n<p><a href=\"https:\/\/media.radiolitoral.com\/wp-content\/uploads\/2024\/11\/19184551\/Cartell-SantaCaterina24.jpeg\"><img loading=\"lazy\" decoding=\"async\" class=\"size-large wp-image-13167 aligncenter\" src=\"https:\/\/media.radiolitoral.com\/wp-content\/uploads\/2024\/11\/19184551\/Cartell-SantaCaterina24-724x1024.jpeg\" alt=\"\" width=\"640\" height=\"905\" srcset=\"https:\/\/media.radiolitoral.com\/wp-content\/uploads\/2024\/11\/19184551\/Cartell-SantaCaterina24-724x1024.jpeg 724w, https:\/\/media.radiolitoral.com\/wp-content\/uploads\/2024\/11\/19184551\/Cartell-SantaCaterina24-212x300.jpeg 212w, https:\/\/media.radiolitoral.com\/wp-content\/uploads\/2024\/11\/19184551\/Cartell-SantaCaterina24-768x1086.jpeg 768w, https:\/\/media.radiolitoral.com\/wp-content\/uploads\/2024\/11\/19184551\/Cartell-SantaCaterina24-1086x1536.jpeg 1086w, https:\/\/media.radiolitoral.com\/wp-content\/uploads\/2024\/11\/19184551\/Cartell-SantaCaterina24-8x12.jpeg 8w, https:\/\/media.radiolitoral.com\/wp-content\/uploads\/2024\/11\/19184551\/Cartell-SantaCaterina24-707x1000.jpeg 707w, https:\/\/media.radiolitoral.com\/wp-content\/uploads\/2024\/11\/19184551\/Cartell-SantaCaterina24-71x100.jpeg 71w, https:\/\/media.radiolitoral.com\/wp-content\/uploads\/2024\/11\/19184551\/Cartell-SantaCaterina24-141x200.jpeg 141w, https:\/\/media.radiolitoral.com\/wp-content\/uploads\/2024\/11\/19184551\/Cartell-SantaCaterina24.jpeg 1131w\" sizes=\"auto, (max-width: 640px) 100vw, 640px\" \/><\/a><\/p>\n<h5>DIVENDRES 22 DE NOVEMBRE: Tradici\u00f3 i festa popular<\/h5>\n<ul>\n<li><strong>12.30 h.<\/strong> Volteig general de campans i entrada de la murta amb coets i m\u00fasica.<\/li>\n<li><strong>21.00 h.<\/strong> <strong>Sopar popular<\/strong> a l&#039;envelat de la pla\u00e7a de l&#039;Ajuntament. Es repartir\u00e0 cervesa gr\u00e0cies a Cellers Blasco i Sevisal. Servei de bar a c\u00e0rrec de la Comissi\u00f3 de Festes.<\/li>\n<li><strong>23.30 h.<\/strong> Actuaci\u00f3 de l&#039;orquestra <strong>L\u00edmit<\/strong> fins a la madrugada.<\/li>\n<\/ul>\n<h5>DISSABTE 23 DE NOVEMBRE: Mig any de quintades<\/h5>\n<ul>\n<li><strong>08.00 h.<\/strong> <strong>Despertada<\/strong> a c\u00e0rrec de la Comissi\u00f3 de Festes amb coets.<\/li>\n<li><strong>10.15 h.<\/strong> Passacarrer de calders i cassons per als xiquets i xiquetes, acompanyats per la xaranga <strong>El Batacl\u00e0<\/strong>. Al final del recorregut, repartiment de xocolata gr\u00e0cies a Forn Cristina.<\/li>\n<li><strong>11.30 h. <\/strong><strong>Jocs infantils<\/strong> a la pla\u00e7a de la Constituci\u00f3 i avenida Santa Catalina i degustaci\u00f3 de <strong>ca\u00e7alla<\/strong> i licors d&#039;An\u00eds Tennis al Jutge&#039;s Bar, amenitzada per la xaranga El Batacl\u00e0.<\/li>\n<li><strong>14.00 h.<\/strong> <strong>Paella gegant<\/strong> per a tots els assistents, preparada per Riquelme.<\/li>\n<li><strong>17.00 h.<\/strong> Actuaci\u00f3 de l&#039;orquestra <strong>La Tribu<\/strong>, seguida d&#039;una gran <strong>discom\u00f2bil<\/strong> amb el DJ Pepe Caste.<\/li>\n<\/ul>\n<h5>DIUMENGE 24 DE NOVEMBRE: Solemnitat i devoci\u00f3<\/h5>\n<ul>\n<li><strong>08.00 h.<\/strong> <strong>Despertada<\/strong> a c\u00e0rrec de la Comissi\u00f3 de Festes.<\/li>\n<li><strong>11.30 h.<\/strong> Concentraci\u00f3 d&#039;autoritats i la Comissi\u00f3 de Festes a la pla\u00e7a de l&#039;Ajuntament, acompanyats per: Agrupaci\u00f3 Musical Cultural de Teulada, Colla de Dol\u00e7ainers i Tabaleters. esgl\u00e9sia de Santa Catalina.<\/li>\n<li><strong>12.00 h.<\/strong> <strong>Missa solemne<\/strong> cantada per la Coral Teuladina. Despr\u00e9s, va processar en honor Santa Catalina pel recorregut habitual.<\/li>\n<li><strong>14.00 h.<\/strong> <strong>Mascletada<\/strong> de la Pirot\u00e8cnia Vulc\u00e0 i vermut per cortesia de la Cooperativa Sant Vicent Ferrer de Teulada.<\/li>\n<\/ul>","protected":false},"excerpt":{"rendered":"<p>Teulada Moraira es vestir\u00e0 de festa per a honrar Santa Catalina del 22 al 24 de novembre. Estes celebracions, organitzades per la Comissi\u00f3 de Festes Sant Vicent Ferrer 2025 amb el suport de l&#8217;Ajuntament, marquen el compte enrere per a les festes patronals de Sant Vicent Ferrer. La regidora de Festes, Rosana Caselles, ha animat [&#8230;]<\/p>\n<p><a class=\"btn btn-secondary understrap-read-more-link\" href=\"https:\/\/radiolitoral.com\/ca\/2024\/11\/teulada-moraira-celebra-les-festes-de-santa-catalina-2024\/\">Continua llegint&#8230;<span class=\"screen-reader-text\"> from Teulada Moraira celebra les festes de Santa Catalina 2024<\/span><\/a><\/p>\n","protected":false},"author":14,"featured_media":13169,"comment_status":"open","ping_status":"closed","sticky":false,"template":"","format":"standard","meta":{"_acf_changed":false,"inline_featured_image":false,"footnotes":""},"categories":[55],"tags":[2792,2795,2794,2793],"class_list":["post-13166","post","type-post","status-publish","format-standard","has-post-thumbnail","hentry","category-cultura","tag-programa-santa-catalina","tag-sant-vicent-ferrer","tag-santa-catalina","tag-santa-catalina-teulada-moraira"],"acf":[],"yoast_head":"<!-- This site is optimized with the Yoast SEO plugin v27.5 - https:\/\/yoast.com\/product\/yoast-seo-wordpress\/ -->\n<title>Teulada Moraira celebra les festes de Santa Catalina 2024 | R\u00e0dio Litoral<\/title>\n<meta name=\"description\" content=\"Un cap de setmana de m\u00fasica, tradicions i festa en honor a Santa Catalina\" \/>\n<meta name=\"robots\" content=\"index, follow, max-snippet:-1, max-image-preview:large, max-video-preview:-1\" \/>\n<link rel=\"canonical\" href=\"https:\/\/radiolitoral.com\/ca\/2024\/11\/teulada-moraira-celebra-les-festes-de-santa-catalina-2024\/\" \/>\n<meta property=\"og:locale\" content=\"ca_ES\" \/>\n<meta property=\"og:type\" content=\"article\" \/>\n<meta property=\"og:title\" content=\"Teulada Moraira celebra les festes de Santa Catalina 2024 | R\u00e0dio Litoral\" \/>\n<meta property=\"og:description\" content=\"Un cap de setmana de m\u00fasica, tradicions i festa en honor a Santa Catalina\" \/>\n<meta property=\"og:url\" content=\"https:\/\/radiolitoral.com\/ca\/2024\/11\/teulada-moraira-celebra-les-festes-de-santa-catalina-2024\/\" \/>\n<meta property=\"og:site_name\" content=\"R\u00e0dio Litoral\" \/>\n<meta property=\"article:publisher\" content=\"https:\/\/www.facebook.com\/Laradiolitoral\/\" \/>\n<meta property=\"article:published_time\" content=\"2024-11-19T17:56:33+00:00\" \/>\n<meta property=\"og:image\" content=\"https:\/\/media.radiolitoral.com\/wp-content\/uploads\/2024\/11\/19185513\/Santa-Catalina.jpeg\" \/>\n\t<meta property=\"og:image:width\" content=\"2048\" \/>\n\t<meta property=\"og:image:height\" content=\"1365\" \/>\n\t<meta property=\"og:image:type\" content=\"image\/jpeg\" \/>\n<meta name=\"author\" content=\"Redacci\u00f3n\" \/>\n<meta name=\"twitter:card\" content=\"summary_large_image\" \/>\n<meta name=\"twitter:label1\" content=\"Escrit per\" \/>\n\t<meta name=\"twitter:data1\" content=\"Redacci\u00f3n\" \/>\n\t<meta name=\"twitter:label2\" content=\"Temps estimat de lectura\" \/>\n\t<meta name=\"twitter:data2\" content=\"3 minuts\" \/>\n<script type=\"application\/ld+json\" class=\"yoast-schema-graph\">{\"@context\":\"https:\\\/\\\/schema.org\",\"@graph\":[{\"@type\":\"NewsArticle\",\"@id\":\"https:\\\/\\\/radiolitoral.com\\\/2024\\\/11\\\/teulada-moraira-celebra-les-festes-de-santa-catalina-2024\\\/#article\",\"isPartOf\":{\"@id\":\"https:\\\/\\\/radiolitoral.com\\\/2024\\\/11\\\/teulada-moraira-celebra-les-festes-de-santa-catalina-2024\\\/\"},\"author\":{\"name\":\"Redacci\u00f3n\",\"@id\":\"https:\\\/\\\/radiolitoral.com\\\/#\\\/schema\\\/person\\\/96b739642eb3bedb532aac3812d23307\"},\"headline\":\"Teulada Moraira celebra les festes de Santa Catalina 2024\",\"datePublished\":\"2024-11-19T17:56:33+00:00\",\"mainEntityOfPage\":{\"@id\":\"https:\\\/\\\/radiolitoral.com\\\/2024\\\/11\\\/teulada-moraira-celebra-les-festes-de-santa-catalina-2024\\\/\"},\"wordCount\":402,\"commentCount\":0,\"publisher\":{\"@id\":\"https:\\\/\\\/radiolitoral.com\\\/#organization\"},\"image\":{\"@id\":\"https:\\\/\\\/radiolitoral.com\\\/2024\\\/11\\\/teulada-moraira-celebra-les-festes-de-santa-catalina-2024\\\/#primaryimage\"},\"thumbnailUrl\":\"https:\\\/\\\/media.radiolitoral.com\\\/wp-content\\\/uploads\\\/2024\\\/11\\\/19185513\\\/Santa-Catalina.jpeg\",\"keywords\":[\"Programa Santa Catalina\",\"Sant Vicent Ferrer\",\"Santa Catalina\",\"Santa Catalina Teulada Moraira\"],\"articleSection\":[\"Cultura\"],\"inLanguage\":\"ca\",\"potentialAction\":[{\"@type\":\"CommentAction\",\"name\":\"Comment\",\"target\":[\"https:\\\/\\\/radiolitoral.com\\\/2024\\\/11\\\/teulada-moraira-celebra-les-festes-de-santa-catalina-2024\\\/#respond\"]}]},{\"@type\":[\"WebPage\",\"ItemPage\"],\"@id\":\"https:\\\/\\\/radiolitoral.com\\\/2024\\\/11\\\/teulada-moraira-celebra-les-festes-de-santa-catalina-2024\\\/\",\"url\":\"https:\\\/\\\/radiolitoral.com\\\/2024\\\/11\\\/teulada-moraira-celebra-les-festes-de-santa-catalina-2024\\\/\",\"name\":\"Teulada Moraira celebra les festes de Santa Catalina 2024 | R\u00e0dio Litoral\",\"isPartOf\":{\"@id\":\"https:\\\/\\\/radiolitoral.com\\\/#website\"},\"primaryImageOfPage\":{\"@id\":\"https:\\\/\\\/radiolitoral.com\\\/2024\\\/11\\\/teulada-moraira-celebra-les-festes-de-santa-catalina-2024\\\/#primaryimage\"},\"image\":{\"@id\":\"https:\\\/\\\/radiolitoral.com\\\/2024\\\/11\\\/teulada-moraira-celebra-les-festes-de-santa-catalina-2024\\\/#primaryimage\"},\"thumbnailUrl\":\"https:\\\/\\\/media.radiolitoral.com\\\/wp-content\\\/uploads\\\/2024\\\/11\\\/19185513\\\/Santa-Catalina.jpeg\",\"datePublished\":\"2024-11-19T17:56:33+00:00\",\"description\":\"Un cap de setmana de m\u00fasica, tradicions i festa en honor a Santa Catalina\",\"breadcrumb\":{\"@id\":\"https:\\\/\\\/radiolitoral.com\\\/2024\\\/11\\\/teulada-moraira-celebra-les-festes-de-santa-catalina-2024\\\/#breadcrumb\"},\"inLanguage\":\"ca\",\"potentialAction\":[{\"@type\":\"ReadAction\",\"target\":[\"https:\\\/\\\/radiolitoral.com\\\/2024\\\/11\\\/teulada-moraira-celebra-les-festes-de-santa-catalina-2024\\\/\"]}]},{\"@type\":\"ImageObject\",\"inLanguage\":\"ca\",\"@id\":\"https:\\\/\\\/radiolitoral.com\\\/2024\\\/11\\\/teulada-moraira-celebra-les-festes-de-santa-catalina-2024\\\/#primaryimage\",\"url\":\"https:\\\/\\\/media.radiolitoral.com\\\/wp-content\\\/uploads\\\/2024\\\/11\\\/19185513\\\/Santa-Catalina.jpeg\",\"contentUrl\":\"https:\\\/\\\/media.radiolitoral.com\\\/wp-content\\\/uploads\\\/2024\\\/11\\\/19185513\\\/Santa-Catalina.jpeg\",\"width\":2048,\"height\":1365},{\"@type\":\"BreadcrumbList\",\"@id\":\"https:\\\/\\\/radiolitoral.com\\\/2024\\\/11\\\/teulada-moraira-celebra-les-festes-de-santa-catalina-2024\\\/#breadcrumb\",\"itemListElement\":[{\"@type\":\"ListItem\",\"position\":1,\"name\":\"Portada\",\"item\":\"https:\\\/\\\/radiolitoral.com\\\/\"},{\"@type\":\"ListItem\",\"position\":2,\"name\":\"Teulada Moraira celebra les festes de Santa Catalina 2024\"}]},{\"@type\":\"WebSite\",\"@id\":\"https:\\\/\\\/radiolitoral.com\\\/#website\",\"url\":\"https:\\\/\\\/radiolitoral.com\\\/\",\"name\":\"Radio Litoral\",\"description\":\"La radio local de la Marina Alta\",\"publisher\":{\"@id\":\"https:\\\/\\\/radiolitoral.com\\\/#organization\"},\"alternateName\":\"Litoral FM\",\"potentialAction\":[{\"@type\":\"SearchAction\",\"target\":{\"@type\":\"EntryPoint\",\"urlTemplate\":\"https:\\\/\\\/radiolitoral.com\\\/?s={search_term_string}\"},\"query-input\":{\"@type\":\"PropertyValueSpecification\",\"valueRequired\":true,\"valueName\":\"search_term_string\"}}],\"inLanguage\":\"ca\"},{\"@type\":\"Organization\",\"@id\":\"https:\\\/\\\/radiolitoral.com\\\/#organization\",\"name\":\"Radio Litoral\",\"url\":\"https:\\\/\\\/radiolitoral.com\\\/\",\"logo\":{\"@type\":\"ImageObject\",\"inLanguage\":\"ca\",\"@id\":\"https:\\\/\\\/radiolitoral.com\\\/#\\\/schema\\\/logo\\\/image\\\/\",\"url\":\"https:\\\/\\\/media.radiolitoral.com\\\/wp-content\\\/uploads\\\/2023\\\/02\\\/24143238\\\/CL-V-RadioLitoral696.png\",\"contentUrl\":\"https:\\\/\\\/media.radiolitoral.com\\\/wp-content\\\/uploads\\\/2023\\\/02\\\/24143238\\\/CL-V-RadioLitoral696.png\",\"width\":696,\"height\":696,\"caption\":\"Radio Litoral\"},\"image\":{\"@id\":\"https:\\\/\\\/radiolitoral.com\\\/#\\\/schema\\\/logo\\\/image\\\/\"},\"sameAs\":[\"https:\\\/\\\/www.facebook.com\\\/Laradiolitoral\\\/\"]},{\"@type\":\"Person\",\"@id\":\"https:\\\/\\\/radiolitoral.com\\\/#\\\/schema\\\/person\\\/96b739642eb3bedb532aac3812d23307\",\"name\":\"Redacci\u00f3n\",\"image\":{\"@type\":\"ImageObject\",\"inLanguage\":\"ca\",\"@id\":\"https:\\\/\\\/secure.gravatar.com\\\/avatar\\\/30cd06129ee90411dd9c7cbdcf17464181d1a3c7b072e92070ea75a25cf0097e?s=96&d=mm&r=g\",\"url\":\"https:\\\/\\\/secure.gravatar.com\\\/avatar\\\/30cd06129ee90411dd9c7cbdcf17464181d1a3c7b072e92070ea75a25cf0097e?s=96&d=mm&r=g\",\"contentUrl\":\"https:\\\/\\\/secure.gravatar.com\\\/avatar\\\/30cd06129ee90411dd9c7cbdcf17464181d1a3c7b072e92070ea75a25cf0097e?s=96&d=mm&r=g\",\"caption\":\"Redacci\u00f3n\"},\"url\":\"https:\\\/\\\/radiolitoral.com\\\/ca\\\/author\\\/kevin-carrio\\\/\"}]}<\/script>\n<!-- \/ Yoast SEO plugin. -->","yoast_head_json":{"title":"Teulada Moraira celebra les festes de Santa Catalina 2024 | R\u00e0dio Litoral","description":"Un cap de setmana de m\u00fasica, tradicions i festa en honor a Santa Catalina","robots":{"index":"index","follow":"follow","max-snippet":"max-snippet:-1","max-image-preview":"max-image-preview:large","max-video-preview":"max-video-preview:-1"},"canonical":"https:\/\/radiolitoral.com\/ca\/2024\/11\/teulada-moraira-celebra-les-festes-de-santa-catalina-2024\/","og_locale":"ca_ES","og_type":"article","og_title":"Teulada Moraira celebra les festes de Santa Catalina 2024 | R\u00e0dio Litoral","og_description":"Un cap de setmana de m\u00fasica, tradicions i festa en honor a Santa Catalina","og_url":"https:\/\/radiolitoral.com\/ca\/2024\/11\/teulada-moraira-celebra-les-festes-de-santa-catalina-2024\/","og_site_name":"R\u00e0dio Litoral","article_publisher":"https:\/\/www.facebook.com\/Laradiolitoral\/","article_published_time":"2024-11-19T17:56:33+00:00","og_image":[{"width":2048,"height":1365,"url":"https:\/\/media.radiolitoral.com\/wp-content\/uploads\/2024\/11\/19185513\/Santa-Catalina.jpeg","type":"image\/jpeg"}],"author":"Redacci\u00f3n","twitter_card":"summary_large_image","twitter_misc":{"Escrit per":"Redacci\u00f3n","Temps estimat de lectura":"3 minuts"},"schema":{"@context":"https:\/\/schema.org","@graph":[{"@type":"NewsArticle","@id":"https:\/\/radiolitoral.com\/2024\/11\/teulada-moraira-celebra-les-festes-de-santa-catalina-2024\/#article","isPartOf":{"@id":"https:\/\/radiolitoral.com\/2024\/11\/teulada-moraira-celebra-les-festes-de-santa-catalina-2024\/"},"author":{"name":"Redacci\u00f3n","@id":"https:\/\/radiolitoral.com\/#\/schema\/person\/96b739642eb3bedb532aac3812d23307"},"headline":"Teulada Moraira celebra les festes de Santa Catalina 2024","datePublished":"2024-11-19T17:56:33+00:00","mainEntityOfPage":{"@id":"https:\/\/radiolitoral.com\/2024\/11\/teulada-moraira-celebra-les-festes-de-santa-catalina-2024\/"},"wordCount":402,"commentCount":0,"publisher":{"@id":"https:\/\/radiolitoral.com\/#organization"},"image":{"@id":"https:\/\/radiolitoral.com\/2024\/11\/teulada-moraira-celebra-les-festes-de-santa-catalina-2024\/#primaryimage"},"thumbnailUrl":"https:\/\/media.radiolitoral.com\/wp-content\/uploads\/2024\/11\/19185513\/Santa-Catalina.jpeg","keywords":["Programa Santa Catalina","Sant Vicent Ferrer","Santa Catalina","Santa Catalina Teulada Moraira"],"articleSection":["Cultura"],"inLanguage":"ca","potentialAction":[{"@type":"CommentAction","name":"Comment","target":["https:\/\/radiolitoral.com\/2024\/11\/teulada-moraira-celebra-les-festes-de-santa-catalina-2024\/#respond"]}]},{"@type":["WebPage","ItemPage"],"@id":"https:\/\/radiolitoral.com\/2024\/11\/teulada-moraira-celebra-les-festes-de-santa-catalina-2024\/","url":"https:\/\/radiolitoral.com\/2024\/11\/teulada-moraira-celebra-les-festes-de-santa-catalina-2024\/","name":"Teulada Moraira celebra les festes de Santa Catalina 2024 | R\u00e0dio Litoral","isPartOf":{"@id":"https:\/\/radiolitoral.com\/#website"},"primaryImageOfPage":{"@id":"https:\/\/radiolitoral.com\/2024\/11\/teulada-moraira-celebra-les-festes-de-santa-catalina-2024\/#primaryimage"},"image":{"@id":"https:\/\/radiolitoral.com\/2024\/11\/teulada-moraira-celebra-les-festes-de-santa-catalina-2024\/#primaryimage"},"thumbnailUrl":"https:\/\/media.radiolitoral.com\/wp-content\/uploads\/2024\/11\/19185513\/Santa-Catalina.jpeg","datePublished":"2024-11-19T17:56:33+00:00","description":"Un cap de setmana de m\u00fasica, tradicions i festa en honor a Santa Catalina","breadcrumb":{"@id":"https:\/\/radiolitoral.com\/2024\/11\/teulada-moraira-celebra-les-festes-de-santa-catalina-2024\/#breadcrumb"},"inLanguage":"ca","potentialAction":[{"@type":"ReadAction","target":["https:\/\/radiolitoral.com\/2024\/11\/teulada-moraira-celebra-les-festes-de-santa-catalina-2024\/"]}]},{"@type":"ImageObject","inLanguage":"ca","@id":"https:\/\/radiolitoral.com\/2024\/11\/teulada-moraira-celebra-les-festes-de-santa-catalina-2024\/#primaryimage","url":"https:\/\/media.radiolitoral.com\/wp-content\/uploads\/2024\/11\/19185513\/Santa-Catalina.jpeg","contentUrl":"https:\/\/media.radiolitoral.com\/wp-content\/uploads\/2024\/11\/19185513\/Santa-Catalina.jpeg","width":2048,"height":1365},{"@type":"BreadcrumbList","@id":"https:\/\/radiolitoral.com\/2024\/11\/teulada-moraira-celebra-les-festes-de-santa-catalina-2024\/#breadcrumb","itemListElement":[{"@type":"ListItem","position":1,"name":"Portada","item":"https:\/\/radiolitoral.com\/"},{"@type":"ListItem","position":2,"name":"Teulada Moraira celebra les festes de Santa Catalina 2024"}]},{"@type":"WebSite","@id":"https:\/\/radiolitoral.com\/#website","url":"https:\/\/radiolitoral.com\/","name":"R\u00e0dio Litoral","description":"La r\u00e0dio local de la Marina Alta","publisher":{"@id":"https:\/\/radiolitoral.com\/#organization"},"alternateName":"Litoral FM","potentialAction":[{"@type":"SearchAction","target":{"@type":"EntryPoint","urlTemplate":"https:\/\/radiolitoral.com\/?s={search_term_string}"},"query-input":{"@type":"PropertyValueSpecification","valueRequired":true,"valueName":"search_term_string"}}],"inLanguage":"ca"},{"@type":"Organization","@id":"https:\/\/radiolitoral.com\/#organization","name":"R\u00e0dio Litoral","url":"https:\/\/radiolitoral.com\/","logo":{"@type":"ImageObject","inLanguage":"ca","@id":"https:\/\/radiolitoral.com\/#\/schema\/logo\/image\/","url":"https:\/\/media.radiolitoral.com\/wp-content\/uploads\/2023\/02\/24143238\/CL-V-RadioLitoral696.png","contentUrl":"https:\/\/media.radiolitoral.com\/wp-content\/uploads\/2023\/02\/24143238\/CL-V-RadioLitoral696.png","width":696,"height":696,"caption":"Radio Litoral"},"image":{"@id":"https:\/\/radiolitoral.com\/#\/schema\/logo\/image\/"},"sameAs":["https:\/\/www.facebook.com\/Laradiolitoral\/"]},{"@type":"Person","@id":"https:\/\/radiolitoral.com\/#\/schema\/person\/96b739642eb3bedb532aac3812d23307","name":"Redacci\u00f3","image":{"@type":"ImageObject","inLanguage":"ca","@id":"https:\/\/secure.gravatar.com\/avatar\/30cd06129ee90411dd9c7cbdcf17464181d1a3c7b072e92070ea75a25cf0097e?s=96&d=mm&r=g","url":"https:\/\/secure.gravatar.com\/avatar\/30cd06129ee90411dd9c7cbdcf17464181d1a3c7b072e92070ea75a25cf0097e?s=96&d=mm&r=g","contentUrl":"https:\/\/secure.gravatar.com\/avatar\/30cd06129ee90411dd9c7cbdcf17464181d1a3c7b072e92070ea75a25cf0097e?s=96&d=mm&r=g","caption":"Redacci\u00f3n"},"url":"https:\/\/radiolitoral.com\/ca\/author\/kevin-carrio\/"}]}},"_links":{"self":[{"href":"https:\/\/radiolitoral.com\/ca\/wp-json\/wp\/v2\/posts\/13166","targetHints":{"allow":["GET"]}}],"collection":[{"href":"https:\/\/radiolitoral.com\/ca\/wp-json\/wp\/v2\/posts"}],"about":[{"href":"https:\/\/radiolitoral.com\/ca\/wp-json\/wp\/v2\/types\/post"}],"author":[{"embeddable":true,"href":"https:\/\/radiolitoral.com\/ca\/wp-json\/wp\/v2\/users\/14"}],"replies":[{"embeddable":true,"href":"https:\/\/radiolitoral.com\/ca\/wp-json\/wp\/v2\/comments?post=13166"}],"version-history":[{"count":1,"href":"https:\/\/radiolitoral.com\/ca\/wp-json\/wp\/v2\/posts\/13166\/revisions"}],"predecessor-version":[{"id":13170,"href":"https:\/\/radiolitoral.com\/ca\/wp-json\/wp\/v2\/posts\/13166\/revisions\/13170"}],"wp:featuredmedia":[{"embeddable":true,"href":"https:\/\/radiolitoral.com\/ca\/wp-json\/wp\/v2\/media\/13169"}],"wp:attachment":[{"href":"https:\/\/radiolitoral.com\/ca\/wp-json\/wp\/v2\/media?parent=13166"}],"wp:term":[{"taxonomy":"category","embeddable":true,"href":"https:\/\/radiolitoral.com\/ca\/wp-json\/wp\/v2\/categories?post=13166"},{"taxonomy":"post_tag","embeddable":true,"href":"https:\/\/radiolitoral.com\/ca\/wp-json\/wp\/v2\/tags?post=13166"}],"curies":[{"name":"wp","href":"https:\/\/api.w.org\/{rel}","templated":true}]}}