{"id":13133,"date":"2024-11-18T11:34:00","date_gmt":"2024-11-18T10:34:00","guid":{"rendered":"https:\/\/radiolitoral.com\/?p=13133"},"modified":"2024-11-18T16:46:43","modified_gmt":"2024-11-18T15:46:43","slug":"un-dron-de-la-policia-local-de-calp-aconsegueix-rescatar-un-home-atrapat-a-la-cala-del-mallorqui","status":"publish","type":"post","link":"https:\/\/radiolitoral.com\/ca\/2024\/11\/un-dron-de-la-policia-local-de-calp-aconseguix-rescatar-a-un-home-atrapat-en-la-cala-del-mallorqui\/","title":{"rendered":"Un dron de la Policia Local de Calp aconsegueix rescatar un home atrapat a la cala del Mallorqu\u00ed"},"content":{"rendered":"<p>La\u00a0<strong>Policia Local de Calp<\/strong>\u00a0va protagonitzar el dissabte passat un rescat ins\u00f2lit gr\u00e0cies a l&#039;\u00fas d&#039;un dels seus nous\u00a0<strong>drons<\/strong>. Un banyista de mitjana edat havia quedat atrapat entre les roques de la\u00a0<strong>Cala del Mallorqu\u00ed<\/strong>, sense possibilitat d&#039;eixir a causa de la for\u00e7a de les ones. Els agents, despr\u00e9s de rebre l&#039;avis d&#039;un ciutad\u00e0, es van despla\u00e7ar r\u00e0pidament al lloc dels fets i van activar els serveis de\u00a0<strong>bombers<\/strong>\u00a0i\u00a0<strong>Salvament Mar\u00edtim<\/strong>.<\/p>\n<p>Mentre esperaven l&#039;arribada dels equips de rescat, van posar en funcionament un dels seus\u00a0<strong>drons d&#039;\u00faltima generaci\u00f3<\/strong>. Amb l&#039;altaveu incorporat, oferiren instruccions al banyista per trobar una via segura d&#039;eixida. Gr\u00e0cies a aquesta assist\u00e8ncia, l&#039;home va poder sortir pel seu propi peu.<\/p>\n<div style=\"width: 640px;\" class=\"wp-video\"><video class=\"wp-video-shortcode\" id=\"video-13133-1\" width=\"640\" height=\"358\" preload=\"metadata\" controls=\"controls\"><source type=\"video\/mp4\" src=\"https:\/\/media.radiolitoral.com\/wp-content\/uploads\/2024\/11\/18113925\/WhatsApp-Video-2024-11-18-at-09.21.18.mp4?_=1\" \/><a href=\"https:\/\/media.radiolitoral.com\/wp-content\/uploads\/2024\/11\/18113925\/WhatsApp-Video-2024-11-18-at-09.21.18.mp4\">https:\/\/media.radiolitoral.com\/wp-content\/uploads\/2024\/11\/18113925\/WhatsApp-Video-2024-11-18-at-09.21.18.mp4<\/a><\/video><\/div>\n<p>L&#039;<strong>UMAC<\/strong>\u00a0(Unitat de Mitjans Aeris de Calp) \u00e9s el resultat de la inversi\u00f3 municipal en dos\u00a0<strong>drons de seguretat avanzada<\/strong>, equipats amb c\u00e0meres d&#039;alta resoluci\u00f3, altaveus, focus de llum, sensors anti-col\u00b7lisi\u00f3 i fins i tot paracaigudes. Un d&#039;ells compta amb c\u00e0mera d&#039;infrarojos per a la localitzaci\u00f3 nocturna de persones i animals, amb un abast de fins a 10 quil\u00f2metres.<\/p>","protected":false},"excerpt":{"rendered":"<p>La\u00a0Policia Local de Calp\u00a0va protagonitzar dissabte passat un rescat ins\u00f2lit gr\u00e0cies a l\u2019\u00fas d\u2019un dels seus nous\u00a0drons. Un banyista de mitjana edat havia quedat atrapat entre les roques de la\u00a0Cala del Mallorqu\u00edn, sense possibilitat d\u2019eixir a causa de la for\u00e7a de les onades. Els agents, despr\u00e9s de rebre l\u2019av\u00eds d\u2019un ciutad\u00e0, es van despla\u00e7ar r\u00e0pidament [&#8230;]<\/p>\n<p><a class=\"btn btn-secondary understrap-read-more-link\" href=\"https:\/\/radiolitoral.com\/ca\/2024\/11\/un-dron-de-la-policia-local-de-calp-aconseguix-rescatar-a-un-home-atrapat-en-la-cala-del-mallorqui\/\">Continua llegint&#8230;<span class=\"screen-reader-text\"> from Un dron de la Policia Local de Calp aconseguix rescatar a un home atrapat en la cala del Mallorqu\u00ed<\/span><\/a><\/p>\n","protected":false},"author":14,"featured_media":13134,"comment_status":"open","ping_status":"closed","sticky":false,"template":"","format":"standard","meta":{"_acf_changed":false,"inline_featured_image":false,"footnotes":""},"categories":[8],"tags":[2775,122,2774,2773,1170],"class_list":["post-13133","post","type-post","status-publish","format-standard","has-post-thumbnail","hentry","category-sucesos","tag-cala-mallorquin","tag-calp","tag-dron","tag-policia-local-calp","tag-rescate"],"acf":[],"yoast_head":"<!-- This site is optimized with the Yoast SEO plugin v27.5 - https:\/\/yoast.com\/product\/yoast-seo-wordpress\/ -->\n<title>Un dron de la Policia Local de Calp aconseguix rescatar a un home atrapat en la cala del Mallorqu\u00ed | R\u00e0dio Litoral<\/title>\n<meta name=\"description\" content=\"El banyista havia quedat atrapat entre les roques\" \/>\n<meta name=\"robots\" content=\"index, follow, max-snippet:-1, max-image-preview:large, max-video-preview:-1\" \/>\n<link rel=\"canonical\" href=\"https:\/\/radiolitoral.com\/ca\/2024\/11\/un-dron-de-la-policia-local-de-calp-aconsegueix-rescatar-un-home-atrapat-a-la-cala-del-mallorqui\/\" \/>\n<meta property=\"og:locale\" content=\"ca_ES\" \/>\n<meta property=\"og:type\" content=\"article\" \/>\n<meta property=\"og:title\" content=\"Un dron de la Policia Local de Calp aconseguix rescatar a un home atrapat en la cala del Mallorqu\u00ed | R\u00e0dio Litoral\" \/>\n<meta property=\"og:description\" content=\"El banyista havia quedat atrapat entre les roques\" \/>\n<meta property=\"og:url\" content=\"https:\/\/radiolitoral.com\/ca\/2024\/11\/un-dron-de-la-policia-local-de-calp-aconsegueix-rescatar-un-home-atrapat-a-la-cala-del-mallorqui\/\" \/>\n<meta property=\"og:site_name\" content=\"R\u00e0dio Litoral\" \/>\n<meta property=\"article:publisher\" content=\"https:\/\/www.facebook.com\/Laradiolitoral\/\" \/>\n<meta property=\"article:published_time\" content=\"2024-11-18T10:34:00+00:00\" \/>\n<meta property=\"article:modified_time\" content=\"2024-11-18T15:46:43+00:00\" \/>\n<meta property=\"og:image\" content=\"https:\/\/media.radiolitoral.com\/wp-content\/uploads\/2024\/11\/18113325\/dron-policia-calp.jpg\" \/>\n\t<meta property=\"og:image:width\" content=\"1080\" \/>\n\t<meta property=\"og:image:height\" content=\"608\" \/>\n\t<meta property=\"og:image:type\" content=\"image\/jpeg\" \/>\n<meta name=\"author\" content=\"Redacci\u00f3n\" \/>\n<meta name=\"twitter:card\" content=\"summary_large_image\" \/>\n<meta name=\"twitter:label1\" content=\"Escrit per\" \/>\n\t<meta name=\"twitter:data1\" content=\"Redacci\u00f3n\" \/>\n\t<meta name=\"twitter:label2\" content=\"Temps estimat de lectura\" \/>\n\t<meta name=\"twitter:data2\" content=\"2 minuts\" \/>\n<script type=\"application\/ld+json\" class=\"yoast-schema-graph\">{\"@context\":\"https:\\\/\\\/schema.org\",\"@graph\":[{\"@type\":\"NewsArticle\",\"@id\":\"https:\\\/\\\/radiolitoral.com\\\/2024\\\/11\\\/un-dron-de-la-policia-local-de-calp-aconseguix-rescatar-a-un-home-atrapat-en-la-cala-del-mallorqui\\\/#article\",\"isPartOf\":{\"@id\":\"https:\\\/\\\/radiolitoral.com\\\/2024\\\/11\\\/un-dron-de-la-policia-local-de-calp-aconseguix-rescatar-a-un-home-atrapat-en-la-cala-del-mallorqui\\\/\"},\"author\":{\"name\":\"Redacci\u00f3n\",\"@id\":\"https:\\\/\\\/radiolitoral.com\\\/#\\\/schema\\\/person\\\/96b739642eb3bedb532aac3812d23307\"},\"headline\":\"Un dron de la Policia Local de Calp aconseguix rescatar a un home atrapat en la cala del Mallorqu\u00ed\",\"datePublished\":\"2024-11-18T10:34:00+00:00\",\"dateModified\":\"2024-11-18T15:46:43+00:00\",\"mainEntityOfPage\":{\"@id\":\"https:\\\/\\\/radiolitoral.com\\\/2024\\\/11\\\/un-dron-de-la-policia-local-de-calp-aconseguix-rescatar-a-un-home-atrapat-en-la-cala-del-mallorqui\\\/\"},\"wordCount\":238,\"commentCount\":0,\"publisher\":{\"@id\":\"https:\\\/\\\/radiolitoral.com\\\/#organization\"},\"image\":{\"@id\":\"https:\\\/\\\/radiolitoral.com\\\/2024\\\/11\\\/un-dron-de-la-policia-local-de-calp-aconseguix-rescatar-a-un-home-atrapat-en-la-cala-del-mallorqui\\\/#primaryimage\"},\"thumbnailUrl\":\"https:\\\/\\\/media.radiolitoral.com\\\/wp-content\\\/uploads\\\/2024\\\/11\\\/18113325\\\/dron-policia-calp.jpg\",\"keywords\":[\"cala Mallorqu\u00edn\",\"Calp\",\"dron\",\"Polic\u00eda Local Calp\",\"rescate\"],\"articleSection\":[\"Sucesos\"],\"inLanguage\":\"ca\",\"potentialAction\":[{\"@type\":\"CommentAction\",\"name\":\"Comment\",\"target\":[\"https:\\\/\\\/radiolitoral.com\\\/2024\\\/11\\\/un-dron-de-la-policia-local-de-calp-aconseguix-rescatar-a-un-home-atrapat-en-la-cala-del-mallorqui\\\/#respond\"]}]},{\"@type\":[\"WebPage\",\"ItemPage\"],\"@id\":\"https:\\\/\\\/radiolitoral.com\\\/2024\\\/11\\\/un-dron-de-la-policia-local-de-calp-aconseguix-rescatar-a-un-home-atrapat-en-la-cala-del-mallorqui\\\/\",\"url\":\"https:\\\/\\\/radiolitoral.com\\\/2024\\\/11\\\/un-dron-de-la-policia-local-de-calp-aconseguix-rescatar-a-un-home-atrapat-en-la-cala-del-mallorqui\\\/\",\"name\":\"Un dron de la Policia Local de Calp aconseguix rescatar a un home atrapat en la cala del Mallorqu\u00ed | R\u00e0dio Litoral\",\"isPartOf\":{\"@id\":\"https:\\\/\\\/radiolitoral.com\\\/#website\"},\"primaryImageOfPage\":{\"@id\":\"https:\\\/\\\/radiolitoral.com\\\/2024\\\/11\\\/un-dron-de-la-policia-local-de-calp-aconseguix-rescatar-a-un-home-atrapat-en-la-cala-del-mallorqui\\\/#primaryimage\"},\"image\":{\"@id\":\"https:\\\/\\\/radiolitoral.com\\\/2024\\\/11\\\/un-dron-de-la-policia-local-de-calp-aconseguix-rescatar-a-un-home-atrapat-en-la-cala-del-mallorqui\\\/#primaryimage\"},\"thumbnailUrl\":\"https:\\\/\\\/media.radiolitoral.com\\\/wp-content\\\/uploads\\\/2024\\\/11\\\/18113325\\\/dron-policia-calp.jpg\",\"datePublished\":\"2024-11-18T10:34:00+00:00\",\"dateModified\":\"2024-11-18T15:46:43+00:00\",\"description\":\"El banyista havia quedat atrapat entre les roques\",\"breadcrumb\":{\"@id\":\"https:\\\/\\\/radiolitoral.com\\\/2024\\\/11\\\/un-dron-de-la-policia-local-de-calp-aconseguix-rescatar-a-un-home-atrapat-en-la-cala-del-mallorqui\\\/#breadcrumb\"},\"inLanguage\":\"ca\",\"potentialAction\":[{\"@type\":\"ReadAction\",\"target\":[\"https:\\\/\\\/radiolitoral.com\\\/2024\\\/11\\\/un-dron-de-la-policia-local-de-calp-aconseguix-rescatar-a-un-home-atrapat-en-la-cala-del-mallorqui\\\/\"]}]},{\"@type\":\"ImageObject\",\"inLanguage\":\"ca\",\"@id\":\"https:\\\/\\\/radiolitoral.com\\\/2024\\\/11\\\/un-dron-de-la-policia-local-de-calp-aconseguix-rescatar-a-un-home-atrapat-en-la-cala-del-mallorqui\\\/#primaryimage\",\"url\":\"https:\\\/\\\/media.radiolitoral.com\\\/wp-content\\\/uploads\\\/2024\\\/11\\\/18113325\\\/dron-policia-calp.jpg\",\"contentUrl\":\"https:\\\/\\\/media.radiolitoral.com\\\/wp-content\\\/uploads\\\/2024\\\/11\\\/18113325\\\/dron-policia-calp.jpg\",\"width\":1080,\"height\":608},{\"@type\":\"BreadcrumbList\",\"@id\":\"https:\\\/\\\/radiolitoral.com\\\/2024\\\/11\\\/un-dron-de-la-policia-local-de-calp-aconseguix-rescatar-a-un-home-atrapat-en-la-cala-del-mallorqui\\\/#breadcrumb\",\"itemListElement\":[{\"@type\":\"ListItem\",\"position\":1,\"name\":\"Portada\",\"item\":\"https:\\\/\\\/radiolitoral.com\\\/\"},{\"@type\":\"ListItem\",\"position\":2,\"name\":\"Un dron de la Policia Local de Calp aconseguix rescatar a un home atrapat en la cala del Mallorqu\u00ed\"}]},{\"@type\":\"WebSite\",\"@id\":\"https:\\\/\\\/radiolitoral.com\\\/#website\",\"url\":\"https:\\\/\\\/radiolitoral.com\\\/\",\"name\":\"Radio Litoral\",\"description\":\"La radio local de la Marina Alta\",\"publisher\":{\"@id\":\"https:\\\/\\\/radiolitoral.com\\\/#organization\"},\"alternateName\":\"Litoral FM\",\"potentialAction\":[{\"@type\":\"SearchAction\",\"target\":{\"@type\":\"EntryPoint\",\"urlTemplate\":\"https:\\\/\\\/radiolitoral.com\\\/?s={search_term_string}\"},\"query-input\":{\"@type\":\"PropertyValueSpecification\",\"valueRequired\":true,\"valueName\":\"search_term_string\"}}],\"inLanguage\":\"ca\"},{\"@type\":\"Organization\",\"@id\":\"https:\\\/\\\/radiolitoral.com\\\/#organization\",\"name\":\"Radio Litoral\",\"url\":\"https:\\\/\\\/radiolitoral.com\\\/\",\"logo\":{\"@type\":\"ImageObject\",\"inLanguage\":\"ca\",\"@id\":\"https:\\\/\\\/radiolitoral.com\\\/#\\\/schema\\\/logo\\\/image\\\/\",\"url\":\"https:\\\/\\\/media.radiolitoral.com\\\/wp-content\\\/uploads\\\/2023\\\/02\\\/24143238\\\/CL-V-RadioLitoral696.png\",\"contentUrl\":\"https:\\\/\\\/media.radiolitoral.com\\\/wp-content\\\/uploads\\\/2023\\\/02\\\/24143238\\\/CL-V-RadioLitoral696.png\",\"width\":696,\"height\":696,\"caption\":\"Radio Litoral\"},\"image\":{\"@id\":\"https:\\\/\\\/radiolitoral.com\\\/#\\\/schema\\\/logo\\\/image\\\/\"},\"sameAs\":[\"https:\\\/\\\/www.facebook.com\\\/Laradiolitoral\\\/\"]},{\"@type\":\"Person\",\"@id\":\"https:\\\/\\\/radiolitoral.com\\\/#\\\/schema\\\/person\\\/96b739642eb3bedb532aac3812d23307\",\"name\":\"Redacci\u00f3n\",\"image\":{\"@type\":\"ImageObject\",\"inLanguage\":\"ca\",\"@id\":\"https:\\\/\\\/secure.gravatar.com\\\/avatar\\\/30cd06129ee90411dd9c7cbdcf17464181d1a3c7b072e92070ea75a25cf0097e?s=96&d=mm&r=g\",\"url\":\"https:\\\/\\\/secure.gravatar.com\\\/avatar\\\/30cd06129ee90411dd9c7cbdcf17464181d1a3c7b072e92070ea75a25cf0097e?s=96&d=mm&r=g\",\"contentUrl\":\"https:\\\/\\\/secure.gravatar.com\\\/avatar\\\/30cd06129ee90411dd9c7cbdcf17464181d1a3c7b072e92070ea75a25cf0097e?s=96&d=mm&r=g\",\"caption\":\"Redacci\u00f3n\"},\"url\":\"https:\\\/\\\/radiolitoral.com\\\/ca\\\/author\\\/kevin-carrio\\\/\"}]}<\/script>\n<!-- \/ Yoast SEO plugin. -->","yoast_head_json":{"title":"Un dron de la Policia Local de Calp aconsegueix rescatar un home atrapat a la cala del Mallorqu\u00ed | R\u00e0dio Litoral","description":"El banyista havia quedat atrapat entre les roques","robots":{"index":"index","follow":"follow","max-snippet":"max-snippet:-1","max-image-preview":"max-image-preview:large","max-video-preview":"max-video-preview:-1"},"canonical":"https:\/\/radiolitoral.com\/ca\/2024\/11\/un-dron-de-la-policia-local-de-calp-aconsegueix-rescatar-un-home-atrapat-a-la-cala-del-mallorqui\/","og_locale":"ca_ES","og_type":"article","og_title":"Un dron de la Policia Local de Calp aconseguix rescatar a un home atrapat en la cala del Mallorqu\u00ed | R\u00e0dio Litoral","og_description":"El banyista havia quedat atrapat entre les roques","og_url":"https:\/\/radiolitoral.com\/ca\/2024\/11\/un-dron-de-la-policia-local-de-calp-aconsegueix-rescatar-un-home-atrapat-a-la-cala-del-mallorqui\/","og_site_name":"R\u00e0dio Litoral","article_publisher":"https:\/\/www.facebook.com\/Laradiolitoral\/","article_published_time":"2024-11-18T10:34:00+00:00","article_modified_time":"2024-11-18T15:46:43+00:00","og_image":[{"width":1080,"height":608,"url":"https:\/\/media.radiolitoral.com\/wp-content\/uploads\/2024\/11\/18113325\/dron-policia-calp.jpg","type":"image\/jpeg"}],"author":"Redacci\u00f3n","twitter_card":"summary_large_image","twitter_misc":{"Escrit per":"Redacci\u00f3n","Temps estimat de lectura":"2 minuts"},"schema":{"@context":"https:\/\/schema.org","@graph":[{"@type":"NewsArticle","@id":"https:\/\/radiolitoral.com\/2024\/11\/un-dron-de-la-policia-local-de-calp-aconseguix-rescatar-a-un-home-atrapat-en-la-cala-del-mallorqui\/#article","isPartOf":{"@id":"https:\/\/radiolitoral.com\/2024\/11\/un-dron-de-la-policia-local-de-calp-aconseguix-rescatar-a-un-home-atrapat-en-la-cala-del-mallorqui\/"},"author":{"name":"Redacci\u00f3n","@id":"https:\/\/radiolitoral.com\/#\/schema\/person\/96b739642eb3bedb532aac3812d23307"},"headline":"Un dron de la Policia Local de Calp aconseguix rescatar a un home atrapat en la cala del Mallorqu\u00ed","datePublished":"2024-11-18T10:34:00+00:00","dateModified":"2024-11-18T15:46:43+00:00","mainEntityOfPage":{"@id":"https:\/\/radiolitoral.com\/2024\/11\/un-dron-de-la-policia-local-de-calp-aconseguix-rescatar-a-un-home-atrapat-en-la-cala-del-mallorqui\/"},"wordCount":238,"commentCount":0,"publisher":{"@id":"https:\/\/radiolitoral.com\/#organization"},"image":{"@id":"https:\/\/radiolitoral.com\/2024\/11\/un-dron-de-la-policia-local-de-calp-aconseguix-rescatar-a-un-home-atrapat-en-la-cala-del-mallorqui\/#primaryimage"},"thumbnailUrl":"https:\/\/media.radiolitoral.com\/wp-content\/uploads\/2024\/11\/18113325\/dron-policia-calp.jpg","keywords":["cala Mallorqu\u00edn","Calp","dron","Polic\u00eda Local Calp","rescate"],"articleSection":["Sucesos"],"inLanguage":"ca","potentialAction":[{"@type":"CommentAction","name":"Comment","target":["https:\/\/radiolitoral.com\/2024\/11\/un-dron-de-la-policia-local-de-calp-aconseguix-rescatar-a-un-home-atrapat-en-la-cala-del-mallorqui\/#respond"]}]},{"@type":["WebPage","ItemPage"],"@id":"https:\/\/radiolitoral.com\/2024\/11\/un-dron-de-la-policia-local-de-calp-aconseguix-rescatar-a-un-home-atrapat-en-la-cala-del-mallorqui\/","url":"https:\/\/radiolitoral.com\/2024\/11\/un-dron-de-la-policia-local-de-calp-aconseguix-rescatar-a-un-home-atrapat-en-la-cala-del-mallorqui\/","name":"Un dron de la Policia Local de Calp aconsegueix rescatar un home atrapat a la cala del Mallorqu\u00ed | R\u00e0dio Litoral","isPartOf":{"@id":"https:\/\/radiolitoral.com\/#website"},"primaryImageOfPage":{"@id":"https:\/\/radiolitoral.com\/2024\/11\/un-dron-de-la-policia-local-de-calp-aconseguix-rescatar-a-un-home-atrapat-en-la-cala-del-mallorqui\/#primaryimage"},"image":{"@id":"https:\/\/radiolitoral.com\/2024\/11\/un-dron-de-la-policia-local-de-calp-aconseguix-rescatar-a-un-home-atrapat-en-la-cala-del-mallorqui\/#primaryimage"},"thumbnailUrl":"https:\/\/media.radiolitoral.com\/wp-content\/uploads\/2024\/11\/18113325\/dron-policia-calp.jpg","datePublished":"2024-11-18T10:34:00+00:00","dateModified":"2024-11-18T15:46:43+00:00","description":"El banyista havia quedat atrapat entre les roques","breadcrumb":{"@id":"https:\/\/radiolitoral.com\/2024\/11\/un-dron-de-la-policia-local-de-calp-aconseguix-rescatar-a-un-home-atrapat-en-la-cala-del-mallorqui\/#breadcrumb"},"inLanguage":"ca","potentialAction":[{"@type":"ReadAction","target":["https:\/\/radiolitoral.com\/2024\/11\/un-dron-de-la-policia-local-de-calp-aconseguix-rescatar-a-un-home-atrapat-en-la-cala-del-mallorqui\/"]}]},{"@type":"ImageObject","inLanguage":"ca","@id":"https:\/\/radiolitoral.com\/2024\/11\/un-dron-de-la-policia-local-de-calp-aconseguix-rescatar-a-un-home-atrapat-en-la-cala-del-mallorqui\/#primaryimage","url":"https:\/\/media.radiolitoral.com\/wp-content\/uploads\/2024\/11\/18113325\/dron-policia-calp.jpg","contentUrl":"https:\/\/media.radiolitoral.com\/wp-content\/uploads\/2024\/11\/18113325\/dron-policia-calp.jpg","width":1080,"height":608},{"@type":"BreadcrumbList","@id":"https:\/\/radiolitoral.com\/2024\/11\/un-dron-de-la-policia-local-de-calp-aconseguix-rescatar-a-un-home-atrapat-en-la-cala-del-mallorqui\/#breadcrumb","itemListElement":[{"@type":"ListItem","position":1,"name":"Portada","item":"https:\/\/radiolitoral.com\/"},{"@type":"ListItem","position":2,"name":"Un dron de la Policia Local de Calp aconseguix rescatar a un home atrapat en la cala del Mallorqu\u00ed"}]},{"@type":"WebSite","@id":"https:\/\/radiolitoral.com\/#website","url":"https:\/\/radiolitoral.com\/","name":"R\u00e0dio Litoral","description":"La r\u00e0dio local de la Marina Alta","publisher":{"@id":"https:\/\/radiolitoral.com\/#organization"},"alternateName":"Litoral FM","potentialAction":[{"@type":"SearchAction","target":{"@type":"EntryPoint","urlTemplate":"https:\/\/radiolitoral.com\/?s={search_term_string}"},"query-input":{"@type":"PropertyValueSpecification","valueRequired":true,"valueName":"search_term_string"}}],"inLanguage":"ca"},{"@type":"Organization","@id":"https:\/\/radiolitoral.com\/#organization","name":"R\u00e0dio Litoral","url":"https:\/\/radiolitoral.com\/","logo":{"@type":"ImageObject","inLanguage":"ca","@id":"https:\/\/radiolitoral.com\/#\/schema\/logo\/image\/","url":"https:\/\/media.radiolitoral.com\/wp-content\/uploads\/2023\/02\/24143238\/CL-V-RadioLitoral696.png","contentUrl":"https:\/\/media.radiolitoral.com\/wp-content\/uploads\/2023\/02\/24143238\/CL-V-RadioLitoral696.png","width":696,"height":696,"caption":"Radio Litoral"},"image":{"@id":"https:\/\/radiolitoral.com\/#\/schema\/logo\/image\/"},"sameAs":["https:\/\/www.facebook.com\/Laradiolitoral\/"]},{"@type":"Person","@id":"https:\/\/radiolitoral.com\/#\/schema\/person\/96b739642eb3bedb532aac3812d23307","name":"Redacci\u00f3","image":{"@type":"ImageObject","inLanguage":"ca","@id":"https:\/\/secure.gravatar.com\/avatar\/30cd06129ee90411dd9c7cbdcf17464181d1a3c7b072e92070ea75a25cf0097e?s=96&d=mm&r=g","url":"https:\/\/secure.gravatar.com\/avatar\/30cd06129ee90411dd9c7cbdcf17464181d1a3c7b072e92070ea75a25cf0097e?s=96&d=mm&r=g","contentUrl":"https:\/\/secure.gravatar.com\/avatar\/30cd06129ee90411dd9c7cbdcf17464181d1a3c7b072e92070ea75a25cf0097e?s=96&d=mm&r=g","caption":"Redacci\u00f3n"},"url":"https:\/\/radiolitoral.com\/ca\/author\/kevin-carrio\/"}]}},"_links":{"self":[{"href":"https:\/\/radiolitoral.com\/ca\/wp-json\/wp\/v2\/posts\/13133","targetHints":{"allow":["GET"]}}],"collection":[{"href":"https:\/\/radiolitoral.com\/ca\/wp-json\/wp\/v2\/posts"}],"about":[{"href":"https:\/\/radiolitoral.com\/ca\/wp-json\/wp\/v2\/types\/post"}],"author":[{"embeddable":true,"href":"https:\/\/radiolitoral.com\/ca\/wp-json\/wp\/v2\/users\/14"}],"replies":[{"embeddable":true,"href":"https:\/\/radiolitoral.com\/ca\/wp-json\/wp\/v2\/comments?post=13133"}],"version-history":[{"count":2,"href":"https:\/\/radiolitoral.com\/ca\/wp-json\/wp\/v2\/posts\/13133\/revisions"}],"predecessor-version":[{"id":13139,"href":"https:\/\/radiolitoral.com\/ca\/wp-json\/wp\/v2\/posts\/13133\/revisions\/13139"}],"wp:featuredmedia":[{"embeddable":true,"href":"https:\/\/radiolitoral.com\/ca\/wp-json\/wp\/v2\/media\/13134"}],"wp:attachment":[{"href":"https:\/\/radiolitoral.com\/ca\/wp-json\/wp\/v2\/media?parent=13133"}],"wp:term":[{"taxonomy":"category","embeddable":true,"href":"https:\/\/radiolitoral.com\/ca\/wp-json\/wp\/v2\/categories?post=13133"},{"taxonomy":"post_tag","embeddable":true,"href":"https:\/\/radiolitoral.com\/ca\/wp-json\/wp\/v2\/tags?post=13133"}],"curies":[{"name":"wp","href":"https:\/\/api.w.org\/{rel}","templated":true}]}}