{"id":1313,"date":"2023-03-14T14:35:42","date_gmt":"2023-03-14T13:35:42","guid":{"rendered":"https:\/\/radiolitoral.com\/?p=1313"},"modified":"2023-03-14T14:59:51","modified_gmt":"2023-03-14T13:59:51","slug":"benissa-acollis-avui-la-v-edicion-del-forum-ciutada-per-locupacio-de-la-marina-alta","status":"publish","type":"post","link":"https:\/\/radiolitoral.com\/ca\/2023\/03\/benissa-acogera-hoy-la-v-edicion-del-foro-ciudadano-por-el-empleo-de-la-marina-alta\/","title":{"rendered":"Benissa acollir\u00e0 avui la V edici\u00f3 del F\u00f2rum Ciutad\u00e0 per l&#039;Ocupaci\u00f3 de la Marina Alta"},"content":{"rendered":"<p>Mirem agenda per recordar que<strong> Benissa<\/strong> acollir\u00e0 <strong>avui dimarts 14 de mar\u00e7<\/strong> <span style=\"background-color: var(--bs-body-bg); color: var(--bs-body-color); font-family: var(--bs-body-font-family); font-size: var(--bs-body-font-size); font-weight: var(--bs-body-font-weight); text-align: var(--bs-body-text-align);\"><strong>a les 18 h a les Cases del Batlle<\/strong>, <\/span><strong style=\"background-color: var(--bs-body-bg); color: var(--bs-body-color); font-family: var(--bs-body-font-family); font-size: var(--bs-body-font-size); text-align: var(--bs-body-text-align);\">la V edici\u00f3 del F\u00f2rum Ciutad\u00e0 de la Marina Alta<\/strong><span style=\"background-color: var(--bs-body-bg); color: var(--bs-body-color); font-family: var(--bs-body-font-family); font-size: var(--bs-body-font-size); font-weight: var(--bs-body-font-weight); text-align: var(--bs-body-text-align);\">. <\/span><span style=\"background-color: var(--bs-body-bg); color: var(--bs-body-color); font-family: var(--bs-body-font-family); font-size: var(--bs-body-font-size); font-weight: var(--bs-body-font-weight); text-align: var(--bs-body-text-align);\">Despr\u00e9s d&#039;un per\u00edode d&#039;atur for\u00e7\u00f3s per la pand\u00e8mia sanit\u00e0ria, el <strong>F\u00f2rum Ciutad\u00e0 per l&#039;Ocupaci\u00f3 a La Marina Alta<\/strong> es reactiva i arriba a la cinquena edici\u00f3 amb l&#039;objectiu de sumar la participaci\u00f3 ciutadana a la definici\u00f3 de les estrat\u00e8gies per a un desenvolupament sostenible de la nostra comarca. <\/span><strong style=\"background-color: var(--bs-body-bg); color: var(--bs-body-color); font-family: var(--bs-body-font-family); font-size: var(--bs-body-font-size); text-align: var(--bs-body-text-align);\">Creama i Pacte&#039;MA<\/strong><span style=\"background-color: var(--bs-body-bg); color: var(--bs-body-color); font-family: var(--bs-body-font-family); font-size: var(--bs-body-font-size); font-weight: var(--bs-body-font-weight); text-align: var(--bs-body-text-align);\"> organitzen l&#039;acte que se celebrar\u00e0 a Benissa i servir\u00e0 per donar participaci\u00f3 a la ciutadania comarcal en el disseny de les estrat\u00e8gies sobre sostenibilitat i desenvolupament intel\u00b7ligent a La Marina Alta.<\/span><\/p>\n<p>En aquesta ocasi\u00f3 hi participaran els ponents <strong>Elena Galante, consultora a la C\u00e0tedra de Responsabilitat Social de la Universitat d&#039;Alacant, i \u00c1lvaro de Juanes Rodr\u00edguez, analista de dades i estad\u00edstic a l&#039;empresa Smart &amp; City<\/strong>, que explicaran detalladament com emprendre actuacions al nostre entorn alineades amb els ODS i l&#039;Agenda 2030, i sobretot com mesurar l&#039;impacte i la seva evoluci\u00f3, tant des de les empreses com des dels governs locals i la pr\u00f2pia ciutadania.<\/p>\n<p>Durant la jornada, tamb\u00e9 es visibilitzaran les diferents accions que a trav\u00e9s dels projectes impulsats per pacte&#039;MA i Creama s&#039;estan duent a terme en mat\u00e8ria de sostenibilitat, des de l&#039;Observatori Marina Alta, una eina web amb infinitat de dades socioecon\u00f2miques de la comarca i els seus municipis; la Xarxa Agr\u00edcola, un projecte centrat a revalorar el sector agr\u00edcola promovent l&#039;esperit emprenedor; el Punt N\u00e0utic, la finalitat del qual est\u00e0 enfocat a recuperar el sector pesquer i contribuir a generar ocupaci\u00f3 m\u00e9s sostenible i activitat econ\u00f2mica al sector n\u00e0utic, i el Passaport Marina Alta, un full de ruta vertebrador i m\u00e9s sostenible del sector tur\u00edstic comarcal.<\/p>\n<p>Data: 14 de mar\u00e7 \u2013 18:00 hores<\/p>\n<p>Lloc: Cases del Batlle, Benissa. C\/Pur\u00edssima, 38-40<\/p>\n<p>ENTRADA LLIURE. Cal inscripci\u00f3 pr\u00e8via<\/p>\n<p>&nbsp;<\/p>","protected":false},"excerpt":{"rendered":"<p>Miramos agenda para recordar que Benissa acoger\u00e1 hoy martes 14 de marzo a las 18 h en las Cases del Batlle, la V edici\u00f3n del Foro Ciudadano de la Marina Alta. Despu\u00e9s de un periodo de paro forzoso por la pandemia sanitaria, el Foro Ciudadano por el Empleo en La Marina Alta se reactiva y [&#8230;]<\/p>\n<p><a class=\"btn btn-secondary understrap-read-more-link\" href=\"https:\/\/radiolitoral.com\/ca\/2023\/03\/benissa-acogera-hoy-la-v-edicion-del-foro-ciudadano-por-el-empleo-de-la-marina-alta\/\">Continua llegint&#8230;<span class=\"screen-reader-text\"> from Benissa acoger\u00e1 hoy la V edici\u00f3n del Foro Ciudadano por el Empleo de la Marina Alta<\/span><\/a><\/p>\n","protected":false},"author":21,"featured_media":1314,"comment_status":"open","ping_status":"closed","sticky":false,"template":"","format":"standard","meta":{"_acf_changed":false,"inline_featured_image":false,"footnotes":""},"categories":[55],"tags":[218,217,216,215],"class_list":["post-1313","post","type-post","status-publish","format-standard","has-post-thumbnail","hentry","category-cultura","tag-agenda-benissa","tag-alvaro-de-juanes-rodriguez","tag-elena-galante","tag-foro-ciudadano-de-la-marina-alta","cobertura-benissa"],"acf":[],"yoast_head":"<!-- This site is optimized with the Yoast SEO plugin v27.5 - https:\/\/yoast.com\/product\/yoast-seo-wordpress\/ -->\n<title>Benissa acoger\u00e1 hoy la V edici\u00f3n del Foro Ciudadano por el Empleo de la Marina Alta | R\u00e0dio Litoral<\/title>\n<meta name=\"description\" content=\"Ser\u00e1 a las 18 h en las Cases del Batlle\" \/>\n<meta name=\"robots\" content=\"index, follow, max-snippet:-1, max-image-preview:large, max-video-preview:-1\" \/>\n<link rel=\"canonical\" href=\"https:\/\/radiolitoral.com\/ca\/2023\/03\/benissa-acollis-avui-la-v-edicion-del-forum-ciutada-per-locupacio-de-la-marina-alta\/\" \/>\n<meta property=\"og:locale\" content=\"ca_ES\" \/>\n<meta property=\"og:type\" content=\"article\" \/>\n<meta property=\"og:title\" content=\"Benissa acoger\u00e1 hoy la V edici\u00f3n del Foro Ciudadano por el Empleo de la Marina Alta | R\u00e0dio Litoral\" \/>\n<meta property=\"og:description\" content=\"Ser\u00e1 a las 18 h en las Cases del Batlle\" \/>\n<meta property=\"og:url\" content=\"https:\/\/radiolitoral.com\/ca\/2023\/03\/benissa-acollis-avui-la-v-edicion-del-forum-ciutada-per-locupacio-de-la-marina-alta\/\" \/>\n<meta property=\"og:site_name\" content=\"R\u00e0dio Litoral\" \/>\n<meta property=\"article:publisher\" content=\"https:\/\/www.facebook.com\/Laradiolitoral\/\" \/>\n<meta property=\"article:published_time\" content=\"2023-03-14T13:35:42+00:00\" \/>\n<meta property=\"article:modified_time\" content=\"2023-03-14T13:59:51+00:00\" \/>\n<meta property=\"og:image\" content=\"https:\/\/media.radiolitoral.com\/wp-content\/uploads\/2023\/03\/14143532\/20181016-042.jpg\" \/>\n\t<meta property=\"og:image:width\" content=\"680\" \/>\n\t<meta property=\"og:image:height\" content=\"454\" \/>\n\t<meta property=\"og:image:type\" content=\"image\/jpeg\" \/>\n<meta name=\"author\" content=\"Mel Pescuezo\" \/>\n<meta name=\"twitter:card\" content=\"summary_large_image\" \/>\n<meta name=\"twitter:label1\" content=\"Escrit per\" \/>\n\t<meta name=\"twitter:data1\" content=\"Mel Pescuezo\" \/>\n\t<meta name=\"twitter:label2\" content=\"Temps estimat de lectura\" \/>\n\t<meta name=\"twitter:data2\" content=\"2 minuts\" \/>\n<script type=\"application\/ld+json\" class=\"yoast-schema-graph\">{\"@context\":\"https:\\\/\\\/schema.org\",\"@graph\":[{\"@type\":\"NewsArticle\",\"@id\":\"https:\\\/\\\/radiolitoral.com\\\/2023\\\/03\\\/benissa-acogera-hoy-la-v-edicion-del-foro-ciudadano-por-el-empleo-de-la-marina-alta\\\/#article\",\"isPartOf\":{\"@id\":\"https:\\\/\\\/radiolitoral.com\\\/2023\\\/03\\\/benissa-acogera-hoy-la-v-edicion-del-foro-ciudadano-por-el-empleo-de-la-marina-alta\\\/\"},\"author\":{\"name\":\"Mel Pescuezo\",\"@id\":\"https:\\\/\\\/radiolitoral.com\\\/#\\\/schema\\\/person\\\/aad4f72efa404f85b68e832d24cac059\"},\"headline\":\"Benissa acoger\u00e1 hoy la V edici\u00f3n del Foro Ciudadano por el Empleo de la Marina Alta\",\"datePublished\":\"2023-03-14T13:35:42+00:00\",\"dateModified\":\"2023-03-14T13:59:51+00:00\",\"mainEntityOfPage\":{\"@id\":\"https:\\\/\\\/radiolitoral.com\\\/2023\\\/03\\\/benissa-acogera-hoy-la-v-edicion-del-foro-ciudadano-por-el-empleo-de-la-marina-alta\\\/\"},\"wordCount\":368,\"commentCount\":0,\"publisher\":{\"@id\":\"https:\\\/\\\/radiolitoral.com\\\/#organization\"},\"image\":{\"@id\":\"https:\\\/\\\/radiolitoral.com\\\/2023\\\/03\\\/benissa-acogera-hoy-la-v-edicion-del-foro-ciudadano-por-el-empleo-de-la-marina-alta\\\/#primaryimage\"},\"thumbnailUrl\":\"https:\\\/\\\/media.radiolitoral.com\\\/wp-content\\\/uploads\\\/2023\\\/03\\\/14143532\\\/20181016-042.jpg\",\"keywords\":[\"agenda Benissa\",\"\u00c1lvaro de Juanes Rodr\u00edguez\",\"Elena Galante\",\"Foro Ciudadano de la Marina Alta\"],\"articleSection\":[\"Cultura\"],\"inLanguage\":\"ca\",\"potentialAction\":[{\"@type\":\"CommentAction\",\"name\":\"Comment\",\"target\":[\"https:\\\/\\\/radiolitoral.com\\\/2023\\\/03\\\/benissa-acogera-hoy-la-v-edicion-del-foro-ciudadano-por-el-empleo-de-la-marina-alta\\\/#respond\"]}]},{\"@type\":[\"WebPage\",\"ItemPage\"],\"@id\":\"https:\\\/\\\/radiolitoral.com\\\/2023\\\/03\\\/benissa-acogera-hoy-la-v-edicion-del-foro-ciudadano-por-el-empleo-de-la-marina-alta\\\/\",\"url\":\"https:\\\/\\\/radiolitoral.com\\\/2023\\\/03\\\/benissa-acogera-hoy-la-v-edicion-del-foro-ciudadano-por-el-empleo-de-la-marina-alta\\\/\",\"name\":\"Benissa acoger\u00e1 hoy la V edici\u00f3n del Foro Ciudadano por el Empleo de la Marina Alta | R\u00e0dio Litoral\",\"isPartOf\":{\"@id\":\"https:\\\/\\\/radiolitoral.com\\\/#website\"},\"primaryImageOfPage\":{\"@id\":\"https:\\\/\\\/radiolitoral.com\\\/2023\\\/03\\\/benissa-acogera-hoy-la-v-edicion-del-foro-ciudadano-por-el-empleo-de-la-marina-alta\\\/#primaryimage\"},\"image\":{\"@id\":\"https:\\\/\\\/radiolitoral.com\\\/2023\\\/03\\\/benissa-acogera-hoy-la-v-edicion-del-foro-ciudadano-por-el-empleo-de-la-marina-alta\\\/#primaryimage\"},\"thumbnailUrl\":\"https:\\\/\\\/media.radiolitoral.com\\\/wp-content\\\/uploads\\\/2023\\\/03\\\/14143532\\\/20181016-042.jpg\",\"datePublished\":\"2023-03-14T13:35:42+00:00\",\"dateModified\":\"2023-03-14T13:59:51+00:00\",\"description\":\"Ser\u00e1 a las 18 h en las Cases del Batlle\",\"breadcrumb\":{\"@id\":\"https:\\\/\\\/radiolitoral.com\\\/2023\\\/03\\\/benissa-acogera-hoy-la-v-edicion-del-foro-ciudadano-por-el-empleo-de-la-marina-alta\\\/#breadcrumb\"},\"inLanguage\":\"ca\",\"potentialAction\":[{\"@type\":\"ReadAction\",\"target\":[\"https:\\\/\\\/radiolitoral.com\\\/2023\\\/03\\\/benissa-acogera-hoy-la-v-edicion-del-foro-ciudadano-por-el-empleo-de-la-marina-alta\\\/\"]}]},{\"@type\":\"ImageObject\",\"inLanguage\":\"ca\",\"@id\":\"https:\\\/\\\/radiolitoral.com\\\/2023\\\/03\\\/benissa-acogera-hoy-la-v-edicion-del-foro-ciudadano-por-el-empleo-de-la-marina-alta\\\/#primaryimage\",\"url\":\"https:\\\/\\\/media.radiolitoral.com\\\/wp-content\\\/uploads\\\/2023\\\/03\\\/14143532\\\/20181016-042.jpg\",\"contentUrl\":\"https:\\\/\\\/media.radiolitoral.com\\\/wp-content\\\/uploads\\\/2023\\\/03\\\/14143532\\\/20181016-042.jpg\",\"width\":680,\"height\":454,\"caption\":\"kiketaberner@gmail.com\"},{\"@type\":\"BreadcrumbList\",\"@id\":\"https:\\\/\\\/radiolitoral.com\\\/2023\\\/03\\\/benissa-acogera-hoy-la-v-edicion-del-foro-ciudadano-por-el-empleo-de-la-marina-alta\\\/#breadcrumb\",\"itemListElement\":[{\"@type\":\"ListItem\",\"position\":1,\"name\":\"Portada\",\"item\":\"https:\\\/\\\/radiolitoral.com\\\/\"},{\"@type\":\"ListItem\",\"position\":2,\"name\":\"Benissa acoger\u00e1 hoy la V edici\u00f3n del Foro Ciudadano por el Empleo de la Marina Alta\"}]},{\"@type\":\"WebSite\",\"@id\":\"https:\\\/\\\/radiolitoral.com\\\/#website\",\"url\":\"https:\\\/\\\/radiolitoral.com\\\/\",\"name\":\"Radio Litoral\",\"description\":\"La radio local de la Marina Alta\",\"publisher\":{\"@id\":\"https:\\\/\\\/radiolitoral.com\\\/#organization\"},\"alternateName\":\"Litoral FM\",\"potentialAction\":[{\"@type\":\"SearchAction\",\"target\":{\"@type\":\"EntryPoint\",\"urlTemplate\":\"https:\\\/\\\/radiolitoral.com\\\/?s={search_term_string}\"},\"query-input\":{\"@type\":\"PropertyValueSpecification\",\"valueRequired\":true,\"valueName\":\"search_term_string\"}}],\"inLanguage\":\"ca\"},{\"@type\":\"Organization\",\"@id\":\"https:\\\/\\\/radiolitoral.com\\\/#organization\",\"name\":\"Radio Litoral\",\"url\":\"https:\\\/\\\/radiolitoral.com\\\/\",\"logo\":{\"@type\":\"ImageObject\",\"inLanguage\":\"ca\",\"@id\":\"https:\\\/\\\/radiolitoral.com\\\/#\\\/schema\\\/logo\\\/image\\\/\",\"url\":\"https:\\\/\\\/media.radiolitoral.com\\\/wp-content\\\/uploads\\\/2023\\\/02\\\/24143238\\\/CL-V-RadioLitoral696.png\",\"contentUrl\":\"https:\\\/\\\/media.radiolitoral.com\\\/wp-content\\\/uploads\\\/2023\\\/02\\\/24143238\\\/CL-V-RadioLitoral696.png\",\"width\":696,\"height\":696,\"caption\":\"Radio Litoral\"},\"image\":{\"@id\":\"https:\\\/\\\/radiolitoral.com\\\/#\\\/schema\\\/logo\\\/image\\\/\"},\"sameAs\":[\"https:\\\/\\\/www.facebook.com\\\/Laradiolitoral\\\/\"]},{\"@type\":\"Person\",\"@id\":\"https:\\\/\\\/radiolitoral.com\\\/#\\\/schema\\\/person\\\/aad4f72efa404f85b68e832d24cac059\",\"name\":\"Mel Pescuezo\",\"image\":{\"@type\":\"ImageObject\",\"inLanguage\":\"ca\",\"@id\":\"https:\\\/\\\/secure.gravatar.com\\\/avatar\\\/993975ae489c70cb0dd9bfa9413a082f0bd276582dac13661af7b33f161e7eea?s=96&d=mm&r=g\",\"url\":\"https:\\\/\\\/secure.gravatar.com\\\/avatar\\\/993975ae489c70cb0dd9bfa9413a082f0bd276582dac13661af7b33f161e7eea?s=96&d=mm&r=g\",\"contentUrl\":\"https:\\\/\\\/secure.gravatar.com\\\/avatar\\\/993975ae489c70cb0dd9bfa9413a082f0bd276582dac13661af7b33f161e7eea?s=96&d=mm&r=g\",\"caption\":\"Mel Pescuezo\"},\"url\":\"https:\\\/\\\/radiolitoral.com\\\/ca\\\/author\\\/serviciospararadios\\\/\"}]}<\/script>\n<!-- \/ Yoast SEO plugin. -->","yoast_head_json":{"title":"Benissa acollir\u00e0 avui la V edici\u00f3 del F\u00f2rum Ciutad\u00e0 per l&#039;ocupaci\u00f3 de la Marina Alta | R\u00e0dio Litoral","description":"Ser\u00e0 a les 18 h a les Cases del Batlle","robots":{"index":"index","follow":"follow","max-snippet":"max-snippet:-1","max-image-preview":"max-image-preview:large","max-video-preview":"max-video-preview:-1"},"canonical":"https:\/\/radiolitoral.com\/ca\/2023\/03\/benissa-acollis-avui-la-v-edicion-del-forum-ciutada-per-locupacio-de-la-marina-alta\/","og_locale":"ca_ES","og_type":"article","og_title":"Benissa acoger\u00e1 hoy la V edici\u00f3n del Foro Ciudadano por el Empleo de la Marina Alta | R\u00e0dio Litoral","og_description":"Ser\u00e1 a las 18 h en las Cases del Batlle","og_url":"https:\/\/radiolitoral.com\/ca\/2023\/03\/benissa-acollis-avui-la-v-edicion-del-forum-ciutada-per-locupacio-de-la-marina-alta\/","og_site_name":"R\u00e0dio Litoral","article_publisher":"https:\/\/www.facebook.com\/Laradiolitoral\/","article_published_time":"2023-03-14T13:35:42+00:00","article_modified_time":"2023-03-14T13:59:51+00:00","og_image":[{"width":680,"height":454,"url":"https:\/\/media.radiolitoral.com\/wp-content\/uploads\/2023\/03\/14143532\/20181016-042.jpg","type":"image\/jpeg"}],"author":"Mel Pescuezo","twitter_card":"summary_large_image","twitter_misc":{"Escrit per":"Mel Pescuezo","Temps estimat de lectura":"2 minuts"},"schema":{"@context":"https:\/\/schema.org","@graph":[{"@type":"NewsArticle","@id":"https:\/\/radiolitoral.com\/2023\/03\/benissa-acogera-hoy-la-v-edicion-del-foro-ciudadano-por-el-empleo-de-la-marina-alta\/#article","isPartOf":{"@id":"https:\/\/radiolitoral.com\/2023\/03\/benissa-acogera-hoy-la-v-edicion-del-foro-ciudadano-por-el-empleo-de-la-marina-alta\/"},"author":{"name":"Mel Pescuezo","@id":"https:\/\/radiolitoral.com\/#\/schema\/person\/aad4f72efa404f85b68e832d24cac059"},"headline":"Benissa acoger\u00e1 hoy la V edici\u00f3n del Foro Ciudadano por el Empleo de la Marina Alta","datePublished":"2023-03-14T13:35:42+00:00","dateModified":"2023-03-14T13:59:51+00:00","mainEntityOfPage":{"@id":"https:\/\/radiolitoral.com\/2023\/03\/benissa-acogera-hoy-la-v-edicion-del-foro-ciudadano-por-el-empleo-de-la-marina-alta\/"},"wordCount":368,"commentCount":0,"publisher":{"@id":"https:\/\/radiolitoral.com\/#organization"},"image":{"@id":"https:\/\/radiolitoral.com\/2023\/03\/benissa-acogera-hoy-la-v-edicion-del-foro-ciudadano-por-el-empleo-de-la-marina-alta\/#primaryimage"},"thumbnailUrl":"https:\/\/media.radiolitoral.com\/wp-content\/uploads\/2023\/03\/14143532\/20181016-042.jpg","keywords":["agenda Benissa","\u00c1lvaro de Juanes Rodr\u00edguez","Elena Galante","Foro Ciudadano de la Marina Alta"],"articleSection":["Cultura"],"inLanguage":"ca","potentialAction":[{"@type":"CommentAction","name":"Comment","target":["https:\/\/radiolitoral.com\/2023\/03\/benissa-acogera-hoy-la-v-edicion-del-foro-ciudadano-por-el-empleo-de-la-marina-alta\/#respond"]}]},{"@type":["WebPage","ItemPage"],"@id":"https:\/\/radiolitoral.com\/2023\/03\/benissa-acogera-hoy-la-v-edicion-del-foro-ciudadano-por-el-empleo-de-la-marina-alta\/","url":"https:\/\/radiolitoral.com\/2023\/03\/benissa-acogera-hoy-la-v-edicion-del-foro-ciudadano-por-el-empleo-de-la-marina-alta\/","name":"Benissa acollir\u00e0 avui la V edici\u00f3 del F\u00f2rum Ciutad\u00e0 per l&#039;ocupaci\u00f3 de la Marina Alta | R\u00e0dio Litoral","isPartOf":{"@id":"https:\/\/radiolitoral.com\/#website"},"primaryImageOfPage":{"@id":"https:\/\/radiolitoral.com\/2023\/03\/benissa-acogera-hoy-la-v-edicion-del-foro-ciudadano-por-el-empleo-de-la-marina-alta\/#primaryimage"},"image":{"@id":"https:\/\/radiolitoral.com\/2023\/03\/benissa-acogera-hoy-la-v-edicion-del-foro-ciudadano-por-el-empleo-de-la-marina-alta\/#primaryimage"},"thumbnailUrl":"https:\/\/media.radiolitoral.com\/wp-content\/uploads\/2023\/03\/14143532\/20181016-042.jpg","datePublished":"2023-03-14T13:35:42+00:00","dateModified":"2023-03-14T13:59:51+00:00","description":"Ser\u00e0 a les 18 h a les Cases del Batlle","breadcrumb":{"@id":"https:\/\/radiolitoral.com\/2023\/03\/benissa-acogera-hoy-la-v-edicion-del-foro-ciudadano-por-el-empleo-de-la-marina-alta\/#breadcrumb"},"inLanguage":"ca","potentialAction":[{"@type":"ReadAction","target":["https:\/\/radiolitoral.com\/2023\/03\/benissa-acogera-hoy-la-v-edicion-del-foro-ciudadano-por-el-empleo-de-la-marina-alta\/"]}]},{"@type":"ImageObject","inLanguage":"ca","@id":"https:\/\/radiolitoral.com\/2023\/03\/benissa-acogera-hoy-la-v-edicion-del-foro-ciudadano-por-el-empleo-de-la-marina-alta\/#primaryimage","url":"https:\/\/media.radiolitoral.com\/wp-content\/uploads\/2023\/03\/14143532\/20181016-042.jpg","contentUrl":"https:\/\/media.radiolitoral.com\/wp-content\/uploads\/2023\/03\/14143532\/20181016-042.jpg","width":680,"height":454,"caption":"kiketaberner@gmail.com"},{"@type":"BreadcrumbList","@id":"https:\/\/radiolitoral.com\/2023\/03\/benissa-acogera-hoy-la-v-edicion-del-foro-ciudadano-por-el-empleo-de-la-marina-alta\/#breadcrumb","itemListElement":[{"@type":"ListItem","position":1,"name":"Portada","item":"https:\/\/radiolitoral.com\/"},{"@type":"ListItem","position":2,"name":"Benissa acoger\u00e1 hoy la V edici\u00f3n del Foro Ciudadano por el Empleo de la Marina Alta"}]},{"@type":"WebSite","@id":"https:\/\/radiolitoral.com\/#website","url":"https:\/\/radiolitoral.com\/","name":"R\u00e0dio Litoral","description":"La r\u00e0dio local de la Marina Alta","publisher":{"@id":"https:\/\/radiolitoral.com\/#organization"},"alternateName":"Litoral FM","potentialAction":[{"@type":"SearchAction","target":{"@type":"EntryPoint","urlTemplate":"https:\/\/radiolitoral.com\/?s={search_term_string}"},"query-input":{"@type":"PropertyValueSpecification","valueRequired":true,"valueName":"search_term_string"}}],"inLanguage":"ca"},{"@type":"Organization","@id":"https:\/\/radiolitoral.com\/#organization","name":"R\u00e0dio Litoral","url":"https:\/\/radiolitoral.com\/","logo":{"@type":"ImageObject","inLanguage":"ca","@id":"https:\/\/radiolitoral.com\/#\/schema\/logo\/image\/","url":"https:\/\/media.radiolitoral.com\/wp-content\/uploads\/2023\/02\/24143238\/CL-V-RadioLitoral696.png","contentUrl":"https:\/\/media.radiolitoral.com\/wp-content\/uploads\/2023\/02\/24143238\/CL-V-RadioLitoral696.png","width":696,"height":696,"caption":"Radio Litoral"},"image":{"@id":"https:\/\/radiolitoral.com\/#\/schema\/logo\/image\/"},"sameAs":["https:\/\/www.facebook.com\/Laradiolitoral\/"]},{"@type":"Person","@id":"https:\/\/radiolitoral.com\/#\/schema\/person\/aad4f72efa404f85b68e832d24cac059","name":"Mel Pescuezo","image":{"@type":"ImageObject","inLanguage":"ca","@id":"https:\/\/secure.gravatar.com\/avatar\/993975ae489c70cb0dd9bfa9413a082f0bd276582dac13661af7b33f161e7eea?s=96&d=mm&r=g","url":"https:\/\/secure.gravatar.com\/avatar\/993975ae489c70cb0dd9bfa9413a082f0bd276582dac13661af7b33f161e7eea?s=96&d=mm&r=g","contentUrl":"https:\/\/secure.gravatar.com\/avatar\/993975ae489c70cb0dd9bfa9413a082f0bd276582dac13661af7b33f161e7eea?s=96&d=mm&r=g","caption":"Mel Pescuezo"},"url":"https:\/\/radiolitoral.com\/ca\/author\/serviciospararadios\/"}]}},"_links":{"self":[{"href":"https:\/\/radiolitoral.com\/ca\/wp-json\/wp\/v2\/posts\/1313","targetHints":{"allow":["GET"]}}],"collection":[{"href":"https:\/\/radiolitoral.com\/ca\/wp-json\/wp\/v2\/posts"}],"about":[{"href":"https:\/\/radiolitoral.com\/ca\/wp-json\/wp\/v2\/types\/post"}],"author":[{"embeddable":true,"href":"https:\/\/radiolitoral.com\/ca\/wp-json\/wp\/v2\/users\/21"}],"replies":[{"embeddable":true,"href":"https:\/\/radiolitoral.com\/ca\/wp-json\/wp\/v2\/comments?post=1313"}],"version-history":[{"count":2,"href":"https:\/\/radiolitoral.com\/ca\/wp-json\/wp\/v2\/posts\/1313\/revisions"}],"predecessor-version":[{"id":1321,"href":"https:\/\/radiolitoral.com\/ca\/wp-json\/wp\/v2\/posts\/1313\/revisions\/1321"}],"wp:featuredmedia":[{"embeddable":true,"href":"https:\/\/radiolitoral.com\/ca\/wp-json\/wp\/v2\/media\/1314"}],"wp:attachment":[{"href":"https:\/\/radiolitoral.com\/ca\/wp-json\/wp\/v2\/media?parent=1313"}],"wp:term":[{"taxonomy":"category","embeddable":true,"href":"https:\/\/radiolitoral.com\/ca\/wp-json\/wp\/v2\/categories?post=1313"},{"taxonomy":"post_tag","embeddable":true,"href":"https:\/\/radiolitoral.com\/ca\/wp-json\/wp\/v2\/tags?post=1313"}],"curies":[{"name":"wp","href":"https:\/\/api.w.org\/{rel}","templated":true}]}}