{"id":13081,"date":"2024-11-14T18:27:17","date_gmt":"2024-11-14T17:27:17","guid":{"rendered":"https:\/\/radiolitoral.com\/?p=13081"},"modified":"2024-11-14T18:28:34","modified_gmt":"2024-11-14T17:28:34","slug":"teulada-moraira-celebra-la-setmana-de-la-infancia-amb-activitats-als-col%c2%b7legis-i-accions-de-conscienciacio","status":"publish","type":"post","link":"https:\/\/radiolitoral.com\/ca\/2024\/11\/teulada-moraira-celebra-la-setmana-de-la-infancia-amb-activitats-en-els-colegis-i-accions-de-conscienciacio\/","title":{"rendered":"Teulada Moraira celebra la Setmana de la Inf\u00e0ncia amb activitats als col\u00b7legis i accions de conscienciaci\u00f3"},"content":{"rendered":"<p>Del 18 al 24 de novembre, l&#039;Ajuntament de Teulada Moraira, a trav\u00e9s de la regidoria d&#039;Inf\u00e0ncia i Adolesc\u00e8ncia liderada per Josep Ivars, impulsa la Setmana de la Inf\u00e0ncia per sensibilitzar sobre els <strong>drets de la inf\u00e0ncia<\/strong>, coincidint amb el Dia Internacional dels Drets de la Inf\u00e0ncia, que es commemora el 20 de novembre.<\/p>\n<p>Durant la setmana, els edificis municipals es tindran de <strong>llum blava<\/strong> i una pancarta al balc\u00f3 del consistori recordar\u00e0 el comprom\u00eds del municipi com a <strong>Ciutat Amiga de la Inf\u00e0ncia<\/strong>.<\/p>\n<p><a href=\"https:\/\/media.radiolitoral.com\/wp-content\/uploads\/2024\/11\/14182556\/SEMANA-DE-LA-INFANCIA-2024.png\"><img loading=\"lazy\" decoding=\"async\" class=\"size-large wp-image-13083 aligncenter\" src=\"https:\/\/media.radiolitoral.com\/wp-content\/uploads\/2024\/11\/14182556\/SEMANA-DE-LA-INFANCIA-2024-768x1024.png\" alt=\"\" width=\"640\" height=\"853\" srcset=\"https:\/\/media.radiolitoral.com\/wp-content\/uploads\/2024\/11\/14182556\/SEMANA-DE-LA-INFANCIA-2024-768x1024.png 768w, https:\/\/media.radiolitoral.com\/wp-content\/uploads\/2024\/11\/14182556\/SEMANA-DE-LA-INFANCIA-2024-225x300.png 225w, https:\/\/media.radiolitoral.com\/wp-content\/uploads\/2024\/11\/14182556\/SEMANA-DE-LA-INFANCIA-2024-1152x1536.png 1152w, https:\/\/media.radiolitoral.com\/wp-content\/uploads\/2024\/11\/14182556\/SEMANA-DE-LA-INFANCIA-2024-1536x2048.png 1536w, https:\/\/media.radiolitoral.com\/wp-content\/uploads\/2024\/11\/14182556\/SEMANA-DE-LA-INFANCIA-2024-9x12.png 9w, https:\/\/media.radiolitoral.com\/wp-content\/uploads\/2024\/11\/14182556\/SEMANA-DE-LA-INFANCIA-2024-750x1000.png 750w, https:\/\/media.radiolitoral.com\/wp-content\/uploads\/2024\/11\/14182556\/SEMANA-DE-LA-INFANCIA-2024-75x100.png 75w, https:\/\/media.radiolitoral.com\/wp-content\/uploads\/2024\/11\/14182556\/SEMANA-DE-LA-INFANCIA-2024-150x200.png 150w\" sizes=\"auto, (max-width: 640px) 100vw, 640px\" \/><\/a><\/p>\n<p>Les activitats principals se centraran en els centres educatius, on els alumnes de 5\u00e8 de prim\u00e0ria participaran en tallers de <strong>concienciaci\u00f3 sobre els drets infantils<\/strong>. El 19 de novembre, el CEIP de Cap d&#039;Or de Moraira ser\u00e0 l&#039;escenari d&#039;aquests tallers, mentre que el 20 de novembre ser\u00e0 el torn del CEIP Sant Vicent Ferrer de Teulada.<\/p>\n<p><strong>Jocs i diversi\u00f3 per als m\u00e9s menuts<\/strong><\/p>\n<p>A m\u00e9s, tots els xiquets i xiquetes de cada centre tindran l&#039;oportunitat de gaudir de jornades de diversi\u00f3 amb <strong>tallers, inflables, tirolina i roc\u00f2drom<\/strong>. Aquestes activitats l\u00fadiques es realitzaran el dia 20 al CEIP Cap d&#039;Or i el dia 21 al CEIP Sant Vicent Ferrer.<\/p>\n<p>El regidor Josep Ivars ha destacat la import\u00e0ncia del <strong>Consell Local d&#039;Inf\u00e0ncia i Adolesc\u00e8ncia (CLIA)<\/strong> i ha afirmat que \u00abtreballar conjuntament amb els xiquets i xiquetes del municipi permet con\u00e9ixer de prop les seues necessitats i aspiracions\u00bb. Tamb\u00e9 ha assegurat que Teulada Moraira, com a Ciutat Amiga de la Inf\u00e0ncia, \u201c<strong>seguir\u00e0 treballant per garantir els drets de la inf\u00e0ncia<\/strong>\u201d.<\/p>","protected":false},"excerpt":{"rendered":"<p>Del 18 al 24 de novembre, l\u2019Ajuntament de Teulada Moraira, a trav\u00e9s de la regidoria d\u2019Inf\u00e0ncia i Adolesc\u00e8ncia liderada per Josep Ivars, impulsa la Setmana de la Inf\u00e0ncia per a sensibilitzar sobre els drets de la inf\u00e0ncia, coincidint amb el Dia Internacional dels Drets de la Inf\u00e0ncia, que es commemora el 20 de novembre. Durant [&#8230;]<\/p>\n<p><a class=\"btn btn-secondary understrap-read-more-link\" href=\"https:\/\/radiolitoral.com\/ca\/2024\/11\/teulada-moraira-celebra-la-setmana-de-la-infancia-amb-activitats-en-els-colegis-i-accions-de-conscienciacio\/\">Continua llegint&#8230;<span class=\"screen-reader-text\"> from Teulada Moraira celebra la Setmana de la Inf\u00e0ncia amb activitats en els col\u00b7legis i accions de conscienciaci\u00f3<\/span><\/a><\/p>\n","protected":false},"author":14,"featured_media":13082,"comment_status":"open","ping_status":"closed","sticky":false,"template":"","format":"standard","meta":{"_acf_changed":false,"inline_featured_image":false,"footnotes":""},"categories":[46],"tags":[2754,147,1160,146],"class_list":["post-13081","post","type-post","status-publish","format-standard","has-post-thumbnail","hentry","category-sociedad","tag-dia-de-la-infancia","tag-moraira","tag-sociedad","tag-teulada"],"acf":[],"yoast_head":"<!-- This site is optimized with the Yoast SEO plugin v27.5 - https:\/\/yoast.com\/product\/yoast-seo-wordpress\/ -->\n<title>Teulada Moraira celebra la Setmana de la Inf\u00e0ncia amb activitats en els col\u00b7legis i accions de conscienciaci\u00f3 | R\u00e0dio Litoral<\/title>\n<meta name=\"description\" content=\"Il\u00b7luminaci\u00f3 especial i reconeixement com a Ciutat Amiga de la Inf\u00e0ncia per part d&#039;UNICEF\" \/>\n<meta name=\"robots\" content=\"index, follow, max-snippet:-1, max-image-preview:large, max-video-preview:-1\" \/>\n<link rel=\"canonical\" href=\"https:\/\/radiolitoral.com\/ca\/2024\/11\/teulada-moraira-celebra-la-setmana-de-la-infancia-amb-activitats-als-col\u00b7legis-i-accions-de-conscienciacio\/\" \/>\n<meta property=\"og:locale\" content=\"ca_ES\" \/>\n<meta property=\"og:type\" content=\"article\" \/>\n<meta property=\"og:title\" content=\"Teulada Moraira celebra la Setmana de la Inf\u00e0ncia amb activitats en els col\u00b7legis i accions de conscienciaci\u00f3 | R\u00e0dio Litoral\" \/>\n<meta property=\"og:description\" content=\"Il\u00b7luminaci\u00f3 especial i reconeixement com a Ciutat Amiga de la Inf\u00e0ncia per part d&#039;UNICEF\" \/>\n<meta property=\"og:url\" content=\"https:\/\/radiolitoral.com\/ca\/2024\/11\/teulada-moraira-celebra-la-setmana-de-la-infancia-amb-activitats-als-col\u00b7legis-i-accions-de-conscienciacio\/\" \/>\n<meta property=\"og:site_name\" content=\"R\u00e0dio Litoral\" \/>\n<meta property=\"article:publisher\" content=\"https:\/\/www.facebook.com\/Laradiolitoral\/\" \/>\n<meta property=\"article:published_time\" content=\"2024-11-14T17:27:17+00:00\" \/>\n<meta property=\"article:modified_time\" content=\"2024-11-14T17:28:34+00:00\" \/>\n<meta property=\"og:image\" content=\"https:\/\/media.radiolitoral.com\/wp-content\/uploads\/2024\/11\/14182547\/DESTACADA-WEB-DIFUMINADO-16.png\" \/>\n\t<meta property=\"og:image:width\" content=\"1200\" \/>\n\t<meta property=\"og:image:height\" content=\"1000\" \/>\n\t<meta property=\"og:image:type\" content=\"image\/png\" \/>\n<meta name=\"author\" content=\"Redacci\u00f3n\" \/>\n<meta name=\"twitter:card\" content=\"summary_large_image\" \/>\n<meta name=\"twitter:label1\" content=\"Escrit per\" \/>\n\t<meta name=\"twitter:data1\" content=\"Redacci\u00f3n\" \/>\n\t<meta name=\"twitter:label2\" content=\"Temps estimat de lectura\" \/>\n\t<meta name=\"twitter:data2\" content=\"2 minuts\" \/>\n<script type=\"application\/ld+json\" class=\"yoast-schema-graph\">{\"@context\":\"https:\\\/\\\/schema.org\",\"@graph\":[{\"@type\":\"NewsArticle\",\"@id\":\"https:\\\/\\\/radiolitoral.com\\\/2024\\\/11\\\/teulada-moraira-celebra-la-setmana-de-la-infancia-amb-activitats-en-els-colegis-i-accions-de-conscienciacio\\\/#article\",\"isPartOf\":{\"@id\":\"https:\\\/\\\/radiolitoral.com\\\/2024\\\/11\\\/teulada-moraira-celebra-la-setmana-de-la-infancia-amb-activitats-en-els-colegis-i-accions-de-conscienciacio\\\/\"},\"author\":{\"name\":\"Redacci\u00f3n\",\"@id\":\"https:\\\/\\\/radiolitoral.com\\\/#\\\/schema\\\/person\\\/96b739642eb3bedb532aac3812d23307\"},\"headline\":\"Teulada Moraira celebra la Setmana de la Inf\u00e0ncia amb activitats en els col\u00b7legis i accions de conscienciaci\u00f3\",\"datePublished\":\"2024-11-14T17:27:17+00:00\",\"dateModified\":\"2024-11-14T17:28:34+00:00\",\"mainEntityOfPage\":{\"@id\":\"https:\\\/\\\/radiolitoral.com\\\/2024\\\/11\\\/teulada-moraira-celebra-la-setmana-de-la-infancia-amb-activitats-en-els-colegis-i-accions-de-conscienciacio\\\/\"},\"wordCount\":291,\"commentCount\":0,\"publisher\":{\"@id\":\"https:\\\/\\\/radiolitoral.com\\\/#organization\"},\"image\":{\"@id\":\"https:\\\/\\\/radiolitoral.com\\\/2024\\\/11\\\/teulada-moraira-celebra-la-setmana-de-la-infancia-amb-activitats-en-els-colegis-i-accions-de-conscienciacio\\\/#primaryimage\"},\"thumbnailUrl\":\"https:\\\/\\\/media.radiolitoral.com\\\/wp-content\\\/uploads\\\/2024\\\/11\\\/14182547\\\/DESTACADA-WEB-DIFUMINADO-16.png\",\"keywords\":[\"Dia de la infancia\",\"Moraira\",\"sociedad\",\"Teulada\"],\"articleSection\":[\"Sociedad\"],\"inLanguage\":\"ca\",\"potentialAction\":[{\"@type\":\"CommentAction\",\"name\":\"Comment\",\"target\":[\"https:\\\/\\\/radiolitoral.com\\\/2024\\\/11\\\/teulada-moraira-celebra-la-setmana-de-la-infancia-amb-activitats-en-els-colegis-i-accions-de-conscienciacio\\\/#respond\"]}]},{\"@type\":[\"WebPage\",\"ItemPage\"],\"@id\":\"https:\\\/\\\/radiolitoral.com\\\/2024\\\/11\\\/teulada-moraira-celebra-la-setmana-de-la-infancia-amb-activitats-en-els-colegis-i-accions-de-conscienciacio\\\/\",\"url\":\"https:\\\/\\\/radiolitoral.com\\\/2024\\\/11\\\/teulada-moraira-celebra-la-setmana-de-la-infancia-amb-activitats-en-els-colegis-i-accions-de-conscienciacio\\\/\",\"name\":\"Teulada Moraira celebra la Setmana de la Inf\u00e0ncia amb activitats en els col\u00b7legis i accions de conscienciaci\u00f3 | R\u00e0dio Litoral\",\"isPartOf\":{\"@id\":\"https:\\\/\\\/radiolitoral.com\\\/#website\"},\"primaryImageOfPage\":{\"@id\":\"https:\\\/\\\/radiolitoral.com\\\/2024\\\/11\\\/teulada-moraira-celebra-la-setmana-de-la-infancia-amb-activitats-en-els-colegis-i-accions-de-conscienciacio\\\/#primaryimage\"},\"image\":{\"@id\":\"https:\\\/\\\/radiolitoral.com\\\/2024\\\/11\\\/teulada-moraira-celebra-la-setmana-de-la-infancia-amb-activitats-en-els-colegis-i-accions-de-conscienciacio\\\/#primaryimage\"},\"thumbnailUrl\":\"https:\\\/\\\/media.radiolitoral.com\\\/wp-content\\\/uploads\\\/2024\\\/11\\\/14182547\\\/DESTACADA-WEB-DIFUMINADO-16.png\",\"datePublished\":\"2024-11-14T17:27:17+00:00\",\"dateModified\":\"2024-11-14T17:28:34+00:00\",\"description\":\"Il\u00b7luminaci\u00f3 especial i reconeixement com a Ciutat Amiga de la Inf\u00e0ncia per part d'UNICEF\",\"breadcrumb\":{\"@id\":\"https:\\\/\\\/radiolitoral.com\\\/2024\\\/11\\\/teulada-moraira-celebra-la-setmana-de-la-infancia-amb-activitats-en-els-colegis-i-accions-de-conscienciacio\\\/#breadcrumb\"},\"inLanguage\":\"ca\",\"potentialAction\":[{\"@type\":\"ReadAction\",\"target\":[\"https:\\\/\\\/radiolitoral.com\\\/2024\\\/11\\\/teulada-moraira-celebra-la-setmana-de-la-infancia-amb-activitats-en-els-colegis-i-accions-de-conscienciacio\\\/\"]}]},{\"@type\":\"ImageObject\",\"inLanguage\":\"ca\",\"@id\":\"https:\\\/\\\/radiolitoral.com\\\/2024\\\/11\\\/teulada-moraira-celebra-la-setmana-de-la-infancia-amb-activitats-en-els-colegis-i-accions-de-conscienciacio\\\/#primaryimage\",\"url\":\"https:\\\/\\\/media.radiolitoral.com\\\/wp-content\\\/uploads\\\/2024\\\/11\\\/14182547\\\/DESTACADA-WEB-DIFUMINADO-16.png\",\"contentUrl\":\"https:\\\/\\\/media.radiolitoral.com\\\/wp-content\\\/uploads\\\/2024\\\/11\\\/14182547\\\/DESTACADA-WEB-DIFUMINADO-16.png\",\"width\":1200,\"height\":1000},{\"@type\":\"BreadcrumbList\",\"@id\":\"https:\\\/\\\/radiolitoral.com\\\/2024\\\/11\\\/teulada-moraira-celebra-la-setmana-de-la-infancia-amb-activitats-en-els-colegis-i-accions-de-conscienciacio\\\/#breadcrumb\",\"itemListElement\":[{\"@type\":\"ListItem\",\"position\":1,\"name\":\"Portada\",\"item\":\"https:\\\/\\\/radiolitoral.com\\\/\"},{\"@type\":\"ListItem\",\"position\":2,\"name\":\"Teulada Moraira celebra la Setmana de la Inf\u00e0ncia amb activitats en els col\u00b7legis i accions de conscienciaci\u00f3\"}]},{\"@type\":\"WebSite\",\"@id\":\"https:\\\/\\\/radiolitoral.com\\\/#website\",\"url\":\"https:\\\/\\\/radiolitoral.com\\\/\",\"name\":\"Radio Litoral\",\"description\":\"La radio local de la Marina Alta\",\"publisher\":{\"@id\":\"https:\\\/\\\/radiolitoral.com\\\/#organization\"},\"alternateName\":\"Litoral FM\",\"potentialAction\":[{\"@type\":\"SearchAction\",\"target\":{\"@type\":\"EntryPoint\",\"urlTemplate\":\"https:\\\/\\\/radiolitoral.com\\\/?s={search_term_string}\"},\"query-input\":{\"@type\":\"PropertyValueSpecification\",\"valueRequired\":true,\"valueName\":\"search_term_string\"}}],\"inLanguage\":\"ca\"},{\"@type\":\"Organization\",\"@id\":\"https:\\\/\\\/radiolitoral.com\\\/#organization\",\"name\":\"Radio Litoral\",\"url\":\"https:\\\/\\\/radiolitoral.com\\\/\",\"logo\":{\"@type\":\"ImageObject\",\"inLanguage\":\"ca\",\"@id\":\"https:\\\/\\\/radiolitoral.com\\\/#\\\/schema\\\/logo\\\/image\\\/\",\"url\":\"https:\\\/\\\/media.radiolitoral.com\\\/wp-content\\\/uploads\\\/2023\\\/02\\\/24143238\\\/CL-V-RadioLitoral696.png\",\"contentUrl\":\"https:\\\/\\\/media.radiolitoral.com\\\/wp-content\\\/uploads\\\/2023\\\/02\\\/24143238\\\/CL-V-RadioLitoral696.png\",\"width\":696,\"height\":696,\"caption\":\"Radio Litoral\"},\"image\":{\"@id\":\"https:\\\/\\\/radiolitoral.com\\\/#\\\/schema\\\/logo\\\/image\\\/\"},\"sameAs\":[\"https:\\\/\\\/www.facebook.com\\\/Laradiolitoral\\\/\"]},{\"@type\":\"Person\",\"@id\":\"https:\\\/\\\/radiolitoral.com\\\/#\\\/schema\\\/person\\\/96b739642eb3bedb532aac3812d23307\",\"name\":\"Redacci\u00f3n\",\"image\":{\"@type\":\"ImageObject\",\"inLanguage\":\"ca\",\"@id\":\"https:\\\/\\\/secure.gravatar.com\\\/avatar\\\/30cd06129ee90411dd9c7cbdcf17464181d1a3c7b072e92070ea75a25cf0097e?s=96&d=mm&r=g\",\"url\":\"https:\\\/\\\/secure.gravatar.com\\\/avatar\\\/30cd06129ee90411dd9c7cbdcf17464181d1a3c7b072e92070ea75a25cf0097e?s=96&d=mm&r=g\",\"contentUrl\":\"https:\\\/\\\/secure.gravatar.com\\\/avatar\\\/30cd06129ee90411dd9c7cbdcf17464181d1a3c7b072e92070ea75a25cf0097e?s=96&d=mm&r=g\",\"caption\":\"Redacci\u00f3n\"},\"url\":\"https:\\\/\\\/radiolitoral.com\\\/ca\\\/author\\\/kevin-carrio\\\/\"}]}<\/script>\n<!-- \/ Yoast SEO plugin. -->","yoast_head_json":{"title":"Teulada Moraira celebra la Setmana de la Inf\u00e0ncia amb activitats als col\u00b7legis i accions de conscienciaci\u00f3 | R\u00e0dio Litoral","description":"Il\u00b7luminaci\u00f3 especial i reconeixement com a Ciutat Amiga de la Inf\u00e0ncia per part d&#039;UNICEF","robots":{"index":"index","follow":"follow","max-snippet":"max-snippet:-1","max-image-preview":"max-image-preview:large","max-video-preview":"max-video-preview:-1"},"canonical":"https:\/\/radiolitoral.com\/ca\/2024\/11\/teulada-moraira-celebra-la-setmana-de-la-infancia-amb-activitats-als-col\u00b7legis-i-accions-de-conscienciacio\/","og_locale":"ca_ES","og_type":"article","og_title":"Teulada Moraira celebra la Setmana de la Inf\u00e0ncia amb activitats en els col\u00b7legis i accions de conscienciaci\u00f3 | R\u00e0dio Litoral","og_description":"Il\u00b7luminaci\u00f3 especial i reconeixement com a Ciutat Amiga de la Inf\u00e0ncia per part d'UNICEF","og_url":"https:\/\/radiolitoral.com\/ca\/2024\/11\/teulada-moraira-celebra-la-setmana-de-la-infancia-amb-activitats-als-col\u00b7legis-i-accions-de-conscienciacio\/","og_site_name":"R\u00e0dio Litoral","article_publisher":"https:\/\/www.facebook.com\/Laradiolitoral\/","article_published_time":"2024-11-14T17:27:17+00:00","article_modified_time":"2024-11-14T17:28:34+00:00","og_image":[{"width":1200,"height":1000,"url":"https:\/\/media.radiolitoral.com\/wp-content\/uploads\/2024\/11\/14182547\/DESTACADA-WEB-DIFUMINADO-16.png","type":"image\/png"}],"author":"Redacci\u00f3n","twitter_card":"summary_large_image","twitter_misc":{"Escrit per":"Redacci\u00f3n","Temps estimat de lectura":"2 minuts"},"schema":{"@context":"https:\/\/schema.org","@graph":[{"@type":"NewsArticle","@id":"https:\/\/radiolitoral.com\/2024\/11\/teulada-moraira-celebra-la-setmana-de-la-infancia-amb-activitats-en-els-colegis-i-accions-de-conscienciacio\/#article","isPartOf":{"@id":"https:\/\/radiolitoral.com\/2024\/11\/teulada-moraira-celebra-la-setmana-de-la-infancia-amb-activitats-en-els-colegis-i-accions-de-conscienciacio\/"},"author":{"name":"Redacci\u00f3n","@id":"https:\/\/radiolitoral.com\/#\/schema\/person\/96b739642eb3bedb532aac3812d23307"},"headline":"Teulada Moraira celebra la Setmana de la Inf\u00e0ncia amb activitats en els col\u00b7legis i accions de conscienciaci\u00f3","datePublished":"2024-11-14T17:27:17+00:00","dateModified":"2024-11-14T17:28:34+00:00","mainEntityOfPage":{"@id":"https:\/\/radiolitoral.com\/2024\/11\/teulada-moraira-celebra-la-setmana-de-la-infancia-amb-activitats-en-els-colegis-i-accions-de-conscienciacio\/"},"wordCount":291,"commentCount":0,"publisher":{"@id":"https:\/\/radiolitoral.com\/#organization"},"image":{"@id":"https:\/\/radiolitoral.com\/2024\/11\/teulada-moraira-celebra-la-setmana-de-la-infancia-amb-activitats-en-els-colegis-i-accions-de-conscienciacio\/#primaryimage"},"thumbnailUrl":"https:\/\/media.radiolitoral.com\/wp-content\/uploads\/2024\/11\/14182547\/DESTACADA-WEB-DIFUMINADO-16.png","keywords":["Dia de la infancia","Moraira","sociedad","Teulada"],"articleSection":["Sociedad"],"inLanguage":"ca","potentialAction":[{"@type":"CommentAction","name":"Comment","target":["https:\/\/radiolitoral.com\/2024\/11\/teulada-moraira-celebra-la-setmana-de-la-infancia-amb-activitats-en-els-colegis-i-accions-de-conscienciacio\/#respond"]}]},{"@type":["WebPage","ItemPage"],"@id":"https:\/\/radiolitoral.com\/2024\/11\/teulada-moraira-celebra-la-setmana-de-la-infancia-amb-activitats-en-els-colegis-i-accions-de-conscienciacio\/","url":"https:\/\/radiolitoral.com\/2024\/11\/teulada-moraira-celebra-la-setmana-de-la-infancia-amb-activitats-en-els-colegis-i-accions-de-conscienciacio\/","name":"Teulada Moraira celebra la Setmana de la Inf\u00e0ncia amb activitats als col\u00b7legis i accions de conscienciaci\u00f3 | R\u00e0dio Litoral","isPartOf":{"@id":"https:\/\/radiolitoral.com\/#website"},"primaryImageOfPage":{"@id":"https:\/\/radiolitoral.com\/2024\/11\/teulada-moraira-celebra-la-setmana-de-la-infancia-amb-activitats-en-els-colegis-i-accions-de-conscienciacio\/#primaryimage"},"image":{"@id":"https:\/\/radiolitoral.com\/2024\/11\/teulada-moraira-celebra-la-setmana-de-la-infancia-amb-activitats-en-els-colegis-i-accions-de-conscienciacio\/#primaryimage"},"thumbnailUrl":"https:\/\/media.radiolitoral.com\/wp-content\/uploads\/2024\/11\/14182547\/DESTACADA-WEB-DIFUMINADO-16.png","datePublished":"2024-11-14T17:27:17+00:00","dateModified":"2024-11-14T17:28:34+00:00","description":"Il\u00b7luminaci\u00f3 especial i reconeixement com a Ciutat Amiga de la Inf\u00e0ncia per part d&#039;UNICEF","breadcrumb":{"@id":"https:\/\/radiolitoral.com\/2024\/11\/teulada-moraira-celebra-la-setmana-de-la-infancia-amb-activitats-en-els-colegis-i-accions-de-conscienciacio\/#breadcrumb"},"inLanguage":"ca","potentialAction":[{"@type":"ReadAction","target":["https:\/\/radiolitoral.com\/2024\/11\/teulada-moraira-celebra-la-setmana-de-la-infancia-amb-activitats-en-els-colegis-i-accions-de-conscienciacio\/"]}]},{"@type":"ImageObject","inLanguage":"ca","@id":"https:\/\/radiolitoral.com\/2024\/11\/teulada-moraira-celebra-la-setmana-de-la-infancia-amb-activitats-en-els-colegis-i-accions-de-conscienciacio\/#primaryimage","url":"https:\/\/media.radiolitoral.com\/wp-content\/uploads\/2024\/11\/14182547\/DESTACADA-WEB-DIFUMINADO-16.png","contentUrl":"https:\/\/media.radiolitoral.com\/wp-content\/uploads\/2024\/11\/14182547\/DESTACADA-WEB-DIFUMINADO-16.png","width":1200,"height":1000},{"@type":"BreadcrumbList","@id":"https:\/\/radiolitoral.com\/2024\/11\/teulada-moraira-celebra-la-setmana-de-la-infancia-amb-activitats-en-els-colegis-i-accions-de-conscienciacio\/#breadcrumb","itemListElement":[{"@type":"ListItem","position":1,"name":"Portada","item":"https:\/\/radiolitoral.com\/"},{"@type":"ListItem","position":2,"name":"Teulada Moraira celebra la Setmana de la Inf\u00e0ncia amb activitats en els col\u00b7legis i accions de conscienciaci\u00f3"}]},{"@type":"WebSite","@id":"https:\/\/radiolitoral.com\/#website","url":"https:\/\/radiolitoral.com\/","name":"R\u00e0dio Litoral","description":"La r\u00e0dio local de la Marina Alta","publisher":{"@id":"https:\/\/radiolitoral.com\/#organization"},"alternateName":"Litoral FM","potentialAction":[{"@type":"SearchAction","target":{"@type":"EntryPoint","urlTemplate":"https:\/\/radiolitoral.com\/?s={search_term_string}"},"query-input":{"@type":"PropertyValueSpecification","valueRequired":true,"valueName":"search_term_string"}}],"inLanguage":"ca"},{"@type":"Organization","@id":"https:\/\/radiolitoral.com\/#organization","name":"R\u00e0dio Litoral","url":"https:\/\/radiolitoral.com\/","logo":{"@type":"ImageObject","inLanguage":"ca","@id":"https:\/\/radiolitoral.com\/#\/schema\/logo\/image\/","url":"https:\/\/media.radiolitoral.com\/wp-content\/uploads\/2023\/02\/24143238\/CL-V-RadioLitoral696.png","contentUrl":"https:\/\/media.radiolitoral.com\/wp-content\/uploads\/2023\/02\/24143238\/CL-V-RadioLitoral696.png","width":696,"height":696,"caption":"Radio Litoral"},"image":{"@id":"https:\/\/radiolitoral.com\/#\/schema\/logo\/image\/"},"sameAs":["https:\/\/www.facebook.com\/Laradiolitoral\/"]},{"@type":"Person","@id":"https:\/\/radiolitoral.com\/#\/schema\/person\/96b739642eb3bedb532aac3812d23307","name":"Redacci\u00f3","image":{"@type":"ImageObject","inLanguage":"ca","@id":"https:\/\/secure.gravatar.com\/avatar\/30cd06129ee90411dd9c7cbdcf17464181d1a3c7b072e92070ea75a25cf0097e?s=96&d=mm&r=g","url":"https:\/\/secure.gravatar.com\/avatar\/30cd06129ee90411dd9c7cbdcf17464181d1a3c7b072e92070ea75a25cf0097e?s=96&d=mm&r=g","contentUrl":"https:\/\/secure.gravatar.com\/avatar\/30cd06129ee90411dd9c7cbdcf17464181d1a3c7b072e92070ea75a25cf0097e?s=96&d=mm&r=g","caption":"Redacci\u00f3n"},"url":"https:\/\/radiolitoral.com\/ca\/author\/kevin-carrio\/"}]}},"_links":{"self":[{"href":"https:\/\/radiolitoral.com\/ca\/wp-json\/wp\/v2\/posts\/13081","targetHints":{"allow":["GET"]}}],"collection":[{"href":"https:\/\/radiolitoral.com\/ca\/wp-json\/wp\/v2\/posts"}],"about":[{"href":"https:\/\/radiolitoral.com\/ca\/wp-json\/wp\/v2\/types\/post"}],"author":[{"embeddable":true,"href":"https:\/\/radiolitoral.com\/ca\/wp-json\/wp\/v2\/users\/14"}],"replies":[{"embeddable":true,"href":"https:\/\/radiolitoral.com\/ca\/wp-json\/wp\/v2\/comments?post=13081"}],"version-history":[{"count":1,"href":"https:\/\/radiolitoral.com\/ca\/wp-json\/wp\/v2\/posts\/13081\/revisions"}],"predecessor-version":[{"id":13084,"href":"https:\/\/radiolitoral.com\/ca\/wp-json\/wp\/v2\/posts\/13081\/revisions\/13084"}],"wp:featuredmedia":[{"embeddable":true,"href":"https:\/\/radiolitoral.com\/ca\/wp-json\/wp\/v2\/media\/13082"}],"wp:attachment":[{"href":"https:\/\/radiolitoral.com\/ca\/wp-json\/wp\/v2\/media?parent=13081"}],"wp:term":[{"taxonomy":"category","embeddable":true,"href":"https:\/\/radiolitoral.com\/ca\/wp-json\/wp\/v2\/categories?post=13081"},{"taxonomy":"post_tag","embeddable":true,"href":"https:\/\/radiolitoral.com\/ca\/wp-json\/wp\/v2\/tags?post=13081"}],"curies":[{"name":"wp","href":"https:\/\/api.w.org\/{rel}","templated":true}]}}