{"id":13031,"date":"2024-11-12T17:21:12","date_gmt":"2024-11-12T16:21:12","guid":{"rendered":"https:\/\/radiolitoral.com\/?p=13031"},"modified":"2024-11-14T12:53:22","modified_gmt":"2024-11-14T11:53:22","slug":"quico-llopis-la-celebracio-de-santa-cecilia-es-una-festa-per-crear-vincles-entre-els-musics","status":"publish","type":"post","link":"https:\/\/radiolitoral.com\/ca\/2024\/11\/quico-llopis-la-celebracio-de-santa-cecilia-es-una-festa-per-a-crear-vincles-entre-els-musics\/","title":{"rendered":"Quico Llopis: \u201cLa celebraci\u00f3 de Santa Cec\u00edlia \u00e9s una festa per crear vincles entre els m\u00fasics\u201d"},"content":{"rendered":"<p>La festa dels <strong>m\u00fasics<\/strong> \u00e9s part indispensable de l\u00b4agenda cultural de pr\u00e0cticament tots els municipis de la Marina Alta al mes de novembre. Amunt la commemoraci\u00f3 de <strong>Santa Cec\u00edlia<\/strong>, la patrona de la m\u00fasica i els m\u00fasics. I encara que l&#039;efem\u00e8ride est\u00e0 fixada al calendari per al dia 22, les agrupacions musicals, com la <strong>Societat L\u00edrica i Musical de Benissa<\/strong>, ja han programat per aquest cap de setmana actes per recordar aquesta data. Aquesta mat\u00ed, a <strong>R\u00e0dio Litoral<\/strong>, ens hem pres el <strong>Primer Caf\u00e8<\/strong> amb <strong>Quico Llopis, saxofonista i music\u00f2leg<\/strong>, que, en representaci\u00f3 de la banda de m\u00fasica de Benissa, ens ha explicat com es preparen per commemorar aquesta data tan especial.<\/p>\n<p>Des de la Societat L\u00edrica i Musical de Benissa s&#039;han previst dos caps de setmana intensos plens de m\u00fasica, tradici\u00f3 i cultura. Aquest dissabte arrenca la programaci\u00f3 festiva amb el concert de la Banda Juvenil i la celebraci\u00f3 de la Nit d&#039;Albades. I el diumenge tindr\u00e0 lloc l&#039;emotiva recollida i cercavila dels nous m\u00fasics i les fam\u00edlies Cecilianes. Aquest 2024 s&#039;incorporen a la banda quatre nous m\u00fasics: Lluna, Eloi, H\u00e9ctor i Mar.<\/p>\n<p>La programaci\u00f3 festiva es completar\u00e0 el dissabte, 23 de novembre, amb el concert \u201cAstronomies\u201d. Espectacle musico po\u00e8tic que tindr\u00e0 lloc a l&#039;Auditori Teulada Moraira a les 19.00 hores i far\u00e0 viatjar entre planetas al p\u00fablic assistent.<\/p>\n<p>Per accedir al concert de Santa Cec\u00edlia cal disposar de la corresponent entrada. Quico Llopis ens ha avan\u00e7at que a partir del mat\u00ed mi\u00e9rcoles i tamb\u00e9 el dijous es podran comprar les entrades al preu de 5 euros. Es poden adquirir a l&#039;antiga Llibreria d&#039;Arlandis de Benissa.<\/p>\n<p>Podeu escortar l&#039;entrevista completa aqu\u00ed.<\/p>\n<audio class=\"wp-audio-shortcode\" id=\"audio-13031-1\" preload=\"none\" style=\"width: 100%;\" controls=\"controls\"><source type=\"audio\/mpeg\" src=\"https:\/\/media.radiolitoral.com\/wp-content\/uploads\/2024\/11\/12102939\/Primer-Cafe-Banda-Benissa-Santa-Cecilia.mp3?_=1\" \/><a href=\"https:\/\/media.radiolitoral.com\/wp-content\/uploads\/2024\/11\/12102939\/Primer-Cafe-Banda-Benissa-Santa-Cecilia.mp3\">https:\/\/media.radiolitoral.com\/wp-content\/uploads\/2024\/11\/12102939\/Primer-Cafe-Banda-Benissa-Santa-Cecilia.mp3<\/a><\/audio>","protected":false},"excerpt":{"rendered":"<p>La festa dels m\u00fasics \u00e9s part indispensable de l&#8217;agenda cultural de pr\u00e0cticament tots els municipis de la Marina Alta al mes de novembre. Arriba la commemoraci\u00f3 de Santa Cec\u00edlia, la patrona de la m\u00fasica i els m\u00fasics. I encara que l&#8217;efem\u00e8ride est\u00e0 fixada al calendari per al dia 22, les agrupacions musicals, com la Societat [&#8230;]<\/p>\n<p><a class=\"btn btn-secondary understrap-read-more-link\" href=\"https:\/\/radiolitoral.com\/ca\/2024\/11\/quico-llopis-la-celebracio-de-santa-cecilia-es-una-festa-per-a-crear-vincles-entre-els-musics\/\">Continua llegint&#8230;<span class=\"screen-reader-text\"> from Quico Llopis: \u201cLa celebraci\u00f3 de Santa Cec\u00edlia \u00e9s una festa per a crear vincles entre els m\u00fasics\u201d<\/span><\/a><\/p>\n","protected":false},"author":13,"featured_media":13035,"comment_status":"open","ping_status":"closed","sticky":false,"template":"","format":"standard","meta":{"_acf_changed":false,"inline_featured_image":false,"footnotes":""},"categories":[55,2753,46],"tags":[2744,110,983,2312,2700,2743],"class_list":["post-13031","post","type-post","status-publish","format-standard","has-post-thumbnail","hentry","category-cultura","category-entrevistas","category-sociedad","tag-banda-de-musica","tag-conciertos","tag-musica","tag-primer-cafe","tag-santa-cecilia","tag-societat-lirica-i-musical-de-benissa","cobertura-benissa"],"acf":[],"yoast_head":"<!-- This site is optimized with the Yoast SEO plugin v27.5 - https:\/\/yoast.com\/product\/yoast-seo-wordpress\/ -->\n<title>Quico Llopis: \u201cLa celebraci\u00f3 de Santa Cec\u00edlia \u00e9s una festa per a crear vincles entre els m\u00fasics\u201d | R\u00e0dio Litoral<\/title>\n<meta name=\"description\" content=\"La Societat L\u00edrica i Musical de Benissa dedicar\u00e0 els dos pr\u00f2xims caps de setmana a homenatjar a la patrona, Santa Cec\u00edlia\" \/>\n<meta name=\"robots\" content=\"index, follow, max-snippet:-1, max-image-preview:large, max-video-preview:-1\" \/>\n<link rel=\"canonical\" href=\"https:\/\/radiolitoral.com\/ca\/2024\/11\/quico-llopis-la-celebracio-de-santa-cecilia-es-una-festa-per-crear-vincles-entre-els-musics\/\" \/>\n<meta property=\"og:locale\" content=\"ca_ES\" \/>\n<meta property=\"og:type\" content=\"article\" \/>\n<meta property=\"og:title\" content=\"Quico Llopis: \u201cLa celebraci\u00f3 de Santa Cec\u00edlia \u00e9s una festa per a crear vincles entre els m\u00fasics\u201d | R\u00e0dio Litoral\" \/>\n<meta property=\"og:description\" content=\"La Societat L\u00edrica i Musical de Benissa dedicar\u00e0 els dos pr\u00f2xims caps de setmana a homenatjar a la patrona, Santa Cec\u00edlia\" \/>\n<meta property=\"og:url\" content=\"https:\/\/radiolitoral.com\/ca\/2024\/11\/quico-llopis-la-celebracio-de-santa-cecilia-es-una-festa-per-crear-vincles-entre-els-musics\/\" \/>\n<meta property=\"og:site_name\" content=\"R\u00e0dio Litoral\" \/>\n<meta property=\"article:publisher\" content=\"https:\/\/www.facebook.com\/Laradiolitoral\/\" \/>\n<meta property=\"article:published_time\" content=\"2024-11-12T16:21:12+00:00\" \/>\n<meta property=\"article:modified_time\" content=\"2024-11-14T11:53:22+00:00\" \/>\n<meta property=\"og:image\" content=\"https:\/\/media.radiolitoral.com\/wp-content\/uploads\/2024\/11\/12103748\/Quico-Llopis-Primer-Cafe-2.jpg\" \/>\n\t<meta property=\"og:image:width\" content=\"1785\" \/>\n\t<meta property=\"og:image:height\" content=\"1213\" \/>\n\t<meta property=\"og:image:type\" content=\"image\/jpeg\" \/>\n<meta name=\"author\" content=\"Redacci\u00f3n\" \/>\n<meta name=\"twitter:card\" content=\"summary_large_image\" \/>\n<meta name=\"twitter:label1\" content=\"Escrit per\" \/>\n\t<meta name=\"twitter:data1\" content=\"Redacci\u00f3n\" \/>\n\t<meta name=\"twitter:label2\" content=\"Temps estimat de lectura\" \/>\n\t<meta name=\"twitter:data2\" content=\"2 minuts\" \/>\n<script type=\"application\/ld+json\" class=\"yoast-schema-graph\">{\"@context\":\"https:\\\/\\\/schema.org\",\"@graph\":[{\"@type\":\"NewsArticle\",\"@id\":\"https:\\\/\\\/radiolitoral.com\\\/2024\\\/11\\\/quico-llopis-la-celebracio-de-santa-cecilia-es-una-festa-per-a-crear-vincles-entre-els-musics\\\/#article\",\"isPartOf\":{\"@id\":\"https:\\\/\\\/radiolitoral.com\\\/2024\\\/11\\\/quico-llopis-la-celebracio-de-santa-cecilia-es-una-festa-per-a-crear-vincles-entre-els-musics\\\/\"},\"author\":{\"name\":\"Redacci\u00f3n\",\"@id\":\"https:\\\/\\\/radiolitoral.com\\\/#\\\/schema\\\/person\\\/f2b2343c49b5d721857cc1002bfdb151\"},\"headline\":\"Quico Llopis: \u201cLa celebraci\u00f3 de Santa Cec\u00edlia \u00e9s una festa per a crear vincles entre els m\u00fasics\u201d\",\"datePublished\":\"2024-11-12T16:21:12+00:00\",\"dateModified\":\"2024-11-14T11:53:22+00:00\",\"mainEntityOfPage\":{\"@id\":\"https:\\\/\\\/radiolitoral.com\\\/2024\\\/11\\\/quico-llopis-la-celebracio-de-santa-cecilia-es-una-festa-per-a-crear-vincles-entre-els-musics\\\/\"},\"wordCount\":325,\"commentCount\":0,\"publisher\":{\"@id\":\"https:\\\/\\\/radiolitoral.com\\\/#organization\"},\"image\":{\"@id\":\"https:\\\/\\\/radiolitoral.com\\\/2024\\\/11\\\/quico-llopis-la-celebracio-de-santa-cecilia-es-una-festa-per-a-crear-vincles-entre-els-musics\\\/#primaryimage\"},\"thumbnailUrl\":\"https:\\\/\\\/media.radiolitoral.com\\\/wp-content\\\/uploads\\\/2024\\\/11\\\/12103748\\\/Quico-Llopis-Primer-Cafe-2.jpg\",\"keywords\":[\"Banda de m\u00fasica\",\"conciertos\",\"M\u00fasica\",\"Primer Caf\u00e9\",\"Santa Cec\u00edlia\",\"Societat L\u00edrica i Musical de Benissa\"],\"articleSection\":[\"Cultura\",\"Entrevistas\",\"Sociedad\"],\"inLanguage\":\"ca\",\"potentialAction\":[{\"@type\":\"CommentAction\",\"name\":\"Comment\",\"target\":[\"https:\\\/\\\/radiolitoral.com\\\/2024\\\/11\\\/quico-llopis-la-celebracio-de-santa-cecilia-es-una-festa-per-a-crear-vincles-entre-els-musics\\\/#respond\"]}]},{\"@type\":[\"WebPage\",\"ItemPage\"],\"@id\":\"https:\\\/\\\/radiolitoral.com\\\/2024\\\/11\\\/quico-llopis-la-celebracio-de-santa-cecilia-es-una-festa-per-a-crear-vincles-entre-els-musics\\\/\",\"url\":\"https:\\\/\\\/radiolitoral.com\\\/2024\\\/11\\\/quico-llopis-la-celebracio-de-santa-cecilia-es-una-festa-per-a-crear-vincles-entre-els-musics\\\/\",\"name\":\"Quico Llopis: \u201cLa celebraci\u00f3 de Santa Cec\u00edlia \u00e9s una festa per a crear vincles entre els m\u00fasics\u201d | R\u00e0dio Litoral\",\"isPartOf\":{\"@id\":\"https:\\\/\\\/radiolitoral.com\\\/#website\"},\"primaryImageOfPage\":{\"@id\":\"https:\\\/\\\/radiolitoral.com\\\/2024\\\/11\\\/quico-llopis-la-celebracio-de-santa-cecilia-es-una-festa-per-a-crear-vincles-entre-els-musics\\\/#primaryimage\"},\"image\":{\"@id\":\"https:\\\/\\\/radiolitoral.com\\\/2024\\\/11\\\/quico-llopis-la-celebracio-de-santa-cecilia-es-una-festa-per-a-crear-vincles-entre-els-musics\\\/#primaryimage\"},\"thumbnailUrl\":\"https:\\\/\\\/media.radiolitoral.com\\\/wp-content\\\/uploads\\\/2024\\\/11\\\/12103748\\\/Quico-Llopis-Primer-Cafe-2.jpg\",\"datePublished\":\"2024-11-12T16:21:12+00:00\",\"dateModified\":\"2024-11-14T11:53:22+00:00\",\"description\":\"La Societat L\u00edrica i Musical de Benissa dedicar\u00e0 els dos pr\u00f2xims caps de setmana a homenatjar a la patrona, Santa Cec\u00edlia\",\"breadcrumb\":{\"@id\":\"https:\\\/\\\/radiolitoral.com\\\/2024\\\/11\\\/quico-llopis-la-celebracio-de-santa-cecilia-es-una-festa-per-a-crear-vincles-entre-els-musics\\\/#breadcrumb\"},\"inLanguage\":\"ca\",\"potentialAction\":[{\"@type\":\"ReadAction\",\"target\":[\"https:\\\/\\\/radiolitoral.com\\\/2024\\\/11\\\/quico-llopis-la-celebracio-de-santa-cecilia-es-una-festa-per-a-crear-vincles-entre-els-musics\\\/\"]}]},{\"@type\":\"ImageObject\",\"inLanguage\":\"ca\",\"@id\":\"https:\\\/\\\/radiolitoral.com\\\/2024\\\/11\\\/quico-llopis-la-celebracio-de-santa-cecilia-es-una-festa-per-a-crear-vincles-entre-els-musics\\\/#primaryimage\",\"url\":\"https:\\\/\\\/media.radiolitoral.com\\\/wp-content\\\/uploads\\\/2024\\\/11\\\/12103748\\\/Quico-Llopis-Primer-Cafe-2.jpg\",\"contentUrl\":\"https:\\\/\\\/media.radiolitoral.com\\\/wp-content\\\/uploads\\\/2024\\\/11\\\/12103748\\\/Quico-Llopis-Primer-Cafe-2.jpg\",\"width\":1785,\"height\":1213},{\"@type\":\"BreadcrumbList\",\"@id\":\"https:\\\/\\\/radiolitoral.com\\\/2024\\\/11\\\/quico-llopis-la-celebracio-de-santa-cecilia-es-una-festa-per-a-crear-vincles-entre-els-musics\\\/#breadcrumb\",\"itemListElement\":[{\"@type\":\"ListItem\",\"position\":1,\"name\":\"Portada\",\"item\":\"https:\\\/\\\/radiolitoral.com\\\/\"},{\"@type\":\"ListItem\",\"position\":2,\"name\":\"Quico Llopis: \u201cLa celebraci\u00f3 de Santa Cec\u00edlia \u00e9s una festa per a crear vincles entre els m\u00fasics\u201d\"}]},{\"@type\":\"WebSite\",\"@id\":\"https:\\\/\\\/radiolitoral.com\\\/#website\",\"url\":\"https:\\\/\\\/radiolitoral.com\\\/\",\"name\":\"Radio Litoral\",\"description\":\"La radio local de la Marina Alta\",\"publisher\":{\"@id\":\"https:\\\/\\\/radiolitoral.com\\\/#organization\"},\"alternateName\":\"Litoral FM\",\"potentialAction\":[{\"@type\":\"SearchAction\",\"target\":{\"@type\":\"EntryPoint\",\"urlTemplate\":\"https:\\\/\\\/radiolitoral.com\\\/?s={search_term_string}\"},\"query-input\":{\"@type\":\"PropertyValueSpecification\",\"valueRequired\":true,\"valueName\":\"search_term_string\"}}],\"inLanguage\":\"ca\"},{\"@type\":\"Organization\",\"@id\":\"https:\\\/\\\/radiolitoral.com\\\/#organization\",\"name\":\"Radio Litoral\",\"url\":\"https:\\\/\\\/radiolitoral.com\\\/\",\"logo\":{\"@type\":\"ImageObject\",\"inLanguage\":\"ca\",\"@id\":\"https:\\\/\\\/radiolitoral.com\\\/#\\\/schema\\\/logo\\\/image\\\/\",\"url\":\"https:\\\/\\\/media.radiolitoral.com\\\/wp-content\\\/uploads\\\/2023\\\/02\\\/24143238\\\/CL-V-RadioLitoral696.png\",\"contentUrl\":\"https:\\\/\\\/media.radiolitoral.com\\\/wp-content\\\/uploads\\\/2023\\\/02\\\/24143238\\\/CL-V-RadioLitoral696.png\",\"width\":696,\"height\":696,\"caption\":\"Radio Litoral\"},\"image\":{\"@id\":\"https:\\\/\\\/radiolitoral.com\\\/#\\\/schema\\\/logo\\\/image\\\/\"},\"sameAs\":[\"https:\\\/\\\/www.facebook.com\\\/Laradiolitoral\\\/\"]},{\"@type\":\"Person\",\"@id\":\"https:\\\/\\\/radiolitoral.com\\\/#\\\/schema\\\/person\\\/f2b2343c49b5d721857cc1002bfdb151\",\"name\":\"Redacci\u00f3n\",\"image\":{\"@type\":\"ImageObject\",\"inLanguage\":\"ca\",\"@id\":\"https:\\\/\\\/secure.gravatar.com\\\/avatar\\\/f771d896c203ad8b3382d7905cfcce5a5c9b008b84b3cd9114e9b9f4cb63f789?s=96&d=mm&r=g\",\"url\":\"https:\\\/\\\/secure.gravatar.com\\\/avatar\\\/f771d896c203ad8b3382d7905cfcce5a5c9b008b84b3cd9114e9b9f4cb63f789?s=96&d=mm&r=g\",\"contentUrl\":\"https:\\\/\\\/secure.gravatar.com\\\/avatar\\\/f771d896c203ad8b3382d7905cfcce5a5c9b008b84b3cd9114e9b9f4cb63f789?s=96&d=mm&r=g\",\"caption\":\"Redacci\u00f3n\"},\"url\":\"https:\\\/\\\/radiolitoral.com\\\/ca\\\/author\\\/miriam-pagan\\\/\"}]}<\/script>\n<!-- \/ Yoast SEO plugin. -->","yoast_head_json":{"title":"Quico Llopis: \u201cLa celebraci\u00f3 de Santa Cec\u00edlia \u00e9s una festa per crear vincles entre els m\u00fasics\u201d | R\u00e0dio Litoral","description":"La Societat L\u00edrica i Musical de Benissa dedicar\u00e0 els dos propers caps de setmana a homenatjar la patrona, Santa Cec\u00edlia","robots":{"index":"index","follow":"follow","max-snippet":"max-snippet:-1","max-image-preview":"max-image-preview:large","max-video-preview":"max-video-preview:-1"},"canonical":"https:\/\/radiolitoral.com\/ca\/2024\/11\/quico-llopis-la-celebracio-de-santa-cecilia-es-una-festa-per-crear-vincles-entre-els-musics\/","og_locale":"ca_ES","og_type":"article","og_title":"Quico Llopis: \u201cLa celebraci\u00f3 de Santa Cec\u00edlia \u00e9s una festa per a crear vincles entre els m\u00fasics\u201d | R\u00e0dio Litoral","og_description":"La Societat L\u00edrica i Musical de Benissa dedicar\u00e0 els dos pr\u00f2xims caps de setmana a homenatjar a la patrona, Santa Cec\u00edlia","og_url":"https:\/\/radiolitoral.com\/ca\/2024\/11\/quico-llopis-la-celebracio-de-santa-cecilia-es-una-festa-per-crear-vincles-entre-els-musics\/","og_site_name":"R\u00e0dio Litoral","article_publisher":"https:\/\/www.facebook.com\/Laradiolitoral\/","article_published_time":"2024-11-12T16:21:12+00:00","article_modified_time":"2024-11-14T11:53:22+00:00","og_image":[{"width":1785,"height":1213,"url":"https:\/\/media.radiolitoral.com\/wp-content\/uploads\/2024\/11\/12103748\/Quico-Llopis-Primer-Cafe-2.jpg","type":"image\/jpeg"}],"author":"Redacci\u00f3n","twitter_card":"summary_large_image","twitter_misc":{"Escrit per":"Redacci\u00f3n","Temps estimat de lectura":"2 minuts"},"schema":{"@context":"https:\/\/schema.org","@graph":[{"@type":"NewsArticle","@id":"https:\/\/radiolitoral.com\/2024\/11\/quico-llopis-la-celebracio-de-santa-cecilia-es-una-festa-per-a-crear-vincles-entre-els-musics\/#article","isPartOf":{"@id":"https:\/\/radiolitoral.com\/2024\/11\/quico-llopis-la-celebracio-de-santa-cecilia-es-una-festa-per-a-crear-vincles-entre-els-musics\/"},"author":{"name":"Redacci\u00f3n","@id":"https:\/\/radiolitoral.com\/#\/schema\/person\/f2b2343c49b5d721857cc1002bfdb151"},"headline":"Quico Llopis: \u201cLa celebraci\u00f3 de Santa Cec\u00edlia \u00e9s una festa per a crear vincles entre els m\u00fasics\u201d","datePublished":"2024-11-12T16:21:12+00:00","dateModified":"2024-11-14T11:53:22+00:00","mainEntityOfPage":{"@id":"https:\/\/radiolitoral.com\/2024\/11\/quico-llopis-la-celebracio-de-santa-cecilia-es-una-festa-per-a-crear-vincles-entre-els-musics\/"},"wordCount":325,"commentCount":0,"publisher":{"@id":"https:\/\/radiolitoral.com\/#organization"},"image":{"@id":"https:\/\/radiolitoral.com\/2024\/11\/quico-llopis-la-celebracio-de-santa-cecilia-es-una-festa-per-a-crear-vincles-entre-els-musics\/#primaryimage"},"thumbnailUrl":"https:\/\/media.radiolitoral.com\/wp-content\/uploads\/2024\/11\/12103748\/Quico-Llopis-Primer-Cafe-2.jpg","keywords":["Banda de m\u00fasica","conciertos","M\u00fasica","Primer Caf\u00e9","Santa Cec\u00edlia","Societat L\u00edrica i Musical de Benissa"],"articleSection":["Cultura","Entrevistas","Sociedad"],"inLanguage":"ca","potentialAction":[{"@type":"CommentAction","name":"Comment","target":["https:\/\/radiolitoral.com\/2024\/11\/quico-llopis-la-celebracio-de-santa-cecilia-es-una-festa-per-a-crear-vincles-entre-els-musics\/#respond"]}]},{"@type":["WebPage","ItemPage"],"@id":"https:\/\/radiolitoral.com\/2024\/11\/quico-llopis-la-celebracio-de-santa-cecilia-es-una-festa-per-a-crear-vincles-entre-els-musics\/","url":"https:\/\/radiolitoral.com\/2024\/11\/quico-llopis-la-celebracio-de-santa-cecilia-es-una-festa-per-a-crear-vincles-entre-els-musics\/","name":"Quico Llopis: \u201cLa celebraci\u00f3 de Santa Cec\u00edlia \u00e9s una festa per crear vincles entre els m\u00fasics\u201d | R\u00e0dio Litoral","isPartOf":{"@id":"https:\/\/radiolitoral.com\/#website"},"primaryImageOfPage":{"@id":"https:\/\/radiolitoral.com\/2024\/11\/quico-llopis-la-celebracio-de-santa-cecilia-es-una-festa-per-a-crear-vincles-entre-els-musics\/#primaryimage"},"image":{"@id":"https:\/\/radiolitoral.com\/2024\/11\/quico-llopis-la-celebracio-de-santa-cecilia-es-una-festa-per-a-crear-vincles-entre-els-musics\/#primaryimage"},"thumbnailUrl":"https:\/\/media.radiolitoral.com\/wp-content\/uploads\/2024\/11\/12103748\/Quico-Llopis-Primer-Cafe-2.jpg","datePublished":"2024-11-12T16:21:12+00:00","dateModified":"2024-11-14T11:53:22+00:00","description":"La Societat L\u00edrica i Musical de Benissa dedicar\u00e0 els dos propers caps de setmana a homenatjar la patrona, Santa Cec\u00edlia","breadcrumb":{"@id":"https:\/\/radiolitoral.com\/2024\/11\/quico-llopis-la-celebracio-de-santa-cecilia-es-una-festa-per-a-crear-vincles-entre-els-musics\/#breadcrumb"},"inLanguage":"ca","potentialAction":[{"@type":"ReadAction","target":["https:\/\/radiolitoral.com\/2024\/11\/quico-llopis-la-celebracio-de-santa-cecilia-es-una-festa-per-a-crear-vincles-entre-els-musics\/"]}]},{"@type":"ImageObject","inLanguage":"ca","@id":"https:\/\/radiolitoral.com\/2024\/11\/quico-llopis-la-celebracio-de-santa-cecilia-es-una-festa-per-a-crear-vincles-entre-els-musics\/#primaryimage","url":"https:\/\/media.radiolitoral.com\/wp-content\/uploads\/2024\/11\/12103748\/Quico-Llopis-Primer-Cafe-2.jpg","contentUrl":"https:\/\/media.radiolitoral.com\/wp-content\/uploads\/2024\/11\/12103748\/Quico-Llopis-Primer-Cafe-2.jpg","width":1785,"height":1213},{"@type":"BreadcrumbList","@id":"https:\/\/radiolitoral.com\/2024\/11\/quico-llopis-la-celebracio-de-santa-cecilia-es-una-festa-per-a-crear-vincles-entre-els-musics\/#breadcrumb","itemListElement":[{"@type":"ListItem","position":1,"name":"Portada","item":"https:\/\/radiolitoral.com\/"},{"@type":"ListItem","position":2,"name":"Quico Llopis: \u201cLa celebraci\u00f3 de Santa Cec\u00edlia \u00e9s una festa per a crear vincles entre els m\u00fasics\u201d"}]},{"@type":"WebSite","@id":"https:\/\/radiolitoral.com\/#website","url":"https:\/\/radiolitoral.com\/","name":"R\u00e0dio Litoral","description":"La r\u00e0dio local de la Marina Alta","publisher":{"@id":"https:\/\/radiolitoral.com\/#organization"},"alternateName":"Litoral FM","potentialAction":[{"@type":"SearchAction","target":{"@type":"EntryPoint","urlTemplate":"https:\/\/radiolitoral.com\/?s={search_term_string}"},"query-input":{"@type":"PropertyValueSpecification","valueRequired":true,"valueName":"search_term_string"}}],"inLanguage":"ca"},{"@type":"Organization","@id":"https:\/\/radiolitoral.com\/#organization","name":"R\u00e0dio Litoral","url":"https:\/\/radiolitoral.com\/","logo":{"@type":"ImageObject","inLanguage":"ca","@id":"https:\/\/radiolitoral.com\/#\/schema\/logo\/image\/","url":"https:\/\/media.radiolitoral.com\/wp-content\/uploads\/2023\/02\/24143238\/CL-V-RadioLitoral696.png","contentUrl":"https:\/\/media.radiolitoral.com\/wp-content\/uploads\/2023\/02\/24143238\/CL-V-RadioLitoral696.png","width":696,"height":696,"caption":"Radio Litoral"},"image":{"@id":"https:\/\/radiolitoral.com\/#\/schema\/logo\/image\/"},"sameAs":["https:\/\/www.facebook.com\/Laradiolitoral\/"]},{"@type":"Person","@id":"https:\/\/radiolitoral.com\/#\/schema\/person\/f2b2343c49b5d721857cc1002bfdb151","name":"Redacci\u00f3","image":{"@type":"ImageObject","inLanguage":"ca","@id":"https:\/\/secure.gravatar.com\/avatar\/f771d896c203ad8b3382d7905cfcce5a5c9b008b84b3cd9114e9b9f4cb63f789?s=96&d=mm&r=g","url":"https:\/\/secure.gravatar.com\/avatar\/f771d896c203ad8b3382d7905cfcce5a5c9b008b84b3cd9114e9b9f4cb63f789?s=96&d=mm&r=g","contentUrl":"https:\/\/secure.gravatar.com\/avatar\/f771d896c203ad8b3382d7905cfcce5a5c9b008b84b3cd9114e9b9f4cb63f789?s=96&d=mm&r=g","caption":"Redacci\u00f3n"},"url":"https:\/\/radiolitoral.com\/ca\/author\/miriam-pagan\/"}]}},"_links":{"self":[{"href":"https:\/\/radiolitoral.com\/ca\/wp-json\/wp\/v2\/posts\/13031","targetHints":{"allow":["GET"]}}],"collection":[{"href":"https:\/\/radiolitoral.com\/ca\/wp-json\/wp\/v2\/posts"}],"about":[{"href":"https:\/\/radiolitoral.com\/ca\/wp-json\/wp\/v2\/types\/post"}],"author":[{"embeddable":true,"href":"https:\/\/radiolitoral.com\/ca\/wp-json\/wp\/v2\/users\/13"}],"replies":[{"embeddable":true,"href":"https:\/\/radiolitoral.com\/ca\/wp-json\/wp\/v2\/comments?post=13031"}],"version-history":[{"count":3,"href":"https:\/\/radiolitoral.com\/ca\/wp-json\/wp\/v2\/posts\/13031\/revisions"}],"predecessor-version":[{"id":13037,"href":"https:\/\/radiolitoral.com\/ca\/wp-json\/wp\/v2\/posts\/13031\/revisions\/13037"}],"wp:featuredmedia":[{"embeddable":true,"href":"https:\/\/radiolitoral.com\/ca\/wp-json\/wp\/v2\/media\/13035"}],"wp:attachment":[{"href":"https:\/\/radiolitoral.com\/ca\/wp-json\/wp\/v2\/media?parent=13031"}],"wp:term":[{"taxonomy":"category","embeddable":true,"href":"https:\/\/radiolitoral.com\/ca\/wp-json\/wp\/v2\/categories?post=13031"},{"taxonomy":"post_tag","embeddable":true,"href":"https:\/\/radiolitoral.com\/ca\/wp-json\/wp\/v2\/tags?post=13031"}],"curies":[{"name":"wp","href":"https:\/\/api.w.org\/{rel}","templated":true}]}}