{"id":13020,"date":"2024-11-12T10:03:13","date_gmt":"2024-11-12T09:03:13","guid":{"rendered":"https:\/\/radiolitoral.com\/?p=13020"},"modified":"2024-11-12T10:03:13","modified_gmt":"2024-11-12T09:03:13","slug":"torna-el-futbol-amb-la-nostra-copa","status":"publish","type":"post","link":"https:\/\/radiolitoral.com\/ca\/2024\/11\/torna-el-futbol-amb-la-nostra-copa\/","title":{"rendered":"Torna el futbol amb la nostra Copa"},"content":{"rendered":"<p>La <strong>Federaci\u00f3 de Futbol de la Comunitat Valenciana<\/strong>\u00a0<span class=\"hiddenSpellError\">recouera<\/span>\u00a0les competicions\u00a0<span class=\"hiddenSuggestion\">aquesta<\/span>\u00a0mateixa setmana, al menys aquelles que no es veuran directament afectades per la <strong>DANA<\/strong> que va inundar Val\u00e8ncia. De moment, a la comarca torna el futbol oficial a partir d&#039;aquest dimarts 12 de novembre amb la competici\u00f3 de la <strong>Nostra Copa<\/strong>, tant a la modalitat masculina com a la femenina.<\/p>\n<p>El <strong>FB Teulada-Moraira<\/strong> ser\u00e0 l&#039;encarregat d&#039;obrir la competici\u00f3 a la nostra Copa masculina <span class=\"hiddenSuggestion\">aquest<\/span> dimarts 12 de novembre, rebent al <strong>Mutxamel CF<\/strong> al Camp de Futbol <span class=\"hiddenSpellError\">Bernat<\/span>\u00a0Font, a partir de les <strong>20 hores<\/strong>. Per la seva banda, el <strong>Gorgos CF<\/strong>, l&#039;altre representant a la competici\u00f3 masculina, disputar\u00e0 el seu encontre a <strong>Oliva<\/strong>, tamb\u00e9 aquest dimarts a partir de les 20.15 hores.<\/p>\n<p>A la <strong>Nostra Copa Valenta<\/strong>, l&#039;<strong><span class=\"hiddenSpellError\">Ondarense<\/span>\u00a0Femen\u00ed<\/strong> \u00e9s prepara per estrenar-se a la competici\u00f3, enfrontant-se a l&#039;<strong>Atl\u00e8tic\u00a0<span class=\"hiddenSpellError\">Jonenca<\/span><\/strong>. El duel \u00e9s jugar\u00e0\u00a0<span class=\"hiddenSuggestion\">aquest<\/span>\u00a0mi\u00e9rcoles a les <strong>20.30 hores<\/strong> a la Ciutat Esportiva Lloret\u00a0<span class=\"hiddenSpellError\">Calseta<\/span>\u00a0de la Vila Joiosa.<\/p>\n<p>Amb\u00a0<span class=\"hiddenSuggestion\">aquests<\/span>\u00a0partits, es recupera el ritme competitiu a la comarca despr\u00e9s de les parades provocades per la DANA. Els equips de la Marina Alta tornaran a lluitar sobre el terreny de joc amb la il\u00b7lusi\u00f3 de seguir endavant en aquesta competici\u00f3 tan estimada per les aficions locals.<\/p>","protected":false},"excerpt":{"rendered":"<p>La Federaci\u00f3 de Futbol de la Comunitat Valenciana\u00a0recuoera\u00a0les competicions\u00a0aquesta\u00a0mateixa setmana, almenys aquelles que no es veuran directament afectades per la DANA que va inundar Val\u00e8ncia. De moment, a la comarca torna el futbol oficial a partir d&#8217;este\u00a0dimarts 12 de novembre amb la competici\u00f3 de la Nostra Copa, tant en la modalitat masculina com en la [&#8230;]<\/p>\n<p><a class=\"btn btn-secondary understrap-read-more-link\" href=\"https:\/\/radiolitoral.com\/ca\/2024\/11\/torna-el-futbol-amb-la-nostra-copa\/\">Continua llegint&#8230;<span class=\"screen-reader-text\"> from Torna el futbol amb la Nostra Copa<\/span><\/a><\/p>\n","protected":false},"author":12,"featured_media":13021,"comment_status":"open","ping_status":"closed","sticky":false,"template":"","format":"standard","meta":{"_acf_changed":false,"inline_featured_image":false,"footnotes":""},"categories":[5],"tags":[2741,6,1098,1224,1096,2739,2740,1095],"class_list":["post-13020","post","type-post","status-publish","format-standard","has-post-thumbnail","hentry","category-deportes","tag-atletico-jonense","tag-deportes","tag-fb-teulada-moraira","tag-federacio-de-futbol-de-la-comunitat-valenciana","tag-gorgos-cf","tag-nostra-copa-valenta","tag-ondarense-femeni","tag-ud-oliva","cobertura-teulada-moraira"],"acf":[],"yoast_head":"<!-- This site is optimized with the Yoast SEO plugin v27.5 - https:\/\/yoast.com\/product\/yoast-seo-wordpress\/ -->\n<title>Torna el futbol amb la Nostra Copa | R\u00e0dio Litoral<\/title>\n<meta name=\"description\" content=\"El FB Teulada-Moraira i el Gorgos CF juguen esta mateixa nit davant Mutxamel i UD Oliva respectivamentEl FB Teulada-Moraira i el Gorgos CF juguen esta mateixa nit davant Mutxamel i UD Oliva respectivament\" \/>\n<meta name=\"robots\" content=\"index, follow, max-snippet:-1, max-image-preview:large, max-video-preview:-1\" \/>\n<link rel=\"canonical\" href=\"https:\/\/radiolitoral.com\/ca\/2024\/11\/torna-el-futbol-amb-la-nostra-copa\/\" \/>\n<meta property=\"og:locale\" content=\"ca_ES\" \/>\n<meta property=\"og:type\" content=\"article\" \/>\n<meta property=\"og:title\" content=\"Torna el futbol amb la Nostra Copa | R\u00e0dio Litoral\" \/>\n<meta property=\"og:description\" content=\"El FB Teulada-Moraira i el Gorgos CF juguen esta mateixa nit davant Mutxamel i UD Oliva respectivamentEl FB Teulada-Moraira i el Gorgos CF juguen esta mateixa nit davant Mutxamel i UD Oliva respectivament\" \/>\n<meta property=\"og:url\" content=\"https:\/\/radiolitoral.com\/ca\/2024\/11\/torna-el-futbol-amb-la-nostra-copa\/\" \/>\n<meta property=\"og:site_name\" content=\"R\u00e0dio Litoral\" \/>\n<meta property=\"article:publisher\" content=\"https:\/\/www.facebook.com\/Laradiolitoral\/\" \/>\n<meta property=\"article:published_time\" content=\"2024-11-12T09:03:13+00:00\" \/>\n<meta property=\"og:image\" content=\"https:\/\/media.radiolitoral.com\/wp-content\/uploads\/2024\/11\/12100203\/464114623_18357244843190668_8848457523738486461_n.jpg\" \/>\n\t<meta property=\"og:image:width\" content=\"1024\" \/>\n\t<meta property=\"og:image:height\" content=\"658\" \/>\n\t<meta property=\"og:image:type\" content=\"image\/jpeg\" \/>\n<meta name=\"author\" content=\"Javier Zamora\" \/>\n<meta name=\"twitter:card\" content=\"summary_large_image\" \/>\n<meta name=\"twitter:label1\" content=\"Escrit per\" \/>\n\t<meta name=\"twitter:data1\" content=\"Javier Zamora\" \/>\n\t<meta name=\"twitter:label2\" content=\"Temps estimat de lectura\" \/>\n\t<meta name=\"twitter:data2\" content=\"2 minuts\" \/>\n<script type=\"application\/ld+json\" class=\"yoast-schema-graph\">{\"@context\":\"https:\\\/\\\/schema.org\",\"@graph\":[{\"@type\":\"NewsArticle\",\"@id\":\"https:\\\/\\\/radiolitoral.com\\\/2024\\\/11\\\/torna-el-futbol-amb-la-nostra-copa\\\/#article\",\"isPartOf\":{\"@id\":\"https:\\\/\\\/radiolitoral.com\\\/2024\\\/11\\\/torna-el-futbol-amb-la-nostra-copa\\\/\"},\"author\":{\"name\":\"Javier Zamora\",\"@id\":\"https:\\\/\\\/radiolitoral.com\\\/#\\\/schema\\\/person\\\/7b1480b5caeb5acdd4ec6379caf62b22\"},\"headline\":\"Torna el futbol amb la Nostra Copa\",\"datePublished\":\"2024-11-12T09:03:13+00:00\",\"mainEntityOfPage\":{\"@id\":\"https:\\\/\\\/radiolitoral.com\\\/2024\\\/11\\\/torna-el-futbol-amb-la-nostra-copa\\\/\"},\"wordCount\":222,\"commentCount\":0,\"publisher\":{\"@id\":\"https:\\\/\\\/radiolitoral.com\\\/#organization\"},\"image\":{\"@id\":\"https:\\\/\\\/radiolitoral.com\\\/2024\\\/11\\\/torna-el-futbol-amb-la-nostra-copa\\\/#primaryimage\"},\"thumbnailUrl\":\"https:\\\/\\\/media.radiolitoral.com\\\/wp-content\\\/uploads\\\/2024\\\/11\\\/12100203\\\/464114623_18357244843190668_8848457523738486461_n.jpg\",\"keywords\":[\"Atl\u00e8tico\u00a0Jonense\",\"deportes\",\"FB Teulada-Moraira\",\"Federaci\u00f3 de Futbol de la Comunitat Valenciana\",\"Gorgos CF\",\"Nostra Copa Valenta\",\"Ondarense\u00a0Femen\u00ed\",\"UD Oliva\"],\"articleSection\":[\"Deportes\"],\"inLanguage\":\"ca\",\"potentialAction\":[{\"@type\":\"CommentAction\",\"name\":\"Comment\",\"target\":[\"https:\\\/\\\/radiolitoral.com\\\/2024\\\/11\\\/torna-el-futbol-amb-la-nostra-copa\\\/#respond\"]}]},{\"@type\":[\"WebPage\",\"ItemPage\"],\"@id\":\"https:\\\/\\\/radiolitoral.com\\\/2024\\\/11\\\/torna-el-futbol-amb-la-nostra-copa\\\/\",\"url\":\"https:\\\/\\\/radiolitoral.com\\\/2024\\\/11\\\/torna-el-futbol-amb-la-nostra-copa\\\/\",\"name\":\"Torna el futbol amb la Nostra Copa | R\u00e0dio Litoral\",\"isPartOf\":{\"@id\":\"https:\\\/\\\/radiolitoral.com\\\/#website\"},\"primaryImageOfPage\":{\"@id\":\"https:\\\/\\\/radiolitoral.com\\\/2024\\\/11\\\/torna-el-futbol-amb-la-nostra-copa\\\/#primaryimage\"},\"image\":{\"@id\":\"https:\\\/\\\/radiolitoral.com\\\/2024\\\/11\\\/torna-el-futbol-amb-la-nostra-copa\\\/#primaryimage\"},\"thumbnailUrl\":\"https:\\\/\\\/media.radiolitoral.com\\\/wp-content\\\/uploads\\\/2024\\\/11\\\/12100203\\\/464114623_18357244843190668_8848457523738486461_n.jpg\",\"datePublished\":\"2024-11-12T09:03:13+00:00\",\"description\":\"El FB Teulada-Moraira i el Gorgos CF juguen esta mateixa nit davant Mutxamel i UD Oliva respectivamentEl FB Teulada-Moraira i el Gorgos CF juguen esta mateixa nit davant Mutxamel i UD Oliva respectivament\",\"breadcrumb\":{\"@id\":\"https:\\\/\\\/radiolitoral.com\\\/2024\\\/11\\\/torna-el-futbol-amb-la-nostra-copa\\\/#breadcrumb\"},\"inLanguage\":\"ca\",\"potentialAction\":[{\"@type\":\"ReadAction\",\"target\":[\"https:\\\/\\\/radiolitoral.com\\\/2024\\\/11\\\/torna-el-futbol-amb-la-nostra-copa\\\/\"]}]},{\"@type\":\"ImageObject\",\"inLanguage\":\"ca\",\"@id\":\"https:\\\/\\\/radiolitoral.com\\\/2024\\\/11\\\/torna-el-futbol-amb-la-nostra-copa\\\/#primaryimage\",\"url\":\"https:\\\/\\\/media.radiolitoral.com\\\/wp-content\\\/uploads\\\/2024\\\/11\\\/12100203\\\/464114623_18357244843190668_8848457523738486461_n.jpg\",\"contentUrl\":\"https:\\\/\\\/media.radiolitoral.com\\\/wp-content\\\/uploads\\\/2024\\\/11\\\/12100203\\\/464114623_18357244843190668_8848457523738486461_n.jpg\",\"width\":1024,\"height\":658},{\"@type\":\"BreadcrumbList\",\"@id\":\"https:\\\/\\\/radiolitoral.com\\\/2024\\\/11\\\/torna-el-futbol-amb-la-nostra-copa\\\/#breadcrumb\",\"itemListElement\":[{\"@type\":\"ListItem\",\"position\":1,\"name\":\"Portada\",\"item\":\"https:\\\/\\\/radiolitoral.com\\\/\"},{\"@type\":\"ListItem\",\"position\":2,\"name\":\"Torna el futbol amb la Nostra Copa\"}]},{\"@type\":\"WebSite\",\"@id\":\"https:\\\/\\\/radiolitoral.com\\\/#website\",\"url\":\"https:\\\/\\\/radiolitoral.com\\\/\",\"name\":\"Radio Litoral\",\"description\":\"La radio local de la Marina Alta\",\"publisher\":{\"@id\":\"https:\\\/\\\/radiolitoral.com\\\/#organization\"},\"alternateName\":\"Litoral FM\",\"potentialAction\":[{\"@type\":\"SearchAction\",\"target\":{\"@type\":\"EntryPoint\",\"urlTemplate\":\"https:\\\/\\\/radiolitoral.com\\\/?s={search_term_string}\"},\"query-input\":{\"@type\":\"PropertyValueSpecification\",\"valueRequired\":true,\"valueName\":\"search_term_string\"}}],\"inLanguage\":\"ca\"},{\"@type\":\"Organization\",\"@id\":\"https:\\\/\\\/radiolitoral.com\\\/#organization\",\"name\":\"Radio Litoral\",\"url\":\"https:\\\/\\\/radiolitoral.com\\\/\",\"logo\":{\"@type\":\"ImageObject\",\"inLanguage\":\"ca\",\"@id\":\"https:\\\/\\\/radiolitoral.com\\\/#\\\/schema\\\/logo\\\/image\\\/\",\"url\":\"https:\\\/\\\/media.radiolitoral.com\\\/wp-content\\\/uploads\\\/2023\\\/02\\\/24143238\\\/CL-V-RadioLitoral696.png\",\"contentUrl\":\"https:\\\/\\\/media.radiolitoral.com\\\/wp-content\\\/uploads\\\/2023\\\/02\\\/24143238\\\/CL-V-RadioLitoral696.png\",\"width\":696,\"height\":696,\"caption\":\"Radio Litoral\"},\"image\":{\"@id\":\"https:\\\/\\\/radiolitoral.com\\\/#\\\/schema\\\/logo\\\/image\\\/\"},\"sameAs\":[\"https:\\\/\\\/www.facebook.com\\\/Laradiolitoral\\\/\"]},{\"@type\":\"Person\",\"@id\":\"https:\\\/\\\/radiolitoral.com\\\/#\\\/schema\\\/person\\\/7b1480b5caeb5acdd4ec6379caf62b22\",\"name\":\"Javier Zamora\",\"image\":{\"@type\":\"ImageObject\",\"inLanguage\":\"ca\",\"@id\":\"https:\\\/\\\/secure.gravatar.com\\\/avatar\\\/467a11f6918c7d619c4043fc6fa2d3853053107973f05b6e9c04ea6c4e3a7b3f?s=96&d=mm&r=g\",\"url\":\"https:\\\/\\\/secure.gravatar.com\\\/avatar\\\/467a11f6918c7d619c4043fc6fa2d3853053107973f05b6e9c04ea6c4e3a7b3f?s=96&d=mm&r=g\",\"contentUrl\":\"https:\\\/\\\/secure.gravatar.com\\\/avatar\\\/467a11f6918c7d619c4043fc6fa2d3853053107973f05b6e9c04ea6c4e3a7b3f?s=96&d=mm&r=g\",\"caption\":\"Javier Zamora\"},\"url\":\"https:\\\/\\\/radiolitoral.com\\\/ca\\\/author\\\/javier-zamora\\\/\"}]}<\/script>\n<!-- \/ Yoast SEO plugin. -->","yoast_head_json":{"title":"Torna el futbol amb la nostra Copa | R\u00e0dio Litoral","description":"El FB Teulada-Moraira i el Gorgos CF juguen aquesta mateixa nit davant de Mutxamel i UD Oliva respectivamentEl FB Teulada-Moraira i el Gorgos CF juguen aquesta mateixa nit davant de Mutxamel i UD Oliva respectivament","robots":{"index":"index","follow":"follow","max-snippet":"max-snippet:-1","max-image-preview":"max-image-preview:large","max-video-preview":"max-video-preview:-1"},"canonical":"https:\/\/radiolitoral.com\/ca\/2024\/11\/torna-el-futbol-amb-la-nostra-copa\/","og_locale":"ca_ES","og_type":"article","og_title":"Torna el futbol amb la Nostra Copa | R\u00e0dio Litoral","og_description":"El FB Teulada-Moraira i el Gorgos CF juguen esta mateixa nit davant Mutxamel i UD Oliva respectivamentEl FB Teulada-Moraira i el Gorgos CF juguen esta mateixa nit davant Mutxamel i UD Oliva respectivament","og_url":"https:\/\/radiolitoral.com\/ca\/2024\/11\/torna-el-futbol-amb-la-nostra-copa\/","og_site_name":"R\u00e0dio Litoral","article_publisher":"https:\/\/www.facebook.com\/Laradiolitoral\/","article_published_time":"2024-11-12T09:03:13+00:00","og_image":[{"width":1024,"height":658,"url":"https:\/\/media.radiolitoral.com\/wp-content\/uploads\/2024\/11\/12100203\/464114623_18357244843190668_8848457523738486461_n.jpg","type":"image\/jpeg"}],"author":"Javier Zamora","twitter_card":"summary_large_image","twitter_misc":{"Escrit per":"Javier Zamora","Temps estimat de lectura":"2 minuts"},"schema":{"@context":"https:\/\/schema.org","@graph":[{"@type":"NewsArticle","@id":"https:\/\/radiolitoral.com\/2024\/11\/torna-el-futbol-amb-la-nostra-copa\/#article","isPartOf":{"@id":"https:\/\/radiolitoral.com\/2024\/11\/torna-el-futbol-amb-la-nostra-copa\/"},"author":{"name":"Javier Zamora","@id":"https:\/\/radiolitoral.com\/#\/schema\/person\/7b1480b5caeb5acdd4ec6379caf62b22"},"headline":"Torna el futbol amb la Nostra Copa","datePublished":"2024-11-12T09:03:13+00:00","mainEntityOfPage":{"@id":"https:\/\/radiolitoral.com\/2024\/11\/torna-el-futbol-amb-la-nostra-copa\/"},"wordCount":222,"commentCount":0,"publisher":{"@id":"https:\/\/radiolitoral.com\/#organization"},"image":{"@id":"https:\/\/radiolitoral.com\/2024\/11\/torna-el-futbol-amb-la-nostra-copa\/#primaryimage"},"thumbnailUrl":"https:\/\/media.radiolitoral.com\/wp-content\/uploads\/2024\/11\/12100203\/464114623_18357244843190668_8848457523738486461_n.jpg","keywords":["Atl\u00e8tico\u00a0Jonense","deportes","FB Teulada-Moraira","Federaci\u00f3 de Futbol de la Comunitat Valenciana","Gorgos CF","Nostra Copa Valenta","Ondarense\u00a0Femen\u00ed","UD Oliva"],"articleSection":["Deportes"],"inLanguage":"ca","potentialAction":[{"@type":"CommentAction","name":"Comment","target":["https:\/\/radiolitoral.com\/2024\/11\/torna-el-futbol-amb-la-nostra-copa\/#respond"]}]},{"@type":["WebPage","ItemPage"],"@id":"https:\/\/radiolitoral.com\/2024\/11\/torna-el-futbol-amb-la-nostra-copa\/","url":"https:\/\/radiolitoral.com\/2024\/11\/torna-el-futbol-amb-la-nostra-copa\/","name":"Torna el futbol amb la nostra Copa | R\u00e0dio Litoral","isPartOf":{"@id":"https:\/\/radiolitoral.com\/#website"},"primaryImageOfPage":{"@id":"https:\/\/radiolitoral.com\/2024\/11\/torna-el-futbol-amb-la-nostra-copa\/#primaryimage"},"image":{"@id":"https:\/\/radiolitoral.com\/2024\/11\/torna-el-futbol-amb-la-nostra-copa\/#primaryimage"},"thumbnailUrl":"https:\/\/media.radiolitoral.com\/wp-content\/uploads\/2024\/11\/12100203\/464114623_18357244843190668_8848457523738486461_n.jpg","datePublished":"2024-11-12T09:03:13+00:00","description":"El FB Teulada-Moraira i el Gorgos CF juguen aquesta mateixa nit davant de Mutxamel i UD Oliva respectivamentEl FB Teulada-Moraira i el Gorgos CF juguen aquesta mateixa nit davant de Mutxamel i UD Oliva respectivament","breadcrumb":{"@id":"https:\/\/radiolitoral.com\/2024\/11\/torna-el-futbol-amb-la-nostra-copa\/#breadcrumb"},"inLanguage":"ca","potentialAction":[{"@type":"ReadAction","target":["https:\/\/radiolitoral.com\/2024\/11\/torna-el-futbol-amb-la-nostra-copa\/"]}]},{"@type":"ImageObject","inLanguage":"ca","@id":"https:\/\/radiolitoral.com\/2024\/11\/torna-el-futbol-amb-la-nostra-copa\/#primaryimage","url":"https:\/\/media.radiolitoral.com\/wp-content\/uploads\/2024\/11\/12100203\/464114623_18357244843190668_8848457523738486461_n.jpg","contentUrl":"https:\/\/media.radiolitoral.com\/wp-content\/uploads\/2024\/11\/12100203\/464114623_18357244843190668_8848457523738486461_n.jpg","width":1024,"height":658},{"@type":"BreadcrumbList","@id":"https:\/\/radiolitoral.com\/2024\/11\/torna-el-futbol-amb-la-nostra-copa\/#breadcrumb","itemListElement":[{"@type":"ListItem","position":1,"name":"Portada","item":"https:\/\/radiolitoral.com\/"},{"@type":"ListItem","position":2,"name":"Torna el futbol amb la Nostra Copa"}]},{"@type":"WebSite","@id":"https:\/\/radiolitoral.com\/#website","url":"https:\/\/radiolitoral.com\/","name":"R\u00e0dio Litoral","description":"La r\u00e0dio local de la Marina Alta","publisher":{"@id":"https:\/\/radiolitoral.com\/#organization"},"alternateName":"Litoral FM","potentialAction":[{"@type":"SearchAction","target":{"@type":"EntryPoint","urlTemplate":"https:\/\/radiolitoral.com\/?s={search_term_string}"},"query-input":{"@type":"PropertyValueSpecification","valueRequired":true,"valueName":"search_term_string"}}],"inLanguage":"ca"},{"@type":"Organization","@id":"https:\/\/radiolitoral.com\/#organization","name":"R\u00e0dio Litoral","url":"https:\/\/radiolitoral.com\/","logo":{"@type":"ImageObject","inLanguage":"ca","@id":"https:\/\/radiolitoral.com\/#\/schema\/logo\/image\/","url":"https:\/\/media.radiolitoral.com\/wp-content\/uploads\/2023\/02\/24143238\/CL-V-RadioLitoral696.png","contentUrl":"https:\/\/media.radiolitoral.com\/wp-content\/uploads\/2023\/02\/24143238\/CL-V-RadioLitoral696.png","width":696,"height":696,"caption":"Radio Litoral"},"image":{"@id":"https:\/\/radiolitoral.com\/#\/schema\/logo\/image\/"},"sameAs":["https:\/\/www.facebook.com\/Laradiolitoral\/"]},{"@type":"Person","@id":"https:\/\/radiolitoral.com\/#\/schema\/person\/7b1480b5caeb5acdd4ec6379caf62b22","name":"Javier Zamora","image":{"@type":"ImageObject","inLanguage":"ca","@id":"https:\/\/secure.gravatar.com\/avatar\/467a11f6918c7d619c4043fc6fa2d3853053107973f05b6e9c04ea6c4e3a7b3f?s=96&d=mm&r=g","url":"https:\/\/secure.gravatar.com\/avatar\/467a11f6918c7d619c4043fc6fa2d3853053107973f05b6e9c04ea6c4e3a7b3f?s=96&d=mm&r=g","contentUrl":"https:\/\/secure.gravatar.com\/avatar\/467a11f6918c7d619c4043fc6fa2d3853053107973f05b6e9c04ea6c4e3a7b3f?s=96&d=mm&r=g","caption":"Javier Zamora"},"url":"https:\/\/radiolitoral.com\/ca\/author\/javier-zamora\/"}]}},"_links":{"self":[{"href":"https:\/\/radiolitoral.com\/ca\/wp-json\/wp\/v2\/posts\/13020","targetHints":{"allow":["GET"]}}],"collection":[{"href":"https:\/\/radiolitoral.com\/ca\/wp-json\/wp\/v2\/posts"}],"about":[{"href":"https:\/\/radiolitoral.com\/ca\/wp-json\/wp\/v2\/types\/post"}],"author":[{"embeddable":true,"href":"https:\/\/radiolitoral.com\/ca\/wp-json\/wp\/v2\/users\/12"}],"replies":[{"embeddable":true,"href":"https:\/\/radiolitoral.com\/ca\/wp-json\/wp\/v2\/comments?post=13020"}],"version-history":[{"count":2,"href":"https:\/\/radiolitoral.com\/ca\/wp-json\/wp\/v2\/posts\/13020\/revisions"}],"predecessor-version":[{"id":13023,"href":"https:\/\/radiolitoral.com\/ca\/wp-json\/wp\/v2\/posts\/13020\/revisions\/13023"}],"wp:featuredmedia":[{"embeddable":true,"href":"https:\/\/radiolitoral.com\/ca\/wp-json\/wp\/v2\/media\/13021"}],"wp:attachment":[{"href":"https:\/\/radiolitoral.com\/ca\/wp-json\/wp\/v2\/media?parent=13020"}],"wp:term":[{"taxonomy":"category","embeddable":true,"href":"https:\/\/radiolitoral.com\/ca\/wp-json\/wp\/v2\/categories?post=13020"},{"taxonomy":"post_tag","embeddable":true,"href":"https:\/\/radiolitoral.com\/ca\/wp-json\/wp\/v2\/tags?post=13020"}],"curies":[{"name":"wp","href":"https:\/\/api.w.org\/{rel}","templated":true}]}}