{"id":13017,"date":"2024-11-11T16:46:30","date_gmt":"2024-11-11T15:46:30","guid":{"rendered":"https:\/\/radiolitoral.com\/?p=13017"},"modified":"2024-11-11T16:46:30","modified_gmt":"2024-11-11T15:46:30","slug":"benitatxell-congela-la-taxa-de-guals-durant-tres-anys-i-prepara-una-reduccio-del-50-per-al-2028","status":"publish","type":"post","link":"https:\/\/radiolitoral.com\/ca\/2024\/11\/benitatxell-congela-la-taxa-de-vados-durant-tres-anys-i-prepara-una-reduccio-del-50-per-al-2028\/","title":{"rendered":"Benitatxell congela la taxa de guals durant tres anys i prepara una reducci\u00f3 del 50% per al 2028"},"content":{"rendered":"<p>El passat divendres, l&#039;ajuntament de <strong>Benitatxell<\/strong> va aprovar, per unanimitat, una modificaci\u00f3 de l&#039;ordenan\u00e7a reguladora de la <strong>taxa de guals<\/strong>. Aquesta mesura implica la <strong>suspensi\u00f3 del cobrament durant tres anys<\/strong>, amb una reducci\u00f3 de fins al 50% a partir del 2028. La corporaci\u00f3, amb els vots de <strong>M\u00e9s Benitatxell<\/strong> (7) i <strong>REDcv<\/strong> (2), va defensar que la mesura \u00e9s necess\u00e0ria per garantir un sistema tributari equitatiu i eficient.<\/p>\n<p>Les tarifes, que actualment se situen en 90 euros per a cotxers de fins a cinc vehicles al nucli urb\u00e0 i en 120 euros per a les urbanitzacions, es reduiran a 60 euros per a totes dues zones. Aquesta nova estructura s&#039;ha decidit despr\u00e9s de comprovar que el nom de guals al municipi \u00e9s superior al previst, amb un estimat d&#039;entre 2.000 i 2.500 accessos.<\/p>\n<h4><strong>Una q\u00fcesti\u00f3 de just\u00edcia tribut\u00e0ria<\/strong><\/h4>\n<p>Segons va explicar l&#039;alcalde, Miguel \u00c1ngel Garc\u00eda, la suspensi\u00f3 es fa amb dos objectius: finalitzar un cens detallat de guals i corregir situacions hist\u00f2riques d&#039;injust\u00edcia al cobrament d&#039;aquesta taxa. \u201cProposem la suspensi\u00f3 temporal de la vig\u00e8ncia de l&#039;ordenan\u00e7a i, per tant, el seu cobrament, per dos motius importants. El primer \u00e9s que no s&#039;ha acabat el cens per comen\u00e7ar-la a aplicar correctament. Anem a necessitar temps, ja que s&#039;ha d&#039;acabar el cens, comunicar un per un a cada propietari mitjan\u00e7ant notificaci\u00f3, esperar resposta de si volen fer \u00fas del gual o no, deixar el temps corresponent per a al\u00b7legacions, etc.\u201d , va exposar Garc\u00eda.<\/p>\n<p>El segon motiu, com va apuntar l&#039;alcalde, respon a una q\u00fcesti\u00f3 d&#039;equitat per a aquells llars que ja abonaven la taxa de manera regular: \u201cHist\u00f2ricament no s&#039;ha vingut aplicant la just\u00edcia i l&#039;efic\u00e0cia tribut\u00e0ria que es devia, i per aix\u00f2 s&#039;ha considerat aplicar aquesta suspensi\u00f3 per a tots, tant per als que ja pagaven com per als que paguessin en un futur, per aix\u00ed poder posar-ho tot en ordre\u201d.<\/p>\n<p>Amb aquesta nova mesura, <strong>Benitatxell<\/strong> espera no sols simplificar el pagament de la taxa, sin\u00f3 tamb\u00e9 garantir que segueixi igualit\u00e0ria per a tots els ve\u00efns, tant al nucli urb\u00e0 com a les urbanitzacions.<\/p>","protected":false},"excerpt":{"rendered":"<p>El passat divendres, l\u2019ajuntament de Benitatxell va aprovar, per unanimitat, una modificaci\u00f3 de l&#8217;ordenan\u00e7a reguladora de la taxa de vados. Aquesta mesura implica la suspensi\u00f3 del cobrament durant tres anys, amb una reducci\u00f3 de fins al 50% a partir de 2028. La corporaci\u00f3, amb els vots de M\u00e9s Benitatxell (7) i REDcv (2), va defensar [&#8230;]<\/p>\n<p><a class=\"btn btn-secondary understrap-read-more-link\" href=\"https:\/\/radiolitoral.com\/ca\/2024\/11\/benitatxell-congela-la-taxa-de-vados-durant-tres-anys-i-prepara-una-reduccio-del-50-per-al-2028\/\">Continua llegint&#8230;<span class=\"screen-reader-text\"> from Benitatxell congela la taxa de vados durant tres anys i prepara una reducci\u00f3 del 50% per al 2028<\/span><\/a><\/p>\n","protected":false},"author":14,"featured_media":6489,"comment_status":"open","ping_status":"closed","sticky":false,"template":"","format":"standard","meta":{"_acf_changed":false,"inline_featured_image":false,"footnotes":""},"categories":[81],"tags":[184,83,2738],"class_list":["post-13017","post","type-post","status-publish","format-standard","has-post-thumbnail","hentry","category-urbanismo","tag-benitatxell","tag-urbanismo","tag-vados","cobertura-poble-nou-de-benitatxell"],"acf":[],"yoast_head":"<!-- This site is optimized with the Yoast SEO plugin v27.5 - https:\/\/yoast.com\/product\/yoast-seo-wordpress\/ -->\n<title>Benitatxell congela la taxa de vados durant tres anys i prepara una reducci\u00f3 del 50% per al 2028 | R\u00e0dio Litoral<\/title>\n<meta name=\"description\" content=\"L\u2019ajuntament dona llum verda a una reestructuraci\u00f3 de la taxa per entrada de vehicles per garantir just\u00edcia tribut\u00e0ria\" \/>\n<meta name=\"robots\" content=\"index, follow, max-snippet:-1, max-image-preview:large, max-video-preview:-1\" \/>\n<link rel=\"canonical\" href=\"https:\/\/radiolitoral.com\/ca\/2024\/11\/benitatxell-congela-la-taxa-de-guals-durant-tres-anys-i-prepara-una-reduccio-del-50-per-al-2028\/\" \/>\n<meta property=\"og:locale\" content=\"ca_ES\" \/>\n<meta property=\"og:type\" content=\"article\" \/>\n<meta property=\"og:title\" content=\"Benitatxell congela la taxa de vados durant tres anys i prepara una reducci\u00f3 del 50% per al 2028 | R\u00e0dio Litoral\" \/>\n<meta property=\"og:description\" content=\"L\u2019ajuntament dona llum verda a una reestructuraci\u00f3 de la taxa per entrada de vehicles per garantir just\u00edcia tribut\u00e0ria\" \/>\n<meta property=\"og:url\" content=\"https:\/\/radiolitoral.com\/ca\/2024\/11\/benitatxell-congela-la-taxa-de-guals-durant-tres-anys-i-prepara-una-reduccio-del-50-per-al-2028\/\" \/>\n<meta property=\"og:site_name\" content=\"R\u00e0dio Litoral\" \/>\n<meta property=\"article:publisher\" content=\"https:\/\/www.facebook.com\/Laradiolitoral\/\" \/>\n<meta property=\"article:published_time\" content=\"2024-11-11T15:46:30+00:00\" \/>\n<meta property=\"og:image\" content=\"https:\/\/media.radiolitoral.com\/wp-content\/uploads\/2024\/01\/22194842\/Calle-Poble-Nou-de-Benitatxell--scaled.jpg\" \/>\n\t<meta property=\"og:image:width\" content=\"2560\" \/>\n\t<meta property=\"og:image:height\" content=\"1708\" \/>\n\t<meta property=\"og:image:type\" content=\"image\/jpeg\" \/>\n<meta name=\"author\" content=\"Redacci\u00f3n\" \/>\n<meta name=\"twitter:card\" content=\"summary_large_image\" \/>\n<meta name=\"twitter:label1\" content=\"Escrit per\" \/>\n\t<meta name=\"twitter:data1\" content=\"Redacci\u00f3n\" \/>\n\t<meta name=\"twitter:label2\" content=\"Temps estimat de lectura\" \/>\n\t<meta name=\"twitter:data2\" content=\"2 minuts\" \/>\n<script type=\"application\/ld+json\" class=\"yoast-schema-graph\">{\"@context\":\"https:\\\/\\\/schema.org\",\"@graph\":[{\"@type\":\"NewsArticle\",\"@id\":\"https:\\\/\\\/radiolitoral.com\\\/2024\\\/11\\\/benitatxell-congela-la-taxa-de-vados-durant-tres-anys-i-prepara-una-reduccio-del-50-per-al-2028\\\/#article\",\"isPartOf\":{\"@id\":\"https:\\\/\\\/radiolitoral.com\\\/2024\\\/11\\\/benitatxell-congela-la-taxa-de-vados-durant-tres-anys-i-prepara-una-reduccio-del-50-per-al-2028\\\/\"},\"author\":{\"name\":\"Redacci\u00f3n\",\"@id\":\"https:\\\/\\\/radiolitoral.com\\\/#\\\/schema\\\/person\\\/96b739642eb3bedb532aac3812d23307\"},\"headline\":\"Benitatxell congela la taxa de vados durant tres anys i prepara una reducci\u00f3 del 50% per al 2028\",\"datePublished\":\"2024-11-11T15:46:30+00:00\",\"mainEntityOfPage\":{\"@id\":\"https:\\\/\\\/radiolitoral.com\\\/2024\\\/11\\\/benitatxell-congela-la-taxa-de-vados-durant-tres-anys-i-prepara-una-reduccio-del-50-per-al-2028\\\/\"},\"wordCount\":389,\"commentCount\":0,\"publisher\":{\"@id\":\"https:\\\/\\\/radiolitoral.com\\\/#organization\"},\"image\":{\"@id\":\"https:\\\/\\\/radiolitoral.com\\\/2024\\\/11\\\/benitatxell-congela-la-taxa-de-vados-durant-tres-anys-i-prepara-una-reduccio-del-50-per-al-2028\\\/#primaryimage\"},\"thumbnailUrl\":\"https:\\\/\\\/media.radiolitoral.com\\\/wp-content\\\/uploads\\\/2024\\\/01\\\/22194842\\\/Calle-Poble-Nou-de-Benitatxell--scaled.jpg\",\"keywords\":[\"Benitatxell\",\"Urbanismo\",\"vados\"],\"articleSection\":[\"Urbanismo\"],\"inLanguage\":\"ca\",\"potentialAction\":[{\"@type\":\"CommentAction\",\"name\":\"Comment\",\"target\":[\"https:\\\/\\\/radiolitoral.com\\\/2024\\\/11\\\/benitatxell-congela-la-taxa-de-vados-durant-tres-anys-i-prepara-una-reduccio-del-50-per-al-2028\\\/#respond\"]}]},{\"@type\":[\"WebPage\",\"ItemPage\"],\"@id\":\"https:\\\/\\\/radiolitoral.com\\\/2024\\\/11\\\/benitatxell-congela-la-taxa-de-vados-durant-tres-anys-i-prepara-una-reduccio-del-50-per-al-2028\\\/\",\"url\":\"https:\\\/\\\/radiolitoral.com\\\/2024\\\/11\\\/benitatxell-congela-la-taxa-de-vados-durant-tres-anys-i-prepara-una-reduccio-del-50-per-al-2028\\\/\",\"name\":\"Benitatxell congela la taxa de vados durant tres anys i prepara una reducci\u00f3 del 50% per al 2028 | R\u00e0dio Litoral\",\"isPartOf\":{\"@id\":\"https:\\\/\\\/radiolitoral.com\\\/#website\"},\"primaryImageOfPage\":{\"@id\":\"https:\\\/\\\/radiolitoral.com\\\/2024\\\/11\\\/benitatxell-congela-la-taxa-de-vados-durant-tres-anys-i-prepara-una-reduccio-del-50-per-al-2028\\\/#primaryimage\"},\"image\":{\"@id\":\"https:\\\/\\\/radiolitoral.com\\\/2024\\\/11\\\/benitatxell-congela-la-taxa-de-vados-durant-tres-anys-i-prepara-una-reduccio-del-50-per-al-2028\\\/#primaryimage\"},\"thumbnailUrl\":\"https:\\\/\\\/media.radiolitoral.com\\\/wp-content\\\/uploads\\\/2024\\\/01\\\/22194842\\\/Calle-Poble-Nou-de-Benitatxell--scaled.jpg\",\"datePublished\":\"2024-11-11T15:46:30+00:00\",\"description\":\"L\u2019ajuntament dona llum verda a una reestructuraci\u00f3 de la taxa per entrada de vehicles per garantir just\u00edcia tribut\u00e0ria\",\"breadcrumb\":{\"@id\":\"https:\\\/\\\/radiolitoral.com\\\/2024\\\/11\\\/benitatxell-congela-la-taxa-de-vados-durant-tres-anys-i-prepara-una-reduccio-del-50-per-al-2028\\\/#breadcrumb\"},\"inLanguage\":\"ca\",\"potentialAction\":[{\"@type\":\"ReadAction\",\"target\":[\"https:\\\/\\\/radiolitoral.com\\\/2024\\\/11\\\/benitatxell-congela-la-taxa-de-vados-durant-tres-anys-i-prepara-una-reduccio-del-50-per-al-2028\\\/\"]}]},{\"@type\":\"ImageObject\",\"inLanguage\":\"ca\",\"@id\":\"https:\\\/\\\/radiolitoral.com\\\/2024\\\/11\\\/benitatxell-congela-la-taxa-de-vados-durant-tres-anys-i-prepara-una-reduccio-del-50-per-al-2028\\\/#primaryimage\",\"url\":\"https:\\\/\\\/media.radiolitoral.com\\\/wp-content\\\/uploads\\\/2024\\\/01\\\/22194842\\\/Calle-Poble-Nou-de-Benitatxell--scaled.jpg\",\"contentUrl\":\"https:\\\/\\\/media.radiolitoral.com\\\/wp-content\\\/uploads\\\/2024\\\/01\\\/22194842\\\/Calle-Poble-Nou-de-Benitatxell--scaled.jpg\",\"width\":2560,\"height\":1708},{\"@type\":\"BreadcrumbList\",\"@id\":\"https:\\\/\\\/radiolitoral.com\\\/2024\\\/11\\\/benitatxell-congela-la-taxa-de-vados-durant-tres-anys-i-prepara-una-reduccio-del-50-per-al-2028\\\/#breadcrumb\",\"itemListElement\":[{\"@type\":\"ListItem\",\"position\":1,\"name\":\"Portada\",\"item\":\"https:\\\/\\\/radiolitoral.com\\\/\"},{\"@type\":\"ListItem\",\"position\":2,\"name\":\"Benitatxell congela la taxa de vados durant tres anys i prepara una reducci\u00f3 del 50% per al 2028\"}]},{\"@type\":\"WebSite\",\"@id\":\"https:\\\/\\\/radiolitoral.com\\\/#website\",\"url\":\"https:\\\/\\\/radiolitoral.com\\\/\",\"name\":\"Radio Litoral\",\"description\":\"La radio local de la Marina Alta\",\"publisher\":{\"@id\":\"https:\\\/\\\/radiolitoral.com\\\/#organization\"},\"alternateName\":\"Litoral FM\",\"potentialAction\":[{\"@type\":\"SearchAction\",\"target\":{\"@type\":\"EntryPoint\",\"urlTemplate\":\"https:\\\/\\\/radiolitoral.com\\\/?s={search_term_string}\"},\"query-input\":{\"@type\":\"PropertyValueSpecification\",\"valueRequired\":true,\"valueName\":\"search_term_string\"}}],\"inLanguage\":\"ca\"},{\"@type\":\"Organization\",\"@id\":\"https:\\\/\\\/radiolitoral.com\\\/#organization\",\"name\":\"Radio Litoral\",\"url\":\"https:\\\/\\\/radiolitoral.com\\\/\",\"logo\":{\"@type\":\"ImageObject\",\"inLanguage\":\"ca\",\"@id\":\"https:\\\/\\\/radiolitoral.com\\\/#\\\/schema\\\/logo\\\/image\\\/\",\"url\":\"https:\\\/\\\/media.radiolitoral.com\\\/wp-content\\\/uploads\\\/2023\\\/02\\\/24143238\\\/CL-V-RadioLitoral696.png\",\"contentUrl\":\"https:\\\/\\\/media.radiolitoral.com\\\/wp-content\\\/uploads\\\/2023\\\/02\\\/24143238\\\/CL-V-RadioLitoral696.png\",\"width\":696,\"height\":696,\"caption\":\"Radio Litoral\"},\"image\":{\"@id\":\"https:\\\/\\\/radiolitoral.com\\\/#\\\/schema\\\/logo\\\/image\\\/\"},\"sameAs\":[\"https:\\\/\\\/www.facebook.com\\\/Laradiolitoral\\\/\"]},{\"@type\":\"Person\",\"@id\":\"https:\\\/\\\/radiolitoral.com\\\/#\\\/schema\\\/person\\\/96b739642eb3bedb532aac3812d23307\",\"name\":\"Redacci\u00f3n\",\"image\":{\"@type\":\"ImageObject\",\"inLanguage\":\"ca\",\"@id\":\"https:\\\/\\\/secure.gravatar.com\\\/avatar\\\/30cd06129ee90411dd9c7cbdcf17464181d1a3c7b072e92070ea75a25cf0097e?s=96&d=mm&r=g\",\"url\":\"https:\\\/\\\/secure.gravatar.com\\\/avatar\\\/30cd06129ee90411dd9c7cbdcf17464181d1a3c7b072e92070ea75a25cf0097e?s=96&d=mm&r=g\",\"contentUrl\":\"https:\\\/\\\/secure.gravatar.com\\\/avatar\\\/30cd06129ee90411dd9c7cbdcf17464181d1a3c7b072e92070ea75a25cf0097e?s=96&d=mm&r=g\",\"caption\":\"Redacci\u00f3n\"},\"url\":\"https:\\\/\\\/radiolitoral.com\\\/ca\\\/author\\\/kevin-carrio\\\/\"}]}<\/script>\n<!-- \/ Yoast SEO plugin. -->","yoast_head_json":{"title":"Benitatxell congela la taxa de guals durant tres anys i prepara una reducci\u00f3 del 50% per al 2028 | R\u00e0dio Litoral","description":"L&#039;ajuntament d\u00f3na llum verda a una reestructuraci\u00f3 de la taxa per entrada de vehicles per garantir la just\u00edcia tribut\u00e0ria","robots":{"index":"index","follow":"follow","max-snippet":"max-snippet:-1","max-image-preview":"max-image-preview:large","max-video-preview":"max-video-preview:-1"},"canonical":"https:\/\/radiolitoral.com\/ca\/2024\/11\/benitatxell-congela-la-taxa-de-guals-durant-tres-anys-i-prepara-una-reduccio-del-50-per-al-2028\/","og_locale":"ca_ES","og_type":"article","og_title":"Benitatxell congela la taxa de vados durant tres anys i prepara una reducci\u00f3 del 50% per al 2028 | R\u00e0dio Litoral","og_description":"L\u2019ajuntament dona llum verda a una reestructuraci\u00f3 de la taxa per entrada de vehicles per garantir just\u00edcia tribut\u00e0ria","og_url":"https:\/\/radiolitoral.com\/ca\/2024\/11\/benitatxell-congela-la-taxa-de-guals-durant-tres-anys-i-prepara-una-reduccio-del-50-per-al-2028\/","og_site_name":"R\u00e0dio Litoral","article_publisher":"https:\/\/www.facebook.com\/Laradiolitoral\/","article_published_time":"2024-11-11T15:46:30+00:00","og_image":[{"width":2560,"height":1708,"url":"https:\/\/media.radiolitoral.com\/wp-content\/uploads\/2024\/01\/22194842\/Calle-Poble-Nou-de-Benitatxell--scaled.jpg","type":"image\/jpeg"}],"author":"Redacci\u00f3n","twitter_card":"summary_large_image","twitter_misc":{"Escrit per":"Redacci\u00f3n","Temps estimat de lectura":"2 minuts"},"schema":{"@context":"https:\/\/schema.org","@graph":[{"@type":"NewsArticle","@id":"https:\/\/radiolitoral.com\/2024\/11\/benitatxell-congela-la-taxa-de-vados-durant-tres-anys-i-prepara-una-reduccio-del-50-per-al-2028\/#article","isPartOf":{"@id":"https:\/\/radiolitoral.com\/2024\/11\/benitatxell-congela-la-taxa-de-vados-durant-tres-anys-i-prepara-una-reduccio-del-50-per-al-2028\/"},"author":{"name":"Redacci\u00f3n","@id":"https:\/\/radiolitoral.com\/#\/schema\/person\/96b739642eb3bedb532aac3812d23307"},"headline":"Benitatxell congela la taxa de vados durant tres anys i prepara una reducci\u00f3 del 50% per al 2028","datePublished":"2024-11-11T15:46:30+00:00","mainEntityOfPage":{"@id":"https:\/\/radiolitoral.com\/2024\/11\/benitatxell-congela-la-taxa-de-vados-durant-tres-anys-i-prepara-una-reduccio-del-50-per-al-2028\/"},"wordCount":389,"commentCount":0,"publisher":{"@id":"https:\/\/radiolitoral.com\/#organization"},"image":{"@id":"https:\/\/radiolitoral.com\/2024\/11\/benitatxell-congela-la-taxa-de-vados-durant-tres-anys-i-prepara-una-reduccio-del-50-per-al-2028\/#primaryimage"},"thumbnailUrl":"https:\/\/media.radiolitoral.com\/wp-content\/uploads\/2024\/01\/22194842\/Calle-Poble-Nou-de-Benitatxell--scaled.jpg","keywords":["Benitatxell","Urbanismo","vados"],"articleSection":["Urbanismo"],"inLanguage":"ca","potentialAction":[{"@type":"CommentAction","name":"Comment","target":["https:\/\/radiolitoral.com\/2024\/11\/benitatxell-congela-la-taxa-de-vados-durant-tres-anys-i-prepara-una-reduccio-del-50-per-al-2028\/#respond"]}]},{"@type":["WebPage","ItemPage"],"@id":"https:\/\/radiolitoral.com\/2024\/11\/benitatxell-congela-la-taxa-de-vados-durant-tres-anys-i-prepara-una-reduccio-del-50-per-al-2028\/","url":"https:\/\/radiolitoral.com\/2024\/11\/benitatxell-congela-la-taxa-de-vados-durant-tres-anys-i-prepara-una-reduccio-del-50-per-al-2028\/","name":"Benitatxell congela la taxa de guals durant tres anys i prepara una reducci\u00f3 del 50% per al 2028 | R\u00e0dio Litoral","isPartOf":{"@id":"https:\/\/radiolitoral.com\/#website"},"primaryImageOfPage":{"@id":"https:\/\/radiolitoral.com\/2024\/11\/benitatxell-congela-la-taxa-de-vados-durant-tres-anys-i-prepara-una-reduccio-del-50-per-al-2028\/#primaryimage"},"image":{"@id":"https:\/\/radiolitoral.com\/2024\/11\/benitatxell-congela-la-taxa-de-vados-durant-tres-anys-i-prepara-una-reduccio-del-50-per-al-2028\/#primaryimage"},"thumbnailUrl":"https:\/\/media.radiolitoral.com\/wp-content\/uploads\/2024\/01\/22194842\/Calle-Poble-Nou-de-Benitatxell--scaled.jpg","datePublished":"2024-11-11T15:46:30+00:00","description":"L&#039;ajuntament d\u00f3na llum verda a una reestructuraci\u00f3 de la taxa per entrada de vehicles per garantir la just\u00edcia tribut\u00e0ria","breadcrumb":{"@id":"https:\/\/radiolitoral.com\/2024\/11\/benitatxell-congela-la-taxa-de-vados-durant-tres-anys-i-prepara-una-reduccio-del-50-per-al-2028\/#breadcrumb"},"inLanguage":"ca","potentialAction":[{"@type":"ReadAction","target":["https:\/\/radiolitoral.com\/2024\/11\/benitatxell-congela-la-taxa-de-vados-durant-tres-anys-i-prepara-una-reduccio-del-50-per-al-2028\/"]}]},{"@type":"ImageObject","inLanguage":"ca","@id":"https:\/\/radiolitoral.com\/2024\/11\/benitatxell-congela-la-taxa-de-vados-durant-tres-anys-i-prepara-una-reduccio-del-50-per-al-2028\/#primaryimage","url":"https:\/\/media.radiolitoral.com\/wp-content\/uploads\/2024\/01\/22194842\/Calle-Poble-Nou-de-Benitatxell--scaled.jpg","contentUrl":"https:\/\/media.radiolitoral.com\/wp-content\/uploads\/2024\/01\/22194842\/Calle-Poble-Nou-de-Benitatxell--scaled.jpg","width":2560,"height":1708},{"@type":"BreadcrumbList","@id":"https:\/\/radiolitoral.com\/2024\/11\/benitatxell-congela-la-taxa-de-vados-durant-tres-anys-i-prepara-una-reduccio-del-50-per-al-2028\/#breadcrumb","itemListElement":[{"@type":"ListItem","position":1,"name":"Portada","item":"https:\/\/radiolitoral.com\/"},{"@type":"ListItem","position":2,"name":"Benitatxell congela la taxa de vados durant tres anys i prepara una reducci\u00f3 del 50% per al 2028"}]},{"@type":"WebSite","@id":"https:\/\/radiolitoral.com\/#website","url":"https:\/\/radiolitoral.com\/","name":"R\u00e0dio Litoral","description":"La r\u00e0dio local de la Marina Alta","publisher":{"@id":"https:\/\/radiolitoral.com\/#organization"},"alternateName":"Litoral FM","potentialAction":[{"@type":"SearchAction","target":{"@type":"EntryPoint","urlTemplate":"https:\/\/radiolitoral.com\/?s={search_term_string}"},"query-input":{"@type":"PropertyValueSpecification","valueRequired":true,"valueName":"search_term_string"}}],"inLanguage":"ca"},{"@type":"Organization","@id":"https:\/\/radiolitoral.com\/#organization","name":"R\u00e0dio Litoral","url":"https:\/\/radiolitoral.com\/","logo":{"@type":"ImageObject","inLanguage":"ca","@id":"https:\/\/radiolitoral.com\/#\/schema\/logo\/image\/","url":"https:\/\/media.radiolitoral.com\/wp-content\/uploads\/2023\/02\/24143238\/CL-V-RadioLitoral696.png","contentUrl":"https:\/\/media.radiolitoral.com\/wp-content\/uploads\/2023\/02\/24143238\/CL-V-RadioLitoral696.png","width":696,"height":696,"caption":"Radio Litoral"},"image":{"@id":"https:\/\/radiolitoral.com\/#\/schema\/logo\/image\/"},"sameAs":["https:\/\/www.facebook.com\/Laradiolitoral\/"]},{"@type":"Person","@id":"https:\/\/radiolitoral.com\/#\/schema\/person\/96b739642eb3bedb532aac3812d23307","name":"Redacci\u00f3","image":{"@type":"ImageObject","inLanguage":"ca","@id":"https:\/\/secure.gravatar.com\/avatar\/30cd06129ee90411dd9c7cbdcf17464181d1a3c7b072e92070ea75a25cf0097e?s=96&d=mm&r=g","url":"https:\/\/secure.gravatar.com\/avatar\/30cd06129ee90411dd9c7cbdcf17464181d1a3c7b072e92070ea75a25cf0097e?s=96&d=mm&r=g","contentUrl":"https:\/\/secure.gravatar.com\/avatar\/30cd06129ee90411dd9c7cbdcf17464181d1a3c7b072e92070ea75a25cf0097e?s=96&d=mm&r=g","caption":"Redacci\u00f3n"},"url":"https:\/\/radiolitoral.com\/ca\/author\/kevin-carrio\/"}]}},"_links":{"self":[{"href":"https:\/\/radiolitoral.com\/ca\/wp-json\/wp\/v2\/posts\/13017","targetHints":{"allow":["GET"]}}],"collection":[{"href":"https:\/\/radiolitoral.com\/ca\/wp-json\/wp\/v2\/posts"}],"about":[{"href":"https:\/\/radiolitoral.com\/ca\/wp-json\/wp\/v2\/types\/post"}],"author":[{"embeddable":true,"href":"https:\/\/radiolitoral.com\/ca\/wp-json\/wp\/v2\/users\/14"}],"replies":[{"embeddable":true,"href":"https:\/\/radiolitoral.com\/ca\/wp-json\/wp\/v2\/comments?post=13017"}],"version-history":[{"count":1,"href":"https:\/\/radiolitoral.com\/ca\/wp-json\/wp\/v2\/posts\/13017\/revisions"}],"predecessor-version":[{"id":13018,"href":"https:\/\/radiolitoral.com\/ca\/wp-json\/wp\/v2\/posts\/13017\/revisions\/13018"}],"wp:featuredmedia":[{"embeddable":true,"href":"https:\/\/radiolitoral.com\/ca\/wp-json\/wp\/v2\/media\/6489"}],"wp:attachment":[{"href":"https:\/\/radiolitoral.com\/ca\/wp-json\/wp\/v2\/media?parent=13017"}],"wp:term":[{"taxonomy":"category","embeddable":true,"href":"https:\/\/radiolitoral.com\/ca\/wp-json\/wp\/v2\/categories?post=13017"},{"taxonomy":"post_tag","embeddable":true,"href":"https:\/\/radiolitoral.com\/ca\/wp-json\/wp\/v2\/tags?post=13017"}],"curies":[{"name":"wp","href":"https:\/\/api.w.org\/{rel}","templated":true}]}}