{"id":13000,"date":"2024-11-11T11:55:15","date_gmt":"2024-11-11T10:55:15","guid":{"rendered":"https:\/\/radiolitoral.com\/?p=13000"},"modified":"2024-11-14T12:54:18","modified_gmt":"2024-11-14T11:54:18","slug":"virginia-mandra-dia-de-la-infancia-benissa","status":"publish","type":"post","link":"https:\/\/radiolitoral.com\/ca\/2024\/11\/virginia-perez-dia-de-la-infancia-benissa\/","title":{"rendered":"Virginia P\u00e9rez: \u201cEls xiquets i xiquetes s\u00f3n el futur del poble i necessiten el suport dels adults\u00bb"},"content":{"rendered":"<p>Cada <strong>20 de novembre<\/strong> se celebra el <strong>Dia Universal dels Infants.<\/strong> Una data amb qu\u00e8 reivindicar els drets de la inf\u00e0ncia i l&#039;adolesc\u00e8ncia.<strong> R\u00e0dio Litoral,<\/strong> ens hem avan\u00e7at a aquesta commemoraci\u00f3 i hui dilluns, dia 11 de novembre, ens hem pres el <strong>Primer Caf\u00e8<\/strong> de R\u00e0dio Litoral amb <strong>Virginia P\u00e9rez<\/strong>, <strong>responsable de Joventut i Inf\u00e0ncia a l&#039;Ajuntament de Benissa. <\/strong>I \u00e9s que aquesta localitat celebrar\u00e0 amb un intens cap de setmana el dia dels m\u00e9s menuts. S&#039;han previst diferents actes, com ara la constituci\u00f3 del nou Consell Local de la Inf\u00e0ncia i l&#039;Adolesc\u00e8ncia (CLIA), actuacions musicals i activitats l\u00fadiques.<\/p>\n<p>Benissa treballa per garantir els drets dels ciutadans m\u00e9s joves i ho fa, com ha explicat la regidora, a trav\u00e9s del CLIA. Un \u00f2rgan de participaci\u00f3 format per menors de la localitat on es debaten temes que s\u00f3n del seu inter\u00e8s i l\u00ednies dactuaci\u00f3 amb qu\u00e8 donar resposta a les demandes i necessitats daquest sector de la poblaci\u00f3.<\/p>\n<p>Virginia P\u00e9rez ens ha avan\u00e7at que just avui se&#039;ls comunicar\u00e0 personalment als nous consellers la seva incorporaci\u00f3 a aquest \u00f2rgan participatiu.<\/p>\n<p>A m\u00e9s, la nostra convidada ens ha explicat la posada en marxa d\u00b4una nova iniciativa solid\u00e0ria amb els afectats per la DANA, en aquest cas pensant en els xiquets i xiquetes, especialment vulnerables en una situaci\u00f3 de cat\u00e0strofe com aquesta. Es tracta d&#039;una campanya de recollida de material escolar, que comen\u00e7a hui dilluns, i que es perllongar\u00e0 fins el mi\u00e9rcols, prenent els centres educatius de Benissa, com a punts de recollida.<\/p>\n<p>Podeu escortar l&#039;entrevista completa aqu\u00ed.<\/p>\n<audio class=\"wp-audio-shortcode\" id=\"audio-13000-1\" preload=\"none\" style=\"width: 100%;\" controls=\"controls\"><source type=\"audio\/mpeg\" src=\"https:\/\/media.radiolitoral.com\/wp-content\/uploads\/2024\/11\/11105105\/Primer-Cafe-Dia-Do-Infancia-Virginia.mp3?_=1\" \/><a href=\"https:\/\/media.radiolitoral.com\/wp-content\/uploads\/2024\/11\/11105105\/Primer-Cafe-Dia-Do-Infancia-Virginia.mp3\">https:\/\/media.radiolitoral.com\/wp-content\/uploads\/2024\/11\/11105105\/Primer-Cafe-Dia-Do-Infancia-Virginia.mp3<\/a><\/audio>","protected":false},"excerpt":{"rendered":"<p>Cada 20 de novembre se celebra el Dia Universal dels Infants. Una data amb qu\u00e8 reivindicar els drets de la inf\u00e0ncia i l&#8217;adolesc\u00e8ncia. Nosaltres, des de Radio Litoral, ens hem avan\u00e7at a aquesta commemoraci\u00f3 i hui dilluns, dia 11 de novembre, ens hem pres el Primer Caf\u00e9 de R\u00e0dio Litoral amb Virginia P\u00e9rez, responsable de [&#8230;]<\/p>\n<p><a class=\"btn btn-secondary understrap-read-more-link\" href=\"https:\/\/radiolitoral.com\/ca\/2024\/11\/virginia-perez-dia-de-la-infancia-benissa\/\">Continua llegint&#8230;<span class=\"screen-reader-text\"> from Virginia P\u00e9rez: \u201cEls xiquets i xiquetes s\u00f3n el futur del poble i necessiten el suport dels adults\u00bb<\/span><\/a><\/p>\n","protected":false},"author":13,"featured_media":13002,"comment_status":"open","ping_status":"closed","sticky":false,"template":"","format":"standard","meta":{"_acf_changed":false,"inline_featured_image":false,"footnotes":""},"categories":[2753,852,46],"tags":[432,2737,2736,2472,2312,715,2388],"class_list":["post-13000","post","type-post","status-publish","format-standard","has-post-thumbnail","hentry","category-entrevistas","category-infancia","category-sociedad","tag-actividades-ninos","tag-consell-infancia-i-adolescencia","tag-derechos-infancia","tag-dia-mundial","tag-primer-cafe","tag-solidaridad","tag-virginia-perez","cobertura-benissa"],"acf":[],"yoast_head":"<!-- This site is optimized with the Yoast SEO plugin v27.5 - https:\/\/yoast.com\/product\/yoast-seo-wordpress\/ -->\n<title>Virginia P\u00e9rez: \u201cEls xiquets i xiquetes s\u00f3n el futur del poble i necessiten el suport dels adults&quot; | R\u00e0dio Litoral<\/title>\n<meta name=\"description\" content=\"Benissa commemora el Dia Mundial dels Drets de la Inf\u00e0ncia i l&#039;Adolesc\u00e8ncia aquest cap de setmana amb diversos actes\" \/>\n<meta name=\"robots\" content=\"index, follow, max-snippet:-1, max-image-preview:large, max-video-preview:-1\" \/>\n<link rel=\"canonical\" href=\"https:\/\/radiolitoral.com\/ca\/2024\/11\/virginia-mandra-dia-de-la-infancia-benissa\/\" \/>\n<meta property=\"og:locale\" content=\"ca_ES\" \/>\n<meta property=\"og:type\" content=\"article\" \/>\n<meta property=\"og:title\" content=\"Virginia P\u00e9rez: \u201cEls xiquets i xiquetes s\u00f3n el futur del poble i necessiten el suport dels adults&quot; | R\u00e0dio Litoral\" \/>\n<meta property=\"og:description\" content=\"Benissa commemora el Dia Mundial dels Drets de la Inf\u00e0ncia i l&#039;Adolesc\u00e8ncia aquest cap de setmana amb diversos actes\" \/>\n<meta property=\"og:url\" content=\"https:\/\/radiolitoral.com\/ca\/2024\/11\/virginia-mandra-dia-de-la-infancia-benissa\/\" \/>\n<meta property=\"og:site_name\" content=\"R\u00e0dio Litoral\" \/>\n<meta property=\"article:publisher\" content=\"https:\/\/www.facebook.com\/Laradiolitoral\/\" \/>\n<meta property=\"article:published_time\" content=\"2024-11-11T10:55:15+00:00\" \/>\n<meta property=\"article:modified_time\" content=\"2024-11-14T11:54:18+00:00\" \/>\n<meta property=\"og:image\" content=\"https:\/\/media.radiolitoral.com\/wp-content\/uploads\/2024\/11\/11105357\/Virginia-Perez-Primer-Cafe.jpeg\" \/>\n\t<meta property=\"og:image:width\" content=\"2000\" \/>\n\t<meta property=\"og:image:height\" content=\"1125\" \/>\n\t<meta property=\"og:image:type\" content=\"image\/jpeg\" \/>\n<meta name=\"author\" content=\"Redacci\u00f3n\" \/>\n<meta name=\"twitter:card\" content=\"summary_large_image\" \/>\n<meta name=\"twitter:label1\" content=\"Escrit per\" \/>\n\t<meta name=\"twitter:data1\" content=\"Redacci\u00f3n\" \/>\n\t<meta name=\"twitter:label2\" content=\"Temps estimat de lectura\" \/>\n\t<meta name=\"twitter:data2\" content=\"2 minuts\" \/>\n<script type=\"application\/ld+json\" class=\"yoast-schema-graph\">{\"@context\":\"https:\\\/\\\/schema.org\",\"@graph\":[{\"@type\":\"NewsArticle\",\"@id\":\"https:\\\/\\\/radiolitoral.com\\\/2024\\\/11\\\/virginia-perez-dia-de-la-infancia-benissa\\\/#article\",\"isPartOf\":{\"@id\":\"https:\\\/\\\/radiolitoral.com\\\/2024\\\/11\\\/virginia-perez-dia-de-la-infancia-benissa\\\/\"},\"author\":{\"name\":\"Redacci\u00f3n\",\"@id\":\"https:\\\/\\\/radiolitoral.com\\\/#\\\/schema\\\/person\\\/f2b2343c49b5d721857cc1002bfdb151\"},\"headline\":\"Virginia P\u00e9rez: \u201cEls xiquets i xiquetes s\u00f3n el futur del poble i necessiten el suport dels adults\u00bb\",\"datePublished\":\"2024-11-11T10:55:15+00:00\",\"dateModified\":\"2024-11-14T11:54:18+00:00\",\"mainEntityOfPage\":{\"@id\":\"https:\\\/\\\/radiolitoral.com\\\/2024\\\/11\\\/virginia-perez-dia-de-la-infancia-benissa\\\/\"},\"wordCount\":314,\"commentCount\":0,\"publisher\":{\"@id\":\"https:\\\/\\\/radiolitoral.com\\\/#organization\"},\"image\":{\"@id\":\"https:\\\/\\\/radiolitoral.com\\\/2024\\\/11\\\/virginia-perez-dia-de-la-infancia-benissa\\\/#primaryimage\"},\"thumbnailUrl\":\"https:\\\/\\\/media.radiolitoral.com\\\/wp-content\\\/uploads\\\/2024\\\/11\\\/11105357\\\/Virginia-Perez-Primer-Cafe-e1742979350633.jpeg\",\"keywords\":[\"actividades ni\u00f1os\",\"Consell Inf\u00e0ncia i Adolesc\u00e8ncia\",\"Derechos Infancia\",\"D\u00eda Mundial\",\"Primer Caf\u00e9\",\"Solidaridad\",\"Virginia P\u00e9rez\"],\"articleSection\":[\"Entrevistas\",\"Infancia\",\"Sociedad\"],\"inLanguage\":\"ca\",\"potentialAction\":[{\"@type\":\"CommentAction\",\"name\":\"Comment\",\"target\":[\"https:\\\/\\\/radiolitoral.com\\\/2024\\\/11\\\/virginia-perez-dia-de-la-infancia-benissa\\\/#respond\"]}]},{\"@type\":[\"WebPage\",\"ItemPage\"],\"@id\":\"https:\\\/\\\/radiolitoral.com\\\/2024\\\/11\\\/virginia-perez-dia-de-la-infancia-benissa\\\/\",\"url\":\"https:\\\/\\\/radiolitoral.com\\\/2024\\\/11\\\/virginia-perez-dia-de-la-infancia-benissa\\\/\",\"name\":\"Virginia P\u00e9rez: \u201cEls xiquets i xiquetes s\u00f3n el futur del poble i necessiten el suport dels adults\\\" | R\u00e0dio Litoral\",\"isPartOf\":{\"@id\":\"https:\\\/\\\/radiolitoral.com\\\/#website\"},\"primaryImageOfPage\":{\"@id\":\"https:\\\/\\\/radiolitoral.com\\\/2024\\\/11\\\/virginia-perez-dia-de-la-infancia-benissa\\\/#primaryimage\"},\"image\":{\"@id\":\"https:\\\/\\\/radiolitoral.com\\\/2024\\\/11\\\/virginia-perez-dia-de-la-infancia-benissa\\\/#primaryimage\"},\"thumbnailUrl\":\"https:\\\/\\\/media.radiolitoral.com\\\/wp-content\\\/uploads\\\/2024\\\/11\\\/11105357\\\/Virginia-Perez-Primer-Cafe-e1742979350633.jpeg\",\"datePublished\":\"2024-11-11T10:55:15+00:00\",\"dateModified\":\"2024-11-14T11:54:18+00:00\",\"description\":\"Benissa commemora el Dia Mundial dels Drets de la Inf\u00e0ncia i l'Adolesc\u00e8ncia aquest cap de setmana amb diversos actes\",\"breadcrumb\":{\"@id\":\"https:\\\/\\\/radiolitoral.com\\\/2024\\\/11\\\/virginia-perez-dia-de-la-infancia-benissa\\\/#breadcrumb\"},\"inLanguage\":\"ca\",\"potentialAction\":[{\"@type\":\"ReadAction\",\"target\":[\"https:\\\/\\\/radiolitoral.com\\\/2024\\\/11\\\/virginia-perez-dia-de-la-infancia-benissa\\\/\"]}]},{\"@type\":\"ImageObject\",\"inLanguage\":\"ca\",\"@id\":\"https:\\\/\\\/radiolitoral.com\\\/2024\\\/11\\\/virginia-perez-dia-de-la-infancia-benissa\\\/#primaryimage\",\"url\":\"https:\\\/\\\/media.radiolitoral.com\\\/wp-content\\\/uploads\\\/2024\\\/11\\\/11105357\\\/Virginia-Perez-Primer-Cafe-e1742979350633.jpeg\",\"contentUrl\":\"https:\\\/\\\/media.radiolitoral.com\\\/wp-content\\\/uploads\\\/2024\\\/11\\\/11105357\\\/Virginia-Perez-Primer-Cafe-e1742979350633.jpeg\",\"width\":1693,\"height\":1125},{\"@type\":\"BreadcrumbList\",\"@id\":\"https:\\\/\\\/radiolitoral.com\\\/2024\\\/11\\\/virginia-perez-dia-de-la-infancia-benissa\\\/#breadcrumb\",\"itemListElement\":[{\"@type\":\"ListItem\",\"position\":1,\"name\":\"Portada\",\"item\":\"https:\\\/\\\/radiolitoral.com\\\/\"},{\"@type\":\"ListItem\",\"position\":2,\"name\":\"Virginia P\u00e9rez: \u201cEls xiquets i xiquetes s\u00f3n el futur del poble i necessiten el suport dels adults\u00bb\"}]},{\"@type\":\"WebSite\",\"@id\":\"https:\\\/\\\/radiolitoral.com\\\/#website\",\"url\":\"https:\\\/\\\/radiolitoral.com\\\/\",\"name\":\"Radio Litoral\",\"description\":\"La radio local de la Marina Alta\",\"publisher\":{\"@id\":\"https:\\\/\\\/radiolitoral.com\\\/#organization\"},\"alternateName\":\"Litoral FM\",\"potentialAction\":[{\"@type\":\"SearchAction\",\"target\":{\"@type\":\"EntryPoint\",\"urlTemplate\":\"https:\\\/\\\/radiolitoral.com\\\/?s={search_term_string}\"},\"query-input\":{\"@type\":\"PropertyValueSpecification\",\"valueRequired\":true,\"valueName\":\"search_term_string\"}}],\"inLanguage\":\"ca\"},{\"@type\":\"Organization\",\"@id\":\"https:\\\/\\\/radiolitoral.com\\\/#organization\",\"name\":\"Radio Litoral\",\"url\":\"https:\\\/\\\/radiolitoral.com\\\/\",\"logo\":{\"@type\":\"ImageObject\",\"inLanguage\":\"ca\",\"@id\":\"https:\\\/\\\/radiolitoral.com\\\/#\\\/schema\\\/logo\\\/image\\\/\",\"url\":\"https:\\\/\\\/media.radiolitoral.com\\\/wp-content\\\/uploads\\\/2023\\\/02\\\/24143238\\\/CL-V-RadioLitoral696.png\",\"contentUrl\":\"https:\\\/\\\/media.radiolitoral.com\\\/wp-content\\\/uploads\\\/2023\\\/02\\\/24143238\\\/CL-V-RadioLitoral696.png\",\"width\":696,\"height\":696,\"caption\":\"Radio Litoral\"},\"image\":{\"@id\":\"https:\\\/\\\/radiolitoral.com\\\/#\\\/schema\\\/logo\\\/image\\\/\"},\"sameAs\":[\"https:\\\/\\\/www.facebook.com\\\/Laradiolitoral\\\/\"]},{\"@type\":\"Person\",\"@id\":\"https:\\\/\\\/radiolitoral.com\\\/#\\\/schema\\\/person\\\/f2b2343c49b5d721857cc1002bfdb151\",\"name\":\"Redacci\u00f3n\",\"image\":{\"@type\":\"ImageObject\",\"inLanguage\":\"ca\",\"@id\":\"https:\\\/\\\/secure.gravatar.com\\\/avatar\\\/f771d896c203ad8b3382d7905cfcce5a5c9b008b84b3cd9114e9b9f4cb63f789?s=96&d=mm&r=g\",\"url\":\"https:\\\/\\\/secure.gravatar.com\\\/avatar\\\/f771d896c203ad8b3382d7905cfcce5a5c9b008b84b3cd9114e9b9f4cb63f789?s=96&d=mm&r=g\",\"contentUrl\":\"https:\\\/\\\/secure.gravatar.com\\\/avatar\\\/f771d896c203ad8b3382d7905cfcce5a5c9b008b84b3cd9114e9b9f4cb63f789?s=96&d=mm&r=g\",\"caption\":\"Redacci\u00f3n\"},\"url\":\"https:\\\/\\\/radiolitoral.com\\\/ca\\\/author\\\/miriam-pagan\\\/\"}]}<\/script>\n<!-- \/ Yoast SEO plugin. -->","yoast_head_json":{"title":"Virginia P\u00e9rez: \u201cEls xiquets i xiquetes s\u00f3n el futur del poble i necessiten el suport dels adults\u201d | R\u00e0dio Litoral","description":"Benissa commemora el Dia Mundial dels Drets de la Inf\u00e0ncia i l&#039;Adolesc\u00e8ncia aquest cap de setmana amb diversos actes","robots":{"index":"index","follow":"follow","max-snippet":"max-snippet:-1","max-image-preview":"max-image-preview:large","max-video-preview":"max-video-preview:-1"},"canonical":"https:\/\/radiolitoral.com\/ca\/2024\/11\/virginia-mandra-dia-de-la-infancia-benissa\/","og_locale":"ca_ES","og_type":"article","og_title":"Virginia P\u00e9rez: \u201cEls xiquets i xiquetes s\u00f3n el futur del poble i necessiten el suport dels adults\" | R\u00e0dio Litoral","og_description":"Benissa commemora el Dia Mundial dels Drets de la Inf\u00e0ncia i l'Adolesc\u00e8ncia aquest cap de setmana amb diversos actes","og_url":"https:\/\/radiolitoral.com\/ca\/2024\/11\/virginia-mandra-dia-de-la-infancia-benissa\/","og_site_name":"R\u00e0dio Litoral","article_publisher":"https:\/\/www.facebook.com\/Laradiolitoral\/","article_published_time":"2024-11-11T10:55:15+00:00","article_modified_time":"2024-11-14T11:54:18+00:00","og_image":[{"width":2000,"height":1125,"url":"https:\/\/media.radiolitoral.com\/wp-content\/uploads\/2024\/11\/11105357\/Virginia-Perez-Primer-Cafe.jpeg","type":"image\/jpeg"}],"author":"Redacci\u00f3n","twitter_card":"summary_large_image","twitter_misc":{"Escrit per":"Redacci\u00f3n","Temps estimat de lectura":"2 minuts"},"schema":{"@context":"https:\/\/schema.org","@graph":[{"@type":"NewsArticle","@id":"https:\/\/radiolitoral.com\/2024\/11\/virginia-perez-dia-de-la-infancia-benissa\/#article","isPartOf":{"@id":"https:\/\/radiolitoral.com\/2024\/11\/virginia-perez-dia-de-la-infancia-benissa\/"},"author":{"name":"Redacci\u00f3n","@id":"https:\/\/radiolitoral.com\/#\/schema\/person\/f2b2343c49b5d721857cc1002bfdb151"},"headline":"Virginia P\u00e9rez: \u201cEls xiquets i xiquetes s\u00f3n el futur del poble i necessiten el suport dels adults\u00bb","datePublished":"2024-11-11T10:55:15+00:00","dateModified":"2024-11-14T11:54:18+00:00","mainEntityOfPage":{"@id":"https:\/\/radiolitoral.com\/2024\/11\/virginia-perez-dia-de-la-infancia-benissa\/"},"wordCount":314,"commentCount":0,"publisher":{"@id":"https:\/\/radiolitoral.com\/#organization"},"image":{"@id":"https:\/\/radiolitoral.com\/2024\/11\/virginia-perez-dia-de-la-infancia-benissa\/#primaryimage"},"thumbnailUrl":"https:\/\/media.radiolitoral.com\/wp-content\/uploads\/2024\/11\/11105357\/Virginia-Perez-Primer-Cafe-e1742979350633.jpeg","keywords":["actividades ni\u00f1os","Consell Inf\u00e0ncia i Adolesc\u00e8ncia","Derechos Infancia","D\u00eda Mundial","Primer Caf\u00e9","Solidaridad","Virginia P\u00e9rez"],"articleSection":["Entrevistas","Infancia","Sociedad"],"inLanguage":"ca","potentialAction":[{"@type":"CommentAction","name":"Comment","target":["https:\/\/radiolitoral.com\/2024\/11\/virginia-perez-dia-de-la-infancia-benissa\/#respond"]}]},{"@type":["WebPage","ItemPage"],"@id":"https:\/\/radiolitoral.com\/2024\/11\/virginia-perez-dia-de-la-infancia-benissa\/","url":"https:\/\/radiolitoral.com\/2024\/11\/virginia-perez-dia-de-la-infancia-benissa\/","name":"Virginia P\u00e9rez: \u201cEls xiquets i xiquetes s\u00f3n el futur del poble i necessiten el suport dels adults\u201d | R\u00e0dio Litoral","isPartOf":{"@id":"https:\/\/radiolitoral.com\/#website"},"primaryImageOfPage":{"@id":"https:\/\/radiolitoral.com\/2024\/11\/virginia-perez-dia-de-la-infancia-benissa\/#primaryimage"},"image":{"@id":"https:\/\/radiolitoral.com\/2024\/11\/virginia-perez-dia-de-la-infancia-benissa\/#primaryimage"},"thumbnailUrl":"https:\/\/media.radiolitoral.com\/wp-content\/uploads\/2024\/11\/11105357\/Virginia-Perez-Primer-Cafe-e1742979350633.jpeg","datePublished":"2024-11-11T10:55:15+00:00","dateModified":"2024-11-14T11:54:18+00:00","description":"Benissa commemora el Dia Mundial dels Drets de la Inf\u00e0ncia i l&#039;Adolesc\u00e8ncia aquest cap de setmana amb diversos actes","breadcrumb":{"@id":"https:\/\/radiolitoral.com\/2024\/11\/virginia-perez-dia-de-la-infancia-benissa\/#breadcrumb"},"inLanguage":"ca","potentialAction":[{"@type":"ReadAction","target":["https:\/\/radiolitoral.com\/2024\/11\/virginia-perez-dia-de-la-infancia-benissa\/"]}]},{"@type":"ImageObject","inLanguage":"ca","@id":"https:\/\/radiolitoral.com\/2024\/11\/virginia-perez-dia-de-la-infancia-benissa\/#primaryimage","url":"https:\/\/media.radiolitoral.com\/wp-content\/uploads\/2024\/11\/11105357\/Virginia-Perez-Primer-Cafe-e1742979350633.jpeg","contentUrl":"https:\/\/media.radiolitoral.com\/wp-content\/uploads\/2024\/11\/11105357\/Virginia-Perez-Primer-Cafe-e1742979350633.jpeg","width":1693,"height":1125},{"@type":"BreadcrumbList","@id":"https:\/\/radiolitoral.com\/2024\/11\/virginia-perez-dia-de-la-infancia-benissa\/#breadcrumb","itemListElement":[{"@type":"ListItem","position":1,"name":"Portada","item":"https:\/\/radiolitoral.com\/"},{"@type":"ListItem","position":2,"name":"Virginia P\u00e9rez: \u201cEls xiquets i xiquetes s\u00f3n el futur del poble i necessiten el suport dels adults\u00bb"}]},{"@type":"WebSite","@id":"https:\/\/radiolitoral.com\/#website","url":"https:\/\/radiolitoral.com\/","name":"R\u00e0dio Litoral","description":"La r\u00e0dio local de la Marina Alta","publisher":{"@id":"https:\/\/radiolitoral.com\/#organization"},"alternateName":"Litoral FM","potentialAction":[{"@type":"SearchAction","target":{"@type":"EntryPoint","urlTemplate":"https:\/\/radiolitoral.com\/?s={search_term_string}"},"query-input":{"@type":"PropertyValueSpecification","valueRequired":true,"valueName":"search_term_string"}}],"inLanguage":"ca"},{"@type":"Organization","@id":"https:\/\/radiolitoral.com\/#organization","name":"R\u00e0dio Litoral","url":"https:\/\/radiolitoral.com\/","logo":{"@type":"ImageObject","inLanguage":"ca","@id":"https:\/\/radiolitoral.com\/#\/schema\/logo\/image\/","url":"https:\/\/media.radiolitoral.com\/wp-content\/uploads\/2023\/02\/24143238\/CL-V-RadioLitoral696.png","contentUrl":"https:\/\/media.radiolitoral.com\/wp-content\/uploads\/2023\/02\/24143238\/CL-V-RadioLitoral696.png","width":696,"height":696,"caption":"Radio Litoral"},"image":{"@id":"https:\/\/radiolitoral.com\/#\/schema\/logo\/image\/"},"sameAs":["https:\/\/www.facebook.com\/Laradiolitoral\/"]},{"@type":"Person","@id":"https:\/\/radiolitoral.com\/#\/schema\/person\/f2b2343c49b5d721857cc1002bfdb151","name":"Redacci\u00f3","image":{"@type":"ImageObject","inLanguage":"ca","@id":"https:\/\/secure.gravatar.com\/avatar\/f771d896c203ad8b3382d7905cfcce5a5c9b008b84b3cd9114e9b9f4cb63f789?s=96&d=mm&r=g","url":"https:\/\/secure.gravatar.com\/avatar\/f771d896c203ad8b3382d7905cfcce5a5c9b008b84b3cd9114e9b9f4cb63f789?s=96&d=mm&r=g","contentUrl":"https:\/\/secure.gravatar.com\/avatar\/f771d896c203ad8b3382d7905cfcce5a5c9b008b84b3cd9114e9b9f4cb63f789?s=96&d=mm&r=g","caption":"Redacci\u00f3n"},"url":"https:\/\/radiolitoral.com\/ca\/author\/miriam-pagan\/"}]}},"_links":{"self":[{"href":"https:\/\/radiolitoral.com\/ca\/wp-json\/wp\/v2\/posts\/13000","targetHints":{"allow":["GET"]}}],"collection":[{"href":"https:\/\/radiolitoral.com\/ca\/wp-json\/wp\/v2\/posts"}],"about":[{"href":"https:\/\/radiolitoral.com\/ca\/wp-json\/wp\/v2\/types\/post"}],"author":[{"embeddable":true,"href":"https:\/\/radiolitoral.com\/ca\/wp-json\/wp\/v2\/users\/13"}],"replies":[{"embeddable":true,"href":"https:\/\/radiolitoral.com\/ca\/wp-json\/wp\/v2\/comments?post=13000"}],"version-history":[{"count":5,"href":"https:\/\/radiolitoral.com\/ca\/wp-json\/wp\/v2\/posts\/13000\/revisions"}],"predecessor-version":[{"id":13008,"href":"https:\/\/radiolitoral.com\/ca\/wp-json\/wp\/v2\/posts\/13000\/revisions\/13008"}],"wp:featuredmedia":[{"embeddable":true,"href":"https:\/\/radiolitoral.com\/ca\/wp-json\/wp\/v2\/media\/13002"}],"wp:attachment":[{"href":"https:\/\/radiolitoral.com\/ca\/wp-json\/wp\/v2\/media?parent=13000"}],"wp:term":[{"taxonomy":"category","embeddable":true,"href":"https:\/\/radiolitoral.com\/ca\/wp-json\/wp\/v2\/categories?post=13000"},{"taxonomy":"post_tag","embeddable":true,"href":"https:\/\/radiolitoral.com\/ca\/wp-json\/wp\/v2\/tags?post=13000"}],"curies":[{"name":"wp","href":"https:\/\/api.w.org\/{rel}","templated":true}]}}