{"id":1299,"date":"2023-03-14T14:12:30","date_gmt":"2023-03-14T13:12:30","guid":{"rendered":"https:\/\/radiolitoral.com\/?p=1299"},"modified":"2023-03-14T14:13:10","modified_gmt":"2023-03-14T13:13:10","slug":"calp-comptara-amb-un-cementiri-per-a-mascotes-si-cessar-sanchez-guanya-les-eleccions","status":"publish","type":"post","link":"https:\/\/radiolitoral.com\/ca\/2023\/03\/calp-contara-con-un-cementerio-para-mascotas-si-cesar-sanchez-gana-las-elecciones\/","title":{"rendered":"Calp comptar\u00e0 amb un cementiri per a mascotes si C\u00e9sar S\u00e1nchez guanya les eleccions"},"content":{"rendered":"<p>Continuen els compromisos electorals que els candidats a les alcaldies dels municipis de la Marina Alta van donant a con\u00e8ixer dins de la precampanya electoral. A Calp, el n\u00famero u del <strong>Partit Popular, C\u00e9sar S\u00e1nchez<\/strong>, ha mostrat el seu inter\u00e8s per <strong>protegir les mascotes<\/strong>.<\/p>\n<p>El candidat popular ha anunciat que si arriba a l&#039;alcaldia, Calp tindr\u00e0 <strong>un cementiri per a mascotes, platges accessibles a l&#039;hivern, una protectora per a gats i m\u00e9s parc canins.<\/strong> Aix\u00ed s&#039;ha expressat despr\u00e9s de reunir-se amb els representants del Servei de Protecci\u00f3 i Recollida d&#039;Animals (SPRA) i l&#039;Associaci\u00f3 SPA TSV Calp als quals ha traslladat algunes de les mesures que inclour\u00e0 al programa electoral per millorar els serveis dels animals a Calp .<\/p>\n<p>L&#039;objectiu \u00e9s potenciar la regidoria de Benestar Animal que s&#039;ha engegat durant aquesta legislatura fent del municipi una localitat totalment <strong>&#039;petfriendly&#039;<\/strong>. S\u00e1nchez insisteix que \u201cCalp ha de ser el millor lloc per viure per a les persones i per als animals, perqu\u00e8 les mascotes s\u00f3n un ve\u00ed m\u00e9s\u201d.<\/p>\n<p><strong>C\u00e9sar S\u00e1nchez, candidat a l&#039;alcaldia de Calp pel PP:<\/strong><\/p>\n<audio class=\"wp-audio-shortcode\" id=\"audio-1299-1\" preload=\"none\" style=\"width: 100%;\" controls=\"controls\"><source type=\"audio\/mpeg\" src=\"https:\/\/media.radiolitoral.com\/wp-content\/uploads\/2023\/03\/14140637\/Cesar-Sanchez-Animales.mp3?_=1\" \/><a href=\"https:\/\/media.radiolitoral.com\/wp-content\/uploads\/2023\/03\/14140637\/Cesar-Sanchez-Animales.mp3\">https:\/\/media.radiolitoral.com\/wp-content\/uploads\/2023\/03\/14140637\/Cesar-Sanchez-Animales.mp3<\/a><\/audio>\n<p>&nbsp;<\/p>","protected":false},"excerpt":{"rendered":"<p>Contin\u00faan los compromisos electorales que los candidatos a las alcald\u00edas de los municipios de la Marina Alta van dando a conocer dentro de la precampa\u00f1a electoral. En Calp, el n\u00famero uno del Partido Popular, C\u00e9sar S\u00e1nchez, ha mostrado su inter\u00e9s por proteger a las mascotas. El candidato popular ha anunciado que si alcanza la alcald\u00eda, [&#8230;]<\/p>\n<p><a class=\"btn btn-secondary understrap-read-more-link\" href=\"https:\/\/radiolitoral.com\/ca\/2023\/03\/calp-contara-con-un-cementerio-para-mascotas-si-cesar-sanchez-gana-las-elecciones\/\">Continua llegint&#8230;<span class=\"screen-reader-text\"> from Calp contar\u00e1 con un cementerio para mascotas si C\u00e9sar S\u00e1nchez gana las elecciones<\/span><\/a><\/p>\n","protected":false},"author":13,"featured_media":1301,"comment_status":"open","ping_status":"closed","sticky":false,"template":"","format":"standard","meta":{"_acf_changed":false,"inline_featured_image":false,"footnotes":""},"categories":[13],"tags":[122,123,208,209,211,210],"class_list":["post-1299","post","type-post","status-publish","format-standard","has-post-thumbnail","hentry","category-politica","tag-calp","tag-calpe","tag-cementerio-de-mascotas","tag-cementerio-de-perros","tag-parques-caninos","tag-playa-para-perros","cobertura-calp"],"acf":[],"yoast_head":"<!-- This site is optimized with the Yoast SEO plugin v27.5 - https:\/\/yoast.com\/product\/yoast-seo-wordpress\/ -->\n<title>Calp contar\u00e1 con un cementerio para mascotas si C\u00e9sar S\u00e1nchez gana las elecciones | R\u00e0dio Litoral<\/title>\n<meta name=\"description\" content=\"El municipio tambi\u00e9n contar\u00e1 con playas accesibles en invierno, una protectora para gatos y m\u00e1s parque caninos\" \/>\n<meta name=\"robots\" content=\"index, follow, max-snippet:-1, max-image-preview:large, max-video-preview:-1\" \/>\n<link rel=\"canonical\" href=\"https:\/\/radiolitoral.com\/ca\/2023\/03\/calp-comptara-amb-un-cementiri-per-a-mascotes-si-cessar-sanchez-guanya-les-eleccions\/\" \/>\n<meta property=\"og:locale\" content=\"ca_ES\" \/>\n<meta property=\"og:type\" content=\"article\" \/>\n<meta property=\"og:title\" content=\"Calp contar\u00e1 con un cementerio para mascotas si C\u00e9sar S\u00e1nchez gana las elecciones | R\u00e0dio Litoral\" \/>\n<meta property=\"og:description\" content=\"El municipio tambi\u00e9n contar\u00e1 con playas accesibles en invierno, una protectora para gatos y m\u00e1s parque caninos\" \/>\n<meta property=\"og:url\" content=\"https:\/\/radiolitoral.com\/ca\/2023\/03\/calp-comptara-amb-un-cementiri-per-a-mascotes-si-cessar-sanchez-guanya-les-eleccions\/\" \/>\n<meta property=\"og:site_name\" content=\"R\u00e0dio Litoral\" \/>\n<meta property=\"article:publisher\" content=\"https:\/\/www.facebook.com\/Laradiolitoral\/\" \/>\n<meta property=\"article:published_time\" content=\"2023-03-14T13:12:30+00:00\" \/>\n<meta property=\"article:modified_time\" content=\"2023-03-14T13:13:10+00:00\" \/>\n<meta property=\"og:image\" content=\"https:\/\/media.radiolitoral.com\/wp-content\/uploads\/2023\/03\/14141207\/cementerio.jpeg\" \/>\n\t<meta property=\"og:image:width\" content=\"1200\" \/>\n\t<meta property=\"og:image:height\" content=\"900\" \/>\n\t<meta property=\"og:image:type\" content=\"image\/jpeg\" \/>\n<meta name=\"author\" content=\"Redacci\u00f3n\" \/>\n<meta name=\"twitter:card\" content=\"summary_large_image\" \/>\n<meta name=\"twitter:label1\" content=\"Escrit per\" \/>\n\t<meta name=\"twitter:data1\" content=\"Redacci\u00f3n\" \/>\n\t<meta name=\"twitter:label2\" content=\"Temps estimat de lectura\" \/>\n\t<meta name=\"twitter:data2\" content=\"1 minut\" \/>\n<script type=\"application\/ld+json\" class=\"yoast-schema-graph\">{\"@context\":\"https:\\\/\\\/schema.org\",\"@graph\":[{\"@type\":\"NewsArticle\",\"@id\":\"https:\\\/\\\/radiolitoral.com\\\/2023\\\/03\\\/calp-contara-con-un-cementerio-para-mascotas-si-cesar-sanchez-gana-las-elecciones\\\/#article\",\"isPartOf\":{\"@id\":\"https:\\\/\\\/radiolitoral.com\\\/2023\\\/03\\\/calp-contara-con-un-cementerio-para-mascotas-si-cesar-sanchez-gana-las-elecciones\\\/\"},\"author\":{\"name\":\"Redacci\u00f3n\",\"@id\":\"https:\\\/\\\/radiolitoral.com\\\/#\\\/schema\\\/person\\\/f2b2343c49b5d721857cc1002bfdb151\"},\"headline\":\"Calp contar\u00e1 con un cementerio para mascotas si C\u00e9sar S\u00e1nchez gana las elecciones\",\"datePublished\":\"2023-03-14T13:12:30+00:00\",\"dateModified\":\"2023-03-14T13:13:10+00:00\",\"mainEntityOfPage\":{\"@id\":\"https:\\\/\\\/radiolitoral.com\\\/2023\\\/03\\\/calp-contara-con-un-cementerio-para-mascotas-si-cesar-sanchez-gana-las-elecciones\\\/\"},\"wordCount\":227,\"commentCount\":0,\"publisher\":{\"@id\":\"https:\\\/\\\/radiolitoral.com\\\/#organization\"},\"image\":{\"@id\":\"https:\\\/\\\/radiolitoral.com\\\/2023\\\/03\\\/calp-contara-con-un-cementerio-para-mascotas-si-cesar-sanchez-gana-las-elecciones\\\/#primaryimage\"},\"thumbnailUrl\":\"https:\\\/\\\/media.radiolitoral.com\\\/wp-content\\\/uploads\\\/2023\\\/03\\\/14141207\\\/cementerio.jpeg\",\"keywords\":[\"Calp\",\"Calpe\",\"cementerio de mascotas\",\"cementerio de perros\",\"parques caninos\",\"playa para perros\"],\"articleSection\":[\"Pol\u00edtica\"],\"inLanguage\":\"ca\",\"potentialAction\":[{\"@type\":\"CommentAction\",\"name\":\"Comment\",\"target\":[\"https:\\\/\\\/radiolitoral.com\\\/2023\\\/03\\\/calp-contara-con-un-cementerio-para-mascotas-si-cesar-sanchez-gana-las-elecciones\\\/#respond\"]}]},{\"@type\":[\"WebPage\",\"ItemPage\"],\"@id\":\"https:\\\/\\\/radiolitoral.com\\\/2023\\\/03\\\/calp-contara-con-un-cementerio-para-mascotas-si-cesar-sanchez-gana-las-elecciones\\\/\",\"url\":\"https:\\\/\\\/radiolitoral.com\\\/2023\\\/03\\\/calp-contara-con-un-cementerio-para-mascotas-si-cesar-sanchez-gana-las-elecciones\\\/\",\"name\":\"Calp contar\u00e1 con un cementerio para mascotas si C\u00e9sar S\u00e1nchez gana las elecciones | R\u00e0dio Litoral\",\"isPartOf\":{\"@id\":\"https:\\\/\\\/radiolitoral.com\\\/#website\"},\"primaryImageOfPage\":{\"@id\":\"https:\\\/\\\/radiolitoral.com\\\/2023\\\/03\\\/calp-contara-con-un-cementerio-para-mascotas-si-cesar-sanchez-gana-las-elecciones\\\/#primaryimage\"},\"image\":{\"@id\":\"https:\\\/\\\/radiolitoral.com\\\/2023\\\/03\\\/calp-contara-con-un-cementerio-para-mascotas-si-cesar-sanchez-gana-las-elecciones\\\/#primaryimage\"},\"thumbnailUrl\":\"https:\\\/\\\/media.radiolitoral.com\\\/wp-content\\\/uploads\\\/2023\\\/03\\\/14141207\\\/cementerio.jpeg\",\"datePublished\":\"2023-03-14T13:12:30+00:00\",\"dateModified\":\"2023-03-14T13:13:10+00:00\",\"description\":\"El municipio tambi\u00e9n contar\u00e1 con playas accesibles en invierno, una protectora para gatos y m\u00e1s parque caninos\",\"breadcrumb\":{\"@id\":\"https:\\\/\\\/radiolitoral.com\\\/2023\\\/03\\\/calp-contara-con-un-cementerio-para-mascotas-si-cesar-sanchez-gana-las-elecciones\\\/#breadcrumb\"},\"inLanguage\":\"ca\",\"potentialAction\":[{\"@type\":\"ReadAction\",\"target\":[\"https:\\\/\\\/radiolitoral.com\\\/2023\\\/03\\\/calp-contara-con-un-cementerio-para-mascotas-si-cesar-sanchez-gana-las-elecciones\\\/\"]}]},{\"@type\":\"ImageObject\",\"inLanguage\":\"ca\",\"@id\":\"https:\\\/\\\/radiolitoral.com\\\/2023\\\/03\\\/calp-contara-con-un-cementerio-para-mascotas-si-cesar-sanchez-gana-las-elecciones\\\/#primaryimage\",\"url\":\"https:\\\/\\\/media.radiolitoral.com\\\/wp-content\\\/uploads\\\/2023\\\/03\\\/14141207\\\/cementerio.jpeg\",\"contentUrl\":\"https:\\\/\\\/media.radiolitoral.com\\\/wp-content\\\/uploads\\\/2023\\\/03\\\/14141207\\\/cementerio.jpeg\",\"width\":1200,\"height\":900},{\"@type\":\"BreadcrumbList\",\"@id\":\"https:\\\/\\\/radiolitoral.com\\\/2023\\\/03\\\/calp-contara-con-un-cementerio-para-mascotas-si-cesar-sanchez-gana-las-elecciones\\\/#breadcrumb\",\"itemListElement\":[{\"@type\":\"ListItem\",\"position\":1,\"name\":\"Portada\",\"item\":\"https:\\\/\\\/radiolitoral.com\\\/\"},{\"@type\":\"ListItem\",\"position\":2,\"name\":\"Calp contar\u00e1 con un cementerio para mascotas si C\u00e9sar S\u00e1nchez gana las elecciones\"}]},{\"@type\":\"WebSite\",\"@id\":\"https:\\\/\\\/radiolitoral.com\\\/#website\",\"url\":\"https:\\\/\\\/radiolitoral.com\\\/\",\"name\":\"Radio Litoral\",\"description\":\"La radio local de la Marina Alta\",\"publisher\":{\"@id\":\"https:\\\/\\\/radiolitoral.com\\\/#organization\"},\"alternateName\":\"Litoral FM\",\"potentialAction\":[{\"@type\":\"SearchAction\",\"target\":{\"@type\":\"EntryPoint\",\"urlTemplate\":\"https:\\\/\\\/radiolitoral.com\\\/?s={search_term_string}\"},\"query-input\":{\"@type\":\"PropertyValueSpecification\",\"valueRequired\":true,\"valueName\":\"search_term_string\"}}],\"inLanguage\":\"ca\"},{\"@type\":\"Organization\",\"@id\":\"https:\\\/\\\/radiolitoral.com\\\/#organization\",\"name\":\"Radio Litoral\",\"url\":\"https:\\\/\\\/radiolitoral.com\\\/\",\"logo\":{\"@type\":\"ImageObject\",\"inLanguage\":\"ca\",\"@id\":\"https:\\\/\\\/radiolitoral.com\\\/#\\\/schema\\\/logo\\\/image\\\/\",\"url\":\"https:\\\/\\\/media.radiolitoral.com\\\/wp-content\\\/uploads\\\/2023\\\/02\\\/24143238\\\/CL-V-RadioLitoral696.png\",\"contentUrl\":\"https:\\\/\\\/media.radiolitoral.com\\\/wp-content\\\/uploads\\\/2023\\\/02\\\/24143238\\\/CL-V-RadioLitoral696.png\",\"width\":696,\"height\":696,\"caption\":\"Radio Litoral\"},\"image\":{\"@id\":\"https:\\\/\\\/radiolitoral.com\\\/#\\\/schema\\\/logo\\\/image\\\/\"},\"sameAs\":[\"https:\\\/\\\/www.facebook.com\\\/Laradiolitoral\\\/\"]},{\"@type\":\"Person\",\"@id\":\"https:\\\/\\\/radiolitoral.com\\\/#\\\/schema\\\/person\\\/f2b2343c49b5d721857cc1002bfdb151\",\"name\":\"Redacci\u00f3n\",\"image\":{\"@type\":\"ImageObject\",\"inLanguage\":\"ca\",\"@id\":\"https:\\\/\\\/secure.gravatar.com\\\/avatar\\\/f771d896c203ad8b3382d7905cfcce5a5c9b008b84b3cd9114e9b9f4cb63f789?s=96&d=mm&r=g\",\"url\":\"https:\\\/\\\/secure.gravatar.com\\\/avatar\\\/f771d896c203ad8b3382d7905cfcce5a5c9b008b84b3cd9114e9b9f4cb63f789?s=96&d=mm&r=g\",\"contentUrl\":\"https:\\\/\\\/secure.gravatar.com\\\/avatar\\\/f771d896c203ad8b3382d7905cfcce5a5c9b008b84b3cd9114e9b9f4cb63f789?s=96&d=mm&r=g\",\"caption\":\"Redacci\u00f3n\"},\"url\":\"https:\\\/\\\/radiolitoral.com\\\/ca\\\/author\\\/miriam-pagan\\\/\"}]}<\/script>\n<!-- \/ Yoast SEO plugin. -->","yoast_head_json":{"title":"Calp comptar\u00e0 amb un cementiri per a mascotes si C\u00e9sar S\u00e1nchez guanya les eleccions | R\u00e0dio Litoral","description":"El municipi tamb\u00e9 comptar\u00e0 amb platges accessibles a l&#039;hivern, una protectora per a gats i m\u00e9s parc caninos","robots":{"index":"index","follow":"follow","max-snippet":"max-snippet:-1","max-image-preview":"max-image-preview:large","max-video-preview":"max-video-preview:-1"},"canonical":"https:\/\/radiolitoral.com\/ca\/2023\/03\/calp-comptara-amb-un-cementiri-per-a-mascotes-si-cessar-sanchez-guanya-les-eleccions\/","og_locale":"ca_ES","og_type":"article","og_title":"Calp contar\u00e1 con un cementerio para mascotas si C\u00e9sar S\u00e1nchez gana las elecciones | R\u00e0dio Litoral","og_description":"El municipio tambi\u00e9n contar\u00e1 con playas accesibles en invierno, una protectora para gatos y m\u00e1s parque caninos","og_url":"https:\/\/radiolitoral.com\/ca\/2023\/03\/calp-comptara-amb-un-cementiri-per-a-mascotes-si-cessar-sanchez-guanya-les-eleccions\/","og_site_name":"R\u00e0dio Litoral","article_publisher":"https:\/\/www.facebook.com\/Laradiolitoral\/","article_published_time":"2023-03-14T13:12:30+00:00","article_modified_time":"2023-03-14T13:13:10+00:00","og_image":[{"width":1200,"height":900,"url":"https:\/\/media.radiolitoral.com\/wp-content\/uploads\/2023\/03\/14141207\/cementerio.jpeg","type":"image\/jpeg"}],"author":"Redacci\u00f3n","twitter_card":"summary_large_image","twitter_misc":{"Escrit per":"Redacci\u00f3n","Temps estimat de lectura":"1 minut"},"schema":{"@context":"https:\/\/schema.org","@graph":[{"@type":"NewsArticle","@id":"https:\/\/radiolitoral.com\/2023\/03\/calp-contara-con-un-cementerio-para-mascotas-si-cesar-sanchez-gana-las-elecciones\/#article","isPartOf":{"@id":"https:\/\/radiolitoral.com\/2023\/03\/calp-contara-con-un-cementerio-para-mascotas-si-cesar-sanchez-gana-las-elecciones\/"},"author":{"name":"Redacci\u00f3n","@id":"https:\/\/radiolitoral.com\/#\/schema\/person\/f2b2343c49b5d721857cc1002bfdb151"},"headline":"Calp contar\u00e1 con un cementerio para mascotas si C\u00e9sar S\u00e1nchez gana las elecciones","datePublished":"2023-03-14T13:12:30+00:00","dateModified":"2023-03-14T13:13:10+00:00","mainEntityOfPage":{"@id":"https:\/\/radiolitoral.com\/2023\/03\/calp-contara-con-un-cementerio-para-mascotas-si-cesar-sanchez-gana-las-elecciones\/"},"wordCount":227,"commentCount":0,"publisher":{"@id":"https:\/\/radiolitoral.com\/#organization"},"image":{"@id":"https:\/\/radiolitoral.com\/2023\/03\/calp-contara-con-un-cementerio-para-mascotas-si-cesar-sanchez-gana-las-elecciones\/#primaryimage"},"thumbnailUrl":"https:\/\/media.radiolitoral.com\/wp-content\/uploads\/2023\/03\/14141207\/cementerio.jpeg","keywords":["Calp","Calpe","cementerio de mascotas","cementerio de perros","parques caninos","playa para perros"],"articleSection":["Pol\u00edtica"],"inLanguage":"ca","potentialAction":[{"@type":"CommentAction","name":"Comment","target":["https:\/\/radiolitoral.com\/2023\/03\/calp-contara-con-un-cementerio-para-mascotas-si-cesar-sanchez-gana-las-elecciones\/#respond"]}]},{"@type":["WebPage","ItemPage"],"@id":"https:\/\/radiolitoral.com\/2023\/03\/calp-contara-con-un-cementerio-para-mascotas-si-cesar-sanchez-gana-las-elecciones\/","url":"https:\/\/radiolitoral.com\/2023\/03\/calp-contara-con-un-cementerio-para-mascotas-si-cesar-sanchez-gana-las-elecciones\/","name":"Calp comptar\u00e0 amb un cementiri per a mascotes si C\u00e9sar S\u00e1nchez guanya les eleccions | R\u00e0dio Litoral","isPartOf":{"@id":"https:\/\/radiolitoral.com\/#website"},"primaryImageOfPage":{"@id":"https:\/\/radiolitoral.com\/2023\/03\/calp-contara-con-un-cementerio-para-mascotas-si-cesar-sanchez-gana-las-elecciones\/#primaryimage"},"image":{"@id":"https:\/\/radiolitoral.com\/2023\/03\/calp-contara-con-un-cementerio-para-mascotas-si-cesar-sanchez-gana-las-elecciones\/#primaryimage"},"thumbnailUrl":"https:\/\/media.radiolitoral.com\/wp-content\/uploads\/2023\/03\/14141207\/cementerio.jpeg","datePublished":"2023-03-14T13:12:30+00:00","dateModified":"2023-03-14T13:13:10+00:00","description":"El municipi tamb\u00e9 comptar\u00e0 amb platges accessibles a l&#039;hivern, una protectora per a gats i m\u00e9s parc caninos","breadcrumb":{"@id":"https:\/\/radiolitoral.com\/2023\/03\/calp-contara-con-un-cementerio-para-mascotas-si-cesar-sanchez-gana-las-elecciones\/#breadcrumb"},"inLanguage":"ca","potentialAction":[{"@type":"ReadAction","target":["https:\/\/radiolitoral.com\/2023\/03\/calp-contara-con-un-cementerio-para-mascotas-si-cesar-sanchez-gana-las-elecciones\/"]}]},{"@type":"ImageObject","inLanguage":"ca","@id":"https:\/\/radiolitoral.com\/2023\/03\/calp-contara-con-un-cementerio-para-mascotas-si-cesar-sanchez-gana-las-elecciones\/#primaryimage","url":"https:\/\/media.radiolitoral.com\/wp-content\/uploads\/2023\/03\/14141207\/cementerio.jpeg","contentUrl":"https:\/\/media.radiolitoral.com\/wp-content\/uploads\/2023\/03\/14141207\/cementerio.jpeg","width":1200,"height":900},{"@type":"BreadcrumbList","@id":"https:\/\/radiolitoral.com\/2023\/03\/calp-contara-con-un-cementerio-para-mascotas-si-cesar-sanchez-gana-las-elecciones\/#breadcrumb","itemListElement":[{"@type":"ListItem","position":1,"name":"Portada","item":"https:\/\/radiolitoral.com\/"},{"@type":"ListItem","position":2,"name":"Calp contar\u00e1 con un cementerio para mascotas si C\u00e9sar S\u00e1nchez gana las elecciones"}]},{"@type":"WebSite","@id":"https:\/\/radiolitoral.com\/#website","url":"https:\/\/radiolitoral.com\/","name":"R\u00e0dio Litoral","description":"La r\u00e0dio local de la Marina Alta","publisher":{"@id":"https:\/\/radiolitoral.com\/#organization"},"alternateName":"Litoral FM","potentialAction":[{"@type":"SearchAction","target":{"@type":"EntryPoint","urlTemplate":"https:\/\/radiolitoral.com\/?s={search_term_string}"},"query-input":{"@type":"PropertyValueSpecification","valueRequired":true,"valueName":"search_term_string"}}],"inLanguage":"ca"},{"@type":"Organization","@id":"https:\/\/radiolitoral.com\/#organization","name":"R\u00e0dio Litoral","url":"https:\/\/radiolitoral.com\/","logo":{"@type":"ImageObject","inLanguage":"ca","@id":"https:\/\/radiolitoral.com\/#\/schema\/logo\/image\/","url":"https:\/\/media.radiolitoral.com\/wp-content\/uploads\/2023\/02\/24143238\/CL-V-RadioLitoral696.png","contentUrl":"https:\/\/media.radiolitoral.com\/wp-content\/uploads\/2023\/02\/24143238\/CL-V-RadioLitoral696.png","width":696,"height":696,"caption":"Radio Litoral"},"image":{"@id":"https:\/\/radiolitoral.com\/#\/schema\/logo\/image\/"},"sameAs":["https:\/\/www.facebook.com\/Laradiolitoral\/"]},{"@type":"Person","@id":"https:\/\/radiolitoral.com\/#\/schema\/person\/f2b2343c49b5d721857cc1002bfdb151","name":"Redacci\u00f3","image":{"@type":"ImageObject","inLanguage":"ca","@id":"https:\/\/secure.gravatar.com\/avatar\/f771d896c203ad8b3382d7905cfcce5a5c9b008b84b3cd9114e9b9f4cb63f789?s=96&d=mm&r=g","url":"https:\/\/secure.gravatar.com\/avatar\/f771d896c203ad8b3382d7905cfcce5a5c9b008b84b3cd9114e9b9f4cb63f789?s=96&d=mm&r=g","contentUrl":"https:\/\/secure.gravatar.com\/avatar\/f771d896c203ad8b3382d7905cfcce5a5c9b008b84b3cd9114e9b9f4cb63f789?s=96&d=mm&r=g","caption":"Redacci\u00f3n"},"url":"https:\/\/radiolitoral.com\/ca\/author\/miriam-pagan\/"}]}},"_links":{"self":[{"href":"https:\/\/radiolitoral.com\/ca\/wp-json\/wp\/v2\/posts\/1299","targetHints":{"allow":["GET"]}}],"collection":[{"href":"https:\/\/radiolitoral.com\/ca\/wp-json\/wp\/v2\/posts"}],"about":[{"href":"https:\/\/radiolitoral.com\/ca\/wp-json\/wp\/v2\/types\/post"}],"author":[{"embeddable":true,"href":"https:\/\/radiolitoral.com\/ca\/wp-json\/wp\/v2\/users\/13"}],"replies":[{"embeddable":true,"href":"https:\/\/radiolitoral.com\/ca\/wp-json\/wp\/v2\/comments?post=1299"}],"version-history":[{"count":1,"href":"https:\/\/radiolitoral.com\/ca\/wp-json\/wp\/v2\/posts\/1299\/revisions"}],"predecessor-version":[{"id":1302,"href":"https:\/\/radiolitoral.com\/ca\/wp-json\/wp\/v2\/posts\/1299\/revisions\/1302"}],"wp:featuredmedia":[{"embeddable":true,"href":"https:\/\/radiolitoral.com\/ca\/wp-json\/wp\/v2\/media\/1301"}],"wp:attachment":[{"href":"https:\/\/radiolitoral.com\/ca\/wp-json\/wp\/v2\/media?parent=1299"}],"wp:term":[{"taxonomy":"category","embeddable":true,"href":"https:\/\/radiolitoral.com\/ca\/wp-json\/wp\/v2\/categories?post=1299"},{"taxonomy":"post_tag","embeddable":true,"href":"https:\/\/radiolitoral.com\/ca\/wp-json\/wp\/v2\/tags?post=1299"}],"curies":[{"name":"wp","href":"https:\/\/api.w.org\/{rel}","templated":true}]}}