{"id":12986,"date":"2024-11-11T09:17:10","date_gmt":"2024-11-11T08:17:10","guid":{"rendered":"https:\/\/radiolitoral.com\/?p=12986"},"modified":"2024-11-11T09:17:10","modified_gmt":"2024-11-11T08:17:10","slug":"activitats-marina-alta-25n-2024","status":"publish","type":"post","link":"https:\/\/radiolitoral.com\/ca\/2024\/11\/actividades-marina-alta-25n-2024\/","title":{"rendered":"La Marina Alta s&#039;uneix per condemnar la viol\u00e8ncia contra les dones"},"content":{"rendered":"<p>Amb motiu del Dia Internacional per a l&#039;Eliminaci\u00f3 de la Viol\u00e8ncia contra les Dones, el proper 25 de novembre, diversos municipis de la Marina Alta han preparat una completa agenda d&#039;actes. Tallers, xerrades, teatre, concentracions i altres esdeveniments se succeiran al llarg del mes amb l&#039;objectiu de conscienciar i implicar la societat en la lluita contra les viol\u00e8ncies masclistes.<\/p>\n<h3>Benissa<\/h3>\n<p><strong>Del 8 al 30 de novembre<\/strong><\/p>\n<p>Curs gratu\u00eft de defensa personal per a dons.<br \/>\nDies: Divendres 8, 15 i 22 de 16.30 a 19.30 hi dissabte 30 de 9.30 a 12.30 h.<br \/>\nLloc: Piscina Municipal.<br \/>\nInscripcions: igualtat@ajbenissa.es o 674203433<\/p>\n<p><strong>9 de novembre<\/strong><\/p>\n<p>Distribuci\u00f3 de rodabalcons contra la viol\u00e8ncia de g\u00e8nere i vacunaci\u00f3 simb\u00f2lica contra la viol\u00e8ncia.<br \/>\nHorari: Des de les 10h fins a les 13h.<br \/>\nLloc: Mercat.<br \/>\nDe l&#039;11 al 21 de novembre<\/p>\n<p><strong>25 de novembre<\/strong><\/p>\n<p>Tallers de prevenci\u00f3 contra la viol\u00e8ncia a l&#039;IES Josep Iborra.<br \/>\nJornada sobre la primera actuaci\u00f3 en viol\u00e8ncia de g\u00e8nere (protocol zero). Horari: De 9:30 a 13:30 h Lloc: Cases del Batlle.<br \/>\nActe de commemoraci\u00f3 del 25N amb l&#039;IES Josep Iborra. Horari: 10.45 a 11.15 h.<br \/>\nConcentraci\u00f3 a la pla\u00e7a Jaume I i lectura del manifest. Horari: 20:00 h.<\/p>\n<p><strong>26 de novembre<\/strong><\/p>\n<p>Xerrada sobre Recursos Municipals a Viol\u00e8ncia de G\u00e8nere. Horari: 11:30 h. Lloc: Sal\u00f3 Cultural.<\/p>\n<p>29 de novembre<\/p>\n<p>Teatre Anselma &amp; Luisa, per la companyia Tel\u00f3n Negro. Horari: 22:00 h. Lloc: Sal\u00f3 Cultural. Entrada gratu\u00efta.<\/p>\n<h3><img loading=\"lazy\" decoding=\"async\" class=\"aligncenter wp-image-12988 size-large\" src=\"https:\/\/media.radiolitoral.com\/wp-content\/uploads\/2024\/11\/10184439\/465372026_985006987001710_3731137718477473852_n-1024x1024.jpg\" alt=\"\" width=\"640\" height=\"640\" srcset=\"https:\/\/media.radiolitoral.com\/wp-content\/uploads\/2024\/11\/10184439\/465372026_985006987001710_3731137718477473852_n-1024x1024.jpg 1024w, https:\/\/media.radiolitoral.com\/wp-content\/uploads\/2024\/11\/10184439\/465372026_985006987001710_3731137718477473852_n-300x300.jpg 300w, https:\/\/media.radiolitoral.com\/wp-content\/uploads\/2024\/11\/10184439\/465372026_985006987001710_3731137718477473852_n-150x150.jpg 150w, https:\/\/media.radiolitoral.com\/wp-content\/uploads\/2024\/11\/10184439\/465372026_985006987001710_3731137718477473852_n-768x768.jpg 768w, https:\/\/media.radiolitoral.com\/wp-content\/uploads\/2024\/11\/10184439\/465372026_985006987001710_3731137718477473852_n-12x12.jpg 12w, https:\/\/media.radiolitoral.com\/wp-content\/uploads\/2024\/11\/10184439\/465372026_985006987001710_3731137718477473852_n-1000x1000.jpg 1000w, https:\/\/media.radiolitoral.com\/wp-content\/uploads\/2024\/11\/10184439\/465372026_985006987001710_3731137718477473852_n-100x100.jpg 100w, https:\/\/media.radiolitoral.com\/wp-content\/uploads\/2024\/11\/10184439\/465372026_985006987001710_3731137718477473852_n-200x200.jpg 200w, https:\/\/media.radiolitoral.com\/wp-content\/uploads\/2024\/11\/10184439\/465372026_985006987001710_3731137718477473852_n.jpg 1080w\" sizes=\"auto, (max-width: 640px) 100vw, 640px\" \/><br \/>\nCalp<\/h3>\n<p>A Calp, la programaci\u00f3 del 25N \u00e9s extensa i inclou la participaci\u00f3 d&#039;associacions locals com l&#039;Associaci\u00f3 de Dones per la Igualtat, el N\u00favol Roig i la Seu Universit\u00e0ria de Calp UA.<\/p>\n<p><strong>De l&#039;1 al 30 de novembre<\/strong><\/p>\n<p>Exposici\u00f3 de carrer \u00abEls xifres de la viol\u00e8ncia machista\u00bb. Lloc: Casc antic.<\/p>\n<p><strong>Del 6 al 28 de novembre<\/strong><\/p>\n<p>Exposici\u00f3 \u201c10 anys compromisos\u201d organitzada per l&#039;Associaci\u00f3 de Dones per la Igualtat de Calp. Lloc: Ajuntament Vell. Inauguraci\u00f3: Dimecres 6 de novembre a les 19 h.<\/p>\n<p><strong>8 de novembre<\/strong><\/p>\n<p>Acci\u00f3 col\u00b7laborativa \u201cSabates vermelles\u201d per visibilitzar les v\u00edctimas de la viol\u00e8ncia machista.<br \/>\nHorari: 12.00 h.<br \/>\nLloc: Pla\u00e7a Major.<\/p>\n<p><strong>15 de novembre<\/strong><\/p>\n<p>Xerrada: \u201cConeix els serveis locals i comarcals per a la prevenci\u00f3 i atenci\u00f3 a les dones en situacions de viol\u00e8ncia de g\u00e8nere\u201d.<br \/>\nHorari: 19.00 h.<br \/>\nLloc: Ajuntament Vell, c\/ Francisco Zaragoza, 2.<\/p>\n<p><strong>20 de novembre<\/strong><\/p>\n<p>Projecci\u00f3 del documental \u201cEncara \u00e9s temps de feminisme\u201d i col\u00b7loqui amb els directors de Towanda Rebels.<br \/>\nHorari: 18.00 h.<br \/>\nLloc: Auditori de la Casa Cultura de Calp.<\/p>\n<p><strong>22 de novembre<\/strong><\/p>\n<p>Xerrada \u201cLa coeducaci\u00f3 com a cam\u00ed contra la viol\u00e8ncia machista\u201d.<br \/>\nHorari: 19.00 h.<br \/>\nLloc: Ajuntament Vell, c\/ Francisco Zaragoza, 2.<\/p>\n<p><strong>25 de novembre<\/strong><\/p>\n<p>Acci\u00f3 de visibilitzaci\u00f3 \u201cSabates vermelles\u201d i lectura del manifest.<br \/>\nHorari: 11.30 h.<br \/>\nLloc: Pla\u00e7a Major.<br \/>\n12.00 h: Lectura del manifest institucional a l&#039;Auditori, Casa de Cultura de Calp.<\/p>\n<p><strong>27 de novembre<\/strong><\/p>\n<p>Xerrada \u201cCalladita est\u00e0s m\u00e9s maca: les viol\u00e8ncies masclistes des del llenguatge\u201d.<br \/>\nHorari: 19.00 h.<br \/>\nLloc: Seu Universit\u00e0ria Calp UA.<\/p>\n<p><strong>29 de novembre<\/strong><\/p>\n<p>Exposici\u00f3 \u201cTransbordaments\u201d de Susana Garc\u00eda.<br \/>\nLloc: Casa de Cultura de Calp.<\/p>\n<h3><img loading=\"lazy\" decoding=\"async\" class=\"aligncenter wp-image-12987 size-large\" src=\"https:\/\/media.radiolitoral.com\/wp-content\/uploads\/2024\/11\/10184434\/464199442_974569051378548_1459961967311013232_n-1-763x1024.jpg\" alt=\"\" width=\"640\" height=\"859\" srcset=\"https:\/\/media.radiolitoral.com\/wp-content\/uploads\/2024\/11\/10184434\/464199442_974569051378548_1459961967311013232_n-1-763x1024.jpg 763w, https:\/\/media.radiolitoral.com\/wp-content\/uploads\/2024\/11\/10184434\/464199442_974569051378548_1459961967311013232_n-1-224x300.jpg 224w, https:\/\/media.radiolitoral.com\/wp-content\/uploads\/2024\/11\/10184434\/464199442_974569051378548_1459961967311013232_n-1-768x1031.jpg 768w, https:\/\/media.radiolitoral.com\/wp-content\/uploads\/2024\/11\/10184434\/464199442_974569051378548_1459961967311013232_n-1-1145x1536.jpg 1145w, https:\/\/media.radiolitoral.com\/wp-content\/uploads\/2024\/11\/10184434\/464199442_974569051378548_1459961967311013232_n-1-9x12.jpg 9w, https:\/\/media.radiolitoral.com\/wp-content\/uploads\/2024\/11\/10184434\/464199442_974569051378548_1459961967311013232_n-1-745x1000.jpg 745w, https:\/\/media.radiolitoral.com\/wp-content\/uploads\/2024\/11\/10184434\/464199442_974569051378548_1459961967311013232_n-1-75x100.jpg 75w, https:\/\/media.radiolitoral.com\/wp-content\/uploads\/2024\/11\/10184434\/464199442_974569051378548_1459961967311013232_n-1-149x200.jpg 149w, https:\/\/media.radiolitoral.com\/wp-content\/uploads\/2024\/11\/10184434\/464199442_974569051378548_1459961967311013232_n-1.jpg 1526w\" sizes=\"auto, (max-width: 640px) 100vw, 640px\" \/><\/h3>\n<h3>El Poble Nou de Benitatxell<\/h3>\n<p>El Poble Nou de Benitatxell ha preparat un programa que s&#039;estigui del 23 al 30 de novembre, amb la col\u00b7laboraci\u00f3 de l&#039;Associaci\u00f3 de Dones, EUWMA i Cl\u00e0ssiques i Modernes.<\/p>\n<p><strong>23 de novembre<\/strong><\/p>\n<p>Contacontes \u201cContes i rimes panxa pa&#039;riba\u201d per a p\u00fablic familiar.<br \/>\nHorari: 11.00 h.<br \/>\nLloc: Biblioteca.<\/p>\n<p><strong>25 de novembre<\/strong><\/p>\n<p>Lectura del manifest contra les viol\u00e8ncies masclistes per part del CEIP Santa Maria Magdalena.<br \/>\nCinef\u00f2rum: Projecci\u00f3 de la pel\u00b7l\u00edcula \u201cSota ter\u00e0pia\u201d i col\u00b7loqui amb Ren\u00e9e Aguilar.<br \/>\nLloc: Ajuntament (comitiva i lectura de manifest).<\/p>\n<p><strong>26 de novembre<\/strong><\/p>\n<p>Taller d&#039;autodefensa amb Paddy Brennan i exercicis de ball amb Pam Small.<br \/>\nLloc: Biblioteca. S&#039;oferir\u00e0 caf\u00e8 i dol\u00e7os.<br \/>\n27 de novembre<br \/>\nMural participatiu en mem\u00f2ria de les v\u00edctimes de la viol\u00e8ncia machista.<br \/>\nLloc: Mercat.<\/p>\n<p><strong>28 de novembre<\/strong><\/p>\n<p>Taula rodona \u201cIndicadors i recursos davant de la viol\u00e8ncia de g\u00e8nere\u201d amb professionals del Centre Dona D\u00e9nia i altres experts.<br \/>\nLloc: Biblioteca.<\/p>\n<p><strong>29 de novembre<\/strong><\/p>\n<p>Xerrada \u201cCom actuar davant la viol\u00e8ncia de g\u00e8nere?\u201d amb Pilar Vidal (Gu\u00e0rdia Civil) i Elena d&#039;Alkaia (Policia Local).<br \/>\nLloc: Club de Golf X\u00e0bia (mat\u00ed).<br \/>\nXerrada \u201cVeus silenciades\u201d pel Dr. Reglo Lorente.<br \/>\nLloc: Centre Social.<\/p>\n<p><strong>30 de novembre<\/strong><\/p>\n<p>Sexta \u201cEsmorzar entre llibres i dones\u201d amb lectura de textos.<br \/>\nLloc: Biblioteca.<\/p>\n<p><img loading=\"lazy\" decoding=\"async\" class=\"aligncenter wp-image-12989 size-large\" src=\"https:\/\/media.radiolitoral.com\/wp-content\/uploads\/2024\/11\/10184444\/465965505_874048268147780_1220889011564915328_n-724x1024.jpg\" alt=\"\" width=\"640\" height=\"905\" srcset=\"https:\/\/media.radiolitoral.com\/wp-content\/uploads\/2024\/11\/10184444\/465965505_874048268147780_1220889011564915328_n-724x1024.jpg 724w, https:\/\/media.radiolitoral.com\/wp-content\/uploads\/2024\/11\/10184444\/465965505_874048268147780_1220889011564915328_n-212x300.jpg 212w, https:\/\/media.radiolitoral.com\/wp-content\/uploads\/2024\/11\/10184444\/465965505_874048268147780_1220889011564915328_n-768x1086.jpg 768w, https:\/\/media.radiolitoral.com\/wp-content\/uploads\/2024\/11\/10184444\/465965505_874048268147780_1220889011564915328_n-1086x1536.jpg 1086w, https:\/\/media.radiolitoral.com\/wp-content\/uploads\/2024\/11\/10184444\/465965505_874048268147780_1220889011564915328_n-8x12.jpg 8w, https:\/\/media.radiolitoral.com\/wp-content\/uploads\/2024\/11\/10184444\/465965505_874048268147780_1220889011564915328_n-707x1000.jpg 707w, https:\/\/media.radiolitoral.com\/wp-content\/uploads\/2024\/11\/10184444\/465965505_874048268147780_1220889011564915328_n-71x100.jpg 71w, https:\/\/media.radiolitoral.com\/wp-content\/uploads\/2024\/11\/10184444\/465965505_874048268147780_1220889011564915328_n-141x200.jpg 141w, https:\/\/media.radiolitoral.com\/wp-content\/uploads\/2024\/11\/10184444\/465965505_874048268147780_1220889011564915328_n.jpg 1414w\" sizes=\"auto, (max-width: 640px) 100vw, 640px\" \/><\/p>\n<h3>Pedreguer<\/h3>\n<p>Pedreguer, sota el lema \u201cS&#039;ha acabat, prou de viol\u00e8ncies cap a les dones\u201d, ha preparat una programaci\u00f3 durant tot el mes de novembre.<\/p>\n<p><strong>14 de novembre<\/strong><\/p>\n<p>Teatre \u201cBesa&#039;m 2.0\u201d de Pepa Cases.<br \/>\nHorari: 19.30 h.<br \/>\nLloc: Espai Cultural La Pista.<\/p>\n<p><strong>21 de novembre<\/strong><\/p>\n<p>Taller d&#039;il\u00b7lustraci\u00f3, creativitat i collage amb Tres Voltes Rebel.<br \/>\nHorari: 18.00 h.<br \/>\nLloc: Cal Comes. Inscripcions a joventut@pedreguer.es.<\/p>\n<p><strong>22 de novembre<\/strong><\/p>\n<p>Presentaci\u00f3 dels microrelats de l&#039;alumnat de l&#039;IES Pedreguer amb Salom\u00e9 Buigues Ferrer.<br \/>\nHorari: 19.00 h.<br \/>\nLloc: Casa de la Cultura.<\/p>\n<p><strong>25 de novembre<\/strong><\/p>\n<p>Manifestaci\u00f3 pel 25N.<br \/>\nHorari: 19.30 h.<br \/>\nLloc: Glorieta.<\/p>\n<p><img loading=\"lazy\" decoding=\"async\" class=\"aligncenter wp-image-12990 size-large\" src=\"https:\/\/media.radiolitoral.com\/wp-content\/uploads\/2024\/11\/10184450\/466337705_979963080842562_6896590683102412958_n-680x1024.jpg\" alt=\"\" width=\"640\" height=\"964\" srcset=\"https:\/\/media.radiolitoral.com\/wp-content\/uploads\/2024\/11\/10184450\/466337705_979963080842562_6896590683102412958_n-680x1024.jpg 680w, https:\/\/media.radiolitoral.com\/wp-content\/uploads\/2024\/11\/10184450\/466337705_979963080842562_6896590683102412958_n-199x300.jpg 199w, https:\/\/media.radiolitoral.com\/wp-content\/uploads\/2024\/11\/10184450\/466337705_979963080842562_6896590683102412958_n-768x1156.jpg 768w, https:\/\/media.radiolitoral.com\/wp-content\/uploads\/2024\/11\/10184450\/466337705_979963080842562_6896590683102412958_n-8x12.jpg 8w, https:\/\/media.radiolitoral.com\/wp-content\/uploads\/2024\/11\/10184450\/466337705_979963080842562_6896590683102412958_n-200x300.jpg 200w, https:\/\/media.radiolitoral.com\/wp-content\/uploads\/2024\/11\/10184450\/466337705_979963080842562_6896590683102412958_n-664x1000.jpg 664w, https:\/\/media.radiolitoral.com\/wp-content\/uploads\/2024\/11\/10184450\/466337705_979963080842562_6896590683102412958_n-66x100.jpg 66w, https:\/\/media.radiolitoral.com\/wp-content\/uploads\/2024\/11\/10184450\/466337705_979963080842562_6896590683102412958_n-133x200.jpg 133w, https:\/\/media.radiolitoral.com\/wp-content\/uploads\/2024\/11\/10184450\/466337705_979963080842562_6896590683102412958_n.jpg 797w\" sizes=\"auto, (max-width: 640px) 100vw, 640px\" \/><\/p>","protected":false},"excerpt":{"rendered":"<p>Amb motiu del Dia Internacional per a l&#8217;Eliminaci\u00f3 de la Viol\u00e8ncia contra les Dones, el pr\u00f2xim 25 de novembre, diversos municipis de la Marina Alta han preparat una completa agenda d&#8217;actes. Tallers, xerrades, teatre, concentracions i altres esdeveniments se succeiran al llarg del mes amb l&#8217;objectiu de conscienciar i implicar la societat en la lluita [&#8230;]<\/p>\n<p><a class=\"btn btn-secondary understrap-read-more-link\" href=\"https:\/\/radiolitoral.com\/ca\/2024\/11\/actividades-marina-alta-25n-2024\/\">Continua llegint&#8230;<span class=\"screen-reader-text\"> from La Marina Alta s&#8217;uneix per condemnar la viol\u00e8ncia contra les dones<\/span><\/a><\/p>\n","protected":false},"author":11,"featured_media":9913,"comment_status":"open","ping_status":"closed","sticky":false,"template":"","format":"standard","meta":{"_acf_changed":false,"inline_featured_image":false,"footnotes":""},"categories":[46],"tags":[2733,7,314,2734,1453],"class_list":["post-12986","post","type-post","status-publish","format-standard","has-post-thumbnail","hentry","category-sociedad","tag-25n","tag-actividades","tag-marina-alta","tag-prevencion-violencia-machista","tag-programacion","cobertura-marina-alta"],"acf":[],"yoast_head":"<!-- This site is optimized with the Yoast SEO plugin v27.5 - https:\/\/yoast.com\/product\/yoast-seo-wordpress\/ -->\n<title>La Marina Alta s&#039;uneix per condemnar la viol\u00e8ncia contra les dones | R\u00e0dio Litoral<\/title>\n<meta name=\"description\" content=\"Els pobles de la comarca organitzen activitats per sensibilitzar i mobilitzar la ciutadania entorn del 25N\" \/>\n<meta name=\"robots\" content=\"index, follow, max-snippet:-1, max-image-preview:large, max-video-preview:-1\" \/>\n<link rel=\"canonical\" href=\"https:\/\/radiolitoral.com\/ca\/2024\/11\/activitats-marina-alta-25n-2024\/\" \/>\n<meta property=\"og:locale\" content=\"ca_ES\" \/>\n<meta property=\"og:type\" content=\"article\" \/>\n<meta property=\"og:title\" content=\"La Marina Alta s&#039;uneix per condemnar la viol\u00e8ncia contra les dones | R\u00e0dio Litoral\" \/>\n<meta property=\"og:description\" content=\"Els pobles de la comarca organitzen activitats per sensibilitzar i mobilitzar la ciutadania entorn del 25N\" \/>\n<meta property=\"og:url\" content=\"https:\/\/radiolitoral.com\/ca\/2024\/11\/activitats-marina-alta-25n-2024\/\" \/>\n<meta property=\"og:site_name\" content=\"R\u00e0dio Litoral\" \/>\n<meta property=\"article:publisher\" content=\"https:\/\/www.facebook.com\/Laradiolitoral\/\" \/>\n<meta property=\"article:published_time\" content=\"2024-11-11T08:17:10+00:00\" \/>\n<meta property=\"og:image\" content=\"https:\/\/media.radiolitoral.com\/wp-content\/uploads\/2024\/07\/10112144\/WhatsApp-Image-2024-07-08-at-15.07.52.jpeg\" \/>\n\t<meta property=\"og:image:width\" content=\"1600\" \/>\n\t<meta property=\"og:image:height\" content=\"1066\" \/>\n\t<meta property=\"og:image:type\" content=\"image\/jpeg\" \/>\n<meta name=\"author\" content=\"Redacci\u00f3n\" \/>\n<meta name=\"twitter:card\" content=\"summary_large_image\" \/>\n<meta name=\"twitter:label1\" content=\"Escrit per\" \/>\n\t<meta name=\"twitter:data1\" content=\"Redacci\u00f3n\" \/>\n\t<meta name=\"twitter:label2\" content=\"Temps estimat de lectura\" \/>\n\t<meta name=\"twitter:data2\" content=\"5 minuts\" \/>\n<script type=\"application\/ld+json\" class=\"yoast-schema-graph\">{\"@context\":\"https:\\\/\\\/schema.org\",\"@graph\":[{\"@type\":\"NewsArticle\",\"@id\":\"https:\\\/\\\/radiolitoral.com\\\/2024\\\/11\\\/actividades-marina-alta-25n-2024\\\/#article\",\"isPartOf\":{\"@id\":\"https:\\\/\\\/radiolitoral.com\\\/2024\\\/11\\\/actividades-marina-alta-25n-2024\\\/\"},\"author\":{\"name\":\"Redacci\u00f3n\",\"@id\":\"https:\\\/\\\/radiolitoral.com\\\/#\\\/schema\\\/person\\\/aaadc9e35663a92bd94a05f5816f296d\"},\"headline\":\"La Marina Alta s&#8217;uneix per condemnar la viol\u00e8ncia contra les dones\",\"datePublished\":\"2024-11-11T08:17:10+00:00\",\"mainEntityOfPage\":{\"@id\":\"https:\\\/\\\/radiolitoral.com\\\/2024\\\/11\\\/actividades-marina-alta-25n-2024\\\/\"},\"wordCount\":816,\"commentCount\":0,\"publisher\":{\"@id\":\"https:\\\/\\\/radiolitoral.com\\\/#organization\"},\"image\":{\"@id\":\"https:\\\/\\\/radiolitoral.com\\\/2024\\\/11\\\/actividades-marina-alta-25n-2024\\\/#primaryimage\"},\"thumbnailUrl\":\"https:\\\/\\\/media.radiolitoral.com\\\/wp-content\\\/uploads\\\/2024\\\/07\\\/10112144\\\/WhatsApp-Image-2024-07-08-at-15.07.52.jpeg\",\"keywords\":[\"25N\",\"actividades\",\"Marina Alta\",\"prevenci\u00f3n violencia machista\",\"programaci\u00f3n\"],\"articleSection\":[\"Sociedad\"],\"inLanguage\":\"ca\",\"potentialAction\":[{\"@type\":\"CommentAction\",\"name\":\"Comment\",\"target\":[\"https:\\\/\\\/radiolitoral.com\\\/2024\\\/11\\\/actividades-marina-alta-25n-2024\\\/#respond\"]}]},{\"@type\":[\"WebPage\",\"ItemPage\"],\"@id\":\"https:\\\/\\\/radiolitoral.com\\\/2024\\\/11\\\/actividades-marina-alta-25n-2024\\\/\",\"url\":\"https:\\\/\\\/radiolitoral.com\\\/2024\\\/11\\\/actividades-marina-alta-25n-2024\\\/\",\"name\":\"La Marina Alta s'uneix per condemnar la viol\u00e8ncia contra les dones | R\u00e0dio Litoral\",\"isPartOf\":{\"@id\":\"https:\\\/\\\/radiolitoral.com\\\/#website\"},\"primaryImageOfPage\":{\"@id\":\"https:\\\/\\\/radiolitoral.com\\\/2024\\\/11\\\/actividades-marina-alta-25n-2024\\\/#primaryimage\"},\"image\":{\"@id\":\"https:\\\/\\\/radiolitoral.com\\\/2024\\\/11\\\/actividades-marina-alta-25n-2024\\\/#primaryimage\"},\"thumbnailUrl\":\"https:\\\/\\\/media.radiolitoral.com\\\/wp-content\\\/uploads\\\/2024\\\/07\\\/10112144\\\/WhatsApp-Image-2024-07-08-at-15.07.52.jpeg\",\"datePublished\":\"2024-11-11T08:17:10+00:00\",\"description\":\"Els pobles de la comarca organitzen activitats per sensibilitzar i mobilitzar la ciutadania entorn del 25N\",\"breadcrumb\":{\"@id\":\"https:\\\/\\\/radiolitoral.com\\\/2024\\\/11\\\/actividades-marina-alta-25n-2024\\\/#breadcrumb\"},\"inLanguage\":\"ca\",\"potentialAction\":[{\"@type\":\"ReadAction\",\"target\":[\"https:\\\/\\\/radiolitoral.com\\\/2024\\\/11\\\/actividades-marina-alta-25n-2024\\\/\"]}]},{\"@type\":\"ImageObject\",\"inLanguage\":\"ca\",\"@id\":\"https:\\\/\\\/radiolitoral.com\\\/2024\\\/11\\\/actividades-marina-alta-25n-2024\\\/#primaryimage\",\"url\":\"https:\\\/\\\/media.radiolitoral.com\\\/wp-content\\\/uploads\\\/2024\\\/07\\\/10112144\\\/WhatsApp-Image-2024-07-08-at-15.07.52.jpeg\",\"contentUrl\":\"https:\\\/\\\/media.radiolitoral.com\\\/wp-content\\\/uploads\\\/2024\\\/07\\\/10112144\\\/WhatsApp-Image-2024-07-08-at-15.07.52.jpeg\",\"width\":1600,\"height\":1066,\"caption\":\"Campanya viol\u00e8ncia de g\u00e8nere | Redacci\u00f3\"},{\"@type\":\"BreadcrumbList\",\"@id\":\"https:\\\/\\\/radiolitoral.com\\\/2024\\\/11\\\/actividades-marina-alta-25n-2024\\\/#breadcrumb\",\"itemListElement\":[{\"@type\":\"ListItem\",\"position\":1,\"name\":\"Portada\",\"item\":\"https:\\\/\\\/radiolitoral.com\\\/\"},{\"@type\":\"ListItem\",\"position\":2,\"name\":\"La Marina Alta s&#8217;uneix per condemnar la viol\u00e8ncia contra les dones\"}]},{\"@type\":\"WebSite\",\"@id\":\"https:\\\/\\\/radiolitoral.com\\\/#website\",\"url\":\"https:\\\/\\\/radiolitoral.com\\\/\",\"name\":\"Radio Litoral\",\"description\":\"La radio local de la Marina Alta\",\"publisher\":{\"@id\":\"https:\\\/\\\/radiolitoral.com\\\/#organization\"},\"alternateName\":\"Litoral FM\",\"potentialAction\":[{\"@type\":\"SearchAction\",\"target\":{\"@type\":\"EntryPoint\",\"urlTemplate\":\"https:\\\/\\\/radiolitoral.com\\\/?s={search_term_string}\"},\"query-input\":{\"@type\":\"PropertyValueSpecification\",\"valueRequired\":true,\"valueName\":\"search_term_string\"}}],\"inLanguage\":\"ca\"},{\"@type\":\"Organization\",\"@id\":\"https:\\\/\\\/radiolitoral.com\\\/#organization\",\"name\":\"Radio Litoral\",\"url\":\"https:\\\/\\\/radiolitoral.com\\\/\",\"logo\":{\"@type\":\"ImageObject\",\"inLanguage\":\"ca\",\"@id\":\"https:\\\/\\\/radiolitoral.com\\\/#\\\/schema\\\/logo\\\/image\\\/\",\"url\":\"https:\\\/\\\/media.radiolitoral.com\\\/wp-content\\\/uploads\\\/2023\\\/02\\\/24143238\\\/CL-V-RadioLitoral696.png\",\"contentUrl\":\"https:\\\/\\\/media.radiolitoral.com\\\/wp-content\\\/uploads\\\/2023\\\/02\\\/24143238\\\/CL-V-RadioLitoral696.png\",\"width\":696,\"height\":696,\"caption\":\"Radio Litoral\"},\"image\":{\"@id\":\"https:\\\/\\\/radiolitoral.com\\\/#\\\/schema\\\/logo\\\/image\\\/\"},\"sameAs\":[\"https:\\\/\\\/www.facebook.com\\\/Laradiolitoral\\\/\"]},{\"@type\":\"Person\",\"@id\":\"https:\\\/\\\/radiolitoral.com\\\/#\\\/schema\\\/person\\\/aaadc9e35663a92bd94a05f5816f296d\",\"name\":\"Redacci\u00f3n\",\"image\":{\"@type\":\"ImageObject\",\"inLanguage\":\"ca\",\"@id\":\"https:\\\/\\\/secure.gravatar.com\\\/avatar\\\/e4e253cf49afb8c76a2aca487577f1ff5c098c82b3cf2b0a85f03f83dcb96c31?s=96&d=mm&r=g\",\"url\":\"https:\\\/\\\/secure.gravatar.com\\\/avatar\\\/e4e253cf49afb8c76a2aca487577f1ff5c098c82b3cf2b0a85f03f83dcb96c31?s=96&d=mm&r=g\",\"contentUrl\":\"https:\\\/\\\/secure.gravatar.com\\\/avatar\\\/e4e253cf49afb8c76a2aca487577f1ff5c098c82b3cf2b0a85f03f83dcb96c31?s=96&d=mm&r=g\",\"caption\":\"Redacci\u00f3n\"},\"url\":\"https:\\\/\\\/radiolitoral.com\\\/ca\\\/author\\\/alba-alborch\\\/\"}]}<\/script>\n<!-- \/ Yoast SEO plugin. -->","yoast_head_json":{"title":"La Marina Alta s&#039;uneix per condemnar la viol\u00e8ncia contra les dones | R\u00e0dio Litoral","description":"Els pobles de la comarca organitzen activitats per sensibilitzar i mobilitzar la ciutadania entorn del 25N","robots":{"index":"index","follow":"follow","max-snippet":"max-snippet:-1","max-image-preview":"max-image-preview:large","max-video-preview":"max-video-preview:-1"},"canonical":"https:\/\/radiolitoral.com\/ca\/2024\/11\/activitats-marina-alta-25n-2024\/","og_locale":"ca_ES","og_type":"article","og_title":"La Marina Alta s'uneix per condemnar la viol\u00e8ncia contra les dones | R\u00e0dio Litoral","og_description":"Els pobles de la comarca organitzen activitats per sensibilitzar i mobilitzar la ciutadania entorn del 25N","og_url":"https:\/\/radiolitoral.com\/ca\/2024\/11\/activitats-marina-alta-25n-2024\/","og_site_name":"R\u00e0dio Litoral","article_publisher":"https:\/\/www.facebook.com\/Laradiolitoral\/","article_published_time":"2024-11-11T08:17:10+00:00","og_image":[{"width":1600,"height":1066,"url":"https:\/\/media.radiolitoral.com\/wp-content\/uploads\/2024\/07\/10112144\/WhatsApp-Image-2024-07-08-at-15.07.52.jpeg","type":"image\/jpeg"}],"author":"Redacci\u00f3n","twitter_card":"summary_large_image","twitter_misc":{"Escrit per":"Redacci\u00f3n","Temps estimat de lectura":"5 minuts"},"schema":{"@context":"https:\/\/schema.org","@graph":[{"@type":"NewsArticle","@id":"https:\/\/radiolitoral.com\/2024\/11\/actividades-marina-alta-25n-2024\/#article","isPartOf":{"@id":"https:\/\/radiolitoral.com\/2024\/11\/actividades-marina-alta-25n-2024\/"},"author":{"name":"Redacci\u00f3n","@id":"https:\/\/radiolitoral.com\/#\/schema\/person\/aaadc9e35663a92bd94a05f5816f296d"},"headline":"La Marina Alta s&#8217;uneix per condemnar la viol\u00e8ncia contra les dones","datePublished":"2024-11-11T08:17:10+00:00","mainEntityOfPage":{"@id":"https:\/\/radiolitoral.com\/2024\/11\/actividades-marina-alta-25n-2024\/"},"wordCount":816,"commentCount":0,"publisher":{"@id":"https:\/\/radiolitoral.com\/#organization"},"image":{"@id":"https:\/\/radiolitoral.com\/2024\/11\/actividades-marina-alta-25n-2024\/#primaryimage"},"thumbnailUrl":"https:\/\/media.radiolitoral.com\/wp-content\/uploads\/2024\/07\/10112144\/WhatsApp-Image-2024-07-08-at-15.07.52.jpeg","keywords":["25N","actividades","Marina Alta","prevenci\u00f3n violencia machista","programaci\u00f3n"],"articleSection":["Sociedad"],"inLanguage":"ca","potentialAction":[{"@type":"CommentAction","name":"Comment","target":["https:\/\/radiolitoral.com\/2024\/11\/actividades-marina-alta-25n-2024\/#respond"]}]},{"@type":["WebPage","ItemPage"],"@id":"https:\/\/radiolitoral.com\/2024\/11\/actividades-marina-alta-25n-2024\/","url":"https:\/\/radiolitoral.com\/2024\/11\/actividades-marina-alta-25n-2024\/","name":"La Marina Alta s&#039;uneix per condemnar la viol\u00e8ncia contra les dones | R\u00e0dio Litoral","isPartOf":{"@id":"https:\/\/radiolitoral.com\/#website"},"primaryImageOfPage":{"@id":"https:\/\/radiolitoral.com\/2024\/11\/actividades-marina-alta-25n-2024\/#primaryimage"},"image":{"@id":"https:\/\/radiolitoral.com\/2024\/11\/actividades-marina-alta-25n-2024\/#primaryimage"},"thumbnailUrl":"https:\/\/media.radiolitoral.com\/wp-content\/uploads\/2024\/07\/10112144\/WhatsApp-Image-2024-07-08-at-15.07.52.jpeg","datePublished":"2024-11-11T08:17:10+00:00","description":"Els pobles de la comarca organitzen activitats per sensibilitzar i mobilitzar la ciutadania entorn del 25N","breadcrumb":{"@id":"https:\/\/radiolitoral.com\/2024\/11\/actividades-marina-alta-25n-2024\/#breadcrumb"},"inLanguage":"ca","potentialAction":[{"@type":"ReadAction","target":["https:\/\/radiolitoral.com\/2024\/11\/actividades-marina-alta-25n-2024\/"]}]},{"@type":"ImageObject","inLanguage":"ca","@id":"https:\/\/radiolitoral.com\/2024\/11\/actividades-marina-alta-25n-2024\/#primaryimage","url":"https:\/\/media.radiolitoral.com\/wp-content\/uploads\/2024\/07\/10112144\/WhatsApp-Image-2024-07-08-at-15.07.52.jpeg","contentUrl":"https:\/\/media.radiolitoral.com\/wp-content\/uploads\/2024\/07\/10112144\/WhatsApp-Image-2024-07-08-at-15.07.52.jpeg","width":1600,"height":1066,"caption":"Campanya viol\u00e8ncia de g\u00e8nere | Redacci\u00f3"},{"@type":"BreadcrumbList","@id":"https:\/\/radiolitoral.com\/2024\/11\/actividades-marina-alta-25n-2024\/#breadcrumb","itemListElement":[{"@type":"ListItem","position":1,"name":"Portada","item":"https:\/\/radiolitoral.com\/"},{"@type":"ListItem","position":2,"name":"La Marina Alta s&#8217;uneix per condemnar la viol\u00e8ncia contra les dones"}]},{"@type":"WebSite","@id":"https:\/\/radiolitoral.com\/#website","url":"https:\/\/radiolitoral.com\/","name":"R\u00e0dio Litoral","description":"La r\u00e0dio local de la Marina Alta","publisher":{"@id":"https:\/\/radiolitoral.com\/#organization"},"alternateName":"Litoral FM","potentialAction":[{"@type":"SearchAction","target":{"@type":"EntryPoint","urlTemplate":"https:\/\/radiolitoral.com\/?s={search_term_string}"},"query-input":{"@type":"PropertyValueSpecification","valueRequired":true,"valueName":"search_term_string"}}],"inLanguage":"ca"},{"@type":"Organization","@id":"https:\/\/radiolitoral.com\/#organization","name":"R\u00e0dio Litoral","url":"https:\/\/radiolitoral.com\/","logo":{"@type":"ImageObject","inLanguage":"ca","@id":"https:\/\/radiolitoral.com\/#\/schema\/logo\/image\/","url":"https:\/\/media.radiolitoral.com\/wp-content\/uploads\/2023\/02\/24143238\/CL-V-RadioLitoral696.png","contentUrl":"https:\/\/media.radiolitoral.com\/wp-content\/uploads\/2023\/02\/24143238\/CL-V-RadioLitoral696.png","width":696,"height":696,"caption":"Radio Litoral"},"image":{"@id":"https:\/\/radiolitoral.com\/#\/schema\/logo\/image\/"},"sameAs":["https:\/\/www.facebook.com\/Laradiolitoral\/"]},{"@type":"Person","@id":"https:\/\/radiolitoral.com\/#\/schema\/person\/aaadc9e35663a92bd94a05f5816f296d","name":"Redacci\u00f3","image":{"@type":"ImageObject","inLanguage":"ca","@id":"https:\/\/secure.gravatar.com\/avatar\/e4e253cf49afb8c76a2aca487577f1ff5c098c82b3cf2b0a85f03f83dcb96c31?s=96&d=mm&r=g","url":"https:\/\/secure.gravatar.com\/avatar\/e4e253cf49afb8c76a2aca487577f1ff5c098c82b3cf2b0a85f03f83dcb96c31?s=96&d=mm&r=g","contentUrl":"https:\/\/secure.gravatar.com\/avatar\/e4e253cf49afb8c76a2aca487577f1ff5c098c82b3cf2b0a85f03f83dcb96c31?s=96&d=mm&r=g","caption":"Redacci\u00f3n"},"url":"https:\/\/radiolitoral.com\/ca\/author\/alba-alborch\/"}]}},"_links":{"self":[{"href":"https:\/\/radiolitoral.com\/ca\/wp-json\/wp\/v2\/posts\/12986","targetHints":{"allow":["GET"]}}],"collection":[{"href":"https:\/\/radiolitoral.com\/ca\/wp-json\/wp\/v2\/posts"}],"about":[{"href":"https:\/\/radiolitoral.com\/ca\/wp-json\/wp\/v2\/types\/post"}],"author":[{"embeddable":true,"href":"https:\/\/radiolitoral.com\/ca\/wp-json\/wp\/v2\/users\/11"}],"replies":[{"embeddable":true,"href":"https:\/\/radiolitoral.com\/ca\/wp-json\/wp\/v2\/comments?post=12986"}],"version-history":[{"count":1,"href":"https:\/\/radiolitoral.com\/ca\/wp-json\/wp\/v2\/posts\/12986\/revisions"}],"predecessor-version":[{"id":12991,"href":"https:\/\/radiolitoral.com\/ca\/wp-json\/wp\/v2\/posts\/12986\/revisions\/12991"}],"wp:featuredmedia":[{"embeddable":true,"href":"https:\/\/radiolitoral.com\/ca\/wp-json\/wp\/v2\/media\/9913"}],"wp:attachment":[{"href":"https:\/\/radiolitoral.com\/ca\/wp-json\/wp\/v2\/media?parent=12986"}],"wp:term":[{"taxonomy":"category","embeddable":true,"href":"https:\/\/radiolitoral.com\/ca\/wp-json\/wp\/v2\/categories?post=12986"},{"taxonomy":"post_tag","embeddable":true,"href":"https:\/\/radiolitoral.com\/ca\/wp-json\/wp\/v2\/tags?post=12986"}],"curies":[{"name":"wp","href":"https:\/\/api.w.org\/{rel}","templated":true}]}}