{"id":12935,"date":"2024-11-07T12:53:01","date_gmt":"2024-11-07T11:53:01","guid":{"rendered":"https:\/\/radiolitoral.com\/?p=12935"},"modified":"2024-11-07T13:04:10","modified_gmt":"2024-11-07T12:04:10","slug":"el-festival-ugly-day-2024-de-teulada-moraira-a-benefici-dels-afectats-per-la-dana","status":"publish","type":"post","link":"https:\/\/radiolitoral.com\/ca\/2024\/11\/el-festival-ugly-day-2024-de-teulada-moraira-a-benefici-dels-afectats-per-la-dana\/","title":{"rendered":"El festival Ugly Day 2024 de Teulada Moraira, a benefici dels afectats per la DANA"},"content":{"rendered":"<p>Els dies <strong>16 i 17 de novembre<\/strong>, <strong>Teulada Moraira<\/strong> s&#039;omplir\u00e0 de solidaritat amb la quarta edici\u00f3 de l&#039;<strong>Ugly Day<\/strong>, un festival ben\u00e8fic que destinar\u00e0 aquest any tot el que \u00e9s recapte als afectats per la <strong>DANA<\/strong> a la zona de Val\u00e8ncia.<\/p>\n<p>Aquest esdeveniment solidari, organitzat per <strong>Ugly MC<\/strong> amb el suport de l&#039;<a href=\"https:\/\/www.teuladamoraira.com.es\/ayttm\/web_php\/index.php?lang=1\">Ajuntament de Teulada Moraira<\/a>, t\u00e9 com a objectiu unir la comunitat en una causa noble. Despr\u00e9s de les greus inundacions, l&#039;associaci\u00f3 ha decidit centrar els seus esfuerzos a ajudar les persones damnificades. <strong>Ugly Harry<\/strong>, membre d&#039;UGLY MC, va destacar la rellev\u00e0ncia d&#039;aquesta causa per a molts dels membres del club, que tenen familiars i amics a les zones afectades.<\/p>\n<h3><strong>Cap de setmana amb activitats, m\u00fasica i suport solidari<\/strong><\/h3>\n<p>El <strong>passeig del Senillar de Moraira<\/strong> ser\u00e0 el lloc de trobada per a aquest esdeveniment, que comptar\u00e0 amb activitats per a tota la fam\u00edlia. El <strong>dissabte<\/strong>, els ports estaran oberts des de les <strong>11:00 fins a les 02:00 hores<\/strong>. El <strong>diumenge<\/strong>, el festival continuar\u00e0 de <strong>11:00 a 18:00 hores<\/strong>.<\/p>\n<p>Entre les activitats programades, es podr\u00e0 gaudir d&#039;una <strong>exposici\u00f3 de motos<\/strong> per als amants del motor, aix\u00ed com d&#039;un espectacle d&#039;un <strong>pilot acrob\u00e0tic<\/strong>. Tamb\u00e9 es realitzaran els caracter\u00edstics \u201c<strong>desafiaments ugly<\/strong>\u201d que ja s\u00f3n un emblema del festival i garantiran grans moments de diversi\u00f3.<\/p>\n<h3><strong>Gran ambient musical a l&#039;Ugly Day<\/strong><\/h3>\n<p>Els assistents podran gaudir de la m\u00fasica en directe amb grups com <strong>Jimmy Cornett and the Deadmen<\/strong>, <strong>Tuny and the Rockheavillies<\/strong>, <strong>Blackats<\/strong>, <strong>Motorcity<\/strong> i <strong>Blackjack<\/strong>. A m\u00e9s, hi haur\u00e0 actuacions de <strong>Rockin&#039; Six<\/strong> i <strong>Splinter<\/strong>, i una <strong>Jam Session<\/strong> especial amb <strong>Jai Larkan<\/strong>.<\/p>\n<p>A m\u00e9s, la <strong>Associaci\u00f3 d&#039;Hostaleria de Teulada Moraira<\/strong> col\u00b7labora amb punts de menjar i beguda, oferint una \u00e0mplia varietat per als assistents.<\/p>\n<h3><strong>Una causa que uneix Teulada Moraira<\/strong><\/h3>\n<p>El <strong>alcalde de Teulada Moraira<\/strong>, Ra\u00fal Llobell, ha elogiat el comprom\u00eds del <strong>Club Ugly MC<\/strong> per organitzar un esdeveniment tan significatiu. \u201cAquest festival va n\u00e0ixer amb un esperit solidari que aquest any \u00e9s m\u00e9s necessari que mai\u201d, ha assenyalat, i ha convidat tota la comunitat a sumar-se per aconseguir el m\u00e0xim suport per a la DANA.<\/p>","protected":false},"excerpt":{"rendered":"<p>Els dies 16 i 17 de novembre, Teulada Moraira s\u2019omplir\u00e0 de solidaritat amb la quarta edici\u00f3 de l\u2019Ugly Day, un festival ben\u00e8fic que destinar\u00e0 aquest any tot el que es recapte als afectats per la DANA en la zona de Val\u00e8ncia. Aquest esdeveniment solidari, organitzat per Ugly MC amb el suport de l\u2019Ajuntament de Teulada [&#8230;]<\/p>\n<p><a class=\"btn btn-secondary understrap-read-more-link\" href=\"https:\/\/radiolitoral.com\/ca\/2024\/11\/el-festival-ugly-day-2024-de-teulada-moraira-a-benefici-dels-afectats-per-la-dana\/\">Continua llegint&#8230;<span class=\"screen-reader-text\"> from El festival Ugly Day 2024 de Teulada Moraira, a benefici dels afectats per la DANA<\/span><\/a><\/p>\n","protected":false},"author":13,"featured_media":12936,"comment_status":"open","ping_status":"closed","sticky":false,"template":"","format":"standard","meta":{"_acf_changed":false,"inline_featured_image":false,"footnotes":""},"categories":[855],"tags":[2720,2722,2689,2719,2721,2718],"class_list":["post-12935","post","type-post","status-publish","format-standard","has-post-thumbnail","hentry","category-solidaridad","tag-activitats-per-a-families","tag-ajuda-humanitaria","tag-dana-valencia","tag-festival-solidari","tag-grups-de-musica-en-directe","tag-teulada-moraira-ugly-day","cobertura-teulada-moraira"],"acf":[],"yoast_head":"<!-- This site is optimized with the Yoast SEO plugin v27.5 - https:\/\/yoast.com\/product\/yoast-seo-wordpress\/ -->\n<title>Arriba el festival ben\u00e8fic Ugly Day 2024 | R\u00e0dio Litoral<\/title>\n<meta name=\"description\" content=\"El passeig del Senillar de Moraira ser\u00e0 el lloc de trobada per al Ugly Day 2024. Anir\u00e0 a benefici dels afectats per la DANA.\" \/>\n<meta name=\"robots\" content=\"index, follow, max-snippet:-1, max-image-preview:large, max-video-preview:-1\" \/>\n<link rel=\"canonical\" href=\"https:\/\/radiolitoral.com\/ca\/2024\/11\/el-festival-ugly-day-2024-de-teulada-moraira-a-benefici-dels-afectats-per-la-dana\/\" \/>\n<meta property=\"og:locale\" content=\"ca_ES\" \/>\n<meta property=\"og:type\" content=\"article\" \/>\n<meta property=\"og:title\" content=\"Arriba el festival ben\u00e8fic Ugly Day 2024 | R\u00e0dio Litoral\" \/>\n<meta property=\"og:description\" content=\"El passeig del Senillar de Moraira ser\u00e0 el lloc de trobada per al Ugly Day 2024. Anir\u00e0 a benefici dels afectats per la DANA.\" \/>\n<meta property=\"og:url\" content=\"https:\/\/radiolitoral.com\/ca\/2024\/11\/el-festival-ugly-day-2024-de-teulada-moraira-a-benefici-dels-afectats-per-la-dana\/\" \/>\n<meta property=\"og:site_name\" content=\"R\u00e0dio Litoral\" \/>\n<meta property=\"article:publisher\" content=\"https:\/\/www.facebook.com\/Laradiolitoral\/\" \/>\n<meta property=\"article:published_time\" content=\"2024-11-07T11:53:01+00:00\" \/>\n<meta property=\"article:modified_time\" content=\"2024-11-07T12:04:10+00:00\" \/>\n<meta property=\"og:image\" content=\"https:\/\/media.radiolitoral.com\/wp-content\/uploads\/2024\/11\/07125213\/Ugly-day-castillo3-1024x466.png\" \/>\n\t<meta property=\"og:image:width\" content=\"1024\" \/>\n\t<meta property=\"og:image:height\" content=\"466\" \/>\n\t<meta property=\"og:image:type\" content=\"image\/png\" \/>\n<meta name=\"author\" content=\"Redacci\u00f3n\" \/>\n<meta name=\"twitter:card\" content=\"summary_large_image\" \/>\n<meta name=\"twitter:label1\" content=\"Escrit per\" \/>\n\t<meta name=\"twitter:data1\" content=\"Redacci\u00f3n\" \/>\n\t<meta name=\"twitter:label2\" content=\"Temps estimat de lectura\" \/>\n\t<meta name=\"twitter:data2\" content=\"2 minuts\" \/>\n<script type=\"application\/ld+json\" class=\"yoast-schema-graph\">{\"@context\":\"https:\\\/\\\/schema.org\",\"@graph\":[{\"@type\":\"NewsArticle\",\"@id\":\"https:\\\/\\\/radiolitoral.com\\\/2024\\\/11\\\/el-festival-ugly-day-2024-de-teulada-moraira-a-benefici-dels-afectats-per-la-dana\\\/#article\",\"isPartOf\":{\"@id\":\"https:\\\/\\\/radiolitoral.com\\\/2024\\\/11\\\/el-festival-ugly-day-2024-de-teulada-moraira-a-benefici-dels-afectats-per-la-dana\\\/\"},\"author\":{\"name\":\"Redacci\u00f3n\",\"@id\":\"https:\\\/\\\/radiolitoral.com\\\/#\\\/schema\\\/person\\\/f2b2343c49b5d721857cc1002bfdb151\"},\"headline\":\"El festival Ugly Day 2024 de Teulada Moraira, a benefici dels afectats per la DANA\",\"datePublished\":\"2024-11-07T11:53:01+00:00\",\"dateModified\":\"2024-11-07T12:04:10+00:00\",\"mainEntityOfPage\":{\"@id\":\"https:\\\/\\\/radiolitoral.com\\\/2024\\\/11\\\/el-festival-ugly-day-2024-de-teulada-moraira-a-benefici-dels-afectats-per-la-dana\\\/\"},\"wordCount\":386,\"commentCount\":0,\"publisher\":{\"@id\":\"https:\\\/\\\/radiolitoral.com\\\/#organization\"},\"image\":{\"@id\":\"https:\\\/\\\/radiolitoral.com\\\/2024\\\/11\\\/el-festival-ugly-day-2024-de-teulada-moraira-a-benefici-dels-afectats-per-la-dana\\\/#primaryimage\"},\"thumbnailUrl\":\"https:\\\/\\\/media.radiolitoral.com\\\/wp-content\\\/uploads\\\/2024\\\/11\\\/07125213\\\/Ugly-day-castillo3.png\",\"keywords\":[\"activitats per a fam\u00edlies\",\"ajuda humanit\u00e0ria\",\"DANA Valencia\",\"festival solidari\",\"grups de m\u00fasica en directe\",\"Teulada Moraira Ugly Day\"],\"articleSection\":[\"Solidaridad\"],\"inLanguage\":\"ca\",\"potentialAction\":[{\"@type\":\"CommentAction\",\"name\":\"Comment\",\"target\":[\"https:\\\/\\\/radiolitoral.com\\\/2024\\\/11\\\/el-festival-ugly-day-2024-de-teulada-moraira-a-benefici-dels-afectats-per-la-dana\\\/#respond\"]}]},{\"@type\":[\"WebPage\",\"ItemPage\"],\"@id\":\"https:\\\/\\\/radiolitoral.com\\\/2024\\\/11\\\/el-festival-ugly-day-2024-de-teulada-moraira-a-benefici-dels-afectats-per-la-dana\\\/\",\"url\":\"https:\\\/\\\/radiolitoral.com\\\/2024\\\/11\\\/el-festival-ugly-day-2024-de-teulada-moraira-a-benefici-dels-afectats-per-la-dana\\\/\",\"name\":\"Arriba el festival ben\u00e8fic Ugly Day 2024 | R\u00e0dio Litoral\",\"isPartOf\":{\"@id\":\"https:\\\/\\\/radiolitoral.com\\\/#website\"},\"primaryImageOfPage\":{\"@id\":\"https:\\\/\\\/radiolitoral.com\\\/2024\\\/11\\\/el-festival-ugly-day-2024-de-teulada-moraira-a-benefici-dels-afectats-per-la-dana\\\/#primaryimage\"},\"image\":{\"@id\":\"https:\\\/\\\/radiolitoral.com\\\/2024\\\/11\\\/el-festival-ugly-day-2024-de-teulada-moraira-a-benefici-dels-afectats-per-la-dana\\\/#primaryimage\"},\"thumbnailUrl\":\"https:\\\/\\\/media.radiolitoral.com\\\/wp-content\\\/uploads\\\/2024\\\/11\\\/07125213\\\/Ugly-day-castillo3.png\",\"datePublished\":\"2024-11-07T11:53:01+00:00\",\"dateModified\":\"2024-11-07T12:04:10+00:00\",\"description\":\"El passeig del Senillar de Moraira ser\u00e0 el lloc de trobada per al Ugly Day 2024. Anir\u00e0 a benefici dels afectats per la DANA.\",\"breadcrumb\":{\"@id\":\"https:\\\/\\\/radiolitoral.com\\\/2024\\\/11\\\/el-festival-ugly-day-2024-de-teulada-moraira-a-benefici-dels-afectats-per-la-dana\\\/#breadcrumb\"},\"inLanguage\":\"ca\",\"potentialAction\":[{\"@type\":\"ReadAction\",\"target\":[\"https:\\\/\\\/radiolitoral.com\\\/2024\\\/11\\\/el-festival-ugly-day-2024-de-teulada-moraira-a-benefici-dels-afectats-per-la-dana\\\/\"]}]},{\"@type\":\"ImageObject\",\"inLanguage\":\"ca\",\"@id\":\"https:\\\/\\\/radiolitoral.com\\\/2024\\\/11\\\/el-festival-ugly-day-2024-de-teulada-moraira-a-benefici-dels-afectats-per-la-dana\\\/#primaryimage\",\"url\":\"https:\\\/\\\/media.radiolitoral.com\\\/wp-content\\\/uploads\\\/2024\\\/11\\\/07125213\\\/Ugly-day-castillo3.png\",\"contentUrl\":\"https:\\\/\\\/media.radiolitoral.com\\\/wp-content\\\/uploads\\\/2024\\\/11\\\/07125213\\\/Ugly-day-castillo3.png\",\"width\":5120,\"height\":2328},{\"@type\":\"BreadcrumbList\",\"@id\":\"https:\\\/\\\/radiolitoral.com\\\/2024\\\/11\\\/el-festival-ugly-day-2024-de-teulada-moraira-a-benefici-dels-afectats-per-la-dana\\\/#breadcrumb\",\"itemListElement\":[{\"@type\":\"ListItem\",\"position\":1,\"name\":\"Portada\",\"item\":\"https:\\\/\\\/radiolitoral.com\\\/\"},{\"@type\":\"ListItem\",\"position\":2,\"name\":\"El festival Ugly Day 2024 de Teulada Moraira, a benefici dels afectats per la DANA\"}]},{\"@type\":\"WebSite\",\"@id\":\"https:\\\/\\\/radiolitoral.com\\\/#website\",\"url\":\"https:\\\/\\\/radiolitoral.com\\\/\",\"name\":\"Radio Litoral\",\"description\":\"La radio local de la Marina Alta\",\"publisher\":{\"@id\":\"https:\\\/\\\/radiolitoral.com\\\/#organization\"},\"alternateName\":\"Litoral FM\",\"potentialAction\":[{\"@type\":\"SearchAction\",\"target\":{\"@type\":\"EntryPoint\",\"urlTemplate\":\"https:\\\/\\\/radiolitoral.com\\\/?s={search_term_string}\"},\"query-input\":{\"@type\":\"PropertyValueSpecification\",\"valueRequired\":true,\"valueName\":\"search_term_string\"}}],\"inLanguage\":\"ca\"},{\"@type\":\"Organization\",\"@id\":\"https:\\\/\\\/radiolitoral.com\\\/#organization\",\"name\":\"Radio Litoral\",\"url\":\"https:\\\/\\\/radiolitoral.com\\\/\",\"logo\":{\"@type\":\"ImageObject\",\"inLanguage\":\"ca\",\"@id\":\"https:\\\/\\\/radiolitoral.com\\\/#\\\/schema\\\/logo\\\/image\\\/\",\"url\":\"https:\\\/\\\/media.radiolitoral.com\\\/wp-content\\\/uploads\\\/2023\\\/02\\\/24143238\\\/CL-V-RadioLitoral696.png\",\"contentUrl\":\"https:\\\/\\\/media.radiolitoral.com\\\/wp-content\\\/uploads\\\/2023\\\/02\\\/24143238\\\/CL-V-RadioLitoral696.png\",\"width\":696,\"height\":696,\"caption\":\"Radio Litoral\"},\"image\":{\"@id\":\"https:\\\/\\\/radiolitoral.com\\\/#\\\/schema\\\/logo\\\/image\\\/\"},\"sameAs\":[\"https:\\\/\\\/www.facebook.com\\\/Laradiolitoral\\\/\"]},{\"@type\":\"Person\",\"@id\":\"https:\\\/\\\/radiolitoral.com\\\/#\\\/schema\\\/person\\\/f2b2343c49b5d721857cc1002bfdb151\",\"name\":\"Redacci\u00f3n\",\"image\":{\"@type\":\"ImageObject\",\"inLanguage\":\"ca\",\"@id\":\"https:\\\/\\\/secure.gravatar.com\\\/avatar\\\/f771d896c203ad8b3382d7905cfcce5a5c9b008b84b3cd9114e9b9f4cb63f789?s=96&d=mm&r=g\",\"url\":\"https:\\\/\\\/secure.gravatar.com\\\/avatar\\\/f771d896c203ad8b3382d7905cfcce5a5c9b008b84b3cd9114e9b9f4cb63f789?s=96&d=mm&r=g\",\"contentUrl\":\"https:\\\/\\\/secure.gravatar.com\\\/avatar\\\/f771d896c203ad8b3382d7905cfcce5a5c9b008b84b3cd9114e9b9f4cb63f789?s=96&d=mm&r=g\",\"caption\":\"Redacci\u00f3n\"},\"url\":\"https:\\\/\\\/radiolitoral.com\\\/ca\\\/author\\\/miriam-pagan\\\/\"}]}<\/script>\n<!-- \/ Yoast SEO plugin. -->","yoast_head_json":{"title":"Amunt el festival ben\u00e8fic Ugly Day 2024 | R\u00e0dio Litoral","description":"El passeig del Senillar de Moraira ser\u00e0 el lloc de trobada per a l&#039;Ugly Day 2024. Anir\u00e0 a benefici dels afectats per la DANA.","robots":{"index":"index","follow":"follow","max-snippet":"max-snippet:-1","max-image-preview":"max-image-preview:large","max-video-preview":"max-video-preview:-1"},"canonical":"https:\/\/radiolitoral.com\/ca\/2024\/11\/el-festival-ugly-day-2024-de-teulada-moraira-a-benefici-dels-afectats-per-la-dana\/","og_locale":"ca_ES","og_type":"article","og_title":"Arriba el festival ben\u00e8fic Ugly Day 2024 | R\u00e0dio Litoral","og_description":"El passeig del Senillar de Moraira ser\u00e0 el lloc de trobada per al Ugly Day 2024. Anir\u00e0 a benefici dels afectats per la DANA.","og_url":"https:\/\/radiolitoral.com\/ca\/2024\/11\/el-festival-ugly-day-2024-de-teulada-moraira-a-benefici-dels-afectats-per-la-dana\/","og_site_name":"R\u00e0dio Litoral","article_publisher":"https:\/\/www.facebook.com\/Laradiolitoral\/","article_published_time":"2024-11-07T11:53:01+00:00","article_modified_time":"2024-11-07T12:04:10+00:00","og_image":[{"width":1024,"height":466,"url":"https:\/\/media.radiolitoral.com\/wp-content\/uploads\/2024\/11\/07125213\/Ugly-day-castillo3-1024x466.png","type":"image\/png"}],"author":"Redacci\u00f3n","twitter_card":"summary_large_image","twitter_misc":{"Escrit per":"Redacci\u00f3n","Temps estimat de lectura":"2 minuts"},"schema":{"@context":"https:\/\/schema.org","@graph":[{"@type":"NewsArticle","@id":"https:\/\/radiolitoral.com\/2024\/11\/el-festival-ugly-day-2024-de-teulada-moraira-a-benefici-dels-afectats-per-la-dana\/#article","isPartOf":{"@id":"https:\/\/radiolitoral.com\/2024\/11\/el-festival-ugly-day-2024-de-teulada-moraira-a-benefici-dels-afectats-per-la-dana\/"},"author":{"name":"Redacci\u00f3n","@id":"https:\/\/radiolitoral.com\/#\/schema\/person\/f2b2343c49b5d721857cc1002bfdb151"},"headline":"El festival Ugly Day 2024 de Teulada Moraira, a benefici dels afectats per la DANA","datePublished":"2024-11-07T11:53:01+00:00","dateModified":"2024-11-07T12:04:10+00:00","mainEntityOfPage":{"@id":"https:\/\/radiolitoral.com\/2024\/11\/el-festival-ugly-day-2024-de-teulada-moraira-a-benefici-dels-afectats-per-la-dana\/"},"wordCount":386,"commentCount":0,"publisher":{"@id":"https:\/\/radiolitoral.com\/#organization"},"image":{"@id":"https:\/\/radiolitoral.com\/2024\/11\/el-festival-ugly-day-2024-de-teulada-moraira-a-benefici-dels-afectats-per-la-dana\/#primaryimage"},"thumbnailUrl":"https:\/\/media.radiolitoral.com\/wp-content\/uploads\/2024\/11\/07125213\/Ugly-day-castillo3.png","keywords":["activitats per a fam\u00edlies","ajuda humanit\u00e0ria","DANA Valencia","festival solidari","grups de m\u00fasica en directe","Teulada Moraira Ugly Day"],"articleSection":["Solidaridad"],"inLanguage":"ca","potentialAction":[{"@type":"CommentAction","name":"Comment","target":["https:\/\/radiolitoral.com\/2024\/11\/el-festival-ugly-day-2024-de-teulada-moraira-a-benefici-dels-afectats-per-la-dana\/#respond"]}]},{"@type":["WebPage","ItemPage"],"@id":"https:\/\/radiolitoral.com\/2024\/11\/el-festival-ugly-day-2024-de-teulada-moraira-a-benefici-dels-afectats-per-la-dana\/","url":"https:\/\/radiolitoral.com\/2024\/11\/el-festival-ugly-day-2024-de-teulada-moraira-a-benefici-dels-afectats-per-la-dana\/","name":"Amunt el festival ben\u00e8fic Ugly Day 2024 | R\u00e0dio Litoral","isPartOf":{"@id":"https:\/\/radiolitoral.com\/#website"},"primaryImageOfPage":{"@id":"https:\/\/radiolitoral.com\/2024\/11\/el-festival-ugly-day-2024-de-teulada-moraira-a-benefici-dels-afectats-per-la-dana\/#primaryimage"},"image":{"@id":"https:\/\/radiolitoral.com\/2024\/11\/el-festival-ugly-day-2024-de-teulada-moraira-a-benefici-dels-afectats-per-la-dana\/#primaryimage"},"thumbnailUrl":"https:\/\/media.radiolitoral.com\/wp-content\/uploads\/2024\/11\/07125213\/Ugly-day-castillo3.png","datePublished":"2024-11-07T11:53:01+00:00","dateModified":"2024-11-07T12:04:10+00:00","description":"El passeig del Senillar de Moraira ser\u00e0 el lloc de trobada per a l&#039;Ugly Day 2024. Anir\u00e0 a benefici dels afectats per la DANA.","breadcrumb":{"@id":"https:\/\/radiolitoral.com\/2024\/11\/el-festival-ugly-day-2024-de-teulada-moraira-a-benefici-dels-afectats-per-la-dana\/#breadcrumb"},"inLanguage":"ca","potentialAction":[{"@type":"ReadAction","target":["https:\/\/radiolitoral.com\/2024\/11\/el-festival-ugly-day-2024-de-teulada-moraira-a-benefici-dels-afectats-per-la-dana\/"]}]},{"@type":"ImageObject","inLanguage":"ca","@id":"https:\/\/radiolitoral.com\/2024\/11\/el-festival-ugly-day-2024-de-teulada-moraira-a-benefici-dels-afectats-per-la-dana\/#primaryimage","url":"https:\/\/media.radiolitoral.com\/wp-content\/uploads\/2024\/11\/07125213\/Ugly-day-castillo3.png","contentUrl":"https:\/\/media.radiolitoral.com\/wp-content\/uploads\/2024\/11\/07125213\/Ugly-day-castillo3.png","width":5120,"height":2328},{"@type":"BreadcrumbList","@id":"https:\/\/radiolitoral.com\/2024\/11\/el-festival-ugly-day-2024-de-teulada-moraira-a-benefici-dels-afectats-per-la-dana\/#breadcrumb","itemListElement":[{"@type":"ListItem","position":1,"name":"Portada","item":"https:\/\/radiolitoral.com\/"},{"@type":"ListItem","position":2,"name":"El festival Ugly Day 2024 de Teulada Moraira, a benefici dels afectats per la DANA"}]},{"@type":"WebSite","@id":"https:\/\/radiolitoral.com\/#website","url":"https:\/\/radiolitoral.com\/","name":"R\u00e0dio Litoral","description":"La r\u00e0dio local de la Marina Alta","publisher":{"@id":"https:\/\/radiolitoral.com\/#organization"},"alternateName":"Litoral FM","potentialAction":[{"@type":"SearchAction","target":{"@type":"EntryPoint","urlTemplate":"https:\/\/radiolitoral.com\/?s={search_term_string}"},"query-input":{"@type":"PropertyValueSpecification","valueRequired":true,"valueName":"search_term_string"}}],"inLanguage":"ca"},{"@type":"Organization","@id":"https:\/\/radiolitoral.com\/#organization","name":"R\u00e0dio Litoral","url":"https:\/\/radiolitoral.com\/","logo":{"@type":"ImageObject","inLanguage":"ca","@id":"https:\/\/radiolitoral.com\/#\/schema\/logo\/image\/","url":"https:\/\/media.radiolitoral.com\/wp-content\/uploads\/2023\/02\/24143238\/CL-V-RadioLitoral696.png","contentUrl":"https:\/\/media.radiolitoral.com\/wp-content\/uploads\/2023\/02\/24143238\/CL-V-RadioLitoral696.png","width":696,"height":696,"caption":"Radio Litoral"},"image":{"@id":"https:\/\/radiolitoral.com\/#\/schema\/logo\/image\/"},"sameAs":["https:\/\/www.facebook.com\/Laradiolitoral\/"]},{"@type":"Person","@id":"https:\/\/radiolitoral.com\/#\/schema\/person\/f2b2343c49b5d721857cc1002bfdb151","name":"Redacci\u00f3","image":{"@type":"ImageObject","inLanguage":"ca","@id":"https:\/\/secure.gravatar.com\/avatar\/f771d896c203ad8b3382d7905cfcce5a5c9b008b84b3cd9114e9b9f4cb63f789?s=96&d=mm&r=g","url":"https:\/\/secure.gravatar.com\/avatar\/f771d896c203ad8b3382d7905cfcce5a5c9b008b84b3cd9114e9b9f4cb63f789?s=96&d=mm&r=g","contentUrl":"https:\/\/secure.gravatar.com\/avatar\/f771d896c203ad8b3382d7905cfcce5a5c9b008b84b3cd9114e9b9f4cb63f789?s=96&d=mm&r=g","caption":"Redacci\u00f3n"},"url":"https:\/\/radiolitoral.com\/ca\/author\/miriam-pagan\/"}]}},"_links":{"self":[{"href":"https:\/\/radiolitoral.com\/ca\/wp-json\/wp\/v2\/posts\/12935","targetHints":{"allow":["GET"]}}],"collection":[{"href":"https:\/\/radiolitoral.com\/ca\/wp-json\/wp\/v2\/posts"}],"about":[{"href":"https:\/\/radiolitoral.com\/ca\/wp-json\/wp\/v2\/types\/post"}],"author":[{"embeddable":true,"href":"https:\/\/radiolitoral.com\/ca\/wp-json\/wp\/v2\/users\/13"}],"replies":[{"embeddable":true,"href":"https:\/\/radiolitoral.com\/ca\/wp-json\/wp\/v2\/comments?post=12935"}],"version-history":[{"count":3,"href":"https:\/\/radiolitoral.com\/ca\/wp-json\/wp\/v2\/posts\/12935\/revisions"}],"predecessor-version":[{"id":12941,"href":"https:\/\/radiolitoral.com\/ca\/wp-json\/wp\/v2\/posts\/12935\/revisions\/12941"}],"wp:featuredmedia":[{"embeddable":true,"href":"https:\/\/radiolitoral.com\/ca\/wp-json\/wp\/v2\/media\/12936"}],"wp:attachment":[{"href":"https:\/\/radiolitoral.com\/ca\/wp-json\/wp\/v2\/media?parent=12935"}],"wp:term":[{"taxonomy":"category","embeddable":true,"href":"https:\/\/radiolitoral.com\/ca\/wp-json\/wp\/v2\/categories?post=12935"},{"taxonomy":"post_tag","embeddable":true,"href":"https:\/\/radiolitoral.com\/ca\/wp-json\/wp\/v2\/tags?post=12935"}],"curies":[{"name":"wp","href":"https:\/\/api.w.org\/{rel}","templated":true}]}}