{"id":12880,"date":"2024-11-06T09:24:25","date_gmt":"2024-11-06T08:24:25","guid":{"rendered":"https:\/\/radiolitoral.com\/?p=12880"},"modified":"2024-11-06T09:43:20","modified_gmt":"2024-11-06T08:43:20","slug":"detinguts-a-calp-una-mare-i-el-seu-fill-buscats-per-delits-contra-el-patrimoni-a-franca","status":"publish","type":"post","link":"https:\/\/radiolitoral.com\/ca\/2024\/11\/detinguts-a-calp-una-mare-i-el-seu-fill-buscats-per-delictes-contra-el-patrimoni-a-franca\/","title":{"rendered":"Detinguts, a Calp, una mare i el seu fill buscats per delits contra el patrimoni a Fran\u00e7a"},"content":{"rendered":"<p>La <strong>Guardia Civil<\/strong> ha <strong>detingut una dona de 78 anys i el seu fill de 44 anys<\/strong>, ambd\u00f3s de nacionalitat francesa, despr\u00e9s de descobrir que tenien <strong>ordres europees de detenci\u00f3 amb finalitats d&#039;extradici\u00f3 per presumptes delits contra el patrimoni<\/strong>.<\/p>\n<p>Les detencions es van produir gr\u00e0cies a les comprovacions peri\u00f2diques que la Gu\u00e0rdia Civil realitza a establiments i plataformes en l\u00ednia dedicats a l&#039;allotjament, fet que va permetre detectar els fugitius en un <strong>xalet de vacances situat en una partida rural del municipi de Calp.<\/strong><\/p>\n<p>Els agents del Post-Principal de Calp van iniciar un<strong> dispositiu de vigil\u00e0ncia durant tres dies<\/strong> al voltant del domicili, on van observar que els individus portaven una vida discreta i passaven desapercebuts per al ve\u00efnat.<\/p>\n<p>Despr\u00e9s de diverses gestions d&#039;investigaci\u00f3, els agents van aconseguir confirmar la identitat de tots dos i verificar, a les bases de dades policials, la vig\u00e8ncia de les seves ordres de detenci\u00f3. Els investigadors tamb\u00e9 van comprovar que <strong>tots dos s&#039;havien mogut per territori espanyol com a turistes des de l&#039;any 2019.<\/strong><\/p>\n<p>El <strong>fill<\/strong> comptava amb una <strong>Ordre Europea de Detenci\u00f3 i Lliurament (<span class=\"hiddenSpellError\">OEDL<\/span>) per les autoritats franceses,<\/strong> a causa de <strong>presumptes delits d&#039;estafa<\/strong> relacionats amb ladquisici\u00f3 de material electr\u00f2nic mitjan\u00e7ant pagaments amb xecs sense fons. Posteriorment, el detingut venia <span class=\"hiddenSuggestion\">aquests<\/span> productes per obtenir liquiditat, obtenint il\u00b7l\u00edcitament<strong> un total de 46.000 euros.<\/strong><\/p>\n<p>Per la seva banda, la <strong>mare<\/strong> tenia una <strong>ordre de prop, detenci\u00f3 i ingr\u00e9s a pres\u00f3 emitida pel Jutjat Central d&#039;Instrucci\u00f3 n\u00fam. 4 de Madrid des del 2019, per una presumpta estafa.<\/strong> Segons l&#039;ordre, la dona havia com\u00e8s estafes en un banc a Fran\u00e7a, enganyant o intentant enganyar l&#039;entitat per obtenir fons, bons o b\u00e9ns <strong>per valor de 30.600 euros<\/strong>. Per aix\u00f2, presumptament va emprar maniobres fraudulents, com el dip\u00f2sit de xecs en comptes bancaris oberts amb <span class=\"hiddenSuggestion\">aquesta<\/span> finalitat i su posterior transfer\u00e8ncia a comptes a Espanya. <span class=\"hiddenSuggestion\">Aquests<\/span> fets ocorreran el novembre de 2016 a la localitat d&#039;Agen, al departament franc\u00e8s de Lot i Garona.<\/p>\n<p>Confirmades les ordres de detenci\u00f3, el 30 d&#039;octubre <strong>els agents procedien a la detenci\u00f3 de mare i fill.<\/strong> Ambd\u00f3s detinguts han estat posats a disposici\u00f3 de les autoritats judicials competents, que han decretat l<strong>&#039;ingr\u00e9s a pres\u00f3 provisional per a tots dos mentre es resolen els tr\u00e0mits d&#039;extradici\u00f3.<\/strong><\/p>","protected":false},"excerpt":{"rendered":"<p>La Gu\u00e0rdia Civil ha detingut una dona de 78 anys i el seu fill de 44 anys, ambd\u00f3s de nacionalitat francesa, despr\u00e9s de descobrir que tenien ordres europees de detenci\u00f3 amb finalitats d\u2019extradici\u00f3 per presumptes delictes contra el patrimoni. Les detencions es van produir gr\u00e0cies a les comprovacions peri\u00f2diques que la Gu\u00e0rdia Civil realitza en [&#8230;]<\/p>\n<p><a class=\"btn btn-secondary understrap-read-more-link\" href=\"https:\/\/radiolitoral.com\/ca\/2024\/11\/detinguts-a-calp-una-mare-i-el-seu-fill-buscats-per-delictes-contra-el-patrimoni-a-franca\/\">Continua llegint&#8230;<span class=\"screen-reader-text\"> from Detinguts, a Calp, una mare i el seu fill buscats per delictes contra el patrimoni a Fran\u00e7a<\/span><\/a><\/p>\n","protected":false},"author":13,"featured_media":12881,"comment_status":"open","ping_status":"closed","sticky":false,"template":"","format":"standard","meta":{"_acf_changed":false,"inline_featured_image":false,"footnotes":""},"categories":[8],"tags":[122,94,11,1023,363],"class_list":["post-12880","post","type-post","status-publish","format-standard","has-post-thumbnail","hentry","category-sucesos","tag-calp","tag-estafas","tag-guardia-civil","tag-sucesos","tag-sucesos-calp","cobertura-calp"],"acf":[],"yoast_head":"<!-- This site is optimized with the Yoast SEO plugin v27.5 - https:\/\/yoast.com\/product\/yoast-seo-wordpress\/ -->\n<title>Detinguts, a Calp, una mare i el seu fill buscats per delictes contra el patrimoni a Fran\u00e7a | R\u00e0dio Litoral<\/title>\n<meta name=\"description\" content=\"Els dos eren buscats per fets relacionats amb estafes, valorades en 30.600 i 46.000 euros totals, respectivament Els dos eren buscats per fets relacionats amb estafes, valorades en 30.600 i 46.000 euros totals, respectivament\" \/>\n<meta name=\"robots\" content=\"index, follow, max-snippet:-1, max-image-preview:large, max-video-preview:-1\" \/>\n<link rel=\"canonical\" href=\"https:\/\/radiolitoral.com\/ca\/2024\/11\/detinguts-a-calp-una-mare-i-el-seu-fill-buscats-per-delits-contra-el-patrimoni-a-franca\/\" \/>\n<meta property=\"og:locale\" content=\"ca_ES\" \/>\n<meta property=\"og:type\" content=\"article\" \/>\n<meta property=\"og:title\" content=\"Detinguts, a Calp, una mare i el seu fill buscats per delictes contra el patrimoni a Fran\u00e7a | R\u00e0dio Litoral\" \/>\n<meta property=\"og:description\" content=\"Els dos eren buscats per fets relacionats amb estafes, valorades en 30.600 i 46.000 euros totals, respectivament Els dos eren buscats per fets relacionats amb estafes, valorades en 30.600 i 46.000 euros totals, respectivament\" \/>\n<meta property=\"og:url\" content=\"https:\/\/radiolitoral.com\/ca\/2024\/11\/detinguts-a-calp-una-mare-i-el-seu-fill-buscats-per-delits-contra-el-patrimoni-a-franca\/\" \/>\n<meta property=\"og:site_name\" content=\"R\u00e0dio Litoral\" \/>\n<meta property=\"article:publisher\" content=\"https:\/\/www.facebook.com\/Laradiolitoral\/\" \/>\n<meta property=\"article:published_time\" content=\"2024-11-06T08:24:25+00:00\" \/>\n<meta property=\"article:modified_time\" content=\"2024-11-06T08:43:20+00:00\" \/>\n<meta property=\"og:image\" content=\"https:\/\/media.radiolitoral.com\/wp-content\/uploads\/2024\/11\/06092351\/01-detenido-profugo-CALPE.jpg\" \/>\n\t<meta property=\"og:image:width\" content=\"960\" \/>\n\t<meta property=\"og:image:height\" content=\"720\" \/>\n\t<meta property=\"og:image:type\" content=\"image\/jpeg\" \/>\n<meta name=\"author\" content=\"Redacci\u00f3n\" \/>\n<meta name=\"twitter:card\" content=\"summary_large_image\" \/>\n<meta name=\"twitter:label1\" content=\"Escrit per\" \/>\n\t<meta name=\"twitter:data1\" content=\"Redacci\u00f3n\" \/>\n\t<meta name=\"twitter:label2\" content=\"Temps estimat de lectura\" \/>\n\t<meta name=\"twitter:data2\" content=\"3 minuts\" \/>\n<script type=\"application\/ld+json\" class=\"yoast-schema-graph\">{\"@context\":\"https:\\\/\\\/schema.org\",\"@graph\":[{\"@type\":\"NewsArticle\",\"@id\":\"https:\\\/\\\/radiolitoral.com\\\/2024\\\/11\\\/detinguts-a-calp-una-mare-i-el-seu-fill-buscats-per-delictes-contra-el-patrimoni-a-franca\\\/#article\",\"isPartOf\":{\"@id\":\"https:\\\/\\\/radiolitoral.com\\\/2024\\\/11\\\/detinguts-a-calp-una-mare-i-el-seu-fill-buscats-per-delictes-contra-el-patrimoni-a-franca\\\/\"},\"author\":{\"name\":\"Redacci\u00f3n\",\"@id\":\"https:\\\/\\\/radiolitoral.com\\\/#\\\/schema\\\/person\\\/f2b2343c49b5d721857cc1002bfdb151\"},\"headline\":\"Detinguts, a Calp, una mare i el seu fill buscats per delictes contra el patrimoni a Fran\u00e7a\",\"datePublished\":\"2024-11-06T08:24:25+00:00\",\"dateModified\":\"2024-11-06T08:43:20+00:00\",\"mainEntityOfPage\":{\"@id\":\"https:\\\/\\\/radiolitoral.com\\\/2024\\\/11\\\/detinguts-a-calp-una-mare-i-el-seu-fill-buscats-per-delictes-contra-el-patrimoni-a-franca\\\/\"},\"wordCount\":424,\"commentCount\":0,\"publisher\":{\"@id\":\"https:\\\/\\\/radiolitoral.com\\\/#organization\"},\"image\":{\"@id\":\"https:\\\/\\\/radiolitoral.com\\\/2024\\\/11\\\/detinguts-a-calp-una-mare-i-el-seu-fill-buscats-per-delictes-contra-el-patrimoni-a-franca\\\/#primaryimage\"},\"thumbnailUrl\":\"https:\\\/\\\/media.radiolitoral.com\\\/wp-content\\\/uploads\\\/2024\\\/11\\\/06092351\\\/01-detenido-profugo-CALPE.jpg\",\"keywords\":[\"Calp\",\"Estafas\",\"Guardia Civil\",\"sucesos\",\"sucesos Calp\"],\"articleSection\":[\"Sucesos\"],\"inLanguage\":\"ca\",\"potentialAction\":[{\"@type\":\"CommentAction\",\"name\":\"Comment\",\"target\":[\"https:\\\/\\\/radiolitoral.com\\\/2024\\\/11\\\/detinguts-a-calp-una-mare-i-el-seu-fill-buscats-per-delictes-contra-el-patrimoni-a-franca\\\/#respond\"]}]},{\"@type\":[\"WebPage\",\"ItemPage\"],\"@id\":\"https:\\\/\\\/radiolitoral.com\\\/2024\\\/11\\\/detinguts-a-calp-una-mare-i-el-seu-fill-buscats-per-delictes-contra-el-patrimoni-a-franca\\\/\",\"url\":\"https:\\\/\\\/radiolitoral.com\\\/2024\\\/11\\\/detinguts-a-calp-una-mare-i-el-seu-fill-buscats-per-delictes-contra-el-patrimoni-a-franca\\\/\",\"name\":\"Detinguts, a Calp, una mare i el seu fill buscats per delictes contra el patrimoni a Fran\u00e7a | R\u00e0dio Litoral\",\"isPartOf\":{\"@id\":\"https:\\\/\\\/radiolitoral.com\\\/#website\"},\"primaryImageOfPage\":{\"@id\":\"https:\\\/\\\/radiolitoral.com\\\/2024\\\/11\\\/detinguts-a-calp-una-mare-i-el-seu-fill-buscats-per-delictes-contra-el-patrimoni-a-franca\\\/#primaryimage\"},\"image\":{\"@id\":\"https:\\\/\\\/radiolitoral.com\\\/2024\\\/11\\\/detinguts-a-calp-una-mare-i-el-seu-fill-buscats-per-delictes-contra-el-patrimoni-a-franca\\\/#primaryimage\"},\"thumbnailUrl\":\"https:\\\/\\\/media.radiolitoral.com\\\/wp-content\\\/uploads\\\/2024\\\/11\\\/06092351\\\/01-detenido-profugo-CALPE.jpg\",\"datePublished\":\"2024-11-06T08:24:25+00:00\",\"dateModified\":\"2024-11-06T08:43:20+00:00\",\"description\":\"Els dos eren buscats per fets relacionats amb estafes, valorades en 30.600 i 46.000 euros totals, respectivament Els dos eren buscats per fets relacionats amb estafes, valorades en 30.600 i 46.000 euros totals, respectivament\",\"breadcrumb\":{\"@id\":\"https:\\\/\\\/radiolitoral.com\\\/2024\\\/11\\\/detinguts-a-calp-una-mare-i-el-seu-fill-buscats-per-delictes-contra-el-patrimoni-a-franca\\\/#breadcrumb\"},\"inLanguage\":\"ca\",\"potentialAction\":[{\"@type\":\"ReadAction\",\"target\":[\"https:\\\/\\\/radiolitoral.com\\\/2024\\\/11\\\/detinguts-a-calp-una-mare-i-el-seu-fill-buscats-per-delictes-contra-el-patrimoni-a-franca\\\/\"]}]},{\"@type\":\"ImageObject\",\"inLanguage\":\"ca\",\"@id\":\"https:\\\/\\\/radiolitoral.com\\\/2024\\\/11\\\/detinguts-a-calp-una-mare-i-el-seu-fill-buscats-per-delictes-contra-el-patrimoni-a-franca\\\/#primaryimage\",\"url\":\"https:\\\/\\\/media.radiolitoral.com\\\/wp-content\\\/uploads\\\/2024\\\/11\\\/06092351\\\/01-detenido-profugo-CALPE.jpg\",\"contentUrl\":\"https:\\\/\\\/media.radiolitoral.com\\\/wp-content\\\/uploads\\\/2024\\\/11\\\/06092351\\\/01-detenido-profugo-CALPE.jpg\",\"width\":960,\"height\":720},{\"@type\":\"BreadcrumbList\",\"@id\":\"https:\\\/\\\/radiolitoral.com\\\/2024\\\/11\\\/detinguts-a-calp-una-mare-i-el-seu-fill-buscats-per-delictes-contra-el-patrimoni-a-franca\\\/#breadcrumb\",\"itemListElement\":[{\"@type\":\"ListItem\",\"position\":1,\"name\":\"Portada\",\"item\":\"https:\\\/\\\/radiolitoral.com\\\/\"},{\"@type\":\"ListItem\",\"position\":2,\"name\":\"Detinguts, a Calp, una mare i el seu fill buscats per delictes contra el patrimoni a Fran\u00e7a\"}]},{\"@type\":\"WebSite\",\"@id\":\"https:\\\/\\\/radiolitoral.com\\\/#website\",\"url\":\"https:\\\/\\\/radiolitoral.com\\\/\",\"name\":\"Radio Litoral\",\"description\":\"La radio local de la Marina Alta\",\"publisher\":{\"@id\":\"https:\\\/\\\/radiolitoral.com\\\/#organization\"},\"alternateName\":\"Litoral FM\",\"potentialAction\":[{\"@type\":\"SearchAction\",\"target\":{\"@type\":\"EntryPoint\",\"urlTemplate\":\"https:\\\/\\\/radiolitoral.com\\\/?s={search_term_string}\"},\"query-input\":{\"@type\":\"PropertyValueSpecification\",\"valueRequired\":true,\"valueName\":\"search_term_string\"}}],\"inLanguage\":\"ca\"},{\"@type\":\"Organization\",\"@id\":\"https:\\\/\\\/radiolitoral.com\\\/#organization\",\"name\":\"Radio Litoral\",\"url\":\"https:\\\/\\\/radiolitoral.com\\\/\",\"logo\":{\"@type\":\"ImageObject\",\"inLanguage\":\"ca\",\"@id\":\"https:\\\/\\\/radiolitoral.com\\\/#\\\/schema\\\/logo\\\/image\\\/\",\"url\":\"https:\\\/\\\/media.radiolitoral.com\\\/wp-content\\\/uploads\\\/2023\\\/02\\\/24143238\\\/CL-V-RadioLitoral696.png\",\"contentUrl\":\"https:\\\/\\\/media.radiolitoral.com\\\/wp-content\\\/uploads\\\/2023\\\/02\\\/24143238\\\/CL-V-RadioLitoral696.png\",\"width\":696,\"height\":696,\"caption\":\"Radio Litoral\"},\"image\":{\"@id\":\"https:\\\/\\\/radiolitoral.com\\\/#\\\/schema\\\/logo\\\/image\\\/\"},\"sameAs\":[\"https:\\\/\\\/www.facebook.com\\\/Laradiolitoral\\\/\"]},{\"@type\":\"Person\",\"@id\":\"https:\\\/\\\/radiolitoral.com\\\/#\\\/schema\\\/person\\\/f2b2343c49b5d721857cc1002bfdb151\",\"name\":\"Redacci\u00f3n\",\"image\":{\"@type\":\"ImageObject\",\"inLanguage\":\"ca\",\"@id\":\"https:\\\/\\\/secure.gravatar.com\\\/avatar\\\/f771d896c203ad8b3382d7905cfcce5a5c9b008b84b3cd9114e9b9f4cb63f789?s=96&d=mm&r=g\",\"url\":\"https:\\\/\\\/secure.gravatar.com\\\/avatar\\\/f771d896c203ad8b3382d7905cfcce5a5c9b008b84b3cd9114e9b9f4cb63f789?s=96&d=mm&r=g\",\"contentUrl\":\"https:\\\/\\\/secure.gravatar.com\\\/avatar\\\/f771d896c203ad8b3382d7905cfcce5a5c9b008b84b3cd9114e9b9f4cb63f789?s=96&d=mm&r=g\",\"caption\":\"Redacci\u00f3n\"},\"url\":\"https:\\\/\\\/radiolitoral.com\\\/ca\\\/author\\\/miriam-pagan\\\/\"}]}<\/script>\n<!-- \/ Yoast SEO plugin. -->","yoast_head_json":{"title":"Detinguts, a Calp, una mare i el seu fill buscats per delits contra el patrimoni a Fran\u00e7a | R\u00e0dio Litoral","description":"Tots dos eren buscats per fets relacionats amb estafes, valorades en 30.600 i 46.000 euros totals, respectivament.","robots":{"index":"index","follow":"follow","max-snippet":"max-snippet:-1","max-image-preview":"max-image-preview:large","max-video-preview":"max-video-preview:-1"},"canonical":"https:\/\/radiolitoral.com\/ca\/2024\/11\/detinguts-a-calp-una-mare-i-el-seu-fill-buscats-per-delits-contra-el-patrimoni-a-franca\/","og_locale":"ca_ES","og_type":"article","og_title":"Detinguts, a Calp, una mare i el seu fill buscats per delictes contra el patrimoni a Fran\u00e7a | R\u00e0dio Litoral","og_description":"Els dos eren buscats per fets relacionats amb estafes, valorades en 30.600 i 46.000 euros totals, respectivament Els dos eren buscats per fets relacionats amb estafes, valorades en 30.600 i 46.000 euros totals, respectivament","og_url":"https:\/\/radiolitoral.com\/ca\/2024\/11\/detinguts-a-calp-una-mare-i-el-seu-fill-buscats-per-delits-contra-el-patrimoni-a-franca\/","og_site_name":"R\u00e0dio Litoral","article_publisher":"https:\/\/www.facebook.com\/Laradiolitoral\/","article_published_time":"2024-11-06T08:24:25+00:00","article_modified_time":"2024-11-06T08:43:20+00:00","og_image":[{"width":960,"height":720,"url":"https:\/\/media.radiolitoral.com\/wp-content\/uploads\/2024\/11\/06092351\/01-detenido-profugo-CALPE.jpg","type":"image\/jpeg"}],"author":"Redacci\u00f3n","twitter_card":"summary_large_image","twitter_misc":{"Escrit per":"Redacci\u00f3n","Temps estimat de lectura":"3 minuts"},"schema":{"@context":"https:\/\/schema.org","@graph":[{"@type":"NewsArticle","@id":"https:\/\/radiolitoral.com\/2024\/11\/detinguts-a-calp-una-mare-i-el-seu-fill-buscats-per-delictes-contra-el-patrimoni-a-franca\/#article","isPartOf":{"@id":"https:\/\/radiolitoral.com\/2024\/11\/detinguts-a-calp-una-mare-i-el-seu-fill-buscats-per-delictes-contra-el-patrimoni-a-franca\/"},"author":{"name":"Redacci\u00f3n","@id":"https:\/\/radiolitoral.com\/#\/schema\/person\/f2b2343c49b5d721857cc1002bfdb151"},"headline":"Detinguts, a Calp, una mare i el seu fill buscats per delictes contra el patrimoni a Fran\u00e7a","datePublished":"2024-11-06T08:24:25+00:00","dateModified":"2024-11-06T08:43:20+00:00","mainEntityOfPage":{"@id":"https:\/\/radiolitoral.com\/2024\/11\/detinguts-a-calp-una-mare-i-el-seu-fill-buscats-per-delictes-contra-el-patrimoni-a-franca\/"},"wordCount":424,"commentCount":0,"publisher":{"@id":"https:\/\/radiolitoral.com\/#organization"},"image":{"@id":"https:\/\/radiolitoral.com\/2024\/11\/detinguts-a-calp-una-mare-i-el-seu-fill-buscats-per-delictes-contra-el-patrimoni-a-franca\/#primaryimage"},"thumbnailUrl":"https:\/\/media.radiolitoral.com\/wp-content\/uploads\/2024\/11\/06092351\/01-detenido-profugo-CALPE.jpg","keywords":["Calp","Estafas","Guardia Civil","sucesos","sucesos Calp"],"articleSection":["Sucesos"],"inLanguage":"ca","potentialAction":[{"@type":"CommentAction","name":"Comment","target":["https:\/\/radiolitoral.com\/2024\/11\/detinguts-a-calp-una-mare-i-el-seu-fill-buscats-per-delictes-contra-el-patrimoni-a-franca\/#respond"]}]},{"@type":["WebPage","ItemPage"],"@id":"https:\/\/radiolitoral.com\/2024\/11\/detinguts-a-calp-una-mare-i-el-seu-fill-buscats-per-delictes-contra-el-patrimoni-a-franca\/","url":"https:\/\/radiolitoral.com\/2024\/11\/detinguts-a-calp-una-mare-i-el-seu-fill-buscats-per-delictes-contra-el-patrimoni-a-franca\/","name":"Detinguts, a Calp, una mare i el seu fill buscats per delits contra el patrimoni a Fran\u00e7a | R\u00e0dio Litoral","isPartOf":{"@id":"https:\/\/radiolitoral.com\/#website"},"primaryImageOfPage":{"@id":"https:\/\/radiolitoral.com\/2024\/11\/detinguts-a-calp-una-mare-i-el-seu-fill-buscats-per-delictes-contra-el-patrimoni-a-franca\/#primaryimage"},"image":{"@id":"https:\/\/radiolitoral.com\/2024\/11\/detinguts-a-calp-una-mare-i-el-seu-fill-buscats-per-delictes-contra-el-patrimoni-a-franca\/#primaryimage"},"thumbnailUrl":"https:\/\/media.radiolitoral.com\/wp-content\/uploads\/2024\/11\/06092351\/01-detenido-profugo-CALPE.jpg","datePublished":"2024-11-06T08:24:25+00:00","dateModified":"2024-11-06T08:43:20+00:00","description":"Tots dos eren buscats per fets relacionats amb estafes, valorades en 30.600 i 46.000 euros totals, respectivament.","breadcrumb":{"@id":"https:\/\/radiolitoral.com\/2024\/11\/detinguts-a-calp-una-mare-i-el-seu-fill-buscats-per-delictes-contra-el-patrimoni-a-franca\/#breadcrumb"},"inLanguage":"ca","potentialAction":[{"@type":"ReadAction","target":["https:\/\/radiolitoral.com\/2024\/11\/detinguts-a-calp-una-mare-i-el-seu-fill-buscats-per-delictes-contra-el-patrimoni-a-franca\/"]}]},{"@type":"ImageObject","inLanguage":"ca","@id":"https:\/\/radiolitoral.com\/2024\/11\/detinguts-a-calp-una-mare-i-el-seu-fill-buscats-per-delictes-contra-el-patrimoni-a-franca\/#primaryimage","url":"https:\/\/media.radiolitoral.com\/wp-content\/uploads\/2024\/11\/06092351\/01-detenido-profugo-CALPE.jpg","contentUrl":"https:\/\/media.radiolitoral.com\/wp-content\/uploads\/2024\/11\/06092351\/01-detenido-profugo-CALPE.jpg","width":960,"height":720},{"@type":"BreadcrumbList","@id":"https:\/\/radiolitoral.com\/2024\/11\/detinguts-a-calp-una-mare-i-el-seu-fill-buscats-per-delictes-contra-el-patrimoni-a-franca\/#breadcrumb","itemListElement":[{"@type":"ListItem","position":1,"name":"Portada","item":"https:\/\/radiolitoral.com\/"},{"@type":"ListItem","position":2,"name":"Detinguts, a Calp, una mare i el seu fill buscats per delictes contra el patrimoni a Fran\u00e7a"}]},{"@type":"WebSite","@id":"https:\/\/radiolitoral.com\/#website","url":"https:\/\/radiolitoral.com\/","name":"R\u00e0dio Litoral","description":"La r\u00e0dio local de la Marina Alta","publisher":{"@id":"https:\/\/radiolitoral.com\/#organization"},"alternateName":"Litoral FM","potentialAction":[{"@type":"SearchAction","target":{"@type":"EntryPoint","urlTemplate":"https:\/\/radiolitoral.com\/?s={search_term_string}"},"query-input":{"@type":"PropertyValueSpecification","valueRequired":true,"valueName":"search_term_string"}}],"inLanguage":"ca"},{"@type":"Organization","@id":"https:\/\/radiolitoral.com\/#organization","name":"R\u00e0dio Litoral","url":"https:\/\/radiolitoral.com\/","logo":{"@type":"ImageObject","inLanguage":"ca","@id":"https:\/\/radiolitoral.com\/#\/schema\/logo\/image\/","url":"https:\/\/media.radiolitoral.com\/wp-content\/uploads\/2023\/02\/24143238\/CL-V-RadioLitoral696.png","contentUrl":"https:\/\/media.radiolitoral.com\/wp-content\/uploads\/2023\/02\/24143238\/CL-V-RadioLitoral696.png","width":696,"height":696,"caption":"Radio Litoral"},"image":{"@id":"https:\/\/radiolitoral.com\/#\/schema\/logo\/image\/"},"sameAs":["https:\/\/www.facebook.com\/Laradiolitoral\/"]},{"@type":"Person","@id":"https:\/\/radiolitoral.com\/#\/schema\/person\/f2b2343c49b5d721857cc1002bfdb151","name":"Redacci\u00f3","image":{"@type":"ImageObject","inLanguage":"ca","@id":"https:\/\/secure.gravatar.com\/avatar\/f771d896c203ad8b3382d7905cfcce5a5c9b008b84b3cd9114e9b9f4cb63f789?s=96&d=mm&r=g","url":"https:\/\/secure.gravatar.com\/avatar\/f771d896c203ad8b3382d7905cfcce5a5c9b008b84b3cd9114e9b9f4cb63f789?s=96&d=mm&r=g","contentUrl":"https:\/\/secure.gravatar.com\/avatar\/f771d896c203ad8b3382d7905cfcce5a5c9b008b84b3cd9114e9b9f4cb63f789?s=96&d=mm&r=g","caption":"Redacci\u00f3n"},"url":"https:\/\/radiolitoral.com\/ca\/author\/miriam-pagan\/"}]}},"_links":{"self":[{"href":"https:\/\/radiolitoral.com\/ca\/wp-json\/wp\/v2\/posts\/12880","targetHints":{"allow":["GET"]}}],"collection":[{"href":"https:\/\/radiolitoral.com\/ca\/wp-json\/wp\/v2\/posts"}],"about":[{"href":"https:\/\/radiolitoral.com\/ca\/wp-json\/wp\/v2\/types\/post"}],"author":[{"embeddable":true,"href":"https:\/\/radiolitoral.com\/ca\/wp-json\/wp\/v2\/users\/13"}],"replies":[{"embeddable":true,"href":"https:\/\/radiolitoral.com\/ca\/wp-json\/wp\/v2\/comments?post=12880"}],"version-history":[{"count":3,"href":"https:\/\/radiolitoral.com\/ca\/wp-json\/wp\/v2\/posts\/12880\/revisions"}],"predecessor-version":[{"id":12884,"href":"https:\/\/radiolitoral.com\/ca\/wp-json\/wp\/v2\/posts\/12880\/revisions\/12884"}],"wp:featuredmedia":[{"embeddable":true,"href":"https:\/\/radiolitoral.com\/ca\/wp-json\/wp\/v2\/media\/12881"}],"wp:attachment":[{"href":"https:\/\/radiolitoral.com\/ca\/wp-json\/wp\/v2\/media?parent=12880"}],"wp:term":[{"taxonomy":"category","embeddable":true,"href":"https:\/\/radiolitoral.com\/ca\/wp-json\/wp\/v2\/categories?post=12880"},{"taxonomy":"post_tag","embeddable":true,"href":"https:\/\/radiolitoral.com\/ca\/wp-json\/wp\/v2\/tags?post=12880"}],"curies":[{"name":"wp","href":"https:\/\/api.w.org\/{rel}","templated":true}]}}