{"id":12871,"date":"2024-11-05T14:52:37","date_gmt":"2024-11-05T13:52:37","guid":{"rendered":"https:\/\/radiolitoral.com\/?p=12871"},"modified":"2024-11-05T14:55:05","modified_gmt":"2024-11-05T13:55:05","slug":"santa-cecilia-llencara-tellada-moraira-de-musica-i-tradici","status":"publish","type":"post","link":"https:\/\/radiolitoral.com\/ca\/2024\/11\/santa-cecilia-omplira-teulada-moraira-de-musica-i-tradicio\/","title":{"rendered":"Santa Cec\u00edlia omplir\u00e0 Teulada Moraira de m\u00fasica i tradici\u00f3"},"content":{"rendered":"<p><strong>Teulada Moraira<\/strong> celebra un any m\u00e9s la festivitat de <strong>Santa Cec\u00edlia<\/strong> amb una programaci\u00f3 variada d&#039;actes i concerts. La <strong>Agrupaci\u00f3 Musical Cultural de Teulada<\/strong> (AMCT), en col\u00b7laboraci\u00f3 amb l&#039;<strong>Ajuntament de Teulada<\/strong>, ha organitzat un conjunt d&#039;activitats que es duran a terme els dies <strong>9, 10, 15 i 16 de novembre<\/strong>. Aquest esdeveniment anual ret homenatge a la <strong>patrona de la m\u00fasica i dels m\u00fasics<\/strong>, reunint tota la comunitat.<\/p>\n<h3><strong>Inici amb concert de cambra el 9 de novembre<\/strong><\/h3>\n<p>La celebraci\u00f3 arrenca el <strong>jueus 9 de novembre<\/strong> a les <strong>19:30 hores<\/strong>, amb el concert <strong>&#039;AMCTPOP SESSION. Amalgama Sonor&#039;<\/strong>, a c\u00e0rrec dels <strong>grups de cambra<\/strong> de l&#039;AMCT. Aquest concert tindr\u00e0 lloc a l&#039;<strong>Auditori Teulada Moraira<\/strong> amb <strong>entrada lliure<\/strong> per a tot el p\u00fablic.<\/p>\n<p>El <strong>diumenge 10 de novembre<\/strong> ser\u00e0 el <strong>dia principal<\/strong> de Santa Cec\u00edlia. Als <strong>9:00 hores<\/strong>, tindr\u00e0 lloc la <strong>recollida dels nous m\u00fasics<\/strong> de l&#039;AMCT. Posteriorment, a les <strong>12:00 hores<\/strong>, es far\u00e0 la <strong>recollida de la padrina de la banda, Vicenta Mari Morell<\/strong>. Als <strong>12:15 hores<\/strong>, \u00e9s traslladar\u00e0 la <strong>imatge de Santa Cec\u00edlia<\/strong> des del <strong>Casal de la M\u00fasica<\/strong> (C\/ Colom, 45) fins a l&#039;<strong>esgl\u00e9sia<\/strong> del municipi.<\/p>\n<p>Per finalitzar els actes del diumenge, a les <strong>12:30 hores<\/strong> \u00e9s realitzar\u00e0 la <strong>missa en honor a Santa Cec\u00edlia<\/strong>. La celebraci\u00f3 religiosa comptar\u00e0 amb la participaci\u00f3 de la <strong>Coral Teuladina<\/strong>, que acompanyar\u00e0 amb el seu cant.<\/p>\n<h3><strong>Actes finals de Santa Cec\u00edlia el 15 i 16 de novembre<\/strong><\/h3>\n<p>El <strong>divendres 15 de novembre<\/strong>, a les <strong>20:00 hores<\/strong>, ser\u00e0 el torn de la <strong>Banda Juvenil de l&#039;AMCT<\/strong> amb el concert <strong>&#039;Et sona?&#039;<\/strong>. L&#039;actuaci\u00f3 es dur\u00e0 a terme a l&#039;<strong>Auditori Teulada Moraira<\/strong> amb <strong>entrada lliure<\/strong>.<\/p>\n<p>La programaci\u00f3 de Santa Cec\u00edlia \u00e9s clausurar\u00e0 el <strong>dissabte 16 de novembre<\/strong> amb el concert de la <strong>Banda Simf\u00f2nica de l&#039;AMCT<\/strong>, titulat <strong>&#039;Viatjant cap a l&#039;eternitat&#039;<\/strong>, a les <strong>19:00 hores<\/strong>. Aquest concert tindr\u00e0 un cost de <strong>6 \u20ac<\/strong> i les entrades es podran adquirir tant a la <strong>taquilla de l&#039;auditori<\/strong> com en l\u00ednia, a <strong>instanticket.es<\/strong>.<\/p>\n<p>Aquest darrer concert tindr\u00e0 una finalitat <strong>ben\u00e8fica<\/strong> i els ingressos es destinaran als <strong>afectats per la DANA<\/strong>, amb la col\u00b7laboraci\u00f3 de la <strong>Fundaci\u00f3 Auditori Teulada Moraira<\/strong>.<\/p>\n<p>La <strong>regidora de Cultura<\/strong>, <strong>Ver\u00f3nica Mart\u00ednez<\/strong>, ha expressat el seu orgull per aquesta festivitat que va enriquir el municipi i ha felicitat els nous membres de la <strong>AMCT<\/strong>. Tamb\u00e9 ha convidat els ve\u00efns i visitants a gaudir de la programaci\u00f3 en honor a Santa Cec\u00edlia.<\/p>","protected":false},"excerpt":{"rendered":"<p>Teulada Moraira celebra un any m\u00e9s la festivitat de Santa Cec\u00edlia amb una programaci\u00f3 variada d\u2019actes i concerts. La Agrupaci\u00f3 Musical Cultural de Teulada (AMCT), en col\u00b7laboraci\u00f3 amb l&#8217;Ajuntament de Teulada, ha organitzat un conjunt d&#8217;activitats que es duran a terme els dies 9, 10, 15 i 16 de novembre. Aquest esdeveniment anual ret homenatge [&#8230;]<\/p>\n<p><a class=\"btn btn-secondary understrap-read-more-link\" href=\"https:\/\/radiolitoral.com\/ca\/2024\/11\/santa-cecilia-omplira-teulada-moraira-de-musica-i-tradicio\/\">Continua llegint&#8230;<span class=\"screen-reader-text\"> from Santa Cec\u00edlia omplir\u00e0 Teulada Moraira de m\u00fasica i tradici\u00f3<\/span><\/a><\/p>\n","protected":false},"author":13,"featured_media":12874,"comment_status":"open","ping_status":"closed","sticky":false,"template":"","format":"standard","meta":{"_acf_changed":false,"inline_featured_image":false,"footnotes":""},"categories":[55],"tags":[2701,463,2702,2704,2706,2703,2705,2700,195],"class_list":["post-12871","post","type-post","status-publish","format-standard","has-post-thumbnail","hentry","category-cultura","tag-amct","tag-auditori-teulada-moraira","tag-concert-benefic","tag-concerts-novembre","tag-dana","tag-missa-santa-cecilia","tag-patrona-de-la-musica","tag-santa-cecilia","tag-teulada-moraira","cobertura-teulada-moraira"],"acf":[],"yoast_head":"<!-- This site is optimized with the Yoast SEO plugin v27.5 - https:\/\/yoast.com\/product\/yoast-seo-wordpress\/ -->\n<title>Santa Cec\u00edlia omplir\u00e0 Teulada Moraira de m\u00fasica i tradici\u00f3 | R\u00e0dio Litoral<\/title>\n<meta name=\"description\" content=\"Teulada Moraira celebra un any m\u00e9s la festivitat de Santa Cec\u00edlia amb una programaci\u00f3 variada d\u2019actes i concerts.\" \/>\n<meta name=\"robots\" content=\"index, follow, max-snippet:-1, max-image-preview:large, max-video-preview:-1\" \/>\n<link rel=\"canonical\" href=\"https:\/\/radiolitoral.com\/ca\/2024\/11\/santa-cecilia-llencara-tellada-moraira-de-musica-i-tradici\/\" \/>\n<meta property=\"og:locale\" content=\"ca_ES\" \/>\n<meta property=\"og:type\" content=\"article\" \/>\n<meta property=\"og:title\" content=\"Santa Cec\u00edlia omplir\u00e0 Teulada Moraira de m\u00fasica i tradici\u00f3 | R\u00e0dio Litoral\" \/>\n<meta property=\"og:description\" content=\"Teulada Moraira celebra un any m\u00e9s la festivitat de Santa Cec\u00edlia amb una programaci\u00f3 variada d\u2019actes i concerts.\" \/>\n<meta property=\"og:url\" content=\"https:\/\/radiolitoral.com\/ca\/2024\/11\/santa-cecilia-llencara-tellada-moraira-de-musica-i-tradici\/\" \/>\n<meta property=\"og:site_name\" content=\"R\u00e0dio Litoral\" \/>\n<meta property=\"article:publisher\" content=\"https:\/\/www.facebook.com\/Laradiolitoral\/\" \/>\n<meta property=\"article:published_time\" content=\"2024-11-05T13:52:37+00:00\" \/>\n<meta property=\"article:modified_time\" content=\"2024-11-05T13:55:05+00:00\" \/>\n<meta property=\"og:image\" content=\"https:\/\/media.radiolitoral.com\/wp-content\/uploads\/2024\/11\/05145148\/46051510_2397547236927685_3922665782592405504_n.jpg\" \/>\n\t<meta property=\"og:image:width\" content=\"1500\" \/>\n\t<meta property=\"og:image:height\" content=\"700\" \/>\n\t<meta property=\"og:image:type\" content=\"image\/jpeg\" \/>\n<meta name=\"author\" content=\"Redacci\u00f3n\" \/>\n<meta name=\"twitter:card\" content=\"summary_large_image\" \/>\n<meta name=\"twitter:label1\" content=\"Escrit per\" \/>\n\t<meta name=\"twitter:data1\" content=\"Redacci\u00f3n\" \/>\n\t<meta name=\"twitter:label2\" content=\"Temps estimat de lectura\" \/>\n\t<meta name=\"twitter:data2\" content=\"3 minuts\" \/>\n<script type=\"application\/ld+json\" class=\"yoast-schema-graph\">{\"@context\":\"https:\\\/\\\/schema.org\",\"@graph\":[{\"@type\":\"NewsArticle\",\"@id\":\"https:\\\/\\\/radiolitoral.com\\\/2024\\\/11\\\/santa-cecilia-omplira-teulada-moraira-de-musica-i-tradicio\\\/#article\",\"isPartOf\":{\"@id\":\"https:\\\/\\\/radiolitoral.com\\\/2024\\\/11\\\/santa-cecilia-omplira-teulada-moraira-de-musica-i-tradicio\\\/\"},\"author\":{\"name\":\"Redacci\u00f3n\",\"@id\":\"https:\\\/\\\/radiolitoral.com\\\/#\\\/schema\\\/person\\\/f2b2343c49b5d721857cc1002bfdb151\"},\"headline\":\"Santa Cec\u00edlia omplir\u00e0 Teulada Moraira de m\u00fasica i tradici\u00f3\",\"datePublished\":\"2024-11-05T13:52:37+00:00\",\"dateModified\":\"2024-11-05T13:55:05+00:00\",\"mainEntityOfPage\":{\"@id\":\"https:\\\/\\\/radiolitoral.com\\\/2024\\\/11\\\/santa-cecilia-omplira-teulada-moraira-de-musica-i-tradicio\\\/\"},\"wordCount\":423,\"commentCount\":0,\"publisher\":{\"@id\":\"https:\\\/\\\/radiolitoral.com\\\/#organization\"},\"image\":{\"@id\":\"https:\\\/\\\/radiolitoral.com\\\/2024\\\/11\\\/santa-cecilia-omplira-teulada-moraira-de-musica-i-tradicio\\\/#primaryimage\"},\"thumbnailUrl\":\"https:\\\/\\\/media.radiolitoral.com\\\/wp-content\\\/uploads\\\/2024\\\/11\\\/05145148\\\/46051510_2397547236927685_3922665782592405504_n.jpg\",\"keywords\":[\"AMCT\",\"Auditori Teulada Moraira\",\"concert ben\u00e8fic\",\"concerts novembre\",\"DANA\",\"missa Santa Cec\u00edlia\",\"patrona de la m\u00fasica\",\"Santa Cec\u00edlia\",\"Teulada-Moraira\"],\"articleSection\":[\"Cultura\"],\"inLanguage\":\"ca\",\"potentialAction\":[{\"@type\":\"CommentAction\",\"name\":\"Comment\",\"target\":[\"https:\\\/\\\/radiolitoral.com\\\/2024\\\/11\\\/santa-cecilia-omplira-teulada-moraira-de-musica-i-tradicio\\\/#respond\"]}]},{\"@type\":[\"WebPage\",\"ItemPage\"],\"@id\":\"https:\\\/\\\/radiolitoral.com\\\/2024\\\/11\\\/santa-cecilia-omplira-teulada-moraira-de-musica-i-tradicio\\\/\",\"url\":\"https:\\\/\\\/radiolitoral.com\\\/2024\\\/11\\\/santa-cecilia-omplira-teulada-moraira-de-musica-i-tradicio\\\/\",\"name\":\"Santa Cec\u00edlia omplir\u00e0 Teulada Moraira de m\u00fasica i tradici\u00f3 | R\u00e0dio Litoral\",\"isPartOf\":{\"@id\":\"https:\\\/\\\/radiolitoral.com\\\/#website\"},\"primaryImageOfPage\":{\"@id\":\"https:\\\/\\\/radiolitoral.com\\\/2024\\\/11\\\/santa-cecilia-omplira-teulada-moraira-de-musica-i-tradicio\\\/#primaryimage\"},\"image\":{\"@id\":\"https:\\\/\\\/radiolitoral.com\\\/2024\\\/11\\\/santa-cecilia-omplira-teulada-moraira-de-musica-i-tradicio\\\/#primaryimage\"},\"thumbnailUrl\":\"https:\\\/\\\/media.radiolitoral.com\\\/wp-content\\\/uploads\\\/2024\\\/11\\\/05145148\\\/46051510_2397547236927685_3922665782592405504_n.jpg\",\"datePublished\":\"2024-11-05T13:52:37+00:00\",\"dateModified\":\"2024-11-05T13:55:05+00:00\",\"description\":\"Teulada Moraira celebra un any m\u00e9s la festivitat de Santa Cec\u00edlia amb una programaci\u00f3 variada d\u2019actes i concerts.\",\"breadcrumb\":{\"@id\":\"https:\\\/\\\/radiolitoral.com\\\/2024\\\/11\\\/santa-cecilia-omplira-teulada-moraira-de-musica-i-tradicio\\\/#breadcrumb\"},\"inLanguage\":\"ca\",\"potentialAction\":[{\"@type\":\"ReadAction\",\"target\":[\"https:\\\/\\\/radiolitoral.com\\\/2024\\\/11\\\/santa-cecilia-omplira-teulada-moraira-de-musica-i-tradicio\\\/\"]}]},{\"@type\":\"ImageObject\",\"inLanguage\":\"ca\",\"@id\":\"https:\\\/\\\/radiolitoral.com\\\/2024\\\/11\\\/santa-cecilia-omplira-teulada-moraira-de-musica-i-tradicio\\\/#primaryimage\",\"url\":\"https:\\\/\\\/media.radiolitoral.com\\\/wp-content\\\/uploads\\\/2024\\\/11\\\/05145148\\\/46051510_2397547236927685_3922665782592405504_n.jpg\",\"contentUrl\":\"https:\\\/\\\/media.radiolitoral.com\\\/wp-content\\\/uploads\\\/2024\\\/11\\\/05145148\\\/46051510_2397547236927685_3922665782592405504_n.jpg\",\"width\":1500,\"height\":700},{\"@type\":\"BreadcrumbList\",\"@id\":\"https:\\\/\\\/radiolitoral.com\\\/2024\\\/11\\\/santa-cecilia-omplira-teulada-moraira-de-musica-i-tradicio\\\/#breadcrumb\",\"itemListElement\":[{\"@type\":\"ListItem\",\"position\":1,\"name\":\"Portada\",\"item\":\"https:\\\/\\\/radiolitoral.com\\\/\"},{\"@type\":\"ListItem\",\"position\":2,\"name\":\"Santa Cec\u00edlia omplir\u00e0 Teulada Moraira de m\u00fasica i tradici\u00f3\"}]},{\"@type\":\"WebSite\",\"@id\":\"https:\\\/\\\/radiolitoral.com\\\/#website\",\"url\":\"https:\\\/\\\/radiolitoral.com\\\/\",\"name\":\"Radio Litoral\",\"description\":\"La radio local de la Marina Alta\",\"publisher\":{\"@id\":\"https:\\\/\\\/radiolitoral.com\\\/#organization\"},\"alternateName\":\"Litoral FM\",\"potentialAction\":[{\"@type\":\"SearchAction\",\"target\":{\"@type\":\"EntryPoint\",\"urlTemplate\":\"https:\\\/\\\/radiolitoral.com\\\/?s={search_term_string}\"},\"query-input\":{\"@type\":\"PropertyValueSpecification\",\"valueRequired\":true,\"valueName\":\"search_term_string\"}}],\"inLanguage\":\"ca\"},{\"@type\":\"Organization\",\"@id\":\"https:\\\/\\\/radiolitoral.com\\\/#organization\",\"name\":\"Radio Litoral\",\"url\":\"https:\\\/\\\/radiolitoral.com\\\/\",\"logo\":{\"@type\":\"ImageObject\",\"inLanguage\":\"ca\",\"@id\":\"https:\\\/\\\/radiolitoral.com\\\/#\\\/schema\\\/logo\\\/image\\\/\",\"url\":\"https:\\\/\\\/media.radiolitoral.com\\\/wp-content\\\/uploads\\\/2023\\\/02\\\/24143238\\\/CL-V-RadioLitoral696.png\",\"contentUrl\":\"https:\\\/\\\/media.radiolitoral.com\\\/wp-content\\\/uploads\\\/2023\\\/02\\\/24143238\\\/CL-V-RadioLitoral696.png\",\"width\":696,\"height\":696,\"caption\":\"Radio Litoral\"},\"image\":{\"@id\":\"https:\\\/\\\/radiolitoral.com\\\/#\\\/schema\\\/logo\\\/image\\\/\"},\"sameAs\":[\"https:\\\/\\\/www.facebook.com\\\/Laradiolitoral\\\/\"]},{\"@type\":\"Person\",\"@id\":\"https:\\\/\\\/radiolitoral.com\\\/#\\\/schema\\\/person\\\/f2b2343c49b5d721857cc1002bfdb151\",\"name\":\"Redacci\u00f3n\",\"image\":{\"@type\":\"ImageObject\",\"inLanguage\":\"ca\",\"@id\":\"https:\\\/\\\/secure.gravatar.com\\\/avatar\\\/f771d896c203ad8b3382d7905cfcce5a5c9b008b84b3cd9114e9b9f4cb63f789?s=96&d=mm&r=g\",\"url\":\"https:\\\/\\\/secure.gravatar.com\\\/avatar\\\/f771d896c203ad8b3382d7905cfcce5a5c9b008b84b3cd9114e9b9f4cb63f789?s=96&d=mm&r=g\",\"contentUrl\":\"https:\\\/\\\/secure.gravatar.com\\\/avatar\\\/f771d896c203ad8b3382d7905cfcce5a5c9b008b84b3cd9114e9b9f4cb63f789?s=96&d=mm&r=g\",\"caption\":\"Redacci\u00f3n\"},\"url\":\"https:\\\/\\\/radiolitoral.com\\\/ca\\\/author\\\/miriam-pagan\\\/\"}]}<\/script>\n<!-- \/ Yoast SEO plugin. -->","yoast_head_json":{"title":"Santa Cec\u00edlia omplir\u00e0 Teulada Moraira de m\u00fasica i tradici\u00f3 | R\u00e0dio Litoral","description":"Teulada Moraira celebra un any m\u00e9s la festivitat de Santa Cec\u00edlia amb una programaci\u00f3 variada d&#039;actes i concerts.","robots":{"index":"index","follow":"follow","max-snippet":"max-snippet:-1","max-image-preview":"max-image-preview:large","max-video-preview":"max-video-preview:-1"},"canonical":"https:\/\/radiolitoral.com\/ca\/2024\/11\/santa-cecilia-llencara-tellada-moraira-de-musica-i-tradici\/","og_locale":"ca_ES","og_type":"article","og_title":"Santa Cec\u00edlia omplir\u00e0 Teulada Moraira de m\u00fasica i tradici\u00f3 | R\u00e0dio Litoral","og_description":"Teulada Moraira celebra un any m\u00e9s la festivitat de Santa Cec\u00edlia amb una programaci\u00f3 variada d\u2019actes i concerts.","og_url":"https:\/\/radiolitoral.com\/ca\/2024\/11\/santa-cecilia-llencara-tellada-moraira-de-musica-i-tradici\/","og_site_name":"R\u00e0dio Litoral","article_publisher":"https:\/\/www.facebook.com\/Laradiolitoral\/","article_published_time":"2024-11-05T13:52:37+00:00","article_modified_time":"2024-11-05T13:55:05+00:00","og_image":[{"width":1500,"height":700,"url":"https:\/\/media.radiolitoral.com\/wp-content\/uploads\/2024\/11\/05145148\/46051510_2397547236927685_3922665782592405504_n.jpg","type":"image\/jpeg"}],"author":"Redacci\u00f3n","twitter_card":"summary_large_image","twitter_misc":{"Escrit per":"Redacci\u00f3n","Temps estimat de lectura":"3 minuts"},"schema":{"@context":"https:\/\/schema.org","@graph":[{"@type":"NewsArticle","@id":"https:\/\/radiolitoral.com\/2024\/11\/santa-cecilia-omplira-teulada-moraira-de-musica-i-tradicio\/#article","isPartOf":{"@id":"https:\/\/radiolitoral.com\/2024\/11\/santa-cecilia-omplira-teulada-moraira-de-musica-i-tradicio\/"},"author":{"name":"Redacci\u00f3n","@id":"https:\/\/radiolitoral.com\/#\/schema\/person\/f2b2343c49b5d721857cc1002bfdb151"},"headline":"Santa Cec\u00edlia omplir\u00e0 Teulada Moraira de m\u00fasica i tradici\u00f3","datePublished":"2024-11-05T13:52:37+00:00","dateModified":"2024-11-05T13:55:05+00:00","mainEntityOfPage":{"@id":"https:\/\/radiolitoral.com\/2024\/11\/santa-cecilia-omplira-teulada-moraira-de-musica-i-tradicio\/"},"wordCount":423,"commentCount":0,"publisher":{"@id":"https:\/\/radiolitoral.com\/#organization"},"image":{"@id":"https:\/\/radiolitoral.com\/2024\/11\/santa-cecilia-omplira-teulada-moraira-de-musica-i-tradicio\/#primaryimage"},"thumbnailUrl":"https:\/\/media.radiolitoral.com\/wp-content\/uploads\/2024\/11\/05145148\/46051510_2397547236927685_3922665782592405504_n.jpg","keywords":["AMCT","Auditori Teulada Moraira","concert ben\u00e8fic","concerts novembre","DANA","missa Santa Cec\u00edlia","patrona de la m\u00fasica","Santa Cec\u00edlia","Teulada-Moraira"],"articleSection":["Cultura"],"inLanguage":"ca","potentialAction":[{"@type":"CommentAction","name":"Comment","target":["https:\/\/radiolitoral.com\/2024\/11\/santa-cecilia-omplira-teulada-moraira-de-musica-i-tradicio\/#respond"]}]},{"@type":["WebPage","ItemPage"],"@id":"https:\/\/radiolitoral.com\/2024\/11\/santa-cecilia-omplira-teulada-moraira-de-musica-i-tradicio\/","url":"https:\/\/radiolitoral.com\/2024\/11\/santa-cecilia-omplira-teulada-moraira-de-musica-i-tradicio\/","name":"Santa Cec\u00edlia omplir\u00e0 Teulada Moraira de m\u00fasica i tradici\u00f3 | R\u00e0dio Litoral","isPartOf":{"@id":"https:\/\/radiolitoral.com\/#website"},"primaryImageOfPage":{"@id":"https:\/\/radiolitoral.com\/2024\/11\/santa-cecilia-omplira-teulada-moraira-de-musica-i-tradicio\/#primaryimage"},"image":{"@id":"https:\/\/radiolitoral.com\/2024\/11\/santa-cecilia-omplira-teulada-moraira-de-musica-i-tradicio\/#primaryimage"},"thumbnailUrl":"https:\/\/media.radiolitoral.com\/wp-content\/uploads\/2024\/11\/05145148\/46051510_2397547236927685_3922665782592405504_n.jpg","datePublished":"2024-11-05T13:52:37+00:00","dateModified":"2024-11-05T13:55:05+00:00","description":"Teulada Moraira celebra un any m\u00e9s la festivitat de Santa Cec\u00edlia amb una programaci\u00f3 variada d&#039;actes i concerts.","breadcrumb":{"@id":"https:\/\/radiolitoral.com\/2024\/11\/santa-cecilia-omplira-teulada-moraira-de-musica-i-tradicio\/#breadcrumb"},"inLanguage":"ca","potentialAction":[{"@type":"ReadAction","target":["https:\/\/radiolitoral.com\/2024\/11\/santa-cecilia-omplira-teulada-moraira-de-musica-i-tradicio\/"]}]},{"@type":"ImageObject","inLanguage":"ca","@id":"https:\/\/radiolitoral.com\/2024\/11\/santa-cecilia-omplira-teulada-moraira-de-musica-i-tradicio\/#primaryimage","url":"https:\/\/media.radiolitoral.com\/wp-content\/uploads\/2024\/11\/05145148\/46051510_2397547236927685_3922665782592405504_n.jpg","contentUrl":"https:\/\/media.radiolitoral.com\/wp-content\/uploads\/2024\/11\/05145148\/46051510_2397547236927685_3922665782592405504_n.jpg","width":1500,"height":700},{"@type":"BreadcrumbList","@id":"https:\/\/radiolitoral.com\/2024\/11\/santa-cecilia-omplira-teulada-moraira-de-musica-i-tradicio\/#breadcrumb","itemListElement":[{"@type":"ListItem","position":1,"name":"Portada","item":"https:\/\/radiolitoral.com\/"},{"@type":"ListItem","position":2,"name":"Santa Cec\u00edlia omplir\u00e0 Teulada Moraira de m\u00fasica i tradici\u00f3"}]},{"@type":"WebSite","@id":"https:\/\/radiolitoral.com\/#website","url":"https:\/\/radiolitoral.com\/","name":"R\u00e0dio Litoral","description":"La r\u00e0dio local de la Marina Alta","publisher":{"@id":"https:\/\/radiolitoral.com\/#organization"},"alternateName":"Litoral FM","potentialAction":[{"@type":"SearchAction","target":{"@type":"EntryPoint","urlTemplate":"https:\/\/radiolitoral.com\/?s={search_term_string}"},"query-input":{"@type":"PropertyValueSpecification","valueRequired":true,"valueName":"search_term_string"}}],"inLanguage":"ca"},{"@type":"Organization","@id":"https:\/\/radiolitoral.com\/#organization","name":"R\u00e0dio Litoral","url":"https:\/\/radiolitoral.com\/","logo":{"@type":"ImageObject","inLanguage":"ca","@id":"https:\/\/radiolitoral.com\/#\/schema\/logo\/image\/","url":"https:\/\/media.radiolitoral.com\/wp-content\/uploads\/2023\/02\/24143238\/CL-V-RadioLitoral696.png","contentUrl":"https:\/\/media.radiolitoral.com\/wp-content\/uploads\/2023\/02\/24143238\/CL-V-RadioLitoral696.png","width":696,"height":696,"caption":"Radio Litoral"},"image":{"@id":"https:\/\/radiolitoral.com\/#\/schema\/logo\/image\/"},"sameAs":["https:\/\/www.facebook.com\/Laradiolitoral\/"]},{"@type":"Person","@id":"https:\/\/radiolitoral.com\/#\/schema\/person\/f2b2343c49b5d721857cc1002bfdb151","name":"Redacci\u00f3","image":{"@type":"ImageObject","inLanguage":"ca","@id":"https:\/\/secure.gravatar.com\/avatar\/f771d896c203ad8b3382d7905cfcce5a5c9b008b84b3cd9114e9b9f4cb63f789?s=96&d=mm&r=g","url":"https:\/\/secure.gravatar.com\/avatar\/f771d896c203ad8b3382d7905cfcce5a5c9b008b84b3cd9114e9b9f4cb63f789?s=96&d=mm&r=g","contentUrl":"https:\/\/secure.gravatar.com\/avatar\/f771d896c203ad8b3382d7905cfcce5a5c9b008b84b3cd9114e9b9f4cb63f789?s=96&d=mm&r=g","caption":"Redacci\u00f3n"},"url":"https:\/\/radiolitoral.com\/ca\/author\/miriam-pagan\/"}]}},"_links":{"self":[{"href":"https:\/\/radiolitoral.com\/ca\/wp-json\/wp\/v2\/posts\/12871","targetHints":{"allow":["GET"]}}],"collection":[{"href":"https:\/\/radiolitoral.com\/ca\/wp-json\/wp\/v2\/posts"}],"about":[{"href":"https:\/\/radiolitoral.com\/ca\/wp-json\/wp\/v2\/types\/post"}],"author":[{"embeddable":true,"href":"https:\/\/radiolitoral.com\/ca\/wp-json\/wp\/v2\/users\/13"}],"replies":[{"embeddable":true,"href":"https:\/\/radiolitoral.com\/ca\/wp-json\/wp\/v2\/comments?post=12871"}],"version-history":[{"count":1,"href":"https:\/\/radiolitoral.com\/ca\/wp-json\/wp\/v2\/posts\/12871\/revisions"}],"predecessor-version":[{"id":12875,"href":"https:\/\/radiolitoral.com\/ca\/wp-json\/wp\/v2\/posts\/12871\/revisions\/12875"}],"wp:featuredmedia":[{"embeddable":true,"href":"https:\/\/radiolitoral.com\/ca\/wp-json\/wp\/v2\/media\/12874"}],"wp:attachment":[{"href":"https:\/\/radiolitoral.com\/ca\/wp-json\/wp\/v2\/media?parent=12871"}],"wp:term":[{"taxonomy":"category","embeddable":true,"href":"https:\/\/radiolitoral.com\/ca\/wp-json\/wp\/v2\/categories?post=12871"},{"taxonomy":"post_tag","embeddable":true,"href":"https:\/\/radiolitoral.com\/ca\/wp-json\/wp\/v2\/tags?post=12871"}],"curies":[{"name":"wp","href":"https:\/\/api.w.org\/{rel}","templated":true}]}}