{"id":12843,"date":"2024-11-04T19:52:31","date_gmt":"2024-11-04T18:52:31","guid":{"rendered":"https:\/\/radiolitoral.com\/?p=12843"},"modified":"2024-11-04T19:52:31","modified_gmt":"2024-11-04T18:52:31","slug":"teulada-moraira-aplica-la-pujada-de-la-taxa-de-residus-per-la-llei-estatal","status":"publish","type":"post","link":"https:\/\/radiolitoral.com\/ca\/2024\/11\/teulada-moraira-aplica-la-pujada-de-la-taxa-de-residus-per-la-llei-estatal\/","title":{"rendered":"Teulada Moraira aplica la pujada de la taxa de residus per la llei estatal"},"content":{"rendered":"<p>Teulada Moraira ha anunciat <strong>un augment del 67,44% a la taxa de recollida i tractament de residus<\/strong>, en resposta a les exigencies de la llei estatal 7\/2022, que te com a objectiu promoure una economia circular i sostenible. Aquesta normativa obliga els municipis a cobrir tant els costos directes com indirectes de la gesti\u00f3 de residus, una c\u00e0rrega financera que l&#039;Ajuntament es veu obligat a traslladar els ciutadans.<\/p>\n<p>En una roda de premsa celebrada aquesta mat\u00ed, l&#039;alcalde Ra\u00fal Llobell, acompanyat de la regidora d&#039;Hisenda, Ver\u00f3nica Mart\u00ednez, va mostrar el seu desacord amb aquesta mesura. &quot;Teulada Moraira no creu en la pujada d&#039;impostos, carregar el contribuent no \u00e9s la soluci\u00f3&quot;, va afirmar Llobell, subbratllant la seva oposici\u00f3 a aplicar increments fiscals<br \/>\nque impactin directament a la poblaci\u00f3.<\/p>\n<figure id=\"attachment_12844\" aria-describedby=\"caption-attachment-12844\" style=\"width: 640px\" class=\"wp-caption aligncenter\"><a href=\"https:\/\/media.radiolitoral.com\/wp-content\/uploads\/2024\/11\/04194450\/veronica-martinez-2.jpeg\"><img loading=\"lazy\" decoding=\"async\" class=\"wp-image-12844 size-large\" src=\"https:\/\/media.radiolitoral.com\/wp-content\/uploads\/2024\/11\/04194450\/veronica-martinez-2-1024x768.jpeg\" alt=\"\" width=\"640\" height=\"480\" srcset=\"https:\/\/media.radiolitoral.com\/wp-content\/uploads\/2024\/11\/04194450\/veronica-martinez-2-1024x768.jpeg 1024w, https:\/\/media.radiolitoral.com\/wp-content\/uploads\/2024\/11\/04194450\/veronica-martinez-2-300x225.jpeg 300w, https:\/\/media.radiolitoral.com\/wp-content\/uploads\/2024\/11\/04194450\/veronica-martinez-2-768x576.jpeg 768w, https:\/\/media.radiolitoral.com\/wp-content\/uploads\/2024\/11\/04194450\/veronica-martinez-2-1536x1152.jpeg 1536w, https:\/\/media.radiolitoral.com\/wp-content\/uploads\/2024\/11\/04194450\/veronica-martinez-2-16x12.jpeg 16w, https:\/\/media.radiolitoral.com\/wp-content\/uploads\/2024\/11\/04194450\/veronica-martinez-2-1000x750.jpeg 1000w, https:\/\/media.radiolitoral.com\/wp-content\/uploads\/2024\/11\/04194450\/veronica-martinez-2-100x75.jpeg 100w, https:\/\/media.radiolitoral.com\/wp-content\/uploads\/2024\/11\/04194450\/veronica-martinez-2-200x150.jpeg 200w, https:\/\/media.radiolitoral.com\/wp-content\/uploads\/2024\/11\/04194450\/veronica-martinez-2.jpeg 2000w\" sizes=\"auto, (max-width: 640px) 100vw, 640px\" \/><\/a><figcaption id=\"caption-attachment-12844\" class=\"wp-caption-text\">Ver\u00f3nica Mart\u00ednez i Ra\u00fal Llobell a la roda de premsa | Amanda Ortol\u00e0<\/figcaption><\/figure>\n<p>Per la seva banda, la regidora Mart\u00ednez ha detallat que l&#039;estudi realitzat per SUMA estableix l&#039;augment en un 67,44%, per\u00f2 ha matisat que s&#039;ha intentat &quot;ajustar-lo perqu\u00e8 el ciutad\u00e0 tingui m\u00e9s poder adquisitiu&quot;. Tot i aix\u00f2, va insistir que la decisi\u00f3 de la licitaci\u00f3 \u00e9s \u00abper imperatiu legal\u00bb i que la taxa ha de cobrir la totalitat dels costos del servei.<\/p>\n<p><strong>Llobell tamb\u00e9 va criticar la normativa estatal<\/strong>, argumentant que \u00abno hi estigo d&#039;acord, s&#039;ha fet en tres anys i no s&#039;ha plantejat una pujada esglaonada mitjan\u00e7ant capital de les administracions\u00bb. Aix\u00ed mateix, va expressar la seva preocupaci\u00f3 per la inseguretat jur\u00eddica que genera aquesta nova taxa, qualificant el document de curt, pobre i poc detallat, com declara l&#039;Associaci\u00f3 Nacional d&#039;Inspectors d&#039;Hisenda P\u00fablica Local.<\/p>","protected":false},"excerpt":{"rendered":"<p>Teulada Moraira ha anunciat un augment del 67,44% en la taxa de recollida i tractament de residus, en resposta a les exig\u00e8ncies de la llei estatal 7\/2022, que t\u00e9 com a objectiu promoure una economia circular i sostenible. Aquesta normativa obliga els municipis a cobrir tant els costos directes com indirectes de la gesti\u00f3 de [&#8230;]<\/p>\n<p><a class=\"btn btn-secondary understrap-read-more-link\" href=\"https:\/\/radiolitoral.com\/ca\/2024\/11\/teulada-moraira-aplica-la-pujada-de-la-taxa-de-residus-per-la-llei-estatal\/\">Continua llegint&#8230;<span class=\"screen-reader-text\"> from Teulada Moraira aplica la pujada de la taxa de residus per la llei estatal<\/span><\/a><\/p>\n","protected":false},"author":14,"featured_media":12845,"comment_status":"open","ping_status":"closed","sticky":false,"template":"","format":"standard","meta":{"_acf_changed":false,"inline_featured_image":false,"footnotes":""},"categories":[13],"tags":[2696,2692,2695,146],"class_list":["post-12843","post","type-post","status-publish","format-standard","has-post-thumbnail","hentry","category-politica","tag-basuras","tag-impuestos","tag-subida-basuras","tag-teulada","cobertura-teulada-moraira"],"acf":[],"yoast_head":"<!-- This site is optimized with the Yoast SEO plugin v27.5 - https:\/\/yoast.com\/product\/yoast-seo-wordpress\/ -->\n<title>Teulada Moraira aplica la pujada de la taxa de residus per la llei estatal | R\u00e0dio Litoral<\/title>\n<meta name=\"description\" content=\"L\u2019alcalde critica la normativa, que obliga els municipis a cobrir el cost total de la gesti\u00f3 de residus\" \/>\n<meta name=\"robots\" content=\"index, follow, max-snippet:-1, max-image-preview:large, max-video-preview:-1\" \/>\n<link rel=\"canonical\" href=\"https:\/\/radiolitoral.com\/ca\/2024\/11\/teulada-moraira-aplica-la-pujada-de-la-taxa-de-residus-per-la-llei-estatal\/\" \/>\n<meta property=\"og:locale\" content=\"ca_ES\" \/>\n<meta property=\"og:type\" content=\"article\" \/>\n<meta property=\"og:title\" content=\"Teulada Moraira aplica la pujada de la taxa de residus per la llei estatal | R\u00e0dio Litoral\" \/>\n<meta property=\"og:description\" content=\"L\u2019alcalde critica la normativa, que obliga els municipis a cobrir el cost total de la gesti\u00f3 de residus\" \/>\n<meta property=\"og:url\" content=\"https:\/\/radiolitoral.com\/ca\/2024\/11\/teulada-moraira-aplica-la-pujada-de-la-taxa-de-residus-per-la-llei-estatal\/\" \/>\n<meta property=\"og:site_name\" content=\"R\u00e0dio Litoral\" \/>\n<meta property=\"article:publisher\" content=\"https:\/\/www.facebook.com\/Laradiolitoral\/\" \/>\n<meta property=\"article:published_time\" content=\"2024-11-04T18:52:31+00:00\" \/>\n<meta property=\"og:image\" content=\"https:\/\/media.radiolitoral.com\/wp-content\/uploads\/2024\/11\/04194527\/veronica-martinez-1.jpeg\" \/>\n\t<meta property=\"og:image:width\" content=\"2000\" \/>\n\t<meta property=\"og:image:height\" content=\"1500\" \/>\n\t<meta property=\"og:image:type\" content=\"image\/jpeg\" \/>\n<meta name=\"author\" content=\"Redacci\u00f3n\" \/>\n<meta name=\"twitter:card\" content=\"summary_large_image\" \/>\n<meta name=\"twitter:label1\" content=\"Escrit per\" \/>\n\t<meta name=\"twitter:data1\" content=\"Redacci\u00f3n\" \/>\n\t<meta name=\"twitter:label2\" content=\"Temps estimat de lectura\" \/>\n\t<meta name=\"twitter:data2\" content=\"2 minuts\" \/>\n<script type=\"application\/ld+json\" class=\"yoast-schema-graph\">{\"@context\":\"https:\\\/\\\/schema.org\",\"@graph\":[{\"@type\":\"NewsArticle\",\"@id\":\"https:\\\/\\\/radiolitoral.com\\\/2024\\\/11\\\/teulada-moraira-aplica-la-pujada-de-la-taxa-de-residus-per-la-llei-estatal\\\/#article\",\"isPartOf\":{\"@id\":\"https:\\\/\\\/radiolitoral.com\\\/2024\\\/11\\\/teulada-moraira-aplica-la-pujada-de-la-taxa-de-residus-per-la-llei-estatal\\\/\"},\"author\":{\"name\":\"Redacci\u00f3n\",\"@id\":\"https:\\\/\\\/radiolitoral.com\\\/#\\\/schema\\\/person\\\/96b739642eb3bedb532aac3812d23307\"},\"headline\":\"Teulada Moraira aplica la pujada de la taxa de residus per la llei estatal\",\"datePublished\":\"2024-11-04T18:52:31+00:00\",\"mainEntityOfPage\":{\"@id\":\"https:\\\/\\\/radiolitoral.com\\\/2024\\\/11\\\/teulada-moraira-aplica-la-pujada-de-la-taxa-de-residus-per-la-llei-estatal\\\/\"},\"wordCount\":306,\"commentCount\":0,\"publisher\":{\"@id\":\"https:\\\/\\\/radiolitoral.com\\\/#organization\"},\"image\":{\"@id\":\"https:\\\/\\\/radiolitoral.com\\\/2024\\\/11\\\/teulada-moraira-aplica-la-pujada-de-la-taxa-de-residus-per-la-llei-estatal\\\/#primaryimage\"},\"thumbnailUrl\":\"https:\\\/\\\/media.radiolitoral.com\\\/wp-content\\\/uploads\\\/2024\\\/11\\\/04194527\\\/veronica-martinez-1.jpeg\",\"keywords\":[\"basuras\",\"impuestos\",\"subida basuras\",\"Teulada\"],\"articleSection\":[\"Pol\u00edtica\"],\"inLanguage\":\"ca\",\"potentialAction\":[{\"@type\":\"CommentAction\",\"name\":\"Comment\",\"target\":[\"https:\\\/\\\/radiolitoral.com\\\/2024\\\/11\\\/teulada-moraira-aplica-la-pujada-de-la-taxa-de-residus-per-la-llei-estatal\\\/#respond\"]}]},{\"@type\":[\"WebPage\",\"ItemPage\"],\"@id\":\"https:\\\/\\\/radiolitoral.com\\\/2024\\\/11\\\/teulada-moraira-aplica-la-pujada-de-la-taxa-de-residus-per-la-llei-estatal\\\/\",\"url\":\"https:\\\/\\\/radiolitoral.com\\\/2024\\\/11\\\/teulada-moraira-aplica-la-pujada-de-la-taxa-de-residus-per-la-llei-estatal\\\/\",\"name\":\"Teulada Moraira aplica la pujada de la taxa de residus per la llei estatal | R\u00e0dio Litoral\",\"isPartOf\":{\"@id\":\"https:\\\/\\\/radiolitoral.com\\\/#website\"},\"primaryImageOfPage\":{\"@id\":\"https:\\\/\\\/radiolitoral.com\\\/2024\\\/11\\\/teulada-moraira-aplica-la-pujada-de-la-taxa-de-residus-per-la-llei-estatal\\\/#primaryimage\"},\"image\":{\"@id\":\"https:\\\/\\\/radiolitoral.com\\\/2024\\\/11\\\/teulada-moraira-aplica-la-pujada-de-la-taxa-de-residus-per-la-llei-estatal\\\/#primaryimage\"},\"thumbnailUrl\":\"https:\\\/\\\/media.radiolitoral.com\\\/wp-content\\\/uploads\\\/2024\\\/11\\\/04194527\\\/veronica-martinez-1.jpeg\",\"datePublished\":\"2024-11-04T18:52:31+00:00\",\"description\":\"L\u2019alcalde critica la normativa, que obliga els municipis a cobrir el cost total de la gesti\u00f3 de residus\",\"breadcrumb\":{\"@id\":\"https:\\\/\\\/radiolitoral.com\\\/2024\\\/11\\\/teulada-moraira-aplica-la-pujada-de-la-taxa-de-residus-per-la-llei-estatal\\\/#breadcrumb\"},\"inLanguage\":\"ca\",\"potentialAction\":[{\"@type\":\"ReadAction\",\"target\":[\"https:\\\/\\\/radiolitoral.com\\\/2024\\\/11\\\/teulada-moraira-aplica-la-pujada-de-la-taxa-de-residus-per-la-llei-estatal\\\/\"]}]},{\"@type\":\"ImageObject\",\"inLanguage\":\"ca\",\"@id\":\"https:\\\/\\\/radiolitoral.com\\\/2024\\\/11\\\/teulada-moraira-aplica-la-pujada-de-la-taxa-de-residus-per-la-llei-estatal\\\/#primaryimage\",\"url\":\"https:\\\/\\\/media.radiolitoral.com\\\/wp-content\\\/uploads\\\/2024\\\/11\\\/04194527\\\/veronica-martinez-1.jpeg\",\"contentUrl\":\"https:\\\/\\\/media.radiolitoral.com\\\/wp-content\\\/uploads\\\/2024\\\/11\\\/04194527\\\/veronica-martinez-1.jpeg\",\"width\":2000,\"height\":1500},{\"@type\":\"BreadcrumbList\",\"@id\":\"https:\\\/\\\/radiolitoral.com\\\/2024\\\/11\\\/teulada-moraira-aplica-la-pujada-de-la-taxa-de-residus-per-la-llei-estatal\\\/#breadcrumb\",\"itemListElement\":[{\"@type\":\"ListItem\",\"position\":1,\"name\":\"Portada\",\"item\":\"https:\\\/\\\/radiolitoral.com\\\/\"},{\"@type\":\"ListItem\",\"position\":2,\"name\":\"Teulada Moraira aplica la pujada de la taxa de residus per la llei estatal\"}]},{\"@type\":\"WebSite\",\"@id\":\"https:\\\/\\\/radiolitoral.com\\\/#website\",\"url\":\"https:\\\/\\\/radiolitoral.com\\\/\",\"name\":\"Radio Litoral\",\"description\":\"La radio local de la Marina Alta\",\"publisher\":{\"@id\":\"https:\\\/\\\/radiolitoral.com\\\/#organization\"},\"alternateName\":\"Litoral FM\",\"potentialAction\":[{\"@type\":\"SearchAction\",\"target\":{\"@type\":\"EntryPoint\",\"urlTemplate\":\"https:\\\/\\\/radiolitoral.com\\\/?s={search_term_string}\"},\"query-input\":{\"@type\":\"PropertyValueSpecification\",\"valueRequired\":true,\"valueName\":\"search_term_string\"}}],\"inLanguage\":\"ca\"},{\"@type\":\"Organization\",\"@id\":\"https:\\\/\\\/radiolitoral.com\\\/#organization\",\"name\":\"Radio Litoral\",\"url\":\"https:\\\/\\\/radiolitoral.com\\\/\",\"logo\":{\"@type\":\"ImageObject\",\"inLanguage\":\"ca\",\"@id\":\"https:\\\/\\\/radiolitoral.com\\\/#\\\/schema\\\/logo\\\/image\\\/\",\"url\":\"https:\\\/\\\/media.radiolitoral.com\\\/wp-content\\\/uploads\\\/2023\\\/02\\\/24143238\\\/CL-V-RadioLitoral696.png\",\"contentUrl\":\"https:\\\/\\\/media.radiolitoral.com\\\/wp-content\\\/uploads\\\/2023\\\/02\\\/24143238\\\/CL-V-RadioLitoral696.png\",\"width\":696,\"height\":696,\"caption\":\"Radio Litoral\"},\"image\":{\"@id\":\"https:\\\/\\\/radiolitoral.com\\\/#\\\/schema\\\/logo\\\/image\\\/\"},\"sameAs\":[\"https:\\\/\\\/www.facebook.com\\\/Laradiolitoral\\\/\"]},{\"@type\":\"Person\",\"@id\":\"https:\\\/\\\/radiolitoral.com\\\/#\\\/schema\\\/person\\\/96b739642eb3bedb532aac3812d23307\",\"name\":\"Redacci\u00f3n\",\"image\":{\"@type\":\"ImageObject\",\"inLanguage\":\"ca\",\"@id\":\"https:\\\/\\\/secure.gravatar.com\\\/avatar\\\/30cd06129ee90411dd9c7cbdcf17464181d1a3c7b072e92070ea75a25cf0097e?s=96&d=mm&r=g\",\"url\":\"https:\\\/\\\/secure.gravatar.com\\\/avatar\\\/30cd06129ee90411dd9c7cbdcf17464181d1a3c7b072e92070ea75a25cf0097e?s=96&d=mm&r=g\",\"contentUrl\":\"https:\\\/\\\/secure.gravatar.com\\\/avatar\\\/30cd06129ee90411dd9c7cbdcf17464181d1a3c7b072e92070ea75a25cf0097e?s=96&d=mm&r=g\",\"caption\":\"Redacci\u00f3n\"},\"url\":\"https:\\\/\\\/radiolitoral.com\\\/ca\\\/author\\\/kevin-carrio\\\/\"}]}<\/script>\n<!-- \/ Yoast SEO plugin. -->","yoast_head_json":{"title":"Teulada Moraira aplica la pujada de la taxa de residus per la llei estatal | R\u00e0dio Litoral","description":"L&#039;alcalde critica la normativa, que obliga els municipis a cobrir el cost total de la gesti\u00f3 de residus","robots":{"index":"index","follow":"follow","max-snippet":"max-snippet:-1","max-image-preview":"max-image-preview:large","max-video-preview":"max-video-preview:-1"},"canonical":"https:\/\/radiolitoral.com\/ca\/2024\/11\/teulada-moraira-aplica-la-pujada-de-la-taxa-de-residus-per-la-llei-estatal\/","og_locale":"ca_ES","og_type":"article","og_title":"Teulada Moraira aplica la pujada de la taxa de residus per la llei estatal | R\u00e0dio Litoral","og_description":"L\u2019alcalde critica la normativa, que obliga els municipis a cobrir el cost total de la gesti\u00f3 de residus","og_url":"https:\/\/radiolitoral.com\/ca\/2024\/11\/teulada-moraira-aplica-la-pujada-de-la-taxa-de-residus-per-la-llei-estatal\/","og_site_name":"R\u00e0dio Litoral","article_publisher":"https:\/\/www.facebook.com\/Laradiolitoral\/","article_published_time":"2024-11-04T18:52:31+00:00","og_image":[{"width":2000,"height":1500,"url":"https:\/\/media.radiolitoral.com\/wp-content\/uploads\/2024\/11\/04194527\/veronica-martinez-1.jpeg","type":"image\/jpeg"}],"author":"Redacci\u00f3n","twitter_card":"summary_large_image","twitter_misc":{"Escrit per":"Redacci\u00f3n","Temps estimat de lectura":"2 minuts"},"schema":{"@context":"https:\/\/schema.org","@graph":[{"@type":"NewsArticle","@id":"https:\/\/radiolitoral.com\/2024\/11\/teulada-moraira-aplica-la-pujada-de-la-taxa-de-residus-per-la-llei-estatal\/#article","isPartOf":{"@id":"https:\/\/radiolitoral.com\/2024\/11\/teulada-moraira-aplica-la-pujada-de-la-taxa-de-residus-per-la-llei-estatal\/"},"author":{"name":"Redacci\u00f3n","@id":"https:\/\/radiolitoral.com\/#\/schema\/person\/96b739642eb3bedb532aac3812d23307"},"headline":"Teulada Moraira aplica la pujada de la taxa de residus per la llei estatal","datePublished":"2024-11-04T18:52:31+00:00","mainEntityOfPage":{"@id":"https:\/\/radiolitoral.com\/2024\/11\/teulada-moraira-aplica-la-pujada-de-la-taxa-de-residus-per-la-llei-estatal\/"},"wordCount":306,"commentCount":0,"publisher":{"@id":"https:\/\/radiolitoral.com\/#organization"},"image":{"@id":"https:\/\/radiolitoral.com\/2024\/11\/teulada-moraira-aplica-la-pujada-de-la-taxa-de-residus-per-la-llei-estatal\/#primaryimage"},"thumbnailUrl":"https:\/\/media.radiolitoral.com\/wp-content\/uploads\/2024\/11\/04194527\/veronica-martinez-1.jpeg","keywords":["basuras","impuestos","subida basuras","Teulada"],"articleSection":["Pol\u00edtica"],"inLanguage":"ca","potentialAction":[{"@type":"CommentAction","name":"Comment","target":["https:\/\/radiolitoral.com\/2024\/11\/teulada-moraira-aplica-la-pujada-de-la-taxa-de-residus-per-la-llei-estatal\/#respond"]}]},{"@type":["WebPage","ItemPage"],"@id":"https:\/\/radiolitoral.com\/2024\/11\/teulada-moraira-aplica-la-pujada-de-la-taxa-de-residus-per-la-llei-estatal\/","url":"https:\/\/radiolitoral.com\/2024\/11\/teulada-moraira-aplica-la-pujada-de-la-taxa-de-residus-per-la-llei-estatal\/","name":"Teulada Moraira aplica la pujada de la taxa de residus per la llei estatal | R\u00e0dio Litoral","isPartOf":{"@id":"https:\/\/radiolitoral.com\/#website"},"primaryImageOfPage":{"@id":"https:\/\/radiolitoral.com\/2024\/11\/teulada-moraira-aplica-la-pujada-de-la-taxa-de-residus-per-la-llei-estatal\/#primaryimage"},"image":{"@id":"https:\/\/radiolitoral.com\/2024\/11\/teulada-moraira-aplica-la-pujada-de-la-taxa-de-residus-per-la-llei-estatal\/#primaryimage"},"thumbnailUrl":"https:\/\/media.radiolitoral.com\/wp-content\/uploads\/2024\/11\/04194527\/veronica-martinez-1.jpeg","datePublished":"2024-11-04T18:52:31+00:00","description":"L&#039;alcalde critica la normativa, que obliga els municipis a cobrir el cost total de la gesti\u00f3 de residus","breadcrumb":{"@id":"https:\/\/radiolitoral.com\/2024\/11\/teulada-moraira-aplica-la-pujada-de-la-taxa-de-residus-per-la-llei-estatal\/#breadcrumb"},"inLanguage":"ca","potentialAction":[{"@type":"ReadAction","target":["https:\/\/radiolitoral.com\/2024\/11\/teulada-moraira-aplica-la-pujada-de-la-taxa-de-residus-per-la-llei-estatal\/"]}]},{"@type":"ImageObject","inLanguage":"ca","@id":"https:\/\/radiolitoral.com\/2024\/11\/teulada-moraira-aplica-la-pujada-de-la-taxa-de-residus-per-la-llei-estatal\/#primaryimage","url":"https:\/\/media.radiolitoral.com\/wp-content\/uploads\/2024\/11\/04194527\/veronica-martinez-1.jpeg","contentUrl":"https:\/\/media.radiolitoral.com\/wp-content\/uploads\/2024\/11\/04194527\/veronica-martinez-1.jpeg","width":2000,"height":1500},{"@type":"BreadcrumbList","@id":"https:\/\/radiolitoral.com\/2024\/11\/teulada-moraira-aplica-la-pujada-de-la-taxa-de-residus-per-la-llei-estatal\/#breadcrumb","itemListElement":[{"@type":"ListItem","position":1,"name":"Portada","item":"https:\/\/radiolitoral.com\/"},{"@type":"ListItem","position":2,"name":"Teulada Moraira aplica la pujada de la taxa de residus per la llei estatal"}]},{"@type":"WebSite","@id":"https:\/\/radiolitoral.com\/#website","url":"https:\/\/radiolitoral.com\/","name":"R\u00e0dio Litoral","description":"La r\u00e0dio local de la Marina Alta","publisher":{"@id":"https:\/\/radiolitoral.com\/#organization"},"alternateName":"Litoral FM","potentialAction":[{"@type":"SearchAction","target":{"@type":"EntryPoint","urlTemplate":"https:\/\/radiolitoral.com\/?s={search_term_string}"},"query-input":{"@type":"PropertyValueSpecification","valueRequired":true,"valueName":"search_term_string"}}],"inLanguage":"ca"},{"@type":"Organization","@id":"https:\/\/radiolitoral.com\/#organization","name":"R\u00e0dio Litoral","url":"https:\/\/radiolitoral.com\/","logo":{"@type":"ImageObject","inLanguage":"ca","@id":"https:\/\/radiolitoral.com\/#\/schema\/logo\/image\/","url":"https:\/\/media.radiolitoral.com\/wp-content\/uploads\/2023\/02\/24143238\/CL-V-RadioLitoral696.png","contentUrl":"https:\/\/media.radiolitoral.com\/wp-content\/uploads\/2023\/02\/24143238\/CL-V-RadioLitoral696.png","width":696,"height":696,"caption":"Radio Litoral"},"image":{"@id":"https:\/\/radiolitoral.com\/#\/schema\/logo\/image\/"},"sameAs":["https:\/\/www.facebook.com\/Laradiolitoral\/"]},{"@type":"Person","@id":"https:\/\/radiolitoral.com\/#\/schema\/person\/96b739642eb3bedb532aac3812d23307","name":"Redacci\u00f3","image":{"@type":"ImageObject","inLanguage":"ca","@id":"https:\/\/secure.gravatar.com\/avatar\/30cd06129ee90411dd9c7cbdcf17464181d1a3c7b072e92070ea75a25cf0097e?s=96&d=mm&r=g","url":"https:\/\/secure.gravatar.com\/avatar\/30cd06129ee90411dd9c7cbdcf17464181d1a3c7b072e92070ea75a25cf0097e?s=96&d=mm&r=g","contentUrl":"https:\/\/secure.gravatar.com\/avatar\/30cd06129ee90411dd9c7cbdcf17464181d1a3c7b072e92070ea75a25cf0097e?s=96&d=mm&r=g","caption":"Redacci\u00f3n"},"url":"https:\/\/radiolitoral.com\/ca\/author\/kevin-carrio\/"}]}},"_links":{"self":[{"href":"https:\/\/radiolitoral.com\/ca\/wp-json\/wp\/v2\/posts\/12843","targetHints":{"allow":["GET"]}}],"collection":[{"href":"https:\/\/radiolitoral.com\/ca\/wp-json\/wp\/v2\/posts"}],"about":[{"href":"https:\/\/radiolitoral.com\/ca\/wp-json\/wp\/v2\/types\/post"}],"author":[{"embeddable":true,"href":"https:\/\/radiolitoral.com\/ca\/wp-json\/wp\/v2\/users\/14"}],"replies":[{"embeddable":true,"href":"https:\/\/radiolitoral.com\/ca\/wp-json\/wp\/v2\/comments?post=12843"}],"version-history":[{"count":1,"href":"https:\/\/radiolitoral.com\/ca\/wp-json\/wp\/v2\/posts\/12843\/revisions"}],"predecessor-version":[{"id":12846,"href":"https:\/\/radiolitoral.com\/ca\/wp-json\/wp\/v2\/posts\/12843\/revisions\/12846"}],"wp:featuredmedia":[{"embeddable":true,"href":"https:\/\/radiolitoral.com\/ca\/wp-json\/wp\/v2\/media\/12845"}],"wp:attachment":[{"href":"https:\/\/radiolitoral.com\/ca\/wp-json\/wp\/v2\/media?parent=12843"}],"wp:term":[{"taxonomy":"category","embeddable":true,"href":"https:\/\/radiolitoral.com\/ca\/wp-json\/wp\/v2\/categories?post=12843"},{"taxonomy":"post_tag","embeddable":true,"href":"https:\/\/radiolitoral.com\/ca\/wp-json\/wp\/v2\/tags?post=12843"}],"curies":[{"name":"wp","href":"https:\/\/api.w.org\/{rel}","templated":true}]}}