{"id":12833,"date":"2024-11-04T16:57:49","date_gmt":"2024-11-04T15:57:49","guid":{"rendered":"https:\/\/radiolitoral.com\/?p=12833"},"modified":"2024-11-18T14:21:18","modified_gmt":"2024-11-18T13:21:18","slug":"pilar-rei-el-nostre-desafiament-mes-gran-ha-estat-que-la-gent-entenguis-que-el-feminisme-es-la-lluita-per-la-igualtat-entre-dons-i-homes-que-no-anem-contra-cap","status":"publish","type":"post","link":"https:\/\/radiolitoral.com\/ca\/2024\/11\/pilar-rey-el-nostre-desafiament-mes-gran-ha-estat-que-la-gent-entengues-que-el-feminisme-es-la-lluita-per-la-igualtat-entre-dones-i-homes-que-no-anem-contra-ningu\/","title":{"rendered":"Pilar Rey: \u201cEl nostre desafiament m\u00e9s gran ha estat que la gent entengu\u00e9s que el feminisme \u00e9s la lluita per la igualtat entre dons i homes, que no anem contra ning\u00fa\u201d"},"content":{"rendered":"<p>L&#039;Associaci\u00f3 <strong>Dones per la Igualtat<\/strong> de <strong>Calp<\/strong> est\u00e0 d&#039;aniversari i han preparat una s\u00e8rie d&#039;actes que es desenvoluparan del <strong>6 al 28 de novembre<\/strong> per commemorar-ho. La <strong>presidenta, To\u00f1i Artacho<\/strong>, i <strong>Pilar Rey, impulsora de l&#039;associaci\u00f3,<\/strong> han participat aquesta mat\u00ed al <strong>Primer Caf\u00e8 de R\u00e0dio Litoral.<\/strong> Amb elles hem conegut els actes programats amb motiu del 10\u00e8 aniversari de l&#039;associaci\u00f3, aix\u00ed com la traject\u00f2ria i els projectes d&#039;un col\u00b7lectiu la lluita dels quals continua sent molt necess\u00e0ria.<\/p>\n<p>L&#039;Ajuntament Vell ser\u00e0 el punt de trobada de totes les activitats previstes, una exposici\u00f3 i diverses xerrades. A m\u00e9s, des del seu vessant m\u00e9s solidari, l&#039;Associaci\u00f3 Dones per la Igualtat, recollir\u00e0 en aquestes mateixes instal\u00b7lacions, material i productes que requereixin les dones i les fam\u00edlies afectades per la recent DANA, per fer-los posteriorment arribar a les localitats damnificades per aquest temporal hist\u00f2ric.<\/p>\n<p>Al llarg dels seus 10 anys, Dones per la Igualtat, ha organitzat des de tallers a confer\u00e8ncies, passant per manifestacions i accions reivindicatives, amb una perspectiva feminista. Una d\u00e8cada de treball que ha fet possible que cada cop l&#039;associaci\u00f3 estigui m\u00e9s integrada a la societat calpina i aconseguint el suport de l&#039;administraci\u00f3 local.<\/p>\n<p>Entre les principals preocupacions actuals de l&#039;associaci\u00f3, Pilar Rey, ens ha parlat dels efectes que en els adolescents t\u00e9 la pornografia difosa a trav\u00e9s de les xarxes socials.<\/p>\n<p>Una associaci\u00f3 de dons i per dons, encara que els homes tamb\u00e9 es poden i s&#039;han de sumar a aquesta lluita, per\u00f2 amb les seves pr\u00f2pies associacions, segons apuntin Pilar Rey i To\u00f1i Artacho.<\/p>\n<p>Podeu escortar l&#039;entrevista completa aqu\u00ed.<\/p>\n<audio class=\"wp-audio-shortcode\" id=\"audio-12833-1\" preload=\"none\" style=\"width: 100%;\" controls=\"controls\"><source type=\"audio\/mpeg\" src=\"https:\/\/media.radiolitoral.com\/wp-content\/uploads\/2024\/11\/04125001\/El-Primer-Cafe-Mujeres-por-la-Igualdad.mp3?_=1\" \/><a href=\"https:\/\/media.radiolitoral.com\/wp-content\/uploads\/2024\/11\/04125001\/El-Primer-Cafe-Mujeres-por-la-Igualdad.mp3\">https:\/\/media.radiolitoral.com\/wp-content\/uploads\/2024\/11\/04125001\/El-Primer-Cafe-Mujeres-por-la-Igualdad.mp3<\/a><\/audio>","protected":false},"excerpt":{"rendered":"<p>L\u2019Associaci\u00f3 Mujeres por la Igualdad de Calp est\u00e0 d\u2019aniversari i han preparat una s\u00e8rie d\u2019actes que es desenvoluparan del 6 al 28 de novembre per commemorar-ho. La presidenta, To\u00f1i Artacho, i Pilar Rey, impulsora de l&#8217;associaci\u00f3, han participat aquest mat\u00ed al Primer Caf\u00e9 de R\u00e0dio Litoral. Amb elles hem conegut els actes programats amb motiu [&#8230;]<\/p>\n<p><a class=\"btn btn-secondary understrap-read-more-link\" href=\"https:\/\/radiolitoral.com\/ca\/2024\/11\/pilar-rey-el-nostre-desafiament-mes-gran-ha-estat-que-la-gent-entengues-que-el-feminisme-es-la-lluita-per-la-igualtat-entre-dones-i-homes-que-no-anem-contra-ningu\/\">Continua llegint&#8230;<span class=\"screen-reader-text\"> from Pilar Rey: \u201cEl nostre desafiament m\u00e9s gran ha estat que la gent entengu\u00e9s que el feminisme \u00e9s la lluita per la igualtat entre dones i homes, que no anem contra ning\u00fa\u201d<\/span><\/a><\/p>\n","protected":false},"author":13,"featured_media":12835,"comment_status":"open","ping_status":"closed","sticky":false,"template":"","format":"standard","meta":{"_acf_changed":false,"inline_featured_image":false,"footnotes":""},"categories":[2753,114,46],"tags":[872,2694,2693,2312,715],"class_list":["post-12833","post","type-post","status-publish","format-standard","has-post-thumbnail","hentry","category-entrevistas","category-igualdad","category-sociedad","tag-aniversarios","tag-feminismo","tag-mujeres-por-la-igualdad","tag-primer-cafe","tag-solidaridad","cobertura-calp"],"acf":[],"yoast_head":"<!-- This site is optimized with the Yoast SEO plugin v27.5 - https:\/\/yoast.com\/product\/yoast-seo-wordpress\/ -->\n<title>Pilar Rey: \u201cEl nostre desafiament m\u00e9s gran ha estat que la gent entengu\u00e9s que el feminisme \u00e9s la lluita per la igualtat entre dones i homes, que no anem contra ning\u00fa\u201d | R\u00e0dio Litoral<\/title>\n<meta name=\"description\" content=\"L&#039;Associaci\u00f3 Mujeres por la Igualdad de Calp fa 10 anys de lluita i ho commemora al llarg del mes de novembre\" \/>\n<meta name=\"robots\" content=\"index, follow, max-snippet:-1, max-image-preview:large, max-video-preview:-1\" \/>\n<link rel=\"canonical\" href=\"https:\/\/radiolitoral.com\/ca\/2024\/11\/pilar-rei-el-nostre-desafiament-mes-gran-ha-estat-que-la-gent-entenguis-que-el-feminisme-es-la-lluita-per-la-igualtat-entre-dons-i-homes-que-no-anem-contra-cap\/\" \/>\n<meta property=\"og:locale\" content=\"ca_ES\" \/>\n<meta property=\"og:type\" content=\"article\" \/>\n<meta property=\"og:title\" content=\"Pilar Rey: \u201cEl nostre desafiament m\u00e9s gran ha estat que la gent entengu\u00e9s que el feminisme \u00e9s la lluita per la igualtat entre dones i homes, que no anem contra ning\u00fa\u201d | R\u00e0dio Litoral\" \/>\n<meta property=\"og:description\" content=\"L&#039;Associaci\u00f3 Mujeres por la Igualdad de Calp fa 10 anys de lluita i ho commemora al llarg del mes de novembre\" \/>\n<meta property=\"og:url\" content=\"https:\/\/radiolitoral.com\/ca\/2024\/11\/pilar-rei-el-nostre-desafiament-mes-gran-ha-estat-que-la-gent-entenguis-que-el-feminisme-es-la-lluita-per-la-igualtat-entre-dons-i-homes-que-no-anem-contra-cap\/\" \/>\n<meta property=\"og:site_name\" content=\"R\u00e0dio Litoral\" \/>\n<meta property=\"article:publisher\" content=\"https:\/\/www.facebook.com\/Laradiolitoral\/\" \/>\n<meta property=\"article:published_time\" content=\"2024-11-04T15:57:49+00:00\" \/>\n<meta property=\"article:modified_time\" content=\"2024-11-18T13:21:18+00:00\" \/>\n<meta property=\"og:image\" content=\"https:\/\/media.radiolitoral.com\/wp-content\/uploads\/2024\/11\/04125157\/Toni-Artacho-y-Pilar-Rey.jpeg\" \/>\n\t<meta property=\"og:image:width\" content=\"2000\" \/>\n\t<meta property=\"og:image:height\" content=\"1500\" \/>\n\t<meta property=\"og:image:type\" content=\"image\/jpeg\" \/>\n<meta name=\"author\" content=\"Redacci\u00f3n\" \/>\n<meta name=\"twitter:card\" content=\"summary_large_image\" \/>\n<meta name=\"twitter:label1\" content=\"Escrit per\" \/>\n\t<meta name=\"twitter:data1\" content=\"Redacci\u00f3n\" \/>\n\t<meta name=\"twitter:label2\" content=\"Temps estimat de lectura\" \/>\n\t<meta name=\"twitter:data2\" content=\"2 minuts\" \/>\n<script type=\"application\/ld+json\" class=\"yoast-schema-graph\">{\"@context\":\"https:\\\/\\\/schema.org\",\"@graph\":[{\"@type\":\"NewsArticle\",\"@id\":\"https:\\\/\\\/radiolitoral.com\\\/2024\\\/11\\\/pilar-rey-el-nostre-desafiament-mes-gran-ha-estat-que-la-gent-entengues-que-el-feminisme-es-la-lluita-per-la-igualtat-entre-dones-i-homes-que-no-anem-contra-ningu\\\/#article\",\"isPartOf\":{\"@id\":\"https:\\\/\\\/radiolitoral.com\\\/2024\\\/11\\\/pilar-rey-el-nostre-desafiament-mes-gran-ha-estat-que-la-gent-entengues-que-el-feminisme-es-la-lluita-per-la-igualtat-entre-dones-i-homes-que-no-anem-contra-ningu\\\/\"},\"author\":{\"name\":\"Redacci\u00f3n\",\"@id\":\"https:\\\/\\\/radiolitoral.com\\\/#\\\/schema\\\/person\\\/f2b2343c49b5d721857cc1002bfdb151\"},\"headline\":\"Pilar Rey: \u201cEl nostre desafiament m\u00e9s gran ha estat que la gent entengu\u00e9s que el feminisme \u00e9s la lluita per la igualtat entre dones i homes, que no anem contra ning\u00fa\u201d\",\"datePublished\":\"2024-11-04T15:57:49+00:00\",\"dateModified\":\"2024-11-18T13:21:18+00:00\",\"mainEntityOfPage\":{\"@id\":\"https:\\\/\\\/radiolitoral.com\\\/2024\\\/11\\\/pilar-rey-el-nostre-desafiament-mes-gran-ha-estat-que-la-gent-entengues-que-el-feminisme-es-la-lluita-per-la-igualtat-entre-dones-i-homes-que-no-anem-contra-ningu\\\/\"},\"wordCount\":328,\"commentCount\":0,\"publisher\":{\"@id\":\"https:\\\/\\\/radiolitoral.com\\\/#organization\"},\"image\":{\"@id\":\"https:\\\/\\\/radiolitoral.com\\\/2024\\\/11\\\/pilar-rey-el-nostre-desafiament-mes-gran-ha-estat-que-la-gent-entengues-que-el-feminisme-es-la-lluita-per-la-igualtat-entre-dones-i-homes-que-no-anem-contra-ningu\\\/#primaryimage\"},\"thumbnailUrl\":\"https:\\\/\\\/media.radiolitoral.com\\\/wp-content\\\/uploads\\\/2024\\\/11\\\/04125157\\\/Toni-Artacho-y-Pilar-Rey.jpeg\",\"keywords\":[\"Aniversarios\",\"feminismo\",\"Mujeres por la Igualdad\",\"Primer Caf\u00e9\",\"Solidaridad\"],\"articleSection\":[\"Entrevistas\",\"Igualdad\",\"Sociedad\"],\"inLanguage\":\"ca\",\"potentialAction\":[{\"@type\":\"CommentAction\",\"name\":\"Comment\",\"target\":[\"https:\\\/\\\/radiolitoral.com\\\/2024\\\/11\\\/pilar-rey-el-nostre-desafiament-mes-gran-ha-estat-que-la-gent-entengues-que-el-feminisme-es-la-lluita-per-la-igualtat-entre-dones-i-homes-que-no-anem-contra-ningu\\\/#respond\"]}]},{\"@type\":[\"WebPage\",\"ItemPage\"],\"@id\":\"https:\\\/\\\/radiolitoral.com\\\/2024\\\/11\\\/pilar-rey-el-nostre-desafiament-mes-gran-ha-estat-que-la-gent-entengues-que-el-feminisme-es-la-lluita-per-la-igualtat-entre-dones-i-homes-que-no-anem-contra-ningu\\\/\",\"url\":\"https:\\\/\\\/radiolitoral.com\\\/2024\\\/11\\\/pilar-rey-el-nostre-desafiament-mes-gran-ha-estat-que-la-gent-entengues-que-el-feminisme-es-la-lluita-per-la-igualtat-entre-dones-i-homes-que-no-anem-contra-ningu\\\/\",\"name\":\"Pilar Rey: \u201cEl nostre desafiament m\u00e9s gran ha estat que la gent entengu\u00e9s que el feminisme \u00e9s la lluita per la igualtat entre dones i homes, que no anem contra ning\u00fa\u201d | R\u00e0dio Litoral\",\"isPartOf\":{\"@id\":\"https:\\\/\\\/radiolitoral.com\\\/#website\"},\"primaryImageOfPage\":{\"@id\":\"https:\\\/\\\/radiolitoral.com\\\/2024\\\/11\\\/pilar-rey-el-nostre-desafiament-mes-gran-ha-estat-que-la-gent-entengues-que-el-feminisme-es-la-lluita-per-la-igualtat-entre-dones-i-homes-que-no-anem-contra-ningu\\\/#primaryimage\"},\"image\":{\"@id\":\"https:\\\/\\\/radiolitoral.com\\\/2024\\\/11\\\/pilar-rey-el-nostre-desafiament-mes-gran-ha-estat-que-la-gent-entengues-que-el-feminisme-es-la-lluita-per-la-igualtat-entre-dones-i-homes-que-no-anem-contra-ningu\\\/#primaryimage\"},\"thumbnailUrl\":\"https:\\\/\\\/media.radiolitoral.com\\\/wp-content\\\/uploads\\\/2024\\\/11\\\/04125157\\\/Toni-Artacho-y-Pilar-Rey.jpeg\",\"datePublished\":\"2024-11-04T15:57:49+00:00\",\"dateModified\":\"2024-11-18T13:21:18+00:00\",\"description\":\"L'Associaci\u00f3 Mujeres por la Igualdad de Calp fa 10 anys de lluita i ho commemora al llarg del mes de novembre\",\"breadcrumb\":{\"@id\":\"https:\\\/\\\/radiolitoral.com\\\/2024\\\/11\\\/pilar-rey-el-nostre-desafiament-mes-gran-ha-estat-que-la-gent-entengues-que-el-feminisme-es-la-lluita-per-la-igualtat-entre-dones-i-homes-que-no-anem-contra-ningu\\\/#breadcrumb\"},\"inLanguage\":\"ca\",\"potentialAction\":[{\"@type\":\"ReadAction\",\"target\":[\"https:\\\/\\\/radiolitoral.com\\\/2024\\\/11\\\/pilar-rey-el-nostre-desafiament-mes-gran-ha-estat-que-la-gent-entengues-que-el-feminisme-es-la-lluita-per-la-igualtat-entre-dones-i-homes-que-no-anem-contra-ningu\\\/\"]}]},{\"@type\":\"ImageObject\",\"inLanguage\":\"ca\",\"@id\":\"https:\\\/\\\/radiolitoral.com\\\/2024\\\/11\\\/pilar-rey-el-nostre-desafiament-mes-gran-ha-estat-que-la-gent-entengues-que-el-feminisme-es-la-lluita-per-la-igualtat-entre-dones-i-homes-que-no-anem-contra-ningu\\\/#primaryimage\",\"url\":\"https:\\\/\\\/media.radiolitoral.com\\\/wp-content\\\/uploads\\\/2024\\\/11\\\/04125157\\\/Toni-Artacho-y-Pilar-Rey.jpeg\",\"contentUrl\":\"https:\\\/\\\/media.radiolitoral.com\\\/wp-content\\\/uploads\\\/2024\\\/11\\\/04125157\\\/Toni-Artacho-y-Pilar-Rey.jpeg\",\"width\":2000,\"height\":1500},{\"@type\":\"BreadcrumbList\",\"@id\":\"https:\\\/\\\/radiolitoral.com\\\/2024\\\/11\\\/pilar-rey-el-nostre-desafiament-mes-gran-ha-estat-que-la-gent-entengues-que-el-feminisme-es-la-lluita-per-la-igualtat-entre-dones-i-homes-que-no-anem-contra-ningu\\\/#breadcrumb\",\"itemListElement\":[{\"@type\":\"ListItem\",\"position\":1,\"name\":\"Portada\",\"item\":\"https:\\\/\\\/radiolitoral.com\\\/\"},{\"@type\":\"ListItem\",\"position\":2,\"name\":\"Pilar Rey: \u201cEl nostre desafiament m\u00e9s gran ha estat que la gent entengu\u00e9s que el feminisme \u00e9s la lluita per la igualtat entre dones i homes, que no anem contra ning\u00fa\u201d\"}]},{\"@type\":\"WebSite\",\"@id\":\"https:\\\/\\\/radiolitoral.com\\\/#website\",\"url\":\"https:\\\/\\\/radiolitoral.com\\\/\",\"name\":\"Radio Litoral\",\"description\":\"La radio local de la Marina Alta\",\"publisher\":{\"@id\":\"https:\\\/\\\/radiolitoral.com\\\/#organization\"},\"alternateName\":\"Litoral FM\",\"potentialAction\":[{\"@type\":\"SearchAction\",\"target\":{\"@type\":\"EntryPoint\",\"urlTemplate\":\"https:\\\/\\\/radiolitoral.com\\\/?s={search_term_string}\"},\"query-input\":{\"@type\":\"PropertyValueSpecification\",\"valueRequired\":true,\"valueName\":\"search_term_string\"}}],\"inLanguage\":\"ca\"},{\"@type\":\"Organization\",\"@id\":\"https:\\\/\\\/radiolitoral.com\\\/#organization\",\"name\":\"Radio Litoral\",\"url\":\"https:\\\/\\\/radiolitoral.com\\\/\",\"logo\":{\"@type\":\"ImageObject\",\"inLanguage\":\"ca\",\"@id\":\"https:\\\/\\\/radiolitoral.com\\\/#\\\/schema\\\/logo\\\/image\\\/\",\"url\":\"https:\\\/\\\/media.radiolitoral.com\\\/wp-content\\\/uploads\\\/2023\\\/02\\\/24143238\\\/CL-V-RadioLitoral696.png\",\"contentUrl\":\"https:\\\/\\\/media.radiolitoral.com\\\/wp-content\\\/uploads\\\/2023\\\/02\\\/24143238\\\/CL-V-RadioLitoral696.png\",\"width\":696,\"height\":696,\"caption\":\"Radio Litoral\"},\"image\":{\"@id\":\"https:\\\/\\\/radiolitoral.com\\\/#\\\/schema\\\/logo\\\/image\\\/\"},\"sameAs\":[\"https:\\\/\\\/www.facebook.com\\\/Laradiolitoral\\\/\"]},{\"@type\":\"Person\",\"@id\":\"https:\\\/\\\/radiolitoral.com\\\/#\\\/schema\\\/person\\\/f2b2343c49b5d721857cc1002bfdb151\",\"name\":\"Redacci\u00f3n\",\"image\":{\"@type\":\"ImageObject\",\"inLanguage\":\"ca\",\"@id\":\"https:\\\/\\\/secure.gravatar.com\\\/avatar\\\/f771d896c203ad8b3382d7905cfcce5a5c9b008b84b3cd9114e9b9f4cb63f789?s=96&d=mm&r=g\",\"url\":\"https:\\\/\\\/secure.gravatar.com\\\/avatar\\\/f771d896c203ad8b3382d7905cfcce5a5c9b008b84b3cd9114e9b9f4cb63f789?s=96&d=mm&r=g\",\"contentUrl\":\"https:\\\/\\\/secure.gravatar.com\\\/avatar\\\/f771d896c203ad8b3382d7905cfcce5a5c9b008b84b3cd9114e9b9f4cb63f789?s=96&d=mm&r=g\",\"caption\":\"Redacci\u00f3n\"},\"url\":\"https:\\\/\\\/radiolitoral.com\\\/ca\\\/author\\\/miriam-pagan\\\/\"}]}<\/script>\n<!-- \/ Yoast SEO plugin. -->","yoast_head_json":{"title":"Pilar Rey: \u201cEl nostre desafiament m\u00e9s gran ha estat que la gent entengu\u00e9s que el feminisme \u00e9s la lluita per la igualtat entre dons i homes, que no anem contra ning\u00fa\u201d | R\u00e0dio Litoral","description":"L&#039;Associaci\u00f3 Dones per la Igualtat de Calp fa 10 anys de lluita i ho commemora al llarg del mes de novembre","robots":{"index":"index","follow":"follow","max-snippet":"max-snippet:-1","max-image-preview":"max-image-preview:large","max-video-preview":"max-video-preview:-1"},"canonical":"https:\/\/radiolitoral.com\/ca\/2024\/11\/pilar-rei-el-nostre-desafiament-mes-gran-ha-estat-que-la-gent-entenguis-que-el-feminisme-es-la-lluita-per-la-igualtat-entre-dons-i-homes-que-no-anem-contra-cap\/","og_locale":"ca_ES","og_type":"article","og_title":"Pilar Rey: \u201cEl nostre desafiament m\u00e9s gran ha estat que la gent entengu\u00e9s que el feminisme \u00e9s la lluita per la igualtat entre dones i homes, que no anem contra ning\u00fa\u201d | R\u00e0dio Litoral","og_description":"L'Associaci\u00f3 Mujeres por la Igualdad de Calp fa 10 anys de lluita i ho commemora al llarg del mes de novembre","og_url":"https:\/\/radiolitoral.com\/ca\/2024\/11\/pilar-rei-el-nostre-desafiament-mes-gran-ha-estat-que-la-gent-entenguis-que-el-feminisme-es-la-lluita-per-la-igualtat-entre-dons-i-homes-que-no-anem-contra-cap\/","og_site_name":"R\u00e0dio Litoral","article_publisher":"https:\/\/www.facebook.com\/Laradiolitoral\/","article_published_time":"2024-11-04T15:57:49+00:00","article_modified_time":"2024-11-18T13:21:18+00:00","og_image":[{"width":2000,"height":1500,"url":"https:\/\/media.radiolitoral.com\/wp-content\/uploads\/2024\/11\/04125157\/Toni-Artacho-y-Pilar-Rey.jpeg","type":"image\/jpeg"}],"author":"Redacci\u00f3n","twitter_card":"summary_large_image","twitter_misc":{"Escrit per":"Redacci\u00f3n","Temps estimat de lectura":"2 minuts"},"schema":{"@context":"https:\/\/schema.org","@graph":[{"@type":"NewsArticle","@id":"https:\/\/radiolitoral.com\/2024\/11\/pilar-rey-el-nostre-desafiament-mes-gran-ha-estat-que-la-gent-entengues-que-el-feminisme-es-la-lluita-per-la-igualtat-entre-dones-i-homes-que-no-anem-contra-ningu\/#article","isPartOf":{"@id":"https:\/\/radiolitoral.com\/2024\/11\/pilar-rey-el-nostre-desafiament-mes-gran-ha-estat-que-la-gent-entengues-que-el-feminisme-es-la-lluita-per-la-igualtat-entre-dones-i-homes-que-no-anem-contra-ningu\/"},"author":{"name":"Redacci\u00f3n","@id":"https:\/\/radiolitoral.com\/#\/schema\/person\/f2b2343c49b5d721857cc1002bfdb151"},"headline":"Pilar Rey: \u201cEl nostre desafiament m\u00e9s gran ha estat que la gent entengu\u00e9s que el feminisme \u00e9s la lluita per la igualtat entre dones i homes, que no anem contra ning\u00fa\u201d","datePublished":"2024-11-04T15:57:49+00:00","dateModified":"2024-11-18T13:21:18+00:00","mainEntityOfPage":{"@id":"https:\/\/radiolitoral.com\/2024\/11\/pilar-rey-el-nostre-desafiament-mes-gran-ha-estat-que-la-gent-entengues-que-el-feminisme-es-la-lluita-per-la-igualtat-entre-dones-i-homes-que-no-anem-contra-ningu\/"},"wordCount":328,"commentCount":0,"publisher":{"@id":"https:\/\/radiolitoral.com\/#organization"},"image":{"@id":"https:\/\/radiolitoral.com\/2024\/11\/pilar-rey-el-nostre-desafiament-mes-gran-ha-estat-que-la-gent-entengues-que-el-feminisme-es-la-lluita-per-la-igualtat-entre-dones-i-homes-que-no-anem-contra-ningu\/#primaryimage"},"thumbnailUrl":"https:\/\/media.radiolitoral.com\/wp-content\/uploads\/2024\/11\/04125157\/Toni-Artacho-y-Pilar-Rey.jpeg","keywords":["Aniversarios","feminismo","Mujeres por la Igualdad","Primer Caf\u00e9","Solidaridad"],"articleSection":["Entrevistas","Igualdad","Sociedad"],"inLanguage":"ca","potentialAction":[{"@type":"CommentAction","name":"Comment","target":["https:\/\/radiolitoral.com\/2024\/11\/pilar-rey-el-nostre-desafiament-mes-gran-ha-estat-que-la-gent-entengues-que-el-feminisme-es-la-lluita-per-la-igualtat-entre-dones-i-homes-que-no-anem-contra-ningu\/#respond"]}]},{"@type":["WebPage","ItemPage"],"@id":"https:\/\/radiolitoral.com\/2024\/11\/pilar-rey-el-nostre-desafiament-mes-gran-ha-estat-que-la-gent-entengues-que-el-feminisme-es-la-lluita-per-la-igualtat-entre-dones-i-homes-que-no-anem-contra-ningu\/","url":"https:\/\/radiolitoral.com\/2024\/11\/pilar-rey-el-nostre-desafiament-mes-gran-ha-estat-que-la-gent-entengues-que-el-feminisme-es-la-lluita-per-la-igualtat-entre-dones-i-homes-que-no-anem-contra-ningu\/","name":"Pilar Rey: \u201cEl nostre desafiament m\u00e9s gran ha estat que la gent entengu\u00e9s que el feminisme \u00e9s la lluita per la igualtat entre dons i homes, que no anem contra ning\u00fa\u201d | R\u00e0dio Litoral","isPartOf":{"@id":"https:\/\/radiolitoral.com\/#website"},"primaryImageOfPage":{"@id":"https:\/\/radiolitoral.com\/2024\/11\/pilar-rey-el-nostre-desafiament-mes-gran-ha-estat-que-la-gent-entengues-que-el-feminisme-es-la-lluita-per-la-igualtat-entre-dones-i-homes-que-no-anem-contra-ningu\/#primaryimage"},"image":{"@id":"https:\/\/radiolitoral.com\/2024\/11\/pilar-rey-el-nostre-desafiament-mes-gran-ha-estat-que-la-gent-entengues-que-el-feminisme-es-la-lluita-per-la-igualtat-entre-dones-i-homes-que-no-anem-contra-ningu\/#primaryimage"},"thumbnailUrl":"https:\/\/media.radiolitoral.com\/wp-content\/uploads\/2024\/11\/04125157\/Toni-Artacho-y-Pilar-Rey.jpeg","datePublished":"2024-11-04T15:57:49+00:00","dateModified":"2024-11-18T13:21:18+00:00","description":"L&#039;Associaci\u00f3 Dones per la Igualtat de Calp fa 10 anys de lluita i ho commemora al llarg del mes de novembre","breadcrumb":{"@id":"https:\/\/radiolitoral.com\/2024\/11\/pilar-rey-el-nostre-desafiament-mes-gran-ha-estat-que-la-gent-entengues-que-el-feminisme-es-la-lluita-per-la-igualtat-entre-dones-i-homes-que-no-anem-contra-ningu\/#breadcrumb"},"inLanguage":"ca","potentialAction":[{"@type":"ReadAction","target":["https:\/\/radiolitoral.com\/2024\/11\/pilar-rey-el-nostre-desafiament-mes-gran-ha-estat-que-la-gent-entengues-que-el-feminisme-es-la-lluita-per-la-igualtat-entre-dones-i-homes-que-no-anem-contra-ningu\/"]}]},{"@type":"ImageObject","inLanguage":"ca","@id":"https:\/\/radiolitoral.com\/2024\/11\/pilar-rey-el-nostre-desafiament-mes-gran-ha-estat-que-la-gent-entengues-que-el-feminisme-es-la-lluita-per-la-igualtat-entre-dones-i-homes-que-no-anem-contra-ningu\/#primaryimage","url":"https:\/\/media.radiolitoral.com\/wp-content\/uploads\/2024\/11\/04125157\/Toni-Artacho-y-Pilar-Rey.jpeg","contentUrl":"https:\/\/media.radiolitoral.com\/wp-content\/uploads\/2024\/11\/04125157\/Toni-Artacho-y-Pilar-Rey.jpeg","width":2000,"height":1500},{"@type":"BreadcrumbList","@id":"https:\/\/radiolitoral.com\/2024\/11\/pilar-rey-el-nostre-desafiament-mes-gran-ha-estat-que-la-gent-entengues-que-el-feminisme-es-la-lluita-per-la-igualtat-entre-dones-i-homes-que-no-anem-contra-ningu\/#breadcrumb","itemListElement":[{"@type":"ListItem","position":1,"name":"Portada","item":"https:\/\/radiolitoral.com\/"},{"@type":"ListItem","position":2,"name":"Pilar Rey: \u201cEl nostre desafiament m\u00e9s gran ha estat que la gent entengu\u00e9s que el feminisme \u00e9s la lluita per la igualtat entre dones i homes, que no anem contra ning\u00fa\u201d"}]},{"@type":"WebSite","@id":"https:\/\/radiolitoral.com\/#website","url":"https:\/\/radiolitoral.com\/","name":"R\u00e0dio Litoral","description":"La r\u00e0dio local de la Marina Alta","publisher":{"@id":"https:\/\/radiolitoral.com\/#organization"},"alternateName":"Litoral FM","potentialAction":[{"@type":"SearchAction","target":{"@type":"EntryPoint","urlTemplate":"https:\/\/radiolitoral.com\/?s={search_term_string}"},"query-input":{"@type":"PropertyValueSpecification","valueRequired":true,"valueName":"search_term_string"}}],"inLanguage":"ca"},{"@type":"Organization","@id":"https:\/\/radiolitoral.com\/#organization","name":"R\u00e0dio Litoral","url":"https:\/\/radiolitoral.com\/","logo":{"@type":"ImageObject","inLanguage":"ca","@id":"https:\/\/radiolitoral.com\/#\/schema\/logo\/image\/","url":"https:\/\/media.radiolitoral.com\/wp-content\/uploads\/2023\/02\/24143238\/CL-V-RadioLitoral696.png","contentUrl":"https:\/\/media.radiolitoral.com\/wp-content\/uploads\/2023\/02\/24143238\/CL-V-RadioLitoral696.png","width":696,"height":696,"caption":"Radio Litoral"},"image":{"@id":"https:\/\/radiolitoral.com\/#\/schema\/logo\/image\/"},"sameAs":["https:\/\/www.facebook.com\/Laradiolitoral\/"]},{"@type":"Person","@id":"https:\/\/radiolitoral.com\/#\/schema\/person\/f2b2343c49b5d721857cc1002bfdb151","name":"Redacci\u00f3","image":{"@type":"ImageObject","inLanguage":"ca","@id":"https:\/\/secure.gravatar.com\/avatar\/f771d896c203ad8b3382d7905cfcce5a5c9b008b84b3cd9114e9b9f4cb63f789?s=96&d=mm&r=g","url":"https:\/\/secure.gravatar.com\/avatar\/f771d896c203ad8b3382d7905cfcce5a5c9b008b84b3cd9114e9b9f4cb63f789?s=96&d=mm&r=g","contentUrl":"https:\/\/secure.gravatar.com\/avatar\/f771d896c203ad8b3382d7905cfcce5a5c9b008b84b3cd9114e9b9f4cb63f789?s=96&d=mm&r=g","caption":"Redacci\u00f3n"},"url":"https:\/\/radiolitoral.com\/ca\/author\/miriam-pagan\/"}]}},"_links":{"self":[{"href":"https:\/\/radiolitoral.com\/ca\/wp-json\/wp\/v2\/posts\/12833","targetHints":{"allow":["GET"]}}],"collection":[{"href":"https:\/\/radiolitoral.com\/ca\/wp-json\/wp\/v2\/posts"}],"about":[{"href":"https:\/\/radiolitoral.com\/ca\/wp-json\/wp\/v2\/types\/post"}],"author":[{"embeddable":true,"href":"https:\/\/radiolitoral.com\/ca\/wp-json\/wp\/v2\/users\/13"}],"replies":[{"embeddable":true,"href":"https:\/\/radiolitoral.com\/ca\/wp-json\/wp\/v2\/comments?post=12833"}],"version-history":[{"count":4,"href":"https:\/\/radiolitoral.com\/ca\/wp-json\/wp\/v2\/posts\/12833\/revisions"}],"predecessor-version":[{"id":12839,"href":"https:\/\/radiolitoral.com\/ca\/wp-json\/wp\/v2\/posts\/12833\/revisions\/12839"}],"wp:featuredmedia":[{"embeddable":true,"href":"https:\/\/radiolitoral.com\/ca\/wp-json\/wp\/v2\/media\/12835"}],"wp:attachment":[{"href":"https:\/\/radiolitoral.com\/ca\/wp-json\/wp\/v2\/media?parent=12833"}],"wp:term":[{"taxonomy":"category","embeddable":true,"href":"https:\/\/radiolitoral.com\/ca\/wp-json\/wp\/v2\/categories?post=12833"},{"taxonomy":"post_tag","embeddable":true,"href":"https:\/\/radiolitoral.com\/ca\/wp-json\/wp\/v2\/tags?post=12833"}],"curies":[{"name":"wp","href":"https:\/\/api.w.org\/{rel}","templated":true}]}}